{"id":68371,"date":"2020-04-28T14:29:06","date_gmt":"2020-04-28T17:29:06","guid":{"rendered":"https:\/\/folhapopular.info\/?p=68371"},"modified":"2020-04-28T14:29:08","modified_gmt":"2020-04-28T17:29:08","slug":"tres-caminhoes-somam-30-toneladas-de-excesso-de-carga-em-nova-santa-rita","status":"publish","type":"post","link":"https:\/\/folhapopular.info\/index.php\/2020\/04\/28\/tres-caminhoes-somam-30-toneladas-de-excesso-de-carga-em-nova-santa-rita\/","title":{"rendered":"Tr\u00eas caminh\u00f5es somam 30 toneladas de excesso de carga em Nova Santa Rita"},"content":{"rendered":"\n<p>A Pol\u00edcia Rodovi\u00e1ria Federal flagrou tr\u00eas caminh\u00f5es com grande excesso de peso no km 434 da BR-386. O fato ocorreu na manh\u00e3 desta ter\u00e7a-feira (28\/04), em Nova Santa Rita. Os policiais abordaram os condutores dos tr\u00eas caminh\u00f5es com placas de S\u00e3o Leopoldo, e pertencentes \u00e0 mesma empresa. Foi constatado que cada caminh\u00e3o estava com 10 mil quilos de excesso, totalizando 30 toneladas. Os ve\u00edculos estavam carregados com argila que, segundo os motoristas, seria levada para Porto Alegre.&nbsp;<\/p>\n\n\n\n<p>Os caminh\u00f5es foram levados para a Unidade Operacional da PRF em Montenegro, onde ficaram retidos at\u00e9 o transbordo da carga excedente. O excesso de peso danifica o pavimento, al\u00e9m de aumentar o risco de acidentes. Na quinta-feira (23\/04), em Montenegro, a Pol\u00edcia Rodovi\u00e1ria Federal j\u00e1 havia<a href=\"https:\/\/folhapopular.info\/index.php\/2020\/04\/23\/prf-flagra-dois-caminhoes-com-mais-de-10-toneladas-de-peso-excedente-em-montenegro\/\"><strong> flagrado dois caminh\u00f5es<\/strong><\/a> carregados com toras, que, juntos, tinham mais de 10 toneladas de excesso.<\/p>\n","protected":false},"excerpt":{"rendered":"<p>A Pol\u00edcia Rodovi\u00e1ria Federal flagrou tr\u00eas caminh\u00f5es com grande excesso de peso no km 434 da BR-386. O fato ocorreu na manh\u00e3 desta ter\u00e7a-feira (28\/04), em Nova Santa Rita. Os policiais abordaram os condutores dos tr\u00eas caminh\u00f5es com placas de S\u00e3o Leopoldo, e pertencentes \u00e0 mesma empresa. Foi constatado que cada caminh\u00e3o estava com 10 [&hellip;]<\/p>\n","protected":false},"author":8,"featured_media":68372,"comment_status":"open","ping_status":"open","sticky":false,"template":"","format":"standard","meta":{"pmpro_default_level":"","_jetpack_memberships_contains_paid_content":false,"footnotes":""},"categories":[3,7],"tags":[5003,901],"class_list":{"0":"post-68371","1":"post","2":"type-post","3":"status-publish","4":"format-standard","5":"has-post-thumbnail","7":"category-geral","8":"category-seguranca","9":"tag-caminhoes","10":"tag-nova-santa-rita","11":"pmpro-has-access"},"yoast_head":"<!-- This site is optimized with the Yoast SEO plugin v27.5 - https:\/\/yoast.com\/product\/yoast-seo-wordpress\/ -->\n<title>Tr\u00eas caminh\u00f5es somam 30 toneladas de excesso de carga em Nova Santa Rita - Folha Popular<\/title>\n<meta name=\"robots\" content=\"index, follow, max-snippet:-1, max-image-preview:large, max-video-preview:-1\" \/>\n<link rel=\"canonical\" href=\"https:\/\/folhapopular.info\/index.php\/2020\/04\/28\/tres-caminhoes-somam-30-toneladas-de-excesso-de-carga-em-nova-santa-rita\/\" \/>\n<meta property=\"og:locale\" content=\"pt_BR\" \/>\n<meta property=\"og:type\" content=\"article\" \/>\n<meta property=\"og:title\" content=\"Tr\u00eas caminh\u00f5es somam 30 toneladas de excesso de carga em Nova Santa Rita - Folha Popular\" \/>\n<meta property=\"og:description\" content=\"A Pol\u00edcia Rodovi\u00e1ria Federal flagrou tr\u00eas caminh\u00f5es com grande excesso de peso no km 434 da BR-386. O fato ocorreu na manh\u00e3 desta ter\u00e7a-feira (28\/04), em Nova Santa Rita. Os policiais abordaram os condutores dos tr\u00eas caminh\u00f5es com placas de S\u00e3o Leopoldo, e pertencentes \u00e0 mesma empresa. Foi constatado que cada caminh\u00e3o estava com 10 [&hellip;]\" \/>\n<meta property=\"og:url\" content=\"https:\/\/folhapopular.info\/index.php\/2020\/04\/28\/tres-caminhoes-somam-30-toneladas-de-excesso-de-carga-em-nova-santa-rita\/\" \/>\n<meta property=\"og:site_name\" content=\"Folha Popular\" \/>\n<meta property=\"article:published_time\" content=\"2020-04-28T17:29:06+00:00\" \/>\n<meta property=\"article:modified_time\" content=\"2020-04-28T17:29:08+00:00\" \/>\n<meta property=\"og:image\" content=\"https:\/\/folhapopular.info\/wp-content\/uploads\/2020\/04\/WhatsApp-Image-2020-04-28-at-13.32.38-e1588094910887.jpeg\" \/>\n\t<meta property=\"og:image:width\" content=\"800\" \/>\n\t<meta property=\"og:image:height\" content=\"450\" \/>\n\t<meta property=\"og:image:type\" content=\"image\/jpeg\" \/>\n<meta name=\"author\" content=\"Reda\u00e7\u00e3o Folha Popular\" \/>\n<meta name=\"twitter:card\" content=\"summary_large_image\" \/>\n<meta name=\"twitter:label1\" content=\"Escrito por\" \/>\n\t<meta name=\"twitter:data1\" content=\"Reda\u00e7\u00e3o Folha Popular\" \/>\n\t<meta name=\"twitter:label2\" content=\"Est. tempo de leitura\" \/>\n\t<meta name=\"twitter:data2\" content=\"1 minuto\" \/>\n<script type=\"application\/ld+json\" class=\"yoast-schema-graph\">{\"@context\":\"https:\\\/\\\/schema.org\",\"@graph\":[{\"@type\":\"Article\",\"@id\":\"https:\\\/\\\/folhapopular.info\\\/index.php\\\/2020\\\/04\\\/28\\\/tres-caminhoes-somam-30-toneladas-de-excesso-de-carga-em-nova-santa-rita\\\/#article\",\"isPartOf\":{\"@id\":\"https:\\\/\\\/folhapopular.info\\\/index.php\\\/2020\\\/04\\\/28\\\/tres-caminhoes-somam-30-toneladas-de-excesso-de-carga-em-nova-santa-rita\\\/\"},\"author\":{\"name\":\"Reda\u00e7\u00e3o Folha Popular\",\"@id\":\"https:\\\/\\\/folhapopular.info\\\/#\\\/schema\\\/person\\\/2814e8a0df7643585a9ca38bc6eb9d4b\"},\"headline\":\"Tr\u00eas caminh\u00f5es somam 30 toneladas de excesso de carga em Nova Santa Rita\",\"datePublished\":\"2020-04-28T17:29:06+00:00\",\"dateModified\":\"2020-04-28T17:29:08+00:00\",\"mainEntityOfPage\":{\"@id\":\"https:\\\/\\\/folhapopular.info\\\/index.php\\\/2020\\\/04\\\/28\\\/tres-caminhoes-somam-30-toneladas-de-excesso-de-carga-em-nova-santa-rita\\\/\"},\"wordCount\":161,\"commentCount\":0,\"image\":{\"@id\":\"https:\\\/\\\/folhapopular.info\\\/index.php\\\/2020\\\/04\\\/28\\\/tres-caminhoes-somam-30-toneladas-de-excesso-de-carga-em-nova-santa-rita\\\/#primaryimage\"},\"thumbnailUrl\":\"https:\\\/\\\/folhapopular.info\\\/wp-content\\\/uploads\\\/2020\\\/04\\\/WhatsApp-Image-2020-04-28-at-13.32.38-e1588094910887.jpeg\",\"keywords\":[\"caminh\u00f5es\",\"Nova Santa Rita\"],\"articleSection\":[\"Geral\",\"Seguran\u00e7a\"],\"inLanguage\":\"pt-BR\",\"potentialAction\":[{\"@type\":\"CommentAction\",\"name\":\"Comment\",\"target\":[\"https:\\\/\\\/folhapopular.info\\\/index.php\\\/2020\\\/04\\\/28\\\/tres-caminhoes-somam-30-toneladas-de-excesso-de-carga-em-nova-santa-rita\\\/#respond\"]}]},{\"@type\":\"WebPage\",\"@id\":\"https:\\\/\\\/folhapopular.info\\\/index.php\\\/2020\\\/04\\\/28\\\/tres-caminhoes-somam-30-toneladas-de-excesso-de-carga-em-nova-santa-rita\\\/\",\"url\":\"https:\\\/\\\/folhapopular.info\\\/index.php\\\/2020\\\/04\\\/28\\\/tres-caminhoes-somam-30-toneladas-de-excesso-de-carga-em-nova-santa-rita\\\/\",\"name\":\"Tr\u00eas caminh\u00f5es somam 30 toneladas de excesso de carga em Nova Santa Rita - Folha Popular\",\"isPartOf\":{\"@id\":\"https:\\\/\\\/folhapopular.info\\\/#website\"},\"primaryImageOfPage\":{\"@id\":\"https:\\\/\\\/folhapopular.info\\\/index.php\\\/2020\\\/04\\\/28\\\/tres-caminhoes-somam-30-toneladas-de-excesso-de-carga-em-nova-santa-rita\\\/#primaryimage\"},\"image\":{\"@id\":\"https:\\\/\\\/folhapopular.info\\\/index.php\\\/2020\\\/04\\\/28\\\/tres-caminhoes-somam-30-toneladas-de-excesso-de-carga-em-nova-santa-rita\\\/#primaryimage\"},\"thumbnailUrl\":\"https:\\\/\\\/folhapopular.info\\\/wp-content\\\/uploads\\\/2020\\\/04\\\/WhatsApp-Image-2020-04-28-at-13.32.38-e1588094910887.jpeg\",\"datePublished\":\"2020-04-28T17:29:06+00:00\",\"dateModified\":\"2020-04-28T17:29:08+00:00\",\"author\":{\"@id\":\"https:\\\/\\\/folhapopular.info\\\/#\\\/schema\\\/person\\\/2814e8a0df7643585a9ca38bc6eb9d4b\"},\"breadcrumb\":{\"@id\":\"https:\\\/\\\/folhapopular.info\\\/index.php\\\/2020\\\/04\\\/28\\\/tres-caminhoes-somam-30-toneladas-de-excesso-de-carga-em-nova-santa-rita\\\/#breadcrumb\"},\"inLanguage\":\"pt-BR\",\"potentialAction\":[{\"@type\":\"ReadAction\",\"target\":[\"https:\\\/\\\/folhapopular.info\\\/index.php\\\/2020\\\/04\\\/28\\\/tres-caminhoes-somam-30-toneladas-de-excesso-de-carga-em-nova-santa-rita\\\/\"]}]},{\"@type\":\"ImageObject\",\"inLanguage\":\"pt-BR\",\"@id\":\"https:\\\/\\\/folhapopular.info\\\/index.php\\\/2020\\\/04\\\/28\\\/tres-caminhoes-somam-30-toneladas-de-excesso-de-carga-em-nova-santa-rita\\\/#primaryimage\",\"url\":\"https:\\\/\\\/folhapopular.info\\\/wp-content\\\/uploads\\\/2020\\\/04\\\/WhatsApp-Image-2020-04-28-at-13.32.38-e1588094910887.jpeg\",\"contentUrl\":\"https:\\\/\\\/folhapopular.info\\\/wp-content\\\/uploads\\\/2020\\\/04\\\/WhatsApp-Image-2020-04-28-at-13.32.38-e1588094910887.jpeg\",\"width\":800,\"height\":450,\"caption\":\"Cr\u00e9dito: divulga\u00e7\u00e3o\"},{\"@type\":\"BreadcrumbList\",\"@id\":\"https:\\\/\\\/folhapopular.info\\\/index.php\\\/2020\\\/04\\\/28\\\/tres-caminhoes-somam-30-toneladas-de-excesso-de-carga-em-nova-santa-rita\\\/#breadcrumb\",\"itemListElement\":[{\"@type\":\"ListItem\",\"position\":1,\"name\":\"In\u00edcio\",\"item\":\"https:\\\/\\\/folhapopular.info\\\/\"},{\"@type\":\"ListItem\",\"position\":2,\"name\":\"Tr\u00eas caminh\u00f5es somam 30 toneladas de excesso de carga em Nova Santa Rita\"}]},{\"@type\":\"WebSite\",\"@id\":\"https:\\\/\\\/folhapopular.info\\\/#website\",\"url\":\"https:\\\/\\\/folhapopular.info\\\/\",\"name\":\"Folha Popular\",\"description\":\"Onde voc\u00ea tem vez e voz\",\"potentialAction\":[{\"@type\":\"SearchAction\",\"target\":{\"@type\":\"EntryPoint\",\"urlTemplate\":\"https:\\\/\\\/folhapopular.info\\\/?s={search_term_string}\"},\"query-input\":{\"@type\":\"PropertyValueSpecification\",\"valueRequired\":true,\"valueName\":\"search_term_string\"}}],\"inLanguage\":\"pt-BR\"},{\"@type\":\"Person\",\"@id\":\"https:\\\/\\\/folhapopular.info\\\/#\\\/schema\\\/person\\\/2814e8a0df7643585a9ca38bc6eb9d4b\",\"name\":\"Reda\u00e7\u00e3o Folha Popular\",\"image\":{\"@type\":\"ImageObject\",\"inLanguage\":\"pt-BR\",\"@id\":\"https:\\\/\\\/folhapopular.info\\\/wp-content\\\/uploads\\\/2026\\\/04\\\/Folha-1.webp\",\"url\":\"https:\\\/\\\/folhapopular.info\\\/wp-content\\\/uploads\\\/2026\\\/04\\\/Folha-1.webp\",\"contentUrl\":\"https:\\\/\\\/folhapopular.info\\\/wp-content\\\/uploads\\\/2026\\\/04\\\/Folha-1.webp\",\"caption\":\"Reda\u00e7\u00e3o Folha Popular\"},\"url\":\"https:\\\/\\\/folhapopular.info\\\/index.php\\\/author\\\/redacao\\\/\"}]}<\/script>\n<!-- \/ Yoast SEO plugin. -->","yoast_head_json":{"title":"Tr\u00eas caminh\u00f5es somam 30 toneladas de excesso de carga em Nova Santa Rita - Folha Popular","robots":{"index":"index","follow":"follow","max-snippet":"max-snippet:-1","max-image-preview":"max-image-preview:large","max-video-preview":"max-video-preview:-1"},"canonical":"https:\/\/folhapopular.info\/index.php\/2020\/04\/28\/tres-caminhoes-somam-30-toneladas-de-excesso-de-carga-em-nova-santa-rita\/","og_locale":"pt_BR","og_type":"article","og_title":"Tr\u00eas caminh\u00f5es somam 30 toneladas de excesso de carga em Nova Santa Rita - Folha Popular","og_description":"A Pol\u00edcia Rodovi\u00e1ria Federal flagrou tr\u00eas caminh\u00f5es com grande excesso de peso no km 434 da BR-386. O fato ocorreu na manh\u00e3 desta ter\u00e7a-feira (28\/04), em Nova Santa Rita. Os policiais abordaram os condutores dos tr\u00eas caminh\u00f5es com placas de S\u00e3o Leopoldo, e pertencentes \u00e0 mesma empresa. Foi constatado que cada caminh\u00e3o estava com 10 [&hellip;]","og_url":"https:\/\/folhapopular.info\/index.php\/2020\/04\/28\/tres-caminhoes-somam-30-toneladas-de-excesso-de-carga-em-nova-santa-rita\/","og_site_name":"Folha Popular","article_published_time":"2020-04-28T17:29:06+00:00","article_modified_time":"2020-04-28T17:29:08+00:00","og_image":[{"width":800,"height":450,"url":"https:\/\/folhapopular.info\/wp-content\/uploads\/2020\/04\/WhatsApp-Image-2020-04-28-at-13.32.38-e1588094910887.jpeg","type":"image\/jpeg"}],"author":"Reda\u00e7\u00e3o Folha Popular","twitter_card":"summary_large_image","twitter_misc":{"Escrito por":"Reda\u00e7\u00e3o Folha Popular","Est. tempo de leitura":"1 minuto"},"schema":{"@context":"https:\/\/schema.org","@graph":[{"@type":"Article","@id":"https:\/\/folhapopular.info\/index.php\/2020\/04\/28\/tres-caminhoes-somam-30-toneladas-de-excesso-de-carga-em-nova-santa-rita\/#article","isPartOf":{"@id":"https:\/\/folhapopular.info\/index.php\/2020\/04\/28\/tres-caminhoes-somam-30-toneladas-de-excesso-de-carga-em-nova-santa-rita\/"},"author":{"name":"Reda\u00e7\u00e3o Folha Popular","@id":"https:\/\/folhapopular.info\/#\/schema\/person\/2814e8a0df7643585a9ca38bc6eb9d4b"},"headline":"Tr\u00eas caminh\u00f5es somam 30 toneladas de excesso de carga em Nova Santa Rita","datePublished":"2020-04-28T17:29:06+00:00","dateModified":"2020-04-28T17:29:08+00:00","mainEntityOfPage":{"@id":"https:\/\/folhapopular.info\/index.php\/2020\/04\/28\/tres-caminhoes-somam-30-toneladas-de-excesso-de-carga-em-nova-santa-rita\/"},"wordCount":161,"commentCount":0,"image":{"@id":"https:\/\/folhapopular.info\/index.php\/2020\/04\/28\/tres-caminhoes-somam-30-toneladas-de-excesso-de-carga-em-nova-santa-rita\/#primaryimage"},"thumbnailUrl":"https:\/\/folhapopular.info\/wp-content\/uploads\/2020\/04\/WhatsApp-Image-2020-04-28-at-13.32.38-e1588094910887.jpeg","keywords":["caminh\u00f5es","Nova Santa Rita"],"articleSection":["Geral","Seguran\u00e7a"],"inLanguage":"pt-BR","potentialAction":[{"@type":"CommentAction","name":"Comment","target":["https:\/\/folhapopular.info\/index.php\/2020\/04\/28\/tres-caminhoes-somam-30-toneladas-de-excesso-de-carga-em-nova-santa-rita\/#respond"]}]},{"@type":"WebPage","@id":"https:\/\/folhapopular.info\/index.php\/2020\/04\/28\/tres-caminhoes-somam-30-toneladas-de-excesso-de-carga-em-nova-santa-rita\/","url":"https:\/\/folhapopular.info\/index.php\/2020\/04\/28\/tres-caminhoes-somam-30-toneladas-de-excesso-de-carga-em-nova-santa-rita\/","name":"Tr\u00eas caminh\u00f5es somam 30 toneladas de excesso de carga em Nova Santa Rita - Folha Popular","isPartOf":{"@id":"https:\/\/folhapopular.info\/#website"},"primaryImageOfPage":{"@id":"https:\/\/folhapopular.info\/index.php\/2020\/04\/28\/tres-caminhoes-somam-30-toneladas-de-excesso-de-carga-em-nova-santa-rita\/#primaryimage"},"image":{"@id":"https:\/\/folhapopular.info\/index.php\/2020\/04\/28\/tres-caminhoes-somam-30-toneladas-de-excesso-de-carga-em-nova-santa-rita\/#primaryimage"},"thumbnailUrl":"https:\/\/folhapopular.info\/wp-content\/uploads\/2020\/04\/WhatsApp-Image-2020-04-28-at-13.32.38-e1588094910887.jpeg","datePublished":"2020-04-28T17:29:06+00:00","dateModified":"2020-04-28T17:29:08+00:00","author":{"@id":"https:\/\/folhapopular.info\/#\/schema\/person\/2814e8a0df7643585a9ca38bc6eb9d4b"},"breadcrumb":{"@id":"https:\/\/folhapopular.info\/index.php\/2020\/04\/28\/tres-caminhoes-somam-30-toneladas-de-excesso-de-carga-em-nova-santa-rita\/#breadcrumb"},"inLanguage":"pt-BR","potentialAction":[{"@type":"ReadAction","target":["https:\/\/folhapopular.info\/index.php\/2020\/04\/28\/tres-caminhoes-somam-30-toneladas-de-excesso-de-carga-em-nova-santa-rita\/"]}]},{"@type":"ImageObject","inLanguage":"pt-BR","@id":"https:\/\/folhapopular.info\/index.php\/2020\/04\/28\/tres-caminhoes-somam-30-toneladas-de-excesso-de-carga-em-nova-santa-rita\/#primaryimage","url":"https:\/\/folhapopular.info\/wp-content\/uploads\/2020\/04\/WhatsApp-Image-2020-04-28-at-13.32.38-e1588094910887.jpeg","contentUrl":"https:\/\/folhapopular.info\/wp-content\/uploads\/2020\/04\/WhatsApp-Image-2020-04-28-at-13.32.38-e1588094910887.jpeg","width":800,"height":450,"caption":"Cr\u00e9dito: divulga\u00e7\u00e3o"},{"@type":"BreadcrumbList","@id":"https:\/\/folhapopular.info\/index.php\/2020\/04\/28\/tres-caminhoes-somam-30-toneladas-de-excesso-de-carga-em-nova-santa-rita\/#breadcrumb","itemListElement":[{"@type":"ListItem","position":1,"name":"In\u00edcio","item":"https:\/\/folhapopular.info\/"},{"@type":"ListItem","position":2,"name":"Tr\u00eas caminh\u00f5es somam 30 toneladas de excesso de carga em Nova Santa Rita"}]},{"@type":"WebSite","@id":"https:\/\/folhapopular.info\/#website","url":"https:\/\/folhapopular.info\/","name":"Folha Popular","description":"Onde voc\u00ea tem vez e voz","potentialAction":[{"@type":"SearchAction","target":{"@type":"EntryPoint","urlTemplate":"https:\/\/folhapopular.info\/?s={search_term_string}"},"query-input":{"@type":"PropertyValueSpecification","valueRequired":true,"valueName":"search_term_string"}}],"inLanguage":"pt-BR"},{"@type":"Person","@id":"https:\/\/folhapopular.info\/#\/schema\/person\/2814e8a0df7643585a9ca38bc6eb9d4b","name":"Reda\u00e7\u00e3o Folha Popular","image":{"@type":"ImageObject","inLanguage":"pt-BR","@id":"https:\/\/folhapopular.info\/wp-content\/uploads\/2026\/04\/Folha-1.webp","url":"https:\/\/folhapopular.info\/wp-content\/uploads\/2026\/04\/Folha-1.webp","contentUrl":"https:\/\/folhapopular.info\/wp-content\/uploads\/2026\/04\/Folha-1.webp","caption":"Reda\u00e7\u00e3o Folha Popular"},"url":"https:\/\/folhapopular.info\/index.php\/author\/redacao\/"}]}},"jetpack_featured_media_url":"https:\/\/folhapopular.info\/wp-content\/uploads\/2020\/04\/WhatsApp-Image-2020-04-28-at-13.32.38-e1588094910887.jpeg","jetpack_sharing_enabled":true,"amp_enabled":true,"_links":{"self":[{"href":"https:\/\/folhapopular.info\/index.php\/wp-json\/wp\/v2\/posts\/68371","targetHints":{"allow":["GET"]}}],"collection":[{"href":"https:\/\/folhapopular.info\/index.php\/wp-json\/wp\/v2\/posts"}],"about":[{"href":"https:\/\/folhapopular.info\/index.php\/wp-json\/wp\/v2\/types\/post"}],"author":[{"embeddable":true,"href":"https:\/\/folhapopular.info\/index.php\/wp-json\/wp\/v2\/users\/8"}],"replies":[{"embeddable":true,"href":"https:\/\/folhapopular.info\/index.php\/wp-json\/wp\/v2\/comments?post=68371"}],"version-history":[{"count":0,"href":"https:\/\/folhapopular.info\/index.php\/wp-json\/wp\/v2\/posts\/68371\/revisions"}],"wp:featuredmedia":[{"embeddable":true,"href":"https:\/\/folhapopular.info\/index.php\/wp-json\/wp\/v2\/media\/68372"}],"wp:attachment":[{"href":"https:\/\/folhapopular.info\/index.php\/wp-json\/wp\/v2\/media?parent=68371"}],"wp:term":[{"taxonomy":"category","embeddable":true,"href":"https:\/\/folhapopular.info\/index.php\/wp-json\/wp\/v2\/categories?post=68371"},{"taxonomy":"post_tag","embeddable":true,"href":"https:\/\/folhapopular.info\/index.php\/wp-json\/wp\/v2\/tags?post=68371"}],"curies":[{"name":"wp","href":"https:\/\/api.w.org\/{rel}","templated":true}]}}