{"id":68431,"date":"2020-04-29T23:55:31","date_gmt":"2020-04-30T02:55:31","guid":{"rendered":"https:\/\/folhapopular.info\/?p=68431"},"modified":"2020-04-29T23:55:35","modified_gmt":"2020-04-30T02:55:35","slug":"vale-contabiliza-24-novos-casos-de-covid-19-nesta-quarta-feira-dos-quais-21-foram-em-lajeado","status":"publish","type":"post","link":"https:\/\/folhapopular.info\/index.php\/2020\/04\/29\/vale-contabiliza-24-novos-casos-de-covid-19-nesta-quarta-feira-dos-quais-21-foram-em-lajeado\/","title":{"rendered":"Vale contabiliza 24 novos casos de Covid-19 nesta quarta-feira, dos quais 21 foram em Lajeado"},"content":{"rendered":"\n<p>O Vale do Taquari tem 24 novos casos de Coronav\u00edrus confirmados nesta quarta-feira (29\/04), e 21 deles foram no munic\u00edpio de Lajeado. Taquari, Encantado e Bom Retiro do Sul tamb\u00e9m confirmaram um caso em cada.&nbsp;<\/p>\n\n\n\n<p>Em Encantado, o paciente \u00e9 um homem de 47 anos que est\u00e1 internado. Em Taquari, o munic\u00edpio anunciou dois casos confirmados,chegando a 16, mas o caso confirmado hoje no munic\u00edpio \u00e9 o 13\u00ba segundo contagem estadual. Se trata de um homem de 30 anos, funcion\u00e1rios da BRF Foods, de Lajeado. O munic\u00edpio tamb\u00e9m anunciou mais dois casos recuperados, totalizando seis. Em Bom retiro do Sul, foi confirmado o quinto caso. Trata-se de uma mulher de 28 anos, que est\u00e1 hospitalizada no Hospital de Caridade Sant&#8217;Ana.<\/p>\n\n\n\n<p>Uma beb\u00ea de um m\u00eas \u00e9 o mais novo paciente do Vale. Seu caso \u00e9 um dos 21 confirmados em Lajeado. Ela se encontra internada na ala Covid-19 do Hospital Bruno Born. Conforme a Secretaria Estadual da Sa\u00fade, somente cinco crian\u00e7as de menos de um ano foram diagnosticadas com Covid-19 no Estado. Ademais, em se tratando de crian\u00e7as menores de nove anos, h\u00e1 18 casos ao todo, nenhum resultante em morte at\u00e9 o momento. Um deles \u00e9 de uma menina de nove anos, diagnosticada nesta sexta-feira (24\/04), e moradora de Taquari.&nbsp;<\/p>\n\n\n\n<p>Al\u00e9m dos casos confirmados pelo Estado, tamb\u00e9m foram confirmados dois casos em Arroio do Meio, apenas pelo munic\u00edpio, o que totaliza 15 diagn\u00f3sticos positivos. Trata-se de uma mulher de 25 anos e um homem de 42 anos. Ambos est\u00e3o fora do grupo de risco, realizaram o teste r\u00e1pido e est\u00e3o em isolamento domiciliar. O munic\u00edpio de Estrela tamb\u00e9m somou mais tr\u00eas casos confirmados, mas n\u00e3o foram repassadas informa\u00e7\u00f5es sobre os pacientes.&nbsp;<\/p>\n\n\n\n<p>J\u00e1 em Mu\u00e7um, a prefeitura notificou mais dois casos. Trata-se de um caminhoneiro de 38 anos&nbsp; e sua esposa, de 42 anos. Ambos residem em Mu\u00e7um e estiveram em viagem. O exame do paciente foi feito em S\u00e3o Paulo, onde ele chegou a ficar internado. Nesta ter\u00e7a-feira os dois retornaram ao munic\u00edpio. A mulher realizou o teste r\u00e1pido na manh\u00e3 desta quarta-feira (29\/04), e tamb\u00e9m testou positivo. Ambos est\u00e3o em isolamento domiciliar. Com isso, Mu\u00e7um totaliza quatro casos confirmados e um recuperado, conforme dados municipais.<\/p>\n\n\n\n<p><strong>Estado e Pa\u00eds<\/strong><\/p>\n\n\n\n<p>O Estado confirmou mais de 70 casos de Coronav\u00edrus nesta quarta-feira (29\/04) e duas mortes. Entre os casos confirmados, 58.1% s\u00e3o considerados recuperados e 3,6% resultaram em \u00f3bito. No Brasil, foram confirmados 6.276 casos e 449 mortes hoje. Entre os casos confirmados, 43,6% est\u00e3o recuperados e 6,9% foram fatais.<\/p>\n\n\n\n<figure class=\"wp-block-image size-large\"><img loading=\"lazy\" decoding=\"async\" width=\"1024\" height=\"577\" src=\"https:\/\/folhapopular.info\/wp-content\/uploads\/2020\/04\/WhatsApp-Image-2020-04-29-at-20.01.22-1-1024x577.jpeg\" alt=\"\" class=\"wp-image-68433\" \/><\/figure>\n","protected":false},"excerpt":{"rendered":"<p>O Vale do Taquari tem 24 novos casos de Coronav\u00edrus confirmados nesta quarta-feira (29\/04), e 21 deles foram no munic\u00edpio de Lajeado. Taquari, Encantado e Bom Retiro do Sul tamb\u00e9m confirmaram um caso em cada.&nbsp; Em Encantado, o paciente \u00e9 um homem de 47 anos que est\u00e1 internado. Em Taquari, o munic\u00edpio anunciou dois casos [&hellip;]<\/p>\n","protected":false},"author":8,"featured_media":68432,"comment_status":"open","ping_status":"open","sticky":false,"template":"","format":"standard","meta":{"pmpro_default_level":"","_jetpack_memberships_contains_paid_content":false,"footnotes":""},"categories":[5756],"tags":[156],"class_list":{"0":"post-68431","1":"post","2":"type-post","3":"status-publish","4":"format-standard","5":"has-post-thumbnail","7":"category-coronavirus","8":"tag-vale-do-taquari","9":"pmpro-has-access"},"yoast_head":"<!-- This site is optimized with the Yoast SEO plugin v27.4 - https:\/\/yoast.com\/product\/yoast-seo-wordpress\/ -->\n<title>Vale contabiliza 24 novos casos de Covid-19 nesta quarta-feira, dos quais 21 foram em Lajeado - Folha Popular<\/title>\n<meta name=\"robots\" content=\"index, follow, max-snippet:-1, max-image-preview:large, max-video-preview:-1\" \/>\n<link rel=\"canonical\" href=\"https:\/\/folhapopular.info\/index.php\/2020\/04\/29\/vale-contabiliza-24-novos-casos-de-covid-19-nesta-quarta-feira-dos-quais-21-foram-em-lajeado\/\" \/>\n<meta property=\"og:locale\" content=\"pt_BR\" \/>\n<meta property=\"og:type\" content=\"article\" \/>\n<meta property=\"og:title\" content=\"Vale contabiliza 24 novos casos de Covid-19 nesta quarta-feira, dos quais 21 foram em Lajeado - Folha Popular\" \/>\n<meta property=\"og:description\" content=\"O Vale do Taquari tem 24 novos casos de Coronav\u00edrus confirmados nesta quarta-feira (29\/04), e 21 deles foram no munic\u00edpio de Lajeado. Taquari, Encantado e Bom Retiro do Sul tamb\u00e9m confirmaram um caso em cada.&nbsp; Em Encantado, o paciente \u00e9 um homem de 47 anos que est\u00e1 internado. Em Taquari, o munic\u00edpio anunciou dois casos [&hellip;]\" \/>\n<meta property=\"og:url\" content=\"https:\/\/folhapopular.info\/index.php\/2020\/04\/29\/vale-contabiliza-24-novos-casos-de-covid-19-nesta-quarta-feira-dos-quais-21-foram-em-lajeado\/\" \/>\n<meta property=\"og:site_name\" content=\"Folha Popular\" \/>\n<meta property=\"article:published_time\" content=\"2020-04-30T02:55:31+00:00\" \/>\n<meta property=\"article:modified_time\" content=\"2020-04-30T02:55:35+00:00\" \/>\n<meta property=\"og:image\" content=\"https:\/\/folhapopular.info\/wp-content\/uploads\/2020\/04\/WhatsApp-Image-2020-04-29-at-20.01.22-e1588215248901.jpeg\" \/>\n\t<meta property=\"og:image:width\" content=\"766\" \/>\n\t<meta property=\"og:image:height\" content=\"800\" \/>\n\t<meta property=\"og:image:type\" content=\"image\/jpeg\" \/>\n<meta name=\"author\" content=\"Reda\u00e7\u00e3o Folha Popular\" \/>\n<meta name=\"twitter:card\" content=\"summary_large_image\" \/>\n<meta name=\"twitter:label1\" content=\"Escrito por\" \/>\n\t<meta name=\"twitter:data1\" content=\"Reda\u00e7\u00e3o Folha Popular\" \/>\n\t<meta name=\"twitter:label2\" content=\"Est. tempo de leitura\" \/>\n\t<meta name=\"twitter:data2\" content=\"2 minutos\" \/>\n<script type=\"application\/ld+json\" class=\"yoast-schema-graph\">{\"@context\":\"https:\\\/\\\/schema.org\",\"@graph\":[{\"@type\":\"Article\",\"@id\":\"https:\\\/\\\/folhapopular.info\\\/index.php\\\/2020\\\/04\\\/29\\\/vale-contabiliza-24-novos-casos-de-covid-19-nesta-quarta-feira-dos-quais-21-foram-em-lajeado\\\/#article\",\"isPartOf\":{\"@id\":\"https:\\\/\\\/folhapopular.info\\\/index.php\\\/2020\\\/04\\\/29\\\/vale-contabiliza-24-novos-casos-de-covid-19-nesta-quarta-feira-dos-quais-21-foram-em-lajeado\\\/\"},\"author\":{\"name\":\"Reda\u00e7\u00e3o Folha Popular\",\"@id\":\"https:\\\/\\\/folhapopular.info\\\/#\\\/schema\\\/person\\\/2814e8a0df7643585a9ca38bc6eb9d4b\"},\"headline\":\"Vale contabiliza 24 novos casos de Covid-19 nesta quarta-feira, dos quais 21 foram em Lajeado\",\"datePublished\":\"2020-04-30T02:55:31+00:00\",\"dateModified\":\"2020-04-30T02:55:35+00:00\",\"mainEntityOfPage\":{\"@id\":\"https:\\\/\\\/folhapopular.info\\\/index.php\\\/2020\\\/04\\\/29\\\/vale-contabiliza-24-novos-casos-de-covid-19-nesta-quarta-feira-dos-quais-21-foram-em-lajeado\\\/\"},\"wordCount\":445,\"commentCount\":0,\"image\":{\"@id\":\"https:\\\/\\\/folhapopular.info\\\/index.php\\\/2020\\\/04\\\/29\\\/vale-contabiliza-24-novos-casos-de-covid-19-nesta-quarta-feira-dos-quais-21-foram-em-lajeado\\\/#primaryimage\"},\"thumbnailUrl\":\"https:\\\/\\\/folhapopular.info\\\/wp-content\\\/uploads\\\/2020\\\/04\\\/WhatsApp-Image-2020-04-29-at-20.01.22-e1588215248901.jpeg\",\"keywords\":[\"Vale do Taquari\"],\"articleSection\":[\"Coronav\u00edrus\"],\"inLanguage\":\"pt-BR\",\"potentialAction\":[{\"@type\":\"CommentAction\",\"name\":\"Comment\",\"target\":[\"https:\\\/\\\/folhapopular.info\\\/index.php\\\/2020\\\/04\\\/29\\\/vale-contabiliza-24-novos-casos-de-covid-19-nesta-quarta-feira-dos-quais-21-foram-em-lajeado\\\/#respond\"]}]},{\"@type\":\"WebPage\",\"@id\":\"https:\\\/\\\/folhapopular.info\\\/index.php\\\/2020\\\/04\\\/29\\\/vale-contabiliza-24-novos-casos-de-covid-19-nesta-quarta-feira-dos-quais-21-foram-em-lajeado\\\/\",\"url\":\"https:\\\/\\\/folhapopular.info\\\/index.php\\\/2020\\\/04\\\/29\\\/vale-contabiliza-24-novos-casos-de-covid-19-nesta-quarta-feira-dos-quais-21-foram-em-lajeado\\\/\",\"name\":\"Vale contabiliza 24 novos casos de Covid-19 nesta quarta-feira, dos quais 21 foram em Lajeado - Folha Popular\",\"isPartOf\":{\"@id\":\"https:\\\/\\\/folhapopular.info\\\/#website\"},\"primaryImageOfPage\":{\"@id\":\"https:\\\/\\\/folhapopular.info\\\/index.php\\\/2020\\\/04\\\/29\\\/vale-contabiliza-24-novos-casos-de-covid-19-nesta-quarta-feira-dos-quais-21-foram-em-lajeado\\\/#primaryimage\"},\"image\":{\"@id\":\"https:\\\/\\\/folhapopular.info\\\/index.php\\\/2020\\\/04\\\/29\\\/vale-contabiliza-24-novos-casos-de-covid-19-nesta-quarta-feira-dos-quais-21-foram-em-lajeado\\\/#primaryimage\"},\"thumbnailUrl\":\"https:\\\/\\\/folhapopular.info\\\/wp-content\\\/uploads\\\/2020\\\/04\\\/WhatsApp-Image-2020-04-29-at-20.01.22-e1588215248901.jpeg\",\"datePublished\":\"2020-04-30T02:55:31+00:00\",\"dateModified\":\"2020-04-30T02:55:35+00:00\",\"author\":{\"@id\":\"https:\\\/\\\/folhapopular.info\\\/#\\\/schema\\\/person\\\/2814e8a0df7643585a9ca38bc6eb9d4b\"},\"breadcrumb\":{\"@id\":\"https:\\\/\\\/folhapopular.info\\\/index.php\\\/2020\\\/04\\\/29\\\/vale-contabiliza-24-novos-casos-de-covid-19-nesta-quarta-feira-dos-quais-21-foram-em-lajeado\\\/#breadcrumb\"},\"inLanguage\":\"pt-BR\",\"potentialAction\":[{\"@type\":\"ReadAction\",\"target\":[\"https:\\\/\\\/folhapopular.info\\\/index.php\\\/2020\\\/04\\\/29\\\/vale-contabiliza-24-novos-casos-de-covid-19-nesta-quarta-feira-dos-quais-21-foram-em-lajeado\\\/\"]}]},{\"@type\":\"ImageObject\",\"inLanguage\":\"pt-BR\",\"@id\":\"https:\\\/\\\/folhapopular.info\\\/index.php\\\/2020\\\/04\\\/29\\\/vale-contabiliza-24-novos-casos-de-covid-19-nesta-quarta-feira-dos-quais-21-foram-em-lajeado\\\/#primaryimage\",\"url\":\"https:\\\/\\\/folhapopular.info\\\/wp-content\\\/uploads\\\/2020\\\/04\\\/WhatsApp-Image-2020-04-29-at-20.01.22-e1588215248901.jpeg\",\"contentUrl\":\"https:\\\/\\\/folhapopular.info\\\/wp-content\\\/uploads\\\/2020\\\/04\\\/WhatsApp-Image-2020-04-29-at-20.01.22-e1588215248901.jpeg\",\"width\":766,\"height\":800},{\"@type\":\"BreadcrumbList\",\"@id\":\"https:\\\/\\\/folhapopular.info\\\/index.php\\\/2020\\\/04\\\/29\\\/vale-contabiliza-24-novos-casos-de-covid-19-nesta-quarta-feira-dos-quais-21-foram-em-lajeado\\\/#breadcrumb\",\"itemListElement\":[{\"@type\":\"ListItem\",\"position\":1,\"name\":\"In\u00edcio\",\"item\":\"https:\\\/\\\/folhapopular.info\\\/\"},{\"@type\":\"ListItem\",\"position\":2,\"name\":\"Vale contabiliza 24 novos casos de Covid-19 nesta quarta-feira, dos quais 21 foram em Lajeado\"}]},{\"@type\":\"WebSite\",\"@id\":\"https:\\\/\\\/folhapopular.info\\\/#website\",\"url\":\"https:\\\/\\\/folhapopular.info\\\/\",\"name\":\"Folha Popular\",\"description\":\"Onde voc\u00ea tem vez e voz\",\"potentialAction\":[{\"@type\":\"SearchAction\",\"target\":{\"@type\":\"EntryPoint\",\"urlTemplate\":\"https:\\\/\\\/folhapopular.info\\\/?s={search_term_string}\"},\"query-input\":{\"@type\":\"PropertyValueSpecification\",\"valueRequired\":true,\"valueName\":\"search_term_string\"}}],\"inLanguage\":\"pt-BR\"},{\"@type\":\"Person\",\"@id\":\"https:\\\/\\\/folhapopular.info\\\/#\\\/schema\\\/person\\\/2814e8a0df7643585a9ca38bc6eb9d4b\",\"name\":\"Reda\u00e7\u00e3o Folha Popular\",\"image\":{\"@type\":\"ImageObject\",\"inLanguage\":\"pt-BR\",\"@id\":\"https:\\\/\\\/folhapopular.info\\\/wp-content\\\/uploads\\\/2026\\\/04\\\/Folha-1.webp\",\"url\":\"https:\\\/\\\/folhapopular.info\\\/wp-content\\\/uploads\\\/2026\\\/04\\\/Folha-1.webp\",\"contentUrl\":\"https:\\\/\\\/folhapopular.info\\\/wp-content\\\/uploads\\\/2026\\\/04\\\/Folha-1.webp\",\"caption\":\"Reda\u00e7\u00e3o Folha Popular\"},\"url\":\"https:\\\/\\\/folhapopular.info\\\/index.php\\\/author\\\/redacao\\\/\"}]}<\/script>\n<!-- \/ Yoast SEO plugin. -->","yoast_head_json":{"title":"Vale contabiliza 24 novos casos de Covid-19 nesta quarta-feira, dos quais 21 foram em Lajeado - Folha Popular","robots":{"index":"index","follow":"follow","max-snippet":"max-snippet:-1","max-image-preview":"max-image-preview:large","max-video-preview":"max-video-preview:-1"},"canonical":"https:\/\/folhapopular.info\/index.php\/2020\/04\/29\/vale-contabiliza-24-novos-casos-de-covid-19-nesta-quarta-feira-dos-quais-21-foram-em-lajeado\/","og_locale":"pt_BR","og_type":"article","og_title":"Vale contabiliza 24 novos casos de Covid-19 nesta quarta-feira, dos quais 21 foram em Lajeado - Folha Popular","og_description":"O Vale do Taquari tem 24 novos casos de Coronav\u00edrus confirmados nesta quarta-feira (29\/04), e 21 deles foram no munic\u00edpio de Lajeado. Taquari, Encantado e Bom Retiro do Sul tamb\u00e9m confirmaram um caso em cada.&nbsp; Em Encantado, o paciente \u00e9 um homem de 47 anos que est\u00e1 internado. Em Taquari, o munic\u00edpio anunciou dois casos [&hellip;]","og_url":"https:\/\/folhapopular.info\/index.php\/2020\/04\/29\/vale-contabiliza-24-novos-casos-de-covid-19-nesta-quarta-feira-dos-quais-21-foram-em-lajeado\/","og_site_name":"Folha Popular","article_published_time":"2020-04-30T02:55:31+00:00","article_modified_time":"2020-04-30T02:55:35+00:00","og_image":[{"width":766,"height":800,"url":"https:\/\/folhapopular.info\/wp-content\/uploads\/2020\/04\/WhatsApp-Image-2020-04-29-at-20.01.22-e1588215248901.jpeg","type":"image\/jpeg"}],"author":"Reda\u00e7\u00e3o Folha Popular","twitter_card":"summary_large_image","twitter_misc":{"Escrito por":"Reda\u00e7\u00e3o Folha Popular","Est. tempo de leitura":"2 minutos"},"schema":{"@context":"https:\/\/schema.org","@graph":[{"@type":"Article","@id":"https:\/\/folhapopular.info\/index.php\/2020\/04\/29\/vale-contabiliza-24-novos-casos-de-covid-19-nesta-quarta-feira-dos-quais-21-foram-em-lajeado\/#article","isPartOf":{"@id":"https:\/\/folhapopular.info\/index.php\/2020\/04\/29\/vale-contabiliza-24-novos-casos-de-covid-19-nesta-quarta-feira-dos-quais-21-foram-em-lajeado\/"},"author":{"name":"Reda\u00e7\u00e3o Folha Popular","@id":"https:\/\/folhapopular.info\/#\/schema\/person\/2814e8a0df7643585a9ca38bc6eb9d4b"},"headline":"Vale contabiliza 24 novos casos de Covid-19 nesta quarta-feira, dos quais 21 foram em Lajeado","datePublished":"2020-04-30T02:55:31+00:00","dateModified":"2020-04-30T02:55:35+00:00","mainEntityOfPage":{"@id":"https:\/\/folhapopular.info\/index.php\/2020\/04\/29\/vale-contabiliza-24-novos-casos-de-covid-19-nesta-quarta-feira-dos-quais-21-foram-em-lajeado\/"},"wordCount":445,"commentCount":0,"image":{"@id":"https:\/\/folhapopular.info\/index.php\/2020\/04\/29\/vale-contabiliza-24-novos-casos-de-covid-19-nesta-quarta-feira-dos-quais-21-foram-em-lajeado\/#primaryimage"},"thumbnailUrl":"https:\/\/folhapopular.info\/wp-content\/uploads\/2020\/04\/WhatsApp-Image-2020-04-29-at-20.01.22-e1588215248901.jpeg","keywords":["Vale do Taquari"],"articleSection":["Coronav\u00edrus"],"inLanguage":"pt-BR","potentialAction":[{"@type":"CommentAction","name":"Comment","target":["https:\/\/folhapopular.info\/index.php\/2020\/04\/29\/vale-contabiliza-24-novos-casos-de-covid-19-nesta-quarta-feira-dos-quais-21-foram-em-lajeado\/#respond"]}]},{"@type":"WebPage","@id":"https:\/\/folhapopular.info\/index.php\/2020\/04\/29\/vale-contabiliza-24-novos-casos-de-covid-19-nesta-quarta-feira-dos-quais-21-foram-em-lajeado\/","url":"https:\/\/folhapopular.info\/index.php\/2020\/04\/29\/vale-contabiliza-24-novos-casos-de-covid-19-nesta-quarta-feira-dos-quais-21-foram-em-lajeado\/","name":"Vale contabiliza 24 novos casos de Covid-19 nesta quarta-feira, dos quais 21 foram em Lajeado - Folha Popular","isPartOf":{"@id":"https:\/\/folhapopular.info\/#website"},"primaryImageOfPage":{"@id":"https:\/\/folhapopular.info\/index.php\/2020\/04\/29\/vale-contabiliza-24-novos-casos-de-covid-19-nesta-quarta-feira-dos-quais-21-foram-em-lajeado\/#primaryimage"},"image":{"@id":"https:\/\/folhapopular.info\/index.php\/2020\/04\/29\/vale-contabiliza-24-novos-casos-de-covid-19-nesta-quarta-feira-dos-quais-21-foram-em-lajeado\/#primaryimage"},"thumbnailUrl":"https:\/\/folhapopular.info\/wp-content\/uploads\/2020\/04\/WhatsApp-Image-2020-04-29-at-20.01.22-e1588215248901.jpeg","datePublished":"2020-04-30T02:55:31+00:00","dateModified":"2020-04-30T02:55:35+00:00","author":{"@id":"https:\/\/folhapopular.info\/#\/schema\/person\/2814e8a0df7643585a9ca38bc6eb9d4b"},"breadcrumb":{"@id":"https:\/\/folhapopular.info\/index.php\/2020\/04\/29\/vale-contabiliza-24-novos-casos-de-covid-19-nesta-quarta-feira-dos-quais-21-foram-em-lajeado\/#breadcrumb"},"inLanguage":"pt-BR","potentialAction":[{"@type":"ReadAction","target":["https:\/\/folhapopular.info\/index.php\/2020\/04\/29\/vale-contabiliza-24-novos-casos-de-covid-19-nesta-quarta-feira-dos-quais-21-foram-em-lajeado\/"]}]},{"@type":"ImageObject","inLanguage":"pt-BR","@id":"https:\/\/folhapopular.info\/index.php\/2020\/04\/29\/vale-contabiliza-24-novos-casos-de-covid-19-nesta-quarta-feira-dos-quais-21-foram-em-lajeado\/#primaryimage","url":"https:\/\/folhapopular.info\/wp-content\/uploads\/2020\/04\/WhatsApp-Image-2020-04-29-at-20.01.22-e1588215248901.jpeg","contentUrl":"https:\/\/folhapopular.info\/wp-content\/uploads\/2020\/04\/WhatsApp-Image-2020-04-29-at-20.01.22-e1588215248901.jpeg","width":766,"height":800},{"@type":"BreadcrumbList","@id":"https:\/\/folhapopular.info\/index.php\/2020\/04\/29\/vale-contabiliza-24-novos-casos-de-covid-19-nesta-quarta-feira-dos-quais-21-foram-em-lajeado\/#breadcrumb","itemListElement":[{"@type":"ListItem","position":1,"name":"In\u00edcio","item":"https:\/\/folhapopular.info\/"},{"@type":"ListItem","position":2,"name":"Vale contabiliza 24 novos casos de Covid-19 nesta quarta-feira, dos quais 21 foram em Lajeado"}]},{"@type":"WebSite","@id":"https:\/\/folhapopular.info\/#website","url":"https:\/\/folhapopular.info\/","name":"Folha Popular","description":"Onde voc\u00ea tem vez e voz","potentialAction":[{"@type":"SearchAction","target":{"@type":"EntryPoint","urlTemplate":"https:\/\/folhapopular.info\/?s={search_term_string}"},"query-input":{"@type":"PropertyValueSpecification","valueRequired":true,"valueName":"search_term_string"}}],"inLanguage":"pt-BR"},{"@type":"Person","@id":"https:\/\/folhapopular.info\/#\/schema\/person\/2814e8a0df7643585a9ca38bc6eb9d4b","name":"Reda\u00e7\u00e3o Folha Popular","image":{"@type":"ImageObject","inLanguage":"pt-BR","@id":"https:\/\/folhapopular.info\/wp-content\/uploads\/2026\/04\/Folha-1.webp","url":"https:\/\/folhapopular.info\/wp-content\/uploads\/2026\/04\/Folha-1.webp","contentUrl":"https:\/\/folhapopular.info\/wp-content\/uploads\/2026\/04\/Folha-1.webp","caption":"Reda\u00e7\u00e3o Folha Popular"},"url":"https:\/\/folhapopular.info\/index.php\/author\/redacao\/"}]}},"jetpack_featured_media_url":"https:\/\/folhapopular.info\/wp-content\/uploads\/2020\/04\/WhatsApp-Image-2020-04-29-at-20.01.22-e1588215248901.jpeg","jetpack_sharing_enabled":true,"amp_enabled":true,"_links":{"self":[{"href":"https:\/\/folhapopular.info\/index.php\/wp-json\/wp\/v2\/posts\/68431","targetHints":{"allow":["GET"]}}],"collection":[{"href":"https:\/\/folhapopular.info\/index.php\/wp-json\/wp\/v2\/posts"}],"about":[{"href":"https:\/\/folhapopular.info\/index.php\/wp-json\/wp\/v2\/types\/post"}],"author":[{"embeddable":true,"href":"https:\/\/folhapopular.info\/index.php\/wp-json\/wp\/v2\/users\/8"}],"replies":[{"embeddable":true,"href":"https:\/\/folhapopular.info\/index.php\/wp-json\/wp\/v2\/comments?post=68431"}],"version-history":[{"count":1,"href":"https:\/\/folhapopular.info\/index.php\/wp-json\/wp\/v2\/posts\/68431\/revisions"}],"predecessor-version":[{"id":68434,"href":"https:\/\/folhapopular.info\/index.php\/wp-json\/wp\/v2\/posts\/68431\/revisions\/68434"}],"wp:featuredmedia":[{"embeddable":true,"href":"https:\/\/folhapopular.info\/index.php\/wp-json\/wp\/v2\/media\/68432"}],"wp:attachment":[{"href":"https:\/\/folhapopular.info\/index.php\/wp-json\/wp\/v2\/media?parent=68431"}],"wp:term":[{"taxonomy":"category","embeddable":true,"href":"https:\/\/folhapopular.info\/index.php\/wp-json\/wp\/v2\/categories?post=68431"},{"taxonomy":"post_tag","embeddable":true,"href":"https:\/\/folhapopular.info\/index.php\/wp-json\/wp\/v2\/tags?post=68431"}],"curies":[{"name":"wp","href":"https:\/\/api.w.org\/{rel}","templated":true}]}}