{"id":68926,"date":"2020-05-11T15:25:04","date_gmt":"2020-05-11T18:25:04","guid":{"rendered":"https:\/\/folhapopular.info\/?p=68926"},"modified":"2020-05-11T15:25:07","modified_gmt":"2020-05-11T18:25:07","slug":"estudantes-de-medicina-da-univates-atuam-no-combate-ao-coronavirus","status":"publish","type":"post","link":"https:\/\/folhapopular.info\/index.php\/2020\/05\/11\/estudantes-de-medicina-da-univates-atuam-no-combate-ao-coronavirus\/","title":{"rendered":"Estudantes de Medicina da Univates atuam no combate ao Coronav\u00edrus"},"content":{"rendered":"\n<p>Antes mesmo de se graduarem, estudantes de Medicina da Universidade do Vale do Taquari (Univates) t\u00eam o desafio de lidar profissionalmente com a perspectiva da crise sanit\u00e1ria que o mundo enfrenta atualmente. No dia 20 de mar\u00e7o, o Minist\u00e9rio da Educa\u00e7\u00e3o publicou a Portaria n\u00ba 356, que disp\u00f5e sobre a atua\u00e7\u00e3o dos alunos dos cursos da \u00e1rea da sa\u00fade no combate \u00e0 Covid-19 (Coronav\u00edrus). As a\u00e7\u00f5es s\u00e3o estendidas aos cursos de Medicina (estudantes dos dois \u00faltimos anos), Farm\u00e1cia, Enfermagem e Fisioterapia (estudantes do \u00faltimo ano).\u00a0<\/p>\n\n\n\n<p>Conforme o documento, \u00e9 permitido que os estudantes em fase final dos cursos, em car\u00e1ter excepcional, realizem o est\u00e1gio curricular obrigat\u00f3rio em Unidades B\u00e1sicas de Sa\u00fade (UBS), Unidades de Pronto Atendimento (UPA), rede hospitalar e comunidades a serem especificadas pelo Minist\u00e9rio da Sa\u00fade, enquanto durar a situa\u00e7\u00e3o de emerg\u00eancia de sa\u00fade p\u00fablica decorrente da pandemia de Covid-19. Na Univates, os estudantes do 5\u00ba e do 6\u00ba ano de Medicina se mantiveram nos cen\u00e1rios de pr\u00e1tica, considerando todas as recomenda\u00e7\u00f5es do Minist\u00e9rio da Sa\u00fade. Acompanhados por professores e preceptores, eles desempenham as atividades em diferentes locais no Vale do Taquari.&nbsp;<\/p>\n\n\n\n<p>A especialidade de Pediatria tem como cen\u00e1rios de pr\u00e1tica o Centro de Atendimento Materno-Infantil (Cami), em Estrela, e o Ambulat\u00f3rio de Especialidades M\u00e9dicas, no <em>campus<\/em> da Univates. As \u00e1reas da Sa\u00fade da Mulher (Ginecologia e Obstetr\u00edcia) realizam atividades no Cami e no Hospital de Estrela, al\u00e9m de no Hospital Bruno Born (HBB), de Lajeado. A especialidade de Cl\u00ednica Cir\u00fargica tem os estudantes atuando no Hospital de Estrela e no HBB. <\/p>\n\n\n\n<p>Uma frente de trabalho foi organizada no <em>Call Center <\/em>do setor de <em>Marketing<\/em> e Comunica\u00e7\u00e3o da Univates para que estudantes pudessem auxiliar no atendimento telef\u00f4nico aos casos suspeitos de coronav\u00edrus.\u00a0 Urg\u00eancia e Emerg\u00eancia t\u00eam como espa\u00e7o o HBB e a UPA 24h, em Lajeado. Por fim, tamb\u00e9m na cidade, os estudantes desenvolvem atividades na UBS Montanha.\u00a0\u201cTodos os espa\u00e7os t\u00eam feito a sua parte para receber os estudantes da melhor forma poss\u00edvel e com seguran\u00e7a\u201d, garante a professora Maria Isabel Lopes, diretora do Centro de Ci\u00eancias M\u00e9dicas (CCM) da Univates, ao qual o curso de Medicina \u00e9 vinculado.\u00a0<\/p>\n\n\n\n<p><strong>A forma\u00e7\u00e3o m\u00e9dica durante a pandemia&nbsp;<\/strong><\/p>\n\n\n\n<p>Os anos finais do curso de Medicina s\u00e3o de atividades pr\u00e1ticas. Luana Paludo \u00e9 uma das estudantes da Univates que est\u00e1 na reta final. Com 23 anos de idade, a lajeadense est\u00e1 no 10\u00ba semestre do curso. \u201cAtualmente fa\u00e7o est\u00e1gio de Cl\u00ednica Cir\u00fargica, em que acompanhamos as atividades que ocorrem no bloco cir\u00fargico e atendemos nos ambulat\u00f3rios de cirurgia geral e oncol\u00f3gica, situados dentro do hospital\u201d, explica. O cen\u00e1rio de pr\u00e1tica dos estudantes do est\u00e1gio de Cl\u00ednica Cir\u00fargica se manteve o mesmo com a pandemia \u2014 o Hospital de Estrela e o HBB.&nbsp;<\/p>\n\n\n\n<p>Ela conta que, agora, os cuidados s\u00e3o redobrados, no caso dos estudantes que, como ela, transitam por ambientes como os hospitais. \u201cTivemos que adequar nossa rotina desde o in\u00edcio da pandemia, tanto para nossa prote\u00e7\u00e3o individual, dos estudantes e de toda a equipe do hospital quanto para prote\u00e7\u00e3o do paciente\u201d, diz. O grupo de estudantes que, como Luana, acompanha a pr\u00e1tica cir\u00fargica \u00e9 supervisionado pela professora Caroline Dalla Lasta Frigeri.&nbsp;<\/p>\n\n\n\n<p>A estudante Manoela Michel Kohl, de Vale do Sol, tamb\u00e9m est\u00e1 chegando ao fim do curso de Medicina. No 9\u00ba semestre, o cen\u00e1rio de pr\u00e1tica em que estaria atuando seria a UBS Universidade, no Ambulat\u00f3rio de Especialidades M\u00e9dicas da Univates. Durante a pandemia \u00e9 a UBS do bairro Montanha, com o acompanhamento da professora Camila Furtado de Souza. Al\u00e9m disso, os estudantes do grupo de Manoela complementam as atividades atuando no <em>Call Center<\/em> da Univates, espa\u00e7o que foi adaptado para o atendimento telef\u00f4nico dos casos suspeitos de Covid-19 em Lajeado. No <em>Call Center <\/em>a supervis\u00e3o \u00e9 do professor M\u00e1rcio Mossmann. \u201cTem sido desafiador\u201d, garante Manoela. \u201cT\u00ednhamos um cronograma que precisou ser refeito. Est\u00e1 sendo bom por um lado. Temos aprendido muito sobre essa doen\u00e7a nova, mas eu sinto falta, sim, da pr\u00e1tica integral\u201d, comenta.\u00a0<\/p>\n\n\n\n<p>\u201cEu nunca pensei que a gente fosse passar por isso. N\u00e3o nessa propor\u00e7\u00e3o. At\u00e9 quando surgiram os primeiros casos pensei que pud\u00e9ssemos n\u00e3o ser atingidos t\u00e3o diretamente\u201d, explica Manoela. \u201cCom certeza se torna um aprendizado, n\u00e3o s\u00f3 para n\u00f3s, que estamos na faculdade de Medicina, mas para todas as pessoas e, especialmente, todos os profissionais da sa\u00fade. Espero que isso nunca se repita\u201d, complementa.&nbsp;<\/p>\n\n\n\n<p>Luana tamb\u00e9m assegura que o cen\u00e1rio \u00e9 desafiador. \u201cNingu\u00e9m espera passar por algo assim durante a faculdade\u201d. Ela comenta que a preocupa\u00e7\u00e3o com a possibilidade de cont\u00e1gio \u00e9 uma realidade. \u201cEstamos mais expostos por estarmos dentro do hospital. \u00c9 um local de risco, mas \u00e9 o risco da profiss\u00e3o que escolhemos. Quem opta por cursar Medicina sabe que muitas vezes \u00e9 preciso ignorar os pr\u00f3prios medos e seguir em frente para poder ajudar o pr\u00f3ximo\u201d. Para ela, a pandemia pode ajudar na prepara\u00e7\u00e3o para o enfrentamento de cen\u00e1rios adversos. \u201cEventos desse tipo podem ocorrer a qualquer momento, ent\u00e3o precisamos estar preparados\u201d.&nbsp;<\/p>\n\n\n\n<p>A coordena\u00e7\u00e3o do curso de Medicina est\u00e1 \u00e0 disposi\u00e7\u00e3o dos estudantes, inclusive para discutir individualmente a interrup\u00e7\u00e3o dos est\u00e1gios dos acad\u00eamicos que n\u00e3o se sentem seguros em continuar. A maioria optou por seguir com as atividades. A Institui\u00e7\u00e3o fornece todos os equipamentos de prote\u00e7\u00e3o para os futuros m\u00e9dicos que est\u00e3o atuando em diferentes frentes. \u201cA Univates est\u00e1 conversando conosco sobre nossos medos e ang\u00fastias, o que nos d\u00e1 mais seguran\u00e7a para atuar\u201d, finaliza Luana.&nbsp;<\/p>\n","protected":false},"excerpt":{"rendered":"<p>Antes mesmo de se graduarem, estudantes de Medicina da Universidade do Vale do Taquari (Univates) t\u00eam o desafio de lidar profissionalmente com a perspectiva da crise sanit\u00e1ria que o mundo enfrenta atualmente. No dia 20 de mar\u00e7o, o Minist\u00e9rio da Educa\u00e7\u00e3o publicou a Portaria n\u00ba 356, que disp\u00f5e sobre a atua\u00e7\u00e3o dos alunos dos cursos [&hellip;]<\/p>\n","protected":false},"author":8,"featured_media":68928,"comment_status":"open","ping_status":"open","sticky":false,"template":"","format":"standard","meta":{"pmpro_default_level":"","_jetpack_memberships_contains_paid_content":false,"footnotes":""},"categories":[5756],"tags":[5707,27,83],"class_list":{"0":"post-68926","1":"post","2":"type-post","3":"status-publish","4":"format-standard","5":"has-post-thumbnail","7":"category-coronavirus","8":"tag-covid-19","9":"tag-lajeado","10":"tag-univates","11":"pmpro-has-access"},"yoast_head":"<!-- This site is optimized with the Yoast SEO plugin v27.4 - https:\/\/yoast.com\/product\/yoast-seo-wordpress\/ -->\n<title>Estudantes de Medicina da Univates atuam no combate ao Coronav\u00edrus - Folha Popular<\/title>\n<meta name=\"robots\" content=\"index, follow, max-snippet:-1, max-image-preview:large, max-video-preview:-1\" \/>\n<link rel=\"canonical\" href=\"https:\/\/folhapopular.info\/index.php\/2020\/05\/11\/estudantes-de-medicina-da-univates-atuam-no-combate-ao-coronavirus\/\" \/>\n<meta property=\"og:locale\" content=\"pt_BR\" \/>\n<meta property=\"og:type\" content=\"article\" \/>\n<meta property=\"og:title\" content=\"Estudantes de Medicina da Univates atuam no combate ao Coronav\u00edrus - Folha Popular\" \/>\n<meta property=\"og:description\" content=\"Antes mesmo de se graduarem, estudantes de Medicina da Universidade do Vale do Taquari (Univates) t\u00eam o desafio de lidar profissionalmente com a perspectiva da crise sanit\u00e1ria que o mundo enfrenta atualmente. No dia 20 de mar\u00e7o, o Minist\u00e9rio da Educa\u00e7\u00e3o publicou a Portaria n\u00ba 356, que disp\u00f5e sobre a atua\u00e7\u00e3o dos alunos dos cursos [&hellip;]\" \/>\n<meta property=\"og:url\" content=\"https:\/\/folhapopular.info\/index.php\/2020\/05\/11\/estudantes-de-medicina-da-univates-atuam-no-combate-ao-coronavirus\/\" \/>\n<meta property=\"og:site_name\" content=\"Folha Popular\" \/>\n<meta property=\"article:published_time\" content=\"2020-05-11T18:25:04+00:00\" \/>\n<meta property=\"article:modified_time\" content=\"2020-05-11T18:25:07+00:00\" \/>\n<meta property=\"og:image\" content=\"https:\/\/folhapopular.info\/wp-content\/uploads\/2020\/05\/medicina-e1589221455515.jpg\" \/>\n\t<meta property=\"og:image:width\" content=\"800\" \/>\n\t<meta property=\"og:image:height\" content=\"533\" \/>\n\t<meta property=\"og:image:type\" content=\"image\/jpeg\" \/>\n<meta name=\"author\" content=\"Reda\u00e7\u00e3o Folha Popular\" \/>\n<meta name=\"twitter:card\" content=\"summary_large_image\" \/>\n<meta name=\"twitter:label1\" content=\"Escrito por\" \/>\n\t<meta name=\"twitter:data1\" content=\"Reda\u00e7\u00e3o Folha Popular\" \/>\n\t<meta name=\"twitter:label2\" content=\"Est. tempo de leitura\" \/>\n\t<meta name=\"twitter:data2\" content=\"5 minutos\" \/>\n<script type=\"application\/ld+json\" class=\"yoast-schema-graph\">{\"@context\":\"https:\\\/\\\/schema.org\",\"@graph\":[{\"@type\":\"Article\",\"@id\":\"https:\\\/\\\/folhapopular.info\\\/index.php\\\/2020\\\/05\\\/11\\\/estudantes-de-medicina-da-univates-atuam-no-combate-ao-coronavirus\\\/#article\",\"isPartOf\":{\"@id\":\"https:\\\/\\\/folhapopular.info\\\/index.php\\\/2020\\\/05\\\/11\\\/estudantes-de-medicina-da-univates-atuam-no-combate-ao-coronavirus\\\/\"},\"author\":{\"name\":\"Reda\u00e7\u00e3o Folha Popular\",\"@id\":\"https:\\\/\\\/folhapopular.info\\\/#\\\/schema\\\/person\\\/2814e8a0df7643585a9ca38bc6eb9d4b\"},\"headline\":\"Estudantes de Medicina da Univates atuam no combate ao Coronav\u00edrus\",\"datePublished\":\"2020-05-11T18:25:04+00:00\",\"dateModified\":\"2020-05-11T18:25:07+00:00\",\"mainEntityOfPage\":{\"@id\":\"https:\\\/\\\/folhapopular.info\\\/index.php\\\/2020\\\/05\\\/11\\\/estudantes-de-medicina-da-univates-atuam-no-combate-ao-coronavirus\\\/\"},\"wordCount\":1008,\"commentCount\":0,\"image\":{\"@id\":\"https:\\\/\\\/folhapopular.info\\\/index.php\\\/2020\\\/05\\\/11\\\/estudantes-de-medicina-da-univates-atuam-no-combate-ao-coronavirus\\\/#primaryimage\"},\"thumbnailUrl\":\"https:\\\/\\\/folhapopular.info\\\/wp-content\\\/uploads\\\/2020\\\/05\\\/medicina-e1589221455515.jpg\",\"keywords\":[\"Covid-19\",\"Lajeado\",\"Univates\"],\"articleSection\":[\"Coronav\u00edrus\"],\"inLanguage\":\"pt-BR\",\"potentialAction\":[{\"@type\":\"CommentAction\",\"name\":\"Comment\",\"target\":[\"https:\\\/\\\/folhapopular.info\\\/index.php\\\/2020\\\/05\\\/11\\\/estudantes-de-medicina-da-univates-atuam-no-combate-ao-coronavirus\\\/#respond\"]}]},{\"@type\":\"WebPage\",\"@id\":\"https:\\\/\\\/folhapopular.info\\\/index.php\\\/2020\\\/05\\\/11\\\/estudantes-de-medicina-da-univates-atuam-no-combate-ao-coronavirus\\\/\",\"url\":\"https:\\\/\\\/folhapopular.info\\\/index.php\\\/2020\\\/05\\\/11\\\/estudantes-de-medicina-da-univates-atuam-no-combate-ao-coronavirus\\\/\",\"name\":\"Estudantes de Medicina da Univates atuam no combate ao Coronav\u00edrus - Folha Popular\",\"isPartOf\":{\"@id\":\"https:\\\/\\\/folhapopular.info\\\/#website\"},\"primaryImageOfPage\":{\"@id\":\"https:\\\/\\\/folhapopular.info\\\/index.php\\\/2020\\\/05\\\/11\\\/estudantes-de-medicina-da-univates-atuam-no-combate-ao-coronavirus\\\/#primaryimage\"},\"image\":{\"@id\":\"https:\\\/\\\/folhapopular.info\\\/index.php\\\/2020\\\/05\\\/11\\\/estudantes-de-medicina-da-univates-atuam-no-combate-ao-coronavirus\\\/#primaryimage\"},\"thumbnailUrl\":\"https:\\\/\\\/folhapopular.info\\\/wp-content\\\/uploads\\\/2020\\\/05\\\/medicina-e1589221455515.jpg\",\"datePublished\":\"2020-05-11T18:25:04+00:00\",\"dateModified\":\"2020-05-11T18:25:07+00:00\",\"author\":{\"@id\":\"https:\\\/\\\/folhapopular.info\\\/#\\\/schema\\\/person\\\/2814e8a0df7643585a9ca38bc6eb9d4b\"},\"breadcrumb\":{\"@id\":\"https:\\\/\\\/folhapopular.info\\\/index.php\\\/2020\\\/05\\\/11\\\/estudantes-de-medicina-da-univates-atuam-no-combate-ao-coronavirus\\\/#breadcrumb\"},\"inLanguage\":\"pt-BR\",\"potentialAction\":[{\"@type\":\"ReadAction\",\"target\":[\"https:\\\/\\\/folhapopular.info\\\/index.php\\\/2020\\\/05\\\/11\\\/estudantes-de-medicina-da-univates-atuam-no-combate-ao-coronavirus\\\/\"]}]},{\"@type\":\"ImageObject\",\"inLanguage\":\"pt-BR\",\"@id\":\"https:\\\/\\\/folhapopular.info\\\/index.php\\\/2020\\\/05\\\/11\\\/estudantes-de-medicina-da-univates-atuam-no-combate-ao-coronavirus\\\/#primaryimage\",\"url\":\"https:\\\/\\\/folhapopular.info\\\/wp-content\\\/uploads\\\/2020\\\/05\\\/medicina-e1589221455515.jpg\",\"contentUrl\":\"https:\\\/\\\/folhapopular.info\\\/wp-content\\\/uploads\\\/2020\\\/05\\\/medicina-e1589221455515.jpg\",\"width\":800,\"height\":533,\"caption\":\"Cr\u00e9dito: divulga\u00e7\u00e3o\"},{\"@type\":\"BreadcrumbList\",\"@id\":\"https:\\\/\\\/folhapopular.info\\\/index.php\\\/2020\\\/05\\\/11\\\/estudantes-de-medicina-da-univates-atuam-no-combate-ao-coronavirus\\\/#breadcrumb\",\"itemListElement\":[{\"@type\":\"ListItem\",\"position\":1,\"name\":\"In\u00edcio\",\"item\":\"https:\\\/\\\/folhapopular.info\\\/\"},{\"@type\":\"ListItem\",\"position\":2,\"name\":\"Estudantes de Medicina da Univates atuam no combate ao Coronav\u00edrus\"}]},{\"@type\":\"WebSite\",\"@id\":\"https:\\\/\\\/folhapopular.info\\\/#website\",\"url\":\"https:\\\/\\\/folhapopular.info\\\/\",\"name\":\"Folha Popular\",\"description\":\"Onde voc\u00ea tem vez e voz\",\"potentialAction\":[{\"@type\":\"SearchAction\",\"target\":{\"@type\":\"EntryPoint\",\"urlTemplate\":\"https:\\\/\\\/folhapopular.info\\\/?s={search_term_string}\"},\"query-input\":{\"@type\":\"PropertyValueSpecification\",\"valueRequired\":true,\"valueName\":\"search_term_string\"}}],\"inLanguage\":\"pt-BR\"},{\"@type\":\"Person\",\"@id\":\"https:\\\/\\\/folhapopular.info\\\/#\\\/schema\\\/person\\\/2814e8a0df7643585a9ca38bc6eb9d4b\",\"name\":\"Reda\u00e7\u00e3o Folha Popular\",\"image\":{\"@type\":\"ImageObject\",\"inLanguage\":\"pt-BR\",\"@id\":\"https:\\\/\\\/folhapopular.info\\\/wp-content\\\/uploads\\\/2026\\\/04\\\/Folha-1.webp\",\"url\":\"https:\\\/\\\/folhapopular.info\\\/wp-content\\\/uploads\\\/2026\\\/04\\\/Folha-1.webp\",\"contentUrl\":\"https:\\\/\\\/folhapopular.info\\\/wp-content\\\/uploads\\\/2026\\\/04\\\/Folha-1.webp\",\"caption\":\"Reda\u00e7\u00e3o Folha Popular\"},\"url\":\"https:\\\/\\\/folhapopular.info\\\/index.php\\\/author\\\/redacao\\\/\"}]}<\/script>\n<!-- \/ Yoast SEO plugin. -->","yoast_head_json":{"title":"Estudantes de Medicina da Univates atuam no combate ao Coronav\u00edrus - Folha Popular","robots":{"index":"index","follow":"follow","max-snippet":"max-snippet:-1","max-image-preview":"max-image-preview:large","max-video-preview":"max-video-preview:-1"},"canonical":"https:\/\/folhapopular.info\/index.php\/2020\/05\/11\/estudantes-de-medicina-da-univates-atuam-no-combate-ao-coronavirus\/","og_locale":"pt_BR","og_type":"article","og_title":"Estudantes de Medicina da Univates atuam no combate ao Coronav\u00edrus - Folha Popular","og_description":"Antes mesmo de se graduarem, estudantes de Medicina da Universidade do Vale do Taquari (Univates) t\u00eam o desafio de lidar profissionalmente com a perspectiva da crise sanit\u00e1ria que o mundo enfrenta atualmente. No dia 20 de mar\u00e7o, o Minist\u00e9rio da Educa\u00e7\u00e3o publicou a Portaria n\u00ba 356, que disp\u00f5e sobre a atua\u00e7\u00e3o dos alunos dos cursos [&hellip;]","og_url":"https:\/\/folhapopular.info\/index.php\/2020\/05\/11\/estudantes-de-medicina-da-univates-atuam-no-combate-ao-coronavirus\/","og_site_name":"Folha Popular","article_published_time":"2020-05-11T18:25:04+00:00","article_modified_time":"2020-05-11T18:25:07+00:00","og_image":[{"width":800,"height":533,"url":"https:\/\/folhapopular.info\/wp-content\/uploads\/2020\/05\/medicina-e1589221455515.jpg","type":"image\/jpeg"}],"author":"Reda\u00e7\u00e3o Folha Popular","twitter_card":"summary_large_image","twitter_misc":{"Escrito por":"Reda\u00e7\u00e3o Folha Popular","Est. tempo de leitura":"5 minutos"},"schema":{"@context":"https:\/\/schema.org","@graph":[{"@type":"Article","@id":"https:\/\/folhapopular.info\/index.php\/2020\/05\/11\/estudantes-de-medicina-da-univates-atuam-no-combate-ao-coronavirus\/#article","isPartOf":{"@id":"https:\/\/folhapopular.info\/index.php\/2020\/05\/11\/estudantes-de-medicina-da-univates-atuam-no-combate-ao-coronavirus\/"},"author":{"name":"Reda\u00e7\u00e3o Folha Popular","@id":"https:\/\/folhapopular.info\/#\/schema\/person\/2814e8a0df7643585a9ca38bc6eb9d4b"},"headline":"Estudantes de Medicina da Univates atuam no combate ao Coronav\u00edrus","datePublished":"2020-05-11T18:25:04+00:00","dateModified":"2020-05-11T18:25:07+00:00","mainEntityOfPage":{"@id":"https:\/\/folhapopular.info\/index.php\/2020\/05\/11\/estudantes-de-medicina-da-univates-atuam-no-combate-ao-coronavirus\/"},"wordCount":1008,"commentCount":0,"image":{"@id":"https:\/\/folhapopular.info\/index.php\/2020\/05\/11\/estudantes-de-medicina-da-univates-atuam-no-combate-ao-coronavirus\/#primaryimage"},"thumbnailUrl":"https:\/\/folhapopular.info\/wp-content\/uploads\/2020\/05\/medicina-e1589221455515.jpg","keywords":["Covid-19","Lajeado","Univates"],"articleSection":["Coronav\u00edrus"],"inLanguage":"pt-BR","potentialAction":[{"@type":"CommentAction","name":"Comment","target":["https:\/\/folhapopular.info\/index.php\/2020\/05\/11\/estudantes-de-medicina-da-univates-atuam-no-combate-ao-coronavirus\/#respond"]}]},{"@type":"WebPage","@id":"https:\/\/folhapopular.info\/index.php\/2020\/05\/11\/estudantes-de-medicina-da-univates-atuam-no-combate-ao-coronavirus\/","url":"https:\/\/folhapopular.info\/index.php\/2020\/05\/11\/estudantes-de-medicina-da-univates-atuam-no-combate-ao-coronavirus\/","name":"Estudantes de Medicina da Univates atuam no combate ao Coronav\u00edrus - Folha Popular","isPartOf":{"@id":"https:\/\/folhapopular.info\/#website"},"primaryImageOfPage":{"@id":"https:\/\/folhapopular.info\/index.php\/2020\/05\/11\/estudantes-de-medicina-da-univates-atuam-no-combate-ao-coronavirus\/#primaryimage"},"image":{"@id":"https:\/\/folhapopular.info\/index.php\/2020\/05\/11\/estudantes-de-medicina-da-univates-atuam-no-combate-ao-coronavirus\/#primaryimage"},"thumbnailUrl":"https:\/\/folhapopular.info\/wp-content\/uploads\/2020\/05\/medicina-e1589221455515.jpg","datePublished":"2020-05-11T18:25:04+00:00","dateModified":"2020-05-11T18:25:07+00:00","author":{"@id":"https:\/\/folhapopular.info\/#\/schema\/person\/2814e8a0df7643585a9ca38bc6eb9d4b"},"breadcrumb":{"@id":"https:\/\/folhapopular.info\/index.php\/2020\/05\/11\/estudantes-de-medicina-da-univates-atuam-no-combate-ao-coronavirus\/#breadcrumb"},"inLanguage":"pt-BR","potentialAction":[{"@type":"ReadAction","target":["https:\/\/folhapopular.info\/index.php\/2020\/05\/11\/estudantes-de-medicina-da-univates-atuam-no-combate-ao-coronavirus\/"]}]},{"@type":"ImageObject","inLanguage":"pt-BR","@id":"https:\/\/folhapopular.info\/index.php\/2020\/05\/11\/estudantes-de-medicina-da-univates-atuam-no-combate-ao-coronavirus\/#primaryimage","url":"https:\/\/folhapopular.info\/wp-content\/uploads\/2020\/05\/medicina-e1589221455515.jpg","contentUrl":"https:\/\/folhapopular.info\/wp-content\/uploads\/2020\/05\/medicina-e1589221455515.jpg","width":800,"height":533,"caption":"Cr\u00e9dito: divulga\u00e7\u00e3o"},{"@type":"BreadcrumbList","@id":"https:\/\/folhapopular.info\/index.php\/2020\/05\/11\/estudantes-de-medicina-da-univates-atuam-no-combate-ao-coronavirus\/#breadcrumb","itemListElement":[{"@type":"ListItem","position":1,"name":"In\u00edcio","item":"https:\/\/folhapopular.info\/"},{"@type":"ListItem","position":2,"name":"Estudantes de Medicina da Univates atuam no combate ao Coronav\u00edrus"}]},{"@type":"WebSite","@id":"https:\/\/folhapopular.info\/#website","url":"https:\/\/folhapopular.info\/","name":"Folha Popular","description":"Onde voc\u00ea tem vez e voz","potentialAction":[{"@type":"SearchAction","target":{"@type":"EntryPoint","urlTemplate":"https:\/\/folhapopular.info\/?s={search_term_string}"},"query-input":{"@type":"PropertyValueSpecification","valueRequired":true,"valueName":"search_term_string"}}],"inLanguage":"pt-BR"},{"@type":"Person","@id":"https:\/\/folhapopular.info\/#\/schema\/person\/2814e8a0df7643585a9ca38bc6eb9d4b","name":"Reda\u00e7\u00e3o Folha Popular","image":{"@type":"ImageObject","inLanguage":"pt-BR","@id":"https:\/\/folhapopular.info\/wp-content\/uploads\/2026\/04\/Folha-1.webp","url":"https:\/\/folhapopular.info\/wp-content\/uploads\/2026\/04\/Folha-1.webp","contentUrl":"https:\/\/folhapopular.info\/wp-content\/uploads\/2026\/04\/Folha-1.webp","caption":"Reda\u00e7\u00e3o Folha Popular"},"url":"https:\/\/folhapopular.info\/index.php\/author\/redacao\/"}]}},"jetpack_featured_media_url":"https:\/\/folhapopular.info\/wp-content\/uploads\/2020\/05\/medicina-e1589221455515.jpg","jetpack_sharing_enabled":true,"amp_enabled":true,"_links":{"self":[{"href":"https:\/\/folhapopular.info\/index.php\/wp-json\/wp\/v2\/posts\/68926","targetHints":{"allow":["GET"]}}],"collection":[{"href":"https:\/\/folhapopular.info\/index.php\/wp-json\/wp\/v2\/posts"}],"about":[{"href":"https:\/\/folhapopular.info\/index.php\/wp-json\/wp\/v2\/types\/post"}],"author":[{"embeddable":true,"href":"https:\/\/folhapopular.info\/index.php\/wp-json\/wp\/v2\/users\/8"}],"replies":[{"embeddable":true,"href":"https:\/\/folhapopular.info\/index.php\/wp-json\/wp\/v2\/comments?post=68926"}],"version-history":[{"count":1,"href":"https:\/\/folhapopular.info\/index.php\/wp-json\/wp\/v2\/posts\/68926\/revisions"}],"predecessor-version":[{"id":68929,"href":"https:\/\/folhapopular.info\/index.php\/wp-json\/wp\/v2\/posts\/68926\/revisions\/68929"}],"wp:featuredmedia":[{"embeddable":true,"href":"https:\/\/folhapopular.info\/index.php\/wp-json\/wp\/v2\/media\/68928"}],"wp:attachment":[{"href":"https:\/\/folhapopular.info\/index.php\/wp-json\/wp\/v2\/media?parent=68926"}],"wp:term":[{"taxonomy":"category","embeddable":true,"href":"https:\/\/folhapopular.info\/index.php\/wp-json\/wp\/v2\/categories?post=68926"},{"taxonomy":"post_tag","embeddable":true,"href":"https:\/\/folhapopular.info\/index.php\/wp-json\/wp\/v2\/tags?post=68926"}],"curies":[{"name":"wp","href":"https:\/\/api.w.org\/{rel}","templated":true}]}}