{"id":69573,"date":"2020-05-27T10:55:24","date_gmt":"2020-05-27T13:55:24","guid":{"rendered":"https:\/\/folhapopular.info\/?p=69573"},"modified":"2020-05-27T10:55:27","modified_gmt":"2020-05-27T13:55:27","slug":"textos-de-100-autores-aprovados-no-projeto-escritos-da-quarentena-sao-compilados-em-site","status":"publish","type":"post","link":"https:\/\/folhapopular.info\/index.php\/2020\/05\/27\/textos-de-100-autores-aprovados-no-projeto-escritos-da-quarentena-sao-compilados-em-site\/","title":{"rendered":"Textos de 100 autores aprovados no projeto \u201cEscritos da Quarentena\u201d s\u00e3o compilados em site"},"content":{"rendered":"\n<p>Com o objetivo de estimular a produ\u00e7\u00e3o textual durante o per\u00edodo de isolamento social, o desafio \u201cEscritos da Quarentena\u201d contou com a participa\u00e7\u00e3o de mais de 100 autores, de diversas idades e profiss\u00f5es. Os minicontos, poemas e haicais aprovados pela banca avaliadora podem ser encontrados no <em>site<\/em> <a rel=\"noreferrer noopener\" href=\"https:\/\/www.univates.br\/escritos-quarentena\" target=\"_blank\">univates.br\/escritos-quarentena<\/a>. \u201cQueremos registrar este momento de isolamento social por meio do poder das palavras, usar a arte e sensibilidade para marcar este per\u00edodo\u201d, ressalta a coordenadora do curso de Letras da Univates, professora Grasiela Kieling. O projeto \u00e9 uma iniciativa do curso de Letras em parceria com a Academia Liter\u00e1ria do Vale do Taquari (Alivat).\u00a0<\/p>\n\n\n\n<p>O advogado Ney Arruda Filho teve seu miniconto \u201cA Falta\u201d publicado. Ele j\u00e1 foi professor e coordenador do Centro de Ci\u00eancias Humanas e Sociais da Univates, o que explica seu carinho pelos cursos da \u00e1rea de Humanas, especialmente o curso de Letras, o mais antigo da Institui\u00e7\u00e3o. Al\u00e9m disso, tamb\u00e9m \u00e9 membro acad\u00eamico da Alivat. \u201cEu n\u00e3o poderia ficar de fora\u201d, comenta. Atualmente, ele tamb\u00e9m escreve cr\u00f4nicas e poemas para jornais da regi\u00e3o. \u201cEscrever ajuda sempre, assim como todas as formas de express\u00e3o art\u00edstica, que se prestam \u00e0 cura de diversos males. Escrevendo, a saudade ameniza, a ang\u00fastia deixa o cora\u00e7\u00e3o e repousa no papel, at\u00e9 a raiva se esvai\u201d, afirma.&nbsp;<\/p>\n\n\n\n<p>Com 10 anos de idade, a estudante Isabela Ferreira tamb\u00e9m teve seu texto publicado. Intitulado \u201cIronia\u201d, o arquivo com dois minicontos foi produzido depois de um convite que sua professora de portugu\u00eas fez para que a turma participasse do projeto \u201cEscritos da Quarentena\u201d. \u201cEu sempre gostei de escrever, mas foi uma surpresa ver que meus trabalhos foram escolhidos para publica\u00e7\u00e3o\u201d, comemora. A m\u00e3e de Isabela, professora Kari L\u00facia Forneck, conta que a filha escreveu v\u00e1rios minicontos, de forma muito espont\u00e2nea, mas escolheu submeter os dois textos que foram publicados. Tamb\u00e9m como sugest\u00e3o de sua professora de portugu\u00eas, a estudante agora mant\u00e9m um di\u00e1rio.&nbsp;&nbsp;<\/p>\n\n\n\n<p>\u201cO desafio \u2018Escritos da Quarentena\u2019 oportunizou a voz para quem n\u00e3o tem lugar para dizer o que sente\u201d, explica a professora Kari. Para ela, o <em>site<\/em> compila produ\u00e7\u00f5es muito bonitas, em poucas palavras, demonstrando o quanto as pessoas est\u00e3o sens\u00edveis neste momento de isolamento social.&nbsp;<\/p>\n","protected":false},"excerpt":{"rendered":"<p>Com o objetivo de estimular a produ\u00e7\u00e3o textual durante o per\u00edodo de isolamento social, o desafio \u201cEscritos da Quarentena\u201d contou com a participa\u00e7\u00e3o de mais de 100 autores, de diversas idades e profiss\u00f5es. Os minicontos, poemas e haicais aprovados pela banca avaliadora podem ser encontrados no site univates.br\/escritos-quarentena. \u201cQueremos registrar este momento de isolamento social [&hellip;]<\/p>\n","protected":false},"author":8,"featured_media":69574,"comment_status":"open","ping_status":"open","sticky":false,"template":"","format":"standard","meta":{"pmpro_default_level":"","_jetpack_memberships_contains_paid_content":false,"footnotes":""},"categories":[6],"tags":[718,83],"class_list":{"0":"post-69573","1":"post","2":"type-post","3":"status-publish","4":"format-standard","5":"has-post-thumbnail","7":"category-inclusive","8":"tag-literatura","9":"tag-univates","10":"pmpro-has-access"},"yoast_head":"<!-- This site is optimized with the Yoast SEO plugin v27.5 - https:\/\/yoast.com\/product\/yoast-seo-wordpress\/ -->\n<title>Textos de 100 autores aprovados no projeto \u201cEscritos da Quarentena\u201d s\u00e3o compilados em site - Folha Popular<\/title>\n<meta name=\"robots\" content=\"index, follow, max-snippet:-1, max-image-preview:large, max-video-preview:-1\" \/>\n<link rel=\"canonical\" href=\"https:\/\/folhapopular.info\/index.php\/2020\/05\/27\/textos-de-100-autores-aprovados-no-projeto-escritos-da-quarentena-sao-compilados-em-site\/\" \/>\n<meta property=\"og:locale\" content=\"pt_BR\" \/>\n<meta property=\"og:type\" content=\"article\" \/>\n<meta property=\"og:title\" content=\"Textos de 100 autores aprovados no projeto \u201cEscritos da Quarentena\u201d s\u00e3o compilados em site - Folha Popular\" \/>\n<meta property=\"og:description\" content=\"Com o objetivo de estimular a produ\u00e7\u00e3o textual durante o per\u00edodo de isolamento social, o desafio \u201cEscritos da Quarentena\u201d contou com a participa\u00e7\u00e3o de mais de 100 autores, de diversas idades e profiss\u00f5es. Os minicontos, poemas e haicais aprovados pela banca avaliadora podem ser encontrados no site univates.br\/escritos-quarentena. \u201cQueremos registrar este momento de isolamento social [&hellip;]\" \/>\n<meta property=\"og:url\" content=\"https:\/\/folhapopular.info\/index.php\/2020\/05\/27\/textos-de-100-autores-aprovados-no-projeto-escritos-da-quarentena-sao-compilados-em-site\/\" \/>\n<meta property=\"og:site_name\" content=\"Folha Popular\" \/>\n<meta property=\"article:published_time\" content=\"2020-05-27T13:55:24+00:00\" \/>\n<meta property=\"article:modified_time\" content=\"2020-05-27T13:55:27+00:00\" \/>\n<meta property=\"og:image\" content=\"https:\/\/folhapopular.info\/wp-content\/uploads\/2020\/05\/foto-01-1-e1590587659200.jpg\" \/>\n\t<meta property=\"og:image:width\" content=\"800\" \/>\n\t<meta property=\"og:image:height\" content=\"480\" \/>\n\t<meta property=\"og:image:type\" content=\"image\/jpeg\" \/>\n<meta name=\"author\" content=\"Reda\u00e7\u00e3o Folha Popular\" \/>\n<meta name=\"twitter:card\" content=\"summary_large_image\" \/>\n<meta name=\"twitter:label1\" content=\"Escrito por\" \/>\n\t<meta name=\"twitter:data1\" content=\"Reda\u00e7\u00e3o Folha Popular\" \/>\n\t<meta name=\"twitter:label2\" content=\"Est. tempo de leitura\" \/>\n\t<meta name=\"twitter:data2\" content=\"2 minutos\" \/>\n<script type=\"application\/ld+json\" class=\"yoast-schema-graph\">{\"@context\":\"https:\\\/\\\/schema.org\",\"@graph\":[{\"@type\":\"Article\",\"@id\":\"https:\\\/\\\/folhapopular.info\\\/index.php\\\/2020\\\/05\\\/27\\\/textos-de-100-autores-aprovados-no-projeto-escritos-da-quarentena-sao-compilados-em-site\\\/#article\",\"isPartOf\":{\"@id\":\"https:\\\/\\\/folhapopular.info\\\/index.php\\\/2020\\\/05\\\/27\\\/textos-de-100-autores-aprovados-no-projeto-escritos-da-quarentena-sao-compilados-em-site\\\/\"},\"author\":{\"name\":\"Reda\u00e7\u00e3o Folha Popular\",\"@id\":\"https:\\\/\\\/folhapopular.info\\\/#\\\/schema\\\/person\\\/2814e8a0df7643585a9ca38bc6eb9d4b\"},\"headline\":\"Textos de 100 autores aprovados no projeto \u201cEscritos da Quarentena\u201d s\u00e3o compilados em site\",\"datePublished\":\"2020-05-27T13:55:24+00:00\",\"dateModified\":\"2020-05-27T13:55:27+00:00\",\"mainEntityOfPage\":{\"@id\":\"https:\\\/\\\/folhapopular.info\\\/index.php\\\/2020\\\/05\\\/27\\\/textos-de-100-autores-aprovados-no-projeto-escritos-da-quarentena-sao-compilados-em-site\\\/\"},\"wordCount\":411,\"commentCount\":0,\"image\":{\"@id\":\"https:\\\/\\\/folhapopular.info\\\/index.php\\\/2020\\\/05\\\/27\\\/textos-de-100-autores-aprovados-no-projeto-escritos-da-quarentena-sao-compilados-em-site\\\/#primaryimage\"},\"thumbnailUrl\":\"https:\\\/\\\/folhapopular.info\\\/wp-content\\\/uploads\\\/2020\\\/05\\\/foto-01-1-e1590587659200.jpg\",\"keywords\":[\"Literatura\",\"Univates\"],\"articleSection\":[\"Inclusive\"],\"inLanguage\":\"pt-BR\",\"potentialAction\":[{\"@type\":\"CommentAction\",\"name\":\"Comment\",\"target\":[\"https:\\\/\\\/folhapopular.info\\\/index.php\\\/2020\\\/05\\\/27\\\/textos-de-100-autores-aprovados-no-projeto-escritos-da-quarentena-sao-compilados-em-site\\\/#respond\"]}]},{\"@type\":\"WebPage\",\"@id\":\"https:\\\/\\\/folhapopular.info\\\/index.php\\\/2020\\\/05\\\/27\\\/textos-de-100-autores-aprovados-no-projeto-escritos-da-quarentena-sao-compilados-em-site\\\/\",\"url\":\"https:\\\/\\\/folhapopular.info\\\/index.php\\\/2020\\\/05\\\/27\\\/textos-de-100-autores-aprovados-no-projeto-escritos-da-quarentena-sao-compilados-em-site\\\/\",\"name\":\"Textos de 100 autores aprovados no projeto \u201cEscritos da Quarentena\u201d s\u00e3o compilados em site - Folha Popular\",\"isPartOf\":{\"@id\":\"https:\\\/\\\/folhapopular.info\\\/#website\"},\"primaryImageOfPage\":{\"@id\":\"https:\\\/\\\/folhapopular.info\\\/index.php\\\/2020\\\/05\\\/27\\\/textos-de-100-autores-aprovados-no-projeto-escritos-da-quarentena-sao-compilados-em-site\\\/#primaryimage\"},\"image\":{\"@id\":\"https:\\\/\\\/folhapopular.info\\\/index.php\\\/2020\\\/05\\\/27\\\/textos-de-100-autores-aprovados-no-projeto-escritos-da-quarentena-sao-compilados-em-site\\\/#primaryimage\"},\"thumbnailUrl\":\"https:\\\/\\\/folhapopular.info\\\/wp-content\\\/uploads\\\/2020\\\/05\\\/foto-01-1-e1590587659200.jpg\",\"datePublished\":\"2020-05-27T13:55:24+00:00\",\"dateModified\":\"2020-05-27T13:55:27+00:00\",\"author\":{\"@id\":\"https:\\\/\\\/folhapopular.info\\\/#\\\/schema\\\/person\\\/2814e8a0df7643585a9ca38bc6eb9d4b\"},\"breadcrumb\":{\"@id\":\"https:\\\/\\\/folhapopular.info\\\/index.php\\\/2020\\\/05\\\/27\\\/textos-de-100-autores-aprovados-no-projeto-escritos-da-quarentena-sao-compilados-em-site\\\/#breadcrumb\"},\"inLanguage\":\"pt-BR\",\"potentialAction\":[{\"@type\":\"ReadAction\",\"target\":[\"https:\\\/\\\/folhapopular.info\\\/index.php\\\/2020\\\/05\\\/27\\\/textos-de-100-autores-aprovados-no-projeto-escritos-da-quarentena-sao-compilados-em-site\\\/\"]}]},{\"@type\":\"ImageObject\",\"inLanguage\":\"pt-BR\",\"@id\":\"https:\\\/\\\/folhapopular.info\\\/index.php\\\/2020\\\/05\\\/27\\\/textos-de-100-autores-aprovados-no-projeto-escritos-da-quarentena-sao-compilados-em-site\\\/#primaryimage\",\"url\":\"https:\\\/\\\/folhapopular.info\\\/wp-content\\\/uploads\\\/2020\\\/05\\\/foto-01-1-e1590587659200.jpg\",\"contentUrl\":\"https:\\\/\\\/folhapopular.info\\\/wp-content\\\/uploads\\\/2020\\\/05\\\/foto-01-1-e1590587659200.jpg\",\"width\":800,\"height\":480,\"caption\":\"Autores de diversas idades e profiss\u00f5es escreveram minicontos, poemas e haicais sobre o per\u00edodo de isolamento social\"},{\"@type\":\"BreadcrumbList\",\"@id\":\"https:\\\/\\\/folhapopular.info\\\/index.php\\\/2020\\\/05\\\/27\\\/textos-de-100-autores-aprovados-no-projeto-escritos-da-quarentena-sao-compilados-em-site\\\/#breadcrumb\",\"itemListElement\":[{\"@type\":\"ListItem\",\"position\":1,\"name\":\"In\u00edcio\",\"item\":\"https:\\\/\\\/folhapopular.info\\\/\"},{\"@type\":\"ListItem\",\"position\":2,\"name\":\"Textos de 100 autores aprovados no projeto \u201cEscritos da Quarentena\u201d s\u00e3o compilados em site\"}]},{\"@type\":\"WebSite\",\"@id\":\"https:\\\/\\\/folhapopular.info\\\/#website\",\"url\":\"https:\\\/\\\/folhapopular.info\\\/\",\"name\":\"Folha Popular\",\"description\":\"Onde voc\u00ea tem vez e voz\",\"potentialAction\":[{\"@type\":\"SearchAction\",\"target\":{\"@type\":\"EntryPoint\",\"urlTemplate\":\"https:\\\/\\\/folhapopular.info\\\/?s={search_term_string}\"},\"query-input\":{\"@type\":\"PropertyValueSpecification\",\"valueRequired\":true,\"valueName\":\"search_term_string\"}}],\"inLanguage\":\"pt-BR\"},{\"@type\":\"Person\",\"@id\":\"https:\\\/\\\/folhapopular.info\\\/#\\\/schema\\\/person\\\/2814e8a0df7643585a9ca38bc6eb9d4b\",\"name\":\"Reda\u00e7\u00e3o Folha Popular\",\"image\":{\"@type\":\"ImageObject\",\"inLanguage\":\"pt-BR\",\"@id\":\"https:\\\/\\\/folhapopular.info\\\/wp-content\\\/uploads\\\/2026\\\/04\\\/Folha-1.webp\",\"url\":\"https:\\\/\\\/folhapopular.info\\\/wp-content\\\/uploads\\\/2026\\\/04\\\/Folha-1.webp\",\"contentUrl\":\"https:\\\/\\\/folhapopular.info\\\/wp-content\\\/uploads\\\/2026\\\/04\\\/Folha-1.webp\",\"caption\":\"Reda\u00e7\u00e3o Folha Popular\"},\"url\":\"https:\\\/\\\/folhapopular.info\\\/index.php\\\/author\\\/redacao\\\/\"}]}<\/script>\n<!-- \/ Yoast SEO plugin. -->","yoast_head_json":{"title":"Textos de 100 autores aprovados no projeto \u201cEscritos da Quarentena\u201d s\u00e3o compilados em site - Folha Popular","robots":{"index":"index","follow":"follow","max-snippet":"max-snippet:-1","max-image-preview":"max-image-preview:large","max-video-preview":"max-video-preview:-1"},"canonical":"https:\/\/folhapopular.info\/index.php\/2020\/05\/27\/textos-de-100-autores-aprovados-no-projeto-escritos-da-quarentena-sao-compilados-em-site\/","og_locale":"pt_BR","og_type":"article","og_title":"Textos de 100 autores aprovados no projeto \u201cEscritos da Quarentena\u201d s\u00e3o compilados em site - Folha Popular","og_description":"Com o objetivo de estimular a produ\u00e7\u00e3o textual durante o per\u00edodo de isolamento social, o desafio \u201cEscritos da Quarentena\u201d contou com a participa\u00e7\u00e3o de mais de 100 autores, de diversas idades e profiss\u00f5es. Os minicontos, poemas e haicais aprovados pela banca avaliadora podem ser encontrados no site univates.br\/escritos-quarentena. \u201cQueremos registrar este momento de isolamento social [&hellip;]","og_url":"https:\/\/folhapopular.info\/index.php\/2020\/05\/27\/textos-de-100-autores-aprovados-no-projeto-escritos-da-quarentena-sao-compilados-em-site\/","og_site_name":"Folha Popular","article_published_time":"2020-05-27T13:55:24+00:00","article_modified_time":"2020-05-27T13:55:27+00:00","og_image":[{"width":800,"height":480,"url":"https:\/\/folhapopular.info\/wp-content\/uploads\/2020\/05\/foto-01-1-e1590587659200.jpg","type":"image\/jpeg"}],"author":"Reda\u00e7\u00e3o Folha Popular","twitter_card":"summary_large_image","twitter_misc":{"Escrito por":"Reda\u00e7\u00e3o Folha Popular","Est. tempo de leitura":"2 minutos"},"schema":{"@context":"https:\/\/schema.org","@graph":[{"@type":"Article","@id":"https:\/\/folhapopular.info\/index.php\/2020\/05\/27\/textos-de-100-autores-aprovados-no-projeto-escritos-da-quarentena-sao-compilados-em-site\/#article","isPartOf":{"@id":"https:\/\/folhapopular.info\/index.php\/2020\/05\/27\/textos-de-100-autores-aprovados-no-projeto-escritos-da-quarentena-sao-compilados-em-site\/"},"author":{"name":"Reda\u00e7\u00e3o Folha Popular","@id":"https:\/\/folhapopular.info\/#\/schema\/person\/2814e8a0df7643585a9ca38bc6eb9d4b"},"headline":"Textos de 100 autores aprovados no projeto \u201cEscritos da Quarentena\u201d s\u00e3o compilados em site","datePublished":"2020-05-27T13:55:24+00:00","dateModified":"2020-05-27T13:55:27+00:00","mainEntityOfPage":{"@id":"https:\/\/folhapopular.info\/index.php\/2020\/05\/27\/textos-de-100-autores-aprovados-no-projeto-escritos-da-quarentena-sao-compilados-em-site\/"},"wordCount":411,"commentCount":0,"image":{"@id":"https:\/\/folhapopular.info\/index.php\/2020\/05\/27\/textos-de-100-autores-aprovados-no-projeto-escritos-da-quarentena-sao-compilados-em-site\/#primaryimage"},"thumbnailUrl":"https:\/\/folhapopular.info\/wp-content\/uploads\/2020\/05\/foto-01-1-e1590587659200.jpg","keywords":["Literatura","Univates"],"articleSection":["Inclusive"],"inLanguage":"pt-BR","potentialAction":[{"@type":"CommentAction","name":"Comment","target":["https:\/\/folhapopular.info\/index.php\/2020\/05\/27\/textos-de-100-autores-aprovados-no-projeto-escritos-da-quarentena-sao-compilados-em-site\/#respond"]}]},{"@type":"WebPage","@id":"https:\/\/folhapopular.info\/index.php\/2020\/05\/27\/textos-de-100-autores-aprovados-no-projeto-escritos-da-quarentena-sao-compilados-em-site\/","url":"https:\/\/folhapopular.info\/index.php\/2020\/05\/27\/textos-de-100-autores-aprovados-no-projeto-escritos-da-quarentena-sao-compilados-em-site\/","name":"Textos de 100 autores aprovados no projeto \u201cEscritos da Quarentena\u201d s\u00e3o compilados em site - Folha Popular","isPartOf":{"@id":"https:\/\/folhapopular.info\/#website"},"primaryImageOfPage":{"@id":"https:\/\/folhapopular.info\/index.php\/2020\/05\/27\/textos-de-100-autores-aprovados-no-projeto-escritos-da-quarentena-sao-compilados-em-site\/#primaryimage"},"image":{"@id":"https:\/\/folhapopular.info\/index.php\/2020\/05\/27\/textos-de-100-autores-aprovados-no-projeto-escritos-da-quarentena-sao-compilados-em-site\/#primaryimage"},"thumbnailUrl":"https:\/\/folhapopular.info\/wp-content\/uploads\/2020\/05\/foto-01-1-e1590587659200.jpg","datePublished":"2020-05-27T13:55:24+00:00","dateModified":"2020-05-27T13:55:27+00:00","author":{"@id":"https:\/\/folhapopular.info\/#\/schema\/person\/2814e8a0df7643585a9ca38bc6eb9d4b"},"breadcrumb":{"@id":"https:\/\/folhapopular.info\/index.php\/2020\/05\/27\/textos-de-100-autores-aprovados-no-projeto-escritos-da-quarentena-sao-compilados-em-site\/#breadcrumb"},"inLanguage":"pt-BR","potentialAction":[{"@type":"ReadAction","target":["https:\/\/folhapopular.info\/index.php\/2020\/05\/27\/textos-de-100-autores-aprovados-no-projeto-escritos-da-quarentena-sao-compilados-em-site\/"]}]},{"@type":"ImageObject","inLanguage":"pt-BR","@id":"https:\/\/folhapopular.info\/index.php\/2020\/05\/27\/textos-de-100-autores-aprovados-no-projeto-escritos-da-quarentena-sao-compilados-em-site\/#primaryimage","url":"https:\/\/folhapopular.info\/wp-content\/uploads\/2020\/05\/foto-01-1-e1590587659200.jpg","contentUrl":"https:\/\/folhapopular.info\/wp-content\/uploads\/2020\/05\/foto-01-1-e1590587659200.jpg","width":800,"height":480,"caption":"Autores de diversas idades e profiss\u00f5es escreveram minicontos, poemas e haicais sobre o per\u00edodo de isolamento social"},{"@type":"BreadcrumbList","@id":"https:\/\/folhapopular.info\/index.php\/2020\/05\/27\/textos-de-100-autores-aprovados-no-projeto-escritos-da-quarentena-sao-compilados-em-site\/#breadcrumb","itemListElement":[{"@type":"ListItem","position":1,"name":"In\u00edcio","item":"https:\/\/folhapopular.info\/"},{"@type":"ListItem","position":2,"name":"Textos de 100 autores aprovados no projeto \u201cEscritos da Quarentena\u201d s\u00e3o compilados em site"}]},{"@type":"WebSite","@id":"https:\/\/folhapopular.info\/#website","url":"https:\/\/folhapopular.info\/","name":"Folha Popular","description":"Onde voc\u00ea tem vez e voz","potentialAction":[{"@type":"SearchAction","target":{"@type":"EntryPoint","urlTemplate":"https:\/\/folhapopular.info\/?s={search_term_string}"},"query-input":{"@type":"PropertyValueSpecification","valueRequired":true,"valueName":"search_term_string"}}],"inLanguage":"pt-BR"},{"@type":"Person","@id":"https:\/\/folhapopular.info\/#\/schema\/person\/2814e8a0df7643585a9ca38bc6eb9d4b","name":"Reda\u00e7\u00e3o Folha Popular","image":{"@type":"ImageObject","inLanguage":"pt-BR","@id":"https:\/\/folhapopular.info\/wp-content\/uploads\/2026\/04\/Folha-1.webp","url":"https:\/\/folhapopular.info\/wp-content\/uploads\/2026\/04\/Folha-1.webp","contentUrl":"https:\/\/folhapopular.info\/wp-content\/uploads\/2026\/04\/Folha-1.webp","caption":"Reda\u00e7\u00e3o Folha Popular"},"url":"https:\/\/folhapopular.info\/index.php\/author\/redacao\/"}]}},"jetpack_featured_media_url":"https:\/\/folhapopular.info\/wp-content\/uploads\/2020\/05\/foto-01-1-e1590587659200.jpg","jetpack_sharing_enabled":true,"amp_enabled":true,"_links":{"self":[{"href":"https:\/\/folhapopular.info\/index.php\/wp-json\/wp\/v2\/posts\/69573","targetHints":{"allow":["GET"]}}],"collection":[{"href":"https:\/\/folhapopular.info\/index.php\/wp-json\/wp\/v2\/posts"}],"about":[{"href":"https:\/\/folhapopular.info\/index.php\/wp-json\/wp\/v2\/types\/post"}],"author":[{"embeddable":true,"href":"https:\/\/folhapopular.info\/index.php\/wp-json\/wp\/v2\/users\/8"}],"replies":[{"embeddable":true,"href":"https:\/\/folhapopular.info\/index.php\/wp-json\/wp\/v2\/comments?post=69573"}],"version-history":[{"count":0,"href":"https:\/\/folhapopular.info\/index.php\/wp-json\/wp\/v2\/posts\/69573\/revisions"}],"wp:featuredmedia":[{"embeddable":true,"href":"https:\/\/folhapopular.info\/index.php\/wp-json\/wp\/v2\/media\/69574"}],"wp:attachment":[{"href":"https:\/\/folhapopular.info\/index.php\/wp-json\/wp\/v2\/media?parent=69573"}],"wp:term":[{"taxonomy":"category","embeddable":true,"href":"https:\/\/folhapopular.info\/index.php\/wp-json\/wp\/v2\/categories?post=69573"},{"taxonomy":"post_tag","embeddable":true,"href":"https:\/\/folhapopular.info\/index.php\/wp-json\/wp\/v2\/tags?post=69573"}],"curies":[{"name":"wp","href":"https:\/\/api.w.org\/{rel}","templated":true}]}}