{"id":70104,"date":"2020-06-10T16:26:57","date_gmt":"2020-06-10T19:26:57","guid":{"rendered":"https:\/\/folhapopular.info\/?p=70104"},"modified":"2020-06-11T07:59:13","modified_gmt":"2020-06-11T10:59:13","slug":"prefeitura-de-teutonia-ampliara-repasse-financeiro-a-apae-para-implantacao-de-ppci","status":"publish","type":"post","link":"https:\/\/folhapopular.info\/index.php\/2020\/06\/10\/prefeitura-de-teutonia-ampliara-repasse-financeiro-a-apae-para-implantacao-de-ppci\/","title":{"rendered":"Prefeitura de Teut\u00f4nia ampliar\u00e1 repasse financeiro \u00e0 Apae para implanta\u00e7\u00e3o de PPCI"},"content":{"rendered":"\n<p>A Prefeitura de Teut\u00f4nia ampliar\u00e1 o repasse financeiro \u00e0 Associa\u00e7\u00e3o de Pais e Amigos dos Excepcionais (Apae) do munic\u00edpio, o que permitir\u00e1 \u00e0 entidade a execu\u00e7\u00e3o da implanta\u00e7\u00e3o do Plano de Preven\u00e7\u00e3o Contra Inc\u00eandios (PPCI). A destina\u00e7\u00e3o do recurso foi aprovado pela C\u00e2mara de Vereadores nesta ter\u00e7a-feira, dia 09 de junho.<\/p>\n\n\n\n<p>O prefeito, Jonatan Br\u00f6nstrup, coloca que a destina\u00e7\u00e3o do recurso atende a uma necessidade da Apae. \u201cRecentemente fomos procurados pela entidade, que nos colocou a necessidade da implanta\u00e7\u00e3o do PPCI. Prontamente, procuramos formas de atender esta demanda, para que a Apae possa regularizar sua situa\u00e7\u00e3o e continuar prestando com excel\u00eancia e seguran\u00e7a o seu trabalho \u00edmpar para a comunidade teutoniense e regional\u201d, frisa.<\/p>\n\n\n\n<p>Atualmente, a Apae recebe mensalmente da Prefeitura de Teut\u00f4nia R$ 65.934,75, perfazendo o total R$ 719.217,00 no ano, conforme termo de fomento vigente. O temo de fomento tem como objeto o atendimento de alunos com defici\u00eancia, residentes no munic\u00edpio, matriculados na Educa\u00e7\u00e3o Especial, em seus aspectos f\u00edsicos, emocionais, afetivos, cognitivo-lingu\u00edsticos e sociais.<\/p>\n\n\n\n<p>Em fun\u00e7\u00e3o da pandemia do novo coronav\u00edrus, houve a redu\u00e7\u00e3o das outras fontes de recursos da entidade, como doa\u00e7\u00f5es e a realiza\u00e7\u00e3o de eventos. Isto est\u00e1 impossibilitando outros investimentos na entidade, como a implanta\u00e7\u00e3o do PPCI, para regularizar a sua situa\u00e7\u00e3o perante o Corpo de Bombeiros. Para esta demanda espec\u00edfica, o Munic\u00edpio estar\u00e1 destinando mais R$ 60 mil para a Apae, conforme projeto de lei aprovado nesta ter\u00e7a-feira.<\/p>\n","protected":false},"excerpt":{"rendered":"<p>A Prefeitura de Teut\u00f4nia ampliar\u00e1 o repasse financeiro \u00e0 Associa\u00e7\u00e3o de Pais e Amigos dos Excepcionais (Apae) do munic\u00edpio, o que permitir\u00e1 \u00e0 entidade a execu\u00e7\u00e3o da implanta\u00e7\u00e3o do Plano de Preven\u00e7\u00e3o Contra Inc\u00eandios (PPCI). A destina\u00e7\u00e3o do recurso foi aprovado pela C\u00e2mara de Vereadores nesta ter\u00e7a-feira, dia 09 de junho. O prefeito, Jonatan Br\u00f6nstrup, [&hellip;]<\/p>\n","protected":false},"author":8,"featured_media":70105,"comment_status":"open","ping_status":"open","sticky":false,"template":"","format":"standard","meta":{"pmpro_default_level":"","_jetpack_memberships_contains_paid_content":false,"footnotes":""},"categories":[2,3],"tags":[887,776,26],"class_list":{"0":"post-70104","1":"post","2":"type-post","3":"status-publish","4":"format-standard","5":"has-post-thumbnail","7":"category-featured","8":"category-geral","9":"tag-apae","10":"tag-ppci","11":"tag-teutonia","12":"pmpro-has-access"},"yoast_head":"<!-- This site is optimized with the Yoast SEO plugin v27.5 - https:\/\/yoast.com\/product\/yoast-seo-wordpress\/ -->\n<title>Prefeitura de Teut\u00f4nia ampliar\u00e1 repasse financeiro \u00e0 Apae para implanta\u00e7\u00e3o de PPCI - Folha Popular<\/title>\n<meta name=\"robots\" content=\"index, follow, max-snippet:-1, max-image-preview:large, max-video-preview:-1\" \/>\n<link rel=\"canonical\" href=\"https:\/\/folhapopular.info\/index.php\/2020\/06\/10\/prefeitura-de-teutonia-ampliara-repasse-financeiro-a-apae-para-implantacao-de-ppci\/\" \/>\n<meta property=\"og:locale\" content=\"pt_BR\" \/>\n<meta property=\"og:type\" content=\"article\" \/>\n<meta property=\"og:title\" content=\"Prefeitura de Teut\u00f4nia ampliar\u00e1 repasse financeiro \u00e0 Apae para implanta\u00e7\u00e3o de PPCI - Folha Popular\" \/>\n<meta property=\"og:description\" content=\"A Prefeitura de Teut\u00f4nia ampliar\u00e1 o repasse financeiro \u00e0 Associa\u00e7\u00e3o de Pais e Amigos dos Excepcionais (Apae) do munic\u00edpio, o que permitir\u00e1 \u00e0 entidade a execu\u00e7\u00e3o da implanta\u00e7\u00e3o do Plano de Preven\u00e7\u00e3o Contra Inc\u00eandios (PPCI). A destina\u00e7\u00e3o do recurso foi aprovado pela C\u00e2mara de Vereadores nesta ter\u00e7a-feira, dia 09 de junho. O prefeito, Jonatan Br\u00f6nstrup, [&hellip;]\" \/>\n<meta property=\"og:url\" content=\"https:\/\/folhapopular.info\/index.php\/2020\/06\/10\/prefeitura-de-teutonia-ampliara-repasse-financeiro-a-apae-para-implantacao-de-ppci\/\" \/>\n<meta property=\"og:site_name\" content=\"Folha Popular\" \/>\n<meta property=\"article:published_time\" content=\"2020-06-10T19:26:57+00:00\" \/>\n<meta property=\"article:modified_time\" content=\"2020-06-11T10:59:13+00:00\" \/>\n<meta property=\"og:image\" content=\"https:\/\/folhapopular.info\/wp-content\/uploads\/2020\/06\/Prefeitura-custear\u00e1-instala\u00e7\u00e3o-do-PPCI-na-Apae-scaled-e1591817093291.jpg\" \/>\n\t<meta property=\"og:image:width\" content=\"800\" \/>\n\t<meta property=\"og:image:height\" content=\"533\" \/>\n\t<meta property=\"og:image:type\" content=\"image\/jpeg\" \/>\n<meta name=\"author\" content=\"Reda\u00e7\u00e3o Folha Popular\" \/>\n<meta name=\"twitter:card\" content=\"summary_large_image\" \/>\n<meta name=\"twitter:label1\" content=\"Escrito por\" \/>\n\t<meta name=\"twitter:data1\" content=\"Reda\u00e7\u00e3o Folha Popular\" \/>\n\t<meta name=\"twitter:label2\" content=\"Est. tempo de leitura\" \/>\n\t<meta name=\"twitter:data2\" content=\"1 minuto\" \/>\n<script type=\"application\/ld+json\" class=\"yoast-schema-graph\">{\"@context\":\"https:\\\/\\\/schema.org\",\"@graph\":[{\"@type\":\"Article\",\"@id\":\"https:\\\/\\\/folhapopular.info\\\/index.php\\\/2020\\\/06\\\/10\\\/prefeitura-de-teutonia-ampliara-repasse-financeiro-a-apae-para-implantacao-de-ppci\\\/#article\",\"isPartOf\":{\"@id\":\"https:\\\/\\\/folhapopular.info\\\/index.php\\\/2020\\\/06\\\/10\\\/prefeitura-de-teutonia-ampliara-repasse-financeiro-a-apae-para-implantacao-de-ppci\\\/\"},\"author\":{\"name\":\"Reda\u00e7\u00e3o Folha Popular\",\"@id\":\"https:\\\/\\\/folhapopular.info\\\/#\\\/schema\\\/person\\\/2814e8a0df7643585a9ca38bc6eb9d4b\"},\"headline\":\"Prefeitura de Teut\u00f4nia ampliar\u00e1 repasse financeiro \u00e0 Apae para implanta\u00e7\u00e3o de PPCI\",\"datePublished\":\"2020-06-10T19:26:57+00:00\",\"dateModified\":\"2020-06-11T10:59:13+00:00\",\"mainEntityOfPage\":{\"@id\":\"https:\\\/\\\/folhapopular.info\\\/index.php\\\/2020\\\/06\\\/10\\\/prefeitura-de-teutonia-ampliara-repasse-financeiro-a-apae-para-implantacao-de-ppci\\\/\"},\"wordCount\":273,\"commentCount\":0,\"image\":{\"@id\":\"https:\\\/\\\/folhapopular.info\\\/index.php\\\/2020\\\/06\\\/10\\\/prefeitura-de-teutonia-ampliara-repasse-financeiro-a-apae-para-implantacao-de-ppci\\\/#primaryimage\"},\"thumbnailUrl\":\"https:\\\/\\\/folhapopular.info\\\/wp-content\\\/uploads\\\/2020\\\/06\\\/Prefeitura-custear\u00e1-instala\u00e7\u00e3o-do-PPCI-na-Apae-scaled-e1591817093291.jpg\",\"keywords\":[\"Apae\",\"PPCI\",\"Teut\u00f4nia\"],\"articleSection\":[\"Destaques\",\"Geral\"],\"inLanguage\":\"pt-BR\",\"potentialAction\":[{\"@type\":\"CommentAction\",\"name\":\"Comment\",\"target\":[\"https:\\\/\\\/folhapopular.info\\\/index.php\\\/2020\\\/06\\\/10\\\/prefeitura-de-teutonia-ampliara-repasse-financeiro-a-apae-para-implantacao-de-ppci\\\/#respond\"]}]},{\"@type\":\"WebPage\",\"@id\":\"https:\\\/\\\/folhapopular.info\\\/index.php\\\/2020\\\/06\\\/10\\\/prefeitura-de-teutonia-ampliara-repasse-financeiro-a-apae-para-implantacao-de-ppci\\\/\",\"url\":\"https:\\\/\\\/folhapopular.info\\\/index.php\\\/2020\\\/06\\\/10\\\/prefeitura-de-teutonia-ampliara-repasse-financeiro-a-apae-para-implantacao-de-ppci\\\/\",\"name\":\"Prefeitura de Teut\u00f4nia ampliar\u00e1 repasse financeiro \u00e0 Apae para implanta\u00e7\u00e3o de PPCI - Folha Popular\",\"isPartOf\":{\"@id\":\"https:\\\/\\\/folhapopular.info\\\/#website\"},\"primaryImageOfPage\":{\"@id\":\"https:\\\/\\\/folhapopular.info\\\/index.php\\\/2020\\\/06\\\/10\\\/prefeitura-de-teutonia-ampliara-repasse-financeiro-a-apae-para-implantacao-de-ppci\\\/#primaryimage\"},\"image\":{\"@id\":\"https:\\\/\\\/folhapopular.info\\\/index.php\\\/2020\\\/06\\\/10\\\/prefeitura-de-teutonia-ampliara-repasse-financeiro-a-apae-para-implantacao-de-ppci\\\/#primaryimage\"},\"thumbnailUrl\":\"https:\\\/\\\/folhapopular.info\\\/wp-content\\\/uploads\\\/2020\\\/06\\\/Prefeitura-custear\u00e1-instala\u00e7\u00e3o-do-PPCI-na-Apae-scaled-e1591817093291.jpg\",\"datePublished\":\"2020-06-10T19:26:57+00:00\",\"dateModified\":\"2020-06-11T10:59:13+00:00\",\"author\":{\"@id\":\"https:\\\/\\\/folhapopular.info\\\/#\\\/schema\\\/person\\\/2814e8a0df7643585a9ca38bc6eb9d4b\"},\"breadcrumb\":{\"@id\":\"https:\\\/\\\/folhapopular.info\\\/index.php\\\/2020\\\/06\\\/10\\\/prefeitura-de-teutonia-ampliara-repasse-financeiro-a-apae-para-implantacao-de-ppci\\\/#breadcrumb\"},\"inLanguage\":\"pt-BR\",\"potentialAction\":[{\"@type\":\"ReadAction\",\"target\":[\"https:\\\/\\\/folhapopular.info\\\/index.php\\\/2020\\\/06\\\/10\\\/prefeitura-de-teutonia-ampliara-repasse-financeiro-a-apae-para-implantacao-de-ppci\\\/\"]}]},{\"@type\":\"ImageObject\",\"inLanguage\":\"pt-BR\",\"@id\":\"https:\\\/\\\/folhapopular.info\\\/index.php\\\/2020\\\/06\\\/10\\\/prefeitura-de-teutonia-ampliara-repasse-financeiro-a-apae-para-implantacao-de-ppci\\\/#primaryimage\",\"url\":\"https:\\\/\\\/folhapopular.info\\\/wp-content\\\/uploads\\\/2020\\\/06\\\/Prefeitura-custear\u00e1-instala\u00e7\u00e3o-do-PPCI-na-Apae-scaled-e1591817093291.jpg\",\"contentUrl\":\"https:\\\/\\\/folhapopular.info\\\/wp-content\\\/uploads\\\/2020\\\/06\\\/Prefeitura-custear\u00e1-instala\u00e7\u00e3o-do-PPCI-na-Apae-scaled-e1591817093291.jpg\",\"width\":800,\"height\":533,\"caption\":\"Prefeitura custear\u00e1 instala\u00e7\u00e3o do PPCI na Apae \\\/ Cr\u00e9dito da foto: \u00c9dson Lu\u00eds Schaeffer\\\/divulga\u00e7\u00e3o\"},{\"@type\":\"BreadcrumbList\",\"@id\":\"https:\\\/\\\/folhapopular.info\\\/index.php\\\/2020\\\/06\\\/10\\\/prefeitura-de-teutonia-ampliara-repasse-financeiro-a-apae-para-implantacao-de-ppci\\\/#breadcrumb\",\"itemListElement\":[{\"@type\":\"ListItem\",\"position\":1,\"name\":\"In\u00edcio\",\"item\":\"https:\\\/\\\/folhapopular.info\\\/\"},{\"@type\":\"ListItem\",\"position\":2,\"name\":\"Prefeitura de Teut\u00f4nia ampliar\u00e1 repasse financeiro \u00e0 Apae para implanta\u00e7\u00e3o de PPCI\"}]},{\"@type\":\"WebSite\",\"@id\":\"https:\\\/\\\/folhapopular.info\\\/#website\",\"url\":\"https:\\\/\\\/folhapopular.info\\\/\",\"name\":\"Folha Popular\",\"description\":\"Onde voc\u00ea tem vez e voz\",\"potentialAction\":[{\"@type\":\"SearchAction\",\"target\":{\"@type\":\"EntryPoint\",\"urlTemplate\":\"https:\\\/\\\/folhapopular.info\\\/?s={search_term_string}\"},\"query-input\":{\"@type\":\"PropertyValueSpecification\",\"valueRequired\":true,\"valueName\":\"search_term_string\"}}],\"inLanguage\":\"pt-BR\"},{\"@type\":\"Person\",\"@id\":\"https:\\\/\\\/folhapopular.info\\\/#\\\/schema\\\/person\\\/2814e8a0df7643585a9ca38bc6eb9d4b\",\"name\":\"Reda\u00e7\u00e3o Folha Popular\",\"image\":{\"@type\":\"ImageObject\",\"inLanguage\":\"pt-BR\",\"@id\":\"https:\\\/\\\/folhapopular.info\\\/wp-content\\\/uploads\\\/2026\\\/04\\\/Folha-1.webp\",\"url\":\"https:\\\/\\\/folhapopular.info\\\/wp-content\\\/uploads\\\/2026\\\/04\\\/Folha-1.webp\",\"contentUrl\":\"https:\\\/\\\/folhapopular.info\\\/wp-content\\\/uploads\\\/2026\\\/04\\\/Folha-1.webp\",\"caption\":\"Reda\u00e7\u00e3o Folha Popular\"},\"url\":\"https:\\\/\\\/folhapopular.info\\\/index.php\\\/author\\\/redacao\\\/\"}]}<\/script>\n<!-- \/ Yoast SEO plugin. -->","yoast_head_json":{"title":"Prefeitura de Teut\u00f4nia ampliar\u00e1 repasse financeiro \u00e0 Apae para implanta\u00e7\u00e3o de PPCI - Folha Popular","robots":{"index":"index","follow":"follow","max-snippet":"max-snippet:-1","max-image-preview":"max-image-preview:large","max-video-preview":"max-video-preview:-1"},"canonical":"https:\/\/folhapopular.info\/index.php\/2020\/06\/10\/prefeitura-de-teutonia-ampliara-repasse-financeiro-a-apae-para-implantacao-de-ppci\/","og_locale":"pt_BR","og_type":"article","og_title":"Prefeitura de Teut\u00f4nia ampliar\u00e1 repasse financeiro \u00e0 Apae para implanta\u00e7\u00e3o de PPCI - Folha Popular","og_description":"A Prefeitura de Teut\u00f4nia ampliar\u00e1 o repasse financeiro \u00e0 Associa\u00e7\u00e3o de Pais e Amigos dos Excepcionais (Apae) do munic\u00edpio, o que permitir\u00e1 \u00e0 entidade a execu\u00e7\u00e3o da implanta\u00e7\u00e3o do Plano de Preven\u00e7\u00e3o Contra Inc\u00eandios (PPCI). A destina\u00e7\u00e3o do recurso foi aprovado pela C\u00e2mara de Vereadores nesta ter\u00e7a-feira, dia 09 de junho. O prefeito, Jonatan Br\u00f6nstrup, [&hellip;]","og_url":"https:\/\/folhapopular.info\/index.php\/2020\/06\/10\/prefeitura-de-teutonia-ampliara-repasse-financeiro-a-apae-para-implantacao-de-ppci\/","og_site_name":"Folha Popular","article_published_time":"2020-06-10T19:26:57+00:00","article_modified_time":"2020-06-11T10:59:13+00:00","og_image":[{"width":800,"height":533,"url":"https:\/\/folhapopular.info\/wp-content\/uploads\/2020\/06\/Prefeitura-custear\u00e1-instala\u00e7\u00e3o-do-PPCI-na-Apae-scaled-e1591817093291.jpg","type":"image\/jpeg"}],"author":"Reda\u00e7\u00e3o Folha Popular","twitter_card":"summary_large_image","twitter_misc":{"Escrito por":"Reda\u00e7\u00e3o Folha Popular","Est. tempo de leitura":"1 minuto"},"schema":{"@context":"https:\/\/schema.org","@graph":[{"@type":"Article","@id":"https:\/\/folhapopular.info\/index.php\/2020\/06\/10\/prefeitura-de-teutonia-ampliara-repasse-financeiro-a-apae-para-implantacao-de-ppci\/#article","isPartOf":{"@id":"https:\/\/folhapopular.info\/index.php\/2020\/06\/10\/prefeitura-de-teutonia-ampliara-repasse-financeiro-a-apae-para-implantacao-de-ppci\/"},"author":{"name":"Reda\u00e7\u00e3o Folha Popular","@id":"https:\/\/folhapopular.info\/#\/schema\/person\/2814e8a0df7643585a9ca38bc6eb9d4b"},"headline":"Prefeitura de Teut\u00f4nia ampliar\u00e1 repasse financeiro \u00e0 Apae para implanta\u00e7\u00e3o de PPCI","datePublished":"2020-06-10T19:26:57+00:00","dateModified":"2020-06-11T10:59:13+00:00","mainEntityOfPage":{"@id":"https:\/\/folhapopular.info\/index.php\/2020\/06\/10\/prefeitura-de-teutonia-ampliara-repasse-financeiro-a-apae-para-implantacao-de-ppci\/"},"wordCount":273,"commentCount":0,"image":{"@id":"https:\/\/folhapopular.info\/index.php\/2020\/06\/10\/prefeitura-de-teutonia-ampliara-repasse-financeiro-a-apae-para-implantacao-de-ppci\/#primaryimage"},"thumbnailUrl":"https:\/\/folhapopular.info\/wp-content\/uploads\/2020\/06\/Prefeitura-custear\u00e1-instala\u00e7\u00e3o-do-PPCI-na-Apae-scaled-e1591817093291.jpg","keywords":["Apae","PPCI","Teut\u00f4nia"],"articleSection":["Destaques","Geral"],"inLanguage":"pt-BR","potentialAction":[{"@type":"CommentAction","name":"Comment","target":["https:\/\/folhapopular.info\/index.php\/2020\/06\/10\/prefeitura-de-teutonia-ampliara-repasse-financeiro-a-apae-para-implantacao-de-ppci\/#respond"]}]},{"@type":"WebPage","@id":"https:\/\/folhapopular.info\/index.php\/2020\/06\/10\/prefeitura-de-teutonia-ampliara-repasse-financeiro-a-apae-para-implantacao-de-ppci\/","url":"https:\/\/folhapopular.info\/index.php\/2020\/06\/10\/prefeitura-de-teutonia-ampliara-repasse-financeiro-a-apae-para-implantacao-de-ppci\/","name":"Prefeitura de Teut\u00f4nia ampliar\u00e1 repasse financeiro \u00e0 Apae para implanta\u00e7\u00e3o de PPCI - Folha Popular","isPartOf":{"@id":"https:\/\/folhapopular.info\/#website"},"primaryImageOfPage":{"@id":"https:\/\/folhapopular.info\/index.php\/2020\/06\/10\/prefeitura-de-teutonia-ampliara-repasse-financeiro-a-apae-para-implantacao-de-ppci\/#primaryimage"},"image":{"@id":"https:\/\/folhapopular.info\/index.php\/2020\/06\/10\/prefeitura-de-teutonia-ampliara-repasse-financeiro-a-apae-para-implantacao-de-ppci\/#primaryimage"},"thumbnailUrl":"https:\/\/folhapopular.info\/wp-content\/uploads\/2020\/06\/Prefeitura-custear\u00e1-instala\u00e7\u00e3o-do-PPCI-na-Apae-scaled-e1591817093291.jpg","datePublished":"2020-06-10T19:26:57+00:00","dateModified":"2020-06-11T10:59:13+00:00","author":{"@id":"https:\/\/folhapopular.info\/#\/schema\/person\/2814e8a0df7643585a9ca38bc6eb9d4b"},"breadcrumb":{"@id":"https:\/\/folhapopular.info\/index.php\/2020\/06\/10\/prefeitura-de-teutonia-ampliara-repasse-financeiro-a-apae-para-implantacao-de-ppci\/#breadcrumb"},"inLanguage":"pt-BR","potentialAction":[{"@type":"ReadAction","target":["https:\/\/folhapopular.info\/index.php\/2020\/06\/10\/prefeitura-de-teutonia-ampliara-repasse-financeiro-a-apae-para-implantacao-de-ppci\/"]}]},{"@type":"ImageObject","inLanguage":"pt-BR","@id":"https:\/\/folhapopular.info\/index.php\/2020\/06\/10\/prefeitura-de-teutonia-ampliara-repasse-financeiro-a-apae-para-implantacao-de-ppci\/#primaryimage","url":"https:\/\/folhapopular.info\/wp-content\/uploads\/2020\/06\/Prefeitura-custear\u00e1-instala\u00e7\u00e3o-do-PPCI-na-Apae-scaled-e1591817093291.jpg","contentUrl":"https:\/\/folhapopular.info\/wp-content\/uploads\/2020\/06\/Prefeitura-custear\u00e1-instala\u00e7\u00e3o-do-PPCI-na-Apae-scaled-e1591817093291.jpg","width":800,"height":533,"caption":"Prefeitura custear\u00e1 instala\u00e7\u00e3o do PPCI na Apae \/ Cr\u00e9dito da foto: \u00c9dson Lu\u00eds Schaeffer\/divulga\u00e7\u00e3o"},{"@type":"BreadcrumbList","@id":"https:\/\/folhapopular.info\/index.php\/2020\/06\/10\/prefeitura-de-teutonia-ampliara-repasse-financeiro-a-apae-para-implantacao-de-ppci\/#breadcrumb","itemListElement":[{"@type":"ListItem","position":1,"name":"In\u00edcio","item":"https:\/\/folhapopular.info\/"},{"@type":"ListItem","position":2,"name":"Prefeitura de Teut\u00f4nia ampliar\u00e1 repasse financeiro \u00e0 Apae para implanta\u00e7\u00e3o de PPCI"}]},{"@type":"WebSite","@id":"https:\/\/folhapopular.info\/#website","url":"https:\/\/folhapopular.info\/","name":"Folha Popular","description":"Onde voc\u00ea tem vez e voz","potentialAction":[{"@type":"SearchAction","target":{"@type":"EntryPoint","urlTemplate":"https:\/\/folhapopular.info\/?s={search_term_string}"},"query-input":{"@type":"PropertyValueSpecification","valueRequired":true,"valueName":"search_term_string"}}],"inLanguage":"pt-BR"},{"@type":"Person","@id":"https:\/\/folhapopular.info\/#\/schema\/person\/2814e8a0df7643585a9ca38bc6eb9d4b","name":"Reda\u00e7\u00e3o Folha Popular","image":{"@type":"ImageObject","inLanguage":"pt-BR","@id":"https:\/\/folhapopular.info\/wp-content\/uploads\/2026\/04\/Folha-1.webp","url":"https:\/\/folhapopular.info\/wp-content\/uploads\/2026\/04\/Folha-1.webp","contentUrl":"https:\/\/folhapopular.info\/wp-content\/uploads\/2026\/04\/Folha-1.webp","caption":"Reda\u00e7\u00e3o Folha Popular"},"url":"https:\/\/folhapopular.info\/index.php\/author\/redacao\/"}]}},"jetpack_featured_media_url":"https:\/\/folhapopular.info\/wp-content\/uploads\/2020\/06\/Prefeitura-custear\u00e1-instala\u00e7\u00e3o-do-PPCI-na-Apae-scaled-e1591817093291.jpg","jetpack_sharing_enabled":true,"amp_enabled":true,"_links":{"self":[{"href":"https:\/\/folhapopular.info\/index.php\/wp-json\/wp\/v2\/posts\/70104","targetHints":{"allow":["GET"]}}],"collection":[{"href":"https:\/\/folhapopular.info\/index.php\/wp-json\/wp\/v2\/posts"}],"about":[{"href":"https:\/\/folhapopular.info\/index.php\/wp-json\/wp\/v2\/types\/post"}],"author":[{"embeddable":true,"href":"https:\/\/folhapopular.info\/index.php\/wp-json\/wp\/v2\/users\/8"}],"replies":[{"embeddable":true,"href":"https:\/\/folhapopular.info\/index.php\/wp-json\/wp\/v2\/comments?post=70104"}],"version-history":[{"count":0,"href":"https:\/\/folhapopular.info\/index.php\/wp-json\/wp\/v2\/posts\/70104\/revisions"}],"wp:featuredmedia":[{"embeddable":true,"href":"https:\/\/folhapopular.info\/index.php\/wp-json\/wp\/v2\/media\/70105"}],"wp:attachment":[{"href":"https:\/\/folhapopular.info\/index.php\/wp-json\/wp\/v2\/media?parent=70104"}],"wp:term":[{"taxonomy":"category","embeddable":true,"href":"https:\/\/folhapopular.info\/index.php\/wp-json\/wp\/v2\/categories?post=70104"},{"taxonomy":"post_tag","embeddable":true,"href":"https:\/\/folhapopular.info\/index.php\/wp-json\/wp\/v2\/tags?post=70104"}],"curies":[{"name":"wp","href":"https:\/\/api.w.org\/{rel}","templated":true}]}}