{"id":70413,"date":"2020-06-19T08:56:46","date_gmt":"2020-06-19T11:56:46","guid":{"rendered":"https:\/\/folhapopular.info\/?p=70413"},"modified":"2020-06-19T08:57:52","modified_gmt":"2020-06-19T11:57:52","slug":"iniciada-a-instalacao-das-super-paradas-de-onibus-em-lajeado","status":"publish","type":"post","link":"https:\/\/folhapopular.info\/index.php\/2020\/06\/19\/iniciada-a-instalacao-das-super-paradas-de-onibus-em-lajeado\/","title":{"rendered":"Iniciada a instala\u00e7\u00e3o das super paradas de \u00f4nibus em Lajeado"},"content":{"rendered":"\n<p>Nesta quinta-feira (18\/06), a Prefeitura de Lajeado iniciou a instala\u00e7\u00e3o das novas super paradas de \u00f4nibus que ser\u00e3o instaladas em duas vias movimentadas do munic\u00edpio.\u00a0<\/p>\n\n\n\n<p>A parada de cont\u00eainer com 30 metros de cobertura foi a primeira a ter a execu\u00e7\u00e3o iniciada. Ela est\u00e1 localizada no Parque dos Dick, no ponto de desvio para os \u00f4nibus estacionarem enquanto os passageiros sobem e descem do coletivo, na Rua Jo\u00e3o Abott.&nbsp;Quando este ponto estiver conclu\u00eddo, ser\u00e1 montada a segunda super parada, um abrigo envidra\u00e7ado, com 34,8 metros quadrados de cobertura, situado na Avenida Benjamin Constant, pr\u00f3xima \u00e1 ag\u00eancia do Banrisul.<\/p>\n\n\n\n<p>Segundo o coordenador do setor de Projetos Especiais e Capta\u00e7\u00e3o de Recursos da prefeitura, Isidoro Fornari Neto, as super paradas contar\u00e3o com luzes, rampas de acessibilidade e bancos. H\u00e1 possibilidade de serem instalados sistema de climatiza\u00e7\u00e3o e Wi-Fi. \u201cEsse projeto de instala\u00e7\u00e3o das paradas vem para somar com a nova frota de \u00f4nibus que ir\u00e3o circular na cidade. Queremos garantir que os mun\u00edcipes tenham acesso ao conforto e tamb\u00e9m,&nbsp; seguran\u00e7a no uso do transporte p\u00fablico\u201d, explicou Fornari.<\/p>\n\n\n\n<p>Al\u00e9m das duas grandes paradas, outros 134 abrigos para pontos de \u00f4nibus, com de 6,4m, tamb\u00e9m ser\u00e3o instalados em diversos bairros do munic\u00edpio. Os investimentos de compra e montagem deste segundo tipo de paradas, no valor de R$\u00a01.099.923,16,\u00a0foram viabilizados por meio do programa do Governo Federal Avan\u00e7ar Cidades. Elas ser\u00e3o instaladas ao longo das pr\u00f3ximas semanas.<\/p>\n","protected":false},"excerpt":{"rendered":"<p>Nesta quinta-feira (18\/06), a Prefeitura de Lajeado iniciou a instala\u00e7\u00e3o das novas super paradas de \u00f4nibus que ser\u00e3o instaladas em duas vias movimentadas do munic\u00edpio.\u00a0 A parada de cont\u00eainer com 30 metros de cobertura foi a primeira a ter a execu\u00e7\u00e3o iniciada. Ela est\u00e1 localizada no Parque dos Dick, no ponto de desvio para os [&hellip;]<\/p>\n","protected":false},"author":8,"featured_media":70414,"comment_status":"open","ping_status":"open","sticky":false,"template":"","format":"standard","meta":{"pmpro_default_level":"","_jetpack_memberships_contains_paid_content":false,"footnotes":""},"categories":[2,3],"tags":[27,6004],"class_list":{"0":"post-70413","1":"post","2":"type-post","3":"status-publish","4":"format-standard","5":"has-post-thumbnail","7":"category-featured","8":"category-geral","9":"tag-lajeado","10":"tag-parada-de-onibus","11":"pmpro-has-access"},"yoast_head":"<!-- This site is optimized with the Yoast SEO plugin v27.5 - https:\/\/yoast.com\/product\/yoast-seo-wordpress\/ -->\n<title>Iniciada a instala\u00e7\u00e3o das super paradas de \u00f4nibus em Lajeado - Folha Popular<\/title>\n<meta name=\"robots\" content=\"index, follow, max-snippet:-1, max-image-preview:large, max-video-preview:-1\" \/>\n<link rel=\"canonical\" href=\"https:\/\/folhapopular.info\/index.php\/2020\/06\/19\/iniciada-a-instalacao-das-super-paradas-de-onibus-em-lajeado\/\" \/>\n<meta property=\"og:locale\" content=\"pt_BR\" \/>\n<meta property=\"og:type\" content=\"article\" \/>\n<meta property=\"og:title\" content=\"Iniciada a instala\u00e7\u00e3o das super paradas de \u00f4nibus em Lajeado - Folha Popular\" \/>\n<meta property=\"og:description\" content=\"Nesta quinta-feira (18\/06), a Prefeitura de Lajeado iniciou a instala\u00e7\u00e3o das novas super paradas de \u00f4nibus que ser\u00e3o instaladas em duas vias movimentadas do munic\u00edpio.\u00a0 A parada de cont\u00eainer com 30 metros de cobertura foi a primeira a ter a execu\u00e7\u00e3o iniciada. Ela est\u00e1 localizada no Parque dos Dick, no ponto de desvio para os [&hellip;]\" \/>\n<meta property=\"og:url\" content=\"https:\/\/folhapopular.info\/index.php\/2020\/06\/19\/iniciada-a-instalacao-das-super-paradas-de-onibus-em-lajeado\/\" \/>\n<meta property=\"og:site_name\" content=\"Folha Popular\" \/>\n<meta property=\"article:published_time\" content=\"2020-06-19T11:56:46+00:00\" \/>\n<meta property=\"article:modified_time\" content=\"2020-06-19T11:57:52+00:00\" \/>\n<meta property=\"og:image\" content=\"https:\/\/folhapopular.info\/wp-content\/uploads\/2020\/06\/Instala\u00e7\u00e3o-scaled-e1592567790370.jpg\" \/>\n\t<meta property=\"og:image:width\" content=\"800\" \/>\n\t<meta property=\"og:image:height\" content=\"533\" \/>\n\t<meta property=\"og:image:type\" content=\"image\/jpeg\" \/>\n<meta name=\"author\" content=\"Reda\u00e7\u00e3o Folha Popular\" \/>\n<meta name=\"twitter:card\" content=\"summary_large_image\" \/>\n<meta name=\"twitter:label1\" content=\"Escrito por\" \/>\n\t<meta name=\"twitter:data1\" content=\"Reda\u00e7\u00e3o Folha Popular\" \/>\n\t<meta name=\"twitter:label2\" content=\"Est. tempo de leitura\" \/>\n\t<meta name=\"twitter:data2\" content=\"1 minuto\" \/>\n<script type=\"application\/ld+json\" class=\"yoast-schema-graph\">{\"@context\":\"https:\\\/\\\/schema.org\",\"@graph\":[{\"@type\":\"Article\",\"@id\":\"https:\\\/\\\/folhapopular.info\\\/index.php\\\/2020\\\/06\\\/19\\\/iniciada-a-instalacao-das-super-paradas-de-onibus-em-lajeado\\\/#article\",\"isPartOf\":{\"@id\":\"https:\\\/\\\/folhapopular.info\\\/index.php\\\/2020\\\/06\\\/19\\\/iniciada-a-instalacao-das-super-paradas-de-onibus-em-lajeado\\\/\"},\"author\":{\"name\":\"Reda\u00e7\u00e3o Folha Popular\",\"@id\":\"https:\\\/\\\/folhapopular.info\\\/#\\\/schema\\\/person\\\/2814e8a0df7643585a9ca38bc6eb9d4b\"},\"headline\":\"Iniciada a instala\u00e7\u00e3o das super paradas de \u00f4nibus em Lajeado\",\"datePublished\":\"2020-06-19T11:56:46+00:00\",\"dateModified\":\"2020-06-19T11:57:52+00:00\",\"mainEntityOfPage\":{\"@id\":\"https:\\\/\\\/folhapopular.info\\\/index.php\\\/2020\\\/06\\\/19\\\/iniciada-a-instalacao-das-super-paradas-de-onibus-em-lajeado\\\/\"},\"wordCount\":267,\"commentCount\":0,\"image\":{\"@id\":\"https:\\\/\\\/folhapopular.info\\\/index.php\\\/2020\\\/06\\\/19\\\/iniciada-a-instalacao-das-super-paradas-de-onibus-em-lajeado\\\/#primaryimage\"},\"thumbnailUrl\":\"https:\\\/\\\/folhapopular.info\\\/wp-content\\\/uploads\\\/2020\\\/06\\\/Instala\u00e7\u00e3o-scaled-e1592567790370.jpg\",\"keywords\":[\"Lajeado\",\"Parada de \u00f4nibus\"],\"articleSection\":[\"Destaques\",\"Geral\"],\"inLanguage\":\"pt-BR\",\"potentialAction\":[{\"@type\":\"CommentAction\",\"name\":\"Comment\",\"target\":[\"https:\\\/\\\/folhapopular.info\\\/index.php\\\/2020\\\/06\\\/19\\\/iniciada-a-instalacao-das-super-paradas-de-onibus-em-lajeado\\\/#respond\"]}]},{\"@type\":\"WebPage\",\"@id\":\"https:\\\/\\\/folhapopular.info\\\/index.php\\\/2020\\\/06\\\/19\\\/iniciada-a-instalacao-das-super-paradas-de-onibus-em-lajeado\\\/\",\"url\":\"https:\\\/\\\/folhapopular.info\\\/index.php\\\/2020\\\/06\\\/19\\\/iniciada-a-instalacao-das-super-paradas-de-onibus-em-lajeado\\\/\",\"name\":\"Iniciada a instala\u00e7\u00e3o das super paradas de \u00f4nibus em Lajeado - Folha Popular\",\"isPartOf\":{\"@id\":\"https:\\\/\\\/folhapopular.info\\\/#website\"},\"primaryImageOfPage\":{\"@id\":\"https:\\\/\\\/folhapopular.info\\\/index.php\\\/2020\\\/06\\\/19\\\/iniciada-a-instalacao-das-super-paradas-de-onibus-em-lajeado\\\/#primaryimage\"},\"image\":{\"@id\":\"https:\\\/\\\/folhapopular.info\\\/index.php\\\/2020\\\/06\\\/19\\\/iniciada-a-instalacao-das-super-paradas-de-onibus-em-lajeado\\\/#primaryimage\"},\"thumbnailUrl\":\"https:\\\/\\\/folhapopular.info\\\/wp-content\\\/uploads\\\/2020\\\/06\\\/Instala\u00e7\u00e3o-scaled-e1592567790370.jpg\",\"datePublished\":\"2020-06-19T11:56:46+00:00\",\"dateModified\":\"2020-06-19T11:57:52+00:00\",\"author\":{\"@id\":\"https:\\\/\\\/folhapopular.info\\\/#\\\/schema\\\/person\\\/2814e8a0df7643585a9ca38bc6eb9d4b\"},\"breadcrumb\":{\"@id\":\"https:\\\/\\\/folhapopular.info\\\/index.php\\\/2020\\\/06\\\/19\\\/iniciada-a-instalacao-das-super-paradas-de-onibus-em-lajeado\\\/#breadcrumb\"},\"inLanguage\":\"pt-BR\",\"potentialAction\":[{\"@type\":\"ReadAction\",\"target\":[\"https:\\\/\\\/folhapopular.info\\\/index.php\\\/2020\\\/06\\\/19\\\/iniciada-a-instalacao-das-super-paradas-de-onibus-em-lajeado\\\/\"]}]},{\"@type\":\"ImageObject\",\"inLanguage\":\"pt-BR\",\"@id\":\"https:\\\/\\\/folhapopular.info\\\/index.php\\\/2020\\\/06\\\/19\\\/iniciada-a-instalacao-das-super-paradas-de-onibus-em-lajeado\\\/#primaryimage\",\"url\":\"https:\\\/\\\/folhapopular.info\\\/wp-content\\\/uploads\\\/2020\\\/06\\\/Instala\u00e7\u00e3o-scaled-e1592567790370.jpg\",\"contentUrl\":\"https:\\\/\\\/folhapopular.info\\\/wp-content\\\/uploads\\\/2020\\\/06\\\/Instala\u00e7\u00e3o-scaled-e1592567790370.jpg\",\"width\":800,\"height\":533},{\"@type\":\"BreadcrumbList\",\"@id\":\"https:\\\/\\\/folhapopular.info\\\/index.php\\\/2020\\\/06\\\/19\\\/iniciada-a-instalacao-das-super-paradas-de-onibus-em-lajeado\\\/#breadcrumb\",\"itemListElement\":[{\"@type\":\"ListItem\",\"position\":1,\"name\":\"In\u00edcio\",\"item\":\"https:\\\/\\\/folhapopular.info\\\/\"},{\"@type\":\"ListItem\",\"position\":2,\"name\":\"Iniciada a instala\u00e7\u00e3o das super paradas de \u00f4nibus em Lajeado\"}]},{\"@type\":\"WebSite\",\"@id\":\"https:\\\/\\\/folhapopular.info\\\/#website\",\"url\":\"https:\\\/\\\/folhapopular.info\\\/\",\"name\":\"Folha Popular\",\"description\":\"Onde voc\u00ea tem vez e voz\",\"potentialAction\":[{\"@type\":\"SearchAction\",\"target\":{\"@type\":\"EntryPoint\",\"urlTemplate\":\"https:\\\/\\\/folhapopular.info\\\/?s={search_term_string}\"},\"query-input\":{\"@type\":\"PropertyValueSpecification\",\"valueRequired\":true,\"valueName\":\"search_term_string\"}}],\"inLanguage\":\"pt-BR\"},{\"@type\":\"Person\",\"@id\":\"https:\\\/\\\/folhapopular.info\\\/#\\\/schema\\\/person\\\/2814e8a0df7643585a9ca38bc6eb9d4b\",\"name\":\"Reda\u00e7\u00e3o Folha Popular\",\"image\":{\"@type\":\"ImageObject\",\"inLanguage\":\"pt-BR\",\"@id\":\"https:\\\/\\\/folhapopular.info\\\/wp-content\\\/uploads\\\/2026\\\/04\\\/Folha-1.webp\",\"url\":\"https:\\\/\\\/folhapopular.info\\\/wp-content\\\/uploads\\\/2026\\\/04\\\/Folha-1.webp\",\"contentUrl\":\"https:\\\/\\\/folhapopular.info\\\/wp-content\\\/uploads\\\/2026\\\/04\\\/Folha-1.webp\",\"caption\":\"Reda\u00e7\u00e3o Folha Popular\"},\"url\":\"https:\\\/\\\/folhapopular.info\\\/index.php\\\/author\\\/redacao\\\/\"}]}<\/script>\n<!-- \/ Yoast SEO plugin. -->","yoast_head_json":{"title":"Iniciada a instala\u00e7\u00e3o das super paradas de \u00f4nibus em Lajeado - Folha Popular","robots":{"index":"index","follow":"follow","max-snippet":"max-snippet:-1","max-image-preview":"max-image-preview:large","max-video-preview":"max-video-preview:-1"},"canonical":"https:\/\/folhapopular.info\/index.php\/2020\/06\/19\/iniciada-a-instalacao-das-super-paradas-de-onibus-em-lajeado\/","og_locale":"pt_BR","og_type":"article","og_title":"Iniciada a instala\u00e7\u00e3o das super paradas de \u00f4nibus em Lajeado - Folha Popular","og_description":"Nesta quinta-feira (18\/06), a Prefeitura de Lajeado iniciou a instala\u00e7\u00e3o das novas super paradas de \u00f4nibus que ser\u00e3o instaladas em duas vias movimentadas do munic\u00edpio.\u00a0 A parada de cont\u00eainer com 30 metros de cobertura foi a primeira a ter a execu\u00e7\u00e3o iniciada. Ela est\u00e1 localizada no Parque dos Dick, no ponto de desvio para os [&hellip;]","og_url":"https:\/\/folhapopular.info\/index.php\/2020\/06\/19\/iniciada-a-instalacao-das-super-paradas-de-onibus-em-lajeado\/","og_site_name":"Folha Popular","article_published_time":"2020-06-19T11:56:46+00:00","article_modified_time":"2020-06-19T11:57:52+00:00","og_image":[{"width":800,"height":533,"url":"https:\/\/folhapopular.info\/wp-content\/uploads\/2020\/06\/Instala\u00e7\u00e3o-scaled-e1592567790370.jpg","type":"image\/jpeg"}],"author":"Reda\u00e7\u00e3o Folha Popular","twitter_card":"summary_large_image","twitter_misc":{"Escrito por":"Reda\u00e7\u00e3o Folha Popular","Est. tempo de leitura":"1 minuto"},"schema":{"@context":"https:\/\/schema.org","@graph":[{"@type":"Article","@id":"https:\/\/folhapopular.info\/index.php\/2020\/06\/19\/iniciada-a-instalacao-das-super-paradas-de-onibus-em-lajeado\/#article","isPartOf":{"@id":"https:\/\/folhapopular.info\/index.php\/2020\/06\/19\/iniciada-a-instalacao-das-super-paradas-de-onibus-em-lajeado\/"},"author":{"name":"Reda\u00e7\u00e3o Folha Popular","@id":"https:\/\/folhapopular.info\/#\/schema\/person\/2814e8a0df7643585a9ca38bc6eb9d4b"},"headline":"Iniciada a instala\u00e7\u00e3o das super paradas de \u00f4nibus em Lajeado","datePublished":"2020-06-19T11:56:46+00:00","dateModified":"2020-06-19T11:57:52+00:00","mainEntityOfPage":{"@id":"https:\/\/folhapopular.info\/index.php\/2020\/06\/19\/iniciada-a-instalacao-das-super-paradas-de-onibus-em-lajeado\/"},"wordCount":267,"commentCount":0,"image":{"@id":"https:\/\/folhapopular.info\/index.php\/2020\/06\/19\/iniciada-a-instalacao-das-super-paradas-de-onibus-em-lajeado\/#primaryimage"},"thumbnailUrl":"https:\/\/folhapopular.info\/wp-content\/uploads\/2020\/06\/Instala\u00e7\u00e3o-scaled-e1592567790370.jpg","keywords":["Lajeado","Parada de \u00f4nibus"],"articleSection":["Destaques","Geral"],"inLanguage":"pt-BR","potentialAction":[{"@type":"CommentAction","name":"Comment","target":["https:\/\/folhapopular.info\/index.php\/2020\/06\/19\/iniciada-a-instalacao-das-super-paradas-de-onibus-em-lajeado\/#respond"]}]},{"@type":"WebPage","@id":"https:\/\/folhapopular.info\/index.php\/2020\/06\/19\/iniciada-a-instalacao-das-super-paradas-de-onibus-em-lajeado\/","url":"https:\/\/folhapopular.info\/index.php\/2020\/06\/19\/iniciada-a-instalacao-das-super-paradas-de-onibus-em-lajeado\/","name":"Iniciada a instala\u00e7\u00e3o das super paradas de \u00f4nibus em Lajeado - Folha Popular","isPartOf":{"@id":"https:\/\/folhapopular.info\/#website"},"primaryImageOfPage":{"@id":"https:\/\/folhapopular.info\/index.php\/2020\/06\/19\/iniciada-a-instalacao-das-super-paradas-de-onibus-em-lajeado\/#primaryimage"},"image":{"@id":"https:\/\/folhapopular.info\/index.php\/2020\/06\/19\/iniciada-a-instalacao-das-super-paradas-de-onibus-em-lajeado\/#primaryimage"},"thumbnailUrl":"https:\/\/folhapopular.info\/wp-content\/uploads\/2020\/06\/Instala\u00e7\u00e3o-scaled-e1592567790370.jpg","datePublished":"2020-06-19T11:56:46+00:00","dateModified":"2020-06-19T11:57:52+00:00","author":{"@id":"https:\/\/folhapopular.info\/#\/schema\/person\/2814e8a0df7643585a9ca38bc6eb9d4b"},"breadcrumb":{"@id":"https:\/\/folhapopular.info\/index.php\/2020\/06\/19\/iniciada-a-instalacao-das-super-paradas-de-onibus-em-lajeado\/#breadcrumb"},"inLanguage":"pt-BR","potentialAction":[{"@type":"ReadAction","target":["https:\/\/folhapopular.info\/index.php\/2020\/06\/19\/iniciada-a-instalacao-das-super-paradas-de-onibus-em-lajeado\/"]}]},{"@type":"ImageObject","inLanguage":"pt-BR","@id":"https:\/\/folhapopular.info\/index.php\/2020\/06\/19\/iniciada-a-instalacao-das-super-paradas-de-onibus-em-lajeado\/#primaryimage","url":"https:\/\/folhapopular.info\/wp-content\/uploads\/2020\/06\/Instala\u00e7\u00e3o-scaled-e1592567790370.jpg","contentUrl":"https:\/\/folhapopular.info\/wp-content\/uploads\/2020\/06\/Instala\u00e7\u00e3o-scaled-e1592567790370.jpg","width":800,"height":533},{"@type":"BreadcrumbList","@id":"https:\/\/folhapopular.info\/index.php\/2020\/06\/19\/iniciada-a-instalacao-das-super-paradas-de-onibus-em-lajeado\/#breadcrumb","itemListElement":[{"@type":"ListItem","position":1,"name":"In\u00edcio","item":"https:\/\/folhapopular.info\/"},{"@type":"ListItem","position":2,"name":"Iniciada a instala\u00e7\u00e3o das super paradas de \u00f4nibus em Lajeado"}]},{"@type":"WebSite","@id":"https:\/\/folhapopular.info\/#website","url":"https:\/\/folhapopular.info\/","name":"Folha Popular","description":"Onde voc\u00ea tem vez e voz","potentialAction":[{"@type":"SearchAction","target":{"@type":"EntryPoint","urlTemplate":"https:\/\/folhapopular.info\/?s={search_term_string}"},"query-input":{"@type":"PropertyValueSpecification","valueRequired":true,"valueName":"search_term_string"}}],"inLanguage":"pt-BR"},{"@type":"Person","@id":"https:\/\/folhapopular.info\/#\/schema\/person\/2814e8a0df7643585a9ca38bc6eb9d4b","name":"Reda\u00e7\u00e3o Folha Popular","image":{"@type":"ImageObject","inLanguage":"pt-BR","@id":"https:\/\/folhapopular.info\/wp-content\/uploads\/2026\/04\/Folha-1.webp","url":"https:\/\/folhapopular.info\/wp-content\/uploads\/2026\/04\/Folha-1.webp","contentUrl":"https:\/\/folhapopular.info\/wp-content\/uploads\/2026\/04\/Folha-1.webp","caption":"Reda\u00e7\u00e3o Folha Popular"},"url":"https:\/\/folhapopular.info\/index.php\/author\/redacao\/"}]}},"jetpack_featured_media_url":"https:\/\/folhapopular.info\/wp-content\/uploads\/2020\/06\/Instala\u00e7\u00e3o-scaled-e1592567790370.jpg","jetpack_sharing_enabled":true,"amp_enabled":true,"_links":{"self":[{"href":"https:\/\/folhapopular.info\/index.php\/wp-json\/wp\/v2\/posts\/70413","targetHints":{"allow":["GET"]}}],"collection":[{"href":"https:\/\/folhapopular.info\/index.php\/wp-json\/wp\/v2\/posts"}],"about":[{"href":"https:\/\/folhapopular.info\/index.php\/wp-json\/wp\/v2\/types\/post"}],"author":[{"embeddable":true,"href":"https:\/\/folhapopular.info\/index.php\/wp-json\/wp\/v2\/users\/8"}],"replies":[{"embeddable":true,"href":"https:\/\/folhapopular.info\/index.php\/wp-json\/wp\/v2\/comments?post=70413"}],"version-history":[{"count":0,"href":"https:\/\/folhapopular.info\/index.php\/wp-json\/wp\/v2\/posts\/70413\/revisions"}],"wp:featuredmedia":[{"embeddable":true,"href":"https:\/\/folhapopular.info\/index.php\/wp-json\/wp\/v2\/media\/70414"}],"wp:attachment":[{"href":"https:\/\/folhapopular.info\/index.php\/wp-json\/wp\/v2\/media?parent=70413"}],"wp:term":[{"taxonomy":"category","embeddable":true,"href":"https:\/\/folhapopular.info\/index.php\/wp-json\/wp\/v2\/categories?post=70413"},{"taxonomy":"post_tag","embeddable":true,"href":"https:\/\/folhapopular.info\/index.php\/wp-json\/wp\/v2\/tags?post=70413"}],"curies":[{"name":"wp","href":"https:\/\/api.w.org\/{rel}","templated":true}]}}