{"id":71636,"date":"2020-07-17T11:22:38","date_gmt":"2020-07-17T14:22:38","guid":{"rendered":"https:\/\/folhapopular.info\/?p=71636"},"modified":"2020-07-17T11:23:04","modified_gmt":"2020-07-17T14:23:04","slug":"solidariedade-ameniza-situacao-de-familias-atingidas-pela-enchente-em-estrela","status":"publish","type":"post","link":"https:\/\/folhapopular.info\/index.php\/2020\/07\/17\/solidariedade-ameniza-situacao-de-familias-atingidas-pela-enchente-em-estrela\/","title":{"rendered":"Solidariedade ameniza situa\u00e7\u00e3o de fam\u00edlias atingidas pela enchente em Estrela"},"content":{"rendered":"\n<p>A sociedade atendeu aos pedidos da Administra\u00e7\u00e3o Municipal e ao longo dos \u00faltimos dias realizou muitas a\u00e7\u00f5es para ajudar \u00e0s fam\u00edlias atingidas pela enchente do Rio Taquari atrav\u00e9s da campanha Estrela Solid\u00e1ria. A mobiliza\u00e7\u00e3o partiu de diversas frentes, e al\u00e9m das doa\u00e7\u00f5es individuais, grupos, lojas, empresas e entidades estrelenses contribu\u00edram para que milhares de pe\u00e7as de roupas, cal\u00e7ados, cobertores, travesseiros, colch\u00f5es, alimentos, m\u00f3veis, eletrodom\u00e9sticos e produtos de higiene pessoal fossem arrecadados. Munic\u00edpios vizinhos e colaboradores tamb\u00e9m se empenharam e atrav\u00e9s de a\u00e7\u00f5es locais ajudaram a amenizar a situa\u00e7\u00e3o estrelense.<\/p>\n\n\n\n<p>Na manh\u00e3 desta quinta-feira (16\/07) outra delega\u00e7\u00e3o de munic\u00edpio vizinho chegou a Estrela. Um caminh\u00e3o de Po\u00e7o das Antas trouxe o material que a prefeitura do munic\u00edpio arrecadou junto a popula\u00e7\u00e3o local, em campanha coordenada pela primeira-dama Regina Schneider Flach e a coordenadora do Centro de Refer\u00eancia de Assist\u00eancia Social (Cras), Janete Flach. Al\u00e9m de roupas e material de limpeza, a doa\u00e7\u00e3o continha colch\u00f5es, m\u00f3veis e eletrodom\u00e9sticos, utens\u00edlios estes que ainda s\u00e3o a maior necessidade das fam\u00edlias atingidas pela enchente. O prefeito de Po\u00e7o das Antas, Ricardo Flach, que acompanhou a entrega em Estrela, destacou o empenho e a mobiliza\u00e7\u00e3o da sua comunidade para colaborar com outra que naquele momento necessitava de ajuda. \u201cFicamos todos muito sentidos com o que ocorreu em Estrela e outros munic\u00edpios atingidos pelas cheias, o que n\u00e3o \u00e9 o nosso caso, felizmente. Mas isso n\u00e3o nos isenta de nossa responsabilidade enquanto cidad\u00e3os e integrantes de uma regi\u00e3o bastante unida\u201d, destaca o prefeito. \u201cQue bom que tivemos \u00f3timo retorno por parte da nossa comunidade, que se mostrou muito feliz em poder ajudar. Esperamos e acreditamos que possa contribuir, pois sabemos que est\u00e1 em boas m\u00e3os.\u201d<\/p>\n\n\n\n<p>Na ter\u00e7a-feira (14\/07) uma turma de jovens do Leo Clube de Teut\u00f4nia tamb\u00e9m veio a Estrela entregar mais de tr\u00eas toneladas de materiais arrecadados em campanha local que igualmente contou com apoio da prefeitura municipal. S\u00e3o Valentim do Sul, Travesseiro e Santa Clara do Sul foram outros munic\u00edpios parceiros que realizaram doa\u00e7\u00f5es diretas para a campanha estrelense. <\/p>\n\n\n\n<p>Hoje, cerca de dez fam\u00edlias seguem desabrigadas, a maioria moradores do Bairro Moinhos que tiveram suas resid\u00eancias interditadas pela Defesa Civil, mas j\u00e1 s\u00e3o mais de 30 os pedidos de \u201cAluguel Social\u201d realizados junto a Secretaria Municipal do Desenvolvimento Social, Trabalho e Habita\u00e7\u00e3o (Sedesth). As pessoas que necessitam de roupas, cal\u00e7ados, cobertores e outros itens semelhantes devem procurar as cinco escolas municipais que viraram pontos de doa\u00e7\u00f5es: Emef Leo Joas (Bairro das Ind\u00fastrias), Emei Crian\u00e7a Feliz (Loteamento Marmitt), Emei Arco-\u00cdris (Bairro Imigrantes), Emei S\u00e3o Jo\u00e3o (Oriental) e Emei Girassol (Bairro Boa Uni\u00e3o). O atendimento ocorre das 9h \u00e0s 13h. O ponto central \u00e9 o Brech\u00f3 Solid\u00e1rio, que ao longo da semana atendeu em car\u00e1ter especial, todos os dias, das 8h \u00e0s 11h30min e das 13h30min \u00e0s 16h, junto ao pr\u00e9dio da antiga Polar, com acesso pela Rua Arnaldo Diel, em frente \u00e0 escadaria. Na pr\u00f3xima semana ele volta a atender somente nas sextas-feiras.<\/p>\n\n\n\n<p>A doa\u00e7\u00e3o de colch\u00f5es, eletrodom\u00e9sticos e m\u00f3veis pode ser feita junto ao Projeto Navegar, localizado em outro sal\u00e3o dos pr\u00e9dios da Polar, tamb\u00e9m Rua Arnaldo Jos\u00e9 Diel. Para receber cestas b\u00e1sicas, material de limpeza e higiene pessoal as pessoas atingidas devem se dirigir ao Centro de Refer\u00eancia de Assist\u00eancia Social (Cras) Centro, localizado na Rua Tiradentes, 478. O telefone para informa\u00e7\u00f5es \u00e9 o (51) 3981-1164.<\/p>\n","protected":false},"excerpt":{"rendered":"<p>A sociedade atendeu aos pedidos da Administra\u00e7\u00e3o Municipal e ao longo dos \u00faltimos dias realizou muitas a\u00e7\u00f5es para ajudar \u00e0s fam\u00edlias atingidas pela enchente do Rio Taquari atrav\u00e9s da campanha Estrela Solid\u00e1ria. A mobiliza\u00e7\u00e3o partiu de diversas frentes, e al\u00e9m das doa\u00e7\u00f5es individuais, grupos, lojas, empresas e entidades estrelenses contribu\u00edram para que milhares de pe\u00e7as [&hellip;]<\/p>\n","protected":false},"author":8,"featured_media":71637,"comment_status":"open","ping_status":"open","sticky":false,"template":"","format":"standard","meta":{"pmpro_default_level":"","_jetpack_memberships_contains_paid_content":false,"footnotes":""},"categories":[2,3],"tags":[222,8],"class_list":{"0":"post-71636","1":"post","2":"type-post","3":"status-publish","4":"format-standard","5":"has-post-thumbnail","7":"category-featured","8":"category-geral","9":"tag-doacoes","10":"tag-estrela","11":"pmpro-has-access"},"yoast_head":"<!-- This site is optimized with the Yoast SEO plugin v27.5 - https:\/\/yoast.com\/product\/yoast-seo-wordpress\/ -->\n<title>Solidariedade ameniza situa\u00e7\u00e3o de fam\u00edlias atingidas pela enchente em Estrela - Folha Popular<\/title>\n<meta name=\"robots\" content=\"index, follow, max-snippet:-1, max-image-preview:large, max-video-preview:-1\" \/>\n<link rel=\"canonical\" href=\"https:\/\/folhapopular.info\/index.php\/2020\/07\/17\/solidariedade-ameniza-situacao-de-familias-atingidas-pela-enchente-em-estrela\/\" \/>\n<meta property=\"og:locale\" content=\"pt_BR\" \/>\n<meta property=\"og:type\" content=\"article\" \/>\n<meta property=\"og:title\" content=\"Solidariedade ameniza situa\u00e7\u00e3o de fam\u00edlias atingidas pela enchente em Estrela - Folha Popular\" \/>\n<meta property=\"og:description\" content=\"A sociedade atendeu aos pedidos da Administra\u00e7\u00e3o Municipal e ao longo dos \u00faltimos dias realizou muitas a\u00e7\u00f5es para ajudar \u00e0s fam\u00edlias atingidas pela enchente do Rio Taquari atrav\u00e9s da campanha Estrela Solid\u00e1ria. A mobiliza\u00e7\u00e3o partiu de diversas frentes, e al\u00e9m das doa\u00e7\u00f5es individuais, grupos, lojas, empresas e entidades estrelenses contribu\u00edram para que milhares de pe\u00e7as [&hellip;]\" \/>\n<meta property=\"og:url\" content=\"https:\/\/folhapopular.info\/index.php\/2020\/07\/17\/solidariedade-ameniza-situacao-de-familias-atingidas-pela-enchente-em-estrela\/\" \/>\n<meta property=\"og:site_name\" content=\"Folha Popular\" \/>\n<meta property=\"article:published_time\" content=\"2020-07-17T14:22:38+00:00\" \/>\n<meta property=\"article:modified_time\" content=\"2020-07-17T14:23:04+00:00\" \/>\n<meta property=\"og:image\" content=\"https:\/\/folhapopular.info\/wp-content\/uploads\/2020\/07\/16.07_Doa\u00e7\u00f5es-Po\u00e7o-das-Antas-Bruna-Nunes-1-e1594995726474.jpeg\" \/>\n\t<meta property=\"og:image:width\" content=\"800\" \/>\n\t<meta property=\"og:image:height\" content=\"600\" \/>\n\t<meta property=\"og:image:type\" content=\"image\/jpeg\" \/>\n<meta name=\"author\" content=\"Reda\u00e7\u00e3o Folha Popular\" \/>\n<meta name=\"twitter:card\" content=\"summary_large_image\" \/>\n<meta name=\"twitter:label1\" content=\"Escrito por\" \/>\n\t<meta name=\"twitter:data1\" content=\"Reda\u00e7\u00e3o Folha Popular\" \/>\n\t<meta name=\"twitter:label2\" content=\"Est. tempo de leitura\" \/>\n\t<meta name=\"twitter:data2\" content=\"3 minutos\" \/>\n<script type=\"application\/ld+json\" class=\"yoast-schema-graph\">{\"@context\":\"https:\\\/\\\/schema.org\",\"@graph\":[{\"@type\":\"Article\",\"@id\":\"https:\\\/\\\/folhapopular.info\\\/index.php\\\/2020\\\/07\\\/17\\\/solidariedade-ameniza-situacao-de-familias-atingidas-pela-enchente-em-estrela\\\/#article\",\"isPartOf\":{\"@id\":\"https:\\\/\\\/folhapopular.info\\\/index.php\\\/2020\\\/07\\\/17\\\/solidariedade-ameniza-situacao-de-familias-atingidas-pela-enchente-em-estrela\\\/\"},\"author\":{\"name\":\"Reda\u00e7\u00e3o Folha Popular\",\"@id\":\"https:\\\/\\\/folhapopular.info\\\/#\\\/schema\\\/person\\\/2814e8a0df7643585a9ca38bc6eb9d4b\"},\"headline\":\"Solidariedade ameniza situa\u00e7\u00e3o de fam\u00edlias atingidas pela enchente em Estrela\",\"datePublished\":\"2020-07-17T14:22:38+00:00\",\"dateModified\":\"2020-07-17T14:23:04+00:00\",\"mainEntityOfPage\":{\"@id\":\"https:\\\/\\\/folhapopular.info\\\/index.php\\\/2020\\\/07\\\/17\\\/solidariedade-ameniza-situacao-de-familias-atingidas-pela-enchente-em-estrela\\\/\"},\"wordCount\":635,\"commentCount\":0,\"image\":{\"@id\":\"https:\\\/\\\/folhapopular.info\\\/index.php\\\/2020\\\/07\\\/17\\\/solidariedade-ameniza-situacao-de-familias-atingidas-pela-enchente-em-estrela\\\/#primaryimage\"},\"thumbnailUrl\":\"https:\\\/\\\/folhapopular.info\\\/wp-content\\\/uploads\\\/2020\\\/07\\\/16.07_Doa\u00e7\u00f5es-Po\u00e7o-das-Antas-Bruna-Nunes-1-e1594995726474.jpeg\",\"keywords\":[\"Doa\u00e7\u00f5es\",\"Estrela\"],\"articleSection\":[\"Destaques\",\"Geral\"],\"inLanguage\":\"pt-BR\",\"potentialAction\":[{\"@type\":\"CommentAction\",\"name\":\"Comment\",\"target\":[\"https:\\\/\\\/folhapopular.info\\\/index.php\\\/2020\\\/07\\\/17\\\/solidariedade-ameniza-situacao-de-familias-atingidas-pela-enchente-em-estrela\\\/#respond\"]}]},{\"@type\":\"WebPage\",\"@id\":\"https:\\\/\\\/folhapopular.info\\\/index.php\\\/2020\\\/07\\\/17\\\/solidariedade-ameniza-situacao-de-familias-atingidas-pela-enchente-em-estrela\\\/\",\"url\":\"https:\\\/\\\/folhapopular.info\\\/index.php\\\/2020\\\/07\\\/17\\\/solidariedade-ameniza-situacao-de-familias-atingidas-pela-enchente-em-estrela\\\/\",\"name\":\"Solidariedade ameniza situa\u00e7\u00e3o de fam\u00edlias atingidas pela enchente em Estrela - Folha Popular\",\"isPartOf\":{\"@id\":\"https:\\\/\\\/folhapopular.info\\\/#website\"},\"primaryImageOfPage\":{\"@id\":\"https:\\\/\\\/folhapopular.info\\\/index.php\\\/2020\\\/07\\\/17\\\/solidariedade-ameniza-situacao-de-familias-atingidas-pela-enchente-em-estrela\\\/#primaryimage\"},\"image\":{\"@id\":\"https:\\\/\\\/folhapopular.info\\\/index.php\\\/2020\\\/07\\\/17\\\/solidariedade-ameniza-situacao-de-familias-atingidas-pela-enchente-em-estrela\\\/#primaryimage\"},\"thumbnailUrl\":\"https:\\\/\\\/folhapopular.info\\\/wp-content\\\/uploads\\\/2020\\\/07\\\/16.07_Doa\u00e7\u00f5es-Po\u00e7o-das-Antas-Bruna-Nunes-1-e1594995726474.jpeg\",\"datePublished\":\"2020-07-17T14:22:38+00:00\",\"dateModified\":\"2020-07-17T14:23:04+00:00\",\"author\":{\"@id\":\"https:\\\/\\\/folhapopular.info\\\/#\\\/schema\\\/person\\\/2814e8a0df7643585a9ca38bc6eb9d4b\"},\"breadcrumb\":{\"@id\":\"https:\\\/\\\/folhapopular.info\\\/index.php\\\/2020\\\/07\\\/17\\\/solidariedade-ameniza-situacao-de-familias-atingidas-pela-enchente-em-estrela\\\/#breadcrumb\"},\"inLanguage\":\"pt-BR\",\"potentialAction\":[{\"@type\":\"ReadAction\",\"target\":[\"https:\\\/\\\/folhapopular.info\\\/index.php\\\/2020\\\/07\\\/17\\\/solidariedade-ameniza-situacao-de-familias-atingidas-pela-enchente-em-estrela\\\/\"]}]},{\"@type\":\"ImageObject\",\"inLanguage\":\"pt-BR\",\"@id\":\"https:\\\/\\\/folhapopular.info\\\/index.php\\\/2020\\\/07\\\/17\\\/solidariedade-ameniza-situacao-de-familias-atingidas-pela-enchente-em-estrela\\\/#primaryimage\",\"url\":\"https:\\\/\\\/folhapopular.info\\\/wp-content\\\/uploads\\\/2020\\\/07\\\/16.07_Doa\u00e7\u00f5es-Po\u00e7o-das-Antas-Bruna-Nunes-1-e1594995726474.jpeg\",\"contentUrl\":\"https:\\\/\\\/folhapopular.info\\\/wp-content\\\/uploads\\\/2020\\\/07\\\/16.07_Doa\u00e7\u00f5es-Po\u00e7o-das-Antas-Bruna-Nunes-1-e1594995726474.jpeg\",\"width\":800,\"height\":600,\"caption\":\"Cr\u00e9dito da foto: Bruna Nunes \\\/ Divulga\u00e7\u00e3o\"},{\"@type\":\"BreadcrumbList\",\"@id\":\"https:\\\/\\\/folhapopular.info\\\/index.php\\\/2020\\\/07\\\/17\\\/solidariedade-ameniza-situacao-de-familias-atingidas-pela-enchente-em-estrela\\\/#breadcrumb\",\"itemListElement\":[{\"@type\":\"ListItem\",\"position\":1,\"name\":\"In\u00edcio\",\"item\":\"https:\\\/\\\/folhapopular.info\\\/\"},{\"@type\":\"ListItem\",\"position\":2,\"name\":\"Solidariedade ameniza situa\u00e7\u00e3o de fam\u00edlias atingidas pela enchente em Estrela\"}]},{\"@type\":\"WebSite\",\"@id\":\"https:\\\/\\\/folhapopular.info\\\/#website\",\"url\":\"https:\\\/\\\/folhapopular.info\\\/\",\"name\":\"Folha Popular\",\"description\":\"Onde voc\u00ea tem vez e voz\",\"potentialAction\":[{\"@type\":\"SearchAction\",\"target\":{\"@type\":\"EntryPoint\",\"urlTemplate\":\"https:\\\/\\\/folhapopular.info\\\/?s={search_term_string}\"},\"query-input\":{\"@type\":\"PropertyValueSpecification\",\"valueRequired\":true,\"valueName\":\"search_term_string\"}}],\"inLanguage\":\"pt-BR\"},{\"@type\":\"Person\",\"@id\":\"https:\\\/\\\/folhapopular.info\\\/#\\\/schema\\\/person\\\/2814e8a0df7643585a9ca38bc6eb9d4b\",\"name\":\"Reda\u00e7\u00e3o Folha Popular\",\"image\":{\"@type\":\"ImageObject\",\"inLanguage\":\"pt-BR\",\"@id\":\"https:\\\/\\\/folhapopular.info\\\/wp-content\\\/uploads\\\/2026\\\/04\\\/Folha-1.webp\",\"url\":\"https:\\\/\\\/folhapopular.info\\\/wp-content\\\/uploads\\\/2026\\\/04\\\/Folha-1.webp\",\"contentUrl\":\"https:\\\/\\\/folhapopular.info\\\/wp-content\\\/uploads\\\/2026\\\/04\\\/Folha-1.webp\",\"caption\":\"Reda\u00e7\u00e3o Folha Popular\"},\"url\":\"https:\\\/\\\/folhapopular.info\\\/index.php\\\/author\\\/redacao\\\/\"}]}<\/script>\n<!-- \/ Yoast SEO plugin. -->","yoast_head_json":{"title":"Solidariedade ameniza situa\u00e7\u00e3o de fam\u00edlias atingidas pela enchente em Estrela - Folha Popular","robots":{"index":"index","follow":"follow","max-snippet":"max-snippet:-1","max-image-preview":"max-image-preview:large","max-video-preview":"max-video-preview:-1"},"canonical":"https:\/\/folhapopular.info\/index.php\/2020\/07\/17\/solidariedade-ameniza-situacao-de-familias-atingidas-pela-enchente-em-estrela\/","og_locale":"pt_BR","og_type":"article","og_title":"Solidariedade ameniza situa\u00e7\u00e3o de fam\u00edlias atingidas pela enchente em Estrela - Folha Popular","og_description":"A sociedade atendeu aos pedidos da Administra\u00e7\u00e3o Municipal e ao longo dos \u00faltimos dias realizou muitas a\u00e7\u00f5es para ajudar \u00e0s fam\u00edlias atingidas pela enchente do Rio Taquari atrav\u00e9s da campanha Estrela Solid\u00e1ria. A mobiliza\u00e7\u00e3o partiu de diversas frentes, e al\u00e9m das doa\u00e7\u00f5es individuais, grupos, lojas, empresas e entidades estrelenses contribu\u00edram para que milhares de pe\u00e7as [&hellip;]","og_url":"https:\/\/folhapopular.info\/index.php\/2020\/07\/17\/solidariedade-ameniza-situacao-de-familias-atingidas-pela-enchente-em-estrela\/","og_site_name":"Folha Popular","article_published_time":"2020-07-17T14:22:38+00:00","article_modified_time":"2020-07-17T14:23:04+00:00","og_image":[{"width":800,"height":600,"url":"https:\/\/folhapopular.info\/wp-content\/uploads\/2020\/07\/16.07_Doa\u00e7\u00f5es-Po\u00e7o-das-Antas-Bruna-Nunes-1-e1594995726474.jpeg","type":"image\/jpeg"}],"author":"Reda\u00e7\u00e3o Folha Popular","twitter_card":"summary_large_image","twitter_misc":{"Escrito por":"Reda\u00e7\u00e3o Folha Popular","Est. tempo de leitura":"3 minutos"},"schema":{"@context":"https:\/\/schema.org","@graph":[{"@type":"Article","@id":"https:\/\/folhapopular.info\/index.php\/2020\/07\/17\/solidariedade-ameniza-situacao-de-familias-atingidas-pela-enchente-em-estrela\/#article","isPartOf":{"@id":"https:\/\/folhapopular.info\/index.php\/2020\/07\/17\/solidariedade-ameniza-situacao-de-familias-atingidas-pela-enchente-em-estrela\/"},"author":{"name":"Reda\u00e7\u00e3o Folha Popular","@id":"https:\/\/folhapopular.info\/#\/schema\/person\/2814e8a0df7643585a9ca38bc6eb9d4b"},"headline":"Solidariedade ameniza situa\u00e7\u00e3o de fam\u00edlias atingidas pela enchente em Estrela","datePublished":"2020-07-17T14:22:38+00:00","dateModified":"2020-07-17T14:23:04+00:00","mainEntityOfPage":{"@id":"https:\/\/folhapopular.info\/index.php\/2020\/07\/17\/solidariedade-ameniza-situacao-de-familias-atingidas-pela-enchente-em-estrela\/"},"wordCount":635,"commentCount":0,"image":{"@id":"https:\/\/folhapopular.info\/index.php\/2020\/07\/17\/solidariedade-ameniza-situacao-de-familias-atingidas-pela-enchente-em-estrela\/#primaryimage"},"thumbnailUrl":"https:\/\/folhapopular.info\/wp-content\/uploads\/2020\/07\/16.07_Doa\u00e7\u00f5es-Po\u00e7o-das-Antas-Bruna-Nunes-1-e1594995726474.jpeg","keywords":["Doa\u00e7\u00f5es","Estrela"],"articleSection":["Destaques","Geral"],"inLanguage":"pt-BR","potentialAction":[{"@type":"CommentAction","name":"Comment","target":["https:\/\/folhapopular.info\/index.php\/2020\/07\/17\/solidariedade-ameniza-situacao-de-familias-atingidas-pela-enchente-em-estrela\/#respond"]}]},{"@type":"WebPage","@id":"https:\/\/folhapopular.info\/index.php\/2020\/07\/17\/solidariedade-ameniza-situacao-de-familias-atingidas-pela-enchente-em-estrela\/","url":"https:\/\/folhapopular.info\/index.php\/2020\/07\/17\/solidariedade-ameniza-situacao-de-familias-atingidas-pela-enchente-em-estrela\/","name":"Solidariedade ameniza situa\u00e7\u00e3o de fam\u00edlias atingidas pela enchente em Estrela - Folha Popular","isPartOf":{"@id":"https:\/\/folhapopular.info\/#website"},"primaryImageOfPage":{"@id":"https:\/\/folhapopular.info\/index.php\/2020\/07\/17\/solidariedade-ameniza-situacao-de-familias-atingidas-pela-enchente-em-estrela\/#primaryimage"},"image":{"@id":"https:\/\/folhapopular.info\/index.php\/2020\/07\/17\/solidariedade-ameniza-situacao-de-familias-atingidas-pela-enchente-em-estrela\/#primaryimage"},"thumbnailUrl":"https:\/\/folhapopular.info\/wp-content\/uploads\/2020\/07\/16.07_Doa\u00e7\u00f5es-Po\u00e7o-das-Antas-Bruna-Nunes-1-e1594995726474.jpeg","datePublished":"2020-07-17T14:22:38+00:00","dateModified":"2020-07-17T14:23:04+00:00","author":{"@id":"https:\/\/folhapopular.info\/#\/schema\/person\/2814e8a0df7643585a9ca38bc6eb9d4b"},"breadcrumb":{"@id":"https:\/\/folhapopular.info\/index.php\/2020\/07\/17\/solidariedade-ameniza-situacao-de-familias-atingidas-pela-enchente-em-estrela\/#breadcrumb"},"inLanguage":"pt-BR","potentialAction":[{"@type":"ReadAction","target":["https:\/\/folhapopular.info\/index.php\/2020\/07\/17\/solidariedade-ameniza-situacao-de-familias-atingidas-pela-enchente-em-estrela\/"]}]},{"@type":"ImageObject","inLanguage":"pt-BR","@id":"https:\/\/folhapopular.info\/index.php\/2020\/07\/17\/solidariedade-ameniza-situacao-de-familias-atingidas-pela-enchente-em-estrela\/#primaryimage","url":"https:\/\/folhapopular.info\/wp-content\/uploads\/2020\/07\/16.07_Doa\u00e7\u00f5es-Po\u00e7o-das-Antas-Bruna-Nunes-1-e1594995726474.jpeg","contentUrl":"https:\/\/folhapopular.info\/wp-content\/uploads\/2020\/07\/16.07_Doa\u00e7\u00f5es-Po\u00e7o-das-Antas-Bruna-Nunes-1-e1594995726474.jpeg","width":800,"height":600,"caption":"Cr\u00e9dito da foto: Bruna Nunes \/ Divulga\u00e7\u00e3o"},{"@type":"BreadcrumbList","@id":"https:\/\/folhapopular.info\/index.php\/2020\/07\/17\/solidariedade-ameniza-situacao-de-familias-atingidas-pela-enchente-em-estrela\/#breadcrumb","itemListElement":[{"@type":"ListItem","position":1,"name":"In\u00edcio","item":"https:\/\/folhapopular.info\/"},{"@type":"ListItem","position":2,"name":"Solidariedade ameniza situa\u00e7\u00e3o de fam\u00edlias atingidas pela enchente em Estrela"}]},{"@type":"WebSite","@id":"https:\/\/folhapopular.info\/#website","url":"https:\/\/folhapopular.info\/","name":"Folha Popular","description":"Onde voc\u00ea tem vez e voz","potentialAction":[{"@type":"SearchAction","target":{"@type":"EntryPoint","urlTemplate":"https:\/\/folhapopular.info\/?s={search_term_string}"},"query-input":{"@type":"PropertyValueSpecification","valueRequired":true,"valueName":"search_term_string"}}],"inLanguage":"pt-BR"},{"@type":"Person","@id":"https:\/\/folhapopular.info\/#\/schema\/person\/2814e8a0df7643585a9ca38bc6eb9d4b","name":"Reda\u00e7\u00e3o Folha Popular","image":{"@type":"ImageObject","inLanguage":"pt-BR","@id":"https:\/\/folhapopular.info\/wp-content\/uploads\/2026\/04\/Folha-1.webp","url":"https:\/\/folhapopular.info\/wp-content\/uploads\/2026\/04\/Folha-1.webp","contentUrl":"https:\/\/folhapopular.info\/wp-content\/uploads\/2026\/04\/Folha-1.webp","caption":"Reda\u00e7\u00e3o Folha Popular"},"url":"https:\/\/folhapopular.info\/index.php\/author\/redacao\/"}]}},"jetpack_featured_media_url":"https:\/\/folhapopular.info\/wp-content\/uploads\/2020\/07\/16.07_Doa\u00e7\u00f5es-Po\u00e7o-das-Antas-Bruna-Nunes-1-e1594995726474.jpeg","jetpack_sharing_enabled":true,"amp_enabled":true,"_links":{"self":[{"href":"https:\/\/folhapopular.info\/index.php\/wp-json\/wp\/v2\/posts\/71636","targetHints":{"allow":["GET"]}}],"collection":[{"href":"https:\/\/folhapopular.info\/index.php\/wp-json\/wp\/v2\/posts"}],"about":[{"href":"https:\/\/folhapopular.info\/index.php\/wp-json\/wp\/v2\/types\/post"}],"author":[{"embeddable":true,"href":"https:\/\/folhapopular.info\/index.php\/wp-json\/wp\/v2\/users\/8"}],"replies":[{"embeddable":true,"href":"https:\/\/folhapopular.info\/index.php\/wp-json\/wp\/v2\/comments?post=71636"}],"version-history":[{"count":0,"href":"https:\/\/folhapopular.info\/index.php\/wp-json\/wp\/v2\/posts\/71636\/revisions"}],"wp:featuredmedia":[{"embeddable":true,"href":"https:\/\/folhapopular.info\/index.php\/wp-json\/wp\/v2\/media\/71637"}],"wp:attachment":[{"href":"https:\/\/folhapopular.info\/index.php\/wp-json\/wp\/v2\/media?parent=71636"}],"wp:term":[{"taxonomy":"category","embeddable":true,"href":"https:\/\/folhapopular.info\/index.php\/wp-json\/wp\/v2\/categories?post=71636"},{"taxonomy":"post_tag","embeddable":true,"href":"https:\/\/folhapopular.info\/index.php\/wp-json\/wp\/v2\/tags?post=71636"}],"curies":[{"name":"wp","href":"https:\/\/api.w.org\/{rel}","templated":true}]}}