{"id":72592,"date":"2020-08-17T06:10:34","date_gmt":"2020-08-17T09:10:34","guid":{"rendered":"https:\/\/folhapopular.info\/?p=72592"},"modified":"2020-08-17T06:10:36","modified_gmt":"2020-08-17T09:10:36","slug":"prf-prende-homem-procurado-pela-justica-por-roubo-e-associacao-criminosa","status":"publish","type":"post","link":"https:\/\/folhapopular.info\/index.php\/2020\/08\/17\/prf-prende-homem-procurado-pela-justica-por-roubo-e-associacao-criminosa\/","title":{"rendered":"PRF prende homem procurado pela justi\u00e7a por roubo e associa\u00e7\u00e3o criminosa"},"content":{"rendered":"\n<p>Um homem procurado pela justi\u00e7a foi preso no final da noite deste domingo (16\/08), na pra\u00e7a de ped\u00e1gio de Fontoura Xavier, na BR-386. Havia contra ele um mandado de pris\u00e3o em aberto desde novembro de 2019. <\/p>\n\n\n\n<p>Segundo a Pol\u00edcia Rodovi\u00e1ria Federal, ele estava em um Omega, placa de Panambi, que foi abordado no ped\u00e1gio por estar com seis pessoas.\u00a0Em consulta ao sistema, verificou-se que o condutor, al\u00e9m de n\u00e3o ter habilita\u00e7\u00e3o, possu\u00eda um mandado de pris\u00e3o em aberto expedido pela Comarca de Dois Irm\u00e3os. <\/p>\n\n\n\n<p>O homem, de 28 anos e natural de Taquara, foi apresentado na Delegacia de Pol\u00edcia Civil de Soledade. O ve\u00edculo foi recolhido ao dep\u00f3sito por n\u00e3o haver condutor habilitado para seguir viagem<\/p>\n","protected":false},"excerpt":{"rendered":"<p>Um homem procurado pela justi\u00e7a foi preso no final da noite deste domingo (16\/08), na pra\u00e7a de ped\u00e1gio de Fontoura Xavier, na BR-386. Havia contra ele um mandado de pris\u00e3o em aberto desde novembro de 2019. Segundo a Pol\u00edcia Rodovi\u00e1ria Federal, ele estava em um Omega, placa de Panambi, que foi abordado no ped\u00e1gio por [&hellip;]<\/p>\n","protected":false},"author":8,"featured_media":72593,"comment_status":"open","ping_status":"open","sticky":false,"template":"","format":"standard","meta":{"pmpro_default_level":"","_jetpack_memberships_contains_paid_content":false,"footnotes":""},"categories":[7],"tags":[729,4646],"class_list":{"0":"post-72592","1":"post","2":"type-post","3":"status-publish","4":"format-standard","5":"has-post-thumbnail","7":"category-seguranca","8":"tag-fontoura-xavier","9":"tag-mandado","10":"pmpro-has-access"},"yoast_head":"<!-- This site is optimized with the Yoast SEO plugin v27.5 - https:\/\/yoast.com\/product\/yoast-seo-wordpress\/ -->\n<title>PRF prende homem procurado pela justi\u00e7a por roubo e associa\u00e7\u00e3o criminosa - Folha Popular<\/title>\n<meta name=\"robots\" content=\"index, follow, max-snippet:-1, max-image-preview:large, max-video-preview:-1\" \/>\n<link rel=\"canonical\" href=\"https:\/\/folhapopular.info\/index.php\/2020\/08\/17\/prf-prende-homem-procurado-pela-justica-por-roubo-e-associacao-criminosa\/\" \/>\n<meta property=\"og:locale\" content=\"pt_BR\" \/>\n<meta property=\"og:type\" content=\"article\" \/>\n<meta property=\"og:title\" content=\"PRF prende homem procurado pela justi\u00e7a por roubo e associa\u00e7\u00e3o criminosa - Folha Popular\" \/>\n<meta property=\"og:description\" content=\"Um homem procurado pela justi\u00e7a foi preso no final da noite deste domingo (16\/08), na pra\u00e7a de ped\u00e1gio de Fontoura Xavier, na BR-386. Havia contra ele um mandado de pris\u00e3o em aberto desde novembro de 2019. Segundo a Pol\u00edcia Rodovi\u00e1ria Federal, ele estava em um Omega, placa de Panambi, que foi abordado no ped\u00e1gio por [&hellip;]\" \/>\n<meta property=\"og:url\" content=\"https:\/\/folhapopular.info\/index.php\/2020\/08\/17\/prf-prende-homem-procurado-pela-justica-por-roubo-e-associacao-criminosa\/\" \/>\n<meta property=\"og:site_name\" content=\"Folha Popular\" \/>\n<meta property=\"article:published_time\" content=\"2020-08-17T09:10:34+00:00\" \/>\n<meta property=\"article:modified_time\" content=\"2020-08-17T09:10:36+00:00\" \/>\n<meta property=\"og:image\" content=\"https:\/\/folhapopular.info\/wp-content\/uploads\/2020\/08\/WhatsApp-Image-2020-08-17-at-05.19.25-e1597655417457.jpeg\" \/>\n\t<meta property=\"og:image:width\" content=\"800\" \/>\n\t<meta property=\"og:image:height\" content=\"378\" \/>\n\t<meta property=\"og:image:type\" content=\"image\/jpeg\" \/>\n<meta name=\"author\" content=\"Reda\u00e7\u00e3o Folha Popular\" \/>\n<meta name=\"twitter:card\" content=\"summary_large_image\" \/>\n<meta name=\"twitter:label1\" content=\"Escrito por\" \/>\n\t<meta name=\"twitter:data1\" content=\"Reda\u00e7\u00e3o Folha Popular\" \/>\n\t<meta name=\"twitter:label2\" content=\"Est. tempo de leitura\" \/>\n\t<meta name=\"twitter:data2\" content=\"1 minuto\" \/>\n<script type=\"application\/ld+json\" class=\"yoast-schema-graph\">{\"@context\":\"https:\\\/\\\/schema.org\",\"@graph\":[{\"@type\":\"Article\",\"@id\":\"https:\\\/\\\/folhapopular.info\\\/index.php\\\/2020\\\/08\\\/17\\\/prf-prende-homem-procurado-pela-justica-por-roubo-e-associacao-criminosa\\\/#article\",\"isPartOf\":{\"@id\":\"https:\\\/\\\/folhapopular.info\\\/index.php\\\/2020\\\/08\\\/17\\\/prf-prende-homem-procurado-pela-justica-por-roubo-e-associacao-criminosa\\\/\"},\"author\":{\"name\":\"Reda\u00e7\u00e3o Folha Popular\",\"@id\":\"https:\\\/\\\/folhapopular.info\\\/#\\\/schema\\\/person\\\/2814e8a0df7643585a9ca38bc6eb9d4b\"},\"headline\":\"PRF prende homem procurado pela justi\u00e7a por roubo e associa\u00e7\u00e3o criminosa\",\"datePublished\":\"2020-08-17T09:10:34+00:00\",\"dateModified\":\"2020-08-17T09:10:36+00:00\",\"mainEntityOfPage\":{\"@id\":\"https:\\\/\\\/folhapopular.info\\\/index.php\\\/2020\\\/08\\\/17\\\/prf-prende-homem-procurado-pela-justica-por-roubo-e-associacao-criminosa\\\/\"},\"wordCount\":144,\"commentCount\":0,\"image\":{\"@id\":\"https:\\\/\\\/folhapopular.info\\\/index.php\\\/2020\\\/08\\\/17\\\/prf-prende-homem-procurado-pela-justica-por-roubo-e-associacao-criminosa\\\/#primaryimage\"},\"thumbnailUrl\":\"https:\\\/\\\/folhapopular.info\\\/wp-content\\\/uploads\\\/2020\\\/08\\\/WhatsApp-Image-2020-08-17-at-05.19.25-e1597655417457.jpeg\",\"keywords\":[\"Fontoura Xavier\",\"Mandado\"],\"articleSection\":[\"Seguran\u00e7a\"],\"inLanguage\":\"pt-BR\",\"potentialAction\":[{\"@type\":\"CommentAction\",\"name\":\"Comment\",\"target\":[\"https:\\\/\\\/folhapopular.info\\\/index.php\\\/2020\\\/08\\\/17\\\/prf-prende-homem-procurado-pela-justica-por-roubo-e-associacao-criminosa\\\/#respond\"]}]},{\"@type\":\"WebPage\",\"@id\":\"https:\\\/\\\/folhapopular.info\\\/index.php\\\/2020\\\/08\\\/17\\\/prf-prende-homem-procurado-pela-justica-por-roubo-e-associacao-criminosa\\\/\",\"url\":\"https:\\\/\\\/folhapopular.info\\\/index.php\\\/2020\\\/08\\\/17\\\/prf-prende-homem-procurado-pela-justica-por-roubo-e-associacao-criminosa\\\/\",\"name\":\"PRF prende homem procurado pela justi\u00e7a por roubo e associa\u00e7\u00e3o criminosa - Folha Popular\",\"isPartOf\":{\"@id\":\"https:\\\/\\\/folhapopular.info\\\/#website\"},\"primaryImageOfPage\":{\"@id\":\"https:\\\/\\\/folhapopular.info\\\/index.php\\\/2020\\\/08\\\/17\\\/prf-prende-homem-procurado-pela-justica-por-roubo-e-associacao-criminosa\\\/#primaryimage\"},\"image\":{\"@id\":\"https:\\\/\\\/folhapopular.info\\\/index.php\\\/2020\\\/08\\\/17\\\/prf-prende-homem-procurado-pela-justica-por-roubo-e-associacao-criminosa\\\/#primaryimage\"},\"thumbnailUrl\":\"https:\\\/\\\/folhapopular.info\\\/wp-content\\\/uploads\\\/2020\\\/08\\\/WhatsApp-Image-2020-08-17-at-05.19.25-e1597655417457.jpeg\",\"datePublished\":\"2020-08-17T09:10:34+00:00\",\"dateModified\":\"2020-08-17T09:10:36+00:00\",\"author\":{\"@id\":\"https:\\\/\\\/folhapopular.info\\\/#\\\/schema\\\/person\\\/2814e8a0df7643585a9ca38bc6eb9d4b\"},\"breadcrumb\":{\"@id\":\"https:\\\/\\\/folhapopular.info\\\/index.php\\\/2020\\\/08\\\/17\\\/prf-prende-homem-procurado-pela-justica-por-roubo-e-associacao-criminosa\\\/#breadcrumb\"},\"inLanguage\":\"pt-BR\",\"potentialAction\":[{\"@type\":\"ReadAction\",\"target\":[\"https:\\\/\\\/folhapopular.info\\\/index.php\\\/2020\\\/08\\\/17\\\/prf-prende-homem-procurado-pela-justica-por-roubo-e-associacao-criminosa\\\/\"]}]},{\"@type\":\"ImageObject\",\"inLanguage\":\"pt-BR\",\"@id\":\"https:\\\/\\\/folhapopular.info\\\/index.php\\\/2020\\\/08\\\/17\\\/prf-prende-homem-procurado-pela-justica-por-roubo-e-associacao-criminosa\\\/#primaryimage\",\"url\":\"https:\\\/\\\/folhapopular.info\\\/wp-content\\\/uploads\\\/2020\\\/08\\\/WhatsApp-Image-2020-08-17-at-05.19.25-e1597655417457.jpeg\",\"contentUrl\":\"https:\\\/\\\/folhapopular.info\\\/wp-content\\\/uploads\\\/2020\\\/08\\\/WhatsApp-Image-2020-08-17-at-05.19.25-e1597655417457.jpeg\",\"width\":800,\"height\":378},{\"@type\":\"BreadcrumbList\",\"@id\":\"https:\\\/\\\/folhapopular.info\\\/index.php\\\/2020\\\/08\\\/17\\\/prf-prende-homem-procurado-pela-justica-por-roubo-e-associacao-criminosa\\\/#breadcrumb\",\"itemListElement\":[{\"@type\":\"ListItem\",\"position\":1,\"name\":\"In\u00edcio\",\"item\":\"https:\\\/\\\/folhapopular.info\\\/\"},{\"@type\":\"ListItem\",\"position\":2,\"name\":\"PRF prende homem procurado pela justi\u00e7a por roubo e associa\u00e7\u00e3o criminosa\"}]},{\"@type\":\"WebSite\",\"@id\":\"https:\\\/\\\/folhapopular.info\\\/#website\",\"url\":\"https:\\\/\\\/folhapopular.info\\\/\",\"name\":\"Folha Popular\",\"description\":\"Onde voc\u00ea tem vez e voz\",\"potentialAction\":[{\"@type\":\"SearchAction\",\"target\":{\"@type\":\"EntryPoint\",\"urlTemplate\":\"https:\\\/\\\/folhapopular.info\\\/?s={search_term_string}\"},\"query-input\":{\"@type\":\"PropertyValueSpecification\",\"valueRequired\":true,\"valueName\":\"search_term_string\"}}],\"inLanguage\":\"pt-BR\"},{\"@type\":\"Person\",\"@id\":\"https:\\\/\\\/folhapopular.info\\\/#\\\/schema\\\/person\\\/2814e8a0df7643585a9ca38bc6eb9d4b\",\"name\":\"Reda\u00e7\u00e3o Folha Popular\",\"image\":{\"@type\":\"ImageObject\",\"inLanguage\":\"pt-BR\",\"@id\":\"https:\\\/\\\/folhapopular.info\\\/wp-content\\\/uploads\\\/2026\\\/04\\\/Folha-1.webp\",\"url\":\"https:\\\/\\\/folhapopular.info\\\/wp-content\\\/uploads\\\/2026\\\/04\\\/Folha-1.webp\",\"contentUrl\":\"https:\\\/\\\/folhapopular.info\\\/wp-content\\\/uploads\\\/2026\\\/04\\\/Folha-1.webp\",\"caption\":\"Reda\u00e7\u00e3o Folha Popular\"},\"url\":\"https:\\\/\\\/folhapopular.info\\\/index.php\\\/author\\\/redacao\\\/\"}]}<\/script>\n<!-- \/ Yoast SEO plugin. -->","yoast_head_json":{"title":"PRF prende homem procurado pela justi\u00e7a por roubo e associa\u00e7\u00e3o criminosa - Folha Popular","robots":{"index":"index","follow":"follow","max-snippet":"max-snippet:-1","max-image-preview":"max-image-preview:large","max-video-preview":"max-video-preview:-1"},"canonical":"https:\/\/folhapopular.info\/index.php\/2020\/08\/17\/prf-prende-homem-procurado-pela-justica-por-roubo-e-associacao-criminosa\/","og_locale":"pt_BR","og_type":"article","og_title":"PRF prende homem procurado pela justi\u00e7a por roubo e associa\u00e7\u00e3o criminosa - Folha Popular","og_description":"Um homem procurado pela justi\u00e7a foi preso no final da noite deste domingo (16\/08), na pra\u00e7a de ped\u00e1gio de Fontoura Xavier, na BR-386. Havia contra ele um mandado de pris\u00e3o em aberto desde novembro de 2019. Segundo a Pol\u00edcia Rodovi\u00e1ria Federal, ele estava em um Omega, placa de Panambi, que foi abordado no ped\u00e1gio por [&hellip;]","og_url":"https:\/\/folhapopular.info\/index.php\/2020\/08\/17\/prf-prende-homem-procurado-pela-justica-por-roubo-e-associacao-criminosa\/","og_site_name":"Folha Popular","article_published_time":"2020-08-17T09:10:34+00:00","article_modified_time":"2020-08-17T09:10:36+00:00","og_image":[{"width":800,"height":378,"url":"https:\/\/folhapopular.info\/wp-content\/uploads\/2020\/08\/WhatsApp-Image-2020-08-17-at-05.19.25-e1597655417457.jpeg","type":"image\/jpeg"}],"author":"Reda\u00e7\u00e3o Folha Popular","twitter_card":"summary_large_image","twitter_misc":{"Escrito por":"Reda\u00e7\u00e3o Folha Popular","Est. tempo de leitura":"1 minuto"},"schema":{"@context":"https:\/\/schema.org","@graph":[{"@type":"Article","@id":"https:\/\/folhapopular.info\/index.php\/2020\/08\/17\/prf-prende-homem-procurado-pela-justica-por-roubo-e-associacao-criminosa\/#article","isPartOf":{"@id":"https:\/\/folhapopular.info\/index.php\/2020\/08\/17\/prf-prende-homem-procurado-pela-justica-por-roubo-e-associacao-criminosa\/"},"author":{"name":"Reda\u00e7\u00e3o Folha Popular","@id":"https:\/\/folhapopular.info\/#\/schema\/person\/2814e8a0df7643585a9ca38bc6eb9d4b"},"headline":"PRF prende homem procurado pela justi\u00e7a por roubo e associa\u00e7\u00e3o criminosa","datePublished":"2020-08-17T09:10:34+00:00","dateModified":"2020-08-17T09:10:36+00:00","mainEntityOfPage":{"@id":"https:\/\/folhapopular.info\/index.php\/2020\/08\/17\/prf-prende-homem-procurado-pela-justica-por-roubo-e-associacao-criminosa\/"},"wordCount":144,"commentCount":0,"image":{"@id":"https:\/\/folhapopular.info\/index.php\/2020\/08\/17\/prf-prende-homem-procurado-pela-justica-por-roubo-e-associacao-criminosa\/#primaryimage"},"thumbnailUrl":"https:\/\/folhapopular.info\/wp-content\/uploads\/2020\/08\/WhatsApp-Image-2020-08-17-at-05.19.25-e1597655417457.jpeg","keywords":["Fontoura Xavier","Mandado"],"articleSection":["Seguran\u00e7a"],"inLanguage":"pt-BR","potentialAction":[{"@type":"CommentAction","name":"Comment","target":["https:\/\/folhapopular.info\/index.php\/2020\/08\/17\/prf-prende-homem-procurado-pela-justica-por-roubo-e-associacao-criminosa\/#respond"]}]},{"@type":"WebPage","@id":"https:\/\/folhapopular.info\/index.php\/2020\/08\/17\/prf-prende-homem-procurado-pela-justica-por-roubo-e-associacao-criminosa\/","url":"https:\/\/folhapopular.info\/index.php\/2020\/08\/17\/prf-prende-homem-procurado-pela-justica-por-roubo-e-associacao-criminosa\/","name":"PRF prende homem procurado pela justi\u00e7a por roubo e associa\u00e7\u00e3o criminosa - Folha Popular","isPartOf":{"@id":"https:\/\/folhapopular.info\/#website"},"primaryImageOfPage":{"@id":"https:\/\/folhapopular.info\/index.php\/2020\/08\/17\/prf-prende-homem-procurado-pela-justica-por-roubo-e-associacao-criminosa\/#primaryimage"},"image":{"@id":"https:\/\/folhapopular.info\/index.php\/2020\/08\/17\/prf-prende-homem-procurado-pela-justica-por-roubo-e-associacao-criminosa\/#primaryimage"},"thumbnailUrl":"https:\/\/folhapopular.info\/wp-content\/uploads\/2020\/08\/WhatsApp-Image-2020-08-17-at-05.19.25-e1597655417457.jpeg","datePublished":"2020-08-17T09:10:34+00:00","dateModified":"2020-08-17T09:10:36+00:00","author":{"@id":"https:\/\/folhapopular.info\/#\/schema\/person\/2814e8a0df7643585a9ca38bc6eb9d4b"},"breadcrumb":{"@id":"https:\/\/folhapopular.info\/index.php\/2020\/08\/17\/prf-prende-homem-procurado-pela-justica-por-roubo-e-associacao-criminosa\/#breadcrumb"},"inLanguage":"pt-BR","potentialAction":[{"@type":"ReadAction","target":["https:\/\/folhapopular.info\/index.php\/2020\/08\/17\/prf-prende-homem-procurado-pela-justica-por-roubo-e-associacao-criminosa\/"]}]},{"@type":"ImageObject","inLanguage":"pt-BR","@id":"https:\/\/folhapopular.info\/index.php\/2020\/08\/17\/prf-prende-homem-procurado-pela-justica-por-roubo-e-associacao-criminosa\/#primaryimage","url":"https:\/\/folhapopular.info\/wp-content\/uploads\/2020\/08\/WhatsApp-Image-2020-08-17-at-05.19.25-e1597655417457.jpeg","contentUrl":"https:\/\/folhapopular.info\/wp-content\/uploads\/2020\/08\/WhatsApp-Image-2020-08-17-at-05.19.25-e1597655417457.jpeg","width":800,"height":378},{"@type":"BreadcrumbList","@id":"https:\/\/folhapopular.info\/index.php\/2020\/08\/17\/prf-prende-homem-procurado-pela-justica-por-roubo-e-associacao-criminosa\/#breadcrumb","itemListElement":[{"@type":"ListItem","position":1,"name":"In\u00edcio","item":"https:\/\/folhapopular.info\/"},{"@type":"ListItem","position":2,"name":"PRF prende homem procurado pela justi\u00e7a por roubo e associa\u00e7\u00e3o criminosa"}]},{"@type":"WebSite","@id":"https:\/\/folhapopular.info\/#website","url":"https:\/\/folhapopular.info\/","name":"Folha Popular","description":"Onde voc\u00ea tem vez e voz","potentialAction":[{"@type":"SearchAction","target":{"@type":"EntryPoint","urlTemplate":"https:\/\/folhapopular.info\/?s={search_term_string}"},"query-input":{"@type":"PropertyValueSpecification","valueRequired":true,"valueName":"search_term_string"}}],"inLanguage":"pt-BR"},{"@type":"Person","@id":"https:\/\/folhapopular.info\/#\/schema\/person\/2814e8a0df7643585a9ca38bc6eb9d4b","name":"Reda\u00e7\u00e3o Folha Popular","image":{"@type":"ImageObject","inLanguage":"pt-BR","@id":"https:\/\/folhapopular.info\/wp-content\/uploads\/2026\/04\/Folha-1.webp","url":"https:\/\/folhapopular.info\/wp-content\/uploads\/2026\/04\/Folha-1.webp","contentUrl":"https:\/\/folhapopular.info\/wp-content\/uploads\/2026\/04\/Folha-1.webp","caption":"Reda\u00e7\u00e3o Folha Popular"},"url":"https:\/\/folhapopular.info\/index.php\/author\/redacao\/"}]}},"jetpack_featured_media_url":"https:\/\/folhapopular.info\/wp-content\/uploads\/2020\/08\/WhatsApp-Image-2020-08-17-at-05.19.25-e1597655417457.jpeg","jetpack_sharing_enabled":true,"amp_enabled":true,"_links":{"self":[{"href":"https:\/\/folhapopular.info\/index.php\/wp-json\/wp\/v2\/posts\/72592","targetHints":{"allow":["GET"]}}],"collection":[{"href":"https:\/\/folhapopular.info\/index.php\/wp-json\/wp\/v2\/posts"}],"about":[{"href":"https:\/\/folhapopular.info\/index.php\/wp-json\/wp\/v2\/types\/post"}],"author":[{"embeddable":true,"href":"https:\/\/folhapopular.info\/index.php\/wp-json\/wp\/v2\/users\/8"}],"replies":[{"embeddable":true,"href":"https:\/\/folhapopular.info\/index.php\/wp-json\/wp\/v2\/comments?post=72592"}],"version-history":[{"count":0,"href":"https:\/\/folhapopular.info\/index.php\/wp-json\/wp\/v2\/posts\/72592\/revisions"}],"wp:featuredmedia":[{"embeddable":true,"href":"https:\/\/folhapopular.info\/index.php\/wp-json\/wp\/v2\/media\/72593"}],"wp:attachment":[{"href":"https:\/\/folhapopular.info\/index.php\/wp-json\/wp\/v2\/media?parent=72592"}],"wp:term":[{"taxonomy":"category","embeddable":true,"href":"https:\/\/folhapopular.info\/index.php\/wp-json\/wp\/v2\/categories?post=72592"},{"taxonomy":"post_tag","embeddable":true,"href":"https:\/\/folhapopular.info\/index.php\/wp-json\/wp\/v2\/tags?post=72592"}],"curies":[{"name":"wp","href":"https:\/\/api.w.org\/{rel}","templated":true}]}}