{"id":73267,"date":"2020-09-06T10:13:54","date_gmt":"2020-09-06T13:13:54","guid":{"rendered":"https:\/\/folhapopular.info\/?p=73267"},"modified":"2020-09-06T10:36:03","modified_gmt":"2020-09-06T13:36:03","slug":"aprovados-em-convencao-saiba-quem-sao-os-candidatos-a-vereador-do-pdt-de-teutonia","status":"publish","type":"post","link":"https:\/\/folhapopular.info\/index.php\/2020\/09\/06\/aprovados-em-convencao-saiba-quem-sao-os-candidatos-a-vereador-do-pdt-de-teutonia\/","title":{"rendered":"Aprovados em conven\u00e7\u00e3o, saiba quem s\u00e3o os candidatos a vereador do PDT de Teut\u00f4nia"},"content":{"rendered":"\n<p>Em conven\u00e7\u00e3o partid\u00e1ria realizada na manh\u00e3 deste s\u00e1bado (05\/09), na C\u00e2mara de Vereadores de Teut\u00f4nia, o Partido Democr\u00e1tico Trabalhista (PDT) definiu sua alian\u00e7a com o Cidadania para compor a chapa majorit\u00e1ria e tamb\u00e9m aprovou os candidatos a vereador da sigla para a disputa proporcional em 2020.<\/p>\n\n\n\n<p>Na elei\u00e7\u00e3o proporcional &#8211; para vereador &#8211; esta ser\u00e1 a primeira elei\u00e7\u00e3o em que os partidos pol\u00edticos n\u00e3o poder\u00e3o fazer coliga\u00e7\u00f5es. Como Teut\u00f4nia tem 11 cadeiras na C\u00e2mara de Vereadores, cada partido pode relacionar at\u00e9 150% do total de vagas em disputa. Ou seja, al\u00e9m das 11 vagas, seriam mais 5,5 (50%). Como n\u00e3o h\u00e1 a possibilidade de vagas &#8220;quebradas&#8221;, o n\u00famero arredonda para cima, chegando em 11 + 6 = 17 candidatos. Em cada cidade, o n\u00famero de candidatos a vereador depende do n\u00famero de cadeiras na C\u00e2mara.<\/p>\n\n\n\n<p>O presidente do PDT, S\u00edrio de Castro, informou antes mesmo da conven\u00e7\u00e3o que o partido possu\u00eda 17 nomes para compor a nominata de candidatos a vereador. O partido tamb\u00e9m deixou aprovados alguns suplentes para eventuais altera\u00e7\u00f5es que se fa\u00e7am necess\u00e1rias. Esta possibilidade de suplentes ou substitui\u00e7\u00f5es de candidatos precisa estar registrada na ata do partido para ter validade perante a Justi\u00e7a Eleitoral.<\/p>\n\n\n\n<p>Todos ainda passar\u00e3o pela etapa do registro das candidaturas junto ao Sistema Candex da Justi\u00e7a Eleitoral. O PDT tem uma nominata completa (17 candidatos). Confira a seguir a lista de candidatos aprovados na conven\u00e7\u00e3o:<\/p>\n\n\n\n<p><span style=\"text-decoration: underline;\">Candidatos:<\/span><br>Aliandro Rockemback<br>Camila Cristina Pinto Zimmermann<br>Diego Tenn Pass<br>Fabiana Lampert<br>Jeso\u00e9 Conde Machado<br>J\u00e9ssie La\u00edsa de Castro<br>Jorge Paulo Hagemann<br>Juliano Renato K\u00f6rner<br>Luciano Andr\u00e9 Rataizki Perinazzo<br>Natal\u00edcio Saueressig<br>Neide Jaqueline Schwarz<br>Ricardo Suhre<br>Ronaldo de Borba Duarte<br>Roselei Brand\u00e3o<br>Simone Huwe<br>Valdemir dos Santos Lima<br>Vitor Ernesto Krabbe<\/p>\n\n\n\n<p><span style=\"text-decoration: underline;\">Suplentes:<\/span><br>Julio Cesar de Souza<br>Francieli Caroline Wessel Weimer<\/p>\n\n\n\n<p>Na coliga\u00e7\u00e3o majorit\u00e1ria entre PDT e Cidadania, o professor aposentado Celso Alo\u00edsio Forneck (PDT) foi aprovado como candidato a prefeito, tendo a atual vereadora Aline R\u00f6hrig Kohl (Cidadania) como candidata a vice-prefeita. Como o candidato a prefeito \u00e9 do PDT, o n\u00famero na urna eletr\u00f4nica dever\u00e1 ser o 12.<\/p>\n","protected":false},"excerpt":{"rendered":"<p>Em conven\u00e7\u00e3o partid\u00e1ria realizada na manh\u00e3 deste s\u00e1bado (05\/09), na C\u00e2mara de Vereadores de Teut\u00f4nia, o Partido Democr\u00e1tico Trabalhista (PDT) definiu sua alian\u00e7a com o Cidadania para compor a chapa majorit\u00e1ria e tamb\u00e9m aprovou os candidatos a vereador da sigla para a disputa proporcional em 2020. Na elei\u00e7\u00e3o proporcional &#8211; para vereador &#8211; esta ser\u00e1 [&hellip;]<\/p>\n","protected":false},"author":7,"featured_media":73271,"comment_status":"open","ping_status":"open","sticky":false,"template":"","format":"standard","meta":{"pmpro_default_level":"","_jetpack_memberships_contains_paid_content":false,"footnotes":""},"categories":[3553,3],"tags":[6126,5995,6129,26],"class_list":{"0":"post-73267","1":"post","2":"type-post","3":"status-publish","4":"format-standard","5":"has-post-thumbnail","7":"category-eleicoes","8":"category-geral","9":"tag-convencoes","10":"tag-eleicoes-2020","11":"tag-pdt","12":"tag-teutonia","13":"pmpro-has-access"},"yoast_head":"<!-- This site is optimized with the Yoast SEO plugin v27.5 - https:\/\/yoast.com\/product\/yoast-seo-wordpress\/ -->\n<title>Aprovados em conven\u00e7\u00e3o, saiba quem s\u00e3o os candidatos a vereador do PDT de Teut\u00f4nia - Folha Popular<\/title>\n<meta name=\"robots\" content=\"index, follow, max-snippet:-1, max-image-preview:large, max-video-preview:-1\" \/>\n<link rel=\"canonical\" href=\"https:\/\/folhapopular.info\/index.php\/2020\/09\/06\/aprovados-em-convencao-saiba-quem-sao-os-candidatos-a-vereador-do-pdt-de-teutonia\/\" \/>\n<meta property=\"og:locale\" content=\"pt_BR\" \/>\n<meta property=\"og:type\" content=\"article\" \/>\n<meta property=\"og:title\" content=\"Aprovados em conven\u00e7\u00e3o, saiba quem s\u00e3o os candidatos a vereador do PDT de Teut\u00f4nia - Folha Popular\" \/>\n<meta property=\"og:description\" content=\"Em conven\u00e7\u00e3o partid\u00e1ria realizada na manh\u00e3 deste s\u00e1bado (05\/09), na C\u00e2mara de Vereadores de Teut\u00f4nia, o Partido Democr\u00e1tico Trabalhista (PDT) definiu sua alian\u00e7a com o Cidadania para compor a chapa majorit\u00e1ria e tamb\u00e9m aprovou os candidatos a vereador da sigla para a disputa proporcional em 2020. Na elei\u00e7\u00e3o proporcional &#8211; para vereador &#8211; esta ser\u00e1 [&hellip;]\" \/>\n<meta property=\"og:url\" content=\"https:\/\/folhapopular.info\/index.php\/2020\/09\/06\/aprovados-em-convencao-saiba-quem-sao-os-candidatos-a-vereador-do-pdt-de-teutonia\/\" \/>\n<meta property=\"og:site_name\" content=\"Folha Popular\" \/>\n<meta property=\"article:published_time\" content=\"2020-09-06T13:13:54+00:00\" \/>\n<meta property=\"article:modified_time\" content=\"2020-09-06T13:36:03+00:00\" \/>\n<meta property=\"og:image\" content=\"https:\/\/folhapopular.info\/wp-content\/uploads\/2020\/09\/convencao04-Pequeno.png\" \/>\n\t<meta property=\"og:image:width\" content=\"854\" \/>\n\t<meta property=\"og:image:height\" content=\"413\" \/>\n\t<meta property=\"og:image:type\" content=\"image\/png\" \/>\n<meta name=\"author\" content=\"Lucas Leandro Brune\" \/>\n<meta name=\"twitter:card\" content=\"summary_large_image\" \/>\n<meta name=\"twitter:label1\" content=\"Escrito por\" \/>\n\t<meta name=\"twitter:data1\" content=\"Lucas Leandro Brune\" \/>\n\t<meta name=\"twitter:label2\" content=\"Est. tempo de leitura\" \/>\n\t<meta name=\"twitter:data2\" content=\"2 minutos\" \/>\n<script type=\"application\/ld+json\" class=\"yoast-schema-graph\">{\"@context\":\"https:\\\/\\\/schema.org\",\"@graph\":[{\"@type\":\"Article\",\"@id\":\"https:\\\/\\\/folhapopular.info\\\/index.php\\\/2020\\\/09\\\/06\\\/aprovados-em-convencao-saiba-quem-sao-os-candidatos-a-vereador-do-pdt-de-teutonia\\\/#article\",\"isPartOf\":{\"@id\":\"https:\\\/\\\/folhapopular.info\\\/index.php\\\/2020\\\/09\\\/06\\\/aprovados-em-convencao-saiba-quem-sao-os-candidatos-a-vereador-do-pdt-de-teutonia\\\/\"},\"author\":{\"name\":\"Lucas Leandro Brune\",\"@id\":\"https:\\\/\\\/folhapopular.info\\\/#\\\/schema\\\/person\\\/533a15f60cd49e81ab3a90b4ca33cb36\"},\"headline\":\"Aprovados em conven\u00e7\u00e3o, saiba quem s\u00e3o os candidatos a vereador do PDT de Teut\u00f4nia\",\"datePublished\":\"2020-09-06T13:13:54+00:00\",\"dateModified\":\"2020-09-06T13:36:03+00:00\",\"mainEntityOfPage\":{\"@id\":\"https:\\\/\\\/folhapopular.info\\\/index.php\\\/2020\\\/09\\\/06\\\/aprovados-em-convencao-saiba-quem-sao-os-candidatos-a-vereador-do-pdt-de-teutonia\\\/\"},\"wordCount\":370,\"commentCount\":0,\"image\":{\"@id\":\"https:\\\/\\\/folhapopular.info\\\/index.php\\\/2020\\\/09\\\/06\\\/aprovados-em-convencao-saiba-quem-sao-os-candidatos-a-vereador-do-pdt-de-teutonia\\\/#primaryimage\"},\"thumbnailUrl\":\"https:\\\/\\\/folhapopular.info\\\/wp-content\\\/uploads\\\/2020\\\/09\\\/convencao04-Pequeno.png\",\"keywords\":[\"conven\u00e7\u00f5es\",\"Elei\u00e7\u00f5es 2020\",\"PDT\",\"Teut\u00f4nia\"],\"articleSection\":[\"Elei\u00e7\u00f5es\",\"Geral\"],\"inLanguage\":\"pt-BR\",\"potentialAction\":[{\"@type\":\"CommentAction\",\"name\":\"Comment\",\"target\":[\"https:\\\/\\\/folhapopular.info\\\/index.php\\\/2020\\\/09\\\/06\\\/aprovados-em-convencao-saiba-quem-sao-os-candidatos-a-vereador-do-pdt-de-teutonia\\\/#respond\"]}]},{\"@type\":\"WebPage\",\"@id\":\"https:\\\/\\\/folhapopular.info\\\/index.php\\\/2020\\\/09\\\/06\\\/aprovados-em-convencao-saiba-quem-sao-os-candidatos-a-vereador-do-pdt-de-teutonia\\\/\",\"url\":\"https:\\\/\\\/folhapopular.info\\\/index.php\\\/2020\\\/09\\\/06\\\/aprovados-em-convencao-saiba-quem-sao-os-candidatos-a-vereador-do-pdt-de-teutonia\\\/\",\"name\":\"Aprovados em conven\u00e7\u00e3o, saiba quem s\u00e3o os candidatos a vereador do PDT de Teut\u00f4nia - Folha Popular\",\"isPartOf\":{\"@id\":\"https:\\\/\\\/folhapopular.info\\\/#website\"},\"primaryImageOfPage\":{\"@id\":\"https:\\\/\\\/folhapopular.info\\\/index.php\\\/2020\\\/09\\\/06\\\/aprovados-em-convencao-saiba-quem-sao-os-candidatos-a-vereador-do-pdt-de-teutonia\\\/#primaryimage\"},\"image\":{\"@id\":\"https:\\\/\\\/folhapopular.info\\\/index.php\\\/2020\\\/09\\\/06\\\/aprovados-em-convencao-saiba-quem-sao-os-candidatos-a-vereador-do-pdt-de-teutonia\\\/#primaryimage\"},\"thumbnailUrl\":\"https:\\\/\\\/folhapopular.info\\\/wp-content\\\/uploads\\\/2020\\\/09\\\/convencao04-Pequeno.png\",\"datePublished\":\"2020-09-06T13:13:54+00:00\",\"dateModified\":\"2020-09-06T13:36:03+00:00\",\"author\":{\"@id\":\"https:\\\/\\\/folhapopular.info\\\/#\\\/schema\\\/person\\\/533a15f60cd49e81ab3a90b4ca33cb36\"},\"breadcrumb\":{\"@id\":\"https:\\\/\\\/folhapopular.info\\\/index.php\\\/2020\\\/09\\\/06\\\/aprovados-em-convencao-saiba-quem-sao-os-candidatos-a-vereador-do-pdt-de-teutonia\\\/#breadcrumb\"},\"inLanguage\":\"pt-BR\",\"potentialAction\":[{\"@type\":\"ReadAction\",\"target\":[\"https:\\\/\\\/folhapopular.info\\\/index.php\\\/2020\\\/09\\\/06\\\/aprovados-em-convencao-saiba-quem-sao-os-candidatos-a-vereador-do-pdt-de-teutonia\\\/\"]}]},{\"@type\":\"ImageObject\",\"inLanguage\":\"pt-BR\",\"@id\":\"https:\\\/\\\/folhapopular.info\\\/index.php\\\/2020\\\/09\\\/06\\\/aprovados-em-convencao-saiba-quem-sao-os-candidatos-a-vereador-do-pdt-de-teutonia\\\/#primaryimage\",\"url\":\"https:\\\/\\\/folhapopular.info\\\/wp-content\\\/uploads\\\/2020\\\/09\\\/convencao04-Pequeno.png\",\"contentUrl\":\"https:\\\/\\\/folhapopular.info\\\/wp-content\\\/uploads\\\/2020\\\/09\\\/convencao04-Pequeno.png\",\"width\":854,\"height\":413,\"caption\":\"Candidatos a vereador do PDT aprovados em conven\u00e7\u00e3o, junto com os candidatos \u00e0 majorit\u00e1ria da alian\u00e7a PDT\\\/Cidadania\"},{\"@type\":\"BreadcrumbList\",\"@id\":\"https:\\\/\\\/folhapopular.info\\\/index.php\\\/2020\\\/09\\\/06\\\/aprovados-em-convencao-saiba-quem-sao-os-candidatos-a-vereador-do-pdt-de-teutonia\\\/#breadcrumb\",\"itemListElement\":[{\"@type\":\"ListItem\",\"position\":1,\"name\":\"In\u00edcio\",\"item\":\"https:\\\/\\\/folhapopular.info\\\/\"},{\"@type\":\"ListItem\",\"position\":2,\"name\":\"Aprovados em conven\u00e7\u00e3o, saiba quem s\u00e3o os candidatos a vereador do PDT de Teut\u00f4nia\"}]},{\"@type\":\"WebSite\",\"@id\":\"https:\\\/\\\/folhapopular.info\\\/#website\",\"url\":\"https:\\\/\\\/folhapopular.info\\\/\",\"name\":\"Folha Popular\",\"description\":\"Onde voc\u00ea tem vez e voz\",\"potentialAction\":[{\"@type\":\"SearchAction\",\"target\":{\"@type\":\"EntryPoint\",\"urlTemplate\":\"https:\\\/\\\/folhapopular.info\\\/?s={search_term_string}\"},\"query-input\":{\"@type\":\"PropertyValueSpecification\",\"valueRequired\":true,\"valueName\":\"search_term_string\"}}],\"inLanguage\":\"pt-BR\"},{\"@type\":\"Person\",\"@id\":\"https:\\\/\\\/folhapopular.info\\\/#\\\/schema\\\/person\\\/533a15f60cd49e81ab3a90b4ca33cb36\",\"name\":\"Lucas Leandro Brune\",\"image\":{\"@type\":\"ImageObject\",\"inLanguage\":\"pt-BR\",\"@id\":\"https:\\\/\\\/folhapopular.info\\\/wp-content\\\/uploads\\\/2026\\\/04\\\/LUCAS-1-1.webp\",\"url\":\"https:\\\/\\\/folhapopular.info\\\/wp-content\\\/uploads\\\/2026\\\/04\\\/LUCAS-1-1.webp\",\"contentUrl\":\"https:\\\/\\\/folhapopular.info\\\/wp-content\\\/uploads\\\/2026\\\/04\\\/LUCAS-1-1.webp\",\"caption\":\"Lucas Leandro Brune\"},\"description\":\"Jornalista Profissional Diplomado MTB\\\/RS 14.333\",\"url\":\"https:\\\/\\\/folhapopular.info\\\/index.php\\\/author\\\/lucas-brune\\\/\"}]}<\/script>\n<!-- \/ Yoast SEO plugin. -->","yoast_head_json":{"title":"Aprovados em conven\u00e7\u00e3o, saiba quem s\u00e3o os candidatos a vereador do PDT de Teut\u00f4nia - Folha Popular","robots":{"index":"index","follow":"follow","max-snippet":"max-snippet:-1","max-image-preview":"max-image-preview:large","max-video-preview":"max-video-preview:-1"},"canonical":"https:\/\/folhapopular.info\/index.php\/2020\/09\/06\/aprovados-em-convencao-saiba-quem-sao-os-candidatos-a-vereador-do-pdt-de-teutonia\/","og_locale":"pt_BR","og_type":"article","og_title":"Aprovados em conven\u00e7\u00e3o, saiba quem s\u00e3o os candidatos a vereador do PDT de Teut\u00f4nia - Folha Popular","og_description":"Em conven\u00e7\u00e3o partid\u00e1ria realizada na manh\u00e3 deste s\u00e1bado (05\/09), na C\u00e2mara de Vereadores de Teut\u00f4nia, o Partido Democr\u00e1tico Trabalhista (PDT) definiu sua alian\u00e7a com o Cidadania para compor a chapa majorit\u00e1ria e tamb\u00e9m aprovou os candidatos a vereador da sigla para a disputa proporcional em 2020. Na elei\u00e7\u00e3o proporcional &#8211; para vereador &#8211; esta ser\u00e1 [&hellip;]","og_url":"https:\/\/folhapopular.info\/index.php\/2020\/09\/06\/aprovados-em-convencao-saiba-quem-sao-os-candidatos-a-vereador-do-pdt-de-teutonia\/","og_site_name":"Folha Popular","article_published_time":"2020-09-06T13:13:54+00:00","article_modified_time":"2020-09-06T13:36:03+00:00","og_image":[{"width":854,"height":413,"url":"https:\/\/folhapopular.info\/wp-content\/uploads\/2020\/09\/convencao04-Pequeno.png","type":"image\/png"}],"author":"Lucas Leandro Brune","twitter_card":"summary_large_image","twitter_misc":{"Escrito por":"Lucas Leandro Brune","Est. tempo de leitura":"2 minutos"},"schema":{"@context":"https:\/\/schema.org","@graph":[{"@type":"Article","@id":"https:\/\/folhapopular.info\/index.php\/2020\/09\/06\/aprovados-em-convencao-saiba-quem-sao-os-candidatos-a-vereador-do-pdt-de-teutonia\/#article","isPartOf":{"@id":"https:\/\/folhapopular.info\/index.php\/2020\/09\/06\/aprovados-em-convencao-saiba-quem-sao-os-candidatos-a-vereador-do-pdt-de-teutonia\/"},"author":{"name":"Lucas Leandro Brune","@id":"https:\/\/folhapopular.info\/#\/schema\/person\/533a15f60cd49e81ab3a90b4ca33cb36"},"headline":"Aprovados em conven\u00e7\u00e3o, saiba quem s\u00e3o os candidatos a vereador do PDT de Teut\u00f4nia","datePublished":"2020-09-06T13:13:54+00:00","dateModified":"2020-09-06T13:36:03+00:00","mainEntityOfPage":{"@id":"https:\/\/folhapopular.info\/index.php\/2020\/09\/06\/aprovados-em-convencao-saiba-quem-sao-os-candidatos-a-vereador-do-pdt-de-teutonia\/"},"wordCount":370,"commentCount":0,"image":{"@id":"https:\/\/folhapopular.info\/index.php\/2020\/09\/06\/aprovados-em-convencao-saiba-quem-sao-os-candidatos-a-vereador-do-pdt-de-teutonia\/#primaryimage"},"thumbnailUrl":"https:\/\/folhapopular.info\/wp-content\/uploads\/2020\/09\/convencao04-Pequeno.png","keywords":["conven\u00e7\u00f5es","Elei\u00e7\u00f5es 2020","PDT","Teut\u00f4nia"],"articleSection":["Elei\u00e7\u00f5es","Geral"],"inLanguage":"pt-BR","potentialAction":[{"@type":"CommentAction","name":"Comment","target":["https:\/\/folhapopular.info\/index.php\/2020\/09\/06\/aprovados-em-convencao-saiba-quem-sao-os-candidatos-a-vereador-do-pdt-de-teutonia\/#respond"]}]},{"@type":"WebPage","@id":"https:\/\/folhapopular.info\/index.php\/2020\/09\/06\/aprovados-em-convencao-saiba-quem-sao-os-candidatos-a-vereador-do-pdt-de-teutonia\/","url":"https:\/\/folhapopular.info\/index.php\/2020\/09\/06\/aprovados-em-convencao-saiba-quem-sao-os-candidatos-a-vereador-do-pdt-de-teutonia\/","name":"Aprovados em conven\u00e7\u00e3o, saiba quem s\u00e3o os candidatos a vereador do PDT de Teut\u00f4nia - Folha Popular","isPartOf":{"@id":"https:\/\/folhapopular.info\/#website"},"primaryImageOfPage":{"@id":"https:\/\/folhapopular.info\/index.php\/2020\/09\/06\/aprovados-em-convencao-saiba-quem-sao-os-candidatos-a-vereador-do-pdt-de-teutonia\/#primaryimage"},"image":{"@id":"https:\/\/folhapopular.info\/index.php\/2020\/09\/06\/aprovados-em-convencao-saiba-quem-sao-os-candidatos-a-vereador-do-pdt-de-teutonia\/#primaryimage"},"thumbnailUrl":"https:\/\/folhapopular.info\/wp-content\/uploads\/2020\/09\/convencao04-Pequeno.png","datePublished":"2020-09-06T13:13:54+00:00","dateModified":"2020-09-06T13:36:03+00:00","author":{"@id":"https:\/\/folhapopular.info\/#\/schema\/person\/533a15f60cd49e81ab3a90b4ca33cb36"},"breadcrumb":{"@id":"https:\/\/folhapopular.info\/index.php\/2020\/09\/06\/aprovados-em-convencao-saiba-quem-sao-os-candidatos-a-vereador-do-pdt-de-teutonia\/#breadcrumb"},"inLanguage":"pt-BR","potentialAction":[{"@type":"ReadAction","target":["https:\/\/folhapopular.info\/index.php\/2020\/09\/06\/aprovados-em-convencao-saiba-quem-sao-os-candidatos-a-vereador-do-pdt-de-teutonia\/"]}]},{"@type":"ImageObject","inLanguage":"pt-BR","@id":"https:\/\/folhapopular.info\/index.php\/2020\/09\/06\/aprovados-em-convencao-saiba-quem-sao-os-candidatos-a-vereador-do-pdt-de-teutonia\/#primaryimage","url":"https:\/\/folhapopular.info\/wp-content\/uploads\/2020\/09\/convencao04-Pequeno.png","contentUrl":"https:\/\/folhapopular.info\/wp-content\/uploads\/2020\/09\/convencao04-Pequeno.png","width":854,"height":413,"caption":"Candidatos a vereador do PDT aprovados em conven\u00e7\u00e3o, junto com os candidatos \u00e0 majorit\u00e1ria da alian\u00e7a PDT\/Cidadania"},{"@type":"BreadcrumbList","@id":"https:\/\/folhapopular.info\/index.php\/2020\/09\/06\/aprovados-em-convencao-saiba-quem-sao-os-candidatos-a-vereador-do-pdt-de-teutonia\/#breadcrumb","itemListElement":[{"@type":"ListItem","position":1,"name":"In\u00edcio","item":"https:\/\/folhapopular.info\/"},{"@type":"ListItem","position":2,"name":"Aprovados em conven\u00e7\u00e3o, saiba quem s\u00e3o os candidatos a vereador do PDT de Teut\u00f4nia"}]},{"@type":"WebSite","@id":"https:\/\/folhapopular.info\/#website","url":"https:\/\/folhapopular.info\/","name":"Folha Popular","description":"Onde voc\u00ea tem vez e voz","potentialAction":[{"@type":"SearchAction","target":{"@type":"EntryPoint","urlTemplate":"https:\/\/folhapopular.info\/?s={search_term_string}"},"query-input":{"@type":"PropertyValueSpecification","valueRequired":true,"valueName":"search_term_string"}}],"inLanguage":"pt-BR"},{"@type":"Person","@id":"https:\/\/folhapopular.info\/#\/schema\/person\/533a15f60cd49e81ab3a90b4ca33cb36","name":"Lucas Leandro Brune","image":{"@type":"ImageObject","inLanguage":"pt-BR","@id":"https:\/\/folhapopular.info\/wp-content\/uploads\/2026\/04\/LUCAS-1-1.webp","url":"https:\/\/folhapopular.info\/wp-content\/uploads\/2026\/04\/LUCAS-1-1.webp","contentUrl":"https:\/\/folhapopular.info\/wp-content\/uploads\/2026\/04\/LUCAS-1-1.webp","caption":"Lucas Leandro Brune"},"description":"Jornalista Profissional Diplomado MTB\/RS 14.333","url":"https:\/\/folhapopular.info\/index.php\/author\/lucas-brune\/"}]}},"jetpack_featured_media_url":"https:\/\/folhapopular.info\/wp-content\/uploads\/2020\/09\/convencao04-Pequeno.png","jetpack_sharing_enabled":true,"amp_enabled":true,"_links":{"self":[{"href":"https:\/\/folhapopular.info\/index.php\/wp-json\/wp\/v2\/posts\/73267","targetHints":{"allow":["GET"]}}],"collection":[{"href":"https:\/\/folhapopular.info\/index.php\/wp-json\/wp\/v2\/posts"}],"about":[{"href":"https:\/\/folhapopular.info\/index.php\/wp-json\/wp\/v2\/types\/post"}],"author":[{"embeddable":true,"href":"https:\/\/folhapopular.info\/index.php\/wp-json\/wp\/v2\/users\/7"}],"replies":[{"embeddable":true,"href":"https:\/\/folhapopular.info\/index.php\/wp-json\/wp\/v2\/comments?post=73267"}],"version-history":[{"count":0,"href":"https:\/\/folhapopular.info\/index.php\/wp-json\/wp\/v2\/posts\/73267\/revisions"}],"wp:featuredmedia":[{"embeddable":true,"href":"https:\/\/folhapopular.info\/index.php\/wp-json\/wp\/v2\/media\/73271"}],"wp:attachment":[{"href":"https:\/\/folhapopular.info\/index.php\/wp-json\/wp\/v2\/media?parent=73267"}],"wp:term":[{"taxonomy":"category","embeddable":true,"href":"https:\/\/folhapopular.info\/index.php\/wp-json\/wp\/v2\/categories?post=73267"},{"taxonomy":"post_tag","embeddable":true,"href":"https:\/\/folhapopular.info\/index.php\/wp-json\/wp\/v2\/tags?post=73267"}],"curies":[{"name":"wp","href":"https:\/\/api.w.org\/{rel}","templated":true}]}}