{"id":73472,"date":"2020-09-11T19:19:07","date_gmt":"2020-09-11T22:19:07","guid":{"rendered":"https:\/\/folhapopular.info\/?p=73472"},"modified":"2020-09-11T19:19:10","modified_gmt":"2020-09-11T22:19:10","slug":"no-quarto-mes-consecutivo-de-retracao-feminicidios-no-rs-caem-50-em-agosto","status":"publish","type":"post","link":"https:\/\/folhapopular.info\/index.php\/2020\/09\/11\/no-quarto-mes-consecutivo-de-retracao-feminicidios-no-rs-caem-50-em-agosto\/","title":{"rendered":"No quarto m\u00eas consecutivo de retra\u00e7\u00e3o, feminic\u00eddios no RS caem 50% em agosto"},"content":{"rendered":"\n<p>O Rio Grande do Sul teve em agosto nova redu\u00e7\u00e3o dos assassinatos de mulheres por motivo de g\u00eanero. Os feminic\u00eddios ca\u00edram pela metade, de oito v\u00edtimas em 2019 para quatro neste ano. \u00c9 o quarto m\u00eas consecutivo de retra\u00e7\u00e3o neste que \u00e9 o principal indicador de viol\u00eancia contra a mulher. Com isso, foi ampliada a diminui\u00e7\u00e3o no acumulado desde janeiro, que chegou a estar em alta no primeiro semestre, mas teve a curva revertida em julho. Agora, a soma em oito meses \u00e9 57 feminic\u00eddios, 10% a menos do que os 63 do mesmo per\u00edodo no ano anterior. Os dados fazem parte dos indicadores criminais do Estado, divulgados nesta sexta-feira (11\/9) pela Secretaria da Seguran\u00e7a P\u00fablica (SSP).<\/p>\n\n\n\n<figure class=\"wp-block-image\"><img decoding=\"async\" src=\"https:\/\/ci3.googleusercontent.com\/proxy\/ZdyEsY5Aa73_4dnMlqoqCFsephxliZoitCyhRM7vehLnLw2bUu6jPW2RYQMjjgG4mHsq6-gOZt07qV8VfB3t-YoIv4mY6ywj1PGWWKO5HJSZ3v3k4zIM=s0-d-e1-ft#https:\/\/ssp.rs.gov.br\/upload\/recortes\/202009\/10182416_121255_GDO.jpg\" alt=\"Gr\u00e1fico de barras com n\u00fameros de v\u00edtimas de\nfeminic\u00eddio em agosto no RS, entre 2012 e 2020. Foram oito\nv\u00edtimas em 2019 e quatro em 2020, queda de 50%.\"\/><\/figure>\n\n\n\n<p>\u201cAs for\u00e7as de seguran\u00e7a, obviamente, sempre atuam perseguindo a meta de que nenhuma fam\u00edlia ga\u00facha sofra a perda de uma vida. E a viol\u00eancia contra a mulher \u00e9 uma chaga que ainda persiste em nossa sociedade, mas \u00e9 tamb\u00e9m incontest\u00e1vel o avan\u00e7o obtido a partir das diversas medidas que adotamos especificamente para esse enfrentamento. A redu\u00e7\u00e3o que os indicadores comprovam agora \u00e9 resultado desse foco e, principalmente, do trabalho abnegado e de excel\u00eancia dos homens e mulheres das institui\u00e7\u00f5es vinculadas \u00e0 SSP, que diariamente est\u00e3o na linha de frente das a\u00e7\u00f5es de preven\u00e7\u00e3o, acolhimento das v\u00edtimas e repress\u00e3o aos agressores\u201d, comentou o vice-governador e secret\u00e1rio da Seguran\u00e7a P\u00fablica, delegado Ranolfo Vieira J\u00fanior.<\/p>\n\n\n\n<p>No in\u00edcio de agosto, quando se completaram 14 anos da Lei Maria da Penha (Lei n\u00ba 11.340\/2006), o governo lan\u00e7ou o Comit\u00ea Interinstitucional de Enfrentamento \u00e0 Viol\u00eancia Contra a Mulher. O colegiado, criado por decreto assinado pelo governador Eduardo Leite, se insere nas estrat\u00e9gias do Programa RS Seguro, e j\u00e1 nasce com tarefa estruturada, o Projeto Agregador. A iniciativa re\u00fane o trabalho dos tr\u00eas Poderes, de 16 institui\u00e7\u00f5es das esferas municipal e estadual, al\u00e9m de nove secretarias de Estado. De 11 subprojetos elaborados a partir dos desafios identificados, cinco foram priorizados para in\u00edcio imediato. O primeiro foi concretizado com a institui\u00e7\u00e3o do Comit\u00ea. Os outros quatro est\u00e3o voltados para:<\/p>\n\n\n\n<ul class=\"wp-block-list\"><li>1 &#8211; Monitoramento do Agressor;<\/li><li>2 &#8211; A\u00e7\u00f5es nas Escolas;<\/li><li>3 &#8211; Informar, Prevenir e Proteger;<\/li><li>4 &#8211; Grupos Reflexivos de G\u00eanero.<\/li><\/ul>\n\n\n\n<p>O cronograma para prepara\u00e7\u00e3o e implanta\u00e7\u00e3o das entregas pactuadas prev\u00ea que a maior parte se dar\u00e1 no prazo de um ano, at\u00e9 julho de 2021. No site da SSP h\u00e1 mais detalhes sobre cada uma das linhas de a\u00e7\u00e3o do Projeto Agregador.<\/p>\n\n\n\n<figure class=\"wp-block-image\"><img decoding=\"async\" src=\"https:\/\/ci6.googleusercontent.com\/proxy\/bl7zA3Moq6Nz0k3RSag_Xn5cKv0U__J2vTQOCw8ZSzRajXw55_BFXOtq0NYS3hDn3xwc_oINWZmLp-NTt8lhvGjXDnnqE0E1vgy8nDbDfwHYoalvOfDi=s0-d-e1-ft#https:\/\/ssp.rs.gov.br\/upload\/recortes\/202009\/10182556_121266_GDO.jpg\" alt=\"Gr\u00e1fico de barras com n\u00fameros de v\u00edtimas de\nfeminic\u00eddio entre janeiro e agosto no RS, entre 2012 e 2020. Foram\n43 v\u00edtimas em 2019 e 57 em 2020, queda de 10%.\"\/><\/figure>\n\n\n\n<p>Al\u00e9m disso, as institui\u00e7\u00f5es da Seguran\u00e7a P\u00fablica ampliaram participa\u00e7\u00e3o em campanhas de conscientiza\u00e7\u00e3o e apoio \u00e0s v\u00edtimas, com reflexo positivo no aumento de den\u00fancias, tanto por parte das v\u00edtimas como por vizinhos e familiares. A Pol\u00edcia Civil disponibilizou um WhatsApp&nbsp; \u2013 (51) 9.8444.0606 \u2013para recebimento de den\u00fancias e abriu ainda a possibilidade de registro de boletim de ocorr\u00eancia de viol\u00eancia dom\u00e9stica por meio da Delegacia Online. As 23 Delegacias Especializadas no Atendimento \u00e0 Mulher (DEAMs) intensificaram a\u00e7\u00f5es de repress\u00e3o, como cumprimento de mandado de pris\u00e3o e busca e apreens\u00e3o de armas, al\u00e9m de priorizar a remessa dos procedimentos graves e de descumprimento de medidas protetivas de urg\u00eancia (MPU) ao Poder Judici\u00e1rio. Nenhuma das quatro v\u00edtimas de feminic\u00eddio em agosto contava com MPU, o que evidencia a import\u00e2ncia de que as den\u00fancias sejam levadas \u00e0s autoridades em tempo de serem adotadas a\u00e7\u00f5es que possam evitar o desfecho fatal do ciclo de viol\u00eancia.<\/p>\n\n\n\n<p>Em parceria com o Instituto-Geral de Per\u00edcias (IGP), tamb\u00e9m est\u00e1 sendo ampliado o Projeto de Atendimento Psicossocial On-line. A iniciativa encaminha as v\u00edtimas de viol\u00eancia dom\u00e9stica, que procuram a Pol\u00edcia Civil para registrar queixa, ao Setor Psicossocial do Departamento M\u00e9dico-Legal do IGP. A proposta vem sendo implementada desde mar\u00e7o na DEAM da Capital, quando iniciou a pandemia da Covid-19, e agora vai ser estendida para seis DEAMs da Regi\u00e3o Metropolitana de Porto Alegre (Alvorada, Canoas, Gravata\u00ed, Novo Hamburgo, S\u00e3o Leopoldo e Viam\u00e3o).<\/p>\n\n\n\n<p>O atendimento tem sido feito na sede do DML, a menos de cem metros da sede da DEAM da Capital, no Pal\u00e1cio da Pol\u00edcia. Tr\u00eas psic\u00f3logos e uma assistente social do IGP atendem as mulheres, de 2\u00aa a 6\u00aa feira, das 8h \u00e0s 18h. As que desejam, tamb\u00e9m podem ser atendidas por meio de telefone e videochamada \u2013 essa \u00faltima modalidade, nas outras seis DEAMs, ser\u00e1 implantada em uma segunda fase do projeto, ap\u00f3s a consolida\u00e7\u00e3o do servi\u00e7o presencial.<\/p>\n\n\n\n<p>Na Brigada Militar (BM), o n\u00famero de Patrulhas Maria da Penhas (PMPs) mais que dobrou.&nbsp;Em mar\u00e7o, as PMPs ampliaram de 46 para 84 o n\u00famero de munic\u00edpios atendidos. No m\u00eas seguinte, o total subiu para 97 e, em julho, a cidade de Minas do Le\u00e3o foi a 98\u00aa cidade a ganhar a cobertura do efetivo especialmente capacitado para o monitoramento das MPUs requisitadas pela Pol\u00edcia Civil e concedidas pelo Judici\u00e1rio.<\/p>\n\n\n\n<figure class=\"wp-block-image is-resized\"><img loading=\"lazy\" decoding=\"async\" src=\"https:\/\/ci6.googleusercontent.com\/proxy\/LLk9aRHPtlk3zgZDW3sUBMS9rIJfsjeFKyEngGs5KQsW5UAf2_Y59lwBGMB0PHzbrLFLrQpE8U_l3Mwr9x2xMXUa9jhJCczdDHTkRUaErjs-cnRibxc5DQ=s0-d-e1-ft#https:\/\/ssp.rs.gov.br\/upload\/recortes\/202009\/02114534_121033_MDO.jpeg\" alt=\"a imagem tem o bras\u00e3o da Brigada Militar no canto inferior, no\ncanto superior o nome  &quot;Opera\u00e7\u00e3o Marias&quot; e a data.\nNa direita da imagem, os dados das visitas, ilustrado com v\u00e1rias\npequenas imagens de visitas da Brigada Militar em c\u00edrculo\" width=\"608\" height=\"342\"\/><figcaption>Foram 550 visitas, al\u00e9m de cestas b\u00e1sicas e agasalhos distribu\u00eddos para as mulheres visitadas \/ Cr\u00e9dito da foto: PM5 \/ Brigada Militar<\/figcaption><\/figure>\n\n\n\n<p>No \u00faltimo dia de agosto, que por marcar o anivers\u00e1rio da Lei Maria da Penha \u00e9 considerado o m\u00eas do combate \u00e0 viol\u00eancia dom\u00e9stica, as PMPs deflagraram a Opera\u00e7\u00e3o Marias. A a\u00e7\u00e3o ocorreu de forma simult\u00e2nea em 74 munic\u00edpios, com a participa\u00e7\u00e3o de 172 policiais militares. A mobiliza\u00e7\u00e3o realizou visitas a 550 v\u00edtimas para fiscaliza\u00e7\u00e3o das MPUs, o que resultou em oito pris\u00f5es de agressores que estavam descumprindo as medidas ou portavam armamento ilegalmente \u2013 foram apreendidas duas armas e 132 muni\u00e7\u00f5es. Al\u00e9m do trabalho repressivo, a Opera\u00e7\u00e3o Marias tamb\u00e9m teve impacto solid\u00e1rio, com a distribui\u00e7\u00e3o de 687 cestas b\u00e1sicas e 4.091 agasalhos.<\/p>\n\n\n\n<p>Todas essas a\u00e7\u00f5es contribu\u00edram para redu\u00e7\u00e3o nos cinco indicadores de viol\u00eancia contra a mulher frente aos n\u00fameros de 2019, tanto na leitura mensal quanto no acumulado desde janeiro. Em agosto, as tentativas de assassinato por motivo de g\u00eanero passaram de 27 para 26 (-3,7%). Amea\u00e7as ca\u00edram 15,1%, de 3.004 para 2.551. As les\u00f5es corporais retra\u00edram 6,9%, de 1.460 para 1.359, e os estupros reduziram 19,9%, de 156 para 125.<\/p>\n\n\n\n<figure class=\"wp-block-image\"><img decoding=\"async\" src=\"https:\/\/ci3.googleusercontent.com\/proxy\/KYXQwrEtqZizJvIDGXbY2VsYpA2ooxjVYVLhJfLs2DJoPyWIMMWJpX8u-H7szpOEy6goEpILOMnbojmWMRQ6vb4Z8x1SkmNy8m_EJ9J1vzWaC1NrNabw=s0-d-e1-ft#https:\/\/ssp.rs.gov.br\/upload\/recortes\/202009\/10182808_121277_GDO.jpg\" alt=\"Gr\u00e1ficos de barras com n\u00fameros de viol\u00eancia contra\nmulher em agosto em 2019 e 2020. Amea\u00e7as ca\u00edram de 3.004 para\n2.551 (-15,1%), les\u00e3o corporal de 1.460 para 1.359 (-6,9%), estupros\nde 156 para 125 (-19,9%) e tentativas de feminic\u00eddio de 27 para 26\n(-3,7%\"\/><\/figure>\n\n\n\n<p>Na soma dos oito meses, feminic\u00eddios tentados acumulam queda de 7,8% frente a igual per\u00edodo do ano passado, baixando de 232 para 214 v\u00edtimas. Na mesma compara\u00e7\u00e3o, tamb\u00e9m ca\u00edram as amea\u00e7as, de 24.956 para 21.894 (-12,3%), as les\u00f5es corporais, de 13.516 para 12.427 (-9,4%), e os estupros, de 1.085 para 1.077 (-0,7%).<\/p>\n\n\n\n<figure class=\"wp-block-image\"><img decoding=\"async\" src=\"https:\/\/ci3.googleusercontent.com\/proxy\/u9y9Po-XxJFaDwCvDZNaTh2_fdGVb3c67CZgCaI7X0olO4WeAnGCBEusKlx6jsQgZXb_Kt_w_9QGLVxHCWVecq_B6GTqQZCJ0OghKCyJlYpktH9jaN-L=s0-d-e1-ft#https:\/\/ssp.rs.gov.br\/upload\/recortes\/202009\/10183032_121288_GDO.jpg\" alt=\"Gr\u00e1fico de barras com n\u00fameros de viol\u00eancia contra\na mulher entre janeiro e agosto em 2019 e 2020. Amea\u00e7a caiu de\n24.956 para 21.894, les\u00e3o de 13.516 para 12.247, estupro de 1.085\npara 1.077, e tentativa de feminic\u00eddio de 232 para 214.\"\/><\/figure>\n\n\n\n<p>Latroc\u00ednios tem queda de 60% em agosto.<\/p>\n\n\n\n<p>O Rio Grande do Sul tamb\u00e9m registrou redu\u00e7\u00e3o expressiva nas mortes resultantes de assaltos em agosto, o que aprofunda a retra\u00e7\u00e3o j\u00e1 verificada no acumulado do ano. Os latroc\u00ednios tiveram queda de 60%, de 10 casos em agosto de 2019 para quatro neste ano, n\u00famero que repete o menor total j\u00e1 registrado para o m\u00eas desde 2002, quando teve in\u00edcio a s\u00e9rie hist\u00f3rica de contabiliza\u00e7\u00e3o.<\/p>\n\n\n\n<figure class=\"wp-block-image\"><img decoding=\"async\" src=\"https:\/\/ci6.googleusercontent.com\/proxy\/DAxmaLg8MGU_iQIqI2YfIhx-U5Gc8OjSkMHlGUVccvPu2ds1eTVj9ks8FFwHxpj89QsSP3e6eLoV3XSw1E51fjT0ibYHPaCpNHqIoFKUjFoVClrI_XM4=s0-d-e1-ft#https:\/\/ssp.rs.gov.br\/upload\/recortes\/202009\/10183307_121299_GDO.jpg\" alt=\"Gr\u00e1fico de barras com n\u00fameros de latroc\u00ednios em\nagosto no RS entre 2002 e 2020. Foram 10 casos em 2019 e quatro em 2020,\nqueda de 60%.\"\/><\/figure>\n\n\n\n<p>Na compara\u00e7\u00e3o de acumulados desde janeiro, a soma de roubos com morte est\u00e1 15,4% menor neste ano frente ao anterior, com baixa de 52 casos para 44 \u2013 o menor para o per\u00edodo desde 2009, quando houve 38 latroc\u00ednios.<\/p>\n\n\n\n<figure class=\"wp-block-image\"><img decoding=\"async\" src=\"https:\/\/ci6.googleusercontent.com\/proxy\/HTozzzI-WJPXebn92HF8g3dd_KbFmw-M9qii614Dm2Tf6wiS9VY8Y5b0kWwpvyBk6RkoSJuR1WltmAbP2PLOjttlbJ0XijAzC3svihbkq63GIyMtoJU7=s0-d-e1-ft#https:\/\/ssp.rs.gov.br\/upload\/recortes\/202009\/10183423_121310_GDO.jpg\" alt=\"Gr\u00e1fico de barras com n\u00fameros de latroc\u00ednios\nentre janeiro e agosto no RS, entre 2002 e 2020. Foram 52 casos em 2019 e\n44 em 2020, queda de 15,4%.\"\/><\/figure>\n\n\n\n<p>Entre os fatores que explicam essas quedas, o principal \u00e9 a retra\u00e7\u00e3o generalizada nos crimes patrimoniais. Observadas ao longo de todo o ano passado, as redu\u00e7\u00f5es foram aprofundadas em 2020 pela combina\u00e7\u00e3o de menor circula\u00e7\u00e3o de pessoas, em raz\u00e3o da pandemia da Covid-19, com o trabalho ininterrupto das for\u00e7as de seguran\u00e7a.<\/p>\n\n\n\n<p>As ocorr\u00eancias do crime de roubo (quando h\u00e1 grave amea\u00e7a ou viol\u00eancia \u00e0 v\u00edtima), por exemplo, tiveram queda de 41,7% em agosto, com 5.832 registros em 2019 e 3.401 neste ano \u2013 redu\u00e7\u00e3o de 2,4 mil casos. Na soma desde janeiro, j\u00e1 s\u00e3o 14,3 mil roubos a menos. Foram 46.274 registros nos primeiros oito meses de 2019, contra 31.930 em igual per\u00edodo deste ano, uma queda de 31%.<\/p>\n\n\n\n<figure class=\"wp-block-image\"><img decoding=\"async\" src=\"https:\/\/ci5.googleusercontent.com\/proxy\/QD8teqPz7NLvjHUgU_al4-d_G35cDR4OjghTY6Sk1QXsBn_rLGdEbipZv5LE9FdpbfPMHSGhA1-XxXwtuBxctZRbJuSg5Rzz_JtLwNLkLh5s6OE8gcyG=s0-d-e1-ft#https:\/\/ssp.rs.gov.br\/upload\/recortes\/202009\/10183558_121321_GDO.jpg\" alt=\"Gr\u00e1ficos de barras com dados de crimes patrimoniais em agosto\nno RS. Furto de ve\u00edculo caiu de 1.120 para 696, roubos de 5.832 para\n3.401, furtos de 9.988 para 6.369, ataques a com\u00e9rcio de 740 para\n479 e roubos a transporte coletivo de 167 para 131.\"\/><\/figure>\n\n\n\n<p>Tamb\u00e9m houve retra\u00e7\u00e3o nos ataques a com\u00e9rcio, que passaram de 740 para 479 (-35,3%) em agosto e de 5.756 para 4.572 (-20,6%) no acumulado. Nos roubos a transporte coletivo, que no m\u00eas ca\u00edram de 167 para 131 (-21,6), a diminui\u00e7\u00e3o na soma entre janeiro e agosto chegou a 40,6%, com 666 ocorr\u00eancias a menos \u2013 foram 1.639 registros em 2019 enquanto no mesmo per\u00edodo deste ano houve 973.<\/p>\n\n\n\n<p>Agosto tem os menores n\u00fameros de roubo de ve\u00edculo e ataques a banco da s\u00e9rie hist\u00f3rica.<\/p>\n\n\n\n<p>Um dos destaques das redu\u00e7\u00f5es entre os crimes patrimoniais \u00e9 a queda recorde nos roubos de ve\u00edculos, que em agosto chegou ao menor n\u00edvel para o m\u00eas desde que foi iniciada a s\u00e9rie hist\u00f3rica de contabiliza\u00e7\u00e3o. Foram 529 ocorr\u00eancias, 42,6% menos que as 922 registradas no per\u00edodo em 2019.&nbsp;O menor total anterior era do primeiro ano da contabiliza\u00e7\u00e3o, em 2002, quando houve 686 casos.<\/p>\n\n\n\n<figure class=\"wp-block-image\"><img decoding=\"async\" src=\"https:\/\/ci4.googleusercontent.com\/proxy\/rC5_8g1j3WnBiB6ki4eY_opZmUqHyToIXhEzvJTXTPPIFn82Iuv9wTPtrKfuAvjGChsGrS3Cdl6UPHb3xEHIZgMSoZpW74jvvJ__ehDuF-cSz7SX6QYt=s0-d-e1-ft#https:\/\/ssp.rs.gov.br\/upload\/recortes\/202009\/10183817_121332_GDO.jpg\" alt=\"Gr\u00e1fico de barras com n\u00fameros de Roubo de ve\u00edculo\nem agosto no RS, entre 2002 e 2020. Foram 922 em 2019 e 529 em 2020, queda\nde 42,6%, para o menor n\u00famero em toda a s\u00e9rie\nhist\u00f3rica.\"\/><\/figure>\n\n\n\n<p>O resultado ampliou a retra\u00e7\u00e3o no cen\u00e1rio acumulado. Enquanto de janeiro a agosto do ano passado ocorreram 7.834 roubos de ve\u00edculos, os oito primeiros meses de 2020 tiveram 6.022 (-23,1%), o menor total para o per\u00edodo desde 2003, quando houve 5.828 casos.<\/p>\n\n\n\n<figure class=\"wp-block-image\"><img decoding=\"async\" src=\"https:\/\/ci6.googleusercontent.com\/proxy\/O_WzX7G97UnXyAtqbVyckyB8NCxbwP61AVMLl1ezJgVnU5uuvpGSHDXXl2t8m2lp1UlV8DmPByfDC2mpth95I8eSjMApkaZ9vQJgwQ-H8MgFq8QXTVR_=s0-d-e1-ft#https:\/\/ssp.rs.gov.br\/upload\/recortes\/202009\/10184007_121343_GDO.jpg\" alt=\"Gr\u00e1fico de barras com n\u00fameros de Roubo de ve\u00edculo\nentre janeiro e agosto no RS, entre 2002 e 2020. Foram 7.834 em 2019 e\n6.022 em 2020, queda de 23,1%.\"\/><\/figure>\n\n\n\n<p>Outra redu\u00e7\u00e3o recorde foi verificada nos ataques a banco, que tanto na leitura mensal quanto no acumulado do ano atingiram o menor n\u00edvel de toda a s\u00e9rie hist\u00f3rica, iniciada em 2012. Em agosto, a soma de roubos e furtos a estabelecimentos banc\u00e1rios caiu de nove casos, no ano passado, para sete casos (-22,2%), neste ano. Na compara\u00e7\u00e3o dos totais desde janeiro, esse tipo de crime reduziu pela metade, de 77 para 37 ocorr\u00eancias (-51,9%).<\/p>\n\n\n\n<figure class=\"wp-block-image\"><img decoding=\"async\" src=\"https:\/\/ci4.googleusercontent.com\/proxy\/cD9lAc38lBO0BHYjUtWSbf8taavkEn-5e_JrTG21OxlURg_Q6itjaG4jKQFM5IhgcTfGWKvDVoNI3s3h3120vWATMBu_okxLlD0OYSCll7IYEG88ltU5=s0-d-e1-ft#https:\/\/ssp.rs.gov.br\/upload\/recortes\/202009\/10184140_121354_GDO.jpg\" alt=\"Gr\u00e1fico de barras com n\u00fameros de Ataques a banco em\nagosto no RS, entre 2012 e 2020. Foram 9 em 2019 e 7 em 2020, queda de\n22,2%, para o menor n\u00famero em toda a s\u00e9rie hist\u00f3rica.\"\/><\/figure>\n\n\n\n<figure class=\"wp-block-image\"><img decoding=\"async\" src=\"https:\/\/ci5.googleusercontent.com\/proxy\/8kxhvNCiBSoDX8rXc657pH6Q3wrrswm8pisu9UF9_ICaGG4CHYaQ_eQFHCxzyfuWqxsqUfdbJKnZg0QJCWflDus2DeTLsI3OS2RT6C1Qodbdr_TlI72p=s0-d-e1-ft#https:\/\/ssp.rs.gov.br\/upload\/recortes\/202009\/10184143_121365_GDO.jpg\" alt=\"Gr\u00e1fico de barras com n\u00fameros de Ataques a banco entre\njaneiro e agosto no RS, entre 2012 e 2020. Foram 77 em 2019 e 37 em 2020,\nqueda de 51,9%, para o menor n\u00famero em toda a s\u00e9rie\nhist\u00f3rica.\"\/><\/figure>\n\n\n\n<p>Homic\u00eddios tem alta de 9,2% em agosto.<\/p>\n\n\n\n<p>Ponto fora da curva nos \u00edndices criminais do m\u00eas, os homic\u00eddios no RS registraram alta de 9,2% em agosto, com 130 v\u00edtimas contra 119 do mesmo intervalo em 2019. O n\u00famero deste ano ainda \u00e9 o segundo menor desde 2003, que teve 107 mortes.<\/p>\n\n\n\n<p>O aumento no m\u00eas, contudo, n\u00e3o reverte o cen\u00e1rio acumulado desde janeiro, que segue 6,5% abaixo de igual per\u00edodo do ano passado, quando houve 1.254 assassinatos. O total atual, de 1.172 v\u00edtimas na soma dos oito meses, \u00e9 o menor desde 2008.<\/p>\n\n\n\n<figure class=\"wp-block-image\"><img decoding=\"async\" src=\"https:\/\/ci5.googleusercontent.com\/proxy\/chHnAdYh-E_izyt0ncSAeWnUsLRkoOXfepKsfa_FswYXBffUbweyTGQzYm6iPBThPz_DXEpmwRHidCrrAgB-QhbDaKkxubi4dYrUtiEvyvoOW_Ih9fr9=s0-d-e1-ft#https:\/\/ssp.rs.gov.br\/upload\/recortes\/202009\/10184417_121376_GDO.jpg\" alt=\"Gr\u00e1fico de barras com n\u00fameros de V\u00edtimas de\nhomic\u00eddio no RS em agosto, entre 2005 e 2020. Foram 119 em 2019 e\n130 em 2020, alta de 9,2%.\"\/><\/figure>\n\n\n\n<figure class=\"wp-block-image\"><img decoding=\"async\" src=\"https:\/\/ci4.googleusercontent.com\/proxy\/Rc5HO5tXrIDmnhQwMjNUOCoyGewJI46n7ZIcbsnFhqitbyMzqU1dvcWy8Ney6l7mTHPd9jPzylYwf14at-rwAdPoKKeBhJmUOrEFSAo981MgRufyXETE=s0-d-e1-ft#https:\/\/ssp.rs.gov.br\/upload\/recortes\/202009\/10184757_121387_GDO.jpg\" alt=\"Gr\u00e1fico de barras com n\u00fameros de V\u00edtimas de\nhomic\u00eddio no RS entre janeiro e agosto, entre 2005 e 2020. Foram\n1.254 em 2019 e 1.172 em 2020, queda de 6,5%.\"\/><\/figure>\n\n\n\n<p>Entre fatores que contribu\u00edram para o aumento em agosto, est\u00e1 a baixa base de compara\u00e7\u00e3o com o ano anterior, quando o m\u00eas registrou queda de 39,6% em rela\u00e7\u00e3o ao mesmo per\u00edodo de 2018 \u2013 a maior redu\u00e7\u00e3o percentual para o intervalo j\u00e1 registrada em toda a s\u00e9rie hist\u00f3rica do indicador. Al\u00e9m disso, de acordo com a diretora do Departamento de Homic\u00eddios e Prote\u00e7\u00e3o \u00e0 Pessoa (DHPP) da Pol\u00edcia Civil, delegada Vanessa Pitrez, a an\u00e1lise das ocorr\u00eancias detectou uma eleva\u00e7\u00e3o at\u00edpica no n\u00famero de homic\u00eddios cuja motiva\u00e7\u00e3o foi identificada como passional, como desaven\u00e7as entre conhecidos, vizinhos e familiares. \u201cEsses crimes s\u00e3o inesperados e n\u00e3o guardam rela\u00e7\u00e3o com a atua\u00e7\u00e3o preventiva e repressiva das for\u00e7as de seguran\u00e7a p\u00fablica. Por outro lado, embora sejam dif\u00edceis de prevenir, os delitos de motiva\u00e7\u00e3o passional acabam possibilitando a elucida\u00e7\u00e3o mais r\u00e1pida e a responsabiliza\u00e7\u00e3o dos autores\u201d, explica a delegada.<\/p>\n\n\n\n<p>Em Alegrete, que n\u00e3o havia registrado homic\u00eddios em agosto do ano passado e contabilizou quatro v\u00edtimas neste ano, tr\u00eas dos casos se enquadram nesse contexto. No dia 6 de agosto, um jovem de 19 anos confessou ter degolado outro homem de 48 anos. Preso, o autor do crime contou em depoimento que os dois haviam consumido muita bebida alco\u00f3lica, discutiram e entraram em luta corporal porque a v\u00edtima teria tentado ter rela\u00e7\u00f5es sexuais com ele. Dois dias depois, um homem foi morto a tiros quando comemorava anivers\u00e1rio de 40 anos com familiares. Por causa da festa, ele discutiu com um vizinho, um homem de 30 anos, que desferiu os disparos, e acabou preso em flagrante. No dia 17, outro jovem de 19 anos foi preso ap\u00f3s desferir golpes contra a cabe\u00e7a do pr\u00f3prio filho, um beb\u00ea de um ano e 11 meses, que acabou morrendo no hospital. O jovem foi indiciado por homic\u00eddio triplamente qualificado e dois tios da crian\u00e7a, por homic\u00eddio simples, por terem se omitido na prote\u00e7\u00e3o do menino.<\/p>\n\n\n\n<p>O aumento em Alegrete s\u00f3 ficou atr\u00e1s do registrado em Viam\u00e3o, onde os homic\u00eddios em agosto passaram de tr\u00eas no ano passado para oito neste ano. A base de compara\u00e7\u00e3o com o resultado in\u00e9dito de 2019, com queda de 80% em rela\u00e7\u00e3o aos 15 assassinatos em agosto de 2018, tamb\u00e9m influencia na alta pontual desse ano.<\/p>\n\n\n\n<p>Em raz\u00e3o de conflito entre dois grupos criminosos no bairro Santo Onofre, a Delegacia de Homic\u00eddios de Viam\u00e3o deflagrou, no dia 28, uma opera\u00e7\u00e3o para desmobilizar a disputa na regi\u00e3o. Cerca de cem agentes cumpriram 16 mandados de busca e oito de pris\u00e3o contra suspeitos de integrar os dois bandos. \u201cTemos nos desafiado a cada m\u00eas diante das grandes redu\u00e7\u00f5es de homic\u00eddios que alcan\u00e7amos ao longo de 2019. Em todo o ano passado, nossa delegacia efetuou 112 pris\u00f5es, o que j\u00e1 superamos agora, com 113 pris\u00f5es, n\u00famero alcan\u00e7ado na \u00faltima quinta-feira (10\/9)\u201d, afirma o delegado Guilherme Calderipe, da DHPP de Viam\u00e3o.<\/p>\n\n\n\n<p>Capital quebra recorde na redu\u00e7\u00e3o de homic\u00eddios.<\/p>\n\n\n\n<p>Porto Alegre voltou a quebrar recordes na redu\u00e7\u00e3o dos homic\u00eddios. Mesmo diante da base de compara\u00e7\u00e3o baixa, ap\u00f3s encerrar 2019 com os menores \u00edndices criminais da d\u00e9cada, a Capital conseguiu alcan\u00e7ar novamente os n\u00fameros mais baixos de toda a s\u00e9rie hist\u00f3rica, tanto na leitura mensal quanto no acumulado desde janeiro.<\/p>\n\n\n\n<figure class=\"wp-block-image\"><img decoding=\"async\" src=\"https:\/\/ci3.googleusercontent.com\/proxy\/vOkRa6n988AjtWCJ0y8KO99uAyOlaPqsLPEwazGXZ91UE9w_gw_K19zalni9j9AUz_0nSAIVxXPFgncuhEaqk58MsmW8bdjAyYiSDOKezipepyd6cSBv=s0-d-e1-ft#https:\/\/ssp.rs.gov.br\/upload\/recortes\/202009\/10184907_121398_GDO.jpg\" alt=\"Gr\u00e1fico de barras com n\u00fameros de V\u00edtimas de\nfeminic\u00eddio em agosto em Porto Alegre, entre 2010 e 2020. Foram 17\nem 2019 e 14 em 2020, queda de 17,6%, para o menor n\u00famero em toda a\ns\u00e9rie hist\u00f3rica.\"\/><\/figure>\n\n\n\n<p>Em agosto, os assassinatos, que haviam ca\u00eddo de 43, em 2018, para 17, no ano passado, tiveram nova retra\u00e7\u00e3o, para 14 v\u00edtimas neste ano (-17,6%). O resultado passa pela quebra de outro recorde. Entre 12 e 20 de agosto, Porto Alegre ficou nove dias consecutivos sem nenhum registro de homic\u00eddio.<\/p>\n\n\n\n<p>Desde 2015, at\u00e9 onde o sistema de registros permite retroceder com dados di\u00e1rios da estat\u00edstica, a Capital nunca havia ficado um intervalo igual de dias seguidos sem assassinatos. O mais pr\u00f3ximo, \u00e9 tamb\u00e9m uma marca desse ano, com sete dias entre 26 de julho e 1\u00ba de agosto. Em 2019, por tr\u00eas ocasi\u00f5es foram registradas sequ\u00eancias de seis dias sem assassinatos: em maio, de 10 a 15, e em agosto, de 1\u00ba a 6 e de 24 a 29.<\/p>\n\n\n\n<figure class=\"wp-block-image\"><img decoding=\"async\" src=\"https:\/\/ci4.googleusercontent.com\/proxy\/OhZtq8ykNjTOLCqx3DLE6HaPljDjtVE0A842WZ49PWHPfJAdmXGkEtMnFwnkSr9Wz2rl4P1MXa770HF3xQSATzP-2LRQ0er82jr-lBt-AZnVzCqgNk27=s0-d-e1-ft#https:\/\/ssp.rs.gov.br\/upload\/recortes\/202009\/10185033_121409_GDO.jpg\" alt=\"Gr\u00e1fico de barras com n\u00fameros de V\u00edtimas de\nhomic\u00eddio entre janeiro e agosto em Porto Alegre, entre 2010 e 2020.\nForam 220 em 2019 e 194 em 2020, queda de 11,8%, para o menor n\u00famero\nem toda a s\u00e9rie hist\u00f3rica.\"\/><\/figure>\n\n\n\n<p>Na soma dos oito meses do ano, a redu\u00e7\u00e3o tamb\u00e9m \u00e9 in\u00e9dita. Desde janeiro, a Capital teve 194 v\u00edtimas, 11,8% menos que as 220 do mesmo per\u00edodo do ano passado. Com isso, a cidade voltou a topo do ranking das 10 maiores redu\u00e7\u00f5es acumuladas de homic\u00eddio, ao lado de Gravata\u00ed, com 26 mortes a menos. A lista, que em julho teve nove munic\u00edpios do grupo priorizados pelo programa RS Seguro, agora est\u00e1 com as 10 posi\u00e7\u00f5es ocupadas por cidades que integram o foco territorial de planejamento e an\u00e1lise, com acompanhamento mensal pela Gest\u00e3o de Estat\u00edstica em Seguran\u00e7a (GESeg).<\/p>\n\n\n\n<figure class=\"wp-block-image\"><img decoding=\"async\" src=\"https:\/\/ci6.googleusercontent.com\/proxy\/KNuRC7O7bUNOnL0b8m6-5g9aTO96d1U1kqZXSMuS3OKhjqHZcw5WtCEDOa69J0O4iLtwlKNN1JJkH47FRHoTPz-sHKuNh-5MgkaLXGO9FZ7MCbfUGglx=s0-d-e1-ft#https:\/\/ssp.rs.gov.br\/upload\/recortes\/202009\/10185526_121420_GDO.JPG\" alt=\"Tabela com ranking das 10 maiores quedas de homic\u00eddio entre\njaneiro e agosto de 2019 para 2020. POA e Gravata\u00ed aparecem em\n1\u00ba, com 26 mortes a menos. Completam a lista Pelotas,Bento\nGon\u00e7alves,Canoas,Gua\u00edba,Tramanda\u00ed,Sapucaia,\nCap\u00e3o da Canoa e Novo Hamburg\"\/><\/figure>\n\n\n\n<p>Tamb\u00e9m integrantes do conjunto de 23 cidades priorizadas pelo RS Seguro, Cap\u00e3o da Canoa, Esteio e Farroupilha \u2013 que no ano passado liderava o aumento de homic\u00eddios no Estado \u2013 n\u00e3o tiveram nenhum assassinato em agosto.<\/p>\n\n\n\n<figure class=\"wp-block-image\"><img decoding=\"async\" src=\"https:\/\/ci4.googleusercontent.com\/proxy\/NJ1HGzNjApKMbmcWOtwFwKTPuEXm75Kdz0Kdf7hySOMaf8H3rB6qXR6wyw-l9yFvPD1wt7DlikFJzasDMuVnjtUpRkoqirGSILJeHnSQ6xhbxsAoD9mw=s0-d-e1-ft#https:\/\/ssp.rs.gov.br\/upload\/recortes\/202009\/10185856_121442_GDO.JPG\" alt=\"Gr\u00e1ficos de barras de Indicadores criminais no RS entre janeiro\ne agosto, comparando n\u00fameros de 2019 e 2020. Todos apresentam\nqueda.\"\/><\/figure>\n\n\n\n<figure class=\"wp-block-image\"><img decoding=\"async\" src=\"https:\/\/ci4.googleusercontent.com\/proxy\/3TIEn2b2xrchcx_-ETpEgR-2-fjwuWinsFHeL-roaIh06_rZPTu6ahoWkeIPxeXfdDsZ7Jy4Nrqw1VaZurqyszvF5icO7K27oba_9mgfeCWCNCua4lZK=s0-d-e1-ft#https:\/\/ssp.rs.gov.br\/upload\/recortes\/202009\/10185851_121431_GDO.JPG\" alt=\"Gr\u00e1ficos de barras com Indicadores criminais em Porto Alegre\nentre janeiro e agosto, comparando n\u00fameros de 2019 e 2020. \"\/><\/figure>\n\n\n\n<p>As tabelas completas est\u00e3o dispon\u00edveis na p\u00e1gina de&nbsp;<a href=\"https:\/\/snw11.maxx.mobi\/link.php?M=623999&amp;N=1919&amp;L=351&amp;F=H\" target=\"_blank\" rel=\"noreferrer noopener\">estat\u00edsticas do site da SSP (clique aqui)<\/a><\/p>\n\n\n\n<p><em>Observa\u00e7\u00e3o:<\/em><em>&nbsp;os n\u00fameros neste texto representam um recorte temporal, retratando os fatos registrados na data da extra\u00e7\u00e3o de dados do sistema do Observat\u00f3rio Estadual da Seguran\u00e7a P\u00fablica, e est\u00e3o sujeitos a altera\u00e7\u00f5es provenientes da revis\u00e3o de ocorr\u00eancias, apura\u00e7\u00e3o de informa\u00e7\u00f5es de investiga\u00e7\u00f5es, dilig\u00eancias, per\u00edcias e corre\u00e7\u00e3o do fato no final da investiga\u00e7\u00e3o policial. Em rela\u00e7\u00e3o aos n\u00fameros na planilha referente ao ano de 2019, dispon\u00edvel na p\u00e1gina de estat\u00edsticas do site da SSP, pode haver pequenas diverg\u00eancias em raz\u00e3o de a extra\u00e7\u00e3o para esse texto ser mais atual e conter mudan\u00e7as ocorridas ap\u00f3s 31.12.2019. A planilha do ano passado ser\u00e1 atualizada juntamente com toda a s\u00e9rie temporal, no in\u00edcio de 2021.<\/em><\/p>\n","protected":false},"excerpt":{"rendered":"<p>O Rio Grande do Sul teve em agosto nova redu\u00e7\u00e3o dos assassinatos de mulheres por motivo de g\u00eanero. Os feminic\u00eddios ca\u00edram pela metade, de oito v\u00edtimas em 2019 para quatro neste ano. \u00c9 o quarto m\u00eas consecutivo de retra\u00e7\u00e3o neste que \u00e9 o principal indicador de viol\u00eancia contra a mulher. Com isso, foi ampliada a [&hellip;]<\/p>\n","protected":false},"author":8,"featured_media":73479,"comment_status":"open","ping_status":"open","sticky":false,"template":"","format":"standard","meta":{"pmpro_default_level":"","_jetpack_memberships_contains_paid_content":false,"footnotes":""},"categories":[2,3],"tags":[1988,1794],"class_list":{"0":"post-73472","1":"post","2":"type-post","3":"status-publish","4":"format-standard","5":"has-post-thumbnail","7":"category-featured","8":"category-geral","9":"tag-feminicidio","10":"tag-rio-grande-do-sul","11":"pmpro-has-access"},"yoast_head":"<!-- This site is optimized with the Yoast SEO plugin v27.5 - https:\/\/yoast.com\/product\/yoast-seo-wordpress\/ -->\n<title>No quarto m\u00eas consecutivo de retra\u00e7\u00e3o, feminic\u00eddios no RS caem 50% em agosto - Folha Popular<\/title>\n<meta name=\"robots\" content=\"index, follow, max-snippet:-1, max-image-preview:large, max-video-preview:-1\" \/>\n<link rel=\"canonical\" href=\"https:\/\/folhapopular.info\/index.php\/2020\/09\/11\/no-quarto-mes-consecutivo-de-retracao-feminicidios-no-rs-caem-50-em-agosto\/\" \/>\n<meta property=\"og:locale\" content=\"pt_BR\" \/>\n<meta property=\"og:type\" content=\"article\" \/>\n<meta property=\"og:title\" content=\"No quarto m\u00eas consecutivo de retra\u00e7\u00e3o, feminic\u00eddios no RS caem 50% em agosto - Folha Popular\" \/>\n<meta property=\"og:description\" content=\"O Rio Grande do Sul teve em agosto nova redu\u00e7\u00e3o dos assassinatos de mulheres por motivo de g\u00eanero. Os feminic\u00eddios ca\u00edram pela metade, de oito v\u00edtimas em 2019 para quatro neste ano. \u00c9 o quarto m\u00eas consecutivo de retra\u00e7\u00e3o neste que \u00e9 o principal indicador de viol\u00eancia contra a mulher. Com isso, foi ampliada a [&hellip;]\" \/>\n<meta property=\"og:url\" content=\"https:\/\/folhapopular.info\/index.php\/2020\/09\/11\/no-quarto-mes-consecutivo-de-retracao-feminicidios-no-rs-caem-50-em-agosto\/\" \/>\n<meta property=\"og:site_name\" content=\"Folha Popular\" \/>\n<meta property=\"article:published_time\" content=\"2020-09-11T22:19:07+00:00\" \/>\n<meta property=\"article:modified_time\" content=\"2020-09-11T22:19:10+00:00\" \/>\n<meta property=\"og:image\" content=\"https:\/\/folhapopular.info\/wp-content\/uploads\/2020\/09\/pexels-kat-jayne-568027-e1599862667880.jpg\" \/>\n\t<meta property=\"og:image:width\" content=\"800\" \/>\n\t<meta property=\"og:image:height\" content=\"534\" \/>\n\t<meta property=\"og:image:type\" content=\"image\/jpeg\" \/>\n<meta name=\"author\" content=\"Reda\u00e7\u00e3o Folha Popular\" \/>\n<meta name=\"twitter:card\" content=\"summary_large_image\" \/>\n<meta name=\"twitter:label1\" content=\"Escrito por\" \/>\n\t<meta name=\"twitter:data1\" content=\"Reda\u00e7\u00e3o Folha Popular\" \/>\n\t<meta name=\"twitter:label2\" content=\"Est. tempo de leitura\" \/>\n\t<meta name=\"twitter:data2\" content=\"14 minutos\" \/>\n<script type=\"application\/ld+json\" class=\"yoast-schema-graph\">{\"@context\":\"https:\\\/\\\/schema.org\",\"@graph\":[{\"@type\":\"Article\",\"@id\":\"https:\\\/\\\/folhapopular.info\\\/index.php\\\/2020\\\/09\\\/11\\\/no-quarto-mes-consecutivo-de-retracao-feminicidios-no-rs-caem-50-em-agosto\\\/#article\",\"isPartOf\":{\"@id\":\"https:\\\/\\\/folhapopular.info\\\/index.php\\\/2020\\\/09\\\/11\\\/no-quarto-mes-consecutivo-de-retracao-feminicidios-no-rs-caem-50-em-agosto\\\/\"},\"author\":{\"name\":\"Reda\u00e7\u00e3o Folha Popular\",\"@id\":\"https:\\\/\\\/folhapopular.info\\\/#\\\/schema\\\/person\\\/2814e8a0df7643585a9ca38bc6eb9d4b\"},\"headline\":\"No quarto m\u00eas consecutivo de retra\u00e7\u00e3o, feminic\u00eddios no RS caem 50% em agosto\",\"datePublished\":\"2020-09-11T22:19:07+00:00\",\"dateModified\":\"2020-09-11T22:19:10+00:00\",\"mainEntityOfPage\":{\"@id\":\"https:\\\/\\\/folhapopular.info\\\/index.php\\\/2020\\\/09\\\/11\\\/no-quarto-mes-consecutivo-de-retracao-feminicidios-no-rs-caem-50-em-agosto\\\/\"},\"wordCount\":2729,\"commentCount\":0,\"image\":{\"@id\":\"https:\\\/\\\/folhapopular.info\\\/index.php\\\/2020\\\/09\\\/11\\\/no-quarto-mes-consecutivo-de-retracao-feminicidios-no-rs-caem-50-em-agosto\\\/#primaryimage\"},\"thumbnailUrl\":\"https:\\\/\\\/folhapopular.info\\\/wp-content\\\/uploads\\\/2020\\\/09\\\/pexels-kat-jayne-568027-e1599862667880.jpg\",\"keywords\":[\"Feminic\u00eddio\",\"Rio Grande do Sul\"],\"articleSection\":[\"Destaques\",\"Geral\"],\"inLanguage\":\"pt-BR\",\"potentialAction\":[{\"@type\":\"CommentAction\",\"name\":\"Comment\",\"target\":[\"https:\\\/\\\/folhapopular.info\\\/index.php\\\/2020\\\/09\\\/11\\\/no-quarto-mes-consecutivo-de-retracao-feminicidios-no-rs-caem-50-em-agosto\\\/#respond\"]}]},{\"@type\":\"WebPage\",\"@id\":\"https:\\\/\\\/folhapopular.info\\\/index.php\\\/2020\\\/09\\\/11\\\/no-quarto-mes-consecutivo-de-retracao-feminicidios-no-rs-caem-50-em-agosto\\\/\",\"url\":\"https:\\\/\\\/folhapopular.info\\\/index.php\\\/2020\\\/09\\\/11\\\/no-quarto-mes-consecutivo-de-retracao-feminicidios-no-rs-caem-50-em-agosto\\\/\",\"name\":\"No quarto m\u00eas consecutivo de retra\u00e7\u00e3o, feminic\u00eddios no RS caem 50% em agosto - Folha Popular\",\"isPartOf\":{\"@id\":\"https:\\\/\\\/folhapopular.info\\\/#website\"},\"primaryImageOfPage\":{\"@id\":\"https:\\\/\\\/folhapopular.info\\\/index.php\\\/2020\\\/09\\\/11\\\/no-quarto-mes-consecutivo-de-retracao-feminicidios-no-rs-caem-50-em-agosto\\\/#primaryimage\"},\"image\":{\"@id\":\"https:\\\/\\\/folhapopular.info\\\/index.php\\\/2020\\\/09\\\/11\\\/no-quarto-mes-consecutivo-de-retracao-feminicidios-no-rs-caem-50-em-agosto\\\/#primaryimage\"},\"thumbnailUrl\":\"https:\\\/\\\/folhapopular.info\\\/wp-content\\\/uploads\\\/2020\\\/09\\\/pexels-kat-jayne-568027-e1599862667880.jpg\",\"datePublished\":\"2020-09-11T22:19:07+00:00\",\"dateModified\":\"2020-09-11T22:19:10+00:00\",\"author\":{\"@id\":\"https:\\\/\\\/folhapopular.info\\\/#\\\/schema\\\/person\\\/2814e8a0df7643585a9ca38bc6eb9d4b\"},\"breadcrumb\":{\"@id\":\"https:\\\/\\\/folhapopular.info\\\/index.php\\\/2020\\\/09\\\/11\\\/no-quarto-mes-consecutivo-de-retracao-feminicidios-no-rs-caem-50-em-agosto\\\/#breadcrumb\"},\"inLanguage\":\"pt-BR\",\"potentialAction\":[{\"@type\":\"ReadAction\",\"target\":[\"https:\\\/\\\/folhapopular.info\\\/index.php\\\/2020\\\/09\\\/11\\\/no-quarto-mes-consecutivo-de-retracao-feminicidios-no-rs-caem-50-em-agosto\\\/\"]}]},{\"@type\":\"ImageObject\",\"inLanguage\":\"pt-BR\",\"@id\":\"https:\\\/\\\/folhapopular.info\\\/index.php\\\/2020\\\/09\\\/11\\\/no-quarto-mes-consecutivo-de-retracao-feminicidios-no-rs-caem-50-em-agosto\\\/#primaryimage\",\"url\":\"https:\\\/\\\/folhapopular.info\\\/wp-content\\\/uploads\\\/2020\\\/09\\\/pexels-kat-jayne-568027-e1599862667880.jpg\",\"contentUrl\":\"https:\\\/\\\/folhapopular.info\\\/wp-content\\\/uploads\\\/2020\\\/09\\\/pexels-kat-jayne-568027-e1599862667880.jpg\",\"width\":800,\"height\":534,\"caption\":\"No quarto m\u00eas consecutivo de retra\u00e7\u00e3o, feminic\u00eddios no RS caem 50% em agosto \\\/ Cr\u00e9dito da foto: Kat Jayne \\\/ Pexels\"},{\"@type\":\"BreadcrumbList\",\"@id\":\"https:\\\/\\\/folhapopular.info\\\/index.php\\\/2020\\\/09\\\/11\\\/no-quarto-mes-consecutivo-de-retracao-feminicidios-no-rs-caem-50-em-agosto\\\/#breadcrumb\",\"itemListElement\":[{\"@type\":\"ListItem\",\"position\":1,\"name\":\"In\u00edcio\",\"item\":\"https:\\\/\\\/folhapopular.info\\\/\"},{\"@type\":\"ListItem\",\"position\":2,\"name\":\"No quarto m\u00eas consecutivo de retra\u00e7\u00e3o, feminic\u00eddios no RS caem 50% em agosto\"}]},{\"@type\":\"WebSite\",\"@id\":\"https:\\\/\\\/folhapopular.info\\\/#website\",\"url\":\"https:\\\/\\\/folhapopular.info\\\/\",\"name\":\"Folha Popular\",\"description\":\"Onde voc\u00ea tem vez e voz\",\"potentialAction\":[{\"@type\":\"SearchAction\",\"target\":{\"@type\":\"EntryPoint\",\"urlTemplate\":\"https:\\\/\\\/folhapopular.info\\\/?s={search_term_string}\"},\"query-input\":{\"@type\":\"PropertyValueSpecification\",\"valueRequired\":true,\"valueName\":\"search_term_string\"}}],\"inLanguage\":\"pt-BR\"},{\"@type\":\"Person\",\"@id\":\"https:\\\/\\\/folhapopular.info\\\/#\\\/schema\\\/person\\\/2814e8a0df7643585a9ca38bc6eb9d4b\",\"name\":\"Reda\u00e7\u00e3o Folha Popular\",\"image\":{\"@type\":\"ImageObject\",\"inLanguage\":\"pt-BR\",\"@id\":\"https:\\\/\\\/folhapopular.info\\\/wp-content\\\/uploads\\\/2026\\\/04\\\/Folha-1.webp\",\"url\":\"https:\\\/\\\/folhapopular.info\\\/wp-content\\\/uploads\\\/2026\\\/04\\\/Folha-1.webp\",\"contentUrl\":\"https:\\\/\\\/folhapopular.info\\\/wp-content\\\/uploads\\\/2026\\\/04\\\/Folha-1.webp\",\"caption\":\"Reda\u00e7\u00e3o Folha Popular\"},\"url\":\"https:\\\/\\\/folhapopular.info\\\/index.php\\\/author\\\/redacao\\\/\"}]}<\/script>\n<!-- \/ Yoast SEO plugin. -->","yoast_head_json":{"title":"No quarto m\u00eas consecutivo de retra\u00e7\u00e3o, feminic\u00eddios no RS caem 50% em agosto - Folha Popular","robots":{"index":"index","follow":"follow","max-snippet":"max-snippet:-1","max-image-preview":"max-image-preview:large","max-video-preview":"max-video-preview:-1"},"canonical":"https:\/\/folhapopular.info\/index.php\/2020\/09\/11\/no-quarto-mes-consecutivo-de-retracao-feminicidios-no-rs-caem-50-em-agosto\/","og_locale":"pt_BR","og_type":"article","og_title":"No quarto m\u00eas consecutivo de retra\u00e7\u00e3o, feminic\u00eddios no RS caem 50% em agosto - Folha Popular","og_description":"O Rio Grande do Sul teve em agosto nova redu\u00e7\u00e3o dos assassinatos de mulheres por motivo de g\u00eanero. Os feminic\u00eddios ca\u00edram pela metade, de oito v\u00edtimas em 2019 para quatro neste ano. \u00c9 o quarto m\u00eas consecutivo de retra\u00e7\u00e3o neste que \u00e9 o principal indicador de viol\u00eancia contra a mulher. Com isso, foi ampliada a [&hellip;]","og_url":"https:\/\/folhapopular.info\/index.php\/2020\/09\/11\/no-quarto-mes-consecutivo-de-retracao-feminicidios-no-rs-caem-50-em-agosto\/","og_site_name":"Folha Popular","article_published_time":"2020-09-11T22:19:07+00:00","article_modified_time":"2020-09-11T22:19:10+00:00","og_image":[{"width":800,"height":534,"url":"https:\/\/folhapopular.info\/wp-content\/uploads\/2020\/09\/pexels-kat-jayne-568027-e1599862667880.jpg","type":"image\/jpeg"}],"author":"Reda\u00e7\u00e3o Folha Popular","twitter_card":"summary_large_image","twitter_misc":{"Escrito por":"Reda\u00e7\u00e3o Folha Popular","Est. tempo de leitura":"14 minutos"},"schema":{"@context":"https:\/\/schema.org","@graph":[{"@type":"Article","@id":"https:\/\/folhapopular.info\/index.php\/2020\/09\/11\/no-quarto-mes-consecutivo-de-retracao-feminicidios-no-rs-caem-50-em-agosto\/#article","isPartOf":{"@id":"https:\/\/folhapopular.info\/index.php\/2020\/09\/11\/no-quarto-mes-consecutivo-de-retracao-feminicidios-no-rs-caem-50-em-agosto\/"},"author":{"name":"Reda\u00e7\u00e3o Folha Popular","@id":"https:\/\/folhapopular.info\/#\/schema\/person\/2814e8a0df7643585a9ca38bc6eb9d4b"},"headline":"No quarto m\u00eas consecutivo de retra\u00e7\u00e3o, feminic\u00eddios no RS caem 50% em agosto","datePublished":"2020-09-11T22:19:07+00:00","dateModified":"2020-09-11T22:19:10+00:00","mainEntityOfPage":{"@id":"https:\/\/folhapopular.info\/index.php\/2020\/09\/11\/no-quarto-mes-consecutivo-de-retracao-feminicidios-no-rs-caem-50-em-agosto\/"},"wordCount":2729,"commentCount":0,"image":{"@id":"https:\/\/folhapopular.info\/index.php\/2020\/09\/11\/no-quarto-mes-consecutivo-de-retracao-feminicidios-no-rs-caem-50-em-agosto\/#primaryimage"},"thumbnailUrl":"https:\/\/folhapopular.info\/wp-content\/uploads\/2020\/09\/pexels-kat-jayne-568027-e1599862667880.jpg","keywords":["Feminic\u00eddio","Rio Grande do Sul"],"articleSection":["Destaques","Geral"],"inLanguage":"pt-BR","potentialAction":[{"@type":"CommentAction","name":"Comment","target":["https:\/\/folhapopular.info\/index.php\/2020\/09\/11\/no-quarto-mes-consecutivo-de-retracao-feminicidios-no-rs-caem-50-em-agosto\/#respond"]}]},{"@type":"WebPage","@id":"https:\/\/folhapopular.info\/index.php\/2020\/09\/11\/no-quarto-mes-consecutivo-de-retracao-feminicidios-no-rs-caem-50-em-agosto\/","url":"https:\/\/folhapopular.info\/index.php\/2020\/09\/11\/no-quarto-mes-consecutivo-de-retracao-feminicidios-no-rs-caem-50-em-agosto\/","name":"No quarto m\u00eas consecutivo de retra\u00e7\u00e3o, feminic\u00eddios no RS caem 50% em agosto - Folha Popular","isPartOf":{"@id":"https:\/\/folhapopular.info\/#website"},"primaryImageOfPage":{"@id":"https:\/\/folhapopular.info\/index.php\/2020\/09\/11\/no-quarto-mes-consecutivo-de-retracao-feminicidios-no-rs-caem-50-em-agosto\/#primaryimage"},"image":{"@id":"https:\/\/folhapopular.info\/index.php\/2020\/09\/11\/no-quarto-mes-consecutivo-de-retracao-feminicidios-no-rs-caem-50-em-agosto\/#primaryimage"},"thumbnailUrl":"https:\/\/folhapopular.info\/wp-content\/uploads\/2020\/09\/pexels-kat-jayne-568027-e1599862667880.jpg","datePublished":"2020-09-11T22:19:07+00:00","dateModified":"2020-09-11T22:19:10+00:00","author":{"@id":"https:\/\/folhapopular.info\/#\/schema\/person\/2814e8a0df7643585a9ca38bc6eb9d4b"},"breadcrumb":{"@id":"https:\/\/folhapopular.info\/index.php\/2020\/09\/11\/no-quarto-mes-consecutivo-de-retracao-feminicidios-no-rs-caem-50-em-agosto\/#breadcrumb"},"inLanguage":"pt-BR","potentialAction":[{"@type":"ReadAction","target":["https:\/\/folhapopular.info\/index.php\/2020\/09\/11\/no-quarto-mes-consecutivo-de-retracao-feminicidios-no-rs-caem-50-em-agosto\/"]}]},{"@type":"ImageObject","inLanguage":"pt-BR","@id":"https:\/\/folhapopular.info\/index.php\/2020\/09\/11\/no-quarto-mes-consecutivo-de-retracao-feminicidios-no-rs-caem-50-em-agosto\/#primaryimage","url":"https:\/\/folhapopular.info\/wp-content\/uploads\/2020\/09\/pexels-kat-jayne-568027-e1599862667880.jpg","contentUrl":"https:\/\/folhapopular.info\/wp-content\/uploads\/2020\/09\/pexels-kat-jayne-568027-e1599862667880.jpg","width":800,"height":534,"caption":"No quarto m\u00eas consecutivo de retra\u00e7\u00e3o, feminic\u00eddios no RS caem 50% em agosto \/ Cr\u00e9dito da foto: Kat Jayne \/ Pexels"},{"@type":"BreadcrumbList","@id":"https:\/\/folhapopular.info\/index.php\/2020\/09\/11\/no-quarto-mes-consecutivo-de-retracao-feminicidios-no-rs-caem-50-em-agosto\/#breadcrumb","itemListElement":[{"@type":"ListItem","position":1,"name":"In\u00edcio","item":"https:\/\/folhapopular.info\/"},{"@type":"ListItem","position":2,"name":"No quarto m\u00eas consecutivo de retra\u00e7\u00e3o, feminic\u00eddios no RS caem 50% em agosto"}]},{"@type":"WebSite","@id":"https:\/\/folhapopular.info\/#website","url":"https:\/\/folhapopular.info\/","name":"Folha Popular","description":"Onde voc\u00ea tem vez e voz","potentialAction":[{"@type":"SearchAction","target":{"@type":"EntryPoint","urlTemplate":"https:\/\/folhapopular.info\/?s={search_term_string}"},"query-input":{"@type":"PropertyValueSpecification","valueRequired":true,"valueName":"search_term_string"}}],"inLanguage":"pt-BR"},{"@type":"Person","@id":"https:\/\/folhapopular.info\/#\/schema\/person\/2814e8a0df7643585a9ca38bc6eb9d4b","name":"Reda\u00e7\u00e3o Folha Popular","image":{"@type":"ImageObject","inLanguage":"pt-BR","@id":"https:\/\/folhapopular.info\/wp-content\/uploads\/2026\/04\/Folha-1.webp","url":"https:\/\/folhapopular.info\/wp-content\/uploads\/2026\/04\/Folha-1.webp","contentUrl":"https:\/\/folhapopular.info\/wp-content\/uploads\/2026\/04\/Folha-1.webp","caption":"Reda\u00e7\u00e3o Folha Popular"},"url":"https:\/\/folhapopular.info\/index.php\/author\/redacao\/"}]}},"jetpack_featured_media_url":"https:\/\/folhapopular.info\/wp-content\/uploads\/2020\/09\/pexels-kat-jayne-568027-e1599862667880.jpg","jetpack_sharing_enabled":true,"amp_enabled":true,"_links":{"self":[{"href":"https:\/\/folhapopular.info\/index.php\/wp-json\/wp\/v2\/posts\/73472","targetHints":{"allow":["GET"]}}],"collection":[{"href":"https:\/\/folhapopular.info\/index.php\/wp-json\/wp\/v2\/posts"}],"about":[{"href":"https:\/\/folhapopular.info\/index.php\/wp-json\/wp\/v2\/types\/post"}],"author":[{"embeddable":true,"href":"https:\/\/folhapopular.info\/index.php\/wp-json\/wp\/v2\/users\/8"}],"replies":[{"embeddable":true,"href":"https:\/\/folhapopular.info\/index.php\/wp-json\/wp\/v2\/comments?post=73472"}],"version-history":[{"count":0,"href":"https:\/\/folhapopular.info\/index.php\/wp-json\/wp\/v2\/posts\/73472\/revisions"}],"wp:featuredmedia":[{"embeddable":true,"href":"https:\/\/folhapopular.info\/index.php\/wp-json\/wp\/v2\/media\/73479"}],"wp:attachment":[{"href":"https:\/\/folhapopular.info\/index.php\/wp-json\/wp\/v2\/media?parent=73472"}],"wp:term":[{"taxonomy":"category","embeddable":true,"href":"https:\/\/folhapopular.info\/index.php\/wp-json\/wp\/v2\/categories?post=73472"},{"taxonomy":"post_tag","embeddable":true,"href":"https:\/\/folhapopular.info\/index.php\/wp-json\/wp\/v2\/tags?post=73472"}],"curies":[{"name":"wp","href":"https:\/\/api.w.org\/{rel}","templated":true}]}}