{"id":73693,"date":"2020-09-18T08:47:22","date_gmt":"2020-09-18T11:47:22","guid":{"rendered":"https:\/\/folhapopular.info\/?p=73693"},"modified":"2020-09-18T08:47:27","modified_gmt":"2020-09-18T11:47:27","slug":"governo-anuncia-liberacao-de-eventos-corporativos-e-feiras-comerciais","status":"publish","type":"post","link":"https:\/\/folhapopular.info\/index.php\/2020\/09\/18\/governo-anuncia-liberacao-de-eventos-corporativos-e-feiras-comerciais\/","title":{"rendered":"Governo anuncia libera\u00e7\u00e3o de eventos corporativos e feiras comerciais"},"content":{"rendered":"\n<p>Com a estabiliza\u00e7\u00e3o e redu\u00e7\u00e3o de alguns dados envolvendo o coronav\u00edrus no Rio Grande do Sul e depois de amplo di\u00e1logo com representantes setoriais, o governador Eduardo Leite anunciou, na transmiss\u00e3o virtual para atualiza\u00e7\u00e3o do enfrentamento \u00e0 pandemia desta quinta-feira (17\/9), a libera\u00e7\u00e3o, com restri\u00e7\u00f5es, de eventos corporativos. Os protocolos dever\u00e3o ser publicados em decreto entre segunda (21\/9) e ter\u00e7a-feira (22\/9).<\/p>\n\n\n\n<p>\u201cSempre falamos que o nosso trabalho seria com o dedo no pulso. Quando foi necess\u00e1rio aumentar as restri\u00e7\u00f5es, o fizemos. Agora que a situa\u00e7\u00e3o melhorou, estamos permitindo a retomada de algumas atividades. Foi assim no com\u00e9rcio, no setor da alimenta\u00e7\u00e3o, nas escolas e, agora, em mais duas \u00e1reas: a esportiva (na \u00faltima segunda-feira) e a de eventos\u201d, destacou o governador.<\/p>\n\n\n\n<p>Ap\u00f3s diversas agendas de di\u00e1logo com representantes do setor de eventos, estudos e an\u00e1lises por parte do governo, est\u00e3o sendo finalizados os protocolos para a retomada de algumas atividades. A previs\u00e3o \u00e9 que o decreto com as regras seja publicado no come\u00e7o da pr\u00f3xima semana.<\/p>\n\n\n\n<p>Em um primeiro momento, devem ser permitidas apenas feiras e exposi\u00e7\u00f5es corporativas e comerciais; semin\u00e1rios, congressos, conven\u00e7\u00f5es, simp\u00f3sios, confer\u00eancias, palestras e similares; reuni\u00f5es corporativas, oficinas, treinamentos e cursos corporativos.<\/p>\n\n\n\n<p>\u201cPara todas elas, \u00e9 claro, dever\u00e3o ser observados rigorosos protocolos, como limita\u00e7\u00e3o de pessoas e distanciamento entre elas, sistema de renova\u00e7\u00e3o do ar, cuidados na entrada e na sa\u00edda, al\u00e9m do j\u00e1 tradicional uso da m\u00e1scara e de medidas constantes de higieniza\u00e7\u00e3o. Eventos sociais e comemorativos n\u00e3o ser\u00e3o permitidos nesse primeiro protocolo, mantendo a proibi\u00e7\u00e3o para, por exemplo, festas de 15 anos e casamentos\u201d, explicou o governador.<\/p>\n\n\n\n<p><strong>Atividades esportivas<\/strong><\/p>\n\n\n\n<p>Atividades esportivas que envolvem servi\u00e7os de educa\u00e7\u00e3o f\u00edsica, clubes sociais esportivos, clubes de futebol, competi\u00e7\u00f5es esportivas e outros servi\u00e7os est\u00e3o liberadas em munic\u00edpios com bandeira laranja (h\u00e1 pelo menos duas semanas consecutivas) e amarela no modelo do Distanciamento Controlado.<\/p>\n\n\n\n<p>A libera\u00e7\u00e3o consta no&nbsp;<a href=\"https:\/\/snw11.maxx.mobi\/link.php?M=623999&amp;N=1970&amp;L=1786&amp;F=H\" target=\"_blank\" rel=\"noreferrer noopener\">Decreto 55.482 do governo estadual, publicado na segunda edi\u00e7\u00e3o do Di\u00e1rio Oficial do Estado da segunda-feira (14\/9).&nbsp;<\/a>Para a realiza\u00e7\u00e3o dessas atividades, \u00e9 necess\u00e1rio observar as restri\u00e7\u00f5es descritas no decreto relativas \u00e0 pandemia, bem como a Nota Informativa 18 da Secretaria da Sa\u00fade (SES).<\/p>\n\n\n\n<p>\u201cNas \u00faltimas duas semanas, recebi representantes das quadras esportivas de v\u00e1rias regi\u00f5es durante as agendas de di\u00e1logo sobre a Reforma Tribut\u00e1ria RS que realizamos, em que os grupos destacaram a dif\u00edcil situa\u00e7\u00e3o vivida em fun\u00e7\u00e3o dos meses de fechamento e tamb\u00e9m da disposi\u00e7\u00e3o de todos em trabalhar com regras rigorosas para a retomada. Depois dos estudos da Secretaria da Sa\u00fade, do Gabinete de Crise e do Comit\u00ea de Dados, ent\u00e3o, anunciamos essa retomada\u201d, pontuou Leite.<\/p>\n","protected":false},"excerpt":{"rendered":"<p>Com a estabiliza\u00e7\u00e3o e redu\u00e7\u00e3o de alguns dados envolvendo o coronav\u00edrus no Rio Grande do Sul e depois de amplo di\u00e1logo com representantes setoriais, o governador Eduardo Leite anunciou, na transmiss\u00e3o virtual para atualiza\u00e7\u00e3o do enfrentamento \u00e0 pandemia desta quinta-feira (17\/9), a libera\u00e7\u00e3o, com restri\u00e7\u00f5es, de eventos corporativos. Os protocolos dever\u00e3o ser publicados em decreto [&hellip;]<\/p>\n","protected":false},"author":8,"featured_media":73694,"comment_status":"open","ping_status":"open","sticky":false,"template":"","format":"standard","meta":{"pmpro_default_level":"","_jetpack_memberships_contains_paid_content":false,"footnotes":""},"categories":[2,3],"tags":[3470,6151,6150,1794],"class_list":{"0":"post-73693","1":"post","2":"type-post","3":"status-publish","4":"format-standard","5":"has-post-thumbnail","7":"category-featured","8":"category-geral","9":"tag-eduardo-leite","10":"tag-eventos-corporativos","11":"tag-feiras-comerciais","12":"tag-rio-grande-do-sul","13":"pmpro-has-access"},"yoast_head":"<!-- This site is optimized with the Yoast SEO plugin v27.5 - https:\/\/yoast.com\/product\/yoast-seo-wordpress\/ -->\n<title>Governo anuncia libera\u00e7\u00e3o de eventos corporativos e feiras comerciais - Folha Popular<\/title>\n<meta name=\"robots\" content=\"index, follow, max-snippet:-1, max-image-preview:large, max-video-preview:-1\" \/>\n<link rel=\"canonical\" href=\"https:\/\/folhapopular.info\/index.php\/2020\/09\/18\/governo-anuncia-liberacao-de-eventos-corporativos-e-feiras-comerciais\/\" \/>\n<meta property=\"og:locale\" content=\"pt_BR\" \/>\n<meta property=\"og:type\" content=\"article\" \/>\n<meta property=\"og:title\" content=\"Governo anuncia libera\u00e7\u00e3o de eventos corporativos e feiras comerciais - Folha Popular\" \/>\n<meta property=\"og:description\" content=\"Com a estabiliza\u00e7\u00e3o e redu\u00e7\u00e3o de alguns dados envolvendo o coronav\u00edrus no Rio Grande do Sul e depois de amplo di\u00e1logo com representantes setoriais, o governador Eduardo Leite anunciou, na transmiss\u00e3o virtual para atualiza\u00e7\u00e3o do enfrentamento \u00e0 pandemia desta quinta-feira (17\/9), a libera\u00e7\u00e3o, com restri\u00e7\u00f5es, de eventos corporativos. Os protocolos dever\u00e3o ser publicados em decreto [&hellip;]\" \/>\n<meta property=\"og:url\" content=\"https:\/\/folhapopular.info\/index.php\/2020\/09\/18\/governo-anuncia-liberacao-de-eventos-corporativos-e-feiras-comerciais\/\" \/>\n<meta property=\"og:site_name\" content=\"Folha Popular\" \/>\n<meta property=\"article:published_time\" content=\"2020-09-18T11:47:22+00:00\" \/>\n<meta property=\"article:modified_time\" content=\"2020-09-18T11:47:27+00:00\" \/>\n<meta property=\"og:image\" content=\"https:\/\/folhapopular.info\/wp-content\/uploads\/2020\/09\/unnamed-20.jpg\" \/>\n\t<meta property=\"og:image:width\" content=\"800\" \/>\n\t<meta property=\"og:image:height\" content=\"450\" \/>\n\t<meta property=\"og:image:type\" content=\"image\/jpeg\" \/>\n<meta name=\"author\" content=\"Reda\u00e7\u00e3o Folha Popular\" \/>\n<meta name=\"twitter:card\" content=\"summary_large_image\" \/>\n<meta name=\"twitter:label1\" content=\"Escrito por\" \/>\n\t<meta name=\"twitter:data1\" content=\"Reda\u00e7\u00e3o Folha Popular\" \/>\n\t<meta name=\"twitter:label2\" content=\"Est. tempo de leitura\" \/>\n\t<meta name=\"twitter:data2\" content=\"2 minutos\" \/>\n<script type=\"application\/ld+json\" class=\"yoast-schema-graph\">{\"@context\":\"https:\\\/\\\/schema.org\",\"@graph\":[{\"@type\":\"Article\",\"@id\":\"https:\\\/\\\/folhapopular.info\\\/index.php\\\/2020\\\/09\\\/18\\\/governo-anuncia-liberacao-de-eventos-corporativos-e-feiras-comerciais\\\/#article\",\"isPartOf\":{\"@id\":\"https:\\\/\\\/folhapopular.info\\\/index.php\\\/2020\\\/09\\\/18\\\/governo-anuncia-liberacao-de-eventos-corporativos-e-feiras-comerciais\\\/\"},\"author\":{\"name\":\"Reda\u00e7\u00e3o Folha Popular\",\"@id\":\"https:\\\/\\\/folhapopular.info\\\/#\\\/schema\\\/person\\\/2814e8a0df7643585a9ca38bc6eb9d4b\"},\"headline\":\"Governo anuncia libera\u00e7\u00e3o de eventos corporativos e feiras comerciais\",\"datePublished\":\"2020-09-18T11:47:22+00:00\",\"dateModified\":\"2020-09-18T11:47:27+00:00\",\"mainEntityOfPage\":{\"@id\":\"https:\\\/\\\/folhapopular.info\\\/index.php\\\/2020\\\/09\\\/18\\\/governo-anuncia-liberacao-de-eventos-corporativos-e-feiras-comerciais\\\/\"},\"wordCount\":489,\"commentCount\":0,\"image\":{\"@id\":\"https:\\\/\\\/folhapopular.info\\\/index.php\\\/2020\\\/09\\\/18\\\/governo-anuncia-liberacao-de-eventos-corporativos-e-feiras-comerciais\\\/#primaryimage\"},\"thumbnailUrl\":\"https:\\\/\\\/folhapopular.info\\\/wp-content\\\/uploads\\\/2020\\\/09\\\/unnamed-20.jpg\",\"keywords\":[\"Eduardo Leite\",\"Eventos Corporativos\",\"Feiras Comerciais\",\"Rio Grande do Sul\"],\"articleSection\":[\"Destaques\",\"Geral\"],\"inLanguage\":\"pt-BR\",\"potentialAction\":[{\"@type\":\"CommentAction\",\"name\":\"Comment\",\"target\":[\"https:\\\/\\\/folhapopular.info\\\/index.php\\\/2020\\\/09\\\/18\\\/governo-anuncia-liberacao-de-eventos-corporativos-e-feiras-comerciais\\\/#respond\"]}]},{\"@type\":\"WebPage\",\"@id\":\"https:\\\/\\\/folhapopular.info\\\/index.php\\\/2020\\\/09\\\/18\\\/governo-anuncia-liberacao-de-eventos-corporativos-e-feiras-comerciais\\\/\",\"url\":\"https:\\\/\\\/folhapopular.info\\\/index.php\\\/2020\\\/09\\\/18\\\/governo-anuncia-liberacao-de-eventos-corporativos-e-feiras-comerciais\\\/\",\"name\":\"Governo anuncia libera\u00e7\u00e3o de eventos corporativos e feiras comerciais - Folha Popular\",\"isPartOf\":{\"@id\":\"https:\\\/\\\/folhapopular.info\\\/#website\"},\"primaryImageOfPage\":{\"@id\":\"https:\\\/\\\/folhapopular.info\\\/index.php\\\/2020\\\/09\\\/18\\\/governo-anuncia-liberacao-de-eventos-corporativos-e-feiras-comerciais\\\/#primaryimage\"},\"image\":{\"@id\":\"https:\\\/\\\/folhapopular.info\\\/index.php\\\/2020\\\/09\\\/18\\\/governo-anuncia-liberacao-de-eventos-corporativos-e-feiras-comerciais\\\/#primaryimage\"},\"thumbnailUrl\":\"https:\\\/\\\/folhapopular.info\\\/wp-content\\\/uploads\\\/2020\\\/09\\\/unnamed-20.jpg\",\"datePublished\":\"2020-09-18T11:47:22+00:00\",\"dateModified\":\"2020-09-18T11:47:27+00:00\",\"author\":{\"@id\":\"https:\\\/\\\/folhapopular.info\\\/#\\\/schema\\\/person\\\/2814e8a0df7643585a9ca38bc6eb9d4b\"},\"breadcrumb\":{\"@id\":\"https:\\\/\\\/folhapopular.info\\\/index.php\\\/2020\\\/09\\\/18\\\/governo-anuncia-liberacao-de-eventos-corporativos-e-feiras-comerciais\\\/#breadcrumb\"},\"inLanguage\":\"pt-BR\",\"potentialAction\":[{\"@type\":\"ReadAction\",\"target\":[\"https:\\\/\\\/folhapopular.info\\\/index.php\\\/2020\\\/09\\\/18\\\/governo-anuncia-liberacao-de-eventos-corporativos-e-feiras-comerciais\\\/\"]}]},{\"@type\":\"ImageObject\",\"inLanguage\":\"pt-BR\",\"@id\":\"https:\\\/\\\/folhapopular.info\\\/index.php\\\/2020\\\/09\\\/18\\\/governo-anuncia-liberacao-de-eventos-corporativos-e-feiras-comerciais\\\/#primaryimage\",\"url\":\"https:\\\/\\\/folhapopular.info\\\/wp-content\\\/uploads\\\/2020\\\/09\\\/unnamed-20.jpg\",\"contentUrl\":\"https:\\\/\\\/folhapopular.info\\\/wp-content\\\/uploads\\\/2020\\\/09\\\/unnamed-20.jpg\",\"width\":800,\"height\":450,\"caption\":\"\\\"Agora que a situa\u00e7\u00e3o melhorou, estamos permitindo a retomada de algumas atividades\\\", explicou o governador \\\/ Cr\u00e9dito da foto: Gustavo Mansur \\\/ Pal\u00e1cio Piratini\"},{\"@type\":\"BreadcrumbList\",\"@id\":\"https:\\\/\\\/folhapopular.info\\\/index.php\\\/2020\\\/09\\\/18\\\/governo-anuncia-liberacao-de-eventos-corporativos-e-feiras-comerciais\\\/#breadcrumb\",\"itemListElement\":[{\"@type\":\"ListItem\",\"position\":1,\"name\":\"In\u00edcio\",\"item\":\"https:\\\/\\\/folhapopular.info\\\/\"},{\"@type\":\"ListItem\",\"position\":2,\"name\":\"Governo anuncia libera\u00e7\u00e3o de eventos corporativos e feiras comerciais\"}]},{\"@type\":\"WebSite\",\"@id\":\"https:\\\/\\\/folhapopular.info\\\/#website\",\"url\":\"https:\\\/\\\/folhapopular.info\\\/\",\"name\":\"Folha Popular\",\"description\":\"Onde voc\u00ea tem vez e voz\",\"potentialAction\":[{\"@type\":\"SearchAction\",\"target\":{\"@type\":\"EntryPoint\",\"urlTemplate\":\"https:\\\/\\\/folhapopular.info\\\/?s={search_term_string}\"},\"query-input\":{\"@type\":\"PropertyValueSpecification\",\"valueRequired\":true,\"valueName\":\"search_term_string\"}}],\"inLanguage\":\"pt-BR\"},{\"@type\":\"Person\",\"@id\":\"https:\\\/\\\/folhapopular.info\\\/#\\\/schema\\\/person\\\/2814e8a0df7643585a9ca38bc6eb9d4b\",\"name\":\"Reda\u00e7\u00e3o Folha Popular\",\"image\":{\"@type\":\"ImageObject\",\"inLanguage\":\"pt-BR\",\"@id\":\"https:\\\/\\\/folhapopular.info\\\/wp-content\\\/uploads\\\/2026\\\/04\\\/Folha-1.webp\",\"url\":\"https:\\\/\\\/folhapopular.info\\\/wp-content\\\/uploads\\\/2026\\\/04\\\/Folha-1.webp\",\"contentUrl\":\"https:\\\/\\\/folhapopular.info\\\/wp-content\\\/uploads\\\/2026\\\/04\\\/Folha-1.webp\",\"caption\":\"Reda\u00e7\u00e3o Folha Popular\"},\"url\":\"https:\\\/\\\/folhapopular.info\\\/index.php\\\/author\\\/redacao\\\/\"}]}<\/script>\n<!-- \/ Yoast SEO plugin. -->","yoast_head_json":{"title":"Governo anuncia libera\u00e7\u00e3o de eventos corporativos e feiras comerciais - Folha Popular","robots":{"index":"index","follow":"follow","max-snippet":"max-snippet:-1","max-image-preview":"max-image-preview:large","max-video-preview":"max-video-preview:-1"},"canonical":"https:\/\/folhapopular.info\/index.php\/2020\/09\/18\/governo-anuncia-liberacao-de-eventos-corporativos-e-feiras-comerciais\/","og_locale":"pt_BR","og_type":"article","og_title":"Governo anuncia libera\u00e7\u00e3o de eventos corporativos e feiras comerciais - Folha Popular","og_description":"Com a estabiliza\u00e7\u00e3o e redu\u00e7\u00e3o de alguns dados envolvendo o coronav\u00edrus no Rio Grande do Sul e depois de amplo di\u00e1logo com representantes setoriais, o governador Eduardo Leite anunciou, na transmiss\u00e3o virtual para atualiza\u00e7\u00e3o do enfrentamento \u00e0 pandemia desta quinta-feira (17\/9), a libera\u00e7\u00e3o, com restri\u00e7\u00f5es, de eventos corporativos. Os protocolos dever\u00e3o ser publicados em decreto [&hellip;]","og_url":"https:\/\/folhapopular.info\/index.php\/2020\/09\/18\/governo-anuncia-liberacao-de-eventos-corporativos-e-feiras-comerciais\/","og_site_name":"Folha Popular","article_published_time":"2020-09-18T11:47:22+00:00","article_modified_time":"2020-09-18T11:47:27+00:00","og_image":[{"width":800,"height":450,"url":"https:\/\/folhapopular.info\/wp-content\/uploads\/2020\/09\/unnamed-20.jpg","type":"image\/jpeg"}],"author":"Reda\u00e7\u00e3o Folha Popular","twitter_card":"summary_large_image","twitter_misc":{"Escrito por":"Reda\u00e7\u00e3o Folha Popular","Est. tempo de leitura":"2 minutos"},"schema":{"@context":"https:\/\/schema.org","@graph":[{"@type":"Article","@id":"https:\/\/folhapopular.info\/index.php\/2020\/09\/18\/governo-anuncia-liberacao-de-eventos-corporativos-e-feiras-comerciais\/#article","isPartOf":{"@id":"https:\/\/folhapopular.info\/index.php\/2020\/09\/18\/governo-anuncia-liberacao-de-eventos-corporativos-e-feiras-comerciais\/"},"author":{"name":"Reda\u00e7\u00e3o Folha Popular","@id":"https:\/\/folhapopular.info\/#\/schema\/person\/2814e8a0df7643585a9ca38bc6eb9d4b"},"headline":"Governo anuncia libera\u00e7\u00e3o de eventos corporativos e feiras comerciais","datePublished":"2020-09-18T11:47:22+00:00","dateModified":"2020-09-18T11:47:27+00:00","mainEntityOfPage":{"@id":"https:\/\/folhapopular.info\/index.php\/2020\/09\/18\/governo-anuncia-liberacao-de-eventos-corporativos-e-feiras-comerciais\/"},"wordCount":489,"commentCount":0,"image":{"@id":"https:\/\/folhapopular.info\/index.php\/2020\/09\/18\/governo-anuncia-liberacao-de-eventos-corporativos-e-feiras-comerciais\/#primaryimage"},"thumbnailUrl":"https:\/\/folhapopular.info\/wp-content\/uploads\/2020\/09\/unnamed-20.jpg","keywords":["Eduardo Leite","Eventos Corporativos","Feiras Comerciais","Rio Grande do Sul"],"articleSection":["Destaques","Geral"],"inLanguage":"pt-BR","potentialAction":[{"@type":"CommentAction","name":"Comment","target":["https:\/\/folhapopular.info\/index.php\/2020\/09\/18\/governo-anuncia-liberacao-de-eventos-corporativos-e-feiras-comerciais\/#respond"]}]},{"@type":"WebPage","@id":"https:\/\/folhapopular.info\/index.php\/2020\/09\/18\/governo-anuncia-liberacao-de-eventos-corporativos-e-feiras-comerciais\/","url":"https:\/\/folhapopular.info\/index.php\/2020\/09\/18\/governo-anuncia-liberacao-de-eventos-corporativos-e-feiras-comerciais\/","name":"Governo anuncia libera\u00e7\u00e3o de eventos corporativos e feiras comerciais - Folha Popular","isPartOf":{"@id":"https:\/\/folhapopular.info\/#website"},"primaryImageOfPage":{"@id":"https:\/\/folhapopular.info\/index.php\/2020\/09\/18\/governo-anuncia-liberacao-de-eventos-corporativos-e-feiras-comerciais\/#primaryimage"},"image":{"@id":"https:\/\/folhapopular.info\/index.php\/2020\/09\/18\/governo-anuncia-liberacao-de-eventos-corporativos-e-feiras-comerciais\/#primaryimage"},"thumbnailUrl":"https:\/\/folhapopular.info\/wp-content\/uploads\/2020\/09\/unnamed-20.jpg","datePublished":"2020-09-18T11:47:22+00:00","dateModified":"2020-09-18T11:47:27+00:00","author":{"@id":"https:\/\/folhapopular.info\/#\/schema\/person\/2814e8a0df7643585a9ca38bc6eb9d4b"},"breadcrumb":{"@id":"https:\/\/folhapopular.info\/index.php\/2020\/09\/18\/governo-anuncia-liberacao-de-eventos-corporativos-e-feiras-comerciais\/#breadcrumb"},"inLanguage":"pt-BR","potentialAction":[{"@type":"ReadAction","target":["https:\/\/folhapopular.info\/index.php\/2020\/09\/18\/governo-anuncia-liberacao-de-eventos-corporativos-e-feiras-comerciais\/"]}]},{"@type":"ImageObject","inLanguage":"pt-BR","@id":"https:\/\/folhapopular.info\/index.php\/2020\/09\/18\/governo-anuncia-liberacao-de-eventos-corporativos-e-feiras-comerciais\/#primaryimage","url":"https:\/\/folhapopular.info\/wp-content\/uploads\/2020\/09\/unnamed-20.jpg","contentUrl":"https:\/\/folhapopular.info\/wp-content\/uploads\/2020\/09\/unnamed-20.jpg","width":800,"height":450,"caption":"\"Agora que a situa\u00e7\u00e3o melhorou, estamos permitindo a retomada de algumas atividades\", explicou o governador \/ Cr\u00e9dito da foto: Gustavo Mansur \/ Pal\u00e1cio Piratini"},{"@type":"BreadcrumbList","@id":"https:\/\/folhapopular.info\/index.php\/2020\/09\/18\/governo-anuncia-liberacao-de-eventos-corporativos-e-feiras-comerciais\/#breadcrumb","itemListElement":[{"@type":"ListItem","position":1,"name":"In\u00edcio","item":"https:\/\/folhapopular.info\/"},{"@type":"ListItem","position":2,"name":"Governo anuncia libera\u00e7\u00e3o de eventos corporativos e feiras comerciais"}]},{"@type":"WebSite","@id":"https:\/\/folhapopular.info\/#website","url":"https:\/\/folhapopular.info\/","name":"Folha Popular","description":"Onde voc\u00ea tem vez e voz","potentialAction":[{"@type":"SearchAction","target":{"@type":"EntryPoint","urlTemplate":"https:\/\/folhapopular.info\/?s={search_term_string}"},"query-input":{"@type":"PropertyValueSpecification","valueRequired":true,"valueName":"search_term_string"}}],"inLanguage":"pt-BR"},{"@type":"Person","@id":"https:\/\/folhapopular.info\/#\/schema\/person\/2814e8a0df7643585a9ca38bc6eb9d4b","name":"Reda\u00e7\u00e3o Folha Popular","image":{"@type":"ImageObject","inLanguage":"pt-BR","@id":"https:\/\/folhapopular.info\/wp-content\/uploads\/2026\/04\/Folha-1.webp","url":"https:\/\/folhapopular.info\/wp-content\/uploads\/2026\/04\/Folha-1.webp","contentUrl":"https:\/\/folhapopular.info\/wp-content\/uploads\/2026\/04\/Folha-1.webp","caption":"Reda\u00e7\u00e3o Folha Popular"},"url":"https:\/\/folhapopular.info\/index.php\/author\/redacao\/"}]}},"jetpack_featured_media_url":"https:\/\/folhapopular.info\/wp-content\/uploads\/2020\/09\/unnamed-20.jpg","jetpack_sharing_enabled":true,"amp_enabled":true,"_links":{"self":[{"href":"https:\/\/folhapopular.info\/index.php\/wp-json\/wp\/v2\/posts\/73693","targetHints":{"allow":["GET"]}}],"collection":[{"href":"https:\/\/folhapopular.info\/index.php\/wp-json\/wp\/v2\/posts"}],"about":[{"href":"https:\/\/folhapopular.info\/index.php\/wp-json\/wp\/v2\/types\/post"}],"author":[{"embeddable":true,"href":"https:\/\/folhapopular.info\/index.php\/wp-json\/wp\/v2\/users\/8"}],"replies":[{"embeddable":true,"href":"https:\/\/folhapopular.info\/index.php\/wp-json\/wp\/v2\/comments?post=73693"}],"version-history":[{"count":0,"href":"https:\/\/folhapopular.info\/index.php\/wp-json\/wp\/v2\/posts\/73693\/revisions"}],"wp:featuredmedia":[{"embeddable":true,"href":"https:\/\/folhapopular.info\/index.php\/wp-json\/wp\/v2\/media\/73694"}],"wp:attachment":[{"href":"https:\/\/folhapopular.info\/index.php\/wp-json\/wp\/v2\/media?parent=73693"}],"wp:term":[{"taxonomy":"category","embeddable":true,"href":"https:\/\/folhapopular.info\/index.php\/wp-json\/wp\/v2\/categories?post=73693"},{"taxonomy":"post_tag","embeddable":true,"href":"https:\/\/folhapopular.info\/index.php\/wp-json\/wp\/v2\/tags?post=73693"}],"curies":[{"name":"wp","href":"https:\/\/api.w.org\/{rel}","templated":true}]}}