{"id":73722,"date":"2020-09-19T07:52:34","date_gmt":"2020-09-19T10:52:34","guid":{"rendered":"https:\/\/folhapopular.info\/?p=73722"},"modified":"2020-09-19T07:52:37","modified_gmt":"2020-09-19T10:52:37","slug":"na-20a-semana-do-distanciamento-controlado-rs-tem-mapa-preliminar-com-menor-numero-de-regioes-em-vermelho","status":"publish","type":"post","link":"https:\/\/folhapopular.info\/index.php\/2020\/09\/19\/na-20a-semana-do-distanciamento-controlado-rs-tem-mapa-preliminar-com-menor-numero-de-regioes-em-vermelho\/","title":{"rendered":"Na 20\u00aa semana do Distanciamento Controlado, RS tem mapa preliminar com menor n\u00famero de regi\u00f5es em vermelho"},"content":{"rendered":"\n<p>Desde que o governo passou a divulgar um mapa preliminar do Distanciamento Controlado, a partir da cria\u00e7\u00e3o de uma inst\u00e2ncia recursiva, h\u00e1 tr\u00eas meses, o Rio Grande do Sul n\u00e3o apresentava um n\u00famero t\u00e3o baixo de bandeiras vermelhas \u2013 que correspondem a alto risco epidemiol\u00f3gico de coronav\u00edrus.<\/p>\n\n\n\n<p>A classifica\u00e7\u00e3o pr\u00e9via da 20\u00aa semana do Distanciamento Controlado, divulgada nesta sexta-feira (18\/9), traz cinco bandeiras vermelhas concentradas nas regi\u00f5es Metropolitana e Missioneira \u2013 mesmo n\u00famero da&nbsp;<a href=\"https:\/\/snw11.maxx.mobi\/link.php?M=623999&amp;N=1989&amp;L=1796&amp;F=H\" target=\"_blank\" rel=\"noreferrer noopener\">s\u00e9tima rodada<\/a>, em 20 de junho, quando o governo passou a aceitar pedidos de reconsidera\u00e7\u00e3o antes de anunciar o mapa semanal vigente.<\/p>\n\n\n\n<p>Com isso, a maior parte do territ\u00f3rio ga\u00facho ficou em cor laranja \u2013 s\u00e3o 16 regi\u00f5es classificadas com risco m\u00e9dio. Nenhuma aparece em risco baixo (bandeira amarela) \u2013 a \u00faltima vez foi na&nbsp;<a href=\"https:\/\/snw11.maxx.mobi\/link.php?M=623999&amp;N=1989&amp;L=927&amp;F=H\" target=\"_blank\" rel=\"noreferrer noopener\">oitava rodada<\/a>, em 26 de junho, ou alt\u00edssimo (preta) \u2013 n\u00e3o registrado at\u00e9 hoje.<\/p>\n\n\n\n<p>Veja o mapa preliminar da 20\u00aa rodada:&nbsp;<a href=\"https:\/\/snw11.maxx.mobi\/link.php?M=623999&amp;N=1989&amp;L=535&amp;F=H\" target=\"_blank\" rel=\"noreferrer noopener\">https:\/\/distanciamentocontrolado.rs.gov.br<\/a>.<\/p>\n\n\n\n<p>Houve avan\u00e7os nos indicadores de propaga\u00e7\u00e3o da doen\u00e7a e de capacidade de atendimento na \u00faltima semana. Entre os destaques, est\u00e3o a queda de 3% em interna\u00e7\u00f5es por Covid-19 tanto nos leitos cl\u00ednicos (de 803 para 778) quanto nos de UTI (713 para 693).<\/p>\n\n\n\n<p>O n\u00famero de \u00f3bitos pela doen\u00e7a apresentou leve queda, sendo considerado est\u00e1vel, entre as duas \u00faltimas quintas-feiras (de 340 para 338). O n\u00famero de casos ativos aumentou 7% (de 10.066 para 10.793).<\/p>\n\n\n\n<p><strong>Regi\u00f5es em cogest\u00e3o<\/strong><\/p>\n\n\n\n<p>Entre as regi\u00f5es classificadas com bandeira vermelha, est\u00e3o Porto Alegre, a \u00fanica que permanece, e Novo Hamburgo, Gua\u00edba, Santo \u00c2ngelo e Cruz Alta, que estavam na laranja.<\/p>\n\n\n\n<p>Dessas, apenas Gua\u00edba n\u00e3o aderiu ao sistema de cogest\u00e3o do Distanciamento Controlado. As outras quatro fazem parte do total de 17 regi\u00f5es que est\u00e3o adotando protocolos alternativos \u00e0s bandeiras calculadas pelo governo \u2013 Cap\u00e3o da Canoa, Taquara, Canoas, Iju\u00ed, Santa Rosa, Palmeira das Miss\u00f5es, Erechim, Passo Fundo, Pelotas, Caxias do Sul, Cachoeira do Sul, Santa Cruz do Sul e Lajeado.<\/p>\n\n\n\n<p>Paralelamente aos pedidos de cogest\u00e3o, o Estado aceitar\u00e1 pedidos de reconsidera\u00e7\u00e3o \u00e0 classifica\u00e7\u00e3o de risco, que pode ser feito via associa\u00e7\u00e3o regional ou pelo pr\u00f3prio munic\u00edpio, exclusivamente por meio de formul\u00e1rio eletr\u00f4nico (pelo link&nbsp;<a href=\"https:\/\/snw11.maxx.mobi\/link.php?M=623999&amp;N=1989&amp;L=1797&amp;F=H\" target=\"_blank\" rel=\"noreferrer noopener\">https:\/\/forms.gle\/3McLaB6eYvWhrq9m9<\/a>), no prazo m\u00e1ximo de 36 horas ap\u00f3s a divulga\u00e7\u00e3o do mapa preliminar \u2013 ou seja, at\u00e9 as 6h de domingo (20\/9).<\/p>\n\n\n\n<p>A ado\u00e7\u00e3o de protocolos alternativos n\u00e3o altera as cores do mapa definitivo, que ser\u00e1 divulgado ap\u00f3s an\u00e1lise dos recursos pelo Gabinete de Crise, na tarde de segunda-feira (21\/9), por meio de not\u00edcia publicada no site do governo do Estado. A vig\u00eancia das bandeiras da 20\u00aa rodada come\u00e7a \u00e0 0h de ter\u00e7a-feira (22\/9) e se encerra \u00e0s 23h59 de segunda-feira (28\/9).<\/p>\n\n\n\n<p><strong>Munic\u00edpios podem adotar bandeira laranja<\/strong><\/p>\n\n\n\n<p>Conforme o mapa preliminar da 20\u00aa rodada, apenas 77 munic\u00edpios (do total de 497) est\u00e3o classificados em bandeira vermelha, somando 4 milh\u00f5es de habitantes, o que corresponde a 35,4% da popula\u00e7\u00e3o ga\u00facha (total de 11,3 milh\u00f5es de habitantes).<\/p>\n\n\n\n<p>Desses, 21 munic\u00edpios (98 mil habitantes, 0,9% do RS) podem adotar protocolos de bandeira laranja, porque cumprem os crit\u00e9rios da Regra 0-0, ou seja, n\u00e3o t\u00eam registro de \u00f3bito ou hospitaliza\u00e7\u00e3o de moradores nos \u00faltimos 14 dias, desde que a prefeitura crie um regulamento local.<\/p>\n\n\n\n<p><a href=\"https:\/\/snw11.maxx.mobi\/link.php?M=623999&amp;N=1989&amp;L=1794&amp;F=H\" target=\"_blank\" rel=\"noreferrer noopener\"><strong>\u2022 Clique aqui e acesse a lista de munic\u00edpios que se enquadram na Regra 0-0.<\/strong><\/a><\/p>\n\n\n\n<p><strong>Alertas<\/strong><\/p>\n\n\n\n<p>Chamou a aten\u00e7\u00e3o da equipe que monitora o modelo o elevado crescimento nas hospitaliza\u00e7\u00f5es por Covid-19 em 10 regi\u00f5es: Cachoeira do Sul (133,3%), Cruz Alta (83,3%), Uruguaiana (50%), Iju\u00ed (41,7%), Novo Hamburgo (40,4%), Lajeado (31,8%), Santa Rosa (23,1%), Santo \u00c2ngelo (22,9%), Pelotas (21,6%) e Taquara (21,4%).<\/p>\n\n\n\n<p><strong>RESUMO DA 20\u00aa RODADA<\/strong><\/p>\n\n\n\n<p><strong>Regi\u00f5es que apresentaram piora (4):<\/strong><\/p>\n\n\n\n<p><strong>LARANJA &gt; VERMELHA<\/strong><br>&#8211; Novo Hamburgo (em cogest\u00e3o)<br>&#8211; Gua\u00edba<br>&#8211; Santo \u00c2ngelo (em cogest\u00e3o)<br>&#8211; Cruz Alta (em cogest\u00e3o)<\/p>\n\n\n\n<p><br><strong>Regi\u00f5es que apresentaram melhora (4)<\/strong><\/p>\n\n\n\n<p><strong>VERMELHA &gt; LARANJA<\/strong><br>&#8211; Santa Maria<br>&#8211; Palmeira das Miss\u00f5es (em cogest\u00e3o)<br>&#8211; Erechim (em cogest\u00e3o)<br>&#8211; Passo Fundo (em cogest\u00e3o)<\/p>\n\n\n\n<p><br><strong>Regi\u00f5es que permaneceram iguais<\/strong><\/p>\n\n\n\n<p><strong>VERMELHA<\/strong><br>&#8211; Porto Alegre (em cogest\u00e3o)<br><br><strong>LARANJA<\/strong><br>&#8211; Uruguaiana<br>&#8211; Cap\u00e3o da Canoa (em cogest\u00e3o)<br>&#8211; Taquara (em cogest\u00e3o)<br>&#8211; Canoas (em cogest\u00e3o)<br>&#8211; Iju\u00ed (em cogest\u00e3o)<br>&#8211; Santa Rosa (em cogest\u00e3o)<br>&#8211; Pelotas (em cogest\u00e3o)<br>&#8211; Bag\u00e9<br>&#8211; Caxias do Sul (em cogest\u00e3o)<br>&#8211; Cachoeira do Sul (em cogest\u00e3o)<br>&#8211; Santa Cruz do Sul (em cogest\u00e3o)<br>&#8211; Lajeado (em cogest\u00e3o)<\/p>\n\n\n\n<p><a href=\"https:\/\/snw11.maxx.mobi\/link.php?M=623999&amp;N=1989&amp;L=1795&amp;F=H\" target=\"_blank\" rel=\"noreferrer noopener\"><strong>\u2022 Clique aqui e acesse a nota t\u00e9cnica com as justificativas de classifica\u00e7\u00f5es das regi\u00f5es.<\/strong><\/a><\/p>\n\n\n\n<p><strong>DESTAQUES DA 20\u00aa RODADA<\/strong><\/p>\n\n\n\n<p>\u2022 n\u00famero de novos registros de hospitaliza\u00e7\u00f5es por S\u00edndrome Respirat\u00f3ria Aguda Grave (SRAG) de confirmados Covid-19 aumentou 6% entre as duas \u00faltimas semanas (997 para 1.061);<\/p>\n\n\n\n<p>\u2022 n\u00famero de internados em UTI por SRAG reduziu 4% no Estado entre as duas \u00faltimas quintas-feiras (917 para 884);<\/p>\n\n\n\n<p>\u2022 n\u00famero de internados em leitos cl\u00ednicos com Covid no RS reduziu 3% entre as duas \u00faltimas quintas-feiras (803 para 778);<\/p>\n\n\n\n<p>\u2022 n\u00famero de internados em leitos de UTI com Covid no RS reduziu 3% entre as duas \u00faltimas quintas-feiras (713 para 693);<\/p>\n\n\n\n<p>\u2022 n\u00famero de leitos de UTI adulto livres para atender Covid no RS aumentou 5% entre as duas \u00faltimas quintas-feiras (de 583 para 614);<\/p>\n\n\n\n<p>\u2022 n\u00famero de casos ativos aumentou 7% entre as duas \u00faltimas semanas (de 10.066 para 10.793);<\/p>\n\n\n\n<p>\u2022 n\u00famero de \u00f3bitos por Covid-19 ficou praticamente est\u00e1vel entre as duas \u00faltimas quintas-feiras (de 340 para 338).<\/p>\n\n\n\n<p>As regi\u00f5es com maior n\u00famero de novos registros de hospitaliza\u00e7\u00f5es nos \u00faltimos sete dias, por local de resid\u00eancia do paciente, s\u00e3o Porto Alegre (304), Caxias do Sul (102), Passo Fundo (87), Canoas (77) e Novo Hamburgo (73).<\/p>\n\n\n\n<p><strong>COMPARATIVO ENTRE 20 DE AGOSTO E 17 DE SETEMBRO:<\/strong><\/p>\n\n\n\n<p>\u2022 n\u00famero de novos registros de hospitaliza\u00e7\u00f5es confirmados Covid ficou est\u00e1vel no per\u00edodo (1.061 para 1.061);<\/p>\n\n\n\n<p>\u2022 n\u00famero de internados em UTI por SRAG reduziu 6% no Estado no per\u00edodo (944 para 884);<\/p>\n\n\n\n<p>\u2022 n\u00famero de internados em leitos cl\u00ednicos com Covid no RS reduziu 8% no per\u00edodo (850 para 778);<\/p>\n\n\n\n<p>\u2022 n\u00famero de internados em leitos de UTI com Covid no RS reduziu 3% no per\u00edodo (714 para 693);<\/p>\n\n\n\n<p>\u2022 n\u00famero de casos ativos aumentou 146% no per\u00edodo (de 7.382 para 10.793);<\/p>\n\n\n\n<p>\u2022 n\u00famero de leitos de UTI adulto livres para atender Covid no RS aumentou 3% no per\u00edodo (de 597 para 614);<\/p>\n\n\n\n<p>\u2022 n\u00famero de \u00f3bitos por Covid-19 acumulados em 7 dias aumentou 3% no per\u00edodo (de 327 para 338).<\/p>\n","protected":false},"excerpt":{"rendered":"<p>Desde que o governo passou a divulgar um mapa preliminar do Distanciamento Controlado, a partir da cria\u00e7\u00e3o de uma inst\u00e2ncia recursiva, h\u00e1 tr\u00eas meses, o Rio Grande do Sul n\u00e3o apresentava um n\u00famero t\u00e3o baixo de bandeiras vermelhas \u2013 que correspondem a alto risco epidemiol\u00f3gico de coronav\u00edrus. A classifica\u00e7\u00e3o pr\u00e9via da 20\u00aa semana do Distanciamento [&hellip;]<\/p>\n","protected":false},"author":8,"featured_media":73726,"comment_status":"open","ping_status":"open","sticky":false,"template":"","format":"standard","meta":{"pmpro_default_level":"","_jetpack_memberships_contains_paid_content":false,"footnotes":""},"categories":[5756,2],"tags":[5702,5707,5947,1794],"class_list":{"0":"post-73722","1":"post","2":"type-post","3":"status-publish","4":"format-standard","5":"has-post-thumbnail","7":"category-coronavirus","8":"category-featured","9":"tag-coronavirus","10":"tag-covid-19","11":"tag-distanciamento-controlado","12":"tag-rio-grande-do-sul","13":"pmpro-has-access"},"yoast_head":"<!-- This site is optimized with the Yoast SEO plugin v27.5 - https:\/\/yoast.com\/product\/yoast-seo-wordpress\/ -->\n<title>Na 20\u00aa semana do Distanciamento Controlado, RS tem mapa preliminar com menor n\u00famero de regi\u00f5es em vermelho - Folha Popular<\/title>\n<meta name=\"robots\" content=\"index, follow, max-snippet:-1, max-image-preview:large, max-video-preview:-1\" \/>\n<link rel=\"canonical\" href=\"https:\/\/folhapopular.info\/index.php\/2020\/09\/19\/na-20a-semana-do-distanciamento-controlado-rs-tem-mapa-preliminar-com-menor-numero-de-regioes-em-vermelho\/\" \/>\n<meta property=\"og:locale\" content=\"pt_BR\" \/>\n<meta property=\"og:type\" content=\"article\" \/>\n<meta property=\"og:title\" content=\"Na 20\u00aa semana do Distanciamento Controlado, RS tem mapa preliminar com menor n\u00famero de regi\u00f5es em vermelho - Folha Popular\" \/>\n<meta property=\"og:description\" content=\"Desde que o governo passou a divulgar um mapa preliminar do Distanciamento Controlado, a partir da cria\u00e7\u00e3o de uma inst\u00e2ncia recursiva, h\u00e1 tr\u00eas meses, o Rio Grande do Sul n\u00e3o apresentava um n\u00famero t\u00e3o baixo de bandeiras vermelhas \u2013 que correspondem a alto risco epidemiol\u00f3gico de coronav\u00edrus. A classifica\u00e7\u00e3o pr\u00e9via da 20\u00aa semana do Distanciamento [&hellip;]\" \/>\n<meta property=\"og:url\" content=\"https:\/\/folhapopular.info\/index.php\/2020\/09\/19\/na-20a-semana-do-distanciamento-controlado-rs-tem-mapa-preliminar-com-menor-numero-de-regioes-em-vermelho\/\" \/>\n<meta property=\"og:site_name\" content=\"Folha Popular\" \/>\n<meta property=\"article:published_time\" content=\"2020-09-19T10:52:34+00:00\" \/>\n<meta property=\"article:modified_time\" content=\"2020-09-19T10:52:37+00:00\" \/>\n<meta property=\"og:image\" content=\"https:\/\/folhapopular.info\/wp-content\/uploads\/2020\/09\/unnamed-21.jpg\" \/>\n\t<meta property=\"og:image:width\" content=\"800\" \/>\n\t<meta property=\"og:image:height\" content=\"450\" \/>\n\t<meta property=\"og:image:type\" content=\"image\/jpeg\" \/>\n<meta name=\"author\" content=\"Reda\u00e7\u00e3o Folha Popular\" \/>\n<meta name=\"twitter:card\" content=\"summary_large_image\" \/>\n<meta name=\"twitter:label1\" content=\"Escrito por\" \/>\n\t<meta name=\"twitter:data1\" content=\"Reda\u00e7\u00e3o Folha Popular\" \/>\n\t<meta name=\"twitter:label2\" content=\"Est. tempo de leitura\" \/>\n\t<meta name=\"twitter:data2\" content=\"5 minutos\" \/>\n<script type=\"application\/ld+json\" class=\"yoast-schema-graph\">{\"@context\":\"https:\\\/\\\/schema.org\",\"@graph\":[{\"@type\":\"Article\",\"@id\":\"https:\\\/\\\/folhapopular.info\\\/index.php\\\/2020\\\/09\\\/19\\\/na-20a-semana-do-distanciamento-controlado-rs-tem-mapa-preliminar-com-menor-numero-de-regioes-em-vermelho\\\/#article\",\"isPartOf\":{\"@id\":\"https:\\\/\\\/folhapopular.info\\\/index.php\\\/2020\\\/09\\\/19\\\/na-20a-semana-do-distanciamento-controlado-rs-tem-mapa-preliminar-com-menor-numero-de-regioes-em-vermelho\\\/\"},\"author\":{\"name\":\"Reda\u00e7\u00e3o Folha Popular\",\"@id\":\"https:\\\/\\\/folhapopular.info\\\/#\\\/schema\\\/person\\\/2814e8a0df7643585a9ca38bc6eb9d4b\"},\"headline\":\"Na 20\u00aa semana do Distanciamento Controlado, RS tem mapa preliminar com menor n\u00famero de regi\u00f5es em vermelho\",\"datePublished\":\"2020-09-19T10:52:34+00:00\",\"dateModified\":\"2020-09-19T10:52:37+00:00\",\"mainEntityOfPage\":{\"@id\":\"https:\\\/\\\/folhapopular.info\\\/index.php\\\/2020\\\/09\\\/19\\\/na-20a-semana-do-distanciamento-controlado-rs-tem-mapa-preliminar-com-menor-numero-de-regioes-em-vermelho\\\/\"},\"wordCount\":1081,\"commentCount\":0,\"image\":{\"@id\":\"https:\\\/\\\/folhapopular.info\\\/index.php\\\/2020\\\/09\\\/19\\\/na-20a-semana-do-distanciamento-controlado-rs-tem-mapa-preliminar-com-menor-numero-de-regioes-em-vermelho\\\/#primaryimage\"},\"thumbnailUrl\":\"https:\\\/\\\/folhapopular.info\\\/wp-content\\\/uploads\\\/2020\\\/09\\\/unnamed-21.jpg\",\"keywords\":[\"Coronav\u00edrus\",\"Covid-19\",\"Distanciamento Controlado\",\"Rio Grande do Sul\"],\"articleSection\":[\"Coronav\u00edrus\",\"Destaques\"],\"inLanguage\":\"pt-BR\",\"potentialAction\":[{\"@type\":\"CommentAction\",\"name\":\"Comment\",\"target\":[\"https:\\\/\\\/folhapopular.info\\\/index.php\\\/2020\\\/09\\\/19\\\/na-20a-semana-do-distanciamento-controlado-rs-tem-mapa-preliminar-com-menor-numero-de-regioes-em-vermelho\\\/#respond\"]}]},{\"@type\":\"WebPage\",\"@id\":\"https:\\\/\\\/folhapopular.info\\\/index.php\\\/2020\\\/09\\\/19\\\/na-20a-semana-do-distanciamento-controlado-rs-tem-mapa-preliminar-com-menor-numero-de-regioes-em-vermelho\\\/\",\"url\":\"https:\\\/\\\/folhapopular.info\\\/index.php\\\/2020\\\/09\\\/19\\\/na-20a-semana-do-distanciamento-controlado-rs-tem-mapa-preliminar-com-menor-numero-de-regioes-em-vermelho\\\/\",\"name\":\"Na 20\u00aa semana do Distanciamento Controlado, RS tem mapa preliminar com menor n\u00famero de regi\u00f5es em vermelho - Folha Popular\",\"isPartOf\":{\"@id\":\"https:\\\/\\\/folhapopular.info\\\/#website\"},\"primaryImageOfPage\":{\"@id\":\"https:\\\/\\\/folhapopular.info\\\/index.php\\\/2020\\\/09\\\/19\\\/na-20a-semana-do-distanciamento-controlado-rs-tem-mapa-preliminar-com-menor-numero-de-regioes-em-vermelho\\\/#primaryimage\"},\"image\":{\"@id\":\"https:\\\/\\\/folhapopular.info\\\/index.php\\\/2020\\\/09\\\/19\\\/na-20a-semana-do-distanciamento-controlado-rs-tem-mapa-preliminar-com-menor-numero-de-regioes-em-vermelho\\\/#primaryimage\"},\"thumbnailUrl\":\"https:\\\/\\\/folhapopular.info\\\/wp-content\\\/uploads\\\/2020\\\/09\\\/unnamed-21.jpg\",\"datePublished\":\"2020-09-19T10:52:34+00:00\",\"dateModified\":\"2020-09-19T10:52:37+00:00\",\"author\":{\"@id\":\"https:\\\/\\\/folhapopular.info\\\/#\\\/schema\\\/person\\\/2814e8a0df7643585a9ca38bc6eb9d4b\"},\"breadcrumb\":{\"@id\":\"https:\\\/\\\/folhapopular.info\\\/index.php\\\/2020\\\/09\\\/19\\\/na-20a-semana-do-distanciamento-controlado-rs-tem-mapa-preliminar-com-menor-numero-de-regioes-em-vermelho\\\/#breadcrumb\"},\"inLanguage\":\"pt-BR\",\"potentialAction\":[{\"@type\":\"ReadAction\",\"target\":[\"https:\\\/\\\/folhapopular.info\\\/index.php\\\/2020\\\/09\\\/19\\\/na-20a-semana-do-distanciamento-controlado-rs-tem-mapa-preliminar-com-menor-numero-de-regioes-em-vermelho\\\/\"]}]},{\"@type\":\"ImageObject\",\"inLanguage\":\"pt-BR\",\"@id\":\"https:\\\/\\\/folhapopular.info\\\/index.php\\\/2020\\\/09\\\/19\\\/na-20a-semana-do-distanciamento-controlado-rs-tem-mapa-preliminar-com-menor-numero-de-regioes-em-vermelho\\\/#primaryimage\",\"url\":\"https:\\\/\\\/folhapopular.info\\\/wp-content\\\/uploads\\\/2020\\\/09\\\/unnamed-21.jpg\",\"contentUrl\":\"https:\\\/\\\/folhapopular.info\\\/wp-content\\\/uploads\\\/2020\\\/09\\\/unnamed-21.jpg\",\"width\":800,\"height\":450,\"caption\":\"Na 20\u00aa semana do Distanciamento Controlado, RS tem mapa preliminar com menor n\u00famero de regi\u00f5es em vermelho \\\/ Cr\u00e9dito da foto: reprodu\u00e7\u00e3o\"},{\"@type\":\"BreadcrumbList\",\"@id\":\"https:\\\/\\\/folhapopular.info\\\/index.php\\\/2020\\\/09\\\/19\\\/na-20a-semana-do-distanciamento-controlado-rs-tem-mapa-preliminar-com-menor-numero-de-regioes-em-vermelho\\\/#breadcrumb\",\"itemListElement\":[{\"@type\":\"ListItem\",\"position\":1,\"name\":\"In\u00edcio\",\"item\":\"https:\\\/\\\/folhapopular.info\\\/\"},{\"@type\":\"ListItem\",\"position\":2,\"name\":\"Na 20\u00aa semana do Distanciamento Controlado, RS tem mapa preliminar com menor n\u00famero de regi\u00f5es em vermelho\"}]},{\"@type\":\"WebSite\",\"@id\":\"https:\\\/\\\/folhapopular.info\\\/#website\",\"url\":\"https:\\\/\\\/folhapopular.info\\\/\",\"name\":\"Folha Popular\",\"description\":\"Onde voc\u00ea tem vez e voz\",\"potentialAction\":[{\"@type\":\"SearchAction\",\"target\":{\"@type\":\"EntryPoint\",\"urlTemplate\":\"https:\\\/\\\/folhapopular.info\\\/?s={search_term_string}\"},\"query-input\":{\"@type\":\"PropertyValueSpecification\",\"valueRequired\":true,\"valueName\":\"search_term_string\"}}],\"inLanguage\":\"pt-BR\"},{\"@type\":\"Person\",\"@id\":\"https:\\\/\\\/folhapopular.info\\\/#\\\/schema\\\/person\\\/2814e8a0df7643585a9ca38bc6eb9d4b\",\"name\":\"Reda\u00e7\u00e3o Folha Popular\",\"image\":{\"@type\":\"ImageObject\",\"inLanguage\":\"pt-BR\",\"@id\":\"https:\\\/\\\/folhapopular.info\\\/wp-content\\\/uploads\\\/2026\\\/04\\\/Folha-1.webp\",\"url\":\"https:\\\/\\\/folhapopular.info\\\/wp-content\\\/uploads\\\/2026\\\/04\\\/Folha-1.webp\",\"contentUrl\":\"https:\\\/\\\/folhapopular.info\\\/wp-content\\\/uploads\\\/2026\\\/04\\\/Folha-1.webp\",\"caption\":\"Reda\u00e7\u00e3o Folha Popular\"},\"url\":\"https:\\\/\\\/folhapopular.info\\\/index.php\\\/author\\\/redacao\\\/\"}]}<\/script>\n<!-- \/ Yoast SEO plugin. -->","yoast_head_json":{"title":"Na 20\u00aa semana do Distanciamento Controlado, RS tem mapa preliminar com menor n\u00famero de regi\u00f5es em vermelho - Folha Popular","robots":{"index":"index","follow":"follow","max-snippet":"max-snippet:-1","max-image-preview":"max-image-preview:large","max-video-preview":"max-video-preview:-1"},"canonical":"https:\/\/folhapopular.info\/index.php\/2020\/09\/19\/na-20a-semana-do-distanciamento-controlado-rs-tem-mapa-preliminar-com-menor-numero-de-regioes-em-vermelho\/","og_locale":"pt_BR","og_type":"article","og_title":"Na 20\u00aa semana do Distanciamento Controlado, RS tem mapa preliminar com menor n\u00famero de regi\u00f5es em vermelho - Folha Popular","og_description":"Desde que o governo passou a divulgar um mapa preliminar do Distanciamento Controlado, a partir da cria\u00e7\u00e3o de uma inst\u00e2ncia recursiva, h\u00e1 tr\u00eas meses, o Rio Grande do Sul n\u00e3o apresentava um n\u00famero t\u00e3o baixo de bandeiras vermelhas \u2013 que correspondem a alto risco epidemiol\u00f3gico de coronav\u00edrus. A classifica\u00e7\u00e3o pr\u00e9via da 20\u00aa semana do Distanciamento [&hellip;]","og_url":"https:\/\/folhapopular.info\/index.php\/2020\/09\/19\/na-20a-semana-do-distanciamento-controlado-rs-tem-mapa-preliminar-com-menor-numero-de-regioes-em-vermelho\/","og_site_name":"Folha Popular","article_published_time":"2020-09-19T10:52:34+00:00","article_modified_time":"2020-09-19T10:52:37+00:00","og_image":[{"width":800,"height":450,"url":"https:\/\/folhapopular.info\/wp-content\/uploads\/2020\/09\/unnamed-21.jpg","type":"image\/jpeg"}],"author":"Reda\u00e7\u00e3o Folha Popular","twitter_card":"summary_large_image","twitter_misc":{"Escrito por":"Reda\u00e7\u00e3o Folha Popular","Est. tempo de leitura":"5 minutos"},"schema":{"@context":"https:\/\/schema.org","@graph":[{"@type":"Article","@id":"https:\/\/folhapopular.info\/index.php\/2020\/09\/19\/na-20a-semana-do-distanciamento-controlado-rs-tem-mapa-preliminar-com-menor-numero-de-regioes-em-vermelho\/#article","isPartOf":{"@id":"https:\/\/folhapopular.info\/index.php\/2020\/09\/19\/na-20a-semana-do-distanciamento-controlado-rs-tem-mapa-preliminar-com-menor-numero-de-regioes-em-vermelho\/"},"author":{"name":"Reda\u00e7\u00e3o Folha Popular","@id":"https:\/\/folhapopular.info\/#\/schema\/person\/2814e8a0df7643585a9ca38bc6eb9d4b"},"headline":"Na 20\u00aa semana do Distanciamento Controlado, RS tem mapa preliminar com menor n\u00famero de regi\u00f5es em vermelho","datePublished":"2020-09-19T10:52:34+00:00","dateModified":"2020-09-19T10:52:37+00:00","mainEntityOfPage":{"@id":"https:\/\/folhapopular.info\/index.php\/2020\/09\/19\/na-20a-semana-do-distanciamento-controlado-rs-tem-mapa-preliminar-com-menor-numero-de-regioes-em-vermelho\/"},"wordCount":1081,"commentCount":0,"image":{"@id":"https:\/\/folhapopular.info\/index.php\/2020\/09\/19\/na-20a-semana-do-distanciamento-controlado-rs-tem-mapa-preliminar-com-menor-numero-de-regioes-em-vermelho\/#primaryimage"},"thumbnailUrl":"https:\/\/folhapopular.info\/wp-content\/uploads\/2020\/09\/unnamed-21.jpg","keywords":["Coronav\u00edrus","Covid-19","Distanciamento Controlado","Rio Grande do Sul"],"articleSection":["Coronav\u00edrus","Destaques"],"inLanguage":"pt-BR","potentialAction":[{"@type":"CommentAction","name":"Comment","target":["https:\/\/folhapopular.info\/index.php\/2020\/09\/19\/na-20a-semana-do-distanciamento-controlado-rs-tem-mapa-preliminar-com-menor-numero-de-regioes-em-vermelho\/#respond"]}]},{"@type":"WebPage","@id":"https:\/\/folhapopular.info\/index.php\/2020\/09\/19\/na-20a-semana-do-distanciamento-controlado-rs-tem-mapa-preliminar-com-menor-numero-de-regioes-em-vermelho\/","url":"https:\/\/folhapopular.info\/index.php\/2020\/09\/19\/na-20a-semana-do-distanciamento-controlado-rs-tem-mapa-preliminar-com-menor-numero-de-regioes-em-vermelho\/","name":"Na 20\u00aa semana do Distanciamento Controlado, RS tem mapa preliminar com menor n\u00famero de regi\u00f5es em vermelho - Folha Popular","isPartOf":{"@id":"https:\/\/folhapopular.info\/#website"},"primaryImageOfPage":{"@id":"https:\/\/folhapopular.info\/index.php\/2020\/09\/19\/na-20a-semana-do-distanciamento-controlado-rs-tem-mapa-preliminar-com-menor-numero-de-regioes-em-vermelho\/#primaryimage"},"image":{"@id":"https:\/\/folhapopular.info\/index.php\/2020\/09\/19\/na-20a-semana-do-distanciamento-controlado-rs-tem-mapa-preliminar-com-menor-numero-de-regioes-em-vermelho\/#primaryimage"},"thumbnailUrl":"https:\/\/folhapopular.info\/wp-content\/uploads\/2020\/09\/unnamed-21.jpg","datePublished":"2020-09-19T10:52:34+00:00","dateModified":"2020-09-19T10:52:37+00:00","author":{"@id":"https:\/\/folhapopular.info\/#\/schema\/person\/2814e8a0df7643585a9ca38bc6eb9d4b"},"breadcrumb":{"@id":"https:\/\/folhapopular.info\/index.php\/2020\/09\/19\/na-20a-semana-do-distanciamento-controlado-rs-tem-mapa-preliminar-com-menor-numero-de-regioes-em-vermelho\/#breadcrumb"},"inLanguage":"pt-BR","potentialAction":[{"@type":"ReadAction","target":["https:\/\/folhapopular.info\/index.php\/2020\/09\/19\/na-20a-semana-do-distanciamento-controlado-rs-tem-mapa-preliminar-com-menor-numero-de-regioes-em-vermelho\/"]}]},{"@type":"ImageObject","inLanguage":"pt-BR","@id":"https:\/\/folhapopular.info\/index.php\/2020\/09\/19\/na-20a-semana-do-distanciamento-controlado-rs-tem-mapa-preliminar-com-menor-numero-de-regioes-em-vermelho\/#primaryimage","url":"https:\/\/folhapopular.info\/wp-content\/uploads\/2020\/09\/unnamed-21.jpg","contentUrl":"https:\/\/folhapopular.info\/wp-content\/uploads\/2020\/09\/unnamed-21.jpg","width":800,"height":450,"caption":"Na 20\u00aa semana do Distanciamento Controlado, RS tem mapa preliminar com menor n\u00famero de regi\u00f5es em vermelho \/ Cr\u00e9dito da foto: reprodu\u00e7\u00e3o"},{"@type":"BreadcrumbList","@id":"https:\/\/folhapopular.info\/index.php\/2020\/09\/19\/na-20a-semana-do-distanciamento-controlado-rs-tem-mapa-preliminar-com-menor-numero-de-regioes-em-vermelho\/#breadcrumb","itemListElement":[{"@type":"ListItem","position":1,"name":"In\u00edcio","item":"https:\/\/folhapopular.info\/"},{"@type":"ListItem","position":2,"name":"Na 20\u00aa semana do Distanciamento Controlado, RS tem mapa preliminar com menor n\u00famero de regi\u00f5es em vermelho"}]},{"@type":"WebSite","@id":"https:\/\/folhapopular.info\/#website","url":"https:\/\/folhapopular.info\/","name":"Folha Popular","description":"Onde voc\u00ea tem vez e voz","potentialAction":[{"@type":"SearchAction","target":{"@type":"EntryPoint","urlTemplate":"https:\/\/folhapopular.info\/?s={search_term_string}"},"query-input":{"@type":"PropertyValueSpecification","valueRequired":true,"valueName":"search_term_string"}}],"inLanguage":"pt-BR"},{"@type":"Person","@id":"https:\/\/folhapopular.info\/#\/schema\/person\/2814e8a0df7643585a9ca38bc6eb9d4b","name":"Reda\u00e7\u00e3o Folha Popular","image":{"@type":"ImageObject","inLanguage":"pt-BR","@id":"https:\/\/folhapopular.info\/wp-content\/uploads\/2026\/04\/Folha-1.webp","url":"https:\/\/folhapopular.info\/wp-content\/uploads\/2026\/04\/Folha-1.webp","contentUrl":"https:\/\/folhapopular.info\/wp-content\/uploads\/2026\/04\/Folha-1.webp","caption":"Reda\u00e7\u00e3o Folha Popular"},"url":"https:\/\/folhapopular.info\/index.php\/author\/redacao\/"}]}},"jetpack_featured_media_url":"https:\/\/folhapopular.info\/wp-content\/uploads\/2020\/09\/unnamed-21.jpg","jetpack_sharing_enabled":true,"amp_enabled":true,"_links":{"self":[{"href":"https:\/\/folhapopular.info\/index.php\/wp-json\/wp\/v2\/posts\/73722","targetHints":{"allow":["GET"]}}],"collection":[{"href":"https:\/\/folhapopular.info\/index.php\/wp-json\/wp\/v2\/posts"}],"about":[{"href":"https:\/\/folhapopular.info\/index.php\/wp-json\/wp\/v2\/types\/post"}],"author":[{"embeddable":true,"href":"https:\/\/folhapopular.info\/index.php\/wp-json\/wp\/v2\/users\/8"}],"replies":[{"embeddable":true,"href":"https:\/\/folhapopular.info\/index.php\/wp-json\/wp\/v2\/comments?post=73722"}],"version-history":[{"count":0,"href":"https:\/\/folhapopular.info\/index.php\/wp-json\/wp\/v2\/posts\/73722\/revisions"}],"wp:featuredmedia":[{"embeddable":true,"href":"https:\/\/folhapopular.info\/index.php\/wp-json\/wp\/v2\/media\/73726"}],"wp:attachment":[{"href":"https:\/\/folhapopular.info\/index.php\/wp-json\/wp\/v2\/media?parent=73722"}],"wp:term":[{"taxonomy":"category","embeddable":true,"href":"https:\/\/folhapopular.info\/index.php\/wp-json\/wp\/v2\/categories?post=73722"},{"taxonomy":"post_tag","embeddable":true,"href":"https:\/\/folhapopular.info\/index.php\/wp-json\/wp\/v2\/tags?post=73722"}],"curies":[{"name":"wp","href":"https:\/\/api.w.org\/{rel}","templated":true}]}}