{"id":73830,"date":"2020-09-23T08:07:08","date_gmt":"2020-09-23T11:07:08","guid":{"rendered":"https:\/\/folhapopular.info\/?p=73830"},"modified":"2020-09-23T08:07:10","modified_gmt":"2020-09-23T11:07:10","slug":"governo-encaminha-pedido-para-retirar-da-tramitacao-projetos-da-reforma-tributaria-rs","status":"publish","type":"post","link":"https:\/\/folhapopular.info\/index.php\/2020\/09\/23\/governo-encaminha-pedido-para-retirar-da-tramitacao-projetos-da-reforma-tributaria-rs\/","title":{"rendered":"Governo encaminha pedido para retirar da tramita\u00e7\u00e3o projetos da Reforma Tribut\u00e1ria RS"},"content":{"rendered":"\n<p>O governo do Estado pediu, no final da manh\u00e3 desta ter\u00e7a-feira (22\/9), a retirada da tramita\u00e7\u00e3o na Assembleia Legislativa dos tr\u00eas projetos que formam a Reforma Tribut\u00e1ria RS. Ap\u00f3s reuni\u00e3o com a equipe, o governador Eduardo Leite formalizou o pedido em of\u00edcio entregue ao l\u00edder do governo, deputado Frederico Antunes, e ao secret\u00e1rio adjunto da Casa Civil, Bruno Freitas, para ser encaminhado ao Parlamento.&nbsp;Tamb\u00e9m participaram o vice-governador Ranolfo Vieira J\u00fanior, o procurador-geral do Estado, Eduardo Cunha da Costa, e a secret\u00e1ria de Comunica\u00e7\u00e3o, T\u00e2nia Moreira.<\/p>\n\n\n\n<p>\u201cEsse pedido acontece porque entendemos que o tema \u00e9 complexo e que precisa de mais discuss\u00f5es para evitar que se tome uma decis\u00e3o errada de, ao n\u00e3o aprovar nem a reforma ou outra forma de manter a arrecada\u00e7\u00e3o do Estado, o povo ga\u00facho acabar pagando o pre\u00e7o da falta de condi\u00e7\u00f5es do governo em prover servi\u00e7os b\u00e1sicos essenciais\u201d, afirmou o governador.<\/p>\n\n\n\n<p>Conjunto de propostas estruturante, a Reforma Tribut\u00e1ria RS complementaria o ciclo de reformas que come\u00e7ou em 2019 no Rio Grande do Sul. De forma inovadora no pa\u00eds, propunha uma redistribui\u00e7\u00e3o da carga tribut\u00e1ria para garantir maior justi\u00e7a tribut\u00e1ria, reduzindo o imposto sobre o consumo (ICMS) e compensando parte das perdas com o aumento da tributa\u00e7\u00e3o sobre o patrim\u00f4nio (IPVA e ITCD).<\/p>\n\n\n\n<p>Al\u00e9m disso, previa a\u00e7\u00f5es de moderniza\u00e7\u00e3o do sistema fiscal, com medidas que visam a simplifica\u00e7\u00e3o (redu\u00e7\u00e3o no n\u00famero de al\u00edquotas), transpar\u00eancia \u00e0 popula\u00e7\u00e3o e aos empreendedores e propostas de est\u00edmulo \u00e0 economia, como o fim do imposto de fronteira (Difal) e a redu\u00e7\u00e3o das al\u00edquotas internas para aumentar a competitividade dos produtos ga\u00fachos.<\/p>\n\n\n\n<p>\u201cA reforma inclu\u00eda demandas hist\u00f3ricas do setor produtivo para ajudar a animar a economia no RS, gerar emprego e renda e tamb\u00e9m diminuir o car\u00e1ter regressivo do ICMS, ou seja, quem tem menos acaba pagando mais proporcionalmente \u00e0 sua renda\u201d, lembrou o governador.<\/p>\n\n\n\n<p>O di\u00e1logo sobre a Reforma come\u00e7ou quase um m\u00eas antes de ser entregue \u00e0 Assembleia, primeiramente com a apresenta\u00e7\u00e3o dos conceitos e, depois, da primeira vers\u00e3o das propostas. Com a inclus\u00e3o de algumas contribui\u00e7\u00f5es feitas por deputados e entidades representativas de setores produtivos, foi protocolada no Parlamento em 10 de agosto.<\/p>\n\n\n\n<p>Mesmo depois disso, a equipe de governo seguiu promovendo encontros individuais e realizou a s\u00e9rie de reuni\u00f5es regionais \u201cDi\u00e1logo RS: Reforma Tribut\u00e1ria\u201d, com 12 edi\u00e7\u00f5es por todo o Estado em pouco mais de duas semanas.<\/p>\n\n\n\n<p><strong>Impactos<\/strong><\/p>\n\n\n\n<p>Com a retirada da proposta, caso nada seja aprovado at\u00e9 31 de dezembro, as al\u00edquotas de ICMS majoradas voltam ao patamar de 2015 automaticamente \u2013 de \u00e1lcool, gasolina, energia e telecomunica\u00e7\u00f5es vai de 30% para 25% e a al\u00edquota modal, de 18% para 17%. Com isso, o Estado perderia R$ 2,85 bilh\u00f5es por ano de arrecada\u00e7\u00e3o, dos quais R$ 850 milh\u00f5es s\u00e3o dos munic\u00edpios.<\/p>\n\n\n\n<p>\u201cN\u00e3o \u00e9 o governo nem o governador quem pagam a conta. Pagar\u00e3o o pre\u00e7o especialmente os ga\u00fachos mais pobres, que precisam de um Estado que tenha capacidade de prover servi\u00e7os para a educa\u00e7\u00e3o dos seus filhos, para a seguran\u00e7a dos seus patrim\u00f4nios e para suas pr\u00f3prias vidas, para a infraestrutura por onde circulam nas nossas estradas e da sa\u00fade, que, especialmente neste momento de pandemia, se faz t\u00e3o necess\u00e1ria para atender a tantas pessoas que demandam atendimento, nos hospitais e nos postos de sa\u00fade dos munic\u00edpios, que tamb\u00e9m ser\u00e3o atingidos pela falta de recursos se n\u00e3o for aprovada na Assembleia uma proposta que mantenha a capacidade de arrecada\u00e7\u00e3o ao Estado e munic\u00edpios\u201d, disse Leite.<\/p>\n\n\n\n<p>Ainda conforme o governador, a retirada dos projetos atende a um pedido das bancadas de partidos, que querem mais tempo para analisar e propor as necess\u00e1rias mudan\u00e7as do sistema tribut\u00e1rio ga\u00facho.<\/p>\n\n\n\n<p>\u201cO governo apresentou sua vis\u00e3o e, agora, o debate que se estabelece a partir da Assembleia vai ajudar a construir um modelo que vai permitir, nos pr\u00f3ximos anos, cumprirmos com a miss\u00e3o de atender a quem mais precisa. Para que se tenha esse tempo, retiramos os projetos para que a AL fa\u00e7a a melhor discuss\u00e3o ao longo das pr\u00f3ximas semanas e meses, e possamos enfim tomar uma decis\u00e3o em rela\u00e7\u00e3o ao futuro do nosso Estado ao fim deste ano de 2020\u201d, concluiu Leite.<\/p>\n\n\n\n<p><strong>Pr\u00f3ximos passos<\/strong><\/p>\n\n\n\n<p>Como tramitam em regime de urg\u00eancia, os projetos de lei 184\/2020, 185\/2020 e 186\/2020 que integram a Reforma Tribut\u00e1ria RS trancam a pauta do Parlamento a partir desta quarta-feira (23\/9) e n\u00e3o podem sair da ordem do dia sem o aval do plen\u00e1rio.<\/p>\n\n\n\n<p>O presidente da Assembleia, deputado Erani Polo, confirmou o recebimento do requerimento para a retirada de tramita\u00e7\u00e3o dos PLs e que a vota\u00e7\u00e3o ser\u00e1 feita durante a sess\u00e3o plen\u00e1ria desta quarta (23). O pedido deve receber maioria simples dos votos dos deputados presentes na sess\u00e3o para ser aprovado.<\/p>\n\n\n\n<p><strong><a href=\"https:\/\/snw11.maxx.mobi\/link.php?M=623999&amp;N=2018&amp;L=1824&amp;F=H\" target=\"_blank\" rel=\"noreferrer noopener\">Mensagem do governador sobre a retirada dos projetos da Reforma Tribut\u00e1ria RS<\/a><\/strong><\/p>\n","protected":false},"excerpt":{"rendered":"<p>O governo do Estado pediu, no final da manh\u00e3 desta ter\u00e7a-feira (22\/9), a retirada da tramita\u00e7\u00e3o na Assembleia Legislativa dos tr\u00eas projetos que formam a Reforma Tribut\u00e1ria RS. Ap\u00f3s reuni\u00e3o com a equipe, o governador Eduardo Leite formalizou o pedido em of\u00edcio entregue ao l\u00edder do governo, deputado Frederico Antunes, e ao secret\u00e1rio adjunto da [&hellip;]<\/p>\n","protected":false},"author":8,"featured_media":73831,"comment_status":"open","ping_status":"open","sticky":false,"template":"","format":"standard","meta":{"pmpro_default_level":"","_jetpack_memberships_contains_paid_content":false,"footnotes":""},"categories":[2,3],"tags":[176,6123,1794],"class_list":{"0":"post-73830","1":"post","2":"type-post","3":"status-publish","4":"format-standard","5":"has-post-thumbnail","7":"category-featured","8":"category-geral","9":"tag-estado","10":"tag-reforma-tributaria","11":"tag-rio-grande-do-sul","12":"pmpro-has-access"},"yoast_head":"<!-- This site is optimized with the Yoast SEO plugin v27.5 - https:\/\/yoast.com\/product\/yoast-seo-wordpress\/ -->\n<title>Governo encaminha pedido para retirar da tramita\u00e7\u00e3o projetos da Reforma Tribut\u00e1ria RS - Folha Popular<\/title>\n<meta name=\"robots\" content=\"index, follow, max-snippet:-1, max-image-preview:large, max-video-preview:-1\" \/>\n<link rel=\"canonical\" href=\"https:\/\/folhapopular.info\/index.php\/2020\/09\/23\/governo-encaminha-pedido-para-retirar-da-tramitacao-projetos-da-reforma-tributaria-rs\/\" \/>\n<meta property=\"og:locale\" content=\"pt_BR\" \/>\n<meta property=\"og:type\" content=\"article\" \/>\n<meta property=\"og:title\" content=\"Governo encaminha pedido para retirar da tramita\u00e7\u00e3o projetos da Reforma Tribut\u00e1ria RS - Folha Popular\" \/>\n<meta property=\"og:description\" content=\"O governo do Estado pediu, no final da manh\u00e3 desta ter\u00e7a-feira (22\/9), a retirada da tramita\u00e7\u00e3o na Assembleia Legislativa dos tr\u00eas projetos que formam a Reforma Tribut\u00e1ria RS. Ap\u00f3s reuni\u00e3o com a equipe, o governador Eduardo Leite formalizou o pedido em of\u00edcio entregue ao l\u00edder do governo, deputado Frederico Antunes, e ao secret\u00e1rio adjunto da [&hellip;]\" \/>\n<meta property=\"og:url\" content=\"https:\/\/folhapopular.info\/index.php\/2020\/09\/23\/governo-encaminha-pedido-para-retirar-da-tramitacao-projetos-da-reforma-tributaria-rs\/\" \/>\n<meta property=\"og:site_name\" content=\"Folha Popular\" \/>\n<meta property=\"article:published_time\" content=\"2020-09-23T11:07:08+00:00\" \/>\n<meta property=\"article:modified_time\" content=\"2020-09-23T11:07:10+00:00\" \/>\n<meta property=\"og:image\" content=\"https:\/\/folhapopular.info\/wp-content\/uploads\/2020\/09\/unnamed-1-2.jpg\" \/>\n\t<meta property=\"og:image:width\" content=\"800\" \/>\n\t<meta property=\"og:image:height\" content=\"533\" \/>\n\t<meta property=\"og:image:type\" content=\"image\/jpeg\" \/>\n<meta name=\"author\" content=\"Reda\u00e7\u00e3o Folha Popular\" \/>\n<meta name=\"twitter:card\" content=\"summary_large_image\" \/>\n<meta name=\"twitter:label1\" content=\"Escrito por\" \/>\n\t<meta name=\"twitter:data1\" content=\"Reda\u00e7\u00e3o Folha Popular\" \/>\n\t<meta name=\"twitter:label2\" content=\"Est. tempo de leitura\" \/>\n\t<meta name=\"twitter:data2\" content=\"4 minutos\" \/>\n<script type=\"application\/ld+json\" class=\"yoast-schema-graph\">{\"@context\":\"https:\\\/\\\/schema.org\",\"@graph\":[{\"@type\":\"Article\",\"@id\":\"https:\\\/\\\/folhapopular.info\\\/index.php\\\/2020\\\/09\\\/23\\\/governo-encaminha-pedido-para-retirar-da-tramitacao-projetos-da-reforma-tributaria-rs\\\/#article\",\"isPartOf\":{\"@id\":\"https:\\\/\\\/folhapopular.info\\\/index.php\\\/2020\\\/09\\\/23\\\/governo-encaminha-pedido-para-retirar-da-tramitacao-projetos-da-reforma-tributaria-rs\\\/\"},\"author\":{\"name\":\"Reda\u00e7\u00e3o Folha Popular\",\"@id\":\"https:\\\/\\\/folhapopular.info\\\/#\\\/schema\\\/person\\\/2814e8a0df7643585a9ca38bc6eb9d4b\"},\"headline\":\"Governo encaminha pedido para retirar da tramita\u00e7\u00e3o projetos da Reforma Tribut\u00e1ria RS\",\"datePublished\":\"2020-09-23T11:07:08+00:00\",\"dateModified\":\"2020-09-23T11:07:10+00:00\",\"mainEntityOfPage\":{\"@id\":\"https:\\\/\\\/folhapopular.info\\\/index.php\\\/2020\\\/09\\\/23\\\/governo-encaminha-pedido-para-retirar-da-tramitacao-projetos-da-reforma-tributaria-rs\\\/\"},\"wordCount\":889,\"commentCount\":0,\"image\":{\"@id\":\"https:\\\/\\\/folhapopular.info\\\/index.php\\\/2020\\\/09\\\/23\\\/governo-encaminha-pedido-para-retirar-da-tramitacao-projetos-da-reforma-tributaria-rs\\\/#primaryimage\"},\"thumbnailUrl\":\"https:\\\/\\\/folhapopular.info\\\/wp-content\\\/uploads\\\/2020\\\/09\\\/unnamed-1-2.jpg\",\"keywords\":[\"Estado\",\"Reforma Tribut\u00e1ria\",\"Rio Grande do Sul\"],\"articleSection\":[\"Destaques\",\"Geral\"],\"inLanguage\":\"pt-BR\",\"potentialAction\":[{\"@type\":\"CommentAction\",\"name\":\"Comment\",\"target\":[\"https:\\\/\\\/folhapopular.info\\\/index.php\\\/2020\\\/09\\\/23\\\/governo-encaminha-pedido-para-retirar-da-tramitacao-projetos-da-reforma-tributaria-rs\\\/#respond\"]}]},{\"@type\":\"WebPage\",\"@id\":\"https:\\\/\\\/folhapopular.info\\\/index.php\\\/2020\\\/09\\\/23\\\/governo-encaminha-pedido-para-retirar-da-tramitacao-projetos-da-reforma-tributaria-rs\\\/\",\"url\":\"https:\\\/\\\/folhapopular.info\\\/index.php\\\/2020\\\/09\\\/23\\\/governo-encaminha-pedido-para-retirar-da-tramitacao-projetos-da-reforma-tributaria-rs\\\/\",\"name\":\"Governo encaminha pedido para retirar da tramita\u00e7\u00e3o projetos da Reforma Tribut\u00e1ria RS - Folha Popular\",\"isPartOf\":{\"@id\":\"https:\\\/\\\/folhapopular.info\\\/#website\"},\"primaryImageOfPage\":{\"@id\":\"https:\\\/\\\/folhapopular.info\\\/index.php\\\/2020\\\/09\\\/23\\\/governo-encaminha-pedido-para-retirar-da-tramitacao-projetos-da-reforma-tributaria-rs\\\/#primaryimage\"},\"image\":{\"@id\":\"https:\\\/\\\/folhapopular.info\\\/index.php\\\/2020\\\/09\\\/23\\\/governo-encaminha-pedido-para-retirar-da-tramitacao-projetos-da-reforma-tributaria-rs\\\/#primaryimage\"},\"thumbnailUrl\":\"https:\\\/\\\/folhapopular.info\\\/wp-content\\\/uploads\\\/2020\\\/09\\\/unnamed-1-2.jpg\",\"datePublished\":\"2020-09-23T11:07:08+00:00\",\"dateModified\":\"2020-09-23T11:07:10+00:00\",\"author\":{\"@id\":\"https:\\\/\\\/folhapopular.info\\\/#\\\/schema\\\/person\\\/2814e8a0df7643585a9ca38bc6eb9d4b\"},\"breadcrumb\":{\"@id\":\"https:\\\/\\\/folhapopular.info\\\/index.php\\\/2020\\\/09\\\/23\\\/governo-encaminha-pedido-para-retirar-da-tramitacao-projetos-da-reforma-tributaria-rs\\\/#breadcrumb\"},\"inLanguage\":\"pt-BR\",\"potentialAction\":[{\"@type\":\"ReadAction\",\"target\":[\"https:\\\/\\\/folhapopular.info\\\/index.php\\\/2020\\\/09\\\/23\\\/governo-encaminha-pedido-para-retirar-da-tramitacao-projetos-da-reforma-tributaria-rs\\\/\"]}]},{\"@type\":\"ImageObject\",\"inLanguage\":\"pt-BR\",\"@id\":\"https:\\\/\\\/folhapopular.info\\\/index.php\\\/2020\\\/09\\\/23\\\/governo-encaminha-pedido-para-retirar-da-tramitacao-projetos-da-reforma-tributaria-rs\\\/#primaryimage\",\"url\":\"https:\\\/\\\/folhapopular.info\\\/wp-content\\\/uploads\\\/2020\\\/09\\\/unnamed-1-2.jpg\",\"contentUrl\":\"https:\\\/\\\/folhapopular.info\\\/wp-content\\\/uploads\\\/2020\\\/09\\\/unnamed-1-2.jpg\",\"width\":800,\"height\":533,\"caption\":\"Ap\u00f3s reuni\u00e3o com a equipe, Leite formalizou pedido em of\u00edcio entregue ao l\u00edder do governo, deputado Frederico Antunes \\\/ Cr\u00e9dito da foto: Felipe Dalla Valle \\\/ Pal\u00e1cio Piratini\"},{\"@type\":\"BreadcrumbList\",\"@id\":\"https:\\\/\\\/folhapopular.info\\\/index.php\\\/2020\\\/09\\\/23\\\/governo-encaminha-pedido-para-retirar-da-tramitacao-projetos-da-reforma-tributaria-rs\\\/#breadcrumb\",\"itemListElement\":[{\"@type\":\"ListItem\",\"position\":1,\"name\":\"In\u00edcio\",\"item\":\"https:\\\/\\\/folhapopular.info\\\/\"},{\"@type\":\"ListItem\",\"position\":2,\"name\":\"Governo encaminha pedido para retirar da tramita\u00e7\u00e3o projetos da Reforma Tribut\u00e1ria RS\"}]},{\"@type\":\"WebSite\",\"@id\":\"https:\\\/\\\/folhapopular.info\\\/#website\",\"url\":\"https:\\\/\\\/folhapopular.info\\\/\",\"name\":\"Folha Popular\",\"description\":\"Onde voc\u00ea tem vez e voz\",\"potentialAction\":[{\"@type\":\"SearchAction\",\"target\":{\"@type\":\"EntryPoint\",\"urlTemplate\":\"https:\\\/\\\/folhapopular.info\\\/?s={search_term_string}\"},\"query-input\":{\"@type\":\"PropertyValueSpecification\",\"valueRequired\":true,\"valueName\":\"search_term_string\"}}],\"inLanguage\":\"pt-BR\"},{\"@type\":\"Person\",\"@id\":\"https:\\\/\\\/folhapopular.info\\\/#\\\/schema\\\/person\\\/2814e8a0df7643585a9ca38bc6eb9d4b\",\"name\":\"Reda\u00e7\u00e3o Folha Popular\",\"image\":{\"@type\":\"ImageObject\",\"inLanguage\":\"pt-BR\",\"@id\":\"https:\\\/\\\/folhapopular.info\\\/wp-content\\\/uploads\\\/2026\\\/04\\\/Folha-1.webp\",\"url\":\"https:\\\/\\\/folhapopular.info\\\/wp-content\\\/uploads\\\/2026\\\/04\\\/Folha-1.webp\",\"contentUrl\":\"https:\\\/\\\/folhapopular.info\\\/wp-content\\\/uploads\\\/2026\\\/04\\\/Folha-1.webp\",\"caption\":\"Reda\u00e7\u00e3o Folha Popular\"},\"url\":\"https:\\\/\\\/folhapopular.info\\\/index.php\\\/author\\\/redacao\\\/\"}]}<\/script>\n<!-- \/ Yoast SEO plugin. -->","yoast_head_json":{"title":"Governo encaminha pedido para retirar da tramita\u00e7\u00e3o projetos da Reforma Tribut\u00e1ria RS - Folha Popular","robots":{"index":"index","follow":"follow","max-snippet":"max-snippet:-1","max-image-preview":"max-image-preview:large","max-video-preview":"max-video-preview:-1"},"canonical":"https:\/\/folhapopular.info\/index.php\/2020\/09\/23\/governo-encaminha-pedido-para-retirar-da-tramitacao-projetos-da-reforma-tributaria-rs\/","og_locale":"pt_BR","og_type":"article","og_title":"Governo encaminha pedido para retirar da tramita\u00e7\u00e3o projetos da Reforma Tribut\u00e1ria RS - Folha Popular","og_description":"O governo do Estado pediu, no final da manh\u00e3 desta ter\u00e7a-feira (22\/9), a retirada da tramita\u00e7\u00e3o na Assembleia Legislativa dos tr\u00eas projetos que formam a Reforma Tribut\u00e1ria RS. Ap\u00f3s reuni\u00e3o com a equipe, o governador Eduardo Leite formalizou o pedido em of\u00edcio entregue ao l\u00edder do governo, deputado Frederico Antunes, e ao secret\u00e1rio adjunto da [&hellip;]","og_url":"https:\/\/folhapopular.info\/index.php\/2020\/09\/23\/governo-encaminha-pedido-para-retirar-da-tramitacao-projetos-da-reforma-tributaria-rs\/","og_site_name":"Folha Popular","article_published_time":"2020-09-23T11:07:08+00:00","article_modified_time":"2020-09-23T11:07:10+00:00","og_image":[{"width":800,"height":533,"url":"https:\/\/folhapopular.info\/wp-content\/uploads\/2020\/09\/unnamed-1-2.jpg","type":"image\/jpeg"}],"author":"Reda\u00e7\u00e3o Folha Popular","twitter_card":"summary_large_image","twitter_misc":{"Escrito por":"Reda\u00e7\u00e3o Folha Popular","Est. tempo de leitura":"4 minutos"},"schema":{"@context":"https:\/\/schema.org","@graph":[{"@type":"Article","@id":"https:\/\/folhapopular.info\/index.php\/2020\/09\/23\/governo-encaminha-pedido-para-retirar-da-tramitacao-projetos-da-reforma-tributaria-rs\/#article","isPartOf":{"@id":"https:\/\/folhapopular.info\/index.php\/2020\/09\/23\/governo-encaminha-pedido-para-retirar-da-tramitacao-projetos-da-reforma-tributaria-rs\/"},"author":{"name":"Reda\u00e7\u00e3o Folha Popular","@id":"https:\/\/folhapopular.info\/#\/schema\/person\/2814e8a0df7643585a9ca38bc6eb9d4b"},"headline":"Governo encaminha pedido para retirar da tramita\u00e7\u00e3o projetos da Reforma Tribut\u00e1ria RS","datePublished":"2020-09-23T11:07:08+00:00","dateModified":"2020-09-23T11:07:10+00:00","mainEntityOfPage":{"@id":"https:\/\/folhapopular.info\/index.php\/2020\/09\/23\/governo-encaminha-pedido-para-retirar-da-tramitacao-projetos-da-reforma-tributaria-rs\/"},"wordCount":889,"commentCount":0,"image":{"@id":"https:\/\/folhapopular.info\/index.php\/2020\/09\/23\/governo-encaminha-pedido-para-retirar-da-tramitacao-projetos-da-reforma-tributaria-rs\/#primaryimage"},"thumbnailUrl":"https:\/\/folhapopular.info\/wp-content\/uploads\/2020\/09\/unnamed-1-2.jpg","keywords":["Estado","Reforma Tribut\u00e1ria","Rio Grande do Sul"],"articleSection":["Destaques","Geral"],"inLanguage":"pt-BR","potentialAction":[{"@type":"CommentAction","name":"Comment","target":["https:\/\/folhapopular.info\/index.php\/2020\/09\/23\/governo-encaminha-pedido-para-retirar-da-tramitacao-projetos-da-reforma-tributaria-rs\/#respond"]}]},{"@type":"WebPage","@id":"https:\/\/folhapopular.info\/index.php\/2020\/09\/23\/governo-encaminha-pedido-para-retirar-da-tramitacao-projetos-da-reforma-tributaria-rs\/","url":"https:\/\/folhapopular.info\/index.php\/2020\/09\/23\/governo-encaminha-pedido-para-retirar-da-tramitacao-projetos-da-reforma-tributaria-rs\/","name":"Governo encaminha pedido para retirar da tramita\u00e7\u00e3o projetos da Reforma Tribut\u00e1ria RS - Folha Popular","isPartOf":{"@id":"https:\/\/folhapopular.info\/#website"},"primaryImageOfPage":{"@id":"https:\/\/folhapopular.info\/index.php\/2020\/09\/23\/governo-encaminha-pedido-para-retirar-da-tramitacao-projetos-da-reforma-tributaria-rs\/#primaryimage"},"image":{"@id":"https:\/\/folhapopular.info\/index.php\/2020\/09\/23\/governo-encaminha-pedido-para-retirar-da-tramitacao-projetos-da-reforma-tributaria-rs\/#primaryimage"},"thumbnailUrl":"https:\/\/folhapopular.info\/wp-content\/uploads\/2020\/09\/unnamed-1-2.jpg","datePublished":"2020-09-23T11:07:08+00:00","dateModified":"2020-09-23T11:07:10+00:00","author":{"@id":"https:\/\/folhapopular.info\/#\/schema\/person\/2814e8a0df7643585a9ca38bc6eb9d4b"},"breadcrumb":{"@id":"https:\/\/folhapopular.info\/index.php\/2020\/09\/23\/governo-encaminha-pedido-para-retirar-da-tramitacao-projetos-da-reforma-tributaria-rs\/#breadcrumb"},"inLanguage":"pt-BR","potentialAction":[{"@type":"ReadAction","target":["https:\/\/folhapopular.info\/index.php\/2020\/09\/23\/governo-encaminha-pedido-para-retirar-da-tramitacao-projetos-da-reforma-tributaria-rs\/"]}]},{"@type":"ImageObject","inLanguage":"pt-BR","@id":"https:\/\/folhapopular.info\/index.php\/2020\/09\/23\/governo-encaminha-pedido-para-retirar-da-tramitacao-projetos-da-reforma-tributaria-rs\/#primaryimage","url":"https:\/\/folhapopular.info\/wp-content\/uploads\/2020\/09\/unnamed-1-2.jpg","contentUrl":"https:\/\/folhapopular.info\/wp-content\/uploads\/2020\/09\/unnamed-1-2.jpg","width":800,"height":533,"caption":"Ap\u00f3s reuni\u00e3o com a equipe, Leite formalizou pedido em of\u00edcio entregue ao l\u00edder do governo, deputado Frederico Antunes \/ Cr\u00e9dito da foto: Felipe Dalla Valle \/ Pal\u00e1cio Piratini"},{"@type":"BreadcrumbList","@id":"https:\/\/folhapopular.info\/index.php\/2020\/09\/23\/governo-encaminha-pedido-para-retirar-da-tramitacao-projetos-da-reforma-tributaria-rs\/#breadcrumb","itemListElement":[{"@type":"ListItem","position":1,"name":"In\u00edcio","item":"https:\/\/folhapopular.info\/"},{"@type":"ListItem","position":2,"name":"Governo encaminha pedido para retirar da tramita\u00e7\u00e3o projetos da Reforma Tribut\u00e1ria RS"}]},{"@type":"WebSite","@id":"https:\/\/folhapopular.info\/#website","url":"https:\/\/folhapopular.info\/","name":"Folha Popular","description":"Onde voc\u00ea tem vez e voz","potentialAction":[{"@type":"SearchAction","target":{"@type":"EntryPoint","urlTemplate":"https:\/\/folhapopular.info\/?s={search_term_string}"},"query-input":{"@type":"PropertyValueSpecification","valueRequired":true,"valueName":"search_term_string"}}],"inLanguage":"pt-BR"},{"@type":"Person","@id":"https:\/\/folhapopular.info\/#\/schema\/person\/2814e8a0df7643585a9ca38bc6eb9d4b","name":"Reda\u00e7\u00e3o Folha Popular","image":{"@type":"ImageObject","inLanguage":"pt-BR","@id":"https:\/\/folhapopular.info\/wp-content\/uploads\/2026\/04\/Folha-1.webp","url":"https:\/\/folhapopular.info\/wp-content\/uploads\/2026\/04\/Folha-1.webp","contentUrl":"https:\/\/folhapopular.info\/wp-content\/uploads\/2026\/04\/Folha-1.webp","caption":"Reda\u00e7\u00e3o Folha Popular"},"url":"https:\/\/folhapopular.info\/index.php\/author\/redacao\/"}]}},"jetpack_featured_media_url":"https:\/\/folhapopular.info\/wp-content\/uploads\/2020\/09\/unnamed-1-2.jpg","jetpack_sharing_enabled":true,"amp_enabled":true,"_links":{"self":[{"href":"https:\/\/folhapopular.info\/index.php\/wp-json\/wp\/v2\/posts\/73830","targetHints":{"allow":["GET"]}}],"collection":[{"href":"https:\/\/folhapopular.info\/index.php\/wp-json\/wp\/v2\/posts"}],"about":[{"href":"https:\/\/folhapopular.info\/index.php\/wp-json\/wp\/v2\/types\/post"}],"author":[{"embeddable":true,"href":"https:\/\/folhapopular.info\/index.php\/wp-json\/wp\/v2\/users\/8"}],"replies":[{"embeddable":true,"href":"https:\/\/folhapopular.info\/index.php\/wp-json\/wp\/v2\/comments?post=73830"}],"version-history":[{"count":0,"href":"https:\/\/folhapopular.info\/index.php\/wp-json\/wp\/v2\/posts\/73830\/revisions"}],"wp:featuredmedia":[{"embeddable":true,"href":"https:\/\/folhapopular.info\/index.php\/wp-json\/wp\/v2\/media\/73831"}],"wp:attachment":[{"href":"https:\/\/folhapopular.info\/index.php\/wp-json\/wp\/v2\/media?parent=73830"}],"wp:term":[{"taxonomy":"category","embeddable":true,"href":"https:\/\/folhapopular.info\/index.php\/wp-json\/wp\/v2\/categories?post=73830"},{"taxonomy":"post_tag","embeddable":true,"href":"https:\/\/folhapopular.info\/index.php\/wp-json\/wp\/v2\/tags?post=73830"}],"curies":[{"name":"wp","href":"https:\/\/api.w.org\/{rel}","templated":true}]}}