{"id":73935,"date":"2020-09-26T09:50:09","date_gmt":"2020-09-26T12:50:09","guid":{"rendered":"https:\/\/folhapopular.info\/?p=73935"},"modified":"2020-09-26T09:50:12","modified_gmt":"2020-09-26T12:50:12","slug":"mapa-preliminar-da-21a-rodada-do-distanciamento-controlado-tem-pela-primeira-vez-todas-as-regioes-em-laranja","status":"publish","type":"post","link":"https:\/\/folhapopular.info\/index.php\/2020\/09\/26\/mapa-preliminar-da-21a-rodada-do-distanciamento-controlado-tem-pela-primeira-vez-todas-as-regioes-em-laranja\/","title":{"rendered":"Mapa preliminar da 21\u00aa rodada do Distanciamento Controlado tem, pela primeira vez, todas as regi\u00f5es em laranja"},"content":{"rendered":"\n<p>O mais recente mapa do Distanciamento Controlado do m\u00eas de setembro, divulgado nesta sexta-feira (25\/9), revela uma situa\u00e7\u00e3o pela qual muitos ga\u00fachos esperavam: a melhora de indicadores. Todas as 21 regi\u00f5es Covid est\u00e3o classificadas, nesta 21\u00aa rodada, em bandeira laranja (risco epidemiol\u00f3gico m\u00e9dio). O mapa foi divulgado pelo governador Eduardo Leite em transmiss\u00e3o ao vivo nas redes sociais.<\/p>\n\n\n\n<p>\u201cDepois de um final do m\u00eas de junho e o m\u00eas de julho de grande e expressivo crescimento, em intensidade e velocidade na ocupa\u00e7\u00e3o de leitos por pacientes confirmados com Covid-19, observamos, a partir do final de julho, uma suaviza\u00e7\u00e3o da curva. Ao longo de agosto, vimos uma estabiliza\u00e7\u00e3o e, agora, nessas \u00faltimas semanas de setembro, finalmente, o n\u00famero de pacientes confirmados por Covid-19 em leitos de UTI come\u00e7a a reduzir, ainda que seja uma redu\u00e7\u00e3o lenta&#8221;, destacou Leite.<\/p>\n\n\n\n<p>O governador adverte, por\u00e9m, que a melhora dos indicadores n\u00e3o autoriza relaxar com os cuidados necess\u00e1rios em rela\u00e7\u00e3o ao coronav\u00edrus. \u201c\u00c9 uma not\u00edcia muito importante, mas devemos lembrar que a Covid-19 n\u00e3o passou e ainda \u00e9 uma preocupa\u00e7\u00e3o para todos n\u00f3s. Se temos uma situa\u00e7\u00e3o menos arriscada nesse momento, de menor risco, \u00e9 porque a popula\u00e7\u00e3o compreendeu a import\u00e2ncia de atender aos protocolos, aos cuidados, e tamb\u00e9m porque ampliamos leitos hospitalares, chegamos a mais de 100% de aumento de leitos de UTI. Reconvocamos a popula\u00e7\u00e3o para seguir com os cuidados e, assim, evitarmos um retorno \u00e0s bandeiras vermelhas e a mais restri\u00e7\u00f5es\u201d, enfatizou.<\/p>\n\n\n\n<figure class=\"wp-block-image size-large is-resized\"><img loading=\"lazy\" decoding=\"async\" src=\"https:\/\/folhapopular.info\/wp-content\/uploads\/2020\/09\/unnamed-6-1.jpg\" alt=\"\" class=\"wp-image-73936\" width=\"800\" height=\"533\" srcset=\"https:\/\/folhapopular.info\/wp-content\/uploads\/2020\/09\/unnamed-6-1.jpg 800w, https:\/\/folhapopular.info\/wp-content\/uploads\/2020\/09\/unnamed-6-1-300x200.jpg 300w, https:\/\/folhapopular.info\/wp-content\/uploads\/2020\/09\/unnamed-6-1-768x512.jpg 768w, https:\/\/folhapopular.info\/wp-content\/uploads\/2020\/09\/unnamed-6-1-696x464.jpg 696w, https:\/\/folhapopular.info\/wp-content\/uploads\/2020\/09\/unnamed-6-1-630x420.jpg 630w\" sizes=\"auto, (max-width: 800px) 100vw, 800px\" \/><figcaption>Conforme Leite, situa\u00e7\u00e3o menos arriscada \u00e9 porque popula\u00e7\u00e3o compreendeu import\u00e2ncia de protocolos e a amplia\u00e7\u00e3o de leitos de UTI \/ Cr\u00e9dito da\u00a0foto: Gustavo Mansur \/ Pal\u00e1cio Piratini<\/figcaption><\/figure>\n\n\n\n<p>Novos registros de hospitaliza\u00e7\u00f5es por S\u00edndrome Respirat\u00f3ria Aguda Grave (SRAG), que resultaram em diagn\u00f3stico confirmado de Covid-19, ca\u00edram 25% nas \u00faltimas semanas \u2013 de 1.016 para 793. Al\u00e9m disso, entre as duas \u00faltimas quintas-feiras, o n\u00famero de \u00f3bitos causados pela doen\u00e7a reduziu 19%, de 338 para 273.<\/p>\n\n\n\n<p>Os internados em UTI por SRAG caiu 9% (de 884 para 806) e o n\u00famero de internados em leitos de UTI com Covid-19 reduziu 5% (de 693 para 658). Esses decl\u00ednios, constatados entre as duas \u00faltimas quintas-feiras, resultaram na eleva\u00e7\u00e3o do n\u00famero de leitos de UTI adulto livres, que cresceu 11% entre as \u00faltimas quintas-feiras, de 614 para 684.<\/p>\n\n\n\n<p>At\u00e9 o momento, o cen\u00e1rio de um mapa totalmente alaranjado ainda n\u00e3o havia se apresentado no Estado. A \u00faltima vez que o RS registrou bandeira amarela (risco epidemiol\u00f3gico baixo) foi na oitava rodada (duas regi\u00f5es), entre os dias 30 de junho e 6 de julho. Desde ent\u00e3o, o mapa oscilava entre bandeiras vermelhas e laranja.<\/p>\n\n\n\n<p>Veja o mapa preliminar da 21\u00aa rodada:<a href=\"https:\/\/snw11.maxx.mobi\/link.php?M=623999&amp;N=2055&amp;L=535&amp;F=H\" target=\"_blank\" rel=\"noreferrer noopener\">&nbsp;https:\/\/distanciamentocontrolado.rs.gov.br.<\/a><\/p>\n\n\n\n<p>Em todo o Estado, se observou melhora em todos os indicadores, em especial nas novas hospitaliza\u00e7\u00f5es (-25%) e em \u00f3bitos (-19%). Com isso, ficaram mais leitos livres.<\/p>\n\n\n\n<p>Mesmo com o aumento dos pacientes internados por outros motivos, a queda do n\u00famero de internados por Covid-19 e a abertura de novos leitos se traduziu em eleva\u00e7\u00e3o na raz\u00e3o de leitos livres para cada ocupado por Covid-19.<\/p>\n\n\n\n<p>Na 20\u00aa rodada do Distanciamento Controlado, quatro regi\u00f5es (Novo Hamburgo, Cruz Alta, Santo \u00c2ngelo e Porto Alegre) estavam classificadas em vermelho. A melhora nos indicadores de capacidade de atendimento das macrorregi\u00f5es e do Estado fez com que a m\u00e9dia ponderada das quatro regi\u00f5es ca\u00edsse, sendo poss\u00edvel classific\u00e1-las em laranja.<\/p>\n\n\n\n<p><strong>Regra 0-0<\/strong><\/p>\n\n\n\n<p>Como todas regi\u00f5es est\u00e3o classificadas em bandeira laranja, n\u00e3o ser\u00e1 necess\u00e1rio, nesta rodada, aplicar a Regra 0-0, que permite que munic\u00edpios pertencentes a regi\u00f5es em bandeira vermelha e que n\u00e3o tenham registro de \u00f3bito ou de hospitaliza\u00e7\u00e3o de moradores nos \u00faltimos 14 dias possam adotar regras da bandeira laranja.<\/p>\n\n\n\n<p>No entanto, a t\u00edtulo de informa\u00e7\u00e3o, dos 497 munic\u00edpios (11.329.605 habitantes) em bandeira laranja, 248 (11,2%, 1.272.632 habitantes) n\u00e3o apresentaram hospitaliza\u00e7\u00f5es e \u00f3bitos nos \u00faltimos 14 dias.<\/p>\n\n\n\n<p><strong>Regi\u00f5es em cogest\u00e3o<\/strong><\/p>\n\n\n\n<p>Das 21 regi\u00f5es em bandeira laranja, apenas Uruguaiana, Bag\u00e9 e Gua\u00edba ainda n\u00e3o aderiram ao sistema de cogest\u00e3o do Distanciamento Controlado. As outras 18 j\u00e1 adotam protocolos alternativos \u00e0s bandeiras definidas pelo governo \u2013 Santa Maria, Cap\u00e3o da Canoa, Taquara, Novo Hamburgo, Canoas, Porto Alegre, Santo \u00c2ngelo, Cruz Alta, Iju\u00ed, Santa Rosa, Palmeira das Miss\u00f5es, Erechim, Passo Fundo, Pelotas, Caxias do Sul, Cachoeira do Sul, Santa Cruz do Sul e Lajeado.<\/p>\n\n\n\n<p>As regi\u00f5es em laranja podem adotar protocolos de bandeira amarela, basta que enviem protocolos pr\u00f3prios adaptados \u00e0 Secretaria de Articula\u00e7\u00e3o e Apoio aos Munic\u00edpios (Saam). At\u00e9 o momento, Santa Maria, Santa Cruz do Sul e Novo Hamburgo s\u00e3o as tr\u00eas regi\u00f5es em cogest\u00e3o com protocolos de vermelho para laranja e de laranja para amarelo.<\/p>\n\n\n\n<p>Paralelamente aos pedidos de cogest\u00e3o, o Estado aceitar\u00e1 pedidos de reconsidera\u00e7\u00e3o \u00e0 classifica\u00e7\u00e3o de risco, que pode ser feito via associa\u00e7\u00e3o regional ou pelo pr\u00f3prio munic\u00edpio, exclusivamente por meio de formul\u00e1rio eletr\u00f4nico (pelo link&nbsp;<a href=\"https:\/\/snw11.maxx.mobi\/link.php?M=623999&amp;N=2055&amp;L=1856&amp;F=H\" target=\"_blank\" rel=\"noreferrer noopener\">https:\/\/forms.gle\/BCEL7snSXYmkhXzAA<\/a>), no prazo m\u00e1ximo de 36 horas ap\u00f3s a divulga\u00e7\u00e3o do mapa preliminar \u2013 at\u00e9 as 6h de domingo (27\/9).<\/p>\n\n\n\n<p>A ado\u00e7\u00e3o de protocolos alternativos n\u00e3o altera as cores do mapa definitivo, que ser\u00e1 divulgado ap\u00f3s an\u00e1lise dos recursos pelo Gabinete de Crise, na tarde de segunda-feira (28\/9), por meio de not\u00edcia publicada no site do governo do Estado. A vig\u00eancia das bandeiras da 21\u00aa rodada come\u00e7a \u00e0 0h de ter\u00e7a-feira (29\/9) e se encerra \u00e0s 23h59 de segunda-feira (5\/10).<\/p>\n\n\n\n<p><strong>Alertas<\/strong><\/p>\n\n\n\n<p>A equipe que monitora o modelo atenta para o elevado crescimento de novos registros de hospitaliza\u00e7\u00f5es por Covid-19 nos \u00faltimos sete dias nas regi\u00f5es de Santa Maria e Bag\u00e9. Em Santa Maria, o aumento foi de 61,8% (de 34 para 55 casos), e em Bag\u00e9, de 50% (de oito para 12 casos).<\/p>\n\n\n\n<p><a href=\"https:\/\/snw11.maxx.mobi\/link.php?M=623999&amp;N=2055&amp;L=1855&amp;F=H\" target=\"_blank\" rel=\"noreferrer noopener\"><strong>\u2022 Clique aqui e acesse a nota t\u00e9cnica com as justificativas de classifica\u00e7\u00f5es das regi\u00f5es.<\/strong><\/a><\/p>\n\n\n\n<p><br><strong>RESUMO DA 21\u00aa RODADA<\/strong><\/p>\n\n\n\n<p><strong>Regi\u00f5es que apresentaram melhora (4):<\/strong><\/p>\n\n\n\n<p><strong>VERMELHA &gt; LARANJA<\/strong><br>&#8211; Cruz Alta (em cogest\u00e3o)<br>&#8211; Novo Hamburgo (em cogest\u00e3o)<br>&#8211; Porto Alegre (em cogest\u00e3o)<br>&#8211; Santo \u00c2ngelo (em cogest\u00e3o)<\/p>\n\n\n\n<p><strong>Regi\u00f5es que permanecem iguais (17)<\/strong><\/p>\n\n\n\n<p><strong>BANDEIRA LARANJA<\/strong><br>&#8211; Bag\u00e9<br>&#8211; Cachoeira do Sul (em cogest\u00e3o)<br>&#8211; Canoas (em cogest\u00e3o)<br>&#8211; Cap\u00e3o da Canoa (em cogest\u00e3o)<br>&#8211; Caxias do Sul (em cogest\u00e3o)<br>&#8211; Erechim (em cogest\u00e3o)<br>&#8211; Gua\u00edba<br>&#8211; Iju\u00ed (em cogest\u00e3o)<br>&#8211; Lajeado (em cogest\u00e3o)<br>&#8211; Palmeira das Miss\u00f5es (em cogest\u00e3o)<br>&#8211; Passo Fundo (em cogest\u00e3o)<br>&#8211; Pelotas (em cogest\u00e3o)<br>&#8211; Santa Cruz do Sul (em cogest\u00e3o)<br>&#8211; Santa Maria (em cogest\u00e3o)<br>&#8211; Santa Rosa (em cogest\u00e3o)<br>&#8211; Taquara (em cogest\u00e3o)<br>&#8211; Uruguaiana<\/p>\n\n\n\n<p><strong>Regi\u00f5es que apresentaram piora (0):<\/strong><\/p>\n\n\n\n<p><strong>LARANJA &gt; VERMELHA<\/strong><\/p>\n\n\n\n<p>&#8211; Nenhuma<\/p>\n\n\n\n<p><strong>DESTAQUES DA 21\u00aa RODADA<\/strong><\/p>\n\n\n\n<p>\u2022 n\u00famero de novos registros semanais de hospitaliza\u00e7\u00f5es confirmadas com Covid-19 reduziu 25% entre as duas \u00faltimas semanas (de 1.061 para 793);<\/p>\n\n\n\n<p>\u2022 n\u00famero de internados em UTI por S\u00edndrome Respirat\u00f3ria Aguda Grave (SRAG) reduziu 9% no Estado entre as duas \u00faltimas quintas-feiras (de 884 para 806);<\/p>\n\n\n\n<p>\u2022 n\u00famero de internados em leitos cl\u00ednicos com Covid-19 reduziu 12% entre as duas \u00faltimas quintas-feiras (de 778 para 688);<\/p>\n\n\n\n<p>\u2022 n\u00famero de internados em leitos de UTI com Covid-19 reduziu 5% entre as duas \u00faltimas quintas-feiras (de 693 para 658);<\/p>\n\n\n\n<p>\u2022 n\u00famero de leitos de UTI adulto livres para atender Covid-19 aumentou 11% entre as duas \u00faltimas quintas-feiras (de 614 para 684);<\/p>\n\n\n\n<p>\u2022 n\u00famero de casos ativos reduziu 9% entre as duas \u00faltimas semanas (de 10.793 para 9.805);<\/p>\n\n\n\n<p>\u2022 n\u00famero de \u00f3bitos por Covid-19 reduziu 19% entre as duas \u00faltimas quintas-feiras (de 338 para 273).<\/p>\n\n\n\n<p>As regi\u00f5es com maior n\u00famero de novos registros de hospitaliza\u00e7\u00f5es nos \u00faltimos sete dias, por local de resid\u00eancia do paciente, s\u00e3o Porto Alegre (222), Passo Fundo (72), Caxias do Sul (66), Novo Hamburgo (58), Santa Maria (55) e Canoas (54).<\/p>\n\n\n\n<p><strong>Comparativo entre 27 de agosto e 24 de setembro<\/strong><\/p>\n\n\n\n<p>\u2022 n\u00famero de novos registros semanais de hospitaliza\u00e7\u00f5es confirmadas com Covid-19 reduziu 25% no per\u00edodo (de 1.061 para 793);<\/p>\n\n\n\n<p>\u2022 n\u00famero de internados em UTI por SRAG reduziu 15% no Estado no per\u00edodo (de 944 para 806);<\/p>\n\n\n\n<p>\u2022 n\u00famero de internados em leitos cl\u00ednicos com Covid-19 reduziu 19% no per\u00edodo (de 850 para 688);<\/p>\n\n\n\n<p>\u2022 n\u00famero de internados em leitos de UTI com Covid-19 reduziu 8% no per\u00edodo (de 714 para 658);<\/p>\n\n\n\n<p>\u2022 n\u00famero de casos ativos aumentou 133% no per\u00edodo (de 7.382 para 9.805);<\/p>\n\n\n\n<p>\u2022 n\u00famero de leitos de UTI adulto livres para atender Covid-19 aumentou 15% no per\u00edodo (de 597 para 684);<\/p>\n\n\n\n<p>\u2022 n\u00famero de \u00f3bitos por Covid-19 acumulados em sete dias reduziu 17% no per\u00edodo (de 327 para 273).<\/p>\n\n\n\n<p><strong><a href=\"https:\/\/snw11.maxx.mobi\/link.php?M=623999&amp;N=2055&amp;L=1854&amp;F=H\" target=\"_blank\" rel=\"noreferrer noopener\">Clique aqui e acesse o levantamento completo da 21\u00aa rodada do Distanciamento Controlado<\/a><\/strong><\/p>\n","protected":false},"excerpt":{"rendered":"<p>O mais recente mapa do Distanciamento Controlado do m\u00eas de setembro, divulgado nesta sexta-feira (25\/9), revela uma situa\u00e7\u00e3o pela qual muitos ga\u00fachos esperavam: a melhora de indicadores. Todas as 21 regi\u00f5es Covid est\u00e3o classificadas, nesta 21\u00aa rodada, em bandeira laranja (risco epidemiol\u00f3gico m\u00e9dio). O mapa foi divulgado pelo governador Eduardo Leite em transmiss\u00e3o ao vivo [&hellip;]<\/p>\n","protected":false},"author":8,"featured_media":73937,"comment_status":"open","ping_status":"open","sticky":false,"template":"","format":"standard","meta":{"pmpro_default_level":"","_jetpack_memberships_contains_paid_content":false,"footnotes":""},"categories":[5756,2],"tags":[6161,5707,5947,1794],"class_list":{"0":"post-73935","1":"post","2":"type-post","3":"status-publish","4":"format-standard","5":"has-post-thumbnail","7":"category-coronavirus","8":"category-featured","9":"tag-bandeira-laranja","10":"tag-covid-19","11":"tag-distanciamento-controlado","12":"tag-rio-grande-do-sul","13":"pmpro-has-access"},"yoast_head":"<!-- This site is optimized with the Yoast SEO plugin v27.5 - https:\/\/yoast.com\/product\/yoast-seo-wordpress\/ -->\n<title>Mapa preliminar da 21\u00aa rodada do Distanciamento Controlado tem, pela primeira vez, todas as regi\u00f5es em laranja - Folha Popular<\/title>\n<meta name=\"robots\" content=\"index, follow, max-snippet:-1, max-image-preview:large, max-video-preview:-1\" \/>\n<link rel=\"canonical\" href=\"https:\/\/folhapopular.info\/index.php\/2020\/09\/26\/mapa-preliminar-da-21a-rodada-do-distanciamento-controlado-tem-pela-primeira-vez-todas-as-regioes-em-laranja\/\" \/>\n<meta property=\"og:locale\" content=\"pt_BR\" \/>\n<meta property=\"og:type\" content=\"article\" \/>\n<meta property=\"og:title\" content=\"Mapa preliminar da 21\u00aa rodada do Distanciamento Controlado tem, pela primeira vez, todas as regi\u00f5es em laranja - Folha Popular\" \/>\n<meta property=\"og:description\" content=\"O mais recente mapa do Distanciamento Controlado do m\u00eas de setembro, divulgado nesta sexta-feira (25\/9), revela uma situa\u00e7\u00e3o pela qual muitos ga\u00fachos esperavam: a melhora de indicadores. Todas as 21 regi\u00f5es Covid est\u00e3o classificadas, nesta 21\u00aa rodada, em bandeira laranja (risco epidemiol\u00f3gico m\u00e9dio). O mapa foi divulgado pelo governador Eduardo Leite em transmiss\u00e3o ao vivo [&hellip;]\" \/>\n<meta property=\"og:url\" content=\"https:\/\/folhapopular.info\/index.php\/2020\/09\/26\/mapa-preliminar-da-21a-rodada-do-distanciamento-controlado-tem-pela-primeira-vez-todas-as-regioes-em-laranja\/\" \/>\n<meta property=\"og:site_name\" content=\"Folha Popular\" \/>\n<meta property=\"article:published_time\" content=\"2020-09-26T12:50:09+00:00\" \/>\n<meta property=\"article:modified_time\" content=\"2020-09-26T12:50:12+00:00\" \/>\n<meta property=\"og:image\" content=\"https:\/\/folhapopular.info\/wp-content\/uploads\/2020\/09\/unnamed-5-1.jpg\" \/>\n\t<meta property=\"og:image:width\" content=\"800\" \/>\n\t<meta property=\"og:image:height\" content=\"450\" \/>\n\t<meta property=\"og:image:type\" content=\"image\/jpeg\" \/>\n<meta name=\"author\" content=\"Reda\u00e7\u00e3o Folha Popular\" \/>\n<meta name=\"twitter:card\" content=\"summary_large_image\" \/>\n<meta name=\"twitter:label1\" content=\"Escrito por\" \/>\n\t<meta name=\"twitter:data1\" content=\"Reda\u00e7\u00e3o Folha Popular\" \/>\n\t<meta name=\"twitter:label2\" content=\"Est. tempo de leitura\" \/>\n\t<meta name=\"twitter:data2\" content=\"7 minutos\" \/>\n<script type=\"application\/ld+json\" class=\"yoast-schema-graph\">{\"@context\":\"https:\\\/\\\/schema.org\",\"@graph\":[{\"@type\":\"Article\",\"@id\":\"https:\\\/\\\/folhapopular.info\\\/index.php\\\/2020\\\/09\\\/26\\\/mapa-preliminar-da-21a-rodada-do-distanciamento-controlado-tem-pela-primeira-vez-todas-as-regioes-em-laranja\\\/#article\",\"isPartOf\":{\"@id\":\"https:\\\/\\\/folhapopular.info\\\/index.php\\\/2020\\\/09\\\/26\\\/mapa-preliminar-da-21a-rodada-do-distanciamento-controlado-tem-pela-primeira-vez-todas-as-regioes-em-laranja\\\/\"},\"author\":{\"name\":\"Reda\u00e7\u00e3o Folha Popular\",\"@id\":\"https:\\\/\\\/folhapopular.info\\\/#\\\/schema\\\/person\\\/2814e8a0df7643585a9ca38bc6eb9d4b\"},\"headline\":\"Mapa preliminar da 21\u00aa rodada do Distanciamento Controlado tem, pela primeira vez, todas as regi\u00f5es em laranja\",\"datePublished\":\"2020-09-26T12:50:09+00:00\",\"dateModified\":\"2020-09-26T12:50:12+00:00\",\"mainEntityOfPage\":{\"@id\":\"https:\\\/\\\/folhapopular.info\\\/index.php\\\/2020\\\/09\\\/26\\\/mapa-preliminar-da-21a-rodada-do-distanciamento-controlado-tem-pela-primeira-vez-todas-as-regioes-em-laranja\\\/\"},\"wordCount\":1469,\"commentCount\":0,\"image\":{\"@id\":\"https:\\\/\\\/folhapopular.info\\\/index.php\\\/2020\\\/09\\\/26\\\/mapa-preliminar-da-21a-rodada-do-distanciamento-controlado-tem-pela-primeira-vez-todas-as-regioes-em-laranja\\\/#primaryimage\"},\"thumbnailUrl\":\"https:\\\/\\\/folhapopular.info\\\/wp-content\\\/uploads\\\/2020\\\/09\\\/unnamed-5-1.jpg\",\"keywords\":[\"Bandeira Laranja\",\"Covid-19\",\"Distanciamento Controlado\",\"Rio Grande do Sul\"],\"articleSection\":[\"Coronav\u00edrus\",\"Destaques\"],\"inLanguage\":\"pt-BR\",\"potentialAction\":[{\"@type\":\"CommentAction\",\"name\":\"Comment\",\"target\":[\"https:\\\/\\\/folhapopular.info\\\/index.php\\\/2020\\\/09\\\/26\\\/mapa-preliminar-da-21a-rodada-do-distanciamento-controlado-tem-pela-primeira-vez-todas-as-regioes-em-laranja\\\/#respond\"]}]},{\"@type\":\"WebPage\",\"@id\":\"https:\\\/\\\/folhapopular.info\\\/index.php\\\/2020\\\/09\\\/26\\\/mapa-preliminar-da-21a-rodada-do-distanciamento-controlado-tem-pela-primeira-vez-todas-as-regioes-em-laranja\\\/\",\"url\":\"https:\\\/\\\/folhapopular.info\\\/index.php\\\/2020\\\/09\\\/26\\\/mapa-preliminar-da-21a-rodada-do-distanciamento-controlado-tem-pela-primeira-vez-todas-as-regioes-em-laranja\\\/\",\"name\":\"Mapa preliminar da 21\u00aa rodada do Distanciamento Controlado tem, pela primeira vez, todas as regi\u00f5es em laranja - Folha Popular\",\"isPartOf\":{\"@id\":\"https:\\\/\\\/folhapopular.info\\\/#website\"},\"primaryImageOfPage\":{\"@id\":\"https:\\\/\\\/folhapopular.info\\\/index.php\\\/2020\\\/09\\\/26\\\/mapa-preliminar-da-21a-rodada-do-distanciamento-controlado-tem-pela-primeira-vez-todas-as-regioes-em-laranja\\\/#primaryimage\"},\"image\":{\"@id\":\"https:\\\/\\\/folhapopular.info\\\/index.php\\\/2020\\\/09\\\/26\\\/mapa-preliminar-da-21a-rodada-do-distanciamento-controlado-tem-pela-primeira-vez-todas-as-regioes-em-laranja\\\/#primaryimage\"},\"thumbnailUrl\":\"https:\\\/\\\/folhapopular.info\\\/wp-content\\\/uploads\\\/2020\\\/09\\\/unnamed-5-1.jpg\",\"datePublished\":\"2020-09-26T12:50:09+00:00\",\"dateModified\":\"2020-09-26T12:50:12+00:00\",\"author\":{\"@id\":\"https:\\\/\\\/folhapopular.info\\\/#\\\/schema\\\/person\\\/2814e8a0df7643585a9ca38bc6eb9d4b\"},\"breadcrumb\":{\"@id\":\"https:\\\/\\\/folhapopular.info\\\/index.php\\\/2020\\\/09\\\/26\\\/mapa-preliminar-da-21a-rodada-do-distanciamento-controlado-tem-pela-primeira-vez-todas-as-regioes-em-laranja\\\/#breadcrumb\"},\"inLanguage\":\"pt-BR\",\"potentialAction\":[{\"@type\":\"ReadAction\",\"target\":[\"https:\\\/\\\/folhapopular.info\\\/index.php\\\/2020\\\/09\\\/26\\\/mapa-preliminar-da-21a-rodada-do-distanciamento-controlado-tem-pela-primeira-vez-todas-as-regioes-em-laranja\\\/\"]}]},{\"@type\":\"ImageObject\",\"inLanguage\":\"pt-BR\",\"@id\":\"https:\\\/\\\/folhapopular.info\\\/index.php\\\/2020\\\/09\\\/26\\\/mapa-preliminar-da-21a-rodada-do-distanciamento-controlado-tem-pela-primeira-vez-todas-as-regioes-em-laranja\\\/#primaryimage\",\"url\":\"https:\\\/\\\/folhapopular.info\\\/wp-content\\\/uploads\\\/2020\\\/09\\\/unnamed-5-1.jpg\",\"contentUrl\":\"https:\\\/\\\/folhapopular.info\\\/wp-content\\\/uploads\\\/2020\\\/09\\\/unnamed-5-1.jpg\",\"width\":800,\"height\":450,\"caption\":\"Mapa preliminar da 21\u00aa rodada do Distanciamento Controlado tem, pela primeira vez, todas as regi\u00f5es em laranja \\\/ Divulga\u00e7\u00e3o\"},{\"@type\":\"BreadcrumbList\",\"@id\":\"https:\\\/\\\/folhapopular.info\\\/index.php\\\/2020\\\/09\\\/26\\\/mapa-preliminar-da-21a-rodada-do-distanciamento-controlado-tem-pela-primeira-vez-todas-as-regioes-em-laranja\\\/#breadcrumb\",\"itemListElement\":[{\"@type\":\"ListItem\",\"position\":1,\"name\":\"In\u00edcio\",\"item\":\"https:\\\/\\\/folhapopular.info\\\/\"},{\"@type\":\"ListItem\",\"position\":2,\"name\":\"Mapa preliminar da 21\u00aa rodada do Distanciamento Controlado tem, pela primeira vez, todas as regi\u00f5es em laranja\"}]},{\"@type\":\"WebSite\",\"@id\":\"https:\\\/\\\/folhapopular.info\\\/#website\",\"url\":\"https:\\\/\\\/folhapopular.info\\\/\",\"name\":\"Folha Popular\",\"description\":\"Onde voc\u00ea tem vez e voz\",\"potentialAction\":[{\"@type\":\"SearchAction\",\"target\":{\"@type\":\"EntryPoint\",\"urlTemplate\":\"https:\\\/\\\/folhapopular.info\\\/?s={search_term_string}\"},\"query-input\":{\"@type\":\"PropertyValueSpecification\",\"valueRequired\":true,\"valueName\":\"search_term_string\"}}],\"inLanguage\":\"pt-BR\"},{\"@type\":\"Person\",\"@id\":\"https:\\\/\\\/folhapopular.info\\\/#\\\/schema\\\/person\\\/2814e8a0df7643585a9ca38bc6eb9d4b\",\"name\":\"Reda\u00e7\u00e3o Folha Popular\",\"image\":{\"@type\":\"ImageObject\",\"inLanguage\":\"pt-BR\",\"@id\":\"https:\\\/\\\/folhapopular.info\\\/wp-content\\\/uploads\\\/2026\\\/04\\\/Folha-1.webp\",\"url\":\"https:\\\/\\\/folhapopular.info\\\/wp-content\\\/uploads\\\/2026\\\/04\\\/Folha-1.webp\",\"contentUrl\":\"https:\\\/\\\/folhapopular.info\\\/wp-content\\\/uploads\\\/2026\\\/04\\\/Folha-1.webp\",\"caption\":\"Reda\u00e7\u00e3o Folha Popular\"},\"url\":\"https:\\\/\\\/folhapopular.info\\\/index.php\\\/author\\\/redacao\\\/\"}]}<\/script>\n<!-- \/ Yoast SEO plugin. -->","yoast_head_json":{"title":"Mapa preliminar da 21\u00aa rodada do Distanciamento Controlado tem, pela primeira vez, todas as regi\u00f5es em laranja - Folha Popular","robots":{"index":"index","follow":"follow","max-snippet":"max-snippet:-1","max-image-preview":"max-image-preview:large","max-video-preview":"max-video-preview:-1"},"canonical":"https:\/\/folhapopular.info\/index.php\/2020\/09\/26\/mapa-preliminar-da-21a-rodada-do-distanciamento-controlado-tem-pela-primeira-vez-todas-as-regioes-em-laranja\/","og_locale":"pt_BR","og_type":"article","og_title":"Mapa preliminar da 21\u00aa rodada do Distanciamento Controlado tem, pela primeira vez, todas as regi\u00f5es em laranja - Folha Popular","og_description":"O mais recente mapa do Distanciamento Controlado do m\u00eas de setembro, divulgado nesta sexta-feira (25\/9), revela uma situa\u00e7\u00e3o pela qual muitos ga\u00fachos esperavam: a melhora de indicadores. Todas as 21 regi\u00f5es Covid est\u00e3o classificadas, nesta 21\u00aa rodada, em bandeira laranja (risco epidemiol\u00f3gico m\u00e9dio). O mapa foi divulgado pelo governador Eduardo Leite em transmiss\u00e3o ao vivo [&hellip;]","og_url":"https:\/\/folhapopular.info\/index.php\/2020\/09\/26\/mapa-preliminar-da-21a-rodada-do-distanciamento-controlado-tem-pela-primeira-vez-todas-as-regioes-em-laranja\/","og_site_name":"Folha Popular","article_published_time":"2020-09-26T12:50:09+00:00","article_modified_time":"2020-09-26T12:50:12+00:00","og_image":[{"width":800,"height":450,"url":"https:\/\/folhapopular.info\/wp-content\/uploads\/2020\/09\/unnamed-5-1.jpg","type":"image\/jpeg"}],"author":"Reda\u00e7\u00e3o Folha Popular","twitter_card":"summary_large_image","twitter_misc":{"Escrito por":"Reda\u00e7\u00e3o Folha Popular","Est. tempo de leitura":"7 minutos"},"schema":{"@context":"https:\/\/schema.org","@graph":[{"@type":"Article","@id":"https:\/\/folhapopular.info\/index.php\/2020\/09\/26\/mapa-preliminar-da-21a-rodada-do-distanciamento-controlado-tem-pela-primeira-vez-todas-as-regioes-em-laranja\/#article","isPartOf":{"@id":"https:\/\/folhapopular.info\/index.php\/2020\/09\/26\/mapa-preliminar-da-21a-rodada-do-distanciamento-controlado-tem-pela-primeira-vez-todas-as-regioes-em-laranja\/"},"author":{"name":"Reda\u00e7\u00e3o Folha Popular","@id":"https:\/\/folhapopular.info\/#\/schema\/person\/2814e8a0df7643585a9ca38bc6eb9d4b"},"headline":"Mapa preliminar da 21\u00aa rodada do Distanciamento Controlado tem, pela primeira vez, todas as regi\u00f5es em laranja","datePublished":"2020-09-26T12:50:09+00:00","dateModified":"2020-09-26T12:50:12+00:00","mainEntityOfPage":{"@id":"https:\/\/folhapopular.info\/index.php\/2020\/09\/26\/mapa-preliminar-da-21a-rodada-do-distanciamento-controlado-tem-pela-primeira-vez-todas-as-regioes-em-laranja\/"},"wordCount":1469,"commentCount":0,"image":{"@id":"https:\/\/folhapopular.info\/index.php\/2020\/09\/26\/mapa-preliminar-da-21a-rodada-do-distanciamento-controlado-tem-pela-primeira-vez-todas-as-regioes-em-laranja\/#primaryimage"},"thumbnailUrl":"https:\/\/folhapopular.info\/wp-content\/uploads\/2020\/09\/unnamed-5-1.jpg","keywords":["Bandeira Laranja","Covid-19","Distanciamento Controlado","Rio Grande do Sul"],"articleSection":["Coronav\u00edrus","Destaques"],"inLanguage":"pt-BR","potentialAction":[{"@type":"CommentAction","name":"Comment","target":["https:\/\/folhapopular.info\/index.php\/2020\/09\/26\/mapa-preliminar-da-21a-rodada-do-distanciamento-controlado-tem-pela-primeira-vez-todas-as-regioes-em-laranja\/#respond"]}]},{"@type":"WebPage","@id":"https:\/\/folhapopular.info\/index.php\/2020\/09\/26\/mapa-preliminar-da-21a-rodada-do-distanciamento-controlado-tem-pela-primeira-vez-todas-as-regioes-em-laranja\/","url":"https:\/\/folhapopular.info\/index.php\/2020\/09\/26\/mapa-preliminar-da-21a-rodada-do-distanciamento-controlado-tem-pela-primeira-vez-todas-as-regioes-em-laranja\/","name":"Mapa preliminar da 21\u00aa rodada do Distanciamento Controlado tem, pela primeira vez, todas as regi\u00f5es em laranja - Folha Popular","isPartOf":{"@id":"https:\/\/folhapopular.info\/#website"},"primaryImageOfPage":{"@id":"https:\/\/folhapopular.info\/index.php\/2020\/09\/26\/mapa-preliminar-da-21a-rodada-do-distanciamento-controlado-tem-pela-primeira-vez-todas-as-regioes-em-laranja\/#primaryimage"},"image":{"@id":"https:\/\/folhapopular.info\/index.php\/2020\/09\/26\/mapa-preliminar-da-21a-rodada-do-distanciamento-controlado-tem-pela-primeira-vez-todas-as-regioes-em-laranja\/#primaryimage"},"thumbnailUrl":"https:\/\/folhapopular.info\/wp-content\/uploads\/2020\/09\/unnamed-5-1.jpg","datePublished":"2020-09-26T12:50:09+00:00","dateModified":"2020-09-26T12:50:12+00:00","author":{"@id":"https:\/\/folhapopular.info\/#\/schema\/person\/2814e8a0df7643585a9ca38bc6eb9d4b"},"breadcrumb":{"@id":"https:\/\/folhapopular.info\/index.php\/2020\/09\/26\/mapa-preliminar-da-21a-rodada-do-distanciamento-controlado-tem-pela-primeira-vez-todas-as-regioes-em-laranja\/#breadcrumb"},"inLanguage":"pt-BR","potentialAction":[{"@type":"ReadAction","target":["https:\/\/folhapopular.info\/index.php\/2020\/09\/26\/mapa-preliminar-da-21a-rodada-do-distanciamento-controlado-tem-pela-primeira-vez-todas-as-regioes-em-laranja\/"]}]},{"@type":"ImageObject","inLanguage":"pt-BR","@id":"https:\/\/folhapopular.info\/index.php\/2020\/09\/26\/mapa-preliminar-da-21a-rodada-do-distanciamento-controlado-tem-pela-primeira-vez-todas-as-regioes-em-laranja\/#primaryimage","url":"https:\/\/folhapopular.info\/wp-content\/uploads\/2020\/09\/unnamed-5-1.jpg","contentUrl":"https:\/\/folhapopular.info\/wp-content\/uploads\/2020\/09\/unnamed-5-1.jpg","width":800,"height":450,"caption":"Mapa preliminar da 21\u00aa rodada do Distanciamento Controlado tem, pela primeira vez, todas as regi\u00f5es em laranja \/ Divulga\u00e7\u00e3o"},{"@type":"BreadcrumbList","@id":"https:\/\/folhapopular.info\/index.php\/2020\/09\/26\/mapa-preliminar-da-21a-rodada-do-distanciamento-controlado-tem-pela-primeira-vez-todas-as-regioes-em-laranja\/#breadcrumb","itemListElement":[{"@type":"ListItem","position":1,"name":"In\u00edcio","item":"https:\/\/folhapopular.info\/"},{"@type":"ListItem","position":2,"name":"Mapa preliminar da 21\u00aa rodada do Distanciamento Controlado tem, pela primeira vez, todas as regi\u00f5es em laranja"}]},{"@type":"WebSite","@id":"https:\/\/folhapopular.info\/#website","url":"https:\/\/folhapopular.info\/","name":"Folha Popular","description":"Onde voc\u00ea tem vez e voz","potentialAction":[{"@type":"SearchAction","target":{"@type":"EntryPoint","urlTemplate":"https:\/\/folhapopular.info\/?s={search_term_string}"},"query-input":{"@type":"PropertyValueSpecification","valueRequired":true,"valueName":"search_term_string"}}],"inLanguage":"pt-BR"},{"@type":"Person","@id":"https:\/\/folhapopular.info\/#\/schema\/person\/2814e8a0df7643585a9ca38bc6eb9d4b","name":"Reda\u00e7\u00e3o Folha Popular","image":{"@type":"ImageObject","inLanguage":"pt-BR","@id":"https:\/\/folhapopular.info\/wp-content\/uploads\/2026\/04\/Folha-1.webp","url":"https:\/\/folhapopular.info\/wp-content\/uploads\/2026\/04\/Folha-1.webp","contentUrl":"https:\/\/folhapopular.info\/wp-content\/uploads\/2026\/04\/Folha-1.webp","caption":"Reda\u00e7\u00e3o Folha Popular"},"url":"https:\/\/folhapopular.info\/index.php\/author\/redacao\/"}]}},"jetpack_featured_media_url":"https:\/\/folhapopular.info\/wp-content\/uploads\/2020\/09\/unnamed-5-1.jpg","jetpack_sharing_enabled":true,"amp_enabled":true,"_links":{"self":[{"href":"https:\/\/folhapopular.info\/index.php\/wp-json\/wp\/v2\/posts\/73935","targetHints":{"allow":["GET"]}}],"collection":[{"href":"https:\/\/folhapopular.info\/index.php\/wp-json\/wp\/v2\/posts"}],"about":[{"href":"https:\/\/folhapopular.info\/index.php\/wp-json\/wp\/v2\/types\/post"}],"author":[{"embeddable":true,"href":"https:\/\/folhapopular.info\/index.php\/wp-json\/wp\/v2\/users\/8"}],"replies":[{"embeddable":true,"href":"https:\/\/folhapopular.info\/index.php\/wp-json\/wp\/v2\/comments?post=73935"}],"version-history":[{"count":0,"href":"https:\/\/folhapopular.info\/index.php\/wp-json\/wp\/v2\/posts\/73935\/revisions"}],"wp:featuredmedia":[{"embeddable":true,"href":"https:\/\/folhapopular.info\/index.php\/wp-json\/wp\/v2\/media\/73937"}],"wp:attachment":[{"href":"https:\/\/folhapopular.info\/index.php\/wp-json\/wp\/v2\/media?parent=73935"}],"wp:term":[{"taxonomy":"category","embeddable":true,"href":"https:\/\/folhapopular.info\/index.php\/wp-json\/wp\/v2\/categories?post=73935"},{"taxonomy":"post_tag","embeddable":true,"href":"https:\/\/folhapopular.info\/index.php\/wp-json\/wp\/v2\/tags?post=73935"}],"curies":[{"name":"wp","href":"https:\/\/api.w.org\/{rel}","templated":true}]}}