{"id":73996,"date":"2020-09-29T07:53:51","date_gmt":"2020-09-29T10:53:51","guid":{"rendered":"https:\/\/folhapopular.info\/?p=73996"},"modified":"2020-09-29T07:53:53","modified_gmt":"2020-09-29T10:53:53","slug":"governo-do-estado-explica-o-porque-do-mapa-do-distanciamento-controlado-ficar-todo-laranja","status":"publish","type":"post","link":"https:\/\/folhapopular.info\/index.php\/2020\/09\/29\/governo-do-estado-explica-o-porque-do-mapa-do-distanciamento-controlado-ficar-todo-laranja\/","title":{"rendered":"Governo do Estado explica o porque do mapa do Distanciamento Controlado ficar todo laranja"},"content":{"rendered":"\n<p>Depois de 20 mapas e mais de tr\u00eas meses com regi\u00f5es com risco epidemiol\u00f3gico alto, o Rio Grande do Sul ficou, pela primeira vez, sem nenhuma bandeira vermelha. Na 21\u00aa rodada do modelo de Distanciamento Controlado, divulgada nesta segunda-feira (28\/9), todo o mapa definitivo aparece em laranja. A cor significa risco m\u00e9dio para coronav\u00edrus.&nbsp;<\/p>\n\n\n\n<p>&#8220;A pandemia n\u00e3o acabou. Vamos continuar monitorando e acompanhando. Assim como adotamos medidas mais restritivas quando o quadro ficou mais severo, agora indicamos medidas mais brandas com as tend\u00eancias atuais&#8221;, refor\u00e7ou o governador Eduardo Leite.<\/p>\n\n\n\n<p>O que fez com que o RS voltasse a ter um mapa sem a cor vermelha \u2013 o que ocorreu da 2\u00aa semana de Distanciamento Controlado, em 18 de maio, at\u00e9 a 5\u00aa semana, que se encerrou no dia 14 de junho \u2013 foram os indicadores levados em conta pelo modelo.<\/p>\n\n\n\n<p>Tanto os dados da propaga\u00e7\u00e3o da Covid-19 como os de capacidade de atendimento hospitalar v\u00eam apresentando melhora progressiva nas \u00faltimas semanas. Nesta 21\u00aa rodada, todos os 11 indicadores, na m\u00e9dia estadual, melhoraram. Veja na tabela abaixo:<\/p>\n\n\n\n<figure class=\"wp-block-image size-large\"><img loading=\"lazy\" decoding=\"async\" width=\"800\" height=\"301\" src=\"https:\/\/folhapopular.info\/wp-content\/uploads\/2020\/09\/unnamed-9-1.jpg\" alt=\"\" class=\"wp-image-73997\" srcset=\"https:\/\/folhapopular.info\/wp-content\/uploads\/2020\/09\/unnamed-9-1.jpg 800w, https:\/\/folhapopular.info\/wp-content\/uploads\/2020\/09\/unnamed-9-1-300x113.jpg 300w, https:\/\/folhapopular.info\/wp-content\/uploads\/2020\/09\/unnamed-9-1-768x289.jpg 768w, https:\/\/folhapopular.info\/wp-content\/uploads\/2020\/09\/unnamed-9-1-696x262.jpg 696w\" sizes=\"auto, (max-width: 800px) 100vw, 800px\" \/><\/figure>\n\n\n\n<p><strong>Entre os principais dados do RS est\u00e3o os seguintes:<br><\/strong><br>\u2022 O n\u00famero de novos registros semanais de hospitaliza\u00e7\u00f5es confirmadas com Covid reduziu 25% entre as duas \u00faltimas semanas (de 1.061 para 793);<br>\u2022 O n\u00famero de internados em UTI por S\u00edndrome Respirat\u00f3ria Aguda Grave (SRAG) reduziu 9% (de 884 para 806);<br>\u2022 O n\u00famero de internados em leitos cl\u00ednicos com Covid reduziu 12% (de 778 para 688) e em leitos de UTI com Covid reduziu 5% (de 693 para 658);<br>\u2022 O n\u00famero de leitos de UTI adulto livres para atender Covid aumentou 11% (de 614 para 684);<br>\u2022 O n\u00famero de casos ativos reduziu 9% (de 10.793 para 9.805);<br>\u2022 O n\u00famero de \u00f3bitos por Covid reduziu 19% (de 338 para 273).<\/p>\n\n\n\n<p>Nesta rodada do mapa, nenhuma associa\u00e7\u00e3o regional de munic\u00edpios apresentou&nbsp;ao Gabinete de Crise&nbsp;pedido de reconsidera\u00e7\u00e3o \u00e0 classifica\u00e7\u00e3o preliminar.&nbsp;Se de uma semana para a outra o RS apresentou melhoras expressivas, a compara\u00e7\u00e3o do momento mais cr\u00edtico at\u00e9 agora, registrado na 15\u00aa rodada, v\u00e1lida de 18 a 24 de agosto, torna o avan\u00e7o ainda mais evidente.<\/p>\n\n\n\n<p><strong>Veja alguns dos exemplos:<\/strong><\/p>\n\n\n\n<p><strong>\u2022 N\u00famero de novos registros semanais de hospitaliza\u00e7\u00f5es confirmadas com Covid:<\/strong><br>15\u00aa semana: 1.126<br>21\u00aa semana: 793<br>Redu\u00e7\u00e3o de: 29%<\/p>\n\n\n\n<p><strong>\u2022 N\u00famero de internados em leitos de UTI Covid no dia anterior \u00e0 divulga\u00e7\u00e3o do mapa:<\/strong><br>15\u00aa semana: 723<br>21\u00aa semana: 658<br>Redu\u00e7\u00e3o de: 9%<\/p>\n\n\n\n<p><strong>\u2022 N\u00famero de \u00f3bitos por Covid na semana:<\/strong><br>15\u00aa semana: 353<br>21\u00aa semana: 273<br>Redu\u00e7\u00e3o de: 23%<\/p>\n\n\n\n<p><strong>\u2022 Leitos livres de UTI para atender casos de Covid:<\/strong><br>15\u00aa semana: 567<br>21\u00aa semana: 684<br>Aumento de: 21%<\/p>\n\n\n\n<p><strong>\u2022 Total de leitos de UTI no RS:<\/strong><br>15\u00aa semana: 2.481<br>21\u00aa semana: 2.588<br>Aumento de: 4%<\/p>\n\n\n\n<p><strong>Dados externos<\/strong><\/p>\n\n\n\n<p>O c\u00e1lculo do Distanciamento Controlado \u00e9 feito pelo Comit\u00ea de Dados do Gabinete de Crise, formado por especialistas do governo e de mais 40 institui\u00e7\u00f5es, entre universidades, entidades de classe, organiza\u00e7\u00f5es da sociedade ou cidad\u00e3os com conhecimento e experi\u00eancia em estat\u00edstica, avalia\u00e7\u00e3o e an\u00e1lise de dados.<\/p>\n\n\n\n<p>Os n\u00fameros usados por essa equipe s\u00e3o enviados pelos 299 hospitais da rede p\u00fablica e da rede privada de todo o territ\u00f3rio ga\u00facho, que abastecem o sistema diariamente com dados sobre interna\u00e7\u00f5es, leitos livres e ocupados e casos confirmados e recuperados, entre outros. Essas informa\u00e7\u00f5es podem ser acessadas a qualquer momento no site&nbsp;<a href=\"https:\/\/snw11.maxx.mobi\/link.php?M=623999&amp;N=2068&amp;L=1873&amp;F=H\" target=\"_blank\" rel=\"noreferrer noopener\">https:\/\/ti.saude.rs.gov.br\/covid19.<\/a><\/p>\n\n\n\n<p>Segundo a coordenadora do Comit\u00ea de Dados, Leany Lemos, o modelo do Distanciamento Controlado foi dividido por regi\u00f5es e por atividades e atualizado semanalmente, para que as restri\u00e7\u00f5es pudessem ser feitas no local, na propor\u00e7\u00e3o e momento adequados conforme o resultado do c\u00e1lculo, com os pesos de cada indicador, resultando em quatro diferentes bandeiras: amarela para risco baixo, laranja para risco m\u00e9dio, vermelha para risco alto e preta para risco alt\u00edssimo, com protocolos sugeridos para cada n\u00edvel.<\/p>\n\n\n\n<p>\u201cQuando uma bandeira vermelha muda para laranja, \u00e9 porque houve uma melhora na m\u00e9dia desses indicadores de propor\u00e7\u00e3o da doen\u00e7a e da capacidade de atendimento de cada regi\u00e3o Covid, das macrorregi\u00f5es e tamb\u00e9m de todo o Estado, que tamb\u00e9m pesam na nota final de cada regi\u00e3o. Temos uma nota de corte para cada bandeira e, assim, se define a cor da semana\u201d, explicou Leany.<\/p>\n\n\n\n<p>A coordenadora lembrou que houve bandeira amarela nas semanas iniciais do modelo, antes do pico que j\u00e1 era projetado para o m\u00eas de julho, o que efetivamente aconteceu, mas que nestas 21 semanas, o RS n\u00e3o registrou nenhuma bandeira preta.<\/p>\n\n\n\n<p>\u201cQuer dizer que o modelo funciona, porque, quando houve bandeira vermelha, foram aplicadas as devidas restri\u00e7\u00f5es \u00e0s atividades econ\u00f4micas, reduzindo a circula\u00e7\u00e3o de pessoas, e logo, a circula\u00e7\u00e3o do v\u00edrus. Com isso, conseguimos controlar a situa\u00e7\u00e3o e retornar para uma bandeira laranja, momento em que se chegou nesta 21\u00aa rodada em todas as regi\u00f5es\u201d, acrescentou.<\/p>\n\n\n\n<p>Conforme&nbsp;Leany, os principais indicadores que t\u00eam ca\u00eddo s\u00e3o a ocupa\u00e7\u00e3o de leitos UTI e leitos cl\u00ednicos e o n\u00famero de \u00f3bitos por Covid. \u201cIsso \u00e9 muito objetivo. \u00c9 a realidade que os n\u00fameros nos mostram. E \u00e9 muito positivo, porque mostra que a popula\u00e7\u00e3o aderiu aos protocolos e \u00e0s recomenda\u00e7\u00f5es sanit\u00e1rios, o que vai preservar ainda mais vidas do que j\u00e1 preservamos\u201d, avaliou.<\/p>\n\n\n\n<p>Com 4.647 \u00f3bitos no acumulado, o Estado tem taxa de 40,67 mortes para cada grupo de 100 mil habitantes, o que representa a quarta melhor m\u00e9dia nacional. Se o RS reproduzisse aqui a m\u00e9dia nacional (67,45), mais de 7,5 mil ga\u00fachos teriam perdido a vida para a Covid-19.<\/p>\n\n\n\n<p>Uma das principais a\u00e7\u00f5es do governo que ajudaram a salvar vidas, juntamente com o Distanciamento Controlado, foi a amplia\u00e7\u00e3o de leitos. O RS aumentou em 102% o total de leitos UTI do SUS desde o in\u00edcio da pandemia, sem contar a rede privada, o que tem impacto no c\u00e1lculo das bandeiras nos indicadores de capacidade hospitalar e garantiu que nenhuma pessoa morresse por falta de atendimento no Estado.<\/p>\n\n\n\n<p><a href=\"https:\/\/snw11.maxx.mobi\/link.php?M=623999&amp;N=2068&amp;L=1868&amp;F=H\" target=\"_blank\" rel=\"noreferrer noopener\">\u2022 Clique aqui e acesse o levantamento completo da 21\u00aa rodada do Distanciamento Controlado ap\u00f3s as reconsidera\u00e7\u00f5es<\/a><\/p>\n","protected":false},"excerpt":{"rendered":"<p>Depois de 20 mapas e mais de tr\u00eas meses com regi\u00f5es com risco epidemiol\u00f3gico alto, o Rio Grande do Sul ficou, pela primeira vez, sem nenhuma bandeira vermelha. Na 21\u00aa rodada do modelo de Distanciamento Controlado, divulgada nesta segunda-feira (28\/9), todo o mapa definitivo aparece em laranja. A cor significa risco m\u00e9dio para coronav\u00edrus.&nbsp; &#8220;A [&hellip;]<\/p>\n","protected":false},"author":8,"featured_media":73998,"comment_status":"open","ping_status":"open","sticky":false,"template":"","format":"standard","meta":{"pmpro_default_level":"","_jetpack_memberships_contains_paid_content":false,"footnotes":""},"categories":[5756,2],"tags":[6161,5947,1794],"class_list":{"0":"post-73996","1":"post","2":"type-post","3":"status-publish","4":"format-standard","5":"has-post-thumbnail","7":"category-coronavirus","8":"category-featured","9":"tag-bandeira-laranja","10":"tag-distanciamento-controlado","11":"tag-rio-grande-do-sul","12":"pmpro-has-access"},"yoast_head":"<!-- This site is optimized with the Yoast SEO plugin v27.5 - https:\/\/yoast.com\/product\/yoast-seo-wordpress\/ -->\n<title>Governo do Estado explica o porque do mapa do Distanciamento Controlado ficar todo laranja - Folha Popular<\/title>\n<meta name=\"robots\" content=\"index, follow, max-snippet:-1, max-image-preview:large, max-video-preview:-1\" \/>\n<link rel=\"canonical\" href=\"https:\/\/folhapopular.info\/index.php\/2020\/09\/29\/governo-do-estado-explica-o-porque-do-mapa-do-distanciamento-controlado-ficar-todo-laranja\/\" \/>\n<meta property=\"og:locale\" content=\"pt_BR\" \/>\n<meta property=\"og:type\" content=\"article\" \/>\n<meta property=\"og:title\" content=\"Governo do Estado explica o porque do mapa do Distanciamento Controlado ficar todo laranja - Folha Popular\" \/>\n<meta property=\"og:description\" content=\"Depois de 20 mapas e mais de tr\u00eas meses com regi\u00f5es com risco epidemiol\u00f3gico alto, o Rio Grande do Sul ficou, pela primeira vez, sem nenhuma bandeira vermelha. Na 21\u00aa rodada do modelo de Distanciamento Controlado, divulgada nesta segunda-feira (28\/9), todo o mapa definitivo aparece em laranja. A cor significa risco m\u00e9dio para coronav\u00edrus.&nbsp; &#8220;A [&hellip;]\" \/>\n<meta property=\"og:url\" content=\"https:\/\/folhapopular.info\/index.php\/2020\/09\/29\/governo-do-estado-explica-o-porque-do-mapa-do-distanciamento-controlado-ficar-todo-laranja\/\" \/>\n<meta property=\"og:site_name\" content=\"Folha Popular\" \/>\n<meta property=\"article:published_time\" content=\"2020-09-29T10:53:51+00:00\" \/>\n<meta property=\"article:modified_time\" content=\"2020-09-29T10:53:53+00:00\" \/>\n<meta property=\"og:image\" content=\"https:\/\/folhapopular.info\/wp-content\/uploads\/2020\/09\/unnamed-8-1.jpg\" \/>\n\t<meta property=\"og:image:width\" content=\"800\" \/>\n\t<meta property=\"og:image:height\" content=\"450\" \/>\n\t<meta property=\"og:image:type\" content=\"image\/jpeg\" \/>\n<meta name=\"author\" content=\"Reda\u00e7\u00e3o Folha Popular\" \/>\n<meta name=\"twitter:card\" content=\"summary_large_image\" \/>\n<meta name=\"twitter:label1\" content=\"Escrito por\" \/>\n\t<meta name=\"twitter:data1\" content=\"Reda\u00e7\u00e3o Folha Popular\" \/>\n\t<meta name=\"twitter:label2\" content=\"Est. tempo de leitura\" \/>\n\t<meta name=\"twitter:data2\" content=\"5 minutos\" \/>\n<script type=\"application\/ld+json\" class=\"yoast-schema-graph\">{\"@context\":\"https:\\\/\\\/schema.org\",\"@graph\":[{\"@type\":\"Article\",\"@id\":\"https:\\\/\\\/folhapopular.info\\\/index.php\\\/2020\\\/09\\\/29\\\/governo-do-estado-explica-o-porque-do-mapa-do-distanciamento-controlado-ficar-todo-laranja\\\/#article\",\"isPartOf\":{\"@id\":\"https:\\\/\\\/folhapopular.info\\\/index.php\\\/2020\\\/09\\\/29\\\/governo-do-estado-explica-o-porque-do-mapa-do-distanciamento-controlado-ficar-todo-laranja\\\/\"},\"author\":{\"name\":\"Reda\u00e7\u00e3o Folha Popular\",\"@id\":\"https:\\\/\\\/folhapopular.info\\\/#\\\/schema\\\/person\\\/2814e8a0df7643585a9ca38bc6eb9d4b\"},\"headline\":\"Governo do Estado explica o porque do mapa do Distanciamento Controlado ficar todo laranja\",\"datePublished\":\"2020-09-29T10:53:51+00:00\",\"dateModified\":\"2020-09-29T10:53:53+00:00\",\"mainEntityOfPage\":{\"@id\":\"https:\\\/\\\/folhapopular.info\\\/index.php\\\/2020\\\/09\\\/29\\\/governo-do-estado-explica-o-porque-do-mapa-do-distanciamento-controlado-ficar-todo-laranja\\\/\"},\"wordCount\":1025,\"commentCount\":0,\"image\":{\"@id\":\"https:\\\/\\\/folhapopular.info\\\/index.php\\\/2020\\\/09\\\/29\\\/governo-do-estado-explica-o-porque-do-mapa-do-distanciamento-controlado-ficar-todo-laranja\\\/#primaryimage\"},\"thumbnailUrl\":\"https:\\\/\\\/folhapopular.info\\\/wp-content\\\/uploads\\\/2020\\\/09\\\/unnamed-8-1.jpg\",\"keywords\":[\"Bandeira Laranja\",\"Distanciamento Controlado\",\"Rio Grande do Sul\"],\"articleSection\":[\"Coronav\u00edrus\",\"Destaques\"],\"inLanguage\":\"pt-BR\",\"potentialAction\":[{\"@type\":\"CommentAction\",\"name\":\"Comment\",\"target\":[\"https:\\\/\\\/folhapopular.info\\\/index.php\\\/2020\\\/09\\\/29\\\/governo-do-estado-explica-o-porque-do-mapa-do-distanciamento-controlado-ficar-todo-laranja\\\/#respond\"]}]},{\"@type\":\"WebPage\",\"@id\":\"https:\\\/\\\/folhapopular.info\\\/index.php\\\/2020\\\/09\\\/29\\\/governo-do-estado-explica-o-porque-do-mapa-do-distanciamento-controlado-ficar-todo-laranja\\\/\",\"url\":\"https:\\\/\\\/folhapopular.info\\\/index.php\\\/2020\\\/09\\\/29\\\/governo-do-estado-explica-o-porque-do-mapa-do-distanciamento-controlado-ficar-todo-laranja\\\/\",\"name\":\"Governo do Estado explica o porque do mapa do Distanciamento Controlado ficar todo laranja - Folha Popular\",\"isPartOf\":{\"@id\":\"https:\\\/\\\/folhapopular.info\\\/#website\"},\"primaryImageOfPage\":{\"@id\":\"https:\\\/\\\/folhapopular.info\\\/index.php\\\/2020\\\/09\\\/29\\\/governo-do-estado-explica-o-porque-do-mapa-do-distanciamento-controlado-ficar-todo-laranja\\\/#primaryimage\"},\"image\":{\"@id\":\"https:\\\/\\\/folhapopular.info\\\/index.php\\\/2020\\\/09\\\/29\\\/governo-do-estado-explica-o-porque-do-mapa-do-distanciamento-controlado-ficar-todo-laranja\\\/#primaryimage\"},\"thumbnailUrl\":\"https:\\\/\\\/folhapopular.info\\\/wp-content\\\/uploads\\\/2020\\\/09\\\/unnamed-8-1.jpg\",\"datePublished\":\"2020-09-29T10:53:51+00:00\",\"dateModified\":\"2020-09-29T10:53:53+00:00\",\"author\":{\"@id\":\"https:\\\/\\\/folhapopular.info\\\/#\\\/schema\\\/person\\\/2814e8a0df7643585a9ca38bc6eb9d4b\"},\"breadcrumb\":{\"@id\":\"https:\\\/\\\/folhapopular.info\\\/index.php\\\/2020\\\/09\\\/29\\\/governo-do-estado-explica-o-porque-do-mapa-do-distanciamento-controlado-ficar-todo-laranja\\\/#breadcrumb\"},\"inLanguage\":\"pt-BR\",\"potentialAction\":[{\"@type\":\"ReadAction\",\"target\":[\"https:\\\/\\\/folhapopular.info\\\/index.php\\\/2020\\\/09\\\/29\\\/governo-do-estado-explica-o-porque-do-mapa-do-distanciamento-controlado-ficar-todo-laranja\\\/\"]}]},{\"@type\":\"ImageObject\",\"inLanguage\":\"pt-BR\",\"@id\":\"https:\\\/\\\/folhapopular.info\\\/index.php\\\/2020\\\/09\\\/29\\\/governo-do-estado-explica-o-porque-do-mapa-do-distanciamento-controlado-ficar-todo-laranja\\\/#primaryimage\",\"url\":\"https:\\\/\\\/folhapopular.info\\\/wp-content\\\/uploads\\\/2020\\\/09\\\/unnamed-8-1.jpg\",\"contentUrl\":\"https:\\\/\\\/folhapopular.info\\\/wp-content\\\/uploads\\\/2020\\\/09\\\/unnamed-8-1.jpg\",\"width\":800,\"height\":450,\"caption\":\"Compara\u00e7\u00e3o do momento mais cr\u00edtico, na 15\u00aa rodada, at\u00e9 agora, mostra avan\u00e7o nos indicadores do Distanciamento Controlado \\\/ Cr\u00e9dito da foto: reprodu\u00e7\u00e3o\"},{\"@type\":\"BreadcrumbList\",\"@id\":\"https:\\\/\\\/folhapopular.info\\\/index.php\\\/2020\\\/09\\\/29\\\/governo-do-estado-explica-o-porque-do-mapa-do-distanciamento-controlado-ficar-todo-laranja\\\/#breadcrumb\",\"itemListElement\":[{\"@type\":\"ListItem\",\"position\":1,\"name\":\"In\u00edcio\",\"item\":\"https:\\\/\\\/folhapopular.info\\\/\"},{\"@type\":\"ListItem\",\"position\":2,\"name\":\"Governo do Estado explica o porque do mapa do Distanciamento Controlado ficar todo laranja\"}]},{\"@type\":\"WebSite\",\"@id\":\"https:\\\/\\\/folhapopular.info\\\/#website\",\"url\":\"https:\\\/\\\/folhapopular.info\\\/\",\"name\":\"Folha Popular\",\"description\":\"Onde voc\u00ea tem vez e voz\",\"potentialAction\":[{\"@type\":\"SearchAction\",\"target\":{\"@type\":\"EntryPoint\",\"urlTemplate\":\"https:\\\/\\\/folhapopular.info\\\/?s={search_term_string}\"},\"query-input\":{\"@type\":\"PropertyValueSpecification\",\"valueRequired\":true,\"valueName\":\"search_term_string\"}}],\"inLanguage\":\"pt-BR\"},{\"@type\":\"Person\",\"@id\":\"https:\\\/\\\/folhapopular.info\\\/#\\\/schema\\\/person\\\/2814e8a0df7643585a9ca38bc6eb9d4b\",\"name\":\"Reda\u00e7\u00e3o Folha Popular\",\"image\":{\"@type\":\"ImageObject\",\"inLanguage\":\"pt-BR\",\"@id\":\"https:\\\/\\\/folhapopular.info\\\/wp-content\\\/uploads\\\/2026\\\/04\\\/Folha-1.webp\",\"url\":\"https:\\\/\\\/folhapopular.info\\\/wp-content\\\/uploads\\\/2026\\\/04\\\/Folha-1.webp\",\"contentUrl\":\"https:\\\/\\\/folhapopular.info\\\/wp-content\\\/uploads\\\/2026\\\/04\\\/Folha-1.webp\",\"caption\":\"Reda\u00e7\u00e3o Folha Popular\"},\"url\":\"https:\\\/\\\/folhapopular.info\\\/index.php\\\/author\\\/redacao\\\/\"}]}<\/script>\n<!-- \/ Yoast SEO plugin. -->","yoast_head_json":{"title":"Governo do Estado explica o porque do mapa do Distanciamento Controlado ficar todo laranja - Folha Popular","robots":{"index":"index","follow":"follow","max-snippet":"max-snippet:-1","max-image-preview":"max-image-preview:large","max-video-preview":"max-video-preview:-1"},"canonical":"https:\/\/folhapopular.info\/index.php\/2020\/09\/29\/governo-do-estado-explica-o-porque-do-mapa-do-distanciamento-controlado-ficar-todo-laranja\/","og_locale":"pt_BR","og_type":"article","og_title":"Governo do Estado explica o porque do mapa do Distanciamento Controlado ficar todo laranja - Folha Popular","og_description":"Depois de 20 mapas e mais de tr\u00eas meses com regi\u00f5es com risco epidemiol\u00f3gico alto, o Rio Grande do Sul ficou, pela primeira vez, sem nenhuma bandeira vermelha. Na 21\u00aa rodada do modelo de Distanciamento Controlado, divulgada nesta segunda-feira (28\/9), todo o mapa definitivo aparece em laranja. A cor significa risco m\u00e9dio para coronav\u00edrus.&nbsp; &#8220;A [&hellip;]","og_url":"https:\/\/folhapopular.info\/index.php\/2020\/09\/29\/governo-do-estado-explica-o-porque-do-mapa-do-distanciamento-controlado-ficar-todo-laranja\/","og_site_name":"Folha Popular","article_published_time":"2020-09-29T10:53:51+00:00","article_modified_time":"2020-09-29T10:53:53+00:00","og_image":[{"width":800,"height":450,"url":"https:\/\/folhapopular.info\/wp-content\/uploads\/2020\/09\/unnamed-8-1.jpg","type":"image\/jpeg"}],"author":"Reda\u00e7\u00e3o Folha Popular","twitter_card":"summary_large_image","twitter_misc":{"Escrito por":"Reda\u00e7\u00e3o Folha Popular","Est. tempo de leitura":"5 minutos"},"schema":{"@context":"https:\/\/schema.org","@graph":[{"@type":"Article","@id":"https:\/\/folhapopular.info\/index.php\/2020\/09\/29\/governo-do-estado-explica-o-porque-do-mapa-do-distanciamento-controlado-ficar-todo-laranja\/#article","isPartOf":{"@id":"https:\/\/folhapopular.info\/index.php\/2020\/09\/29\/governo-do-estado-explica-o-porque-do-mapa-do-distanciamento-controlado-ficar-todo-laranja\/"},"author":{"name":"Reda\u00e7\u00e3o Folha Popular","@id":"https:\/\/folhapopular.info\/#\/schema\/person\/2814e8a0df7643585a9ca38bc6eb9d4b"},"headline":"Governo do Estado explica o porque do mapa do Distanciamento Controlado ficar todo laranja","datePublished":"2020-09-29T10:53:51+00:00","dateModified":"2020-09-29T10:53:53+00:00","mainEntityOfPage":{"@id":"https:\/\/folhapopular.info\/index.php\/2020\/09\/29\/governo-do-estado-explica-o-porque-do-mapa-do-distanciamento-controlado-ficar-todo-laranja\/"},"wordCount":1025,"commentCount":0,"image":{"@id":"https:\/\/folhapopular.info\/index.php\/2020\/09\/29\/governo-do-estado-explica-o-porque-do-mapa-do-distanciamento-controlado-ficar-todo-laranja\/#primaryimage"},"thumbnailUrl":"https:\/\/folhapopular.info\/wp-content\/uploads\/2020\/09\/unnamed-8-1.jpg","keywords":["Bandeira Laranja","Distanciamento Controlado","Rio Grande do Sul"],"articleSection":["Coronav\u00edrus","Destaques"],"inLanguage":"pt-BR","potentialAction":[{"@type":"CommentAction","name":"Comment","target":["https:\/\/folhapopular.info\/index.php\/2020\/09\/29\/governo-do-estado-explica-o-porque-do-mapa-do-distanciamento-controlado-ficar-todo-laranja\/#respond"]}]},{"@type":"WebPage","@id":"https:\/\/folhapopular.info\/index.php\/2020\/09\/29\/governo-do-estado-explica-o-porque-do-mapa-do-distanciamento-controlado-ficar-todo-laranja\/","url":"https:\/\/folhapopular.info\/index.php\/2020\/09\/29\/governo-do-estado-explica-o-porque-do-mapa-do-distanciamento-controlado-ficar-todo-laranja\/","name":"Governo do Estado explica o porque do mapa do Distanciamento Controlado ficar todo laranja - Folha Popular","isPartOf":{"@id":"https:\/\/folhapopular.info\/#website"},"primaryImageOfPage":{"@id":"https:\/\/folhapopular.info\/index.php\/2020\/09\/29\/governo-do-estado-explica-o-porque-do-mapa-do-distanciamento-controlado-ficar-todo-laranja\/#primaryimage"},"image":{"@id":"https:\/\/folhapopular.info\/index.php\/2020\/09\/29\/governo-do-estado-explica-o-porque-do-mapa-do-distanciamento-controlado-ficar-todo-laranja\/#primaryimage"},"thumbnailUrl":"https:\/\/folhapopular.info\/wp-content\/uploads\/2020\/09\/unnamed-8-1.jpg","datePublished":"2020-09-29T10:53:51+00:00","dateModified":"2020-09-29T10:53:53+00:00","author":{"@id":"https:\/\/folhapopular.info\/#\/schema\/person\/2814e8a0df7643585a9ca38bc6eb9d4b"},"breadcrumb":{"@id":"https:\/\/folhapopular.info\/index.php\/2020\/09\/29\/governo-do-estado-explica-o-porque-do-mapa-do-distanciamento-controlado-ficar-todo-laranja\/#breadcrumb"},"inLanguage":"pt-BR","potentialAction":[{"@type":"ReadAction","target":["https:\/\/folhapopular.info\/index.php\/2020\/09\/29\/governo-do-estado-explica-o-porque-do-mapa-do-distanciamento-controlado-ficar-todo-laranja\/"]}]},{"@type":"ImageObject","inLanguage":"pt-BR","@id":"https:\/\/folhapopular.info\/index.php\/2020\/09\/29\/governo-do-estado-explica-o-porque-do-mapa-do-distanciamento-controlado-ficar-todo-laranja\/#primaryimage","url":"https:\/\/folhapopular.info\/wp-content\/uploads\/2020\/09\/unnamed-8-1.jpg","contentUrl":"https:\/\/folhapopular.info\/wp-content\/uploads\/2020\/09\/unnamed-8-1.jpg","width":800,"height":450,"caption":"Compara\u00e7\u00e3o do momento mais cr\u00edtico, na 15\u00aa rodada, at\u00e9 agora, mostra avan\u00e7o nos indicadores do Distanciamento Controlado \/ Cr\u00e9dito da foto: reprodu\u00e7\u00e3o"},{"@type":"BreadcrumbList","@id":"https:\/\/folhapopular.info\/index.php\/2020\/09\/29\/governo-do-estado-explica-o-porque-do-mapa-do-distanciamento-controlado-ficar-todo-laranja\/#breadcrumb","itemListElement":[{"@type":"ListItem","position":1,"name":"In\u00edcio","item":"https:\/\/folhapopular.info\/"},{"@type":"ListItem","position":2,"name":"Governo do Estado explica o porque do mapa do Distanciamento Controlado ficar todo laranja"}]},{"@type":"WebSite","@id":"https:\/\/folhapopular.info\/#website","url":"https:\/\/folhapopular.info\/","name":"Folha Popular","description":"Onde voc\u00ea tem vez e voz","potentialAction":[{"@type":"SearchAction","target":{"@type":"EntryPoint","urlTemplate":"https:\/\/folhapopular.info\/?s={search_term_string}"},"query-input":{"@type":"PropertyValueSpecification","valueRequired":true,"valueName":"search_term_string"}}],"inLanguage":"pt-BR"},{"@type":"Person","@id":"https:\/\/folhapopular.info\/#\/schema\/person\/2814e8a0df7643585a9ca38bc6eb9d4b","name":"Reda\u00e7\u00e3o Folha Popular","image":{"@type":"ImageObject","inLanguage":"pt-BR","@id":"https:\/\/folhapopular.info\/wp-content\/uploads\/2026\/04\/Folha-1.webp","url":"https:\/\/folhapopular.info\/wp-content\/uploads\/2026\/04\/Folha-1.webp","contentUrl":"https:\/\/folhapopular.info\/wp-content\/uploads\/2026\/04\/Folha-1.webp","caption":"Reda\u00e7\u00e3o Folha Popular"},"url":"https:\/\/folhapopular.info\/index.php\/author\/redacao\/"}]}},"jetpack_featured_media_url":"https:\/\/folhapopular.info\/wp-content\/uploads\/2020\/09\/unnamed-8-1.jpg","jetpack_sharing_enabled":true,"amp_enabled":true,"_links":{"self":[{"href":"https:\/\/folhapopular.info\/index.php\/wp-json\/wp\/v2\/posts\/73996","targetHints":{"allow":["GET"]}}],"collection":[{"href":"https:\/\/folhapopular.info\/index.php\/wp-json\/wp\/v2\/posts"}],"about":[{"href":"https:\/\/folhapopular.info\/index.php\/wp-json\/wp\/v2\/types\/post"}],"author":[{"embeddable":true,"href":"https:\/\/folhapopular.info\/index.php\/wp-json\/wp\/v2\/users\/8"}],"replies":[{"embeddable":true,"href":"https:\/\/folhapopular.info\/index.php\/wp-json\/wp\/v2\/comments?post=73996"}],"version-history":[{"count":0,"href":"https:\/\/folhapopular.info\/index.php\/wp-json\/wp\/v2\/posts\/73996\/revisions"}],"wp:featuredmedia":[{"embeddable":true,"href":"https:\/\/folhapopular.info\/index.php\/wp-json\/wp\/v2\/media\/73998"}],"wp:attachment":[{"href":"https:\/\/folhapopular.info\/index.php\/wp-json\/wp\/v2\/media?parent=73996"}],"wp:term":[{"taxonomy":"category","embeddable":true,"href":"https:\/\/folhapopular.info\/index.php\/wp-json\/wp\/v2\/categories?post=73996"},{"taxonomy":"post_tag","embeddable":true,"href":"https:\/\/folhapopular.info\/index.php\/wp-json\/wp\/v2\/tags?post=73996"}],"curies":[{"name":"wp","href":"https:\/\/api.w.org\/{rel}","templated":true}]}}