{"id":74028,"date":"2020-09-29T13:33:24","date_gmt":"2020-09-29T16:33:24","guid":{"rendered":"https:\/\/folhapopular.info\/?p=74028"},"modified":"2020-09-29T14:16:43","modified_gmt":"2020-09-29T17:16:43","slug":"capotamento-deixa-mulher-gravemente-ferida-em-paverama","status":"publish","type":"post","link":"https:\/\/folhapopular.info\/index.php\/2020\/09\/29\/capotamento-deixa-mulher-gravemente-ferida-em-paverama\/","title":{"rendered":"Capotamento deixa mulher gravemente ferida em Paverama"},"content":{"rendered":"\n<p>Uma mulher ficou gravemente ferida ap\u00f3s um capotamento em Paverama por volta das 10h da manh\u00e3 desta ter\u00e7a-feira (29\/09). Conforme a Pol\u00edcia Rodovi\u00e1ria Federal, um autom\u00f3vel Fiat Palio, com placa de Fazenda Vilanova, seguia no sentido capital\/interior quando saiu da pista e capotou no km 373 da BR-386. A condutora e \u00fanica ocupante, uma mulher de 27 anos, moradora de Fazenda Vilanova, sofreu les\u00f5es graves. Ela foi socorrida e encaminhada ao Hospital Estrela pela concession\u00e1ria CCR.<\/p>\n","protected":false},"excerpt":{"rendered":"<p>Uma mulher ficou gravemente ferida ap\u00f3s um capotamento em Paverama por volta das 10h da manh\u00e3 desta ter\u00e7a-feira (29\/09). Conforme a Pol\u00edcia Rodovi\u00e1ria Federal, um autom\u00f3vel Fiat Palio, com placa de Fazenda Vilanova, seguia no sentido capital\/interior quando saiu da pista e capotou no km 373 da BR-386. A condutora e \u00fanica ocupante, uma mulher [&hellip;]<\/p>\n","protected":false},"author":8,"featured_media":74029,"comment_status":"open","ping_status":"open","sticky":false,"template":"","format":"standard","meta":{"pmpro_default_level":"","_jetpack_memberships_contains_paid_content":false,"footnotes":""},"categories":[3,7],"tags":[204],"class_list":{"0":"post-74028","1":"post","2":"type-post","3":"status-publish","4":"format-standard","5":"has-post-thumbnail","7":"category-geral","8":"category-seguranca","9":"tag-capotamento","10":"pmpro-has-access"},"yoast_head":"<!-- This site is optimized with the Yoast SEO plugin v27.5 - https:\/\/yoast.com\/product\/yoast-seo-wordpress\/ -->\n<title>Capotamento deixa mulher gravemente ferida em Paverama - Folha Popular<\/title>\n<meta name=\"robots\" content=\"index, follow, max-snippet:-1, max-image-preview:large, max-video-preview:-1\" \/>\n<link rel=\"canonical\" href=\"https:\/\/folhapopular.info\/index.php\/2020\/09\/29\/capotamento-deixa-mulher-gravemente-ferida-em-paverama\/\" \/>\n<meta property=\"og:locale\" content=\"pt_BR\" \/>\n<meta property=\"og:type\" content=\"article\" \/>\n<meta property=\"og:title\" content=\"Capotamento deixa mulher gravemente ferida em Paverama - Folha Popular\" \/>\n<meta property=\"og:description\" content=\"Uma mulher ficou gravemente ferida ap\u00f3s um capotamento em Paverama por volta das 10h da manh\u00e3 desta ter\u00e7a-feira (29\/09). Conforme a Pol\u00edcia Rodovi\u00e1ria Federal, um autom\u00f3vel Fiat Palio, com placa de Fazenda Vilanova, seguia no sentido capital\/interior quando saiu da pista e capotou no km 373 da BR-386. A condutora e \u00fanica ocupante, uma mulher [&hellip;]\" \/>\n<meta property=\"og:url\" content=\"https:\/\/folhapopular.info\/index.php\/2020\/09\/29\/capotamento-deixa-mulher-gravemente-ferida-em-paverama\/\" \/>\n<meta property=\"og:site_name\" content=\"Folha Popular\" \/>\n<meta property=\"article:published_time\" content=\"2020-09-29T16:33:24+00:00\" \/>\n<meta property=\"article:modified_time\" content=\"2020-09-29T17:16:43+00:00\" \/>\n<meta property=\"og:image\" content=\"https:\/\/folhapopular.info\/wp-content\/uploads\/2020\/09\/WhatsApp-Image-2020-09-29-at-12.38.20-e1601397113894.jpeg\" \/>\n\t<meta property=\"og:image:width\" content=\"800\" \/>\n\t<meta property=\"og:image:height\" content=\"450\" \/>\n\t<meta property=\"og:image:type\" content=\"image\/jpeg\" \/>\n<meta name=\"author\" content=\"Reda\u00e7\u00e3o Folha Popular\" \/>\n<meta name=\"twitter:card\" content=\"summary_large_image\" \/>\n<meta name=\"twitter:label1\" content=\"Escrito por\" \/>\n\t<meta name=\"twitter:data1\" content=\"Reda\u00e7\u00e3o Folha Popular\" \/>\n<script type=\"application\/ld+json\" class=\"yoast-schema-graph\">{\"@context\":\"https:\\\/\\\/schema.org\",\"@graph\":[{\"@type\":\"Article\",\"@id\":\"https:\\\/\\\/folhapopular.info\\\/index.php\\\/2020\\\/09\\\/29\\\/capotamento-deixa-mulher-gravemente-ferida-em-paverama\\\/#article\",\"isPartOf\":{\"@id\":\"https:\\\/\\\/folhapopular.info\\\/index.php\\\/2020\\\/09\\\/29\\\/capotamento-deixa-mulher-gravemente-ferida-em-paverama\\\/\"},\"author\":{\"name\":\"Reda\u00e7\u00e3o Folha Popular\",\"@id\":\"https:\\\/\\\/folhapopular.info\\\/#\\\/schema\\\/person\\\/2814e8a0df7643585a9ca38bc6eb9d4b\"},\"headline\":\"Capotamento deixa mulher gravemente ferida em Paverama\",\"datePublished\":\"2020-09-29T16:33:24+00:00\",\"dateModified\":\"2020-09-29T17:16:43+00:00\",\"mainEntityOfPage\":{\"@id\":\"https:\\\/\\\/folhapopular.info\\\/index.php\\\/2020\\\/09\\\/29\\\/capotamento-deixa-mulher-gravemente-ferida-em-paverama\\\/\"},\"wordCount\":88,\"commentCount\":0,\"image\":{\"@id\":\"https:\\\/\\\/folhapopular.info\\\/index.php\\\/2020\\\/09\\\/29\\\/capotamento-deixa-mulher-gravemente-ferida-em-paverama\\\/#primaryimage\"},\"thumbnailUrl\":\"https:\\\/\\\/folhapopular.info\\\/wp-content\\\/uploads\\\/2020\\\/09\\\/WhatsApp-Image-2020-09-29-at-12.38.20-e1601397113894.jpeg\",\"keywords\":[\"Capotamento\"],\"articleSection\":[\"Geral\",\"Seguran\u00e7a\"],\"inLanguage\":\"pt-BR\",\"potentialAction\":[{\"@type\":\"CommentAction\",\"name\":\"Comment\",\"target\":[\"https:\\\/\\\/folhapopular.info\\\/index.php\\\/2020\\\/09\\\/29\\\/capotamento-deixa-mulher-gravemente-ferida-em-paverama\\\/#respond\"]}]},{\"@type\":\"WebPage\",\"@id\":\"https:\\\/\\\/folhapopular.info\\\/index.php\\\/2020\\\/09\\\/29\\\/capotamento-deixa-mulher-gravemente-ferida-em-paverama\\\/\",\"url\":\"https:\\\/\\\/folhapopular.info\\\/index.php\\\/2020\\\/09\\\/29\\\/capotamento-deixa-mulher-gravemente-ferida-em-paverama\\\/\",\"name\":\"Capotamento deixa mulher gravemente ferida em Paverama - Folha Popular\",\"isPartOf\":{\"@id\":\"https:\\\/\\\/folhapopular.info\\\/#website\"},\"primaryImageOfPage\":{\"@id\":\"https:\\\/\\\/folhapopular.info\\\/index.php\\\/2020\\\/09\\\/29\\\/capotamento-deixa-mulher-gravemente-ferida-em-paverama\\\/#primaryimage\"},\"image\":{\"@id\":\"https:\\\/\\\/folhapopular.info\\\/index.php\\\/2020\\\/09\\\/29\\\/capotamento-deixa-mulher-gravemente-ferida-em-paverama\\\/#primaryimage\"},\"thumbnailUrl\":\"https:\\\/\\\/folhapopular.info\\\/wp-content\\\/uploads\\\/2020\\\/09\\\/WhatsApp-Image-2020-09-29-at-12.38.20-e1601397113894.jpeg\",\"datePublished\":\"2020-09-29T16:33:24+00:00\",\"dateModified\":\"2020-09-29T17:16:43+00:00\",\"author\":{\"@id\":\"https:\\\/\\\/folhapopular.info\\\/#\\\/schema\\\/person\\\/2814e8a0df7643585a9ca38bc6eb9d4b\"},\"breadcrumb\":{\"@id\":\"https:\\\/\\\/folhapopular.info\\\/index.php\\\/2020\\\/09\\\/29\\\/capotamento-deixa-mulher-gravemente-ferida-em-paverama\\\/#breadcrumb\"},\"inLanguage\":\"pt-BR\",\"potentialAction\":[{\"@type\":\"ReadAction\",\"target\":[\"https:\\\/\\\/folhapopular.info\\\/index.php\\\/2020\\\/09\\\/29\\\/capotamento-deixa-mulher-gravemente-ferida-em-paverama\\\/\"]}]},{\"@type\":\"ImageObject\",\"inLanguage\":\"pt-BR\",\"@id\":\"https:\\\/\\\/folhapopular.info\\\/index.php\\\/2020\\\/09\\\/29\\\/capotamento-deixa-mulher-gravemente-ferida-em-paverama\\\/#primaryimage\",\"url\":\"https:\\\/\\\/folhapopular.info\\\/wp-content\\\/uploads\\\/2020\\\/09\\\/WhatsApp-Image-2020-09-29-at-12.38.20-e1601397113894.jpeg\",\"contentUrl\":\"https:\\\/\\\/folhapopular.info\\\/wp-content\\\/uploads\\\/2020\\\/09\\\/WhatsApp-Image-2020-09-29-at-12.38.20-e1601397113894.jpeg\",\"width\":800,\"height\":450,\"caption\":\"Cr\u00e9dito da foto: Divulga\u00e7\u00e3o PRF\"},{\"@type\":\"BreadcrumbList\",\"@id\":\"https:\\\/\\\/folhapopular.info\\\/index.php\\\/2020\\\/09\\\/29\\\/capotamento-deixa-mulher-gravemente-ferida-em-paverama\\\/#breadcrumb\",\"itemListElement\":[{\"@type\":\"ListItem\",\"position\":1,\"name\":\"In\u00edcio\",\"item\":\"https:\\\/\\\/folhapopular.info\\\/\"},{\"@type\":\"ListItem\",\"position\":2,\"name\":\"Capotamento deixa mulher gravemente ferida em Paverama\"}]},{\"@type\":\"WebSite\",\"@id\":\"https:\\\/\\\/folhapopular.info\\\/#website\",\"url\":\"https:\\\/\\\/folhapopular.info\\\/\",\"name\":\"Folha Popular\",\"description\":\"Onde voc\u00ea tem vez e voz\",\"potentialAction\":[{\"@type\":\"SearchAction\",\"target\":{\"@type\":\"EntryPoint\",\"urlTemplate\":\"https:\\\/\\\/folhapopular.info\\\/?s={search_term_string}\"},\"query-input\":{\"@type\":\"PropertyValueSpecification\",\"valueRequired\":true,\"valueName\":\"search_term_string\"}}],\"inLanguage\":\"pt-BR\"},{\"@type\":\"Person\",\"@id\":\"https:\\\/\\\/folhapopular.info\\\/#\\\/schema\\\/person\\\/2814e8a0df7643585a9ca38bc6eb9d4b\",\"name\":\"Reda\u00e7\u00e3o Folha Popular\",\"image\":{\"@type\":\"ImageObject\",\"inLanguage\":\"pt-BR\",\"@id\":\"https:\\\/\\\/folhapopular.info\\\/wp-content\\\/uploads\\\/2026\\\/04\\\/Folha-1.webp\",\"url\":\"https:\\\/\\\/folhapopular.info\\\/wp-content\\\/uploads\\\/2026\\\/04\\\/Folha-1.webp\",\"contentUrl\":\"https:\\\/\\\/folhapopular.info\\\/wp-content\\\/uploads\\\/2026\\\/04\\\/Folha-1.webp\",\"caption\":\"Reda\u00e7\u00e3o Folha Popular\"},\"url\":\"https:\\\/\\\/folhapopular.info\\\/index.php\\\/author\\\/redacao\\\/\"}]}<\/script>\n<!-- \/ Yoast SEO plugin. -->","yoast_head_json":{"title":"Capotamento deixa mulher gravemente ferida em Paverama - Folha Popular","robots":{"index":"index","follow":"follow","max-snippet":"max-snippet:-1","max-image-preview":"max-image-preview:large","max-video-preview":"max-video-preview:-1"},"canonical":"https:\/\/folhapopular.info\/index.php\/2020\/09\/29\/capotamento-deixa-mulher-gravemente-ferida-em-paverama\/","og_locale":"pt_BR","og_type":"article","og_title":"Capotamento deixa mulher gravemente ferida em Paverama - Folha Popular","og_description":"Uma mulher ficou gravemente ferida ap\u00f3s um capotamento em Paverama por volta das 10h da manh\u00e3 desta ter\u00e7a-feira (29\/09). Conforme a Pol\u00edcia Rodovi\u00e1ria Federal, um autom\u00f3vel Fiat Palio, com placa de Fazenda Vilanova, seguia no sentido capital\/interior quando saiu da pista e capotou no km 373 da BR-386. A condutora e \u00fanica ocupante, uma mulher [&hellip;]","og_url":"https:\/\/folhapopular.info\/index.php\/2020\/09\/29\/capotamento-deixa-mulher-gravemente-ferida-em-paverama\/","og_site_name":"Folha Popular","article_published_time":"2020-09-29T16:33:24+00:00","article_modified_time":"2020-09-29T17:16:43+00:00","og_image":[{"width":800,"height":450,"url":"https:\/\/folhapopular.info\/wp-content\/uploads\/2020\/09\/WhatsApp-Image-2020-09-29-at-12.38.20-e1601397113894.jpeg","type":"image\/jpeg"}],"author":"Reda\u00e7\u00e3o Folha Popular","twitter_card":"summary_large_image","twitter_misc":{"Escrito por":"Reda\u00e7\u00e3o Folha Popular"},"schema":{"@context":"https:\/\/schema.org","@graph":[{"@type":"Article","@id":"https:\/\/folhapopular.info\/index.php\/2020\/09\/29\/capotamento-deixa-mulher-gravemente-ferida-em-paverama\/#article","isPartOf":{"@id":"https:\/\/folhapopular.info\/index.php\/2020\/09\/29\/capotamento-deixa-mulher-gravemente-ferida-em-paverama\/"},"author":{"name":"Reda\u00e7\u00e3o Folha Popular","@id":"https:\/\/folhapopular.info\/#\/schema\/person\/2814e8a0df7643585a9ca38bc6eb9d4b"},"headline":"Capotamento deixa mulher gravemente ferida em Paverama","datePublished":"2020-09-29T16:33:24+00:00","dateModified":"2020-09-29T17:16:43+00:00","mainEntityOfPage":{"@id":"https:\/\/folhapopular.info\/index.php\/2020\/09\/29\/capotamento-deixa-mulher-gravemente-ferida-em-paverama\/"},"wordCount":88,"commentCount":0,"image":{"@id":"https:\/\/folhapopular.info\/index.php\/2020\/09\/29\/capotamento-deixa-mulher-gravemente-ferida-em-paverama\/#primaryimage"},"thumbnailUrl":"https:\/\/folhapopular.info\/wp-content\/uploads\/2020\/09\/WhatsApp-Image-2020-09-29-at-12.38.20-e1601397113894.jpeg","keywords":["Capotamento"],"articleSection":["Geral","Seguran\u00e7a"],"inLanguage":"pt-BR","potentialAction":[{"@type":"CommentAction","name":"Comment","target":["https:\/\/folhapopular.info\/index.php\/2020\/09\/29\/capotamento-deixa-mulher-gravemente-ferida-em-paverama\/#respond"]}]},{"@type":"WebPage","@id":"https:\/\/folhapopular.info\/index.php\/2020\/09\/29\/capotamento-deixa-mulher-gravemente-ferida-em-paverama\/","url":"https:\/\/folhapopular.info\/index.php\/2020\/09\/29\/capotamento-deixa-mulher-gravemente-ferida-em-paverama\/","name":"Capotamento deixa mulher gravemente ferida em Paverama - Folha Popular","isPartOf":{"@id":"https:\/\/folhapopular.info\/#website"},"primaryImageOfPage":{"@id":"https:\/\/folhapopular.info\/index.php\/2020\/09\/29\/capotamento-deixa-mulher-gravemente-ferida-em-paverama\/#primaryimage"},"image":{"@id":"https:\/\/folhapopular.info\/index.php\/2020\/09\/29\/capotamento-deixa-mulher-gravemente-ferida-em-paverama\/#primaryimage"},"thumbnailUrl":"https:\/\/folhapopular.info\/wp-content\/uploads\/2020\/09\/WhatsApp-Image-2020-09-29-at-12.38.20-e1601397113894.jpeg","datePublished":"2020-09-29T16:33:24+00:00","dateModified":"2020-09-29T17:16:43+00:00","author":{"@id":"https:\/\/folhapopular.info\/#\/schema\/person\/2814e8a0df7643585a9ca38bc6eb9d4b"},"breadcrumb":{"@id":"https:\/\/folhapopular.info\/index.php\/2020\/09\/29\/capotamento-deixa-mulher-gravemente-ferida-em-paverama\/#breadcrumb"},"inLanguage":"pt-BR","potentialAction":[{"@type":"ReadAction","target":["https:\/\/folhapopular.info\/index.php\/2020\/09\/29\/capotamento-deixa-mulher-gravemente-ferida-em-paverama\/"]}]},{"@type":"ImageObject","inLanguage":"pt-BR","@id":"https:\/\/folhapopular.info\/index.php\/2020\/09\/29\/capotamento-deixa-mulher-gravemente-ferida-em-paverama\/#primaryimage","url":"https:\/\/folhapopular.info\/wp-content\/uploads\/2020\/09\/WhatsApp-Image-2020-09-29-at-12.38.20-e1601397113894.jpeg","contentUrl":"https:\/\/folhapopular.info\/wp-content\/uploads\/2020\/09\/WhatsApp-Image-2020-09-29-at-12.38.20-e1601397113894.jpeg","width":800,"height":450,"caption":"Cr\u00e9dito da foto: Divulga\u00e7\u00e3o PRF"},{"@type":"BreadcrumbList","@id":"https:\/\/folhapopular.info\/index.php\/2020\/09\/29\/capotamento-deixa-mulher-gravemente-ferida-em-paverama\/#breadcrumb","itemListElement":[{"@type":"ListItem","position":1,"name":"In\u00edcio","item":"https:\/\/folhapopular.info\/"},{"@type":"ListItem","position":2,"name":"Capotamento deixa mulher gravemente ferida em Paverama"}]},{"@type":"WebSite","@id":"https:\/\/folhapopular.info\/#website","url":"https:\/\/folhapopular.info\/","name":"Folha Popular","description":"Onde voc\u00ea tem vez e voz","potentialAction":[{"@type":"SearchAction","target":{"@type":"EntryPoint","urlTemplate":"https:\/\/folhapopular.info\/?s={search_term_string}"},"query-input":{"@type":"PropertyValueSpecification","valueRequired":true,"valueName":"search_term_string"}}],"inLanguage":"pt-BR"},{"@type":"Person","@id":"https:\/\/folhapopular.info\/#\/schema\/person\/2814e8a0df7643585a9ca38bc6eb9d4b","name":"Reda\u00e7\u00e3o Folha Popular","image":{"@type":"ImageObject","inLanguage":"pt-BR","@id":"https:\/\/folhapopular.info\/wp-content\/uploads\/2026\/04\/Folha-1.webp","url":"https:\/\/folhapopular.info\/wp-content\/uploads\/2026\/04\/Folha-1.webp","contentUrl":"https:\/\/folhapopular.info\/wp-content\/uploads\/2026\/04\/Folha-1.webp","caption":"Reda\u00e7\u00e3o Folha Popular"},"url":"https:\/\/folhapopular.info\/index.php\/author\/redacao\/"}]}},"jetpack_featured_media_url":"https:\/\/folhapopular.info\/wp-content\/uploads\/2020\/09\/WhatsApp-Image-2020-09-29-at-12.38.20-e1601397113894.jpeg","jetpack_sharing_enabled":true,"amp_enabled":true,"_links":{"self":[{"href":"https:\/\/folhapopular.info\/index.php\/wp-json\/wp\/v2\/posts\/74028","targetHints":{"allow":["GET"]}}],"collection":[{"href":"https:\/\/folhapopular.info\/index.php\/wp-json\/wp\/v2\/posts"}],"about":[{"href":"https:\/\/folhapopular.info\/index.php\/wp-json\/wp\/v2\/types\/post"}],"author":[{"embeddable":true,"href":"https:\/\/folhapopular.info\/index.php\/wp-json\/wp\/v2\/users\/8"}],"replies":[{"embeddable":true,"href":"https:\/\/folhapopular.info\/index.php\/wp-json\/wp\/v2\/comments?post=74028"}],"version-history":[{"count":0,"href":"https:\/\/folhapopular.info\/index.php\/wp-json\/wp\/v2\/posts\/74028\/revisions"}],"wp:featuredmedia":[{"embeddable":true,"href":"https:\/\/folhapopular.info\/index.php\/wp-json\/wp\/v2\/media\/74029"}],"wp:attachment":[{"href":"https:\/\/folhapopular.info\/index.php\/wp-json\/wp\/v2\/media?parent=74028"}],"wp:term":[{"taxonomy":"category","embeddable":true,"href":"https:\/\/folhapopular.info\/index.php\/wp-json\/wp\/v2\/categories?post=74028"},{"taxonomy":"post_tag","embeddable":true,"href":"https:\/\/folhapopular.info\/index.php\/wp-json\/wp\/v2\/tags?post=74028"}],"curies":[{"name":"wp","href":"https:\/\/api.w.org\/{rel}","templated":true}]}}