{"id":74095,"date":"2020-10-01T17:34:46","date_gmt":"2020-10-01T20:34:46","guid":{"rendered":"https:\/\/folhapopular.info\/?p=74095"},"modified":"2020-10-01T17:34:49","modified_gmt":"2020-10-01T20:34:49","slug":"clarao-causado-por-queda-de-meteoro-no-rs-e-flagrado-por-cameras-em-teutonia","status":"publish","type":"post","link":"https:\/\/folhapopular.info\/index.php\/2020\/10\/01\/clarao-causado-por-queda-de-meteoro-no-rs-e-flagrado-por-cameras-em-teutonia\/","title":{"rendered":"Clar\u00e3o causado por queda de meteoro no RS \u00e9 flagrado por c\u00e2meras em Teut\u00f4nia"},"content":{"rendered":"\n<p>A queda de um meteoro de grande magnitude foi registrada no Rio Grande do Sul na madrugada desta quinta-feira (01\/10), iluminando a noite no estado e em parte de Santa Catarina. C\u00e2meras localizadas nos Bairros Languiru e no Morro das Antenas (Linha Harmonia), em Teut\u00f4nia, flagraram o momento do clar\u00e3o causado pela passagem. As imagens foram cedidas por Frederico Wessel. De acordo com o Observat\u00f3rio Espacial Heller &amp; Jung, localizado em Taquara, foi o maior meteoro j\u00e1 registrado no Estado desde que o observat\u00f3rio come\u00e7ou a atuar em 2016.<\/p>\n\n\n\n<p>A explos\u00e3o do meteoro ocorreu por volta da 1:09 da madrugada sobre a regi\u00e3o de Caxias do Sul, na Serra. O meteoro entrou na atmosfera a uma altitude de 100 quil\u00f4metros, com queda de aproximadamente 114 quil\u00f4metros de Taquara, sem tocar o solo. Sua luminosidade foi superior \u00e0 da Lua. O tamanho do meteoro ainda deve ser analisado, assim como a sua velocidade.<\/p>\n\n\n\n<p>De acordo com dados da Heller &amp; Jung, cujo sistema cobre todo o Rio Grande do Sul, Uruguai, parte da Argentina, parte do Paraguai, Santa Catarina, Paran\u00e1 e in\u00edcio de S\u00e3o Paulo, \u00e9 a primeira vez que se registra um fen\u00f4meno de tamanha magnitude. Em fun\u00e7\u00e3o da onda de choque que ele produz, h\u00e1 sensa\u00e7\u00e3o de explos\u00e3o. Quando ocorre isso, o meteoro possivelmente deixou resqu\u00edcios, produzindo meteoritos no solo.<\/p>\n\n\n\n<p>As quedas de meteoros s\u00e3o fen\u00f4menos comuns que ocorrem diariamente de janeiro at\u00e9 o in\u00edcio de outubro. A Heller &amp; Jung j\u00e1 registrou mais de 11 mil meteoros de baixa magnitude na \u00e1rea de cobertura do observat\u00f3rio. \u00c9 natural que, com a queda, pessoas que avistaram o fen\u00f4meno tenham a sensa\u00e7\u00e3o de explos\u00e3o ou de tremores. Por\u00e9m, n\u00e3o houve relatos de danos at\u00e9 o momento.<\/p>\n\n\n\n<p>Segundo a Metsul Meteorologia, especialistas descrevem que se trata de um superb\u00f3lido devido a sua grande luminosidade, que fez a noite se iluminar como se fosse dia por poucos segundos. O b\u00f3lido, conforme astr\u00f4nomos, provoca uma claridade muito maior do que um meteoro do tipo fireball, al\u00e9m de vibra\u00e7\u00f5es. H\u00e1 casos em que chegam a gerar estampidos s\u00f4nicos com vibra\u00e7\u00f5es a ponto de as pessoas sentirem a terra tremer. A queda de um b\u00f3lido dificilmente traz risco. Em regra, cai fragmentado e danos s\u00e3o rar\u00edssimos.<\/p>\n\n\n\n<p>Confira abaixo os v\u00eddeos do momento do clar\u00e3o: <\/p>\n\n\n\n<figure class=\"wp-block-video\"><video height=\"1440\" style=\"aspect-ratio: 2560 \/ 1440;\" width=\"2560\" controls src=\"https:\/\/folhapopular.info\/wp-content\/uploads\/2020\/10\/Bairro-Languiru_20201001010906_20201001010929_95270000N4CU77S4.mp4\"><\/video><figcaption>Bairro Languiru \/ Cr\u00e9dito: Frederico Wessel \/ Divulga\u00e7\u00e3o<\/figcaption><\/figure>\n\n\n\n<figure class=\"wp-block-video\"><video height=\"1440\" style=\"aspect-ratio: 2560 \/ 1440;\" width=\"2560\" controls src=\"https:\/\/folhapopular.info\/wp-content\/uploads\/2020\/10\/Morro-das-Antenas_20201001010906_20201001010930_95270000KSN08SGM.mp4\"><\/video><figcaption>Morro das Antenas (Linha Harmonia) \/ Cr\u00e9dito: Frederico Wessel \/ Divulga\u00e7\u00e3o<\/figcaption><\/figure>\n\n\n\n<p><\/p>\n","protected":false},"excerpt":{"rendered":"<p>A queda de um meteoro de grande magnitude foi registrada no Rio Grande do Sul na madrugada desta quinta-feira (01\/10), iluminando a noite no estado e em parte de Santa Catarina. C\u00e2meras localizadas nos Bairros Languiru e no Morro das Antenas (Linha Harmonia), em Teut\u00f4nia, flagraram o momento do clar\u00e3o causado pela passagem. As imagens [&hellip;]<\/p>\n","protected":false},"author":8,"featured_media":74102,"comment_status":"open","ping_status":"open","sticky":false,"template":"","format":"standard","meta":{"pmpro_default_level":"","_jetpack_memberships_contains_paid_content":false,"footnotes":""},"categories":[2,3],"tags":[6173,1794],"class_list":{"0":"post-74095","1":"post","2":"type-post","3":"status-publish","4":"format-standard","5":"has-post-thumbnail","7":"category-featured","8":"category-geral","9":"tag-meteoro","10":"tag-rio-grande-do-sul","11":"pmpro-has-access"},"yoast_head":"<!-- This site is optimized with the Yoast SEO plugin v27.5 - https:\/\/yoast.com\/product\/yoast-seo-wordpress\/ -->\n<title>Clar\u00e3o causado por queda de meteoro no RS \u00e9 flagrado por c\u00e2meras em Teut\u00f4nia - Folha Popular<\/title>\n<meta name=\"robots\" content=\"index, follow, max-snippet:-1, max-image-preview:large, max-video-preview:-1\" \/>\n<link rel=\"canonical\" href=\"https:\/\/folhapopular.info\/index.php\/2020\/10\/01\/clarao-causado-por-queda-de-meteoro-no-rs-e-flagrado-por-cameras-em-teutonia\/\" \/>\n<meta property=\"og:locale\" content=\"pt_BR\" \/>\n<meta property=\"og:type\" content=\"article\" \/>\n<meta property=\"og:title\" content=\"Clar\u00e3o causado por queda de meteoro no RS \u00e9 flagrado por c\u00e2meras em Teut\u00f4nia - Folha Popular\" \/>\n<meta property=\"og:description\" content=\"A queda de um meteoro de grande magnitude foi registrada no Rio Grande do Sul na madrugada desta quinta-feira (01\/10), iluminando a noite no estado e em parte de Santa Catarina. C\u00e2meras localizadas nos Bairros Languiru e no Morro das Antenas (Linha Harmonia), em Teut\u00f4nia, flagraram o momento do clar\u00e3o causado pela passagem. As imagens [&hellip;]\" \/>\n<meta property=\"og:url\" content=\"https:\/\/folhapopular.info\/index.php\/2020\/10\/01\/clarao-causado-por-queda-de-meteoro-no-rs-e-flagrado-por-cameras-em-teutonia\/\" \/>\n<meta property=\"og:site_name\" content=\"Folha Popular\" \/>\n<meta property=\"article:published_time\" content=\"2020-10-01T20:34:46+00:00\" \/>\n<meta property=\"article:modified_time\" content=\"2020-10-01T20:34:49+00:00\" \/>\n<meta property=\"og:image\" content=\"https:\/\/folhapopular.info\/wp-content\/uploads\/2020\/10\/Sem-titulo-e1601584372620.png\" \/>\n\t<meta property=\"og:image:width\" content=\"800\" \/>\n\t<meta property=\"og:image:height\" content=\"378\" \/>\n\t<meta property=\"og:image:type\" content=\"image\/png\" \/>\n<meta name=\"author\" content=\"Reda\u00e7\u00e3o Folha Popular\" \/>\n<meta name=\"twitter:card\" content=\"summary_large_image\" \/>\n<meta name=\"twitter:label1\" content=\"Escrito por\" \/>\n\t<meta name=\"twitter:data1\" content=\"Reda\u00e7\u00e3o Folha Popular\" \/>\n\t<meta name=\"twitter:label2\" content=\"Est. tempo de leitura\" \/>\n\t<meta name=\"twitter:data2\" content=\"2 minutos\" \/>\n<script type=\"application\/ld+json\" class=\"yoast-schema-graph\">{\"@context\":\"https:\\\/\\\/schema.org\",\"@graph\":[{\"@type\":\"Article\",\"@id\":\"https:\\\/\\\/folhapopular.info\\\/index.php\\\/2020\\\/10\\\/01\\\/clarao-causado-por-queda-de-meteoro-no-rs-e-flagrado-por-cameras-em-teutonia\\\/#article\",\"isPartOf\":{\"@id\":\"https:\\\/\\\/folhapopular.info\\\/index.php\\\/2020\\\/10\\\/01\\\/clarao-causado-por-queda-de-meteoro-no-rs-e-flagrado-por-cameras-em-teutonia\\\/\"},\"author\":{\"name\":\"Reda\u00e7\u00e3o Folha Popular\",\"@id\":\"https:\\\/\\\/folhapopular.info\\\/#\\\/schema\\\/person\\\/2814e8a0df7643585a9ca38bc6eb9d4b\"},\"headline\":\"Clar\u00e3o causado por queda de meteoro no RS \u00e9 flagrado por c\u00e2meras em Teut\u00f4nia\",\"datePublished\":\"2020-10-01T20:34:46+00:00\",\"dateModified\":\"2020-10-01T20:34:49+00:00\",\"mainEntityOfPage\":{\"@id\":\"https:\\\/\\\/folhapopular.info\\\/index.php\\\/2020\\\/10\\\/01\\\/clarao-causado-por-queda-de-meteoro-no-rs-e-flagrado-por-cameras-em-teutonia\\\/\"},\"wordCount\":443,\"commentCount\":0,\"image\":{\"@id\":\"https:\\\/\\\/folhapopular.info\\\/index.php\\\/2020\\\/10\\\/01\\\/clarao-causado-por-queda-de-meteoro-no-rs-e-flagrado-por-cameras-em-teutonia\\\/#primaryimage\"},\"thumbnailUrl\":\"https:\\\/\\\/folhapopular.info\\\/wp-content\\\/uploads\\\/2020\\\/10\\\/Sem-titulo-e1601584372620.png\",\"keywords\":[\"Meteoro\",\"Rio Grande do Sul\"],\"articleSection\":[\"Destaques\",\"Geral\"],\"inLanguage\":\"pt-BR\",\"potentialAction\":[{\"@type\":\"CommentAction\",\"name\":\"Comment\",\"target\":[\"https:\\\/\\\/folhapopular.info\\\/index.php\\\/2020\\\/10\\\/01\\\/clarao-causado-por-queda-de-meteoro-no-rs-e-flagrado-por-cameras-em-teutonia\\\/#respond\"]}]},{\"@type\":\"WebPage\",\"@id\":\"https:\\\/\\\/folhapopular.info\\\/index.php\\\/2020\\\/10\\\/01\\\/clarao-causado-por-queda-de-meteoro-no-rs-e-flagrado-por-cameras-em-teutonia\\\/\",\"url\":\"https:\\\/\\\/folhapopular.info\\\/index.php\\\/2020\\\/10\\\/01\\\/clarao-causado-por-queda-de-meteoro-no-rs-e-flagrado-por-cameras-em-teutonia\\\/\",\"name\":\"Clar\u00e3o causado por queda de meteoro no RS \u00e9 flagrado por c\u00e2meras em Teut\u00f4nia - Folha Popular\",\"isPartOf\":{\"@id\":\"https:\\\/\\\/folhapopular.info\\\/#website\"},\"primaryImageOfPage\":{\"@id\":\"https:\\\/\\\/folhapopular.info\\\/index.php\\\/2020\\\/10\\\/01\\\/clarao-causado-por-queda-de-meteoro-no-rs-e-flagrado-por-cameras-em-teutonia\\\/#primaryimage\"},\"image\":{\"@id\":\"https:\\\/\\\/folhapopular.info\\\/index.php\\\/2020\\\/10\\\/01\\\/clarao-causado-por-queda-de-meteoro-no-rs-e-flagrado-por-cameras-em-teutonia\\\/#primaryimage\"},\"thumbnailUrl\":\"https:\\\/\\\/folhapopular.info\\\/wp-content\\\/uploads\\\/2020\\\/10\\\/Sem-titulo-e1601584372620.png\",\"datePublished\":\"2020-10-01T20:34:46+00:00\",\"dateModified\":\"2020-10-01T20:34:49+00:00\",\"author\":{\"@id\":\"https:\\\/\\\/folhapopular.info\\\/#\\\/schema\\\/person\\\/2814e8a0df7643585a9ca38bc6eb9d4b\"},\"breadcrumb\":{\"@id\":\"https:\\\/\\\/folhapopular.info\\\/index.php\\\/2020\\\/10\\\/01\\\/clarao-causado-por-queda-de-meteoro-no-rs-e-flagrado-por-cameras-em-teutonia\\\/#breadcrumb\"},\"inLanguage\":\"pt-BR\",\"potentialAction\":[{\"@type\":\"ReadAction\",\"target\":[\"https:\\\/\\\/folhapopular.info\\\/index.php\\\/2020\\\/10\\\/01\\\/clarao-causado-por-queda-de-meteoro-no-rs-e-flagrado-por-cameras-em-teutonia\\\/\"]}]},{\"@type\":\"ImageObject\",\"inLanguage\":\"pt-BR\",\"@id\":\"https:\\\/\\\/folhapopular.info\\\/index.php\\\/2020\\\/10\\\/01\\\/clarao-causado-por-queda-de-meteoro-no-rs-e-flagrado-por-cameras-em-teutonia\\\/#primaryimage\",\"url\":\"https:\\\/\\\/folhapopular.info\\\/wp-content\\\/uploads\\\/2020\\\/10\\\/Sem-titulo-e1601584372620.png\",\"contentUrl\":\"https:\\\/\\\/folhapopular.info\\\/wp-content\\\/uploads\\\/2020\\\/10\\\/Sem-titulo-e1601584372620.png\",\"width\":800,\"height\":378,\"caption\":\"Momento em que ocorre o clar\u00e3o no Bairro Languiru \\\/ Cr\u00e9dito da foto: Frederico Wessel \\\/ Divulga\u00e7\u00e3o\"},{\"@type\":\"BreadcrumbList\",\"@id\":\"https:\\\/\\\/folhapopular.info\\\/index.php\\\/2020\\\/10\\\/01\\\/clarao-causado-por-queda-de-meteoro-no-rs-e-flagrado-por-cameras-em-teutonia\\\/#breadcrumb\",\"itemListElement\":[{\"@type\":\"ListItem\",\"position\":1,\"name\":\"In\u00edcio\",\"item\":\"https:\\\/\\\/folhapopular.info\\\/\"},{\"@type\":\"ListItem\",\"position\":2,\"name\":\"Clar\u00e3o causado por queda de meteoro no RS \u00e9 flagrado por c\u00e2meras em Teut\u00f4nia\"}]},{\"@type\":\"WebSite\",\"@id\":\"https:\\\/\\\/folhapopular.info\\\/#website\",\"url\":\"https:\\\/\\\/folhapopular.info\\\/\",\"name\":\"Folha Popular\",\"description\":\"Onde voc\u00ea tem vez e voz\",\"potentialAction\":[{\"@type\":\"SearchAction\",\"target\":{\"@type\":\"EntryPoint\",\"urlTemplate\":\"https:\\\/\\\/folhapopular.info\\\/?s={search_term_string}\"},\"query-input\":{\"@type\":\"PropertyValueSpecification\",\"valueRequired\":true,\"valueName\":\"search_term_string\"}}],\"inLanguage\":\"pt-BR\"},{\"@type\":\"Person\",\"@id\":\"https:\\\/\\\/folhapopular.info\\\/#\\\/schema\\\/person\\\/2814e8a0df7643585a9ca38bc6eb9d4b\",\"name\":\"Reda\u00e7\u00e3o Folha Popular\",\"image\":{\"@type\":\"ImageObject\",\"inLanguage\":\"pt-BR\",\"@id\":\"https:\\\/\\\/folhapopular.info\\\/wp-content\\\/uploads\\\/2026\\\/04\\\/Folha-1.webp\",\"url\":\"https:\\\/\\\/folhapopular.info\\\/wp-content\\\/uploads\\\/2026\\\/04\\\/Folha-1.webp\",\"contentUrl\":\"https:\\\/\\\/folhapopular.info\\\/wp-content\\\/uploads\\\/2026\\\/04\\\/Folha-1.webp\",\"caption\":\"Reda\u00e7\u00e3o Folha Popular\"},\"url\":\"https:\\\/\\\/folhapopular.info\\\/index.php\\\/author\\\/redacao\\\/\"}]}<\/script>\n<!-- \/ Yoast SEO plugin. -->","yoast_head_json":{"title":"Clar\u00e3o causado por queda de meteoro no RS \u00e9 flagrado por c\u00e2meras em Teut\u00f4nia - Folha Popular","robots":{"index":"index","follow":"follow","max-snippet":"max-snippet:-1","max-image-preview":"max-image-preview:large","max-video-preview":"max-video-preview:-1"},"canonical":"https:\/\/folhapopular.info\/index.php\/2020\/10\/01\/clarao-causado-por-queda-de-meteoro-no-rs-e-flagrado-por-cameras-em-teutonia\/","og_locale":"pt_BR","og_type":"article","og_title":"Clar\u00e3o causado por queda de meteoro no RS \u00e9 flagrado por c\u00e2meras em Teut\u00f4nia - Folha Popular","og_description":"A queda de um meteoro de grande magnitude foi registrada no Rio Grande do Sul na madrugada desta quinta-feira (01\/10), iluminando a noite no estado e em parte de Santa Catarina. C\u00e2meras localizadas nos Bairros Languiru e no Morro das Antenas (Linha Harmonia), em Teut\u00f4nia, flagraram o momento do clar\u00e3o causado pela passagem. As imagens [&hellip;]","og_url":"https:\/\/folhapopular.info\/index.php\/2020\/10\/01\/clarao-causado-por-queda-de-meteoro-no-rs-e-flagrado-por-cameras-em-teutonia\/","og_site_name":"Folha Popular","article_published_time":"2020-10-01T20:34:46+00:00","article_modified_time":"2020-10-01T20:34:49+00:00","og_image":[{"width":800,"height":378,"url":"https:\/\/folhapopular.info\/wp-content\/uploads\/2020\/10\/Sem-titulo-e1601584372620.png","type":"image\/png"}],"author":"Reda\u00e7\u00e3o Folha Popular","twitter_card":"summary_large_image","twitter_misc":{"Escrito por":"Reda\u00e7\u00e3o Folha Popular","Est. tempo de leitura":"2 minutos"},"schema":{"@context":"https:\/\/schema.org","@graph":[{"@type":"Article","@id":"https:\/\/folhapopular.info\/index.php\/2020\/10\/01\/clarao-causado-por-queda-de-meteoro-no-rs-e-flagrado-por-cameras-em-teutonia\/#article","isPartOf":{"@id":"https:\/\/folhapopular.info\/index.php\/2020\/10\/01\/clarao-causado-por-queda-de-meteoro-no-rs-e-flagrado-por-cameras-em-teutonia\/"},"author":{"name":"Reda\u00e7\u00e3o Folha Popular","@id":"https:\/\/folhapopular.info\/#\/schema\/person\/2814e8a0df7643585a9ca38bc6eb9d4b"},"headline":"Clar\u00e3o causado por queda de meteoro no RS \u00e9 flagrado por c\u00e2meras em Teut\u00f4nia","datePublished":"2020-10-01T20:34:46+00:00","dateModified":"2020-10-01T20:34:49+00:00","mainEntityOfPage":{"@id":"https:\/\/folhapopular.info\/index.php\/2020\/10\/01\/clarao-causado-por-queda-de-meteoro-no-rs-e-flagrado-por-cameras-em-teutonia\/"},"wordCount":443,"commentCount":0,"image":{"@id":"https:\/\/folhapopular.info\/index.php\/2020\/10\/01\/clarao-causado-por-queda-de-meteoro-no-rs-e-flagrado-por-cameras-em-teutonia\/#primaryimage"},"thumbnailUrl":"https:\/\/folhapopular.info\/wp-content\/uploads\/2020\/10\/Sem-titulo-e1601584372620.png","keywords":["Meteoro","Rio Grande do Sul"],"articleSection":["Destaques","Geral"],"inLanguage":"pt-BR","potentialAction":[{"@type":"CommentAction","name":"Comment","target":["https:\/\/folhapopular.info\/index.php\/2020\/10\/01\/clarao-causado-por-queda-de-meteoro-no-rs-e-flagrado-por-cameras-em-teutonia\/#respond"]}]},{"@type":"WebPage","@id":"https:\/\/folhapopular.info\/index.php\/2020\/10\/01\/clarao-causado-por-queda-de-meteoro-no-rs-e-flagrado-por-cameras-em-teutonia\/","url":"https:\/\/folhapopular.info\/index.php\/2020\/10\/01\/clarao-causado-por-queda-de-meteoro-no-rs-e-flagrado-por-cameras-em-teutonia\/","name":"Clar\u00e3o causado por queda de meteoro no RS \u00e9 flagrado por c\u00e2meras em Teut\u00f4nia - Folha Popular","isPartOf":{"@id":"https:\/\/folhapopular.info\/#website"},"primaryImageOfPage":{"@id":"https:\/\/folhapopular.info\/index.php\/2020\/10\/01\/clarao-causado-por-queda-de-meteoro-no-rs-e-flagrado-por-cameras-em-teutonia\/#primaryimage"},"image":{"@id":"https:\/\/folhapopular.info\/index.php\/2020\/10\/01\/clarao-causado-por-queda-de-meteoro-no-rs-e-flagrado-por-cameras-em-teutonia\/#primaryimage"},"thumbnailUrl":"https:\/\/folhapopular.info\/wp-content\/uploads\/2020\/10\/Sem-titulo-e1601584372620.png","datePublished":"2020-10-01T20:34:46+00:00","dateModified":"2020-10-01T20:34:49+00:00","author":{"@id":"https:\/\/folhapopular.info\/#\/schema\/person\/2814e8a0df7643585a9ca38bc6eb9d4b"},"breadcrumb":{"@id":"https:\/\/folhapopular.info\/index.php\/2020\/10\/01\/clarao-causado-por-queda-de-meteoro-no-rs-e-flagrado-por-cameras-em-teutonia\/#breadcrumb"},"inLanguage":"pt-BR","potentialAction":[{"@type":"ReadAction","target":["https:\/\/folhapopular.info\/index.php\/2020\/10\/01\/clarao-causado-por-queda-de-meteoro-no-rs-e-flagrado-por-cameras-em-teutonia\/"]}]},{"@type":"ImageObject","inLanguage":"pt-BR","@id":"https:\/\/folhapopular.info\/index.php\/2020\/10\/01\/clarao-causado-por-queda-de-meteoro-no-rs-e-flagrado-por-cameras-em-teutonia\/#primaryimage","url":"https:\/\/folhapopular.info\/wp-content\/uploads\/2020\/10\/Sem-titulo-e1601584372620.png","contentUrl":"https:\/\/folhapopular.info\/wp-content\/uploads\/2020\/10\/Sem-titulo-e1601584372620.png","width":800,"height":378,"caption":"Momento em que ocorre o clar\u00e3o no Bairro Languiru \/ Cr\u00e9dito da foto: Frederico Wessel \/ Divulga\u00e7\u00e3o"},{"@type":"BreadcrumbList","@id":"https:\/\/folhapopular.info\/index.php\/2020\/10\/01\/clarao-causado-por-queda-de-meteoro-no-rs-e-flagrado-por-cameras-em-teutonia\/#breadcrumb","itemListElement":[{"@type":"ListItem","position":1,"name":"In\u00edcio","item":"https:\/\/folhapopular.info\/"},{"@type":"ListItem","position":2,"name":"Clar\u00e3o causado por queda de meteoro no RS \u00e9 flagrado por c\u00e2meras em Teut\u00f4nia"}]},{"@type":"WebSite","@id":"https:\/\/folhapopular.info\/#website","url":"https:\/\/folhapopular.info\/","name":"Folha Popular","description":"Onde voc\u00ea tem vez e voz","potentialAction":[{"@type":"SearchAction","target":{"@type":"EntryPoint","urlTemplate":"https:\/\/folhapopular.info\/?s={search_term_string}"},"query-input":{"@type":"PropertyValueSpecification","valueRequired":true,"valueName":"search_term_string"}}],"inLanguage":"pt-BR"},{"@type":"Person","@id":"https:\/\/folhapopular.info\/#\/schema\/person\/2814e8a0df7643585a9ca38bc6eb9d4b","name":"Reda\u00e7\u00e3o Folha Popular","image":{"@type":"ImageObject","inLanguage":"pt-BR","@id":"https:\/\/folhapopular.info\/wp-content\/uploads\/2026\/04\/Folha-1.webp","url":"https:\/\/folhapopular.info\/wp-content\/uploads\/2026\/04\/Folha-1.webp","contentUrl":"https:\/\/folhapopular.info\/wp-content\/uploads\/2026\/04\/Folha-1.webp","caption":"Reda\u00e7\u00e3o Folha Popular"},"url":"https:\/\/folhapopular.info\/index.php\/author\/redacao\/"}]}},"jetpack_featured_media_url":"https:\/\/folhapopular.info\/wp-content\/uploads\/2020\/10\/Sem-titulo-e1601584372620.png","jetpack_sharing_enabled":true,"amp_enabled":true,"_links":{"self":[{"href":"https:\/\/folhapopular.info\/index.php\/wp-json\/wp\/v2\/posts\/74095","targetHints":{"allow":["GET"]}}],"collection":[{"href":"https:\/\/folhapopular.info\/index.php\/wp-json\/wp\/v2\/posts"}],"about":[{"href":"https:\/\/folhapopular.info\/index.php\/wp-json\/wp\/v2\/types\/post"}],"author":[{"embeddable":true,"href":"https:\/\/folhapopular.info\/index.php\/wp-json\/wp\/v2\/users\/8"}],"replies":[{"embeddable":true,"href":"https:\/\/folhapopular.info\/index.php\/wp-json\/wp\/v2\/comments?post=74095"}],"version-history":[{"count":0,"href":"https:\/\/folhapopular.info\/index.php\/wp-json\/wp\/v2\/posts\/74095\/revisions"}],"wp:featuredmedia":[{"embeddable":true,"href":"https:\/\/folhapopular.info\/index.php\/wp-json\/wp\/v2\/media\/74102"}],"wp:attachment":[{"href":"https:\/\/folhapopular.info\/index.php\/wp-json\/wp\/v2\/media?parent=74095"}],"wp:term":[{"taxonomy":"category","embeddable":true,"href":"https:\/\/folhapopular.info\/index.php\/wp-json\/wp\/v2\/categories?post=74095"},{"taxonomy":"post_tag","embeddable":true,"href":"https:\/\/folhapopular.info\/index.php\/wp-json\/wp\/v2\/tags?post=74095"}],"curies":[{"name":"wp","href":"https:\/\/api.w.org\/{rel}","templated":true}]}}