{"id":74167,"date":"2020-10-03T10:11:23","date_gmt":"2020-10-03T13:11:23","guid":{"rendered":"https:\/\/folhapopular.info\/?p=74167"},"modified":"2020-10-03T10:11:26","modified_gmt":"2020-10-03T13:11:26","slug":"22a-semana-do-distanciamento-controlado-tem-uma-regiao-do-rs-na-bandeira-vermelha","status":"publish","type":"post","link":"https:\/\/folhapopular.info\/index.php\/2020\/10\/03\/22a-semana-do-distanciamento-controlado-tem-uma-regiao-do-rs-na-bandeira-vermelha\/","title":{"rendered":"22\u00aa semana do Distanciamento Controlado tem uma regi\u00e3o do RS na bandeira vermelha"},"content":{"rendered":"\n<p>Depois de uma rodada totalmente em bandeira laranja (risco epidemiol\u00f3gico m\u00e9dio), o mapa preliminar do Distanciamento Controlado volta a ter uma regi\u00e3o em bandeira vermelha (risco epidemiol\u00f3gico alto). A 22\u00aa rodada, cujo mapa preliminar foi divulgado nesta sexta-feira (2\/10), traz a regi\u00e3o Covid de Santa Maria em bandeira vermelha. Localizada no centro do Estado, a regi\u00e3o est\u00e1 em cogest\u00e3o e, na pr\u00e1tica,&nbsp;pode adotar protocolos semelhantes aos das demais 20 \u00e1reas em laranja, com exce\u00e7\u00e3o do retorno \u00e0s aulas.<\/p>\n\n\n\n<p>Em Santa Maria, foi observado, no \u00faltimo levantamento, o aumento de casos de interna\u00e7\u00f5es de UTI por s\u00edndrome respirat\u00f3ria aguda grave (SRAG), de 36 para 39, e por Covid-19, de 34 para 37, o que culminou na redu\u00e7\u00e3o de leitos livres (tanto na varia\u00e7\u00e3o como na raz\u00e3o de leitos livres por ocupados). Outro fator que fez com que a regi\u00e3o ficasse em bandeira vermelha foi o aumento no n\u00famero de \u00f3bitos (de 14 para 15 nas \u00faltimas duas semanas, aumento de 7%).<\/p>\n\n\n\n<p>Em queda na semana passada, o n\u00famero de novas hospitaliza\u00e7\u00f5es no Estado cresceu 6% nas \u00faltimas duas semanas, de 793 para 840. A quantidade de leitos livres, que tamb\u00e9m havia crescido, reduziu novamente \u2013 de 684 para 659 (4%). O n\u00famero de \u00f3bitos ficou praticamente est\u00e1vel entre as duas \u00faltimas quintas-feiras, caindo de 273 para 272.<\/p>\n\n\n\n<p>Os percentuais que indicam o n\u00famero de internados em UTI por SRAG, de internados em leitos cl\u00ednicos e de internados em leitos de UTI, por\u00e9m, diminu\u00edram no Estado.<\/p>\n\n\n\n<p>Mesmo contabilizando os pacientes internados por outras causas, houve estabilidade no n\u00famero de leitos de UTI ocupados. No entanto, a redu\u00e7\u00e3o no n\u00famero total de leitos de UTI se traduziu em leve queda na raz\u00e3o de leitos livres para cada ocupado por Covid-19.<\/p>\n\n\n\n<p>Veja o mapa preliminar da 22\u00aa rodada:&nbsp;<a href=\"https:\/\/snw11.maxx.mobi\/link.php?M=623999&amp;N=2119&amp;L=535&amp;F=H\" target=\"_blank\" rel=\"noreferrer noopener\">https:\/\/distanciamentocontrolado.rs.gov.br<\/a>.<\/p>\n\n\n\n<p>O cen\u00e1rio de apenas uma regi\u00e3o em bandeira vermelha j\u00e1 foi visto na primeira rodada do modelo, cuja vig\u00eancia foi de 11 a 17 de maio. Na ocasi\u00e3o, apenas a regi\u00e3o de Lajeado foi classificada em vermelho, mas seis regi\u00f5es (Uruguaiana, Santa Rosa, Iju\u00ed, Taquara, Bag\u00e9 e Cachoeira do Sul) estavam na bandeira amarela (risco epidemiol\u00f3gico baixo). Desde a oitava rodada, entre os dias 30 de junho a 6 de julho, o Rio Grande do Sul n\u00e3o apresenta bandeira amarela.<\/p>\n\n\n\n<p><strong>Alertas<\/strong><\/p>\n\n\n\n<p>A equipe que monitora o modelo atenta para o elevado crescimento de novos registros de hospitaliza\u00e7\u00f5es por Covid-19 nos \u00faltimos sete dias nas regi\u00f5es de Uruguaiana, Santa Rosa, Cruz Alta, Caxias do Sul, Porto Alegre, Santo \u00c2ngelo, Canoas e Cap\u00e3o da Canoa.<\/p>\n\n\n\n<figure class=\"wp-block-image size-large\"><img loading=\"lazy\" decoding=\"async\" width=\"800\" height=\"439\" src=\"https:\/\/folhapopular.info\/wp-content\/uploads\/2020\/10\/unnamed-7.jpg\" alt=\"\" class=\"wp-image-74169\" srcset=\"https:\/\/folhapopular.info\/wp-content\/uploads\/2020\/10\/unnamed-7.jpg 800w, https:\/\/folhapopular.info\/wp-content\/uploads\/2020\/10\/unnamed-7-300x165.jpg 300w, https:\/\/folhapopular.info\/wp-content\/uploads\/2020\/10\/unnamed-7-768x421.jpg 768w, https:\/\/folhapopular.info\/wp-content\/uploads\/2020\/10\/unnamed-7-696x382.jpg 696w, https:\/\/folhapopular.info\/wp-content\/uploads\/2020\/10\/unnamed-7-765x420.jpg 765w\" sizes=\"auto, (max-width: 800px) 100vw, 800px\" \/><\/figure>\n\n\n\n<p><strong>Munic\u00edpios podem adotar bandeira laranja<\/strong><\/p>\n\n\n\n<p>Conforme o mapa preliminar da 22\u00aa rodada, apenas 32 munic\u00edpios (do total de 497) est\u00e3o classificados em bandeira vermelha, somando 551.963 habitantes, o que corresponde a 4,9% da popula\u00e7\u00e3o ga\u00facha (total de 11,3 milh\u00f5es de habitantes).<\/p>\n\n\n\n<p>Desses, 17 munic\u00edpios (87.975 habitantes, 0,8% do RS) podem adotar protocolos de bandeira laranja, porque cumprem os crit\u00e9rios da Regra 0-0, ou seja, n\u00e3o t\u00eam registro de \u00f3bito ou hospitaliza\u00e7\u00e3o de moradores nos \u00faltimos 14 dias, desde que a prefeitura crie um regulamento local.<\/p>\n\n\n\n<p>A t\u00edtulo de informa\u00e7\u00e3o, dos 465 munic\u00edpios (10.777.642 habitantes) em bandeira laranja, 243 (11,1%, 1.256.107 habitantes) n\u00e3o apresentaram hospitaliza\u00e7\u00f5es e \u00f3bitos nos \u00faltimos 14 dias.<\/p>\n\n\n\n<p><a href=\"https:\/\/snw11.maxx.mobi\/link.php?M=623999&amp;N=2119&amp;L=1932&amp;F=H\" target=\"_blank\" rel=\"noreferrer noopener\">\u2022 Clique aqui e acesse a lista de munic\u00edpios que se encaixam na Regra 0-0.<\/a><\/p>\n\n\n\n<p><strong>Regi\u00f5es em cogest\u00e3o<\/strong><\/p>\n\n\n\n<p>Das 21 regi\u00f5es em bandeira laranja, apenas Uruguaiana, Bag\u00e9 e Gua\u00edba ainda n\u00e3o aderiram ao sistema de cogest\u00e3o do Distanciamento Controlado. As outras 18 j\u00e1 adotam protocolos alternativos \u00e0s bandeiras definidas pelo governo \u2013 Santa Maria, Cap\u00e3o da Canoa, Taquara, Novo Hamburgo, Canoas, Porto Alegre, Santo \u00c2ngelo, Cruz Alta, Iju\u00ed, Santa Rosa, Palmeira das Miss\u00f5es, Erechim, Passo Fundo, Pelotas, Caxias do Sul, Cachoeira do Sul, Santa Cruz do Sul e Lajeado.<\/p>\n\n\n\n<p>As regi\u00f5es em cogest\u00e3o classificadas em bandeira laranja podem adotar regras de bandeira amarela, basta que enviem protocolos pr\u00f3prios adaptados \u00e0 Secretaria de Articula\u00e7\u00e3o e Apoio aos Munic\u00edpios (Saam).<\/p>\n\n\n\n<p>Paralelamente aos pedidos de cogest\u00e3o, o Estado aceitar\u00e1 pedidos de reconsidera\u00e7\u00e3o \u00e0 classifica\u00e7\u00e3o de risco, que pode ser feito via associa\u00e7\u00e3o regional ou pelo pr\u00f3prio munic\u00edpio, exclusivamente por meio de formul\u00e1rio eletr\u00f4nico (pelo link&nbsp;<a href=\"https:\/\/snw11.maxx.mobi\/link.php?M=623999&amp;N=2119&amp;L=1934&amp;F=H\" target=\"_blank\" rel=\"noreferrer noopener\">https:\/\/forms.gle\/pYhbNthrCyr1NVYr6<\/a>), no prazo m\u00e1ximo de 36 horas ap\u00f3s a divulga\u00e7\u00e3o do mapa preliminar \u2013 at\u00e9 as 6h de domingo (4\/10).<\/p>\n\n\n\n<p>A ado\u00e7\u00e3o de protocolos alternativos n\u00e3o altera as cores do mapa definitivo, que ser\u00e1 divulgado ap\u00f3s an\u00e1lise dos recursos pelo Gabinete de Crise, na tarde de segunda-feira (5\/10), por meio de not\u00edcia publicada no site do governo do Estado. A vig\u00eancia das bandeiras da 22\u00aa rodada come\u00e7a \u00e0 0h de ter\u00e7a-feira (6\/10) e se encerra \u00e0s 23h59 de segunda-feira (12\/10).<\/p>\n\n\n\n<p><a href=\"https:\/\/snw11.maxx.mobi\/link.php?M=623999&amp;N=2119&amp;L=1933&amp;F=H\" target=\"_blank\" rel=\"noreferrer noopener\">\u2022 Clique aqui e acesse a nota t\u00e9cnica com as justificativas de classifica\u00e7\u00f5es das regi\u00f5es.<\/a><\/p>\n\n\n\n<p><br><strong>RESUMO DA 22\u00aa RODADA<\/strong><\/p>\n\n\n\n<p><strong>Regi\u00e3o que apresentou piora (1):<\/strong><br><strong>LARANJA &gt; VERMELHA<\/strong><br>&#8211; Santa Maria (em cogest\u00e3o)<\/p>\n\n\n\n<p><strong>Regi\u00f5es que permanecem iguais (20)<\/strong><br><strong>BANDEIRA LARANJA<\/strong><br>&#8211; Bag\u00e9<br>&#8211; Cachoeira do Sul (em cogest\u00e3o)<br>&#8211; Canoas (em cogest\u00e3o)<br>&#8211; Cap\u00e3o da Canoa (em cogest\u00e3o)<br>&#8211; Caxias do Sul (em cogest\u00e3o)<br>&#8211; Cruz Alta (em cogest\u00e3o)<br>&#8211; Erechim (em cogest\u00e3o)<br>&#8211; Gua\u00edba<br>&#8211; Iju\u00ed (em cogest\u00e3o)<br>&#8211; Lajeado (em cogest\u00e3o)<br>&#8211; Novo Hamburgo (em cogest\u00e3o)<br>&#8211; Palmeira das Miss\u00f5es (em cogest\u00e3o)<br>&#8211; Passo Fundo (em cogest\u00e3o)<br>&#8211; Pelotas (em cogest\u00e3o)<br>&#8211; Porto Alegre (em cogest\u00e3o)<br>&#8211; Santa Cruz do Sul (em cogest\u00e3o)<br>&#8211; Santa Rosa (em cogest\u00e3o)<br>&#8211; Santo \u00c2ngelo (em cogest\u00e3o)<br>&#8211; Taquara (em cogest\u00e3o)<br>&#8211; Uruguaiana<\/p>\n\n\n\n<p><strong>Regi\u00e3o que apresentou melhora (0):<\/strong><br><strong>LARANJA > VERMELHA<\/strong><br>&#8211; Nenhuma<\/p>\n\n\n\n<figure class=\"wp-block-image size-large\"><img loading=\"lazy\" decoding=\"async\" width=\"800\" height=\"444\" src=\"https:\/\/folhapopular.info\/wp-content\/uploads\/2020\/10\/unnamed-8.jpg\" alt=\"\" class=\"wp-image-74170\" srcset=\"https:\/\/folhapopular.info\/wp-content\/uploads\/2020\/10\/unnamed-8.jpg 800w, https:\/\/folhapopular.info\/wp-content\/uploads\/2020\/10\/unnamed-8-300x167.jpg 300w, https:\/\/folhapopular.info\/wp-content\/uploads\/2020\/10\/unnamed-8-768x426.jpg 768w, https:\/\/folhapopular.info\/wp-content\/uploads\/2020\/10\/unnamed-8-696x385.jpg 696w, https:\/\/folhapopular.info\/wp-content\/uploads\/2020\/10\/unnamed-8-757x420.jpg 757w\" sizes=\"auto, (max-width: 800px) 100vw, 800px\" \/><\/figure>\n\n\n\n<p><strong>N\u00daMEROS DA 22\u00aa RODADA<\/strong><\/p>\n\n\n\n<p>\u2022 n\u00famero de novos registros semanais de hospitaliza\u00e7\u00f5es confirmadas com Covid-19 aumentou 6% entre as duas \u00faltimas semanas (de 793 para 840);<\/p>\n\n\n\n<p>\u2022 n\u00famero de internados em UTI por s\u00edndrome respirat\u00f3ria aguda grave (SRAG) reduziu 1% no Estado entre as duas \u00faltimas quintas-feiras (de 806 para 798);<\/p>\n\n\n\n<p>\u2022 n\u00famero de internados em leitos cl\u00ednicos com Covid-19 no RS reduziu 4% entre as duas \u00faltimas quintas-feiras (de 688 para 659)<\/p>\n\n\n\n<p>\u2022 n\u00famero de internados em leitos de UTI com Covid-19 reduziu 2% entre as duas \u00faltimas quintas-feiras (de 658 para 644);<\/p>\n\n\n\n<p>\u2022 n\u00famero de leitos de UTI adulto livres para atender Covid-19 reduziu 4% entre as duas \u00faltimas quintas-feiras (de 684 para 659);<\/p>\n\n\n\n<p>\u2022 n\u00famero de casos ativos reduziu 6% entre as duas \u00faltimas semanas (de 9.805 para 9.204);<\/p>\n\n\n\n<p>\u2022 n\u00famero de \u00f3bitos por Covid-19 ficou praticamente est\u00e1vel entre as duas \u00faltimas quintas-feiras (de 273 para 272).<\/p>\n\n\n\n<p>As regi\u00f5es com maior n\u00famero de novos registros de hospitaliza\u00e7\u00f5es nos \u00faltimos sete dias, por local de resid\u00eancia do paciente, s\u00e3o Porto Alegre (280), Caxias do Sul (90), Canoas (62), Passo Fundo (54), Santa Maria (51) e Novo Hamburgo (48).<\/p>\n\n\n\n<p><br><strong>COMPARATIVO ENTRE 3 DE SETEMBRO E 1\u00b0 DE OUTUBRO:<\/strong><\/p>\n\n\n\n<p>\u2022 n\u00famero de novos registros semanais de hospitaliza\u00e7\u00f5es confirmadas com Covid-19 reduziu 21% no per\u00edodo (de 1.067 para 840);<br>\u2022 n\u00famero de internados em UTI por SRAG reduziu 12% no Estado no per\u00edodo (de 910 para 798);<br>\u2022 n\u00famero de internados em leitos cl\u00ednicos com Covid-19 no RS reduziu 30% no per\u00edodo (de 935 para 659);<br>\u2022 n\u00famero de internados em leitos de UTI com Covid-19 reduziu 9% no per\u00edodo (de 710 para 644);<br>\u2022 n\u00famero de casos ativos reduziu 6% no per\u00edodo (de 9.799 para 9.240);<br>\u2022 n\u00famero de leitos de UTI adulto livres para atender Covid-19 no RS aumentou 10% no per\u00edodo (de 598 para 659);<br>\u2022 n\u00famero de \u00f3bitos por Covid-19 acumulados em sete dias reduziu 14% no per\u00edodo (de 317 para 272).<\/p>\n\n\n\n<p><br><strong><a href=\"https:\/\/snw11.maxx.mobi\/link.php?M=623999&amp;N=2119&amp;L=1931&amp;F=H\" target=\"_blank\" rel=\"noreferrer noopener\">Clique aqui e acesse o levantamento completo da 22\u00aa rodada do Distanciamento Controlado.<\/a><\/strong><\/p>\n","protected":false},"excerpt":{"rendered":"<p>Depois de uma rodada totalmente em bandeira laranja (risco epidemiol\u00f3gico m\u00e9dio), o mapa preliminar do Distanciamento Controlado volta a ter uma regi\u00e3o em bandeira vermelha (risco epidemiol\u00f3gico alto). A 22\u00aa rodada, cujo mapa preliminar foi divulgado nesta sexta-feira (2\/10), traz a regi\u00e3o Covid de Santa Maria em bandeira vermelha. Localizada no centro do Estado, a [&hellip;]<\/p>\n","protected":false},"author":8,"featured_media":74168,"comment_status":"open","ping_status":"open","sticky":false,"template":"","format":"standard","meta":{"pmpro_default_level":"","_jetpack_memberships_contains_paid_content":false,"footnotes":""},"categories":[5756,2],"tags":[6161,5924,5707],"class_list":{"0":"post-74167","1":"post","2":"type-post","3":"status-publish","4":"format-standard","5":"has-post-thumbnail","7":"category-coronavirus","8":"category-featured","9":"tag-bandeira-laranja","10":"tag-bandeira-vermelha","11":"tag-covid-19","12":"pmpro-has-access"},"yoast_head":"<!-- This site is optimized with the Yoast SEO plugin v27.5 - https:\/\/yoast.com\/product\/yoast-seo-wordpress\/ -->\n<title>22\u00aa semana do Distanciamento Controlado tem uma regi\u00e3o do RS na bandeira vermelha - Folha Popular<\/title>\n<meta name=\"robots\" content=\"index, follow, max-snippet:-1, max-image-preview:large, max-video-preview:-1\" \/>\n<link rel=\"canonical\" href=\"https:\/\/folhapopular.info\/index.php\/2020\/10\/03\/22a-semana-do-distanciamento-controlado-tem-uma-regiao-do-rs-na-bandeira-vermelha\/\" \/>\n<meta property=\"og:locale\" content=\"pt_BR\" \/>\n<meta property=\"og:type\" content=\"article\" \/>\n<meta property=\"og:title\" content=\"22\u00aa semana do Distanciamento Controlado tem uma regi\u00e3o do RS na bandeira vermelha - Folha Popular\" \/>\n<meta property=\"og:description\" content=\"Depois de uma rodada totalmente em bandeira laranja (risco epidemiol\u00f3gico m\u00e9dio), o mapa preliminar do Distanciamento Controlado volta a ter uma regi\u00e3o em bandeira vermelha (risco epidemiol\u00f3gico alto). A 22\u00aa rodada, cujo mapa preliminar foi divulgado nesta sexta-feira (2\/10), traz a regi\u00e3o Covid de Santa Maria em bandeira vermelha. Localizada no centro do Estado, a [&hellip;]\" \/>\n<meta property=\"og:url\" content=\"https:\/\/folhapopular.info\/index.php\/2020\/10\/03\/22a-semana-do-distanciamento-controlado-tem-uma-regiao-do-rs-na-bandeira-vermelha\/\" \/>\n<meta property=\"og:site_name\" content=\"Folha Popular\" \/>\n<meta property=\"article:published_time\" content=\"2020-10-03T13:11:23+00:00\" \/>\n<meta property=\"article:modified_time\" content=\"2020-10-03T13:11:26+00:00\" \/>\n<meta property=\"og:image\" content=\"https:\/\/folhapopular.info\/wp-content\/uploads\/2020\/10\/unnamed-6.jpg\" \/>\n\t<meta property=\"og:image:width\" content=\"800\" \/>\n\t<meta property=\"og:image:height\" content=\"450\" \/>\n\t<meta property=\"og:image:type\" content=\"image\/jpeg\" \/>\n<meta name=\"author\" content=\"Reda\u00e7\u00e3o Folha Popular\" \/>\n<meta name=\"twitter:card\" content=\"summary_large_image\" \/>\n<meta name=\"twitter:label1\" content=\"Escrito por\" \/>\n\t<meta name=\"twitter:data1\" content=\"Reda\u00e7\u00e3o Folha Popular\" \/>\n\t<meta name=\"twitter:label2\" content=\"Est. tempo de leitura\" \/>\n\t<meta name=\"twitter:data2\" content=\"6 minutos\" \/>\n<script type=\"application\/ld+json\" class=\"yoast-schema-graph\">{\"@context\":\"https:\\\/\\\/schema.org\",\"@graph\":[{\"@type\":\"Article\",\"@id\":\"https:\\\/\\\/folhapopular.info\\\/index.php\\\/2020\\\/10\\\/03\\\/22a-semana-do-distanciamento-controlado-tem-uma-regiao-do-rs-na-bandeira-vermelha\\\/#article\",\"isPartOf\":{\"@id\":\"https:\\\/\\\/folhapopular.info\\\/index.php\\\/2020\\\/10\\\/03\\\/22a-semana-do-distanciamento-controlado-tem-uma-regiao-do-rs-na-bandeira-vermelha\\\/\"},\"author\":{\"name\":\"Reda\u00e7\u00e3o Folha Popular\",\"@id\":\"https:\\\/\\\/folhapopular.info\\\/#\\\/schema\\\/person\\\/2814e8a0df7643585a9ca38bc6eb9d4b\"},\"headline\":\"22\u00aa semana do Distanciamento Controlado tem uma regi\u00e3o do RS na bandeira vermelha\",\"datePublished\":\"2020-10-03T13:11:23+00:00\",\"dateModified\":\"2020-10-03T13:11:26+00:00\",\"mainEntityOfPage\":{\"@id\":\"https:\\\/\\\/folhapopular.info\\\/index.php\\\/2020\\\/10\\\/03\\\/22a-semana-do-distanciamento-controlado-tem-uma-regiao-do-rs-na-bandeira-vermelha\\\/\"},\"wordCount\":1288,\"commentCount\":0,\"image\":{\"@id\":\"https:\\\/\\\/folhapopular.info\\\/index.php\\\/2020\\\/10\\\/03\\\/22a-semana-do-distanciamento-controlado-tem-uma-regiao-do-rs-na-bandeira-vermelha\\\/#primaryimage\"},\"thumbnailUrl\":\"https:\\\/\\\/folhapopular.info\\\/wp-content\\\/uploads\\\/2020\\\/10\\\/unnamed-6.jpg\",\"keywords\":[\"Bandeira Laranja\",\"Bandeira Vermelha\",\"Covid-19\"],\"articleSection\":[\"Coronav\u00edrus\",\"Destaques\"],\"inLanguage\":\"pt-BR\",\"potentialAction\":[{\"@type\":\"CommentAction\",\"name\":\"Comment\",\"target\":[\"https:\\\/\\\/folhapopular.info\\\/index.php\\\/2020\\\/10\\\/03\\\/22a-semana-do-distanciamento-controlado-tem-uma-regiao-do-rs-na-bandeira-vermelha\\\/#respond\"]}]},{\"@type\":\"WebPage\",\"@id\":\"https:\\\/\\\/folhapopular.info\\\/index.php\\\/2020\\\/10\\\/03\\\/22a-semana-do-distanciamento-controlado-tem-uma-regiao-do-rs-na-bandeira-vermelha\\\/\",\"url\":\"https:\\\/\\\/folhapopular.info\\\/index.php\\\/2020\\\/10\\\/03\\\/22a-semana-do-distanciamento-controlado-tem-uma-regiao-do-rs-na-bandeira-vermelha\\\/\",\"name\":\"22\u00aa semana do Distanciamento Controlado tem uma regi\u00e3o do RS na bandeira vermelha - Folha Popular\",\"isPartOf\":{\"@id\":\"https:\\\/\\\/folhapopular.info\\\/#website\"},\"primaryImageOfPage\":{\"@id\":\"https:\\\/\\\/folhapopular.info\\\/index.php\\\/2020\\\/10\\\/03\\\/22a-semana-do-distanciamento-controlado-tem-uma-regiao-do-rs-na-bandeira-vermelha\\\/#primaryimage\"},\"image\":{\"@id\":\"https:\\\/\\\/folhapopular.info\\\/index.php\\\/2020\\\/10\\\/03\\\/22a-semana-do-distanciamento-controlado-tem-uma-regiao-do-rs-na-bandeira-vermelha\\\/#primaryimage\"},\"thumbnailUrl\":\"https:\\\/\\\/folhapopular.info\\\/wp-content\\\/uploads\\\/2020\\\/10\\\/unnamed-6.jpg\",\"datePublished\":\"2020-10-03T13:11:23+00:00\",\"dateModified\":\"2020-10-03T13:11:26+00:00\",\"author\":{\"@id\":\"https:\\\/\\\/folhapopular.info\\\/#\\\/schema\\\/person\\\/2814e8a0df7643585a9ca38bc6eb9d4b\"},\"breadcrumb\":{\"@id\":\"https:\\\/\\\/folhapopular.info\\\/index.php\\\/2020\\\/10\\\/03\\\/22a-semana-do-distanciamento-controlado-tem-uma-regiao-do-rs-na-bandeira-vermelha\\\/#breadcrumb\"},\"inLanguage\":\"pt-BR\",\"potentialAction\":[{\"@type\":\"ReadAction\",\"target\":[\"https:\\\/\\\/folhapopular.info\\\/index.php\\\/2020\\\/10\\\/03\\\/22a-semana-do-distanciamento-controlado-tem-uma-regiao-do-rs-na-bandeira-vermelha\\\/\"]}]},{\"@type\":\"ImageObject\",\"inLanguage\":\"pt-BR\",\"@id\":\"https:\\\/\\\/folhapopular.info\\\/index.php\\\/2020\\\/10\\\/03\\\/22a-semana-do-distanciamento-controlado-tem-uma-regiao-do-rs-na-bandeira-vermelha\\\/#primaryimage\",\"url\":\"https:\\\/\\\/folhapopular.info\\\/wp-content\\\/uploads\\\/2020\\\/10\\\/unnamed-6.jpg\",\"contentUrl\":\"https:\\\/\\\/folhapopular.info\\\/wp-content\\\/uploads\\\/2020\\\/10\\\/unnamed-6.jpg\",\"width\":800,\"height\":450,\"caption\":\"Cr\u00e9dito da foto: reprodu\u00e7\u00e3o\"},{\"@type\":\"BreadcrumbList\",\"@id\":\"https:\\\/\\\/folhapopular.info\\\/index.php\\\/2020\\\/10\\\/03\\\/22a-semana-do-distanciamento-controlado-tem-uma-regiao-do-rs-na-bandeira-vermelha\\\/#breadcrumb\",\"itemListElement\":[{\"@type\":\"ListItem\",\"position\":1,\"name\":\"In\u00edcio\",\"item\":\"https:\\\/\\\/folhapopular.info\\\/\"},{\"@type\":\"ListItem\",\"position\":2,\"name\":\"22\u00aa semana do Distanciamento Controlado tem uma regi\u00e3o do RS na bandeira vermelha\"}]},{\"@type\":\"WebSite\",\"@id\":\"https:\\\/\\\/folhapopular.info\\\/#website\",\"url\":\"https:\\\/\\\/folhapopular.info\\\/\",\"name\":\"Folha Popular\",\"description\":\"Onde voc\u00ea tem vez e voz\",\"potentialAction\":[{\"@type\":\"SearchAction\",\"target\":{\"@type\":\"EntryPoint\",\"urlTemplate\":\"https:\\\/\\\/folhapopular.info\\\/?s={search_term_string}\"},\"query-input\":{\"@type\":\"PropertyValueSpecification\",\"valueRequired\":true,\"valueName\":\"search_term_string\"}}],\"inLanguage\":\"pt-BR\"},{\"@type\":\"Person\",\"@id\":\"https:\\\/\\\/folhapopular.info\\\/#\\\/schema\\\/person\\\/2814e8a0df7643585a9ca38bc6eb9d4b\",\"name\":\"Reda\u00e7\u00e3o Folha Popular\",\"image\":{\"@type\":\"ImageObject\",\"inLanguage\":\"pt-BR\",\"@id\":\"https:\\\/\\\/folhapopular.info\\\/wp-content\\\/uploads\\\/2026\\\/04\\\/Folha-1.webp\",\"url\":\"https:\\\/\\\/folhapopular.info\\\/wp-content\\\/uploads\\\/2026\\\/04\\\/Folha-1.webp\",\"contentUrl\":\"https:\\\/\\\/folhapopular.info\\\/wp-content\\\/uploads\\\/2026\\\/04\\\/Folha-1.webp\",\"caption\":\"Reda\u00e7\u00e3o Folha Popular\"},\"url\":\"https:\\\/\\\/folhapopular.info\\\/index.php\\\/author\\\/redacao\\\/\"}]}<\/script>\n<!-- \/ Yoast SEO plugin. -->","yoast_head_json":{"title":"22\u00aa semana do Distanciamento Controlado tem uma regi\u00e3o do RS na bandeira vermelha - Folha Popular","robots":{"index":"index","follow":"follow","max-snippet":"max-snippet:-1","max-image-preview":"max-image-preview:large","max-video-preview":"max-video-preview:-1"},"canonical":"https:\/\/folhapopular.info\/index.php\/2020\/10\/03\/22a-semana-do-distanciamento-controlado-tem-uma-regiao-do-rs-na-bandeira-vermelha\/","og_locale":"pt_BR","og_type":"article","og_title":"22\u00aa semana do Distanciamento Controlado tem uma regi\u00e3o do RS na bandeira vermelha - Folha Popular","og_description":"Depois de uma rodada totalmente em bandeira laranja (risco epidemiol\u00f3gico m\u00e9dio), o mapa preliminar do Distanciamento Controlado volta a ter uma regi\u00e3o em bandeira vermelha (risco epidemiol\u00f3gico alto). A 22\u00aa rodada, cujo mapa preliminar foi divulgado nesta sexta-feira (2\/10), traz a regi\u00e3o Covid de Santa Maria em bandeira vermelha. Localizada no centro do Estado, a [&hellip;]","og_url":"https:\/\/folhapopular.info\/index.php\/2020\/10\/03\/22a-semana-do-distanciamento-controlado-tem-uma-regiao-do-rs-na-bandeira-vermelha\/","og_site_name":"Folha Popular","article_published_time":"2020-10-03T13:11:23+00:00","article_modified_time":"2020-10-03T13:11:26+00:00","og_image":[{"width":800,"height":450,"url":"https:\/\/folhapopular.info\/wp-content\/uploads\/2020\/10\/unnamed-6.jpg","type":"image\/jpeg"}],"author":"Reda\u00e7\u00e3o Folha Popular","twitter_card":"summary_large_image","twitter_misc":{"Escrito por":"Reda\u00e7\u00e3o Folha Popular","Est. tempo de leitura":"6 minutos"},"schema":{"@context":"https:\/\/schema.org","@graph":[{"@type":"Article","@id":"https:\/\/folhapopular.info\/index.php\/2020\/10\/03\/22a-semana-do-distanciamento-controlado-tem-uma-regiao-do-rs-na-bandeira-vermelha\/#article","isPartOf":{"@id":"https:\/\/folhapopular.info\/index.php\/2020\/10\/03\/22a-semana-do-distanciamento-controlado-tem-uma-regiao-do-rs-na-bandeira-vermelha\/"},"author":{"name":"Reda\u00e7\u00e3o Folha Popular","@id":"https:\/\/folhapopular.info\/#\/schema\/person\/2814e8a0df7643585a9ca38bc6eb9d4b"},"headline":"22\u00aa semana do Distanciamento Controlado tem uma regi\u00e3o do RS na bandeira vermelha","datePublished":"2020-10-03T13:11:23+00:00","dateModified":"2020-10-03T13:11:26+00:00","mainEntityOfPage":{"@id":"https:\/\/folhapopular.info\/index.php\/2020\/10\/03\/22a-semana-do-distanciamento-controlado-tem-uma-regiao-do-rs-na-bandeira-vermelha\/"},"wordCount":1288,"commentCount":0,"image":{"@id":"https:\/\/folhapopular.info\/index.php\/2020\/10\/03\/22a-semana-do-distanciamento-controlado-tem-uma-regiao-do-rs-na-bandeira-vermelha\/#primaryimage"},"thumbnailUrl":"https:\/\/folhapopular.info\/wp-content\/uploads\/2020\/10\/unnamed-6.jpg","keywords":["Bandeira Laranja","Bandeira Vermelha","Covid-19"],"articleSection":["Coronav\u00edrus","Destaques"],"inLanguage":"pt-BR","potentialAction":[{"@type":"CommentAction","name":"Comment","target":["https:\/\/folhapopular.info\/index.php\/2020\/10\/03\/22a-semana-do-distanciamento-controlado-tem-uma-regiao-do-rs-na-bandeira-vermelha\/#respond"]}]},{"@type":"WebPage","@id":"https:\/\/folhapopular.info\/index.php\/2020\/10\/03\/22a-semana-do-distanciamento-controlado-tem-uma-regiao-do-rs-na-bandeira-vermelha\/","url":"https:\/\/folhapopular.info\/index.php\/2020\/10\/03\/22a-semana-do-distanciamento-controlado-tem-uma-regiao-do-rs-na-bandeira-vermelha\/","name":"22\u00aa semana do Distanciamento Controlado tem uma regi\u00e3o do RS na bandeira vermelha - Folha Popular","isPartOf":{"@id":"https:\/\/folhapopular.info\/#website"},"primaryImageOfPage":{"@id":"https:\/\/folhapopular.info\/index.php\/2020\/10\/03\/22a-semana-do-distanciamento-controlado-tem-uma-regiao-do-rs-na-bandeira-vermelha\/#primaryimage"},"image":{"@id":"https:\/\/folhapopular.info\/index.php\/2020\/10\/03\/22a-semana-do-distanciamento-controlado-tem-uma-regiao-do-rs-na-bandeira-vermelha\/#primaryimage"},"thumbnailUrl":"https:\/\/folhapopular.info\/wp-content\/uploads\/2020\/10\/unnamed-6.jpg","datePublished":"2020-10-03T13:11:23+00:00","dateModified":"2020-10-03T13:11:26+00:00","author":{"@id":"https:\/\/folhapopular.info\/#\/schema\/person\/2814e8a0df7643585a9ca38bc6eb9d4b"},"breadcrumb":{"@id":"https:\/\/folhapopular.info\/index.php\/2020\/10\/03\/22a-semana-do-distanciamento-controlado-tem-uma-regiao-do-rs-na-bandeira-vermelha\/#breadcrumb"},"inLanguage":"pt-BR","potentialAction":[{"@type":"ReadAction","target":["https:\/\/folhapopular.info\/index.php\/2020\/10\/03\/22a-semana-do-distanciamento-controlado-tem-uma-regiao-do-rs-na-bandeira-vermelha\/"]}]},{"@type":"ImageObject","inLanguage":"pt-BR","@id":"https:\/\/folhapopular.info\/index.php\/2020\/10\/03\/22a-semana-do-distanciamento-controlado-tem-uma-regiao-do-rs-na-bandeira-vermelha\/#primaryimage","url":"https:\/\/folhapopular.info\/wp-content\/uploads\/2020\/10\/unnamed-6.jpg","contentUrl":"https:\/\/folhapopular.info\/wp-content\/uploads\/2020\/10\/unnamed-6.jpg","width":800,"height":450,"caption":"Cr\u00e9dito da foto: reprodu\u00e7\u00e3o"},{"@type":"BreadcrumbList","@id":"https:\/\/folhapopular.info\/index.php\/2020\/10\/03\/22a-semana-do-distanciamento-controlado-tem-uma-regiao-do-rs-na-bandeira-vermelha\/#breadcrumb","itemListElement":[{"@type":"ListItem","position":1,"name":"In\u00edcio","item":"https:\/\/folhapopular.info\/"},{"@type":"ListItem","position":2,"name":"22\u00aa semana do Distanciamento Controlado tem uma regi\u00e3o do RS na bandeira vermelha"}]},{"@type":"WebSite","@id":"https:\/\/folhapopular.info\/#website","url":"https:\/\/folhapopular.info\/","name":"Folha Popular","description":"Onde voc\u00ea tem vez e voz","potentialAction":[{"@type":"SearchAction","target":{"@type":"EntryPoint","urlTemplate":"https:\/\/folhapopular.info\/?s={search_term_string}"},"query-input":{"@type":"PropertyValueSpecification","valueRequired":true,"valueName":"search_term_string"}}],"inLanguage":"pt-BR"},{"@type":"Person","@id":"https:\/\/folhapopular.info\/#\/schema\/person\/2814e8a0df7643585a9ca38bc6eb9d4b","name":"Reda\u00e7\u00e3o Folha Popular","image":{"@type":"ImageObject","inLanguage":"pt-BR","@id":"https:\/\/folhapopular.info\/wp-content\/uploads\/2026\/04\/Folha-1.webp","url":"https:\/\/folhapopular.info\/wp-content\/uploads\/2026\/04\/Folha-1.webp","contentUrl":"https:\/\/folhapopular.info\/wp-content\/uploads\/2026\/04\/Folha-1.webp","caption":"Reda\u00e7\u00e3o Folha Popular"},"url":"https:\/\/folhapopular.info\/index.php\/author\/redacao\/"}]}},"jetpack_featured_media_url":"https:\/\/folhapopular.info\/wp-content\/uploads\/2020\/10\/unnamed-6.jpg","jetpack_sharing_enabled":true,"amp_enabled":true,"_links":{"self":[{"href":"https:\/\/folhapopular.info\/index.php\/wp-json\/wp\/v2\/posts\/74167","targetHints":{"allow":["GET"]}}],"collection":[{"href":"https:\/\/folhapopular.info\/index.php\/wp-json\/wp\/v2\/posts"}],"about":[{"href":"https:\/\/folhapopular.info\/index.php\/wp-json\/wp\/v2\/types\/post"}],"author":[{"embeddable":true,"href":"https:\/\/folhapopular.info\/index.php\/wp-json\/wp\/v2\/users\/8"}],"replies":[{"embeddable":true,"href":"https:\/\/folhapopular.info\/index.php\/wp-json\/wp\/v2\/comments?post=74167"}],"version-history":[{"count":0,"href":"https:\/\/folhapopular.info\/index.php\/wp-json\/wp\/v2\/posts\/74167\/revisions"}],"wp:featuredmedia":[{"embeddable":true,"href":"https:\/\/folhapopular.info\/index.php\/wp-json\/wp\/v2\/media\/74168"}],"wp:attachment":[{"href":"https:\/\/folhapopular.info\/index.php\/wp-json\/wp\/v2\/media?parent=74167"}],"wp:term":[{"taxonomy":"category","embeddable":true,"href":"https:\/\/folhapopular.info\/index.php\/wp-json\/wp\/v2\/categories?post=74167"},{"taxonomy":"post_tag","embeddable":true,"href":"https:\/\/folhapopular.info\/index.php\/wp-json\/wp\/v2\/tags?post=74167"}],"curies":[{"name":"wp","href":"https:\/\/api.w.org\/{rel}","templated":true}]}}