{"id":74464,"date":"2020-10-13T20:06:18","date_gmt":"2020-10-13T23:06:18","guid":{"rendered":"https:\/\/folhapopular.info\/?p=74464"},"modified":"2020-10-13T20:06:22","modified_gmt":"2020-10-13T23:06:22","slug":"roubo-de-veiculos-cai-398-em-setembro-e-fica-abaixo-de-500-casos-pela-1a-vez-no-rs","status":"publish","type":"post","link":"https:\/\/folhapopular.info\/index.php\/2020\/10\/13\/roubo-de-veiculos-cai-398-em-setembro-e-fica-abaixo-de-500-casos-pela-1a-vez-no-rs\/","title":{"rendered":"Roubo de ve\u00edculos cai 39,8% em setembro e fica abaixo de 500 casos pela 1\u00aa vez no RS"},"content":{"rendered":"\n<p>A sequ\u00eancia de redu\u00e7\u00f5es recordes nos indicadores criminais do Rio Grande do Sul, observada desde o ano passado, ganhou uma nova marca em setembro. Pela primeira vez desde que a Secretaria da Seguran\u00e7a P\u00fablica (SSP) iniciou a contabiliza\u00e7\u00e3o, em 2002, o n\u00famero de roubos de ve\u00edculos no Estado ficou abaixo de 500 casos em um m\u00eas. Foram 496 registros, 39,8% menos do que no mesmo per\u00edodo de 2019, que teve 824. \u00c9 como se durante os 30 dias de setembro apenas um ve\u00edculo tivesse sido levado por criminosos em cada um dos munic\u00edpios ga\u00fachos, e ainda restaria uma cidade sem qualquer delito do tipo. Frente ao pico de ocorr\u00eancias, em setembro de 2015, quando 2.126 condutores tiveram seus automotores roubados, o total atual representa redu\u00e7\u00e3o de 77%, ou 1.630 casos a menos.<\/p>\n\n\n\n<figure class=\"wp-block-image size-large\"><img loading=\"lazy\" decoding=\"async\" width=\"800\" height=\"319\" src=\"https:\/\/folhapopular.info\/wp-content\/uploads\/2020\/10\/unnamed-18.jpg\" alt=\"\" class=\"wp-image-74466\" srcset=\"https:\/\/folhapopular.info\/wp-content\/uploads\/2020\/10\/unnamed-18.jpg 800w, https:\/\/folhapopular.info\/wp-content\/uploads\/2020\/10\/unnamed-18-300x120.jpg 300w, https:\/\/folhapopular.info\/wp-content\/uploads\/2020\/10\/unnamed-18-768x306.jpg 768w, https:\/\/folhapopular.info\/wp-content\/uploads\/2020\/10\/unnamed-18-696x278.jpg 696w\" sizes=\"auto, (max-width: 800px) 100vw, 800px\" \/><\/figure>\n\n\n\n<figure class=\"wp-block-image size-large\"><img loading=\"lazy\" decoding=\"async\" width=\"800\" height=\"342\" src=\"https:\/\/folhapopular.info\/wp-content\/uploads\/2020\/10\/unnamed-19.jpg\" alt=\"\" class=\"wp-image-74467\" srcset=\"https:\/\/folhapopular.info\/wp-content\/uploads\/2020\/10\/unnamed-19.jpg 800w, https:\/\/folhapopular.info\/wp-content\/uploads\/2020\/10\/unnamed-19-300x128.jpg 300w, https:\/\/folhapopular.info\/wp-content\/uploads\/2020\/10\/unnamed-19-768x328.jpg 768w, https:\/\/folhapopular.info\/wp-content\/uploads\/2020\/10\/unnamed-19-696x298.jpg 696w\" sizes=\"auto, (max-width: 800px) 100vw, 800px\" \/><\/figure>\n\n\n\n<p>Embora seja poss\u00edvel apontar certa influ\u00eancia do distanciamento social de preven\u00e7\u00e3o \u00e0 Covid-19, o resultado in\u00e9dito foi alcan\u00e7ado justamente no m\u00eas de maior abertura, em que praticamente todas as atividades que estiveram restritas no in\u00edcio da pandemia j\u00e1 haviam sido retomadas a pleno. Cen\u00e1rio que destaca o \u00eaxito do trabalho ininterrupto das for\u00e7as de seguran\u00e7a e do planejamento estrat\u00e9gico do RS Seguro, a partir da an\u00e1lise mensal realizada pela Gest\u00e3o de Estat\u00edstica em Seguran\u00e7a (GESeg).<br>O roubo de ve\u00edculos, ao lado dos crimes violentos letais intencionais (CVLI) e do roubo a pedestre, comp\u00f5e o grupo de indicadores fixos de avalia\u00e7\u00e3o nos 23 munic\u00edpios priorizados pelo programa.<\/p>\n\n\n\n<p>A queda hist\u00f3rica de setembro tamb\u00e9m contribuiu para aprofundar a diminui\u00e7\u00e3o no acumulado desde janeiro de 2020, na compara\u00e7\u00e3o com igual per\u00edodo do ano passado. A soma de ocorr\u00eancias em nove meses baixou 24,6%, de 8.658 para 6.525 \u2013 \u00e9 o menor total para o intervalo desde 2002, primeiro ano da s\u00e9rie hist\u00f3rica, que teve 6.389 roubos de ve\u00edculos.<\/p>\n\n\n\n<figure class=\"wp-block-image size-large\"><img loading=\"lazy\" decoding=\"async\" width=\"800\" height=\"364\" src=\"https:\/\/folhapopular.info\/wp-content\/uploads\/2020\/10\/unnamed-20.jpg\" alt=\"\" class=\"wp-image-74468\" srcset=\"https:\/\/folhapopular.info\/wp-content\/uploads\/2020\/10\/unnamed-20.jpg 800w, https:\/\/folhapopular.info\/wp-content\/uploads\/2020\/10\/unnamed-20-300x137.jpg 300w, https:\/\/folhapopular.info\/wp-content\/uploads\/2020\/10\/unnamed-20-768x349.jpg 768w, https:\/\/folhapopular.info\/wp-content\/uploads\/2020\/10\/unnamed-20-696x317.jpg 696w\" sizes=\"auto, (max-width: 800px) 100vw, 800px\" \/><\/figure>\n\n\n\n<p>A marca atual \u00e9 ainda mais expressiva quando se leva em conta o tamanho da frota no Estado. Nos \u00faltimos cinco anos, o n\u00famero de ve\u00edculos em circula\u00e7\u00e3o no RS cresceu 9%, de 6,4 milh\u00f5es em 2016 para 7 milh\u00f5es neste ano, conforme dados do Departamento Estadual de Tr\u00e2nsito (DetranRS).<\/p>\n\n\n\n<figure class=\"wp-block-image size-large\"><img loading=\"lazy\" decoding=\"async\" width=\"608\" height=\"427\" src=\"https:\/\/folhapopular.info\/wp-content\/uploads\/2020\/10\/unnamed-21.jpg\" alt=\"\" class=\"wp-image-74469\" srcset=\"https:\/\/folhapopular.info\/wp-content\/uploads\/2020\/10\/unnamed-21.jpg 608w, https:\/\/folhapopular.info\/wp-content\/uploads\/2020\/10\/unnamed-21-300x211.jpg 300w, https:\/\/folhapopular.info\/wp-content\/uploads\/2020\/10\/unnamed-21-598x420.jpg 598w, https:\/\/folhapopular.info\/wp-content\/uploads\/2020\/10\/unnamed-21-100x70.jpg 100w\" sizes=\"auto, (max-width: 608px) 100vw, 608px\" \/><\/figure>\n\n\n\n<p>Na dire\u00e7\u00e3o oposta, os roubos de ve\u00edculo ca\u00edram 51% no mesmo per\u00edodo: foram 13.302 entre janeiro e setembro de 2016 ou 6.777 casos a mais que o total dos nove meses de 2020. Dessa forma, com frota maior e delitos em baixa, a taxa de roubos de ve\u00edculo, que h\u00e1 cinco anos era de 208 casos para cada 100 mil automotores, despencou para 93 a cada 100 mil \u2013 uma retra\u00e7\u00e3o de 55%.<\/p>\n\n\n\n<p>Mais do que ampliar a sensa\u00e7\u00e3o de seguran\u00e7a nas ruas e estradas do RS, a retra\u00e7\u00e3o nos delitos contra condutores tamb\u00e9m se reflete em benef\u00edcio econ\u00f4mico para os ga\u00fachos. Ainda em janeiro, depois de o Estado ter encerrado 2019 com 5 mil roubos de ve\u00edculo a menos do que no ano anterior, o Sindicato das Empresas de Seguros Privados, de Resseguros e de Capitaliza\u00e7\u00e3o (SINDISEGRS) divulgou estimativa de redu\u00e7\u00e3o m\u00e9dia de 12% no pre\u00e7o dos seguros automotivos. Com o aprofundamento na baixa dos crimes contra motoristas, \u00e9 poss\u00edvel que esse desconto seja ainda maior, uma vez que o peso da viol\u00eancia na composi\u00e7\u00e3o do valor final \u00e9 de cerca de 50%, conforme o sindicato.<\/p>\n\n\n\n<p>Entre os principais fatores respons\u00e1veis pela redu\u00e7\u00e3o recorde, al\u00e9m das a\u00e7\u00f5es estrat\u00e9gicas planejadas pelo RS Seguro e executadas pelas for\u00e7as de seguran\u00e7a, est\u00e1 a amplia\u00e7\u00e3o do n\u00famero de c\u00e2meras de videomonitoramento e cercamento eletr\u00f4nico \u00e0 disposi\u00e7\u00e3o do Departamento de Comando e Controle Integrado (DCCI) da SSP. H\u00e1 um ano, o governo ga\u00facho assinou a ordem de implanta\u00e7\u00e3o de 525 novas c\u00e2meras e 30 salas de monitoramento em 36 munic\u00edpios. O investimento de R$ 18 milh\u00f5es foi viabilizado com parte dos R$ 67 milh\u00f5es repassados ao RS por emenda parlamentar da bancada federal ga\u00facha no Congresso, com contrapartida de R$ 6,3 milh\u00f5es do Executivo estadual.<\/p>\n\n\n\n<figure class=\"wp-block-image size-large\"><img loading=\"lazy\" decoding=\"async\" width=\"576\" height=\"1024\" src=\"https:\/\/folhapopular.info\/wp-content\/uploads\/2020\/10\/unnamed-22-576x1024.jpg\" alt=\"\" class=\"wp-image-74470\" srcset=\"https:\/\/folhapopular.info\/wp-content\/uploads\/2020\/10\/unnamed-22-576x1024.jpg 576w, https:\/\/folhapopular.info\/wp-content\/uploads\/2020\/10\/unnamed-22-169x300.jpg 169w, https:\/\/folhapopular.info\/wp-content\/uploads\/2020\/10\/unnamed-22-236x420.jpg 236w, https:\/\/folhapopular.info\/wp-content\/uploads\/2020\/10\/unnamed-22.jpg 600w\" sizes=\"auto, (max-width: 576px) 100vw, 576px\" \/><figcaption>525 c\u00e2meras foram instaladas em 36 cidades contempladas com recursos de emenda da bancada federal ga\u00facha \/ Cr\u00e9dito da foto: DGT \/ Divulga\u00e7\u00e3o<\/figcaption><\/figure>\n\n\n\n<p>A implanta\u00e7\u00e3o dos equipamentos, que j\u00e1 est\u00e3o funcionando nas 36 cidades contempladas, ampliou para mais de 1,6 mil o n\u00famero de c\u00e2meras que compartilham imagens captadas nas ruas de um total de 127 munic\u00edpios. Parte desses aparelhos opera com a tecnologia&nbsp;<em>Optical Character Recognition<\/em>&nbsp;(OCR) \u2013 Reconhecimento \u00d3tico de Caracteres, em tradu\u00e7\u00e3o livre do Ingl\u00eas \u2013, capaz de fazer a leitura da placa dos ve\u00edculos e emitir alertas na central de monitoramento caso conste no sistema alguma irregularidade, como ocorr\u00eancia de roubo ou furto. Quando isso ocorre, a central aciona a guarni\u00e7\u00e3o policial mais pr\u00f3xima para fazer a abordagem, o que acelera a localiza\u00e7\u00e3o e pris\u00e3o de ladr\u00f5es e receptadores, bem como a recupera\u00e7\u00e3o de ve\u00edculos levados das v\u00edtimas.<\/p>\n\n\n\n<p>S\u00f3 em Porto Alegre, s\u00e3o cerca de 700 c\u00e2meras em todas as regi\u00f5es da cidade. A Capital teve cerca de 1 mil roubos de ve\u00edculo a menos no acumulado desde janeiro, com 2.762 ocorr\u00eancias, frente os 3.808 registros em igual per\u00edodo do ano passado (-27%).<\/p>\n\n\n\n<p>Em S\u00e3o Leopoldo, que recebeu 32 pontos de cercamento eletr\u00f4nico a partir da emenda de bancada, os roubos de ve\u00edculo ca\u00edram de 438 entre janeiro e setembro de 2019 para 319 no mesmo recorte de 2020 (-27%). Canoas, que recebeu 18 novos pontos de cercamento, teve redu\u00e7\u00e3o de 38% na compara\u00e7\u00e3o de nove meses deste ano e do anterior, de 536 para 330 ocorr\u00eancias.<\/p>\n\n\n\n<p>Homic\u00eddios no RS t\u00eam queda de 18,3% em setembro<\/p>\n\n\n\n<p>Na esteira das marcas recorde, a Seguran\u00e7a P\u00fablica tamb\u00e9m alcan\u00e7ou redu\u00e7\u00e3o in\u00e9dita dos homic\u00eddios em setembro. O total no RS caiu de 126 no ano passado para 103 (-18,3%), o menor para o m\u00eas em toda a s\u00e9rie hist\u00f3rica \u2013 o sistema de contabiliza\u00e7\u00e3o permite extrair o n\u00famero de v\u00edtimas no Estado em separado do de ocorr\u00eancias a partir de 2005.<\/p>\n\n\n\n<p>Com o resultado, foi mantida a diminui\u00e7\u00e3o no acumulado deste ano frente ao mesmo per\u00edodo de 2019. Na soma de v\u00edtimas entre janeiro e setembro, o total reduziu de 1.380 no ano passado para 1.281 neste ano (-7,2%), o menor n\u00famero desde 2007, que teve 1.271 \u00f3bitos por assassinato no intervalo de nove meses.<\/p>\n\n\n\n<figure class=\"wp-block-image size-large\"><img loading=\"lazy\" decoding=\"async\" width=\"800\" height=\"359\" src=\"https:\/\/folhapopular.info\/wp-content\/uploads\/2020\/10\/unnamed-23.jpg\" alt=\"\" class=\"wp-image-74471\" srcset=\"https:\/\/folhapopular.info\/wp-content\/uploads\/2020\/10\/unnamed-23.jpg 800w, https:\/\/folhapopular.info\/wp-content\/uploads\/2020\/10\/unnamed-23-300x135.jpg 300w, https:\/\/folhapopular.info\/wp-content\/uploads\/2020\/10\/unnamed-23-768x345.jpg 768w, https:\/\/folhapopular.info\/wp-content\/uploads\/2020\/10\/unnamed-23-696x312.jpg 696w\" sizes=\"auto, (max-width: 800px) 100vw, 800px\" \/><\/figure>\n\n\n\n<figure class=\"wp-block-image size-large\"><img loading=\"lazy\" decoding=\"async\" width=\"800\" height=\"372\" src=\"https:\/\/folhapopular.info\/wp-content\/uploads\/2020\/10\/unnamed-24.jpg\" alt=\"\" class=\"wp-image-74472\" srcset=\"https:\/\/folhapopular.info\/wp-content\/uploads\/2020\/10\/unnamed-24.jpg 800w, https:\/\/folhapopular.info\/wp-content\/uploads\/2020\/10\/unnamed-24-300x140.jpg 300w, https:\/\/folhapopular.info\/wp-content\/uploads\/2020\/10\/unnamed-24-768x357.jpg 768w, https:\/\/folhapopular.info\/wp-content\/uploads\/2020\/10\/unnamed-24-696x324.jpg 696w\" sizes=\"auto, (max-width: 800px) 100vw, 800px\" \/><\/figure>\n\n\n\n<p>O foco territorial no combate \u00e0 criminalidade, estrat\u00e9gia empregada pelo RS Seguro, segue como principal fator para a queda nos homic\u00eddios. Todo o ranking das 10 maiores redu\u00e7\u00f5es em n\u00famero de v\u00edtimas na compara\u00e7\u00e3o de acumulados deste ano e do anterior \u00e9 ocupado por munic\u00edpios que integram o grupo de 23 cidades priorizadas pelo programa.<\/p>\n\n\n\n<figure class=\"wp-block-image size-large\"><img loading=\"lazy\" decoding=\"async\" width=\"800\" height=\"306\" src=\"https:\/\/folhapopular.info\/wp-content\/uploads\/2020\/10\/unnamed-25.jpg\" alt=\"\" class=\"wp-image-74474\" srcset=\"https:\/\/folhapopular.info\/wp-content\/uploads\/2020\/10\/unnamed-25.jpg 800w, https:\/\/folhapopular.info\/wp-content\/uploads\/2020\/10\/unnamed-25-300x115.jpg 300w, https:\/\/folhapopular.info\/wp-content\/uploads\/2020\/10\/unnamed-25-768x294.jpg 768w, https:\/\/folhapopular.info\/wp-content\/uploads\/2020\/10\/unnamed-25-696x266.jpg 696w\" sizes=\"auto, (max-width: 800px) 100vw, 800px\" \/><\/figure>\n\n\n\n<p>Al\u00e9m disso, seis cidades das 23 priorizadas para a an\u00e1lise mensal da GESeg encerraram setembro com zero homic\u00eddios registrados: Cachoeirinha, Iju\u00ed, Lajeado, Sapucaia do Sul, Tramanda\u00ed e Cap\u00e3o da Canoa \u2013 neste \u00faltimo munic\u00edpio, completaram-se cinco meses consecutivos sem nenhuma v\u00edtima de assassinato, o \u00faltimo ocorreu em abril.<\/p>\n\n\n\n<figure class=\"wp-block-image size-large\"><img loading=\"lazy\" decoding=\"async\" width=\"800\" height=\"354\" src=\"https:\/\/folhapopular.info\/wp-content\/uploads\/2020\/10\/unnamed-26.jpg\" alt=\"\" class=\"wp-image-74476\" srcset=\"https:\/\/folhapopular.info\/wp-content\/uploads\/2020\/10\/unnamed-26.jpg 800w, https:\/\/folhapopular.info\/wp-content\/uploads\/2020\/10\/unnamed-26-300x133.jpg 300w, https:\/\/folhapopular.info\/wp-content\/uploads\/2020\/10\/unnamed-26-768x340.jpg 768w, https:\/\/folhapopular.info\/wp-content\/uploads\/2020\/10\/unnamed-26-696x308.jpg 696w\" sizes=\"auto, (max-width: 800px) 100vw, 800px\" \/><\/figure>\n\n\n\n<figure class=\"wp-block-image size-large is-resized\"><img loading=\"lazy\" decoding=\"async\" src=\"https:\/\/folhapopular.info\/wp-content\/uploads\/2020\/10\/unnamed-27.jpg\" alt=\"\" class=\"wp-image-74477\" width=\"800\" height=\"353\" srcset=\"https:\/\/folhapopular.info\/wp-content\/uploads\/2020\/10\/unnamed-27.jpg 800w, https:\/\/folhapopular.info\/wp-content\/uploads\/2020\/10\/unnamed-27-300x132.jpg 300w, https:\/\/folhapopular.info\/wp-content\/uploads\/2020\/10\/unnamed-27-768x339.jpg 768w, https:\/\/folhapopular.info\/wp-content\/uploads\/2020\/10\/unnamed-27-696x307.jpg 696w\" sizes=\"auto, (max-width: 800px) 100vw, 800px\" \/><figcaption>Ataques a banco reduzem 62,3% em setembro<br><\/figcaption><\/figure>\n\n\n\n<p>Entre os crimes patrimoniais, que mantiveram cen\u00e1rio generalizado de redu\u00e7\u00e3o, o destaque \u00e9 a queda acima da metade nos ataques a banco no Estado em setembro. Enquanto o nono m\u00eas de 2019 teve oito ocorr\u00eancias do g\u00eanero, neste ano foram registrados apenas tr\u00eas casos, uma retra\u00e7\u00e3o de 62,5% \u2013 \u00e9 a maior queda percentual e o menor total no per\u00edodo em toda a s\u00e9rie hist\u00f3rica, que a partir de 2012 passou a contabilizar em separado os n\u00fameros de a\u00e7\u00f5es contra estabelecimentos banc\u00e1rios.<\/p>\n\n\n\n<p>A redu\u00e7\u00e3o tamb\u00e9m \u00e9 recorde quando considerado o total acumulado desde janeiro. A soma de casos at\u00e9 setembro caiu de 85 em 2019 para 40 em 2020, baixa de 52,9% \u2013 assim como na leitura mensal, \u00e9 o menor total e a maior diminui\u00e7\u00e3o percentual desde o in\u00edcio da contagem.<\/p>\n\n\n\n<figure class=\"wp-block-image size-large\"><img loading=\"lazy\" decoding=\"async\" width=\"800\" height=\"444\" src=\"https:\/\/folhapopular.info\/wp-content\/uploads\/2020\/10\/unnamed-28.jpg\" alt=\"\" class=\"wp-image-74478\" srcset=\"https:\/\/folhapopular.info\/wp-content\/uploads\/2020\/10\/unnamed-28.jpg 800w, https:\/\/folhapopular.info\/wp-content\/uploads\/2020\/10\/unnamed-28-300x167.jpg 300w, https:\/\/folhapopular.info\/wp-content\/uploads\/2020\/10\/unnamed-28-768x426.jpg 768w, https:\/\/folhapopular.info\/wp-content\/uploads\/2020\/10\/unnamed-28-696x385.jpg 696w, https:\/\/folhapopular.info\/wp-content\/uploads\/2020\/10\/unnamed-28-757x420.jpg 757w\" sizes=\"auto, (max-width: 800px) 100vw, 800px\" \/><\/figure>\n\n\n\n<figure class=\"wp-block-image size-large\"><img loading=\"lazy\" decoding=\"async\" width=\"800\" height=\"443\" src=\"https:\/\/folhapopular.info\/wp-content\/uploads\/2020\/10\/unnamed-29.jpg\" alt=\"\" class=\"wp-image-74480\" srcset=\"https:\/\/folhapopular.info\/wp-content\/uploads\/2020\/10\/unnamed-29.jpg 800w, https:\/\/folhapopular.info\/wp-content\/uploads\/2020\/10\/unnamed-29-300x166.jpg 300w, https:\/\/folhapopular.info\/wp-content\/uploads\/2020\/10\/unnamed-29-768x425.jpg 768w, https:\/\/folhapopular.info\/wp-content\/uploads\/2020\/10\/unnamed-29-696x385.jpg 696w, https:\/\/folhapopular.info\/wp-content\/uploads\/2020\/10\/unnamed-29-758x420.jpg 758w\" sizes=\"auto, (max-width: 800px) 100vw, 800px\" \/><\/figure>\n\n\n\n<p>O trabalho de intelig\u00eancia e pronta-resposta realizado pela Opera\u00e7\u00e3o Angico da Brigada Militar \u00e9 um dos principais fatores para desarticula\u00e7\u00e3o das organiza\u00e7\u00f5es criminosas especializadas em atacar institui\u00e7\u00f5es financeiras.<\/p>\n\n\n\n<p>Em 13 de setembro, um trio de assaltantes que agiu contra uma ag\u00eancia do Sicredi no munic\u00edpio de Itati, no Litoral Norte, foi rapidamente cercado pela mobiliza\u00e7\u00e3o do efetivo da BM. Equipes dos Comandos Regionais do Litoral e da Serra, dos Comandos Rodovi\u00e1rio e Ambiental, do Batalh\u00e3o de Avia\u00e7\u00e3o (BavBM), do Batalh\u00e3o de Opera\u00e7\u00f5es Policiais Especiais (Bope) e do 1\u00ba e 4\u00ba Batalh\u00f5es de Choque (BP Choque) saturaram a regi\u00e3o em poucas horas. Os tr\u00eas assaltantes, localizados embrenhados em uma \u00e1rea de mata, decidiram entrar em confronto com os policiais e acabaram mortos no tiroteio. Nenhum PM ficou ferido. Com o trio, foram apreendidos tr\u00eas fuzis, uma pistola e um rev\u00f3lver. Tamb\u00e9m foi recuperado dinheiro levado do banco.&nbsp;<\/p>\n\n\n\n<p>Roubo a transporte coletivo \u00e9 o menor da s\u00e9rie hist\u00f3rica<\/p>\n\n\n\n<p>Repetindo a tend\u00eancia verificada desde o ano passado, os roubos a transporte coletivo se mant\u00eam no menor n\u00edvel desde que a contabiliza\u00e7\u00e3o em separado desse delito teve in\u00edcio, em 2012, tanto no cen\u00e1rio acumulado quanto no recorte mensal. Em setembro, a queda foi de 150 ocorr\u00eancias em 2019 para 108 neste ano (-28%). Na soma desde janeiro, os 1.082 casos atuais representam 39,5% menos que os 1.789 registrados em igual per\u00edodo do ano anterior.<\/p>\n\n\n\n<figure class=\"wp-block-image size-large\"><img loading=\"lazy\" decoding=\"async\" width=\"800\" height=\"418\" src=\"https:\/\/folhapopular.info\/wp-content\/uploads\/2020\/10\/unnamed-30.jpg\" alt=\"\" class=\"wp-image-74481\" srcset=\"https:\/\/folhapopular.info\/wp-content\/uploads\/2020\/10\/unnamed-30.jpg 800w, https:\/\/folhapopular.info\/wp-content\/uploads\/2020\/10\/unnamed-30-300x157.jpg 300w, https:\/\/folhapopular.info\/wp-content\/uploads\/2020\/10\/unnamed-30-768x401.jpg 768w, https:\/\/folhapopular.info\/wp-content\/uploads\/2020\/10\/unnamed-30-696x364.jpg 696w\" sizes=\"auto, (max-width: 800px) 100vw, 800px\" \/><\/figure>\n\n\n\n<figure class=\"wp-block-image size-large\"><img loading=\"lazy\" decoding=\"async\" width=\"800\" height=\"395\" src=\"https:\/\/folhapopular.info\/wp-content\/uploads\/2020\/10\/unnamed-31.jpg\" alt=\"\" class=\"wp-image-74482\" srcset=\"https:\/\/folhapopular.info\/wp-content\/uploads\/2020\/10\/unnamed-31.jpg 800w, https:\/\/folhapopular.info\/wp-content\/uploads\/2020\/10\/unnamed-31-300x148.jpg 300w, https:\/\/folhapopular.info\/wp-content\/uploads\/2020\/10\/unnamed-31-768x379.jpg 768w, https:\/\/folhapopular.info\/wp-content\/uploads\/2020\/10\/unnamed-31-696x344.jpg 696w, https:\/\/folhapopular.info\/wp-content\/uploads\/2020\/10\/unnamed-31-324x160.jpg 324w\" sizes=\"auto, (max-width: 800px) 100vw, 800px\" \/><\/figure>\n\n\n\n<p>Outros crimes contra patrim\u00f4nio tamb\u00e9m apresentaram queda em setembro desse ano na compara\u00e7\u00e3o com o mesmo m\u00eas em 2019. Os roubos em geral, por exemplo, passaram de 5.079 para 3.207 casos (-24,4%), os furtos, de 9.310 para 6.338 (-31,9%), e os ataques a estabelecimentos comerciais, de 590 para 446 ocorr\u00eancias.<\/p>\n\n\n\n<figure class=\"wp-block-image size-large\"><img loading=\"lazy\" decoding=\"async\" width=\"800\" height=\"352\" src=\"https:\/\/folhapopular.info\/wp-content\/uploads\/2020\/10\/unnamed-32.jpg\" alt=\"\" class=\"wp-image-74483\" srcset=\"https:\/\/folhapopular.info\/wp-content\/uploads\/2020\/10\/unnamed-32.jpg 800w, https:\/\/folhapopular.info\/wp-content\/uploads\/2020\/10\/unnamed-32-300x132.jpg 300w, https:\/\/folhapopular.info\/wp-content\/uploads\/2020\/10\/unnamed-32-768x338.jpg 768w, https:\/\/folhapopular.info\/wp-content\/uploads\/2020\/10\/unnamed-32-696x306.jpg 696w\" sizes=\"auto, (max-width: 800px) 100vw, 800px\" \/><figcaption>Feminic\u00eddios t\u00eam queda pelo quinto m\u00eas consecutivo<\/figcaption><\/figure>\n\n\n\n<p>O refor\u00e7o nas campanhas de conscientiza\u00e7\u00e3o e canais de den\u00fancia, al\u00e9m da intensifica\u00e7\u00e3o nas a\u00e7\u00f5es de repress\u00e3o pelas for\u00e7as de seguran\u00e7a, resultaram em queda nos feminic\u00eddios no RS pelo quinto m\u00eas consecutivo. Foram seis v\u00edtimas em setembro deste ano contra sete no mesmo intervalo de 2019\u00a0(-14%) \u2013 o n\u00famero atual repete 2014, com a menor marca da s\u00e9rie hist\u00f3rica. Com isso, o acumulado de mulheres assassinadas em raz\u00e3o do g\u00eanero desde janeiro de 2020 segue abaixo do registrado em igual per\u00edodo do ano anterior: passou de 70 para 63 v\u00edtimas (-10%).<\/p>\n\n\n\n<figure class=\"wp-block-image size-large is-resized\"><img loading=\"lazy\" decoding=\"async\" src=\"https:\/\/folhapopular.info\/wp-content\/uploads\/2020\/10\/unnamed-33.jpg\" alt=\"\" class=\"wp-image-74484\" width=\"800\" height=\"363\" srcset=\"https:\/\/folhapopular.info\/wp-content\/uploads\/2020\/10\/unnamed-33.jpg 800w, https:\/\/folhapopular.info\/wp-content\/uploads\/2020\/10\/unnamed-33-300x136.jpg 300w, https:\/\/folhapopular.info\/wp-content\/uploads\/2020\/10\/unnamed-33-768x348.jpg 768w, https:\/\/folhapopular.info\/wp-content\/uploads\/2020\/10\/unnamed-33-696x316.jpg 696w\" sizes=\"auto, (max-width: 800px) 100vw, 800px\" \/><\/figure>\n\n\n\n<figure class=\"wp-block-image size-large\"><img loading=\"lazy\" decoding=\"async\" width=\"800\" height=\"426\" src=\"https:\/\/folhapopular.info\/wp-content\/uploads\/2020\/10\/unnamed-34.jpg\" alt=\"\" class=\"wp-image-74485\" srcset=\"https:\/\/folhapopular.info\/wp-content\/uploads\/2020\/10\/unnamed-34.jpg 800w, https:\/\/folhapopular.info\/wp-content\/uploads\/2020\/10\/unnamed-34-300x160.jpg 300w, https:\/\/folhapopular.info\/wp-content\/uploads\/2020\/10\/unnamed-34-768x409.jpg 768w, https:\/\/folhapopular.info\/wp-content\/uploads\/2020\/10\/unnamed-34-696x371.jpg 696w, https:\/\/folhapopular.info\/wp-content\/uploads\/2020\/10\/unnamed-34-789x420.jpg 789w\" sizes=\"auto, (max-width: 800px) 100vw, 800px\" \/><\/figure>\n\n\n\n<p>O cen\u00e1rio tamb\u00e9m \u00e9 de retra\u00e7\u00e3o ou estabilidade no comparativo de acumulados em nove meses de 2019 e 2020 entre os outros quatro indicadores de viol\u00eancia contra a mulher monitorados pela SSP: amea\u00e7as (-13,1%), les\u00f5es corporais (-10,1%), estupros (-1,6%) e tentativas de feminic\u00eddios (-0,8%).<\/p>\n\n\n\n<figure class=\"wp-block-image size-large\"><img loading=\"lazy\" decoding=\"async\" width=\"800\" height=\"423\" src=\"https:\/\/folhapopular.info\/wp-content\/uploads\/2020\/10\/unnamed-35.jpg\" alt=\"\" class=\"wp-image-74486\" srcset=\"https:\/\/folhapopular.info\/wp-content\/uploads\/2020\/10\/unnamed-35.jpg 800w, https:\/\/folhapopular.info\/wp-content\/uploads\/2020\/10\/unnamed-35-300x159.jpg 300w, https:\/\/folhapopular.info\/wp-content\/uploads\/2020\/10\/unnamed-35-768x406.jpg 768w, https:\/\/folhapopular.info\/wp-content\/uploads\/2020\/10\/unnamed-35-696x368.jpg 696w, https:\/\/folhapopular.info\/wp-content\/uploads\/2020\/10\/unnamed-35-794x420.jpg 794w\" sizes=\"auto, (max-width: 800px) 100vw, 800px\" \/><\/figure>\n\n\n\n<p>Na leitura isolada de setembro, houve queda entre as amea\u00e7as (-24,3%), as les\u00f5es corporais<br>(-16,4%) e os estupros (-28,2%). Ponto fora da curva foram as tentativas de feminic\u00eddio no m\u00eas, que dobraram de 14 para 30 (114,3%). O dado refor\u00e7a que a sociedade n\u00e3o deve relaxar no papel ativo de prote\u00e7\u00e3o \u00e0s mulheres, denunciando imediatamente qualquer forma de agress\u00e3o ou abuso. Familiares, amigos, vizinhos e at\u00e9 mesmo desconhecidos podem, e devem, fazer den\u00fancia. A tentativa de feminic\u00eddio \u00e9 o ponto final de um ciclo de viol\u00eancia que, se revelado antes, permite \u00e0s autoridades adotar medidas preventivas para salvar a vida das v\u00edtimas e prender os agressores.<\/p>\n\n\n\n<figure class=\"wp-block-image size-large\"><img loading=\"lazy\" decoding=\"async\" width=\"800\" height=\"423\" src=\"https:\/\/folhapopular.info\/wp-content\/uploads\/2020\/10\/unnamed-36.jpg\" alt=\"\" class=\"wp-image-74487\" srcset=\"https:\/\/folhapopular.info\/wp-content\/uploads\/2020\/10\/unnamed-36.jpg 800w, https:\/\/folhapopular.info\/wp-content\/uploads\/2020\/10\/unnamed-36-300x159.jpg 300w, https:\/\/folhapopular.info\/wp-content\/uploads\/2020\/10\/unnamed-36-768x406.jpg 768w, https:\/\/folhapopular.info\/wp-content\/uploads\/2020\/10\/unnamed-36-696x368.jpg 696w, https:\/\/folhapopular.info\/wp-content\/uploads\/2020\/10\/unnamed-36-794x420.jpg 794w\" sizes=\"auto, (max-width: 800px) 100vw, 800px\" \/><\/figure>\n\n\n\n<p>Al\u00e9m do 190 da Brigada Militar e do 197 da Pol\u00edcia Civil, telefones para acionamento em emerg\u00eancias, suspeitas sobre abusos e agress\u00f5es podem ser notificadas \u00e0s pol\u00edcias pelo Disque Den\u00fancia 181, pelo Den\u00fancia Digital, no site da SSP, ou pelo WhatsApp da Pol\u00edcia Civil: (51) 98444-0606. Em todos os casos, o anonimato \u00e9 garantido.<\/p>\n\n\n\n<p>Latroc\u00ednios acumulam queda de 10,5% no RS<\/p>\n\n\n\n<p>Outro crime contra a vida que acumula redu\u00e7\u00e3o \u00e9 o latroc\u00ednio. Entre janeiro e setembro de 2019, houve 57 roubos com morte em todo o Estado, enquanto o mesmo per\u00edodo deste ano registrou 51 casos \u2013 uma queda de 10,5%. O total atual \u00e9 o menor para o intervalo de nove meses desde 2009, que teve 45 ocorr\u00eancias do tipo.<\/p>\n\n\n\n<figure class=\"wp-block-image size-large\"><img loading=\"lazy\" decoding=\"async\" width=\"800\" height=\"358\" src=\"https:\/\/folhapopular.info\/wp-content\/uploads\/2020\/10\/unnamed-37.jpg\" alt=\"\" class=\"wp-image-74488\" srcset=\"https:\/\/folhapopular.info\/wp-content\/uploads\/2020\/10\/unnamed-37.jpg 800w, https:\/\/folhapopular.info\/wp-content\/uploads\/2020\/10\/unnamed-37-300x134.jpg 300w, https:\/\/folhapopular.info\/wp-content\/uploads\/2020\/10\/unnamed-37-768x344.jpg 768w, https:\/\/folhapopular.info\/wp-content\/uploads\/2020\/10\/unnamed-37-696x311.jpg 696w\" sizes=\"auto, (max-width: 800px) 100vw, 800px\" \/><\/figure>\n\n\n\n<figure class=\"wp-block-image size-large\"><img loading=\"lazy\" decoding=\"async\" width=\"800\" height=\"390\" src=\"https:\/\/folhapopular.info\/wp-content\/uploads\/2020\/10\/unnamed-38.jpg\" alt=\"\" class=\"wp-image-74489\" srcset=\"https:\/\/folhapopular.info\/wp-content\/uploads\/2020\/10\/unnamed-38.jpg 800w, https:\/\/folhapopular.info\/wp-content\/uploads\/2020\/10\/unnamed-38-300x146.jpg 300w, https:\/\/folhapopular.info\/wp-content\/uploads\/2020\/10\/unnamed-38-768x374.jpg 768w, https:\/\/folhapopular.info\/wp-content\/uploads\/2020\/10\/unnamed-38-696x339.jpg 696w, https:\/\/folhapopular.info\/wp-content\/uploads\/2020\/10\/unnamed-38-533x261.jpg 533w\" sizes=\"auto, (max-width: 800px) 100vw, 800px\" \/><\/figure>\n\n\n\n<p>Em setembro, houve um latroc\u00ednio a mais do que no mesmo m\u00eas do ano passado: de quatro para cinco casos. Ainda assim, o n\u00famero se mant\u00e9m abaixo do patamar de 2011, ano em que houve sete ocorr\u00eancias e a partir do qual teve in\u00edcio a escalada de roubos com morte que se manteve at\u00e9 2018.<\/p>\n\n\n\n<p>As tabelas completas est\u00e3o dispon\u00edveis na p\u00e1gina de\u00a0<a href=\"https:\/\/snw11.maxx.mobi\/link.php?M=623999&amp;N=2195&amp;L=351&amp;F=H\" target=\"_blank\" rel=\"noreferrer noopener\">estat\u00edsticas do site da SSP (clique aqui).<\/a><\/p>\n\n\n\n<figure class=\"wp-block-image size-large\"><img loading=\"lazy\" decoding=\"async\" width=\"800\" height=\"415\" src=\"https:\/\/folhapopular.info\/wp-content\/uploads\/2020\/10\/unnamed-39.jpg\" alt=\"\" class=\"wp-image-74490\" srcset=\"https:\/\/folhapopular.info\/wp-content\/uploads\/2020\/10\/unnamed-39.jpg 800w, https:\/\/folhapopular.info\/wp-content\/uploads\/2020\/10\/unnamed-39-300x156.jpg 300w, https:\/\/folhapopular.info\/wp-content\/uploads\/2020\/10\/unnamed-39-768x398.jpg 768w, https:\/\/folhapopular.info\/wp-content\/uploads\/2020\/10\/unnamed-39-696x361.jpg 696w\" sizes=\"auto, (max-width: 800px) 100vw, 800px\" \/><\/figure>\n\n\n\n<figure class=\"wp-block-image size-large\"><img loading=\"lazy\" decoding=\"async\" width=\"800\" height=\"414\" src=\"https:\/\/folhapopular.info\/wp-content\/uploads\/2020\/10\/unnamed-40.jpg\" alt=\"\" class=\"wp-image-74491\" srcset=\"https:\/\/folhapopular.info\/wp-content\/uploads\/2020\/10\/unnamed-40.jpg 800w, https:\/\/folhapopular.info\/wp-content\/uploads\/2020\/10\/unnamed-40-300x155.jpg 300w, https:\/\/folhapopular.info\/wp-content\/uploads\/2020\/10\/unnamed-40-768x397.jpg 768w, https:\/\/folhapopular.info\/wp-content\/uploads\/2020\/10\/unnamed-40-696x360.jpg 696w\" sizes=\"auto, (max-width: 800px) 100vw, 800px\" \/><\/figure>\n","protected":false},"excerpt":{"rendered":"<p>A sequ\u00eancia de redu\u00e7\u00f5es recordes nos indicadores criminais do Rio Grande do Sul, observada desde o ano passado, ganhou uma nova marca em setembro. Pela primeira vez desde que a Secretaria da Seguran\u00e7a P\u00fablica (SSP) iniciou a contabiliza\u00e7\u00e3o, em 2002, o n\u00famero de roubos de ve\u00edculos no Estado ficou abaixo de 500 casos em um [&hellip;]<\/p>\n","protected":false},"author":8,"featured_media":74465,"comment_status":"open","ping_status":"open","sticky":false,"template":"","format":"standard","meta":{"pmpro_default_level":"","_jetpack_memberships_contains_paid_content":false,"footnotes":""},"categories":[2,3],"tags":[176,1794,2630],"class_list":{"0":"post-74464","1":"post","2":"type-post","3":"status-publish","4":"format-standard","5":"has-post-thumbnail","7":"category-featured","8":"category-geral","9":"tag-estado","10":"tag-rio-grande-do-sul","11":"tag-roubo-de-veiculos","12":"pmpro-has-access"},"yoast_head":"<!-- This site is optimized with the Yoast SEO plugin v27.5 - https:\/\/yoast.com\/product\/yoast-seo-wordpress\/ -->\n<title>Roubo de ve\u00edculos cai 39,8% em setembro e fica abaixo de 500 casos pela 1\u00aa vez no RS - Folha Popular<\/title>\n<meta name=\"robots\" content=\"index, follow, max-snippet:-1, max-image-preview:large, max-video-preview:-1\" \/>\n<link rel=\"canonical\" href=\"https:\/\/folhapopular.info\/index.php\/2020\/10\/13\/roubo-de-veiculos-cai-398-em-setembro-e-fica-abaixo-de-500-casos-pela-1a-vez-no-rs\/\" \/>\n<meta property=\"og:locale\" content=\"pt_BR\" \/>\n<meta property=\"og:type\" content=\"article\" \/>\n<meta property=\"og:title\" content=\"Roubo de ve\u00edculos cai 39,8% em setembro e fica abaixo de 500 casos pela 1\u00aa vez no RS - Folha Popular\" \/>\n<meta property=\"og:description\" content=\"A sequ\u00eancia de redu\u00e7\u00f5es recordes nos indicadores criminais do Rio Grande do Sul, observada desde o ano passado, ganhou uma nova marca em setembro. Pela primeira vez desde que a Secretaria da Seguran\u00e7a P\u00fablica (SSP) iniciou a contabiliza\u00e7\u00e3o, em 2002, o n\u00famero de roubos de ve\u00edculos no Estado ficou abaixo de 500 casos em um [&hellip;]\" \/>\n<meta property=\"og:url\" content=\"https:\/\/folhapopular.info\/index.php\/2020\/10\/13\/roubo-de-veiculos-cai-398-em-setembro-e-fica-abaixo-de-500-casos-pela-1a-vez-no-rs\/\" \/>\n<meta property=\"og:site_name\" content=\"Folha Popular\" \/>\n<meta property=\"article:published_time\" content=\"2020-10-13T23:06:18+00:00\" \/>\n<meta property=\"article:modified_time\" content=\"2020-10-13T23:06:22+00:00\" \/>\n<meta property=\"og:image\" content=\"https:\/\/folhapopular.info\/wp-content\/uploads\/2020\/10\/unnamed-17.jpg\" \/>\n\t<meta property=\"og:image:width\" content=\"800\" \/>\n\t<meta property=\"og:image:height\" content=\"450\" \/>\n\t<meta property=\"og:image:type\" content=\"image\/jpeg\" \/>\n<meta name=\"author\" content=\"Reda\u00e7\u00e3o Folha Popular\" \/>\n<meta name=\"twitter:card\" content=\"summary_large_image\" \/>\n<meta name=\"twitter:label1\" content=\"Escrito por\" \/>\n\t<meta name=\"twitter:data1\" content=\"Reda\u00e7\u00e3o Folha Popular\" \/>\n\t<meta name=\"twitter:label2\" content=\"Est. tempo de leitura\" \/>\n\t<meta name=\"twitter:data2\" content=\"10 minutos\" \/>\n<script type=\"application\/ld+json\" class=\"yoast-schema-graph\">{\"@context\":\"https:\\\/\\\/schema.org\",\"@graph\":[{\"@type\":\"Article\",\"@id\":\"https:\\\/\\\/folhapopular.info\\\/index.php\\\/2020\\\/10\\\/13\\\/roubo-de-veiculos-cai-398-em-setembro-e-fica-abaixo-de-500-casos-pela-1a-vez-no-rs\\\/#article\",\"isPartOf\":{\"@id\":\"https:\\\/\\\/folhapopular.info\\\/index.php\\\/2020\\\/10\\\/13\\\/roubo-de-veiculos-cai-398-em-setembro-e-fica-abaixo-de-500-casos-pela-1a-vez-no-rs\\\/\"},\"author\":{\"name\":\"Reda\u00e7\u00e3o Folha Popular\",\"@id\":\"https:\\\/\\\/folhapopular.info\\\/#\\\/schema\\\/person\\\/2814e8a0df7643585a9ca38bc6eb9d4b\"},\"headline\":\"Roubo de ve\u00edculos cai 39,8% em setembro e fica abaixo de 500 casos pela 1\u00aa vez no RS\",\"datePublished\":\"2020-10-13T23:06:18+00:00\",\"dateModified\":\"2020-10-13T23:06:22+00:00\",\"mainEntityOfPage\":{\"@id\":\"https:\\\/\\\/folhapopular.info\\\/index.php\\\/2020\\\/10\\\/13\\\/roubo-de-veiculos-cai-398-em-setembro-e-fica-abaixo-de-500-casos-pela-1a-vez-no-rs\\\/\"},\"wordCount\":2112,\"commentCount\":0,\"image\":{\"@id\":\"https:\\\/\\\/folhapopular.info\\\/index.php\\\/2020\\\/10\\\/13\\\/roubo-de-veiculos-cai-398-em-setembro-e-fica-abaixo-de-500-casos-pela-1a-vez-no-rs\\\/#primaryimage\"},\"thumbnailUrl\":\"https:\\\/\\\/folhapopular.info\\\/wp-content\\\/uploads\\\/2020\\\/10\\\/unnamed-17.jpg\",\"keywords\":[\"Estado\",\"Rio Grande do Sul\",\"Roubo de ve\u00edculos\"],\"articleSection\":[\"Destaques\",\"Geral\"],\"inLanguage\":\"pt-BR\",\"potentialAction\":[{\"@type\":\"CommentAction\",\"name\":\"Comment\",\"target\":[\"https:\\\/\\\/folhapopular.info\\\/index.php\\\/2020\\\/10\\\/13\\\/roubo-de-veiculos-cai-398-em-setembro-e-fica-abaixo-de-500-casos-pela-1a-vez-no-rs\\\/#respond\"]}]},{\"@type\":\"WebPage\",\"@id\":\"https:\\\/\\\/folhapopular.info\\\/index.php\\\/2020\\\/10\\\/13\\\/roubo-de-veiculos-cai-398-em-setembro-e-fica-abaixo-de-500-casos-pela-1a-vez-no-rs\\\/\",\"url\":\"https:\\\/\\\/folhapopular.info\\\/index.php\\\/2020\\\/10\\\/13\\\/roubo-de-veiculos-cai-398-em-setembro-e-fica-abaixo-de-500-casos-pela-1a-vez-no-rs\\\/\",\"name\":\"Roubo de ve\u00edculos cai 39,8% em setembro e fica abaixo de 500 casos pela 1\u00aa vez no RS - Folha Popular\",\"isPartOf\":{\"@id\":\"https:\\\/\\\/folhapopular.info\\\/#website\"},\"primaryImageOfPage\":{\"@id\":\"https:\\\/\\\/folhapopular.info\\\/index.php\\\/2020\\\/10\\\/13\\\/roubo-de-veiculos-cai-398-em-setembro-e-fica-abaixo-de-500-casos-pela-1a-vez-no-rs\\\/#primaryimage\"},\"image\":{\"@id\":\"https:\\\/\\\/folhapopular.info\\\/index.php\\\/2020\\\/10\\\/13\\\/roubo-de-veiculos-cai-398-em-setembro-e-fica-abaixo-de-500-casos-pela-1a-vez-no-rs\\\/#primaryimage\"},\"thumbnailUrl\":\"https:\\\/\\\/folhapopular.info\\\/wp-content\\\/uploads\\\/2020\\\/10\\\/unnamed-17.jpg\",\"datePublished\":\"2020-10-13T23:06:18+00:00\",\"dateModified\":\"2020-10-13T23:06:22+00:00\",\"author\":{\"@id\":\"https:\\\/\\\/folhapopular.info\\\/#\\\/schema\\\/person\\\/2814e8a0df7643585a9ca38bc6eb9d4b\"},\"breadcrumb\":{\"@id\":\"https:\\\/\\\/folhapopular.info\\\/index.php\\\/2020\\\/10\\\/13\\\/roubo-de-veiculos-cai-398-em-setembro-e-fica-abaixo-de-500-casos-pela-1a-vez-no-rs\\\/#breadcrumb\"},\"inLanguage\":\"pt-BR\",\"potentialAction\":[{\"@type\":\"ReadAction\",\"target\":[\"https:\\\/\\\/folhapopular.info\\\/index.php\\\/2020\\\/10\\\/13\\\/roubo-de-veiculos-cai-398-em-setembro-e-fica-abaixo-de-500-casos-pela-1a-vez-no-rs\\\/\"]}]},{\"@type\":\"ImageObject\",\"inLanguage\":\"pt-BR\",\"@id\":\"https:\\\/\\\/folhapopular.info\\\/index.php\\\/2020\\\/10\\\/13\\\/roubo-de-veiculos-cai-398-em-setembro-e-fica-abaixo-de-500-casos-pela-1a-vez-no-rs\\\/#primaryimage\",\"url\":\"https:\\\/\\\/folhapopular.info\\\/wp-content\\\/uploads\\\/2020\\\/10\\\/unnamed-17.jpg\",\"contentUrl\":\"https:\\\/\\\/folhapopular.info\\\/wp-content\\\/uploads\\\/2020\\\/10\\\/unnamed-17.jpg\",\"width\":800,\"height\":450,\"caption\":\"Manuten\u00e7\u00e3o ininterrupta do trabalho das for\u00e7as de seguran\u00e7a foi fundamental para os resultados \\\/ Cr\u00e9dito da foto: Rodrigo Ziebell \\\/ SSP\"},{\"@type\":\"BreadcrumbList\",\"@id\":\"https:\\\/\\\/folhapopular.info\\\/index.php\\\/2020\\\/10\\\/13\\\/roubo-de-veiculos-cai-398-em-setembro-e-fica-abaixo-de-500-casos-pela-1a-vez-no-rs\\\/#breadcrumb\",\"itemListElement\":[{\"@type\":\"ListItem\",\"position\":1,\"name\":\"In\u00edcio\",\"item\":\"https:\\\/\\\/folhapopular.info\\\/\"},{\"@type\":\"ListItem\",\"position\":2,\"name\":\"Roubo de ve\u00edculos cai 39,8% em setembro e fica abaixo de 500 casos pela 1\u00aa vez no RS\"}]},{\"@type\":\"WebSite\",\"@id\":\"https:\\\/\\\/folhapopular.info\\\/#website\",\"url\":\"https:\\\/\\\/folhapopular.info\\\/\",\"name\":\"Folha Popular\",\"description\":\"Onde voc\u00ea tem vez e voz\",\"potentialAction\":[{\"@type\":\"SearchAction\",\"target\":{\"@type\":\"EntryPoint\",\"urlTemplate\":\"https:\\\/\\\/folhapopular.info\\\/?s={search_term_string}\"},\"query-input\":{\"@type\":\"PropertyValueSpecification\",\"valueRequired\":true,\"valueName\":\"search_term_string\"}}],\"inLanguage\":\"pt-BR\"},{\"@type\":\"Person\",\"@id\":\"https:\\\/\\\/folhapopular.info\\\/#\\\/schema\\\/person\\\/2814e8a0df7643585a9ca38bc6eb9d4b\",\"name\":\"Reda\u00e7\u00e3o Folha Popular\",\"image\":{\"@type\":\"ImageObject\",\"inLanguage\":\"pt-BR\",\"@id\":\"https:\\\/\\\/folhapopular.info\\\/wp-content\\\/uploads\\\/2026\\\/04\\\/Folha-1.webp\",\"url\":\"https:\\\/\\\/folhapopular.info\\\/wp-content\\\/uploads\\\/2026\\\/04\\\/Folha-1.webp\",\"contentUrl\":\"https:\\\/\\\/folhapopular.info\\\/wp-content\\\/uploads\\\/2026\\\/04\\\/Folha-1.webp\",\"caption\":\"Reda\u00e7\u00e3o Folha Popular\"},\"url\":\"https:\\\/\\\/folhapopular.info\\\/index.php\\\/author\\\/redacao\\\/\"}]}<\/script>\n<!-- \/ Yoast SEO plugin. -->","yoast_head_json":{"title":"Roubo de ve\u00edculos cai 39,8% em setembro e fica abaixo de 500 casos pela 1\u00aa vez no RS - Folha Popular","robots":{"index":"index","follow":"follow","max-snippet":"max-snippet:-1","max-image-preview":"max-image-preview:large","max-video-preview":"max-video-preview:-1"},"canonical":"https:\/\/folhapopular.info\/index.php\/2020\/10\/13\/roubo-de-veiculos-cai-398-em-setembro-e-fica-abaixo-de-500-casos-pela-1a-vez-no-rs\/","og_locale":"pt_BR","og_type":"article","og_title":"Roubo de ve\u00edculos cai 39,8% em setembro e fica abaixo de 500 casos pela 1\u00aa vez no RS - Folha Popular","og_description":"A sequ\u00eancia de redu\u00e7\u00f5es recordes nos indicadores criminais do Rio Grande do Sul, observada desde o ano passado, ganhou uma nova marca em setembro. Pela primeira vez desde que a Secretaria da Seguran\u00e7a P\u00fablica (SSP) iniciou a contabiliza\u00e7\u00e3o, em 2002, o n\u00famero de roubos de ve\u00edculos no Estado ficou abaixo de 500 casos em um [&hellip;]","og_url":"https:\/\/folhapopular.info\/index.php\/2020\/10\/13\/roubo-de-veiculos-cai-398-em-setembro-e-fica-abaixo-de-500-casos-pela-1a-vez-no-rs\/","og_site_name":"Folha Popular","article_published_time":"2020-10-13T23:06:18+00:00","article_modified_time":"2020-10-13T23:06:22+00:00","og_image":[{"width":800,"height":450,"url":"https:\/\/folhapopular.info\/wp-content\/uploads\/2020\/10\/unnamed-17.jpg","type":"image\/jpeg"}],"author":"Reda\u00e7\u00e3o Folha Popular","twitter_card":"summary_large_image","twitter_misc":{"Escrito por":"Reda\u00e7\u00e3o Folha Popular","Est. tempo de leitura":"10 minutos"},"schema":{"@context":"https:\/\/schema.org","@graph":[{"@type":"Article","@id":"https:\/\/folhapopular.info\/index.php\/2020\/10\/13\/roubo-de-veiculos-cai-398-em-setembro-e-fica-abaixo-de-500-casos-pela-1a-vez-no-rs\/#article","isPartOf":{"@id":"https:\/\/folhapopular.info\/index.php\/2020\/10\/13\/roubo-de-veiculos-cai-398-em-setembro-e-fica-abaixo-de-500-casos-pela-1a-vez-no-rs\/"},"author":{"name":"Reda\u00e7\u00e3o Folha Popular","@id":"https:\/\/folhapopular.info\/#\/schema\/person\/2814e8a0df7643585a9ca38bc6eb9d4b"},"headline":"Roubo de ve\u00edculos cai 39,8% em setembro e fica abaixo de 500 casos pela 1\u00aa vez no RS","datePublished":"2020-10-13T23:06:18+00:00","dateModified":"2020-10-13T23:06:22+00:00","mainEntityOfPage":{"@id":"https:\/\/folhapopular.info\/index.php\/2020\/10\/13\/roubo-de-veiculos-cai-398-em-setembro-e-fica-abaixo-de-500-casos-pela-1a-vez-no-rs\/"},"wordCount":2112,"commentCount":0,"image":{"@id":"https:\/\/folhapopular.info\/index.php\/2020\/10\/13\/roubo-de-veiculos-cai-398-em-setembro-e-fica-abaixo-de-500-casos-pela-1a-vez-no-rs\/#primaryimage"},"thumbnailUrl":"https:\/\/folhapopular.info\/wp-content\/uploads\/2020\/10\/unnamed-17.jpg","keywords":["Estado","Rio Grande do Sul","Roubo de ve\u00edculos"],"articleSection":["Destaques","Geral"],"inLanguage":"pt-BR","potentialAction":[{"@type":"CommentAction","name":"Comment","target":["https:\/\/folhapopular.info\/index.php\/2020\/10\/13\/roubo-de-veiculos-cai-398-em-setembro-e-fica-abaixo-de-500-casos-pela-1a-vez-no-rs\/#respond"]}]},{"@type":"WebPage","@id":"https:\/\/folhapopular.info\/index.php\/2020\/10\/13\/roubo-de-veiculos-cai-398-em-setembro-e-fica-abaixo-de-500-casos-pela-1a-vez-no-rs\/","url":"https:\/\/folhapopular.info\/index.php\/2020\/10\/13\/roubo-de-veiculos-cai-398-em-setembro-e-fica-abaixo-de-500-casos-pela-1a-vez-no-rs\/","name":"Roubo de ve\u00edculos cai 39,8% em setembro e fica abaixo de 500 casos pela 1\u00aa vez no RS - Folha Popular","isPartOf":{"@id":"https:\/\/folhapopular.info\/#website"},"primaryImageOfPage":{"@id":"https:\/\/folhapopular.info\/index.php\/2020\/10\/13\/roubo-de-veiculos-cai-398-em-setembro-e-fica-abaixo-de-500-casos-pela-1a-vez-no-rs\/#primaryimage"},"image":{"@id":"https:\/\/folhapopular.info\/index.php\/2020\/10\/13\/roubo-de-veiculos-cai-398-em-setembro-e-fica-abaixo-de-500-casos-pela-1a-vez-no-rs\/#primaryimage"},"thumbnailUrl":"https:\/\/folhapopular.info\/wp-content\/uploads\/2020\/10\/unnamed-17.jpg","datePublished":"2020-10-13T23:06:18+00:00","dateModified":"2020-10-13T23:06:22+00:00","author":{"@id":"https:\/\/folhapopular.info\/#\/schema\/person\/2814e8a0df7643585a9ca38bc6eb9d4b"},"breadcrumb":{"@id":"https:\/\/folhapopular.info\/index.php\/2020\/10\/13\/roubo-de-veiculos-cai-398-em-setembro-e-fica-abaixo-de-500-casos-pela-1a-vez-no-rs\/#breadcrumb"},"inLanguage":"pt-BR","potentialAction":[{"@type":"ReadAction","target":["https:\/\/folhapopular.info\/index.php\/2020\/10\/13\/roubo-de-veiculos-cai-398-em-setembro-e-fica-abaixo-de-500-casos-pela-1a-vez-no-rs\/"]}]},{"@type":"ImageObject","inLanguage":"pt-BR","@id":"https:\/\/folhapopular.info\/index.php\/2020\/10\/13\/roubo-de-veiculos-cai-398-em-setembro-e-fica-abaixo-de-500-casos-pela-1a-vez-no-rs\/#primaryimage","url":"https:\/\/folhapopular.info\/wp-content\/uploads\/2020\/10\/unnamed-17.jpg","contentUrl":"https:\/\/folhapopular.info\/wp-content\/uploads\/2020\/10\/unnamed-17.jpg","width":800,"height":450,"caption":"Manuten\u00e7\u00e3o ininterrupta do trabalho das for\u00e7as de seguran\u00e7a foi fundamental para os resultados \/ Cr\u00e9dito da foto: Rodrigo Ziebell \/ SSP"},{"@type":"BreadcrumbList","@id":"https:\/\/folhapopular.info\/index.php\/2020\/10\/13\/roubo-de-veiculos-cai-398-em-setembro-e-fica-abaixo-de-500-casos-pela-1a-vez-no-rs\/#breadcrumb","itemListElement":[{"@type":"ListItem","position":1,"name":"In\u00edcio","item":"https:\/\/folhapopular.info\/"},{"@type":"ListItem","position":2,"name":"Roubo de ve\u00edculos cai 39,8% em setembro e fica abaixo de 500 casos pela 1\u00aa vez no RS"}]},{"@type":"WebSite","@id":"https:\/\/folhapopular.info\/#website","url":"https:\/\/folhapopular.info\/","name":"Folha Popular","description":"Onde voc\u00ea tem vez e voz","potentialAction":[{"@type":"SearchAction","target":{"@type":"EntryPoint","urlTemplate":"https:\/\/folhapopular.info\/?s={search_term_string}"},"query-input":{"@type":"PropertyValueSpecification","valueRequired":true,"valueName":"search_term_string"}}],"inLanguage":"pt-BR"},{"@type":"Person","@id":"https:\/\/folhapopular.info\/#\/schema\/person\/2814e8a0df7643585a9ca38bc6eb9d4b","name":"Reda\u00e7\u00e3o Folha Popular","image":{"@type":"ImageObject","inLanguage":"pt-BR","@id":"https:\/\/folhapopular.info\/wp-content\/uploads\/2026\/04\/Folha-1.webp","url":"https:\/\/folhapopular.info\/wp-content\/uploads\/2026\/04\/Folha-1.webp","contentUrl":"https:\/\/folhapopular.info\/wp-content\/uploads\/2026\/04\/Folha-1.webp","caption":"Reda\u00e7\u00e3o Folha Popular"},"url":"https:\/\/folhapopular.info\/index.php\/author\/redacao\/"}]}},"jetpack_featured_media_url":"https:\/\/folhapopular.info\/wp-content\/uploads\/2020\/10\/unnamed-17.jpg","jetpack_sharing_enabled":true,"amp_enabled":true,"_links":{"self":[{"href":"https:\/\/folhapopular.info\/index.php\/wp-json\/wp\/v2\/posts\/74464","targetHints":{"allow":["GET"]}}],"collection":[{"href":"https:\/\/folhapopular.info\/index.php\/wp-json\/wp\/v2\/posts"}],"about":[{"href":"https:\/\/folhapopular.info\/index.php\/wp-json\/wp\/v2\/types\/post"}],"author":[{"embeddable":true,"href":"https:\/\/folhapopular.info\/index.php\/wp-json\/wp\/v2\/users\/8"}],"replies":[{"embeddable":true,"href":"https:\/\/folhapopular.info\/index.php\/wp-json\/wp\/v2\/comments?post=74464"}],"version-history":[{"count":0,"href":"https:\/\/folhapopular.info\/index.php\/wp-json\/wp\/v2\/posts\/74464\/revisions"}],"wp:featuredmedia":[{"embeddable":true,"href":"https:\/\/folhapopular.info\/index.php\/wp-json\/wp\/v2\/media\/74465"}],"wp:attachment":[{"href":"https:\/\/folhapopular.info\/index.php\/wp-json\/wp\/v2\/media?parent=74464"}],"wp:term":[{"taxonomy":"category","embeddable":true,"href":"https:\/\/folhapopular.info\/index.php\/wp-json\/wp\/v2\/categories?post=74464"},{"taxonomy":"post_tag","embeddable":true,"href":"https:\/\/folhapopular.info\/index.php\/wp-json\/wp\/v2\/tags?post=74464"}],"curies":[{"name":"wp","href":"https:\/\/api.w.org\/{rel}","templated":true}]}}