{"id":74578,"date":"2020-10-16T14:55:00","date_gmt":"2020-10-16T17:55:00","guid":{"rendered":"https:\/\/folhapopular.info\/?p=74578"},"modified":"2020-10-16T14:55:04","modified_gmt":"2020-10-16T17:55:04","slug":"corais-municipais-de-teutonia-eternizarao-tradicao-do-canto-coral-em-cd","status":"publish","type":"post","link":"https:\/\/folhapopular.info\/index.php\/2020\/10\/16\/corais-municipais-de-teutonia-eternizarao-tradicao-do-canto-coral-em-cd\/","title":{"rendered":"Corais municipais de Teut\u00f4nia eternizar\u00e3o tradi\u00e7\u00e3o do canto coral em CD"},"content":{"rendered":"\n<p>Teut\u00f4nia \u00e9 a Capital Nacional do Canto Coral. S\u00e3o mais de 50 corais em atividade no munic\u00edpio, sendo uma heran\u00e7a da coloniza\u00e7\u00e3o alem\u00e3, iniciada em 1858. As hist\u00f3rias centen\u00e1rias de muitos destes grupos convergem com o surgimento e o desenvolvimento das comunidades. Como forma de refor\u00e7ar esta identidade, Teut\u00f4nia conta com tr\u00eas corais municipais, que eternizar\u00e3o este legado em um CD.<\/p>\n\n\n\n<p>O disco contar\u00e1 com 12 faixas do Coral Municipal (coral adulto), Coral Municipal Anos Dourados (cantores da Melhor Idade) e Coral Municipal Infantojuvenil. No repert\u00f3rio, estar\u00e3o m\u00fasicas ga\u00fachas e popular. A previs\u00e3o \u00e9 de que os 1 mil CDs que ser\u00e3o produzidos inicialmente estejam \u00e0 disposi\u00e7\u00e3o na metade de dezembro.<\/p>\n\n\n\n<figure class=\"wp-block-image size-large is-resized\"><img loading=\"lazy\" decoding=\"async\" src=\"https:\/\/folhapopular.info\/wp-content\/uploads\/2020\/10\/Coral-Municipal-Anos-Dourados-1024x683.jpg\" alt=\"\" class=\"wp-image-74581\" width=\"1024\" height=\"683\" srcset=\"https:\/\/folhapopular.info\/wp-content\/uploads\/2020\/10\/Coral-Municipal-Anos-Dourados-1024x683.jpg 1024w, https:\/\/folhapopular.info\/wp-content\/uploads\/2020\/10\/Coral-Municipal-Anos-Dourados-300x200.jpg 300w, https:\/\/folhapopular.info\/wp-content\/uploads\/2020\/10\/Coral-Municipal-Anos-Dourados-768x512.jpg 768w, https:\/\/folhapopular.info\/wp-content\/uploads\/2020\/10\/Coral-Municipal-Anos-Dourados-1536x1024.jpg 1536w, https:\/\/folhapopular.info\/wp-content\/uploads\/2020\/10\/Coral-Municipal-Anos-Dourados-2048x1365.jpg 2048w, https:\/\/folhapopular.info\/wp-content\/uploads\/2020\/10\/Coral-Municipal-Anos-Dourados-696x464.jpg 696w, https:\/\/folhapopular.info\/wp-content\/uploads\/2020\/10\/Coral-Municipal-Anos-Dourados-1068x712.jpg 1068w, https:\/\/folhapopular.info\/wp-content\/uploads\/2020\/10\/Coral-Municipal-Anos-Dourados-1920x1280.jpg 1920w, https:\/\/folhapopular.info\/wp-content\/uploads\/2020\/10\/Coral-Municipal-Anos-Dourados-630x420.jpg 630w\" sizes=\"auto, (max-width: 1024px) 100vw, 1024px\" \/><figcaption>Coral Municipal\u00a0Anos Dourados \/ Cr\u00e9dito da foto: \u00c9dson Lu\u00eds Schaeffer \/ Arquivo \/ Divulga\u00e7\u00e3o<\/figcaption><\/figure>\n\n\n\n<p>Na ter\u00e7a-feira, dia 16 de outubro, ocorreu a assinatura do contrato com a empresa G. de Souza Educa\u00e7\u00e3o Musical, de Roca Sales, que far\u00e1 a pr\u00e9-produ\u00e7\u00e3o, grava\u00e7\u00e3o, edi\u00e7\u00e3o, mixagem e masteriza\u00e7\u00e3o do CD, bem como a produ\u00e7\u00e3o de foto e arte da capa e a duplica\u00e7\u00e3o do disco em 1 mil c\u00f3pias. O investimento previsto \u00e9 de R$ 17.500,00.<\/p>\n\n\n\n<p>Toda a capta\u00e7\u00e3o do \u00e1udio para o CD j\u00e1 foi feita. Devido \u00e0 pandemia do Covi-19, os corais n\u00e3o puderam se encontrar para gravar em grupo. Assim, a grava\u00e7\u00e3o foi feita individualmente, ou seja, cada coralista, mediante agendamento, gravou a sua voz. Desta forma, cada voz precisa ser editada, para ent\u00e3o realizar \u00a0a sincroniza\u00e7\u00e3o para dar a sonoridade do canto coral. Agora, iniciam as edi\u00e7\u00f5es de \u00e1udio e elabora\u00e7\u00e3o do encarte para posteriormente fazer a duplica\u00e7\u00e3o.<\/p>\n\n\n\n<figure class=\"wp-block-image size-large is-resized\"><img loading=\"lazy\" decoding=\"async\" src=\"https:\/\/folhapopular.info\/wp-content\/uploads\/2020\/10\/Cada-coralista-gravou-sua-voz-individualmente-4-768x1024.jpg\" alt=\"\" class=\"wp-image-74583\" width=\"768\" height=\"1024\" srcset=\"https:\/\/folhapopular.info\/wp-content\/uploads\/2020\/10\/Cada-coralista-gravou-sua-voz-individualmente-4-768x1024.jpg 768w, https:\/\/folhapopular.info\/wp-content\/uploads\/2020\/10\/Cada-coralista-gravou-sua-voz-individualmente-4-225x300.jpg 225w, https:\/\/folhapopular.info\/wp-content\/uploads\/2020\/10\/Cada-coralista-gravou-sua-voz-individualmente-4-1152x1536.jpg 1152w, https:\/\/folhapopular.info\/wp-content\/uploads\/2020\/10\/Cada-coralista-gravou-sua-voz-individualmente-4-1536x2048.jpg 1536w, https:\/\/folhapopular.info\/wp-content\/uploads\/2020\/10\/Cada-coralista-gravou-sua-voz-individualmente-4-696x928.jpg 696w, https:\/\/folhapopular.info\/wp-content\/uploads\/2020\/10\/Cada-coralista-gravou-sua-voz-individualmente-4-1068x1424.jpg 1068w, https:\/\/folhapopular.info\/wp-content\/uploads\/2020\/10\/Cada-coralista-gravou-sua-voz-individualmente-4-scaled.jpg 1920w, https:\/\/folhapopular.info\/wp-content\/uploads\/2020\/10\/Cada-coralista-gravou-sua-voz-individualmente-4-315x420.jpg 315w\" sizes=\"auto, (max-width: 768px) 100vw, 768px\" \/><figcaption>Cada coralista gravou sua voz individualmente \/ Cr\u00e9dito da foto: divulga\u00e7\u00e3o<\/figcaption><\/figure>\n\n\n\n<p>O CD visa eternizar um per\u00edodo de conquistas para o Movimento Canto Coral de Teut\u00f4nia, com destaque para as leis de cria\u00e7\u00e3o dos tr\u00eas coros municipais e o t\u00edtulo de Capital Nacional de Canto Coral, auferido ao munic\u00edpio por meio da Lei Federal n\u00ba 13.563\/2017. O projeto para tornar Teut\u00f4nia a Capital Nacional do Canto Coral tramitou no Congresso Nacional por cerca de sete anos, sendo sancionado pelo ent\u00e3o presidente Michel Temer no dia 21 de dezembro de 2017.<\/p>\n\n\n\n<p>Os tr\u00eas corais municipais tamb\u00e9m t\u00eam se reinventado durante a pandemia. Os ensaios foram mantidos, mas de forma virtual, sendo que ao longo do per\u00edodo sem os encontros presenciais foram produzidos v\u00e1rios mosaicos culturais que viralizaram nas redes sociais. O Coral Municipal Infantojuvenil est\u00e1 sob reg\u00eancia do maestro Marlon Gaussmann, enquanto os corais Municipal e Anos Dourado est\u00e3o sob reg\u00eancia do Martin Altevogt.<\/p>\n","protected":false},"excerpt":{"rendered":"<p>Teut\u00f4nia \u00e9 a Capital Nacional do Canto Coral. S\u00e3o mais de 50 corais em atividade no munic\u00edpio, sendo uma heran\u00e7a da coloniza\u00e7\u00e3o alem\u00e3, iniciada em 1858. As hist\u00f3rias centen\u00e1rias de muitos destes grupos convergem com o surgimento e o desenvolvimento das comunidades. Como forma de refor\u00e7ar esta identidade, Teut\u00f4nia conta com tr\u00eas corais municipais, que [&hellip;]<\/p>\n","protected":false},"author":8,"featured_media":74580,"comment_status":"open","ping_status":"open","sticky":false,"template":"","format":"standard","meta":{"pmpro_default_level":"","_jetpack_memberships_contains_paid_content":false,"footnotes":""},"categories":[2,6],"tags":[6192,552,26],"class_list":{"0":"post-74578","1":"post","2":"type-post","3":"status-publish","4":"format-standard","5":"has-post-thumbnail","7":"category-featured","8":"category-inclusive","9":"tag-cd","10":"tag-corais","11":"tag-teutonia","12":"pmpro-has-access"},"yoast_head":"<!-- This site is optimized with the Yoast SEO plugin v27.5 - https:\/\/yoast.com\/product\/yoast-seo-wordpress\/ -->\n<title>Corais municipais de Teut\u00f4nia eternizar\u00e3o tradi\u00e7\u00e3o do canto coral em CD - Folha Popular<\/title>\n<meta name=\"robots\" content=\"index, follow, max-snippet:-1, max-image-preview:large, max-video-preview:-1\" \/>\n<link rel=\"canonical\" href=\"https:\/\/folhapopular.info\/index.php\/2020\/10\/16\/corais-municipais-de-teutonia-eternizarao-tradicao-do-canto-coral-em-cd\/\" \/>\n<meta property=\"og:locale\" content=\"pt_BR\" \/>\n<meta property=\"og:type\" content=\"article\" \/>\n<meta property=\"og:title\" content=\"Corais municipais de Teut\u00f4nia eternizar\u00e3o tradi\u00e7\u00e3o do canto coral em CD - Folha Popular\" \/>\n<meta property=\"og:description\" content=\"Teut\u00f4nia \u00e9 a Capital Nacional do Canto Coral. S\u00e3o mais de 50 corais em atividade no munic\u00edpio, sendo uma heran\u00e7a da coloniza\u00e7\u00e3o alem\u00e3, iniciada em 1858. As hist\u00f3rias centen\u00e1rias de muitos destes grupos convergem com o surgimento e o desenvolvimento das comunidades. Como forma de refor\u00e7ar esta identidade, Teut\u00f4nia conta com tr\u00eas corais municipais, que [&hellip;]\" \/>\n<meta property=\"og:url\" content=\"https:\/\/folhapopular.info\/index.php\/2020\/10\/16\/corais-municipais-de-teutonia-eternizarao-tradicao-do-canto-coral-em-cd\/\" \/>\n<meta property=\"og:site_name\" content=\"Folha Popular\" \/>\n<meta property=\"article:published_time\" content=\"2020-10-16T17:55:00+00:00\" \/>\n<meta property=\"article:modified_time\" content=\"2020-10-16T17:55:04+00:00\" \/>\n<meta property=\"og:image\" content=\"https:\/\/folhapopular.info\/wp-content\/uploads\/2020\/10\/Coral-Municipal-Infantojuvenil-scaled-e1602870621301.jpg\" \/>\n\t<meta property=\"og:image:width\" content=\"800\" \/>\n\t<meta property=\"og:image:height\" content=\"533\" \/>\n\t<meta property=\"og:image:type\" content=\"image\/jpeg\" \/>\n<meta name=\"author\" content=\"Reda\u00e7\u00e3o Folha Popular\" \/>\n<meta name=\"twitter:card\" content=\"summary_large_image\" \/>\n<meta name=\"twitter:label1\" content=\"Escrito por\" \/>\n\t<meta name=\"twitter:data1\" content=\"Reda\u00e7\u00e3o Folha Popular\" \/>\n\t<meta name=\"twitter:label2\" content=\"Est. tempo de leitura\" \/>\n\t<meta name=\"twitter:data2\" content=\"2 minutos\" \/>\n<script type=\"application\/ld+json\" class=\"yoast-schema-graph\">{\"@context\":\"https:\\\/\\\/schema.org\",\"@graph\":[{\"@type\":\"Article\",\"@id\":\"https:\\\/\\\/folhapopular.info\\\/index.php\\\/2020\\\/10\\\/16\\\/corais-municipais-de-teutonia-eternizarao-tradicao-do-canto-coral-em-cd\\\/#article\",\"isPartOf\":{\"@id\":\"https:\\\/\\\/folhapopular.info\\\/index.php\\\/2020\\\/10\\\/16\\\/corais-municipais-de-teutonia-eternizarao-tradicao-do-canto-coral-em-cd\\\/\"},\"author\":{\"name\":\"Reda\u00e7\u00e3o Folha Popular\",\"@id\":\"https:\\\/\\\/folhapopular.info\\\/#\\\/schema\\\/person\\\/2814e8a0df7643585a9ca38bc6eb9d4b\"},\"headline\":\"Corais municipais de Teut\u00f4nia eternizar\u00e3o tradi\u00e7\u00e3o do canto coral em CD\",\"datePublished\":\"2020-10-16T17:55:00+00:00\",\"dateModified\":\"2020-10-16T17:55:04+00:00\",\"mainEntityOfPage\":{\"@id\":\"https:\\\/\\\/folhapopular.info\\\/index.php\\\/2020\\\/10\\\/16\\\/corais-municipais-de-teutonia-eternizarao-tradicao-do-canto-coral-em-cd\\\/\"},\"wordCount\":466,\"commentCount\":0,\"image\":{\"@id\":\"https:\\\/\\\/folhapopular.info\\\/index.php\\\/2020\\\/10\\\/16\\\/corais-municipais-de-teutonia-eternizarao-tradicao-do-canto-coral-em-cd\\\/#primaryimage\"},\"thumbnailUrl\":\"https:\\\/\\\/folhapopular.info\\\/wp-content\\\/uploads\\\/2020\\\/10\\\/Coral-Municipal-Infantojuvenil-scaled-e1602870621301.jpg\",\"keywords\":[\"CD\",\"Corais\",\"Teut\u00f4nia\"],\"articleSection\":[\"Destaques\",\"Inclusive\"],\"inLanguage\":\"pt-BR\",\"potentialAction\":[{\"@type\":\"CommentAction\",\"name\":\"Comment\",\"target\":[\"https:\\\/\\\/folhapopular.info\\\/index.php\\\/2020\\\/10\\\/16\\\/corais-municipais-de-teutonia-eternizarao-tradicao-do-canto-coral-em-cd\\\/#respond\"]}]},{\"@type\":\"WebPage\",\"@id\":\"https:\\\/\\\/folhapopular.info\\\/index.php\\\/2020\\\/10\\\/16\\\/corais-municipais-de-teutonia-eternizarao-tradicao-do-canto-coral-em-cd\\\/\",\"url\":\"https:\\\/\\\/folhapopular.info\\\/index.php\\\/2020\\\/10\\\/16\\\/corais-municipais-de-teutonia-eternizarao-tradicao-do-canto-coral-em-cd\\\/\",\"name\":\"Corais municipais de Teut\u00f4nia eternizar\u00e3o tradi\u00e7\u00e3o do canto coral em CD - Folha Popular\",\"isPartOf\":{\"@id\":\"https:\\\/\\\/folhapopular.info\\\/#website\"},\"primaryImageOfPage\":{\"@id\":\"https:\\\/\\\/folhapopular.info\\\/index.php\\\/2020\\\/10\\\/16\\\/corais-municipais-de-teutonia-eternizarao-tradicao-do-canto-coral-em-cd\\\/#primaryimage\"},\"image\":{\"@id\":\"https:\\\/\\\/folhapopular.info\\\/index.php\\\/2020\\\/10\\\/16\\\/corais-municipais-de-teutonia-eternizarao-tradicao-do-canto-coral-em-cd\\\/#primaryimage\"},\"thumbnailUrl\":\"https:\\\/\\\/folhapopular.info\\\/wp-content\\\/uploads\\\/2020\\\/10\\\/Coral-Municipal-Infantojuvenil-scaled-e1602870621301.jpg\",\"datePublished\":\"2020-10-16T17:55:00+00:00\",\"dateModified\":\"2020-10-16T17:55:04+00:00\",\"author\":{\"@id\":\"https:\\\/\\\/folhapopular.info\\\/#\\\/schema\\\/person\\\/2814e8a0df7643585a9ca38bc6eb9d4b\"},\"breadcrumb\":{\"@id\":\"https:\\\/\\\/folhapopular.info\\\/index.php\\\/2020\\\/10\\\/16\\\/corais-municipais-de-teutonia-eternizarao-tradicao-do-canto-coral-em-cd\\\/#breadcrumb\"},\"inLanguage\":\"pt-BR\",\"potentialAction\":[{\"@type\":\"ReadAction\",\"target\":[\"https:\\\/\\\/folhapopular.info\\\/index.php\\\/2020\\\/10\\\/16\\\/corais-municipais-de-teutonia-eternizarao-tradicao-do-canto-coral-em-cd\\\/\"]}]},{\"@type\":\"ImageObject\",\"inLanguage\":\"pt-BR\",\"@id\":\"https:\\\/\\\/folhapopular.info\\\/index.php\\\/2020\\\/10\\\/16\\\/corais-municipais-de-teutonia-eternizarao-tradicao-do-canto-coral-em-cd\\\/#primaryimage\",\"url\":\"https:\\\/\\\/folhapopular.info\\\/wp-content\\\/uploads\\\/2020\\\/10\\\/Coral-Municipal-Infantojuvenil-scaled-e1602870621301.jpg\",\"contentUrl\":\"https:\\\/\\\/folhapopular.info\\\/wp-content\\\/uploads\\\/2020\\\/10\\\/Coral-Municipal-Infantojuvenil-scaled-e1602870621301.jpg\",\"width\":800,\"height\":533,\"caption\":\"Coral Municipal Infantojuvenil \\\/ Cr\u00e9dito da foto: \u00c9dson Lu\u00eds Schaeffer\\\/ Arquivo \\\/ Divulga\u00e7\u00e3o\"},{\"@type\":\"BreadcrumbList\",\"@id\":\"https:\\\/\\\/folhapopular.info\\\/index.php\\\/2020\\\/10\\\/16\\\/corais-municipais-de-teutonia-eternizarao-tradicao-do-canto-coral-em-cd\\\/#breadcrumb\",\"itemListElement\":[{\"@type\":\"ListItem\",\"position\":1,\"name\":\"In\u00edcio\",\"item\":\"https:\\\/\\\/folhapopular.info\\\/\"},{\"@type\":\"ListItem\",\"position\":2,\"name\":\"Corais municipais de Teut\u00f4nia eternizar\u00e3o tradi\u00e7\u00e3o do canto coral em CD\"}]},{\"@type\":\"WebSite\",\"@id\":\"https:\\\/\\\/folhapopular.info\\\/#website\",\"url\":\"https:\\\/\\\/folhapopular.info\\\/\",\"name\":\"Folha Popular\",\"description\":\"Onde voc\u00ea tem vez e voz\",\"potentialAction\":[{\"@type\":\"SearchAction\",\"target\":{\"@type\":\"EntryPoint\",\"urlTemplate\":\"https:\\\/\\\/folhapopular.info\\\/?s={search_term_string}\"},\"query-input\":{\"@type\":\"PropertyValueSpecification\",\"valueRequired\":true,\"valueName\":\"search_term_string\"}}],\"inLanguage\":\"pt-BR\"},{\"@type\":\"Person\",\"@id\":\"https:\\\/\\\/folhapopular.info\\\/#\\\/schema\\\/person\\\/2814e8a0df7643585a9ca38bc6eb9d4b\",\"name\":\"Reda\u00e7\u00e3o Folha Popular\",\"image\":{\"@type\":\"ImageObject\",\"inLanguage\":\"pt-BR\",\"@id\":\"https:\\\/\\\/folhapopular.info\\\/wp-content\\\/uploads\\\/2026\\\/04\\\/Folha-1.webp\",\"url\":\"https:\\\/\\\/folhapopular.info\\\/wp-content\\\/uploads\\\/2026\\\/04\\\/Folha-1.webp\",\"contentUrl\":\"https:\\\/\\\/folhapopular.info\\\/wp-content\\\/uploads\\\/2026\\\/04\\\/Folha-1.webp\",\"caption\":\"Reda\u00e7\u00e3o Folha Popular\"},\"url\":\"https:\\\/\\\/folhapopular.info\\\/index.php\\\/author\\\/redacao\\\/\"}]}<\/script>\n<!-- \/ Yoast SEO plugin. -->","yoast_head_json":{"title":"Corais municipais de Teut\u00f4nia eternizar\u00e3o tradi\u00e7\u00e3o do canto coral em CD - Folha Popular","robots":{"index":"index","follow":"follow","max-snippet":"max-snippet:-1","max-image-preview":"max-image-preview:large","max-video-preview":"max-video-preview:-1"},"canonical":"https:\/\/folhapopular.info\/index.php\/2020\/10\/16\/corais-municipais-de-teutonia-eternizarao-tradicao-do-canto-coral-em-cd\/","og_locale":"pt_BR","og_type":"article","og_title":"Corais municipais de Teut\u00f4nia eternizar\u00e3o tradi\u00e7\u00e3o do canto coral em CD - Folha Popular","og_description":"Teut\u00f4nia \u00e9 a Capital Nacional do Canto Coral. S\u00e3o mais de 50 corais em atividade no munic\u00edpio, sendo uma heran\u00e7a da coloniza\u00e7\u00e3o alem\u00e3, iniciada em 1858. As hist\u00f3rias centen\u00e1rias de muitos destes grupos convergem com o surgimento e o desenvolvimento das comunidades. Como forma de refor\u00e7ar esta identidade, Teut\u00f4nia conta com tr\u00eas corais municipais, que [&hellip;]","og_url":"https:\/\/folhapopular.info\/index.php\/2020\/10\/16\/corais-municipais-de-teutonia-eternizarao-tradicao-do-canto-coral-em-cd\/","og_site_name":"Folha Popular","article_published_time":"2020-10-16T17:55:00+00:00","article_modified_time":"2020-10-16T17:55:04+00:00","og_image":[{"width":800,"height":533,"url":"https:\/\/folhapopular.info\/wp-content\/uploads\/2020\/10\/Coral-Municipal-Infantojuvenil-scaled-e1602870621301.jpg","type":"image\/jpeg"}],"author":"Reda\u00e7\u00e3o Folha Popular","twitter_card":"summary_large_image","twitter_misc":{"Escrito por":"Reda\u00e7\u00e3o Folha Popular","Est. tempo de leitura":"2 minutos"},"schema":{"@context":"https:\/\/schema.org","@graph":[{"@type":"Article","@id":"https:\/\/folhapopular.info\/index.php\/2020\/10\/16\/corais-municipais-de-teutonia-eternizarao-tradicao-do-canto-coral-em-cd\/#article","isPartOf":{"@id":"https:\/\/folhapopular.info\/index.php\/2020\/10\/16\/corais-municipais-de-teutonia-eternizarao-tradicao-do-canto-coral-em-cd\/"},"author":{"name":"Reda\u00e7\u00e3o Folha Popular","@id":"https:\/\/folhapopular.info\/#\/schema\/person\/2814e8a0df7643585a9ca38bc6eb9d4b"},"headline":"Corais municipais de Teut\u00f4nia eternizar\u00e3o tradi\u00e7\u00e3o do canto coral em CD","datePublished":"2020-10-16T17:55:00+00:00","dateModified":"2020-10-16T17:55:04+00:00","mainEntityOfPage":{"@id":"https:\/\/folhapopular.info\/index.php\/2020\/10\/16\/corais-municipais-de-teutonia-eternizarao-tradicao-do-canto-coral-em-cd\/"},"wordCount":466,"commentCount":0,"image":{"@id":"https:\/\/folhapopular.info\/index.php\/2020\/10\/16\/corais-municipais-de-teutonia-eternizarao-tradicao-do-canto-coral-em-cd\/#primaryimage"},"thumbnailUrl":"https:\/\/folhapopular.info\/wp-content\/uploads\/2020\/10\/Coral-Municipal-Infantojuvenil-scaled-e1602870621301.jpg","keywords":["CD","Corais","Teut\u00f4nia"],"articleSection":["Destaques","Inclusive"],"inLanguage":"pt-BR","potentialAction":[{"@type":"CommentAction","name":"Comment","target":["https:\/\/folhapopular.info\/index.php\/2020\/10\/16\/corais-municipais-de-teutonia-eternizarao-tradicao-do-canto-coral-em-cd\/#respond"]}]},{"@type":"WebPage","@id":"https:\/\/folhapopular.info\/index.php\/2020\/10\/16\/corais-municipais-de-teutonia-eternizarao-tradicao-do-canto-coral-em-cd\/","url":"https:\/\/folhapopular.info\/index.php\/2020\/10\/16\/corais-municipais-de-teutonia-eternizarao-tradicao-do-canto-coral-em-cd\/","name":"Corais municipais de Teut\u00f4nia eternizar\u00e3o tradi\u00e7\u00e3o do canto coral em CD - Folha Popular","isPartOf":{"@id":"https:\/\/folhapopular.info\/#website"},"primaryImageOfPage":{"@id":"https:\/\/folhapopular.info\/index.php\/2020\/10\/16\/corais-municipais-de-teutonia-eternizarao-tradicao-do-canto-coral-em-cd\/#primaryimage"},"image":{"@id":"https:\/\/folhapopular.info\/index.php\/2020\/10\/16\/corais-municipais-de-teutonia-eternizarao-tradicao-do-canto-coral-em-cd\/#primaryimage"},"thumbnailUrl":"https:\/\/folhapopular.info\/wp-content\/uploads\/2020\/10\/Coral-Municipal-Infantojuvenil-scaled-e1602870621301.jpg","datePublished":"2020-10-16T17:55:00+00:00","dateModified":"2020-10-16T17:55:04+00:00","author":{"@id":"https:\/\/folhapopular.info\/#\/schema\/person\/2814e8a0df7643585a9ca38bc6eb9d4b"},"breadcrumb":{"@id":"https:\/\/folhapopular.info\/index.php\/2020\/10\/16\/corais-municipais-de-teutonia-eternizarao-tradicao-do-canto-coral-em-cd\/#breadcrumb"},"inLanguage":"pt-BR","potentialAction":[{"@type":"ReadAction","target":["https:\/\/folhapopular.info\/index.php\/2020\/10\/16\/corais-municipais-de-teutonia-eternizarao-tradicao-do-canto-coral-em-cd\/"]}]},{"@type":"ImageObject","inLanguage":"pt-BR","@id":"https:\/\/folhapopular.info\/index.php\/2020\/10\/16\/corais-municipais-de-teutonia-eternizarao-tradicao-do-canto-coral-em-cd\/#primaryimage","url":"https:\/\/folhapopular.info\/wp-content\/uploads\/2020\/10\/Coral-Municipal-Infantojuvenil-scaled-e1602870621301.jpg","contentUrl":"https:\/\/folhapopular.info\/wp-content\/uploads\/2020\/10\/Coral-Municipal-Infantojuvenil-scaled-e1602870621301.jpg","width":800,"height":533,"caption":"Coral Municipal Infantojuvenil \/ Cr\u00e9dito da foto: \u00c9dson Lu\u00eds Schaeffer\/ Arquivo \/ Divulga\u00e7\u00e3o"},{"@type":"BreadcrumbList","@id":"https:\/\/folhapopular.info\/index.php\/2020\/10\/16\/corais-municipais-de-teutonia-eternizarao-tradicao-do-canto-coral-em-cd\/#breadcrumb","itemListElement":[{"@type":"ListItem","position":1,"name":"In\u00edcio","item":"https:\/\/folhapopular.info\/"},{"@type":"ListItem","position":2,"name":"Corais municipais de Teut\u00f4nia eternizar\u00e3o tradi\u00e7\u00e3o do canto coral em CD"}]},{"@type":"WebSite","@id":"https:\/\/folhapopular.info\/#website","url":"https:\/\/folhapopular.info\/","name":"Folha Popular","description":"Onde voc\u00ea tem vez e voz","potentialAction":[{"@type":"SearchAction","target":{"@type":"EntryPoint","urlTemplate":"https:\/\/folhapopular.info\/?s={search_term_string}"},"query-input":{"@type":"PropertyValueSpecification","valueRequired":true,"valueName":"search_term_string"}}],"inLanguage":"pt-BR"},{"@type":"Person","@id":"https:\/\/folhapopular.info\/#\/schema\/person\/2814e8a0df7643585a9ca38bc6eb9d4b","name":"Reda\u00e7\u00e3o Folha Popular","image":{"@type":"ImageObject","inLanguage":"pt-BR","@id":"https:\/\/folhapopular.info\/wp-content\/uploads\/2026\/04\/Folha-1.webp","url":"https:\/\/folhapopular.info\/wp-content\/uploads\/2026\/04\/Folha-1.webp","contentUrl":"https:\/\/folhapopular.info\/wp-content\/uploads\/2026\/04\/Folha-1.webp","caption":"Reda\u00e7\u00e3o Folha Popular"},"url":"https:\/\/folhapopular.info\/index.php\/author\/redacao\/"}]}},"jetpack_featured_media_url":"https:\/\/folhapopular.info\/wp-content\/uploads\/2020\/10\/Coral-Municipal-Infantojuvenil-scaled-e1602870621301.jpg","jetpack_sharing_enabled":true,"amp_enabled":true,"_links":{"self":[{"href":"https:\/\/folhapopular.info\/index.php\/wp-json\/wp\/v2\/posts\/74578","targetHints":{"allow":["GET"]}}],"collection":[{"href":"https:\/\/folhapopular.info\/index.php\/wp-json\/wp\/v2\/posts"}],"about":[{"href":"https:\/\/folhapopular.info\/index.php\/wp-json\/wp\/v2\/types\/post"}],"author":[{"embeddable":true,"href":"https:\/\/folhapopular.info\/index.php\/wp-json\/wp\/v2\/users\/8"}],"replies":[{"embeddable":true,"href":"https:\/\/folhapopular.info\/index.php\/wp-json\/wp\/v2\/comments?post=74578"}],"version-history":[{"count":0,"href":"https:\/\/folhapopular.info\/index.php\/wp-json\/wp\/v2\/posts\/74578\/revisions"}],"wp:featuredmedia":[{"embeddable":true,"href":"https:\/\/folhapopular.info\/index.php\/wp-json\/wp\/v2\/media\/74580"}],"wp:attachment":[{"href":"https:\/\/folhapopular.info\/index.php\/wp-json\/wp\/v2\/media?parent=74578"}],"wp:term":[{"taxonomy":"category","embeddable":true,"href":"https:\/\/folhapopular.info\/index.php\/wp-json\/wp\/v2\/categories?post=74578"},{"taxonomy":"post_tag","embeddable":true,"href":"https:\/\/folhapopular.info\/index.php\/wp-json\/wp\/v2\/tags?post=74578"}],"curies":[{"name":"wp","href":"https:\/\/api.w.org\/{rel}","templated":true}]}}