{"id":74672,"date":"2020-10-19T15:13:06","date_gmt":"2020-10-19T18:13:06","guid":{"rendered":"https:\/\/folhapopular.info\/?p=74672"},"modified":"2020-10-19T15:13:10","modified_gmt":"2020-10-19T18:13:10","slug":"instituto-geral-de-pericias-forma-novos-69-servidores","status":"publish","type":"post","link":"https:\/\/folhapopular.info\/index.php\/2020\/10\/19\/instituto-geral-de-pericias-forma-novos-69-servidores\/","title":{"rendered":"Instituto-Geral de Per\u00edcias forma novos 69 servidores"},"content":{"rendered":"\n<p>O governo do Estado ganhou um refor\u00e7o no combate ao crime no Rio Grande do Sul. Na manh\u00e3 desta segunda-feira (19\/10), em evento virtual, o Instituto-Geral de Per\u00edcias (IGP) formou 69 novos agentes&nbsp;\u2013&nbsp;21 peritos criminais, 20 peritos m\u00e9dicos-legistas e 28 t\u00e9cnicos em per\u00edcias.<\/p>\n\n\n\n<p>O governador Eduardo Leite foi o paraninfo da turma. &#8220;Escolher o IGP \u00e9 fazer a escolha de se colocar a servi\u00e7o da sociedade. N\u00e3o se trata, portanto, de uma mera oportunidade de emprego com remunera\u00e7\u00e3o. \u00c9 claro que \u00e9 uma profiss\u00e3o, e uma profiss\u00e3o pela qual ser\u00e3o remunerados, mas \u00e9 muito mais do que isso. E tamb\u00e9m por isso minha manifesta\u00e7\u00e3o deve ser aquela de reconvoc\u00e1-los a esse esp\u00edrito que os guiou at\u00e9 aqui. Lembrem-se desta miss\u00e3o todos os dias, quando depararem com dificuldades\u201d, afirmou.<\/p>\n\n\n\n<p>Devido ao distanciamento social imposto pela pandemia de coronav\u00edrus, a cerim\u00f4nia foi realizada virtualmente. Familiares e amigos dos formandos puderam acompanhar a transmiss\u00e3o da solenidade pelo Youtube.<\/p>\n\n\n\n<p>\u201cAguard\u00e1vamos ansiosamente por esses formandos. O IGP n\u00e3o tem um n\u00famero muito grande de servidores, somos cerca de 1 mil, ent\u00e3o, esses 69 agentes acrescentam muito \u00e0s nossas equipes de trabalho. S\u00e3o 69 profissionais divididos em tr\u00eas cargos diferentes e cada cargo \u00e9 respons\u00e1vel por uma s\u00e9rie de exames periciais, ent\u00e3o se trata um refor\u00e7o muito grande \u00e0s equipes\u201d, destacou a diretora-geral do IGP, Heloisa Helena Kuser.<\/p>\n\n\n\n<figure class=\"wp-block-image size-large is-resized\"><img loading=\"lazy\" decoding=\"async\" src=\"https:\/\/folhapopular.info\/wp-content\/uploads\/2020\/10\/unnamed-57.jpg\" alt=\"\" class=\"wp-image-74673\" width=\"800\" height=\"533\" srcset=\"https:\/\/folhapopular.info\/wp-content\/uploads\/2020\/10\/unnamed-57.jpg 800w, https:\/\/folhapopular.info\/wp-content\/uploads\/2020\/10\/unnamed-57-300x200.jpg 300w, https:\/\/folhapopular.info\/wp-content\/uploads\/2020\/10\/unnamed-57-768x512.jpg 768w, https:\/\/folhapopular.info\/wp-content\/uploads\/2020\/10\/unnamed-57-696x464.jpg 696w, https:\/\/folhapopular.info\/wp-content\/uploads\/2020\/10\/unnamed-57-630x420.jpg 630w\" sizes=\"auto, (max-width: 800px) 100vw, 800px\" \/><figcaption>A formatura dos novos servidores p\u00fablicos foi realizada por videoconfer\u00eancia \/ Cr\u00e9dito da foto: Gustavo Mansur \/ Palacio Piratini<\/figcaption><\/figure>\n\n\n\n<p>Os formandos fazem parte da primeira turma convocada depois do concurso de 2017. O chamamento ocorreu em 10 de mar\u00e7o deste ano. Devido \u00e0 pandemia, o in\u00edcio das aulas foi adiado para 3 de agosto. Foram 360 horas de forma\u00e7\u00e3o, divididos em tr\u00eas m\u00f3dulos: b\u00e1sico (3 de agosto a 19 de agosto), espec\u00edfico (20 de agosto a 24 de setembro) e pr\u00e1tico (a partir de 25 de setembro).<\/p>\n\n\n\n<p>Apenas a disciplina de Manejo de Armas de Fogo teve aulas presenciais.&nbsp;As demais foram ministradas em uma plataforma virtual. Esse e outros cuidados, como uso obrigat\u00f3rio de m\u00e1scaras e demais equipamentos de prote\u00e7\u00e3o individual, foram essenciais para garantir a seguran\u00e7a sanit\u00e1ria ao longo de todo o curso e evitar surtos de contamina\u00e7\u00e3o.<\/p>\n\n\n\n<p>&#8220;S\u00f3 voc\u00eas e seus familiares sabem o que passaram para chegar a esse momento de concretiza\u00e7\u00e3o de um sonho. O curso de forma\u00e7\u00e3o se deu em meio \u00e0 pandemia e imp\u00f4s uma dificuldade maior do que a normal. Voc\u00eas est\u00e3o ingressando em uma institui\u00e7\u00e3o fundamental para o Estado. N\u00e3o posso pensar em um sistema de justi\u00e7a criminal se n\u00e3o houver uma institui\u00e7\u00e3o que trabalha a quest\u00e3o pericial, a produ\u00e7\u00e3o da prova, t\u00e3o fundamental no sistema de justi\u00e7a criminal\u201d, disse o vice-governador e secret\u00e1rio da Seguran\u00e7a P\u00fablica, Ranolfo Vieira J\u00fanior.<\/p>\n\n\n\n<p>Os servidores empossados nesta segunda-feira (19\/10) j\u00e1 t\u00eam destino: os postos de Criminal\u00edstica e de Medicina-Legal da capital e do interior do Estado. Munic\u00edpios de sete regi\u00f5es&nbsp;\u2013&nbsp;Caxias do Sul, Pelotas, Passo Fundo, Santa Maria, Santo \u00c2ngelo, Santana do Livramento e Rio Grande&nbsp;\u2013&nbsp;devem receber os servidores. A distribui\u00e7\u00e3o foi feita conforme a necessidade do IGP. A regi\u00e3o e a cidade foram definidas de acordo com a nota obtida pelos alunos no curso. Todos os empossados t\u00eam 15 dias, contados a partir desta segunda (19), para assumir as fun\u00e7\u00f5es.<\/p>\n\n\n\n<p>Atualmente, 26 servidores realizam o curso de forma\u00e7\u00e3o. Outros dois chamamentos de aprovados no \u00faltimo concurso est\u00e3o previstos para mar\u00e7o de 2021 e mar\u00e7o de 2022.<\/p>\n","protected":false},"excerpt":{"rendered":"<p>O governo do Estado ganhou um refor\u00e7o no combate ao crime no Rio Grande do Sul. Na manh\u00e3 desta segunda-feira (19\/10), em evento virtual, o Instituto-Geral de Per\u00edcias (IGP) formou 69 novos agentes&nbsp;\u2013&nbsp;21 peritos criminais, 20 peritos m\u00e9dicos-legistas e 28 t\u00e9cnicos em per\u00edcias. O governador Eduardo Leite foi o paraninfo da turma. &#8220;Escolher o IGP [&hellip;]<\/p>\n","protected":false},"author":8,"featured_media":74674,"comment_status":"open","ping_status":"open","sticky":false,"template":"","format":"standard","meta":{"pmpro_default_level":"","_jetpack_memberships_contains_paid_content":false,"footnotes":""},"categories":[2,3],"tags":[6197,1794],"class_list":{"0":"post-74672","1":"post","2":"type-post","3":"status-publish","4":"format-standard","5":"has-post-thumbnail","7":"category-featured","8":"category-geral","9":"tag-instituto-geral-de-pericias","10":"tag-rio-grande-do-sul","11":"pmpro-has-access"},"yoast_head":"<!-- This site is optimized with the Yoast SEO plugin v27.5 - https:\/\/yoast.com\/product\/yoast-seo-wordpress\/ -->\n<title>Instituto-Geral de Per\u00edcias forma novos 69 servidores - Folha Popular<\/title>\n<meta name=\"robots\" content=\"index, follow, max-snippet:-1, max-image-preview:large, max-video-preview:-1\" \/>\n<link rel=\"canonical\" href=\"https:\/\/folhapopular.info\/index.php\/2020\/10\/19\/instituto-geral-de-pericias-forma-novos-69-servidores\/\" \/>\n<meta property=\"og:locale\" content=\"pt_BR\" \/>\n<meta property=\"og:type\" content=\"article\" \/>\n<meta property=\"og:title\" content=\"Instituto-Geral de Per\u00edcias forma novos 69 servidores - Folha Popular\" \/>\n<meta property=\"og:description\" content=\"O governo do Estado ganhou um refor\u00e7o no combate ao crime no Rio Grande do Sul. Na manh\u00e3 desta segunda-feira (19\/10), em evento virtual, o Instituto-Geral de Per\u00edcias (IGP) formou 69 novos agentes&nbsp;\u2013&nbsp;21 peritos criminais, 20 peritos m\u00e9dicos-legistas e 28 t\u00e9cnicos em per\u00edcias. O governador Eduardo Leite foi o paraninfo da turma. &#8220;Escolher o IGP [&hellip;]\" \/>\n<meta property=\"og:url\" content=\"https:\/\/folhapopular.info\/index.php\/2020\/10\/19\/instituto-geral-de-pericias-forma-novos-69-servidores\/\" \/>\n<meta property=\"og:site_name\" content=\"Folha Popular\" \/>\n<meta property=\"article:published_time\" content=\"2020-10-19T18:13:06+00:00\" \/>\n<meta property=\"article:modified_time\" content=\"2020-10-19T18:13:10+00:00\" \/>\n<meta property=\"og:image\" content=\"https:\/\/folhapopular.info\/wp-content\/uploads\/2020\/10\/unnamed-56.jpg\" \/>\n\t<meta property=\"og:image:width\" content=\"800\" \/>\n\t<meta property=\"og:image:height\" content=\"450\" \/>\n\t<meta property=\"og:image:type\" content=\"image\/jpeg\" \/>\n<meta name=\"author\" content=\"Reda\u00e7\u00e3o Folha Popular\" \/>\n<meta name=\"twitter:card\" content=\"summary_large_image\" \/>\n<meta name=\"twitter:label1\" content=\"Escrito por\" \/>\n\t<meta name=\"twitter:data1\" content=\"Reda\u00e7\u00e3o Folha Popular\" \/>\n\t<meta name=\"twitter:label2\" content=\"Est. tempo de leitura\" \/>\n\t<meta name=\"twitter:data2\" content=\"3 minutos\" \/>\n<script type=\"application\/ld+json\" class=\"yoast-schema-graph\">{\"@context\":\"https:\\\/\\\/schema.org\",\"@graph\":[{\"@type\":\"Article\",\"@id\":\"https:\\\/\\\/folhapopular.info\\\/index.php\\\/2020\\\/10\\\/19\\\/instituto-geral-de-pericias-forma-novos-69-servidores\\\/#article\",\"isPartOf\":{\"@id\":\"https:\\\/\\\/folhapopular.info\\\/index.php\\\/2020\\\/10\\\/19\\\/instituto-geral-de-pericias-forma-novos-69-servidores\\\/\"},\"author\":{\"name\":\"Reda\u00e7\u00e3o Folha Popular\",\"@id\":\"https:\\\/\\\/folhapopular.info\\\/#\\\/schema\\\/person\\\/2814e8a0df7643585a9ca38bc6eb9d4b\"},\"headline\":\"Instituto-Geral de Per\u00edcias forma novos 69 servidores\",\"datePublished\":\"2020-10-19T18:13:06+00:00\",\"dateModified\":\"2020-10-19T18:13:10+00:00\",\"mainEntityOfPage\":{\"@id\":\"https:\\\/\\\/folhapopular.info\\\/index.php\\\/2020\\\/10\\\/19\\\/instituto-geral-de-pericias-forma-novos-69-servidores\\\/\"},\"wordCount\":626,\"commentCount\":0,\"image\":{\"@id\":\"https:\\\/\\\/folhapopular.info\\\/index.php\\\/2020\\\/10\\\/19\\\/instituto-geral-de-pericias-forma-novos-69-servidores\\\/#primaryimage\"},\"thumbnailUrl\":\"https:\\\/\\\/folhapopular.info\\\/wp-content\\\/uploads\\\/2020\\\/10\\\/unnamed-56.jpg\",\"keywords\":[\"Instituto-Geral de Per\u00edcias\",\"Rio Grande do Sul\"],\"articleSection\":[\"Destaques\",\"Geral\"],\"inLanguage\":\"pt-BR\",\"potentialAction\":[{\"@type\":\"CommentAction\",\"name\":\"Comment\",\"target\":[\"https:\\\/\\\/folhapopular.info\\\/index.php\\\/2020\\\/10\\\/19\\\/instituto-geral-de-pericias-forma-novos-69-servidores\\\/#respond\"]}]},{\"@type\":\"WebPage\",\"@id\":\"https:\\\/\\\/folhapopular.info\\\/index.php\\\/2020\\\/10\\\/19\\\/instituto-geral-de-pericias-forma-novos-69-servidores\\\/\",\"url\":\"https:\\\/\\\/folhapopular.info\\\/index.php\\\/2020\\\/10\\\/19\\\/instituto-geral-de-pericias-forma-novos-69-servidores\\\/\",\"name\":\"Instituto-Geral de Per\u00edcias forma novos 69 servidores - Folha Popular\",\"isPartOf\":{\"@id\":\"https:\\\/\\\/folhapopular.info\\\/#website\"},\"primaryImageOfPage\":{\"@id\":\"https:\\\/\\\/folhapopular.info\\\/index.php\\\/2020\\\/10\\\/19\\\/instituto-geral-de-pericias-forma-novos-69-servidores\\\/#primaryimage\"},\"image\":{\"@id\":\"https:\\\/\\\/folhapopular.info\\\/index.php\\\/2020\\\/10\\\/19\\\/instituto-geral-de-pericias-forma-novos-69-servidores\\\/#primaryimage\"},\"thumbnailUrl\":\"https:\\\/\\\/folhapopular.info\\\/wp-content\\\/uploads\\\/2020\\\/10\\\/unnamed-56.jpg\",\"datePublished\":\"2020-10-19T18:13:06+00:00\",\"dateModified\":\"2020-10-19T18:13:10+00:00\",\"author\":{\"@id\":\"https:\\\/\\\/folhapopular.info\\\/#\\\/schema\\\/person\\\/2814e8a0df7643585a9ca38bc6eb9d4b\"},\"breadcrumb\":{\"@id\":\"https:\\\/\\\/folhapopular.info\\\/index.php\\\/2020\\\/10\\\/19\\\/instituto-geral-de-pericias-forma-novos-69-servidores\\\/#breadcrumb\"},\"inLanguage\":\"pt-BR\",\"potentialAction\":[{\"@type\":\"ReadAction\",\"target\":[\"https:\\\/\\\/folhapopular.info\\\/index.php\\\/2020\\\/10\\\/19\\\/instituto-geral-de-pericias-forma-novos-69-servidores\\\/\"]}]},{\"@type\":\"ImageObject\",\"inLanguage\":\"pt-BR\",\"@id\":\"https:\\\/\\\/folhapopular.info\\\/index.php\\\/2020\\\/10\\\/19\\\/instituto-geral-de-pericias-forma-novos-69-servidores\\\/#primaryimage\",\"url\":\"https:\\\/\\\/folhapopular.info\\\/wp-content\\\/uploads\\\/2020\\\/10\\\/unnamed-56.jpg\",\"contentUrl\":\"https:\\\/\\\/folhapopular.info\\\/wp-content\\\/uploads\\\/2020\\\/10\\\/unnamed-56.jpg\",\"width\":800,\"height\":450,\"caption\":\"Vice Ranolfo, governador Leite e a diretora-geral do IGP, Heloisa Kuser, na formatura realizada por videoconfer\u00eancia \\\/ Cr\u00e9dito da foto: Gustavo Mansur \\\/ Pal\u00e1cio Piratini\"},{\"@type\":\"BreadcrumbList\",\"@id\":\"https:\\\/\\\/folhapopular.info\\\/index.php\\\/2020\\\/10\\\/19\\\/instituto-geral-de-pericias-forma-novos-69-servidores\\\/#breadcrumb\",\"itemListElement\":[{\"@type\":\"ListItem\",\"position\":1,\"name\":\"In\u00edcio\",\"item\":\"https:\\\/\\\/folhapopular.info\\\/\"},{\"@type\":\"ListItem\",\"position\":2,\"name\":\"Instituto-Geral de Per\u00edcias forma novos 69 servidores\"}]},{\"@type\":\"WebSite\",\"@id\":\"https:\\\/\\\/folhapopular.info\\\/#website\",\"url\":\"https:\\\/\\\/folhapopular.info\\\/\",\"name\":\"Folha Popular\",\"description\":\"Onde voc\u00ea tem vez e voz\",\"potentialAction\":[{\"@type\":\"SearchAction\",\"target\":{\"@type\":\"EntryPoint\",\"urlTemplate\":\"https:\\\/\\\/folhapopular.info\\\/?s={search_term_string}\"},\"query-input\":{\"@type\":\"PropertyValueSpecification\",\"valueRequired\":true,\"valueName\":\"search_term_string\"}}],\"inLanguage\":\"pt-BR\"},{\"@type\":\"Person\",\"@id\":\"https:\\\/\\\/folhapopular.info\\\/#\\\/schema\\\/person\\\/2814e8a0df7643585a9ca38bc6eb9d4b\",\"name\":\"Reda\u00e7\u00e3o Folha Popular\",\"image\":{\"@type\":\"ImageObject\",\"inLanguage\":\"pt-BR\",\"@id\":\"https:\\\/\\\/folhapopular.info\\\/wp-content\\\/uploads\\\/2026\\\/04\\\/Folha-1.webp\",\"url\":\"https:\\\/\\\/folhapopular.info\\\/wp-content\\\/uploads\\\/2026\\\/04\\\/Folha-1.webp\",\"contentUrl\":\"https:\\\/\\\/folhapopular.info\\\/wp-content\\\/uploads\\\/2026\\\/04\\\/Folha-1.webp\",\"caption\":\"Reda\u00e7\u00e3o Folha Popular\"},\"url\":\"https:\\\/\\\/folhapopular.info\\\/index.php\\\/author\\\/redacao\\\/\"}]}<\/script>\n<!-- \/ Yoast SEO plugin. -->","yoast_head_json":{"title":"Instituto-Geral de Per\u00edcias forma novos 69 servidores - Folha Popular","robots":{"index":"index","follow":"follow","max-snippet":"max-snippet:-1","max-image-preview":"max-image-preview:large","max-video-preview":"max-video-preview:-1"},"canonical":"https:\/\/folhapopular.info\/index.php\/2020\/10\/19\/instituto-geral-de-pericias-forma-novos-69-servidores\/","og_locale":"pt_BR","og_type":"article","og_title":"Instituto-Geral de Per\u00edcias forma novos 69 servidores - Folha Popular","og_description":"O governo do Estado ganhou um refor\u00e7o no combate ao crime no Rio Grande do Sul. Na manh\u00e3 desta segunda-feira (19\/10), em evento virtual, o Instituto-Geral de Per\u00edcias (IGP) formou 69 novos agentes&nbsp;\u2013&nbsp;21 peritos criminais, 20 peritos m\u00e9dicos-legistas e 28 t\u00e9cnicos em per\u00edcias. O governador Eduardo Leite foi o paraninfo da turma. &#8220;Escolher o IGP [&hellip;]","og_url":"https:\/\/folhapopular.info\/index.php\/2020\/10\/19\/instituto-geral-de-pericias-forma-novos-69-servidores\/","og_site_name":"Folha Popular","article_published_time":"2020-10-19T18:13:06+00:00","article_modified_time":"2020-10-19T18:13:10+00:00","og_image":[{"width":800,"height":450,"url":"https:\/\/folhapopular.info\/wp-content\/uploads\/2020\/10\/unnamed-56.jpg","type":"image\/jpeg"}],"author":"Reda\u00e7\u00e3o Folha Popular","twitter_card":"summary_large_image","twitter_misc":{"Escrito por":"Reda\u00e7\u00e3o Folha Popular","Est. tempo de leitura":"3 minutos"},"schema":{"@context":"https:\/\/schema.org","@graph":[{"@type":"Article","@id":"https:\/\/folhapopular.info\/index.php\/2020\/10\/19\/instituto-geral-de-pericias-forma-novos-69-servidores\/#article","isPartOf":{"@id":"https:\/\/folhapopular.info\/index.php\/2020\/10\/19\/instituto-geral-de-pericias-forma-novos-69-servidores\/"},"author":{"name":"Reda\u00e7\u00e3o Folha Popular","@id":"https:\/\/folhapopular.info\/#\/schema\/person\/2814e8a0df7643585a9ca38bc6eb9d4b"},"headline":"Instituto-Geral de Per\u00edcias forma novos 69 servidores","datePublished":"2020-10-19T18:13:06+00:00","dateModified":"2020-10-19T18:13:10+00:00","mainEntityOfPage":{"@id":"https:\/\/folhapopular.info\/index.php\/2020\/10\/19\/instituto-geral-de-pericias-forma-novos-69-servidores\/"},"wordCount":626,"commentCount":0,"image":{"@id":"https:\/\/folhapopular.info\/index.php\/2020\/10\/19\/instituto-geral-de-pericias-forma-novos-69-servidores\/#primaryimage"},"thumbnailUrl":"https:\/\/folhapopular.info\/wp-content\/uploads\/2020\/10\/unnamed-56.jpg","keywords":["Instituto-Geral de Per\u00edcias","Rio Grande do Sul"],"articleSection":["Destaques","Geral"],"inLanguage":"pt-BR","potentialAction":[{"@type":"CommentAction","name":"Comment","target":["https:\/\/folhapopular.info\/index.php\/2020\/10\/19\/instituto-geral-de-pericias-forma-novos-69-servidores\/#respond"]}]},{"@type":"WebPage","@id":"https:\/\/folhapopular.info\/index.php\/2020\/10\/19\/instituto-geral-de-pericias-forma-novos-69-servidores\/","url":"https:\/\/folhapopular.info\/index.php\/2020\/10\/19\/instituto-geral-de-pericias-forma-novos-69-servidores\/","name":"Instituto-Geral de Per\u00edcias forma novos 69 servidores - Folha Popular","isPartOf":{"@id":"https:\/\/folhapopular.info\/#website"},"primaryImageOfPage":{"@id":"https:\/\/folhapopular.info\/index.php\/2020\/10\/19\/instituto-geral-de-pericias-forma-novos-69-servidores\/#primaryimage"},"image":{"@id":"https:\/\/folhapopular.info\/index.php\/2020\/10\/19\/instituto-geral-de-pericias-forma-novos-69-servidores\/#primaryimage"},"thumbnailUrl":"https:\/\/folhapopular.info\/wp-content\/uploads\/2020\/10\/unnamed-56.jpg","datePublished":"2020-10-19T18:13:06+00:00","dateModified":"2020-10-19T18:13:10+00:00","author":{"@id":"https:\/\/folhapopular.info\/#\/schema\/person\/2814e8a0df7643585a9ca38bc6eb9d4b"},"breadcrumb":{"@id":"https:\/\/folhapopular.info\/index.php\/2020\/10\/19\/instituto-geral-de-pericias-forma-novos-69-servidores\/#breadcrumb"},"inLanguage":"pt-BR","potentialAction":[{"@type":"ReadAction","target":["https:\/\/folhapopular.info\/index.php\/2020\/10\/19\/instituto-geral-de-pericias-forma-novos-69-servidores\/"]}]},{"@type":"ImageObject","inLanguage":"pt-BR","@id":"https:\/\/folhapopular.info\/index.php\/2020\/10\/19\/instituto-geral-de-pericias-forma-novos-69-servidores\/#primaryimage","url":"https:\/\/folhapopular.info\/wp-content\/uploads\/2020\/10\/unnamed-56.jpg","contentUrl":"https:\/\/folhapopular.info\/wp-content\/uploads\/2020\/10\/unnamed-56.jpg","width":800,"height":450,"caption":"Vice Ranolfo, governador Leite e a diretora-geral do IGP, Heloisa Kuser, na formatura realizada por videoconfer\u00eancia \/ Cr\u00e9dito da foto: Gustavo Mansur \/ Pal\u00e1cio Piratini"},{"@type":"BreadcrumbList","@id":"https:\/\/folhapopular.info\/index.php\/2020\/10\/19\/instituto-geral-de-pericias-forma-novos-69-servidores\/#breadcrumb","itemListElement":[{"@type":"ListItem","position":1,"name":"In\u00edcio","item":"https:\/\/folhapopular.info\/"},{"@type":"ListItem","position":2,"name":"Instituto-Geral de Per\u00edcias forma novos 69 servidores"}]},{"@type":"WebSite","@id":"https:\/\/folhapopular.info\/#website","url":"https:\/\/folhapopular.info\/","name":"Folha Popular","description":"Onde voc\u00ea tem vez e voz","potentialAction":[{"@type":"SearchAction","target":{"@type":"EntryPoint","urlTemplate":"https:\/\/folhapopular.info\/?s={search_term_string}"},"query-input":{"@type":"PropertyValueSpecification","valueRequired":true,"valueName":"search_term_string"}}],"inLanguage":"pt-BR"},{"@type":"Person","@id":"https:\/\/folhapopular.info\/#\/schema\/person\/2814e8a0df7643585a9ca38bc6eb9d4b","name":"Reda\u00e7\u00e3o Folha Popular","image":{"@type":"ImageObject","inLanguage":"pt-BR","@id":"https:\/\/folhapopular.info\/wp-content\/uploads\/2026\/04\/Folha-1.webp","url":"https:\/\/folhapopular.info\/wp-content\/uploads\/2026\/04\/Folha-1.webp","contentUrl":"https:\/\/folhapopular.info\/wp-content\/uploads\/2026\/04\/Folha-1.webp","caption":"Reda\u00e7\u00e3o Folha Popular"},"url":"https:\/\/folhapopular.info\/index.php\/author\/redacao\/"}]}},"jetpack_featured_media_url":"https:\/\/folhapopular.info\/wp-content\/uploads\/2020\/10\/unnamed-56.jpg","jetpack_sharing_enabled":true,"amp_enabled":true,"_links":{"self":[{"href":"https:\/\/folhapopular.info\/index.php\/wp-json\/wp\/v2\/posts\/74672","targetHints":{"allow":["GET"]}}],"collection":[{"href":"https:\/\/folhapopular.info\/index.php\/wp-json\/wp\/v2\/posts"}],"about":[{"href":"https:\/\/folhapopular.info\/index.php\/wp-json\/wp\/v2\/types\/post"}],"author":[{"embeddable":true,"href":"https:\/\/folhapopular.info\/index.php\/wp-json\/wp\/v2\/users\/8"}],"replies":[{"embeddable":true,"href":"https:\/\/folhapopular.info\/index.php\/wp-json\/wp\/v2\/comments?post=74672"}],"version-history":[{"count":0,"href":"https:\/\/folhapopular.info\/index.php\/wp-json\/wp\/v2\/posts\/74672\/revisions"}],"wp:featuredmedia":[{"embeddable":true,"href":"https:\/\/folhapopular.info\/index.php\/wp-json\/wp\/v2\/media\/74674"}],"wp:attachment":[{"href":"https:\/\/folhapopular.info\/index.php\/wp-json\/wp\/v2\/media?parent=74672"}],"wp:term":[{"taxonomy":"category","embeddable":true,"href":"https:\/\/folhapopular.info\/index.php\/wp-json\/wp\/v2\/categories?post=74672"},{"taxonomy":"post_tag","embeddable":true,"href":"https:\/\/folhapopular.info\/index.php\/wp-json\/wp\/v2\/tags?post=74672"}],"curies":[{"name":"wp","href":"https:\/\/api.w.org\/{rel}","templated":true}]}}