{"id":74702,"date":"2020-10-20T17:38:52","date_gmt":"2020-10-20T20:38:52","guid":{"rendered":"https:\/\/folhapopular.info\/?p=74702"},"modified":"2020-10-20T17:38:56","modified_gmt":"2020-10-20T20:38:56","slug":"aulas-presenciais-na-rede-municipal-sao-retomadas","status":"publish","type":"post","link":"https:\/\/folhapopular.info\/index.php\/2020\/10\/20\/aulas-presenciais-na-rede-municipal-sao-retomadas\/","title":{"rendered":"Aulas presenciais na rede municipal s\u00e3o retomadas"},"content":{"rendered":"\n<p>Foi dado in\u00edcio, nesta ter\u00e7a-feira (20), ao retorno programado e gradual das aulas presenciais na Educa\u00e7\u00e3o Infantil na Rede Municipal de Ensino de Estrela. Neste primeiro momento a volta ocorreu pelas turmas da pr\u00e9-escola, que compreende as crian\u00e7as entre 4 e 6 anos. A proje\u00e7\u00e3o da Secretaria Municipal de Educa\u00e7\u00e3o (Smed) de Estrela \u00e9 de que 60% das mais de 600 crian\u00e7as matriculadas nesta \u00e1rea retornem \u00e0s atividades nestes primeiros dias. O atendimento n\u00e3o presencial segue sendo realizado.<\/p>\n\n\n\n<p>O retorno ocorreu de acordo com as restri\u00e7\u00f5es protocolares, determinados nos decretos estaduais que devem ser seguidos pelos munic\u00edpios. Entre estes o atendimento de no m\u00e1ximo 50% da capacidade da turma, impedindo neste primeiro momento o atendimento integral. Com isso a fam\u00edlia precisou optar pela parte da manh\u00e3, das 7h \u00e0s 12h, ou \u00e0 tarde, das 13h \u00e0s 18h. Previamente, a Smed encaminhou pesquisa aos pais e a partir da posi\u00e7\u00e3o dos mesmos definiu o cronograma de cada escola e turma. Os pais que optaram por n\u00e3o enviar o(s) filho(s) de volta \u00e0s aulas presenciais continuam a receber as atividades de forma f\u00edsica e\/ou plataforma.<\/p>\n\n\n\n<p>A Smed atendeu a todos os processos para cumprir os protocolos sanit\u00e1rios de sa\u00fade, em raz\u00e3o da pandemia. Por enquanto n\u00e3o ser\u00e1 servido almo\u00e7o na escola, mas apenas lanches pela manh\u00e3 e \u00e0 tarde, somando tr\u00eas refei\u00e7\u00f5es em cada turno. Neste per\u00edodo de tempo, antes dedicado \u00e0 principal refei\u00e7\u00e3o nas escolas, ser\u00e1 feita a higieniza\u00e7\u00e3o dos espa\u00e7os, brinquedos e materiais. Tapetes higienizadores est\u00e3o \u00e0 disposi\u00e7\u00e3o e \u00e9 realizada e aferi\u00e7\u00e3o da temperatura das crian\u00e7as, professores e funcion\u00e1rios. Uma s\u00e9rie de medidas extras foram tomadas. A Smed tamb\u00e9m realizou testes pr\u00e9vios dos professores, sendo que aqueles que testaram positivo ou apresentaram sintomas foram afastados do atendimento nas escolas.<\/p>\n\n\n\n<p>Para as crian\u00e7as de 0 a 3 anos, a chamada \u201cetapa creche\u201d, o retorno segue indefinido devido os protocolos exigidos para esta faixa et\u00e1ria. Os professores, por exemplo, est\u00e3o impedidos de pegarem no colo crian\u00e7as que estiverem chorando, e as crian\u00e7as devem manter distanciamento de dois metros entre elas. Tamb\u00e9m n\u00e3o podem trocar de brinquedos ou ocuparem o mesmo espa\u00e7o antes de uma higieniza\u00e7\u00e3o do local. No Ensino Fundamental, o munic\u00edpio tamb\u00e9m adotar\u00e1 o protocolo do Estado, com retorno dos Anos Finais previsto para o dia 28 de outubro e Anos Iniciais em 12 de novembro.<\/p>\n\n\n\n<figure class=\"wp-block-image size-large is-resized\"><img loading=\"lazy\" decoding=\"async\" src=\"https:\/\/folhapopular.info\/wp-content\/uploads\/2020\/10\/Volta-as-aulas-Covid-SALAS-Angeli-12-1024x768.jpg\" alt=\"\" class=\"wp-image-74707\" width=\"1069\" height=\"801\" srcset=\"https:\/\/folhapopular.info\/wp-content\/uploads\/2020\/10\/Volta-as-aulas-Covid-SALAS-Angeli-12-1024x768.jpg 1024w, https:\/\/folhapopular.info\/wp-content\/uploads\/2020\/10\/Volta-as-aulas-Covid-SALAS-Angeli-12-300x225.jpg 300w, https:\/\/folhapopular.info\/wp-content\/uploads\/2020\/10\/Volta-as-aulas-Covid-SALAS-Angeli-12-768x576.jpg 768w, https:\/\/folhapopular.info\/wp-content\/uploads\/2020\/10\/Volta-as-aulas-Covid-SALAS-Angeli-12-1536x1152.jpg 1536w, https:\/\/folhapopular.info\/wp-content\/uploads\/2020\/10\/Volta-as-aulas-Covid-SALAS-Angeli-12-2048x1536.jpg 2048w, https:\/\/folhapopular.info\/wp-content\/uploads\/2020\/10\/Volta-as-aulas-Covid-SALAS-Angeli-12-696x522.jpg 696w, https:\/\/folhapopular.info\/wp-content\/uploads\/2020\/10\/Volta-as-aulas-Covid-SALAS-Angeli-12-1068x801.jpg 1068w, https:\/\/folhapopular.info\/wp-content\/uploads\/2020\/10\/Volta-as-aulas-Covid-SALAS-Angeli-12-1920x1440.jpg 1920w, https:\/\/folhapopular.info\/wp-content\/uploads\/2020\/10\/Volta-as-aulas-Covid-SALAS-Angeli-12-560x420.jpg 560w, https:\/\/folhapopular.info\/wp-content\/uploads\/2020\/10\/Volta-as-aulas-Covid-SALAS-Angeli-12-80x60.jpg 80w, https:\/\/folhapopular.info\/wp-content\/uploads\/2020\/10\/Volta-as-aulas-Covid-SALAS-Angeli-12-265x198.jpg 265w\" sizes=\"auto, (max-width: 1069px) 100vw, 1069px\" \/><figcaption><em>Nas salas de aula: espa\u00e7os marcados e distanciamento<\/em> \/ Cr\u00e9dito da foto: Rodrigo Angeli \/ Prefeitura de Estrela<\/figcaption><\/figure>\n\n\n\n<figure class=\"wp-block-image size-large is-resized\"><img loading=\"lazy\" decoding=\"async\" src=\"https:\/\/folhapopular.info\/wp-content\/uploads\/2020\/10\/Volta-as-aulas-Covid-MASCARAS-Angeli-15-1024x768.jpg\" alt=\"\" class=\"wp-image-74708\" width=\"1028\" height=\"771\" srcset=\"https:\/\/folhapopular.info\/wp-content\/uploads\/2020\/10\/Volta-as-aulas-Covid-MASCARAS-Angeli-15-1024x768.jpg 1024w, https:\/\/folhapopular.info\/wp-content\/uploads\/2020\/10\/Volta-as-aulas-Covid-MASCARAS-Angeli-15-300x225.jpg 300w, https:\/\/folhapopular.info\/wp-content\/uploads\/2020\/10\/Volta-as-aulas-Covid-MASCARAS-Angeli-15-768x576.jpg 768w, https:\/\/folhapopular.info\/wp-content\/uploads\/2020\/10\/Volta-as-aulas-Covid-MASCARAS-Angeli-15-1536x1152.jpg 1536w, https:\/\/folhapopular.info\/wp-content\/uploads\/2020\/10\/Volta-as-aulas-Covid-MASCARAS-Angeli-15-2048x1536.jpg 2048w, https:\/\/folhapopular.info\/wp-content\/uploads\/2020\/10\/Volta-as-aulas-Covid-MASCARAS-Angeli-15-696x522.jpg 696w, https:\/\/folhapopular.info\/wp-content\/uploads\/2020\/10\/Volta-as-aulas-Covid-MASCARAS-Angeli-15-1068x801.jpg 1068w, https:\/\/folhapopular.info\/wp-content\/uploads\/2020\/10\/Volta-as-aulas-Covid-MASCARAS-Angeli-15-1920x1440.jpg 1920w, https:\/\/folhapopular.info\/wp-content\/uploads\/2020\/10\/Volta-as-aulas-Covid-MASCARAS-Angeli-15-560x420.jpg 560w, https:\/\/folhapopular.info\/wp-content\/uploads\/2020\/10\/Volta-as-aulas-Covid-MASCARAS-Angeli-15-80x60.jpg 80w, https:\/\/folhapopular.info\/wp-content\/uploads\/2020\/10\/Volta-as-aulas-Covid-MASCARAS-Angeli-15-265x198.jpg 265w\" sizes=\"auto, (max-width: 1028px) 100vw, 1028px\" \/><figcaption><em>Cada aluno tem a sua pr\u00f3pria m\u00e1scara, oferecida pelo munic\u00edpio<\/em> \/ Cr\u00e9dito da foto: Rodrigo Angeli \/ Prefeitura de Estrela<\/figcaption><\/figure>\n\n\n\n<figure class=\"wp-block-image size-large is-resized\"><img loading=\"lazy\" decoding=\"async\" src=\"https:\/\/folhapopular.info\/wp-content\/uploads\/2020\/10\/Volta-as-aulas-Covid-MOCHILAS-Angeli-16-1024x768.jpg\" alt=\"\" class=\"wp-image-74709\" width=\"1024\" height=\"768\" srcset=\"https:\/\/folhapopular.info\/wp-content\/uploads\/2020\/10\/Volta-as-aulas-Covid-MOCHILAS-Angeli-16-1024x768.jpg 1024w, https:\/\/folhapopular.info\/wp-content\/uploads\/2020\/10\/Volta-as-aulas-Covid-MOCHILAS-Angeli-16-300x225.jpg 300w, https:\/\/folhapopular.info\/wp-content\/uploads\/2020\/10\/Volta-as-aulas-Covid-MOCHILAS-Angeli-16-768x576.jpg 768w, https:\/\/folhapopular.info\/wp-content\/uploads\/2020\/10\/Volta-as-aulas-Covid-MOCHILAS-Angeli-16-1536x1152.jpg 1536w, https:\/\/folhapopular.info\/wp-content\/uploads\/2020\/10\/Volta-as-aulas-Covid-MOCHILAS-Angeli-16-2048x1536.jpg 2048w, https:\/\/folhapopular.info\/wp-content\/uploads\/2020\/10\/Volta-as-aulas-Covid-MOCHILAS-Angeli-16-696x522.jpg 696w, https:\/\/folhapopular.info\/wp-content\/uploads\/2020\/10\/Volta-as-aulas-Covid-MOCHILAS-Angeli-16-1068x801.jpg 1068w, https:\/\/folhapopular.info\/wp-content\/uploads\/2020\/10\/Volta-as-aulas-Covid-MOCHILAS-Angeli-16-1920x1440.jpg 1920w, https:\/\/folhapopular.info\/wp-content\/uploads\/2020\/10\/Volta-as-aulas-Covid-MOCHILAS-Angeli-16-560x420.jpg 560w, https:\/\/folhapopular.info\/wp-content\/uploads\/2020\/10\/Volta-as-aulas-Covid-MOCHILAS-Angeli-16-80x60.jpg 80w, https:\/\/folhapopular.info\/wp-content\/uploads\/2020\/10\/Volta-as-aulas-Covid-MOCHILAS-Angeli-16-265x198.jpg 265w\" sizes=\"auto, (max-width: 1024px) 100vw, 1024px\" \/><figcaption><em>Alunos deixam suas mochilas preparadas na escola para a semana toda, e as mesmas s\u00e3o higienizadas diariamente<\/em> \/ Cr\u00e9dito da foto: <em>Rodrigo Angeli \/ Prefeitura de Estrela<\/em><\/figcaption><\/figure>\n\n\n\n<figure class=\"wp-block-image size-large is-resized\"><img loading=\"lazy\" decoding=\"async\" src=\"https:\/\/folhapopular.info\/wp-content\/uploads\/2020\/10\/Volta-as-aulas-Covid-ESPACOS-Angeli-1-1024x768.jpg\" alt=\"\" class=\"wp-image-74710\" width=\"1024\" height=\"768\" srcset=\"https:\/\/folhapopular.info\/wp-content\/uploads\/2020\/10\/Volta-as-aulas-Covid-ESPACOS-Angeli-1-1024x768.jpg 1024w, https:\/\/folhapopular.info\/wp-content\/uploads\/2020\/10\/Volta-as-aulas-Covid-ESPACOS-Angeli-1-300x225.jpg 300w, https:\/\/folhapopular.info\/wp-content\/uploads\/2020\/10\/Volta-as-aulas-Covid-ESPACOS-Angeli-1-768x576.jpg 768w, https:\/\/folhapopular.info\/wp-content\/uploads\/2020\/10\/Volta-as-aulas-Covid-ESPACOS-Angeli-1-1536x1152.jpg 1536w, https:\/\/folhapopular.info\/wp-content\/uploads\/2020\/10\/Volta-as-aulas-Covid-ESPACOS-Angeli-1-2048x1536.jpg 2048w, https:\/\/folhapopular.info\/wp-content\/uploads\/2020\/10\/Volta-as-aulas-Covid-ESPACOS-Angeli-1-696x522.jpg 696w, https:\/\/folhapopular.info\/wp-content\/uploads\/2020\/10\/Volta-as-aulas-Covid-ESPACOS-Angeli-1-1068x801.jpg 1068w, https:\/\/folhapopular.info\/wp-content\/uploads\/2020\/10\/Volta-as-aulas-Covid-ESPACOS-Angeli-1-1920x1440.jpg 1920w, https:\/\/folhapopular.info\/wp-content\/uploads\/2020\/10\/Volta-as-aulas-Covid-ESPACOS-Angeli-1-560x420.jpg 560w, https:\/\/folhapopular.info\/wp-content\/uploads\/2020\/10\/Volta-as-aulas-Covid-ESPACOS-Angeli-1-80x60.jpg 80w, https:\/\/folhapopular.info\/wp-content\/uploads\/2020\/10\/Volta-as-aulas-Covid-ESPACOS-Angeli-1-265x198.jpg 265w\" sizes=\"auto, (max-width: 1024px) 100vw, 1024px\" \/><figcaption><em>Espa\u00e7os que buscam respeitar o distanciamento est\u00e3o marcados nos mais diversos locais da escola<\/em> \/ <em>Cr\u00e9dito da foto: Rodrigo Angeli \/ Prefeitura de Estrela<\/em><\/figcaption><\/figure>\n","protected":false},"excerpt":{"rendered":"<p>Foi dado in\u00edcio, nesta ter\u00e7a-feira (20), ao retorno programado e gradual das aulas presenciais na Educa\u00e7\u00e3o Infantil na Rede Municipal de Ensino de Estrela. Neste primeiro momento a volta ocorreu pelas turmas da pr\u00e9-escola, que compreende as crian\u00e7as entre 4 e 6 anos. A proje\u00e7\u00e3o da Secretaria Municipal de Educa\u00e7\u00e3o (Smed) de Estrela \u00e9 de [&hellip;]<\/p>\n","protected":false},"author":8,"featured_media":74703,"comment_status":"open","ping_status":"open","sticky":false,"template":"","format":"standard","meta":{"pmpro_default_level":"","_jetpack_memberships_contains_paid_content":false,"footnotes":""},"categories":[2,3],"tags":[8,2236],"class_list":{"0":"post-74702","1":"post","2":"type-post","3":"status-publish","4":"format-standard","5":"has-post-thumbnail","7":"category-featured","8":"category-geral","9":"tag-estrela","10":"tag-volta-as-aulas","11":"pmpro-has-access"},"yoast_head":"<!-- This site is optimized with the Yoast SEO plugin v27.5 - https:\/\/yoast.com\/product\/yoast-seo-wordpress\/ -->\n<title>Aulas presenciais na rede municipal s\u00e3o retomadas - Folha Popular<\/title>\n<meta name=\"robots\" content=\"index, follow, max-snippet:-1, max-image-preview:large, max-video-preview:-1\" \/>\n<link rel=\"canonical\" href=\"https:\/\/folhapopular.info\/index.php\/2020\/10\/20\/aulas-presenciais-na-rede-municipal-sao-retomadas\/\" \/>\n<meta property=\"og:locale\" content=\"pt_BR\" \/>\n<meta property=\"og:type\" content=\"article\" \/>\n<meta property=\"og:title\" content=\"Aulas presenciais na rede municipal s\u00e3o retomadas - Folha Popular\" \/>\n<meta property=\"og:description\" content=\"Foi dado in\u00edcio, nesta ter\u00e7a-feira (20), ao retorno programado e gradual das aulas presenciais na Educa\u00e7\u00e3o Infantil na Rede Municipal de Ensino de Estrela. Neste primeiro momento a volta ocorreu pelas turmas da pr\u00e9-escola, que compreende as crian\u00e7as entre 4 e 6 anos. A proje\u00e7\u00e3o da Secretaria Municipal de Educa\u00e7\u00e3o (Smed) de Estrela \u00e9 de [&hellip;]\" \/>\n<meta property=\"og:url\" content=\"https:\/\/folhapopular.info\/index.php\/2020\/10\/20\/aulas-presenciais-na-rede-municipal-sao-retomadas\/\" \/>\n<meta property=\"og:site_name\" content=\"Folha Popular\" \/>\n<meta property=\"article:published_time\" content=\"2020-10-20T20:38:52+00:00\" \/>\n<meta property=\"article:modified_time\" content=\"2020-10-20T20:38:56+00:00\" \/>\n<meta property=\"og:image\" content=\"https:\/\/folhapopular.info\/wp-content\/uploads\/2020\/10\/Volta-as-aulas-Covid-AFERICAO-Angeli-5-scaled-e1603225355649.jpg\" \/>\n\t<meta property=\"og:image:width\" content=\"800\" \/>\n\t<meta property=\"og:image:height\" content=\"600\" \/>\n\t<meta property=\"og:image:type\" content=\"image\/jpeg\" \/>\n<meta name=\"author\" content=\"Reda\u00e7\u00e3o Folha Popular\" \/>\n<meta name=\"twitter:card\" content=\"summary_large_image\" \/>\n<meta name=\"twitter:label1\" content=\"Escrito por\" \/>\n\t<meta name=\"twitter:data1\" content=\"Reda\u00e7\u00e3o Folha Popular\" \/>\n\t<meta name=\"twitter:label2\" content=\"Est. tempo de leitura\" \/>\n\t<meta name=\"twitter:data2\" content=\"3 minutos\" \/>\n<script type=\"application\/ld+json\" class=\"yoast-schema-graph\">{\"@context\":\"https:\\\/\\\/schema.org\",\"@graph\":[{\"@type\":\"Article\",\"@id\":\"https:\\\/\\\/folhapopular.info\\\/index.php\\\/2020\\\/10\\\/20\\\/aulas-presenciais-na-rede-municipal-sao-retomadas\\\/#article\",\"isPartOf\":{\"@id\":\"https:\\\/\\\/folhapopular.info\\\/index.php\\\/2020\\\/10\\\/20\\\/aulas-presenciais-na-rede-municipal-sao-retomadas\\\/\"},\"author\":{\"name\":\"Reda\u00e7\u00e3o Folha Popular\",\"@id\":\"https:\\\/\\\/folhapopular.info\\\/#\\\/schema\\\/person\\\/2814e8a0df7643585a9ca38bc6eb9d4b\"},\"headline\":\"Aulas presenciais na rede municipal s\u00e3o retomadas\",\"datePublished\":\"2020-10-20T20:38:52+00:00\",\"dateModified\":\"2020-10-20T20:38:56+00:00\",\"mainEntityOfPage\":{\"@id\":\"https:\\\/\\\/folhapopular.info\\\/index.php\\\/2020\\\/10\\\/20\\\/aulas-presenciais-na-rede-municipal-sao-retomadas\\\/\"},\"wordCount\":519,\"commentCount\":0,\"image\":{\"@id\":\"https:\\\/\\\/folhapopular.info\\\/index.php\\\/2020\\\/10\\\/20\\\/aulas-presenciais-na-rede-municipal-sao-retomadas\\\/#primaryimage\"},\"thumbnailUrl\":\"https:\\\/\\\/folhapopular.info\\\/wp-content\\\/uploads\\\/2020\\\/10\\\/Volta-as-aulas-Covid-AFERICAO-Angeli-5-scaled-e1603225355649.jpg\",\"keywords\":[\"Estrela\",\"Volta \u00e0s Aulas\"],\"articleSection\":[\"Destaques\",\"Geral\"],\"inLanguage\":\"pt-BR\",\"potentialAction\":[{\"@type\":\"CommentAction\",\"name\":\"Comment\",\"target\":[\"https:\\\/\\\/folhapopular.info\\\/index.php\\\/2020\\\/10\\\/20\\\/aulas-presenciais-na-rede-municipal-sao-retomadas\\\/#respond\"]}]},{\"@type\":\"WebPage\",\"@id\":\"https:\\\/\\\/folhapopular.info\\\/index.php\\\/2020\\\/10\\\/20\\\/aulas-presenciais-na-rede-municipal-sao-retomadas\\\/\",\"url\":\"https:\\\/\\\/folhapopular.info\\\/index.php\\\/2020\\\/10\\\/20\\\/aulas-presenciais-na-rede-municipal-sao-retomadas\\\/\",\"name\":\"Aulas presenciais na rede municipal s\u00e3o retomadas - Folha Popular\",\"isPartOf\":{\"@id\":\"https:\\\/\\\/folhapopular.info\\\/#website\"},\"primaryImageOfPage\":{\"@id\":\"https:\\\/\\\/folhapopular.info\\\/index.php\\\/2020\\\/10\\\/20\\\/aulas-presenciais-na-rede-municipal-sao-retomadas\\\/#primaryimage\"},\"image\":{\"@id\":\"https:\\\/\\\/folhapopular.info\\\/index.php\\\/2020\\\/10\\\/20\\\/aulas-presenciais-na-rede-municipal-sao-retomadas\\\/#primaryimage\"},\"thumbnailUrl\":\"https:\\\/\\\/folhapopular.info\\\/wp-content\\\/uploads\\\/2020\\\/10\\\/Volta-as-aulas-Covid-AFERICAO-Angeli-5-scaled-e1603225355649.jpg\",\"datePublished\":\"2020-10-20T20:38:52+00:00\",\"dateModified\":\"2020-10-20T20:38:56+00:00\",\"author\":{\"@id\":\"https:\\\/\\\/folhapopular.info\\\/#\\\/schema\\\/person\\\/2814e8a0df7643585a9ca38bc6eb9d4b\"},\"breadcrumb\":{\"@id\":\"https:\\\/\\\/folhapopular.info\\\/index.php\\\/2020\\\/10\\\/20\\\/aulas-presenciais-na-rede-municipal-sao-retomadas\\\/#breadcrumb\"},\"inLanguage\":\"pt-BR\",\"potentialAction\":[{\"@type\":\"ReadAction\",\"target\":[\"https:\\\/\\\/folhapopular.info\\\/index.php\\\/2020\\\/10\\\/20\\\/aulas-presenciais-na-rede-municipal-sao-retomadas\\\/\"]}]},{\"@type\":\"ImageObject\",\"inLanguage\":\"pt-BR\",\"@id\":\"https:\\\/\\\/folhapopular.info\\\/index.php\\\/2020\\\/10\\\/20\\\/aulas-presenciais-na-rede-municipal-sao-retomadas\\\/#primaryimage\",\"url\":\"https:\\\/\\\/folhapopular.info\\\/wp-content\\\/uploads\\\/2020\\\/10\\\/Volta-as-aulas-Covid-AFERICAO-Angeli-5-scaled-e1603225355649.jpg\",\"contentUrl\":\"https:\\\/\\\/folhapopular.info\\\/wp-content\\\/uploads\\\/2020\\\/10\\\/Volta-as-aulas-Covid-AFERICAO-Angeli-5-scaled-e1603225355649.jpg\",\"width\":800,\"height\":600,\"caption\":\"Crian\u00e7as fazem a higieniza\u00e7\u00e3o e aferi\u00e7\u00e3o da temperatura j\u00e1 na chegada \\\/ Cr\u00e9dito da foto: Rodrigo Angeli \\\/ Prefeitura de Estrela\"},{\"@type\":\"BreadcrumbList\",\"@id\":\"https:\\\/\\\/folhapopular.info\\\/index.php\\\/2020\\\/10\\\/20\\\/aulas-presenciais-na-rede-municipal-sao-retomadas\\\/#breadcrumb\",\"itemListElement\":[{\"@type\":\"ListItem\",\"position\":1,\"name\":\"In\u00edcio\",\"item\":\"https:\\\/\\\/folhapopular.info\\\/\"},{\"@type\":\"ListItem\",\"position\":2,\"name\":\"Aulas presenciais na rede municipal s\u00e3o retomadas\"}]},{\"@type\":\"WebSite\",\"@id\":\"https:\\\/\\\/folhapopular.info\\\/#website\",\"url\":\"https:\\\/\\\/folhapopular.info\\\/\",\"name\":\"Folha Popular\",\"description\":\"Onde voc\u00ea tem vez e voz\",\"potentialAction\":[{\"@type\":\"SearchAction\",\"target\":{\"@type\":\"EntryPoint\",\"urlTemplate\":\"https:\\\/\\\/folhapopular.info\\\/?s={search_term_string}\"},\"query-input\":{\"@type\":\"PropertyValueSpecification\",\"valueRequired\":true,\"valueName\":\"search_term_string\"}}],\"inLanguage\":\"pt-BR\"},{\"@type\":\"Person\",\"@id\":\"https:\\\/\\\/folhapopular.info\\\/#\\\/schema\\\/person\\\/2814e8a0df7643585a9ca38bc6eb9d4b\",\"name\":\"Reda\u00e7\u00e3o Folha Popular\",\"image\":{\"@type\":\"ImageObject\",\"inLanguage\":\"pt-BR\",\"@id\":\"https:\\\/\\\/folhapopular.info\\\/wp-content\\\/uploads\\\/2026\\\/04\\\/Folha-1.webp\",\"url\":\"https:\\\/\\\/folhapopular.info\\\/wp-content\\\/uploads\\\/2026\\\/04\\\/Folha-1.webp\",\"contentUrl\":\"https:\\\/\\\/folhapopular.info\\\/wp-content\\\/uploads\\\/2026\\\/04\\\/Folha-1.webp\",\"caption\":\"Reda\u00e7\u00e3o Folha Popular\"},\"url\":\"https:\\\/\\\/folhapopular.info\\\/index.php\\\/author\\\/redacao\\\/\"}]}<\/script>\n<!-- \/ Yoast SEO plugin. -->","yoast_head_json":{"title":"Aulas presenciais na rede municipal s\u00e3o retomadas - Folha Popular","robots":{"index":"index","follow":"follow","max-snippet":"max-snippet:-1","max-image-preview":"max-image-preview:large","max-video-preview":"max-video-preview:-1"},"canonical":"https:\/\/folhapopular.info\/index.php\/2020\/10\/20\/aulas-presenciais-na-rede-municipal-sao-retomadas\/","og_locale":"pt_BR","og_type":"article","og_title":"Aulas presenciais na rede municipal s\u00e3o retomadas - Folha Popular","og_description":"Foi dado in\u00edcio, nesta ter\u00e7a-feira (20), ao retorno programado e gradual das aulas presenciais na Educa\u00e7\u00e3o Infantil na Rede Municipal de Ensino de Estrela. Neste primeiro momento a volta ocorreu pelas turmas da pr\u00e9-escola, que compreende as crian\u00e7as entre 4 e 6 anos. A proje\u00e7\u00e3o da Secretaria Municipal de Educa\u00e7\u00e3o (Smed) de Estrela \u00e9 de [&hellip;]","og_url":"https:\/\/folhapopular.info\/index.php\/2020\/10\/20\/aulas-presenciais-na-rede-municipal-sao-retomadas\/","og_site_name":"Folha Popular","article_published_time":"2020-10-20T20:38:52+00:00","article_modified_time":"2020-10-20T20:38:56+00:00","og_image":[{"width":800,"height":600,"url":"https:\/\/folhapopular.info\/wp-content\/uploads\/2020\/10\/Volta-as-aulas-Covid-AFERICAO-Angeli-5-scaled-e1603225355649.jpg","type":"image\/jpeg"}],"author":"Reda\u00e7\u00e3o Folha Popular","twitter_card":"summary_large_image","twitter_misc":{"Escrito por":"Reda\u00e7\u00e3o Folha Popular","Est. tempo de leitura":"3 minutos"},"schema":{"@context":"https:\/\/schema.org","@graph":[{"@type":"Article","@id":"https:\/\/folhapopular.info\/index.php\/2020\/10\/20\/aulas-presenciais-na-rede-municipal-sao-retomadas\/#article","isPartOf":{"@id":"https:\/\/folhapopular.info\/index.php\/2020\/10\/20\/aulas-presenciais-na-rede-municipal-sao-retomadas\/"},"author":{"name":"Reda\u00e7\u00e3o Folha Popular","@id":"https:\/\/folhapopular.info\/#\/schema\/person\/2814e8a0df7643585a9ca38bc6eb9d4b"},"headline":"Aulas presenciais na rede municipal s\u00e3o retomadas","datePublished":"2020-10-20T20:38:52+00:00","dateModified":"2020-10-20T20:38:56+00:00","mainEntityOfPage":{"@id":"https:\/\/folhapopular.info\/index.php\/2020\/10\/20\/aulas-presenciais-na-rede-municipal-sao-retomadas\/"},"wordCount":519,"commentCount":0,"image":{"@id":"https:\/\/folhapopular.info\/index.php\/2020\/10\/20\/aulas-presenciais-na-rede-municipal-sao-retomadas\/#primaryimage"},"thumbnailUrl":"https:\/\/folhapopular.info\/wp-content\/uploads\/2020\/10\/Volta-as-aulas-Covid-AFERICAO-Angeli-5-scaled-e1603225355649.jpg","keywords":["Estrela","Volta \u00e0s Aulas"],"articleSection":["Destaques","Geral"],"inLanguage":"pt-BR","potentialAction":[{"@type":"CommentAction","name":"Comment","target":["https:\/\/folhapopular.info\/index.php\/2020\/10\/20\/aulas-presenciais-na-rede-municipal-sao-retomadas\/#respond"]}]},{"@type":"WebPage","@id":"https:\/\/folhapopular.info\/index.php\/2020\/10\/20\/aulas-presenciais-na-rede-municipal-sao-retomadas\/","url":"https:\/\/folhapopular.info\/index.php\/2020\/10\/20\/aulas-presenciais-na-rede-municipal-sao-retomadas\/","name":"Aulas presenciais na rede municipal s\u00e3o retomadas - Folha Popular","isPartOf":{"@id":"https:\/\/folhapopular.info\/#website"},"primaryImageOfPage":{"@id":"https:\/\/folhapopular.info\/index.php\/2020\/10\/20\/aulas-presenciais-na-rede-municipal-sao-retomadas\/#primaryimage"},"image":{"@id":"https:\/\/folhapopular.info\/index.php\/2020\/10\/20\/aulas-presenciais-na-rede-municipal-sao-retomadas\/#primaryimage"},"thumbnailUrl":"https:\/\/folhapopular.info\/wp-content\/uploads\/2020\/10\/Volta-as-aulas-Covid-AFERICAO-Angeli-5-scaled-e1603225355649.jpg","datePublished":"2020-10-20T20:38:52+00:00","dateModified":"2020-10-20T20:38:56+00:00","author":{"@id":"https:\/\/folhapopular.info\/#\/schema\/person\/2814e8a0df7643585a9ca38bc6eb9d4b"},"breadcrumb":{"@id":"https:\/\/folhapopular.info\/index.php\/2020\/10\/20\/aulas-presenciais-na-rede-municipal-sao-retomadas\/#breadcrumb"},"inLanguage":"pt-BR","potentialAction":[{"@type":"ReadAction","target":["https:\/\/folhapopular.info\/index.php\/2020\/10\/20\/aulas-presenciais-na-rede-municipal-sao-retomadas\/"]}]},{"@type":"ImageObject","inLanguage":"pt-BR","@id":"https:\/\/folhapopular.info\/index.php\/2020\/10\/20\/aulas-presenciais-na-rede-municipal-sao-retomadas\/#primaryimage","url":"https:\/\/folhapopular.info\/wp-content\/uploads\/2020\/10\/Volta-as-aulas-Covid-AFERICAO-Angeli-5-scaled-e1603225355649.jpg","contentUrl":"https:\/\/folhapopular.info\/wp-content\/uploads\/2020\/10\/Volta-as-aulas-Covid-AFERICAO-Angeli-5-scaled-e1603225355649.jpg","width":800,"height":600,"caption":"Crian\u00e7as fazem a higieniza\u00e7\u00e3o e aferi\u00e7\u00e3o da temperatura j\u00e1 na chegada \/ Cr\u00e9dito da foto: Rodrigo Angeli \/ Prefeitura de Estrela"},{"@type":"BreadcrumbList","@id":"https:\/\/folhapopular.info\/index.php\/2020\/10\/20\/aulas-presenciais-na-rede-municipal-sao-retomadas\/#breadcrumb","itemListElement":[{"@type":"ListItem","position":1,"name":"In\u00edcio","item":"https:\/\/folhapopular.info\/"},{"@type":"ListItem","position":2,"name":"Aulas presenciais na rede municipal s\u00e3o retomadas"}]},{"@type":"WebSite","@id":"https:\/\/folhapopular.info\/#website","url":"https:\/\/folhapopular.info\/","name":"Folha Popular","description":"Onde voc\u00ea tem vez e voz","potentialAction":[{"@type":"SearchAction","target":{"@type":"EntryPoint","urlTemplate":"https:\/\/folhapopular.info\/?s={search_term_string}"},"query-input":{"@type":"PropertyValueSpecification","valueRequired":true,"valueName":"search_term_string"}}],"inLanguage":"pt-BR"},{"@type":"Person","@id":"https:\/\/folhapopular.info\/#\/schema\/person\/2814e8a0df7643585a9ca38bc6eb9d4b","name":"Reda\u00e7\u00e3o Folha Popular","image":{"@type":"ImageObject","inLanguage":"pt-BR","@id":"https:\/\/folhapopular.info\/wp-content\/uploads\/2026\/04\/Folha-1.webp","url":"https:\/\/folhapopular.info\/wp-content\/uploads\/2026\/04\/Folha-1.webp","contentUrl":"https:\/\/folhapopular.info\/wp-content\/uploads\/2026\/04\/Folha-1.webp","caption":"Reda\u00e7\u00e3o Folha Popular"},"url":"https:\/\/folhapopular.info\/index.php\/author\/redacao\/"}]}},"jetpack_featured_media_url":"https:\/\/folhapopular.info\/wp-content\/uploads\/2020\/10\/Volta-as-aulas-Covid-AFERICAO-Angeli-5-scaled-e1603225355649.jpg","jetpack_sharing_enabled":true,"amp_enabled":true,"_links":{"self":[{"href":"https:\/\/folhapopular.info\/index.php\/wp-json\/wp\/v2\/posts\/74702","targetHints":{"allow":["GET"]}}],"collection":[{"href":"https:\/\/folhapopular.info\/index.php\/wp-json\/wp\/v2\/posts"}],"about":[{"href":"https:\/\/folhapopular.info\/index.php\/wp-json\/wp\/v2\/types\/post"}],"author":[{"embeddable":true,"href":"https:\/\/folhapopular.info\/index.php\/wp-json\/wp\/v2\/users\/8"}],"replies":[{"embeddable":true,"href":"https:\/\/folhapopular.info\/index.php\/wp-json\/wp\/v2\/comments?post=74702"}],"version-history":[{"count":0,"href":"https:\/\/folhapopular.info\/index.php\/wp-json\/wp\/v2\/posts\/74702\/revisions"}],"wp:featuredmedia":[{"embeddable":true,"href":"https:\/\/folhapopular.info\/index.php\/wp-json\/wp\/v2\/media\/74703"}],"wp:attachment":[{"href":"https:\/\/folhapopular.info\/index.php\/wp-json\/wp\/v2\/media?parent=74702"}],"wp:term":[{"taxonomy":"category","embeddable":true,"href":"https:\/\/folhapopular.info\/index.php\/wp-json\/wp\/v2\/categories?post=74702"},{"taxonomy":"post_tag","embeddable":true,"href":"https:\/\/folhapopular.info\/index.php\/wp-json\/wp\/v2\/tags?post=74702"}],"curies":[{"name":"wp","href":"https:\/\/api.w.org\/{rel}","templated":true}]}}