{"id":74734,"date":"2020-10-21T10:23:52","date_gmt":"2020-10-21T13:23:52","guid":{"rendered":"https:\/\/folhapopular.info\/?p=74734"},"modified":"2020-10-21T10:23:56","modified_gmt":"2020-10-21T13:23:56","slug":"de-forma-inedita-abertura-oficial-do-plantio-da-soja-2020-2021-e-virtual-no-rs","status":"publish","type":"post","link":"https:\/\/folhapopular.info\/index.php\/2020\/10\/21\/de-forma-inedita-abertura-oficial-do-plantio-da-soja-2020-2021-e-virtual-no-rs\/","title":{"rendered":"De forma in\u00e9dita, abertura oficial do plantio da soja 2020\/2021 \u00e9 virtual no RS"},"content":{"rendered":"\n<p>Sem o plantio simb\u00f3lico e com maquin\u00e1rios a campo, a abertura oficial da 10\u00aa edi\u00e7\u00e3o do plantio da soja no Rio Grande do Sul, safra 2020\/2021, ocorreu nesta ter\u00e7a-feira (20\/10) em formato virtual.&nbsp;<\/p>\n\n\n\n<p>Com a participa\u00e7\u00e3o do governador Eduardo Leite e do secret\u00e1rio da Agricultura, Pecu\u00e1ria e Desenvolvimento Rural, Covati Filho, por v\u00eddeo, a transmiss\u00e3o ocorreu a partir da Cooperativa de J\u00falio de Castilhos (Cotrijuc), no munic\u00edpio de J\u00falio de Castilhos \u2013 segundo maior produtor da oleaginosa no RS em 2019 \u2013, na regi\u00e3o central do Estado. O p\u00fablico acompanhou o evento pelas redes sociais.<\/p>\n\n\n\n<p>\u201cA celebra\u00e7\u00e3o do in\u00edcio desse plantio \u00e9 a celebra\u00e7\u00e3o da resili\u00eancia, da resist\u00eancia e do empreendedorismo ga\u00facho. Todo empreendedorismo deve ser saudado no nosso Estado, mas especialmente aquele ligado ao agroneg\u00f3cio. \u00c9 o empreendimento que enfrenta adversidades clim\u00e1ticas. Enfrentamos severa estiagem que nos fez perder 45% da \u00faltima safra de soja e que tamb\u00e9m gera dificuldades nesse momento de plantio. Nossos produtores rurais, por\u00e9m, s\u00e3o resilientes, e enfrentam com otimismo e com t\u00e9cnicas mais modernas essas dificuldades clim\u00e1ticas para que possamos garantir semeadura de \u00e1rea plantada maior esse ano, tamb\u00e9m com expectativa de produtividade maior\u201d, disse o governador.<\/p>\n\n\n\n<p>Mesmo sob os efeitos da pandemia de coronav\u00edrus e ainda se recuperando da grave estiagem da temporada passada, o agroneg\u00f3cio ga\u00facho inicia o novo ciclo da soja com a previs\u00e3o de obter a segunda maior colheita de gr\u00e3os (que inclui al\u00e9m de soja, milho, arroz e feij\u00e3o) da hist\u00f3ria.<\/p>\n\n\n\n<p>\u00c9 o que prev\u00ea a estimativa da Emater-RS divulgada em setembro. O levantamento indica que a \u00e1rea total deve ser de 7,8 milh\u00f5es de hectares (1,8% superior ao per\u00edodo anterior) com produ\u00e7\u00e3o 40,2% maior do que a safra passada, alcan\u00e7ando 32,5 milh\u00f5es de toneladas dos principais gr\u00e3os de ver\u00e3o (soja, milho, arroz e feij\u00e3o). A maior safra do Estado at\u00e9 ent\u00e3o foi em 2017, com mais de 33,6 milh\u00f5es de toneladas de gr\u00e3os colhidos.<\/p>\n\n\n\n<p>\u201cA soja \u00e9 a principal cadeia produtiva do RS: somos, hoje, o terceiro maior do Brasil no que diz respeito ao plantio, com as cidades de J\u00falio de Castilhos e Tupanciret\u00e3 na lideran\u00e7a. O Estado sabe seu dever. Enfrentamos uma estiagem muito severa e isso atingiu muito a cultura de soja, com queda significativa e, dentro desse vi\u00e9s, estamos buscando encontrar mais mecanismos para proteger quem produz no RS, desburocratizando algumas quest\u00f5es e incentivando investimentos\u201d, afirmou o secret\u00e1rio Covatti Filho.<\/p>\n\n\n\n<p>A soja \u00e9 a cultura que tem a expectativa de maior aumento de produ\u00e7\u00e3o (68,8%) e produtividade (65,7%) em rela\u00e7\u00e3o \u00e0 \u00faltima safra, possibilitando a colheita de 18,9 milh\u00f5es de toneladas \u2013 volume 68,8% superior \u00e0 safra 2019\/2020.<\/p>\n\n\n\n<p>Leite disse tamb\u00e9m que, nos \u00faltimos anos, a soja tem relevante participa\u00e7\u00e3o na economia ga\u00facha e se destacou mais em produtividade do que em \u00e1rea plantada. \u201cJustamente devido a todo investimento que se faz em tecnologia, em irriga\u00e7\u00e3o, em equipamentos, na pr\u00f3pria semente, de forma a ganharmos condi\u00e7\u00f5es de produzir mais e, consequentemente, de gerar mais riqueza para o povo ga\u00facho\u201d, lembrou.<\/p>\n\n\n\n<p>At\u00e9 o momento, 4% das lavouras da nova safra j\u00e1 foram semeadas, o mesmo percentual registrado na m\u00e9dia dos \u00faltimos cinco anos para o mesmo per\u00edodo no RS.<\/p>\n","protected":false},"excerpt":{"rendered":"<p>Sem o plantio simb\u00f3lico e com maquin\u00e1rios a campo, a abertura oficial da 10\u00aa edi\u00e7\u00e3o do plantio da soja no Rio Grande do Sul, safra 2020\/2021, ocorreu nesta ter\u00e7a-feira (20\/10) em formato virtual.&nbsp; Com a participa\u00e7\u00e3o do governador Eduardo Leite e do secret\u00e1rio da Agricultura, Pecu\u00e1ria e Desenvolvimento Rural, Covati Filho, por v\u00eddeo, a transmiss\u00e3o [&hellip;]<\/p>\n","protected":false},"author":8,"featured_media":74735,"comment_status":"open","ping_status":"open","sticky":false,"template":"","format":"standard","meta":{"pmpro_default_level":"","_jetpack_memberships_contains_paid_content":false,"footnotes":""},"categories":[2,3],"tags":[6201,1794,6202],"class_list":{"0":"post-74734","1":"post","2":"type-post","3":"status-publish","4":"format-standard","5":"has-post-thumbnail","7":"category-featured","8":"category-geral","9":"tag-plantio-de-soja","10":"tag-rio-grande-do-sul","11":"tag-virtual","12":"pmpro-has-access"},"yoast_head":"<!-- This site is optimized with the Yoast SEO plugin v27.5 - https:\/\/yoast.com\/product\/yoast-seo-wordpress\/ -->\n<title>De forma in\u00e9dita, abertura oficial do plantio da soja 2020\/2021 \u00e9 virtual no RS - Folha Popular<\/title>\n<meta name=\"robots\" content=\"index, follow, max-snippet:-1, max-image-preview:large, max-video-preview:-1\" \/>\n<link rel=\"canonical\" href=\"https:\/\/folhapopular.info\/index.php\/2020\/10\/21\/de-forma-inedita-abertura-oficial-do-plantio-da-soja-2020-2021-e-virtual-no-rs\/\" \/>\n<meta property=\"og:locale\" content=\"pt_BR\" \/>\n<meta property=\"og:type\" content=\"article\" \/>\n<meta property=\"og:title\" content=\"De forma in\u00e9dita, abertura oficial do plantio da soja 2020\/2021 \u00e9 virtual no RS - Folha Popular\" \/>\n<meta property=\"og:description\" content=\"Sem o plantio simb\u00f3lico e com maquin\u00e1rios a campo, a abertura oficial da 10\u00aa edi\u00e7\u00e3o do plantio da soja no Rio Grande do Sul, safra 2020\/2021, ocorreu nesta ter\u00e7a-feira (20\/10) em formato virtual.&nbsp; Com a participa\u00e7\u00e3o do governador Eduardo Leite e do secret\u00e1rio da Agricultura, Pecu\u00e1ria e Desenvolvimento Rural, Covati Filho, por v\u00eddeo, a transmiss\u00e3o [&hellip;]\" \/>\n<meta property=\"og:url\" content=\"https:\/\/folhapopular.info\/index.php\/2020\/10\/21\/de-forma-inedita-abertura-oficial-do-plantio-da-soja-2020-2021-e-virtual-no-rs\/\" \/>\n<meta property=\"og:site_name\" content=\"Folha Popular\" \/>\n<meta property=\"article:published_time\" content=\"2020-10-21T13:23:52+00:00\" \/>\n<meta property=\"article:modified_time\" content=\"2020-10-21T13:23:56+00:00\" \/>\n<meta property=\"og:image\" content=\"https:\/\/folhapopular.info\/wp-content\/uploads\/2020\/10\/unnamed-60.jpg\" \/>\n\t<meta property=\"og:image:width\" content=\"800\" \/>\n\t<meta property=\"og:image:height\" content=\"450\" \/>\n\t<meta property=\"og:image:type\" content=\"image\/jpeg\" \/>\n<meta name=\"author\" content=\"Reda\u00e7\u00e3o Folha Popular\" \/>\n<meta name=\"twitter:card\" content=\"summary_large_image\" \/>\n<meta name=\"twitter:label1\" content=\"Escrito por\" \/>\n\t<meta name=\"twitter:data1\" content=\"Reda\u00e7\u00e3o Folha Popular\" \/>\n\t<meta name=\"twitter:label2\" content=\"Est. tempo de leitura\" \/>\n\t<meta name=\"twitter:data2\" content=\"3 minutos\" \/>\n<script type=\"application\/ld+json\" class=\"yoast-schema-graph\">{\"@context\":\"https:\\\/\\\/schema.org\",\"@graph\":[{\"@type\":\"Article\",\"@id\":\"https:\\\/\\\/folhapopular.info\\\/index.php\\\/2020\\\/10\\\/21\\\/de-forma-inedita-abertura-oficial-do-plantio-da-soja-2020-2021-e-virtual-no-rs\\\/#article\",\"isPartOf\":{\"@id\":\"https:\\\/\\\/folhapopular.info\\\/index.php\\\/2020\\\/10\\\/21\\\/de-forma-inedita-abertura-oficial-do-plantio-da-soja-2020-2021-e-virtual-no-rs\\\/\"},\"author\":{\"name\":\"Reda\u00e7\u00e3o Folha Popular\",\"@id\":\"https:\\\/\\\/folhapopular.info\\\/#\\\/schema\\\/person\\\/2814e8a0df7643585a9ca38bc6eb9d4b\"},\"headline\":\"De forma in\u00e9dita, abertura oficial do plantio da soja 2020\\\/2021 \u00e9 virtual no RS\",\"datePublished\":\"2020-10-21T13:23:52+00:00\",\"dateModified\":\"2020-10-21T13:23:56+00:00\",\"mainEntityOfPage\":{\"@id\":\"https:\\\/\\\/folhapopular.info\\\/index.php\\\/2020\\\/10\\\/21\\\/de-forma-inedita-abertura-oficial-do-plantio-da-soja-2020-2021-e-virtual-no-rs\\\/\"},\"wordCount\":575,\"commentCount\":0,\"image\":{\"@id\":\"https:\\\/\\\/folhapopular.info\\\/index.php\\\/2020\\\/10\\\/21\\\/de-forma-inedita-abertura-oficial-do-plantio-da-soja-2020-2021-e-virtual-no-rs\\\/#primaryimage\"},\"thumbnailUrl\":\"https:\\\/\\\/folhapopular.info\\\/wp-content\\\/uploads\\\/2020\\\/10\\\/unnamed-60.jpg\",\"keywords\":[\"Plantio de soja\",\"Rio Grande do Sul\",\"Virtual\"],\"articleSection\":[\"Destaques\",\"Geral\"],\"inLanguage\":\"pt-BR\",\"potentialAction\":[{\"@type\":\"CommentAction\",\"name\":\"Comment\",\"target\":[\"https:\\\/\\\/folhapopular.info\\\/index.php\\\/2020\\\/10\\\/21\\\/de-forma-inedita-abertura-oficial-do-plantio-da-soja-2020-2021-e-virtual-no-rs\\\/#respond\"]}]},{\"@type\":\"WebPage\",\"@id\":\"https:\\\/\\\/folhapopular.info\\\/index.php\\\/2020\\\/10\\\/21\\\/de-forma-inedita-abertura-oficial-do-plantio-da-soja-2020-2021-e-virtual-no-rs\\\/\",\"url\":\"https:\\\/\\\/folhapopular.info\\\/index.php\\\/2020\\\/10\\\/21\\\/de-forma-inedita-abertura-oficial-do-plantio-da-soja-2020-2021-e-virtual-no-rs\\\/\",\"name\":\"De forma in\u00e9dita, abertura oficial do plantio da soja 2020\\\/2021 \u00e9 virtual no RS - Folha Popular\",\"isPartOf\":{\"@id\":\"https:\\\/\\\/folhapopular.info\\\/#website\"},\"primaryImageOfPage\":{\"@id\":\"https:\\\/\\\/folhapopular.info\\\/index.php\\\/2020\\\/10\\\/21\\\/de-forma-inedita-abertura-oficial-do-plantio-da-soja-2020-2021-e-virtual-no-rs\\\/#primaryimage\"},\"image\":{\"@id\":\"https:\\\/\\\/folhapopular.info\\\/index.php\\\/2020\\\/10\\\/21\\\/de-forma-inedita-abertura-oficial-do-plantio-da-soja-2020-2021-e-virtual-no-rs\\\/#primaryimage\"},\"thumbnailUrl\":\"https:\\\/\\\/folhapopular.info\\\/wp-content\\\/uploads\\\/2020\\\/10\\\/unnamed-60.jpg\",\"datePublished\":\"2020-10-21T13:23:52+00:00\",\"dateModified\":\"2020-10-21T13:23:56+00:00\",\"author\":{\"@id\":\"https:\\\/\\\/folhapopular.info\\\/#\\\/schema\\\/person\\\/2814e8a0df7643585a9ca38bc6eb9d4b\"},\"breadcrumb\":{\"@id\":\"https:\\\/\\\/folhapopular.info\\\/index.php\\\/2020\\\/10\\\/21\\\/de-forma-inedita-abertura-oficial-do-plantio-da-soja-2020-2021-e-virtual-no-rs\\\/#breadcrumb\"},\"inLanguage\":\"pt-BR\",\"potentialAction\":[{\"@type\":\"ReadAction\",\"target\":[\"https:\\\/\\\/folhapopular.info\\\/index.php\\\/2020\\\/10\\\/21\\\/de-forma-inedita-abertura-oficial-do-plantio-da-soja-2020-2021-e-virtual-no-rs\\\/\"]}]},{\"@type\":\"ImageObject\",\"inLanguage\":\"pt-BR\",\"@id\":\"https:\\\/\\\/folhapopular.info\\\/index.php\\\/2020\\\/10\\\/21\\\/de-forma-inedita-abertura-oficial-do-plantio-da-soja-2020-2021-e-virtual-no-rs\\\/#primaryimage\",\"url\":\"https:\\\/\\\/folhapopular.info\\\/wp-content\\\/uploads\\\/2020\\\/10\\\/unnamed-60.jpg\",\"contentUrl\":\"https:\\\/\\\/folhapopular.info\\\/wp-content\\\/uploads\\\/2020\\\/10\\\/unnamed-60.jpg\",\"width\":800,\"height\":450,\"caption\":\"No Piratini, governador participou, por v\u00eddeo, de transmiss\u00e3o ocorrida a partir da Cooperativa de J\u00falio de Castilhos (Cotrijuc) \\\/ Cr\u00e9dito da foto: Itamar Aguiar \\\/ Pal\u00e1cio Piratini\"},{\"@type\":\"BreadcrumbList\",\"@id\":\"https:\\\/\\\/folhapopular.info\\\/index.php\\\/2020\\\/10\\\/21\\\/de-forma-inedita-abertura-oficial-do-plantio-da-soja-2020-2021-e-virtual-no-rs\\\/#breadcrumb\",\"itemListElement\":[{\"@type\":\"ListItem\",\"position\":1,\"name\":\"In\u00edcio\",\"item\":\"https:\\\/\\\/folhapopular.info\\\/\"},{\"@type\":\"ListItem\",\"position\":2,\"name\":\"De forma in\u00e9dita, abertura oficial do plantio da soja 2020\\\/2021 \u00e9 virtual no RS\"}]},{\"@type\":\"WebSite\",\"@id\":\"https:\\\/\\\/folhapopular.info\\\/#website\",\"url\":\"https:\\\/\\\/folhapopular.info\\\/\",\"name\":\"Folha Popular\",\"description\":\"Onde voc\u00ea tem vez e voz\",\"potentialAction\":[{\"@type\":\"SearchAction\",\"target\":{\"@type\":\"EntryPoint\",\"urlTemplate\":\"https:\\\/\\\/folhapopular.info\\\/?s={search_term_string}\"},\"query-input\":{\"@type\":\"PropertyValueSpecification\",\"valueRequired\":true,\"valueName\":\"search_term_string\"}}],\"inLanguage\":\"pt-BR\"},{\"@type\":\"Person\",\"@id\":\"https:\\\/\\\/folhapopular.info\\\/#\\\/schema\\\/person\\\/2814e8a0df7643585a9ca38bc6eb9d4b\",\"name\":\"Reda\u00e7\u00e3o Folha Popular\",\"image\":{\"@type\":\"ImageObject\",\"inLanguage\":\"pt-BR\",\"@id\":\"https:\\\/\\\/folhapopular.info\\\/wp-content\\\/uploads\\\/2026\\\/04\\\/Folha-1.webp\",\"url\":\"https:\\\/\\\/folhapopular.info\\\/wp-content\\\/uploads\\\/2026\\\/04\\\/Folha-1.webp\",\"contentUrl\":\"https:\\\/\\\/folhapopular.info\\\/wp-content\\\/uploads\\\/2026\\\/04\\\/Folha-1.webp\",\"caption\":\"Reda\u00e7\u00e3o Folha Popular\"},\"url\":\"https:\\\/\\\/folhapopular.info\\\/index.php\\\/author\\\/redacao\\\/\"}]}<\/script>\n<!-- \/ Yoast SEO plugin. -->","yoast_head_json":{"title":"De forma in\u00e9dita, abertura oficial do plantio da soja 2020\/2021 \u00e9 virtual no RS - Folha Popular","robots":{"index":"index","follow":"follow","max-snippet":"max-snippet:-1","max-image-preview":"max-image-preview:large","max-video-preview":"max-video-preview:-1"},"canonical":"https:\/\/folhapopular.info\/index.php\/2020\/10\/21\/de-forma-inedita-abertura-oficial-do-plantio-da-soja-2020-2021-e-virtual-no-rs\/","og_locale":"pt_BR","og_type":"article","og_title":"De forma in\u00e9dita, abertura oficial do plantio da soja 2020\/2021 \u00e9 virtual no RS - Folha Popular","og_description":"Sem o plantio simb\u00f3lico e com maquin\u00e1rios a campo, a abertura oficial da 10\u00aa edi\u00e7\u00e3o do plantio da soja no Rio Grande do Sul, safra 2020\/2021, ocorreu nesta ter\u00e7a-feira (20\/10) em formato virtual.&nbsp; Com a participa\u00e7\u00e3o do governador Eduardo Leite e do secret\u00e1rio da Agricultura, Pecu\u00e1ria e Desenvolvimento Rural, Covati Filho, por v\u00eddeo, a transmiss\u00e3o [&hellip;]","og_url":"https:\/\/folhapopular.info\/index.php\/2020\/10\/21\/de-forma-inedita-abertura-oficial-do-plantio-da-soja-2020-2021-e-virtual-no-rs\/","og_site_name":"Folha Popular","article_published_time":"2020-10-21T13:23:52+00:00","article_modified_time":"2020-10-21T13:23:56+00:00","og_image":[{"width":800,"height":450,"url":"https:\/\/folhapopular.info\/wp-content\/uploads\/2020\/10\/unnamed-60.jpg","type":"image\/jpeg"}],"author":"Reda\u00e7\u00e3o Folha Popular","twitter_card":"summary_large_image","twitter_misc":{"Escrito por":"Reda\u00e7\u00e3o Folha Popular","Est. tempo de leitura":"3 minutos"},"schema":{"@context":"https:\/\/schema.org","@graph":[{"@type":"Article","@id":"https:\/\/folhapopular.info\/index.php\/2020\/10\/21\/de-forma-inedita-abertura-oficial-do-plantio-da-soja-2020-2021-e-virtual-no-rs\/#article","isPartOf":{"@id":"https:\/\/folhapopular.info\/index.php\/2020\/10\/21\/de-forma-inedita-abertura-oficial-do-plantio-da-soja-2020-2021-e-virtual-no-rs\/"},"author":{"name":"Reda\u00e7\u00e3o Folha Popular","@id":"https:\/\/folhapopular.info\/#\/schema\/person\/2814e8a0df7643585a9ca38bc6eb9d4b"},"headline":"De forma in\u00e9dita, abertura oficial do plantio da soja 2020\/2021 \u00e9 virtual no RS","datePublished":"2020-10-21T13:23:52+00:00","dateModified":"2020-10-21T13:23:56+00:00","mainEntityOfPage":{"@id":"https:\/\/folhapopular.info\/index.php\/2020\/10\/21\/de-forma-inedita-abertura-oficial-do-plantio-da-soja-2020-2021-e-virtual-no-rs\/"},"wordCount":575,"commentCount":0,"image":{"@id":"https:\/\/folhapopular.info\/index.php\/2020\/10\/21\/de-forma-inedita-abertura-oficial-do-plantio-da-soja-2020-2021-e-virtual-no-rs\/#primaryimage"},"thumbnailUrl":"https:\/\/folhapopular.info\/wp-content\/uploads\/2020\/10\/unnamed-60.jpg","keywords":["Plantio de soja","Rio Grande do Sul","Virtual"],"articleSection":["Destaques","Geral"],"inLanguage":"pt-BR","potentialAction":[{"@type":"CommentAction","name":"Comment","target":["https:\/\/folhapopular.info\/index.php\/2020\/10\/21\/de-forma-inedita-abertura-oficial-do-plantio-da-soja-2020-2021-e-virtual-no-rs\/#respond"]}]},{"@type":"WebPage","@id":"https:\/\/folhapopular.info\/index.php\/2020\/10\/21\/de-forma-inedita-abertura-oficial-do-plantio-da-soja-2020-2021-e-virtual-no-rs\/","url":"https:\/\/folhapopular.info\/index.php\/2020\/10\/21\/de-forma-inedita-abertura-oficial-do-plantio-da-soja-2020-2021-e-virtual-no-rs\/","name":"De forma in\u00e9dita, abertura oficial do plantio da soja 2020\/2021 \u00e9 virtual no RS - Folha Popular","isPartOf":{"@id":"https:\/\/folhapopular.info\/#website"},"primaryImageOfPage":{"@id":"https:\/\/folhapopular.info\/index.php\/2020\/10\/21\/de-forma-inedita-abertura-oficial-do-plantio-da-soja-2020-2021-e-virtual-no-rs\/#primaryimage"},"image":{"@id":"https:\/\/folhapopular.info\/index.php\/2020\/10\/21\/de-forma-inedita-abertura-oficial-do-plantio-da-soja-2020-2021-e-virtual-no-rs\/#primaryimage"},"thumbnailUrl":"https:\/\/folhapopular.info\/wp-content\/uploads\/2020\/10\/unnamed-60.jpg","datePublished":"2020-10-21T13:23:52+00:00","dateModified":"2020-10-21T13:23:56+00:00","author":{"@id":"https:\/\/folhapopular.info\/#\/schema\/person\/2814e8a0df7643585a9ca38bc6eb9d4b"},"breadcrumb":{"@id":"https:\/\/folhapopular.info\/index.php\/2020\/10\/21\/de-forma-inedita-abertura-oficial-do-plantio-da-soja-2020-2021-e-virtual-no-rs\/#breadcrumb"},"inLanguage":"pt-BR","potentialAction":[{"@type":"ReadAction","target":["https:\/\/folhapopular.info\/index.php\/2020\/10\/21\/de-forma-inedita-abertura-oficial-do-plantio-da-soja-2020-2021-e-virtual-no-rs\/"]}]},{"@type":"ImageObject","inLanguage":"pt-BR","@id":"https:\/\/folhapopular.info\/index.php\/2020\/10\/21\/de-forma-inedita-abertura-oficial-do-plantio-da-soja-2020-2021-e-virtual-no-rs\/#primaryimage","url":"https:\/\/folhapopular.info\/wp-content\/uploads\/2020\/10\/unnamed-60.jpg","contentUrl":"https:\/\/folhapopular.info\/wp-content\/uploads\/2020\/10\/unnamed-60.jpg","width":800,"height":450,"caption":"No Piratini, governador participou, por v\u00eddeo, de transmiss\u00e3o ocorrida a partir da Cooperativa de J\u00falio de Castilhos (Cotrijuc) \/ Cr\u00e9dito da foto: Itamar Aguiar \/ Pal\u00e1cio Piratini"},{"@type":"BreadcrumbList","@id":"https:\/\/folhapopular.info\/index.php\/2020\/10\/21\/de-forma-inedita-abertura-oficial-do-plantio-da-soja-2020-2021-e-virtual-no-rs\/#breadcrumb","itemListElement":[{"@type":"ListItem","position":1,"name":"In\u00edcio","item":"https:\/\/folhapopular.info\/"},{"@type":"ListItem","position":2,"name":"De forma in\u00e9dita, abertura oficial do plantio da soja 2020\/2021 \u00e9 virtual no RS"}]},{"@type":"WebSite","@id":"https:\/\/folhapopular.info\/#website","url":"https:\/\/folhapopular.info\/","name":"Folha Popular","description":"Onde voc\u00ea tem vez e voz","potentialAction":[{"@type":"SearchAction","target":{"@type":"EntryPoint","urlTemplate":"https:\/\/folhapopular.info\/?s={search_term_string}"},"query-input":{"@type":"PropertyValueSpecification","valueRequired":true,"valueName":"search_term_string"}}],"inLanguage":"pt-BR"},{"@type":"Person","@id":"https:\/\/folhapopular.info\/#\/schema\/person\/2814e8a0df7643585a9ca38bc6eb9d4b","name":"Reda\u00e7\u00e3o Folha Popular","image":{"@type":"ImageObject","inLanguage":"pt-BR","@id":"https:\/\/folhapopular.info\/wp-content\/uploads\/2026\/04\/Folha-1.webp","url":"https:\/\/folhapopular.info\/wp-content\/uploads\/2026\/04\/Folha-1.webp","contentUrl":"https:\/\/folhapopular.info\/wp-content\/uploads\/2026\/04\/Folha-1.webp","caption":"Reda\u00e7\u00e3o Folha Popular"},"url":"https:\/\/folhapopular.info\/index.php\/author\/redacao\/"}]}},"jetpack_featured_media_url":"https:\/\/folhapopular.info\/wp-content\/uploads\/2020\/10\/unnamed-60.jpg","jetpack_sharing_enabled":true,"amp_enabled":true,"_links":{"self":[{"href":"https:\/\/folhapopular.info\/index.php\/wp-json\/wp\/v2\/posts\/74734","targetHints":{"allow":["GET"]}}],"collection":[{"href":"https:\/\/folhapopular.info\/index.php\/wp-json\/wp\/v2\/posts"}],"about":[{"href":"https:\/\/folhapopular.info\/index.php\/wp-json\/wp\/v2\/types\/post"}],"author":[{"embeddable":true,"href":"https:\/\/folhapopular.info\/index.php\/wp-json\/wp\/v2\/users\/8"}],"replies":[{"embeddable":true,"href":"https:\/\/folhapopular.info\/index.php\/wp-json\/wp\/v2\/comments?post=74734"}],"version-history":[{"count":0,"href":"https:\/\/folhapopular.info\/index.php\/wp-json\/wp\/v2\/posts\/74734\/revisions"}],"wp:featuredmedia":[{"embeddable":true,"href":"https:\/\/folhapopular.info\/index.php\/wp-json\/wp\/v2\/media\/74735"}],"wp:attachment":[{"href":"https:\/\/folhapopular.info\/index.php\/wp-json\/wp\/v2\/media?parent=74734"}],"wp:term":[{"taxonomy":"category","embeddable":true,"href":"https:\/\/folhapopular.info\/index.php\/wp-json\/wp\/v2\/categories?post=74734"},{"taxonomy":"post_tag","embeddable":true,"href":"https:\/\/folhapopular.info\/index.php\/wp-json\/wp\/v2\/tags?post=74734"}],"curies":[{"name":"wp","href":"https:\/\/api.w.org\/{rel}","templated":true}]}}