{"id":74827,"date":"2020-10-23T14:20:37","date_gmt":"2020-10-23T17:20:37","guid":{"rendered":"https:\/\/folhapopular.info\/?p=74827"},"modified":"2020-10-23T14:21:00","modified_gmt":"2020-10-23T17:21:00","slug":"moto-furtada-e-localizada-em-cima-da-camioneta-de-uma-oficina-em-teutonia","status":"publish","type":"post","link":"https:\/\/folhapopular.info\/index.php\/2020\/10\/23\/moto-furtada-e-localizada-em-cima-da-camioneta-de-uma-oficina-em-teutonia\/","title":{"rendered":"Moto furtada \u00e9 localizada em cima da camioneta de uma oficina, em Teut\u00f4nia"},"content":{"rendered":"\n<p>Um ve\u00edculo furtado foi recuperado por volta das 9h30 desta sexta-feira (23\/10), no Bairro Languiru, em Teut\u00f4nia. A sala de opera\u00e7\u00f5es da Brigada Militar foi informada sobre uma motocicleta de Ven\u00e2ncio Aires vista em cima da camioneta de uma oficina de motos, que fica na Linha S\u00e3o Jac\u00f3. Conforme a BM, a irm\u00e3 do propriet\u00e1rio da motocicleta identificou o ve\u00edculo, que foi furtado na Linha Delfina, em Estrela, \u00e0s 19h do dia 11 de outubro deste ano. Ela acionou a BM e acompanhou o ve\u00edculo na estrada, at\u00e9 ser abordado pela guarni\u00e7\u00e3o no Bairro Languiru.<\/p>\n\n\n\n<p>A moto estava sendo transportado pela camioneta da oficina para conserto. Conforme o dono da oficina, foi a pedido de um contratante. A guarni\u00e7\u00e3o foi at\u00e9 o local e constatou que a placa foi adulterada, mas o chassi equivale ao da moto furtada. As partes foram encaminhadas \u00e0 Delegacia de Pol\u00edcia de Teut\u00f4nia para realiza\u00e7\u00e3o dos tr\u00e2mites para devolu\u00e7\u00e3o do ve\u00edculo ao propriet\u00e1rio.<\/p>\n","protected":false},"excerpt":{"rendered":"<p>Um ve\u00edculo furtado foi recuperado por volta das 9h30 desta sexta-feira (23\/10), no Bairro Languiru, em Teut\u00f4nia. A sala de opera\u00e7\u00f5es da Brigada Militar foi informada sobre uma motocicleta de Ven\u00e2ncio Aires vista em cima da camioneta de uma oficina de motos, que fica na Linha S\u00e3o Jac\u00f3. Conforme a BM, a irm\u00e3 do propriet\u00e1rio [&hellip;]<\/p>\n","protected":false},"author":8,"featured_media":74828,"comment_status":"open","ping_status":"open","sticky":false,"template":"","format":"standard","meta":{"pmpro_default_level":"","_jetpack_memberships_contains_paid_content":false,"footnotes":""},"categories":[3,7],"tags":[71,389,26],"class_list":{"0":"post-74827","1":"post","2":"type-post","3":"status-publish","4":"format-standard","5":"has-post-thumbnail","7":"category-geral","8":"category-seguranca","9":"tag-furto","10":"tag-moto","11":"tag-teutonia","12":"pmpro-has-access"},"yoast_head":"<!-- This site is optimized with the Yoast SEO plugin v27.5 - https:\/\/yoast.com\/product\/yoast-seo-wordpress\/ -->\n<title>Moto furtada \u00e9 localizada em cima da camioneta de uma oficina, em Teut\u00f4nia - Folha Popular<\/title>\n<meta name=\"robots\" content=\"index, follow, max-snippet:-1, max-image-preview:large, max-video-preview:-1\" \/>\n<link rel=\"canonical\" href=\"https:\/\/folhapopular.info\/index.php\/2020\/10\/23\/moto-furtada-e-localizada-em-cima-da-camioneta-de-uma-oficina-em-teutonia\/\" \/>\n<meta property=\"og:locale\" content=\"pt_BR\" \/>\n<meta property=\"og:type\" content=\"article\" \/>\n<meta property=\"og:title\" content=\"Moto furtada \u00e9 localizada em cima da camioneta de uma oficina, em Teut\u00f4nia - Folha Popular\" \/>\n<meta property=\"og:description\" content=\"Um ve\u00edculo furtado foi recuperado por volta das 9h30 desta sexta-feira (23\/10), no Bairro Languiru, em Teut\u00f4nia. A sala de opera\u00e7\u00f5es da Brigada Militar foi informada sobre uma motocicleta de Ven\u00e2ncio Aires vista em cima da camioneta de uma oficina de motos, que fica na Linha S\u00e3o Jac\u00f3. Conforme a BM, a irm\u00e3 do propriet\u00e1rio [&hellip;]\" \/>\n<meta property=\"og:url\" content=\"https:\/\/folhapopular.info\/index.php\/2020\/10\/23\/moto-furtada-e-localizada-em-cima-da-camioneta-de-uma-oficina-em-teutonia\/\" \/>\n<meta property=\"og:site_name\" content=\"Folha Popular\" \/>\n<meta property=\"article:published_time\" content=\"2020-10-23T17:20:37+00:00\" \/>\n<meta property=\"article:modified_time\" content=\"2020-10-23T17:21:00+00:00\" \/>\n<meta property=\"og:image\" content=\"https:\/\/folhapopular.info\/wp-content\/uploads\/2020\/10\/WhatsApp-Image-2020-10-23-at-13.54.39.jpeg\" \/>\n\t<meta property=\"og:image:width\" content=\"720\" \/>\n\t<meta property=\"og:image:height\" content=\"1280\" \/>\n\t<meta property=\"og:image:type\" content=\"image\/jpeg\" \/>\n<meta name=\"author\" content=\"Reda\u00e7\u00e3o Folha Popular\" \/>\n<meta name=\"twitter:card\" content=\"summary_large_image\" \/>\n<meta name=\"twitter:label1\" content=\"Escrito por\" \/>\n\t<meta name=\"twitter:data1\" content=\"Reda\u00e7\u00e3o Folha Popular\" \/>\n\t<meta name=\"twitter:label2\" content=\"Est. tempo de leitura\" \/>\n\t<meta name=\"twitter:data2\" content=\"1 minuto\" \/>\n<script type=\"application\/ld+json\" class=\"yoast-schema-graph\">{\"@context\":\"https:\\\/\\\/schema.org\",\"@graph\":[{\"@type\":\"Article\",\"@id\":\"https:\\\/\\\/folhapopular.info\\\/index.php\\\/2020\\\/10\\\/23\\\/moto-furtada-e-localizada-em-cima-da-camioneta-de-uma-oficina-em-teutonia\\\/#article\",\"isPartOf\":{\"@id\":\"https:\\\/\\\/folhapopular.info\\\/index.php\\\/2020\\\/10\\\/23\\\/moto-furtada-e-localizada-em-cima-da-camioneta-de-uma-oficina-em-teutonia\\\/\"},\"author\":{\"name\":\"Reda\u00e7\u00e3o Folha Popular\",\"@id\":\"https:\\\/\\\/folhapopular.info\\\/#\\\/schema\\\/person\\\/2814e8a0df7643585a9ca38bc6eb9d4b\"},\"headline\":\"Moto furtada \u00e9 localizada em cima da camioneta de uma oficina, em Teut\u00f4nia\",\"datePublished\":\"2020-10-23T17:20:37+00:00\",\"dateModified\":\"2020-10-23T17:21:00+00:00\",\"mainEntityOfPage\":{\"@id\":\"https:\\\/\\\/folhapopular.info\\\/index.php\\\/2020\\\/10\\\/23\\\/moto-furtada-e-localizada-em-cima-da-camioneta-de-uma-oficina-em-teutonia\\\/\"},\"wordCount\":185,\"commentCount\":0,\"image\":{\"@id\":\"https:\\\/\\\/folhapopular.info\\\/index.php\\\/2020\\\/10\\\/23\\\/moto-furtada-e-localizada-em-cima-da-camioneta-de-uma-oficina-em-teutonia\\\/#primaryimage\"},\"thumbnailUrl\":\"https:\\\/\\\/folhapopular.info\\\/wp-content\\\/uploads\\\/2020\\\/10\\\/WhatsApp-Image-2020-10-23-at-13.54.39.jpeg\",\"keywords\":[\"furto\",\"Moto\",\"Teut\u00f4nia\"],\"articleSection\":[\"Geral\",\"Seguran\u00e7a\"],\"inLanguage\":\"pt-BR\",\"potentialAction\":[{\"@type\":\"CommentAction\",\"name\":\"Comment\",\"target\":[\"https:\\\/\\\/folhapopular.info\\\/index.php\\\/2020\\\/10\\\/23\\\/moto-furtada-e-localizada-em-cima-da-camioneta-de-uma-oficina-em-teutonia\\\/#respond\"]}]},{\"@type\":\"WebPage\",\"@id\":\"https:\\\/\\\/folhapopular.info\\\/index.php\\\/2020\\\/10\\\/23\\\/moto-furtada-e-localizada-em-cima-da-camioneta-de-uma-oficina-em-teutonia\\\/\",\"url\":\"https:\\\/\\\/folhapopular.info\\\/index.php\\\/2020\\\/10\\\/23\\\/moto-furtada-e-localizada-em-cima-da-camioneta-de-uma-oficina-em-teutonia\\\/\",\"name\":\"Moto furtada \u00e9 localizada em cima da camioneta de uma oficina, em Teut\u00f4nia - Folha Popular\",\"isPartOf\":{\"@id\":\"https:\\\/\\\/folhapopular.info\\\/#website\"},\"primaryImageOfPage\":{\"@id\":\"https:\\\/\\\/folhapopular.info\\\/index.php\\\/2020\\\/10\\\/23\\\/moto-furtada-e-localizada-em-cima-da-camioneta-de-uma-oficina-em-teutonia\\\/#primaryimage\"},\"image\":{\"@id\":\"https:\\\/\\\/folhapopular.info\\\/index.php\\\/2020\\\/10\\\/23\\\/moto-furtada-e-localizada-em-cima-da-camioneta-de-uma-oficina-em-teutonia\\\/#primaryimage\"},\"thumbnailUrl\":\"https:\\\/\\\/folhapopular.info\\\/wp-content\\\/uploads\\\/2020\\\/10\\\/WhatsApp-Image-2020-10-23-at-13.54.39.jpeg\",\"datePublished\":\"2020-10-23T17:20:37+00:00\",\"dateModified\":\"2020-10-23T17:21:00+00:00\",\"author\":{\"@id\":\"https:\\\/\\\/folhapopular.info\\\/#\\\/schema\\\/person\\\/2814e8a0df7643585a9ca38bc6eb9d4b\"},\"breadcrumb\":{\"@id\":\"https:\\\/\\\/folhapopular.info\\\/index.php\\\/2020\\\/10\\\/23\\\/moto-furtada-e-localizada-em-cima-da-camioneta-de-uma-oficina-em-teutonia\\\/#breadcrumb\"},\"inLanguage\":\"pt-BR\",\"potentialAction\":[{\"@type\":\"ReadAction\",\"target\":[\"https:\\\/\\\/folhapopular.info\\\/index.php\\\/2020\\\/10\\\/23\\\/moto-furtada-e-localizada-em-cima-da-camioneta-de-uma-oficina-em-teutonia\\\/\"]}]},{\"@type\":\"ImageObject\",\"inLanguage\":\"pt-BR\",\"@id\":\"https:\\\/\\\/folhapopular.info\\\/index.php\\\/2020\\\/10\\\/23\\\/moto-furtada-e-localizada-em-cima-da-camioneta-de-uma-oficina-em-teutonia\\\/#primaryimage\",\"url\":\"https:\\\/\\\/folhapopular.info\\\/wp-content\\\/uploads\\\/2020\\\/10\\\/WhatsApp-Image-2020-10-23-at-13.54.39.jpeg\",\"contentUrl\":\"https:\\\/\\\/folhapopular.info\\\/wp-content\\\/uploads\\\/2020\\\/10\\\/WhatsApp-Image-2020-10-23-at-13.54.39.jpeg\",\"width\":720,\"height\":1280,\"caption\":\"Cr\u00e9dito: Divulga\u00e7\u00e3o BM\"},{\"@type\":\"BreadcrumbList\",\"@id\":\"https:\\\/\\\/folhapopular.info\\\/index.php\\\/2020\\\/10\\\/23\\\/moto-furtada-e-localizada-em-cima-da-camioneta-de-uma-oficina-em-teutonia\\\/#breadcrumb\",\"itemListElement\":[{\"@type\":\"ListItem\",\"position\":1,\"name\":\"In\u00edcio\",\"item\":\"https:\\\/\\\/folhapopular.info\\\/\"},{\"@type\":\"ListItem\",\"position\":2,\"name\":\"Moto furtada \u00e9 localizada em cima da camioneta de uma oficina, em Teut\u00f4nia\"}]},{\"@type\":\"WebSite\",\"@id\":\"https:\\\/\\\/folhapopular.info\\\/#website\",\"url\":\"https:\\\/\\\/folhapopular.info\\\/\",\"name\":\"Folha Popular\",\"description\":\"Onde voc\u00ea tem vez e voz\",\"potentialAction\":[{\"@type\":\"SearchAction\",\"target\":{\"@type\":\"EntryPoint\",\"urlTemplate\":\"https:\\\/\\\/folhapopular.info\\\/?s={search_term_string}\"},\"query-input\":{\"@type\":\"PropertyValueSpecification\",\"valueRequired\":true,\"valueName\":\"search_term_string\"}}],\"inLanguage\":\"pt-BR\"},{\"@type\":\"Person\",\"@id\":\"https:\\\/\\\/folhapopular.info\\\/#\\\/schema\\\/person\\\/2814e8a0df7643585a9ca38bc6eb9d4b\",\"name\":\"Reda\u00e7\u00e3o Folha Popular\",\"image\":{\"@type\":\"ImageObject\",\"inLanguage\":\"pt-BR\",\"@id\":\"https:\\\/\\\/folhapopular.info\\\/wp-content\\\/uploads\\\/2026\\\/04\\\/Folha-1.webp\",\"url\":\"https:\\\/\\\/folhapopular.info\\\/wp-content\\\/uploads\\\/2026\\\/04\\\/Folha-1.webp\",\"contentUrl\":\"https:\\\/\\\/folhapopular.info\\\/wp-content\\\/uploads\\\/2026\\\/04\\\/Folha-1.webp\",\"caption\":\"Reda\u00e7\u00e3o Folha Popular\"},\"url\":\"https:\\\/\\\/folhapopular.info\\\/index.php\\\/author\\\/redacao\\\/\"}]}<\/script>\n<!-- \/ Yoast SEO plugin. -->","yoast_head_json":{"title":"Moto furtada \u00e9 localizada em cima da camioneta de uma oficina, em Teut\u00f4nia - Folha Popular","robots":{"index":"index","follow":"follow","max-snippet":"max-snippet:-1","max-image-preview":"max-image-preview:large","max-video-preview":"max-video-preview:-1"},"canonical":"https:\/\/folhapopular.info\/index.php\/2020\/10\/23\/moto-furtada-e-localizada-em-cima-da-camioneta-de-uma-oficina-em-teutonia\/","og_locale":"pt_BR","og_type":"article","og_title":"Moto furtada \u00e9 localizada em cima da camioneta de uma oficina, em Teut\u00f4nia - Folha Popular","og_description":"Um ve\u00edculo furtado foi recuperado por volta das 9h30 desta sexta-feira (23\/10), no Bairro Languiru, em Teut\u00f4nia. A sala de opera\u00e7\u00f5es da Brigada Militar foi informada sobre uma motocicleta de Ven\u00e2ncio Aires vista em cima da camioneta de uma oficina de motos, que fica na Linha S\u00e3o Jac\u00f3. Conforme a BM, a irm\u00e3 do propriet\u00e1rio [&hellip;]","og_url":"https:\/\/folhapopular.info\/index.php\/2020\/10\/23\/moto-furtada-e-localizada-em-cima-da-camioneta-de-uma-oficina-em-teutonia\/","og_site_name":"Folha Popular","article_published_time":"2020-10-23T17:20:37+00:00","article_modified_time":"2020-10-23T17:21:00+00:00","og_image":[{"width":720,"height":1280,"url":"https:\/\/folhapopular.info\/wp-content\/uploads\/2020\/10\/WhatsApp-Image-2020-10-23-at-13.54.39.jpeg","type":"image\/jpeg"}],"author":"Reda\u00e7\u00e3o Folha Popular","twitter_card":"summary_large_image","twitter_misc":{"Escrito por":"Reda\u00e7\u00e3o Folha Popular","Est. tempo de leitura":"1 minuto"},"schema":{"@context":"https:\/\/schema.org","@graph":[{"@type":"Article","@id":"https:\/\/folhapopular.info\/index.php\/2020\/10\/23\/moto-furtada-e-localizada-em-cima-da-camioneta-de-uma-oficina-em-teutonia\/#article","isPartOf":{"@id":"https:\/\/folhapopular.info\/index.php\/2020\/10\/23\/moto-furtada-e-localizada-em-cima-da-camioneta-de-uma-oficina-em-teutonia\/"},"author":{"name":"Reda\u00e7\u00e3o Folha Popular","@id":"https:\/\/folhapopular.info\/#\/schema\/person\/2814e8a0df7643585a9ca38bc6eb9d4b"},"headline":"Moto furtada \u00e9 localizada em cima da camioneta de uma oficina, em Teut\u00f4nia","datePublished":"2020-10-23T17:20:37+00:00","dateModified":"2020-10-23T17:21:00+00:00","mainEntityOfPage":{"@id":"https:\/\/folhapopular.info\/index.php\/2020\/10\/23\/moto-furtada-e-localizada-em-cima-da-camioneta-de-uma-oficina-em-teutonia\/"},"wordCount":185,"commentCount":0,"image":{"@id":"https:\/\/folhapopular.info\/index.php\/2020\/10\/23\/moto-furtada-e-localizada-em-cima-da-camioneta-de-uma-oficina-em-teutonia\/#primaryimage"},"thumbnailUrl":"https:\/\/folhapopular.info\/wp-content\/uploads\/2020\/10\/WhatsApp-Image-2020-10-23-at-13.54.39.jpeg","keywords":["furto","Moto","Teut\u00f4nia"],"articleSection":["Geral","Seguran\u00e7a"],"inLanguage":"pt-BR","potentialAction":[{"@type":"CommentAction","name":"Comment","target":["https:\/\/folhapopular.info\/index.php\/2020\/10\/23\/moto-furtada-e-localizada-em-cima-da-camioneta-de-uma-oficina-em-teutonia\/#respond"]}]},{"@type":"WebPage","@id":"https:\/\/folhapopular.info\/index.php\/2020\/10\/23\/moto-furtada-e-localizada-em-cima-da-camioneta-de-uma-oficina-em-teutonia\/","url":"https:\/\/folhapopular.info\/index.php\/2020\/10\/23\/moto-furtada-e-localizada-em-cima-da-camioneta-de-uma-oficina-em-teutonia\/","name":"Moto furtada \u00e9 localizada em cima da camioneta de uma oficina, em Teut\u00f4nia - Folha Popular","isPartOf":{"@id":"https:\/\/folhapopular.info\/#website"},"primaryImageOfPage":{"@id":"https:\/\/folhapopular.info\/index.php\/2020\/10\/23\/moto-furtada-e-localizada-em-cima-da-camioneta-de-uma-oficina-em-teutonia\/#primaryimage"},"image":{"@id":"https:\/\/folhapopular.info\/index.php\/2020\/10\/23\/moto-furtada-e-localizada-em-cima-da-camioneta-de-uma-oficina-em-teutonia\/#primaryimage"},"thumbnailUrl":"https:\/\/folhapopular.info\/wp-content\/uploads\/2020\/10\/WhatsApp-Image-2020-10-23-at-13.54.39.jpeg","datePublished":"2020-10-23T17:20:37+00:00","dateModified":"2020-10-23T17:21:00+00:00","author":{"@id":"https:\/\/folhapopular.info\/#\/schema\/person\/2814e8a0df7643585a9ca38bc6eb9d4b"},"breadcrumb":{"@id":"https:\/\/folhapopular.info\/index.php\/2020\/10\/23\/moto-furtada-e-localizada-em-cima-da-camioneta-de-uma-oficina-em-teutonia\/#breadcrumb"},"inLanguage":"pt-BR","potentialAction":[{"@type":"ReadAction","target":["https:\/\/folhapopular.info\/index.php\/2020\/10\/23\/moto-furtada-e-localizada-em-cima-da-camioneta-de-uma-oficina-em-teutonia\/"]}]},{"@type":"ImageObject","inLanguage":"pt-BR","@id":"https:\/\/folhapopular.info\/index.php\/2020\/10\/23\/moto-furtada-e-localizada-em-cima-da-camioneta-de-uma-oficina-em-teutonia\/#primaryimage","url":"https:\/\/folhapopular.info\/wp-content\/uploads\/2020\/10\/WhatsApp-Image-2020-10-23-at-13.54.39.jpeg","contentUrl":"https:\/\/folhapopular.info\/wp-content\/uploads\/2020\/10\/WhatsApp-Image-2020-10-23-at-13.54.39.jpeg","width":720,"height":1280,"caption":"Cr\u00e9dito: Divulga\u00e7\u00e3o BM"},{"@type":"BreadcrumbList","@id":"https:\/\/folhapopular.info\/index.php\/2020\/10\/23\/moto-furtada-e-localizada-em-cima-da-camioneta-de-uma-oficina-em-teutonia\/#breadcrumb","itemListElement":[{"@type":"ListItem","position":1,"name":"In\u00edcio","item":"https:\/\/folhapopular.info\/"},{"@type":"ListItem","position":2,"name":"Moto furtada \u00e9 localizada em cima da camioneta de uma oficina, em Teut\u00f4nia"}]},{"@type":"WebSite","@id":"https:\/\/folhapopular.info\/#website","url":"https:\/\/folhapopular.info\/","name":"Folha Popular","description":"Onde voc\u00ea tem vez e voz","potentialAction":[{"@type":"SearchAction","target":{"@type":"EntryPoint","urlTemplate":"https:\/\/folhapopular.info\/?s={search_term_string}"},"query-input":{"@type":"PropertyValueSpecification","valueRequired":true,"valueName":"search_term_string"}}],"inLanguage":"pt-BR"},{"@type":"Person","@id":"https:\/\/folhapopular.info\/#\/schema\/person\/2814e8a0df7643585a9ca38bc6eb9d4b","name":"Reda\u00e7\u00e3o Folha Popular","image":{"@type":"ImageObject","inLanguage":"pt-BR","@id":"https:\/\/folhapopular.info\/wp-content\/uploads\/2026\/04\/Folha-1.webp","url":"https:\/\/folhapopular.info\/wp-content\/uploads\/2026\/04\/Folha-1.webp","contentUrl":"https:\/\/folhapopular.info\/wp-content\/uploads\/2026\/04\/Folha-1.webp","caption":"Reda\u00e7\u00e3o Folha Popular"},"url":"https:\/\/folhapopular.info\/index.php\/author\/redacao\/"}]}},"jetpack_featured_media_url":"https:\/\/folhapopular.info\/wp-content\/uploads\/2020\/10\/WhatsApp-Image-2020-10-23-at-13.54.39.jpeg","jetpack_sharing_enabled":true,"amp_enabled":true,"_links":{"self":[{"href":"https:\/\/folhapopular.info\/index.php\/wp-json\/wp\/v2\/posts\/74827","targetHints":{"allow":["GET"]}}],"collection":[{"href":"https:\/\/folhapopular.info\/index.php\/wp-json\/wp\/v2\/posts"}],"about":[{"href":"https:\/\/folhapopular.info\/index.php\/wp-json\/wp\/v2\/types\/post"}],"author":[{"embeddable":true,"href":"https:\/\/folhapopular.info\/index.php\/wp-json\/wp\/v2\/users\/8"}],"replies":[{"embeddable":true,"href":"https:\/\/folhapopular.info\/index.php\/wp-json\/wp\/v2\/comments?post=74827"}],"version-history":[{"count":0,"href":"https:\/\/folhapopular.info\/index.php\/wp-json\/wp\/v2\/posts\/74827\/revisions"}],"wp:featuredmedia":[{"embeddable":true,"href":"https:\/\/folhapopular.info\/index.php\/wp-json\/wp\/v2\/media\/74828"}],"wp:attachment":[{"href":"https:\/\/folhapopular.info\/index.php\/wp-json\/wp\/v2\/media?parent=74827"}],"wp:term":[{"taxonomy":"category","embeddable":true,"href":"https:\/\/folhapopular.info\/index.php\/wp-json\/wp\/v2\/categories?post=74827"},{"taxonomy":"post_tag","embeddable":true,"href":"https:\/\/folhapopular.info\/index.php\/wp-json\/wp\/v2\/tags?post=74827"}],"curies":[{"name":"wp","href":"https:\/\/api.w.org\/{rel}","templated":true}]}}