{"id":75223,"date":"2020-11-04T10:09:50","date_gmt":"2020-11-04T13:09:50","guid":{"rendered":"https:\/\/folhapopular.info\/?p=75223"},"modified":"2020-11-04T10:11:57","modified_gmt":"2020-11-04T13:11:57","slug":"fim-de-semana-tera-trem-dos-vales-entre-colinas-e-roca-sales","status":"publish","type":"post","link":"https:\/\/folhapopular.info\/index.php\/2020\/11\/04\/fim-de-semana-tera-trem-dos-vales-entre-colinas-e-roca-sales\/","title":{"rendered":"Fim de semana ter\u00e1 Trem dos Vales entre Colinas e Roca Sales"},"content":{"rendered":"\n<p>Depois do sucesso dos passeios do Trem dos Vales pela Ferrovia do Trigo, entre Mu\u00e7um e Guapor\u00e9, neste final de semana o trem far\u00e1 um novo trajeto. No s\u00e1bado (07.11) e domingo (08.11), as viagens ser\u00e3o entre Colinas e Roca Sales. Ainda h\u00e1 ingressos \u00e0 venda no site: <a href=\"https:\/\/loja.abpfsul.com.br\/\" rel=\"noreferrer noopener\" target=\"_blank\">https:\/\/loja.abpfsul.com.br\/<\/a>.<\/p>\n\n\n\n<p><br>O passeio tem 17 quil\u00f4metros e ser\u00e1 feito de Maria Fuma\u00e7a, pelos trilhos da ferrovia tronco principal Sul, num percurso que dura cerca de uma hora. Seguindo uma sequ\u00eancia de morros, o passageiro acompanha as margens do Rio Taquari e passa por dois t\u00faneis e tr\u00eas viadutos nesta ferrovia que foi inaugurada em 1960. Para animar o trajeto, haver\u00e1 duplas que v\u00e3o cantar m\u00fasicas italianas e alem\u00e3s. Haver\u00e1 ainda monitores dentro dos vag\u00f5es e m\u00fasica instrumental, fazendo a recep\u00e7\u00e3o aos turistas nas esta\u00e7\u00f5es de Colinas e Roca Sales.<br><\/p>\n\n\n\n<p>Empreendedores locais tamb\u00e9m est\u00e3o preparando pontos de venda nas esta\u00e7\u00f5es. Na esta\u00e7\u00e3o de Roca Sales haver\u00e1 comercializa\u00e7\u00e3o de artesanato e uma lancheria. Em Colinas, ser\u00e1 vendido artesanato, lanches, caf\u00e9 da col\u00f4nia, produtos das agroind\u00fastrias familiares e da cervejaria Meridional.<br>Em Colinas, tamb\u00e9m foi preparada uma atra\u00e7\u00e3o extra para as crian\u00e7as. Haver\u00e1 um trenzinho, que sair\u00e1 da Rua da Esta\u00e7\u00e3o, circulando por pontos tur\u00edsticos do Centro, com acompanhamento de um condutor, passando por jardins e pra\u00e7as. Os passeios custam R$ 10 e ser\u00e3o realizados no s\u00e1bado e domingo, das 11h \u00e0s 19h.<br><\/p>\n\n\n\n<p>O projeto Trem dos Vales \u00e9 uma iniciativa da Associa\u00e7\u00e3o Brasileira de Preserva\u00e7\u00e3o Ferrovi\u00e1ria (ABFP), com apoio da Associa\u00e7\u00e3o dos Munic\u00edpios de Turismo da Regi\u00e3o dos Vales (Amturvales), prefeituras e Rumo Log\u00edstica.<\/p>\n\n\n\n<p>N\u00e3o fique de fora:<br>&#8211; <strong>O qu\u00ea:<\/strong> passeios do Trem dos Vales entre Colinas e Roca Sales<br>&#8211; <strong>Quando:<\/strong> 7 e 8 de novembro<br>&#8211; <strong>Partidas de Colinas:<\/strong> 9h e 14h30min<br>&#8211; <strong>Partidas de Roca Sales:<\/strong> 11h e 16h30min<br>&#8211; <strong>Ingressos:<\/strong> podem ser comprados no site:&nbsp;<a href=\"https:\/\/loja.abpfsul.com.br\/\" rel=\"noreferrer noopener\" target=\"_blank\">https:\/\/loja.abpfsul.com.br\/<\/a><\/p>\n","protected":false},"excerpt":{"rendered":"<p>Depois do sucesso dos passeios do Trem dos Vales pela Ferrovia do Trigo, entre Mu\u00e7um e Guapor\u00e9, neste final de semana o trem far\u00e1 um novo trajeto. No s\u00e1bado (07.11) e domingo (08.11), as viagens ser\u00e3o entre Colinas e Roca Sales. Ainda h\u00e1 ingressos \u00e0 venda no site: https:\/\/loja.abpfsul.com.br\/. O passeio tem 17 quil\u00f4metros e [&hellip;]<\/p>\n","protected":false},"author":8,"featured_media":75224,"comment_status":"open","ping_status":"open","sticky":false,"template":"","format":"standard","meta":{"pmpro_default_level":"","_jetpack_memberships_contains_paid_content":false,"footnotes":""},"categories":[2,6],"tags":[183,707,4672],"class_list":{"0":"post-75223","1":"post","2":"type-post","3":"status-publish","4":"format-standard","5":"has-post-thumbnail","7":"category-featured","8":"category-inclusive","9":"tag-colinas","10":"tag-roca-sales","11":"tag-trem-dos-vales","12":"pmpro-has-access"},"yoast_head":"<!-- This site is optimized with the Yoast SEO plugin v27.5 - https:\/\/yoast.com\/product\/yoast-seo-wordpress\/ -->\n<title>Fim de semana ter\u00e1 Trem dos Vales entre Colinas e Roca Sales - Folha Popular<\/title>\n<meta name=\"robots\" content=\"index, follow, max-snippet:-1, max-image-preview:large, max-video-preview:-1\" \/>\n<link rel=\"canonical\" href=\"https:\/\/folhapopular.info\/index.php\/2020\/11\/04\/fim-de-semana-tera-trem-dos-vales-entre-colinas-e-roca-sales\/\" \/>\n<meta property=\"og:locale\" content=\"pt_BR\" \/>\n<meta property=\"og:type\" content=\"article\" \/>\n<meta property=\"og:title\" content=\"Fim de semana ter\u00e1 Trem dos Vales entre Colinas e Roca Sales - Folha Popular\" \/>\n<meta property=\"og:description\" content=\"Depois do sucesso dos passeios do Trem dos Vales pela Ferrovia do Trigo, entre Mu\u00e7um e Guapor\u00e9, neste final de semana o trem far\u00e1 um novo trajeto. No s\u00e1bado (07.11) e domingo (08.11), as viagens ser\u00e3o entre Colinas e Roca Sales. Ainda h\u00e1 ingressos \u00e0 venda no site: https:\/\/loja.abpfsul.com.br\/. O passeio tem 17 quil\u00f4metros e [&hellip;]\" \/>\n<meta property=\"og:url\" content=\"https:\/\/folhapopular.info\/index.php\/2020\/11\/04\/fim-de-semana-tera-trem-dos-vales-entre-colinas-e-roca-sales\/\" \/>\n<meta property=\"og:site_name\" content=\"Folha Popular\" \/>\n<meta property=\"article:published_time\" content=\"2020-11-04T13:09:50+00:00\" \/>\n<meta property=\"article:modified_time\" content=\"2020-11-04T13:11:57+00:00\" \/>\n<meta property=\"og:image\" content=\"https:\/\/folhapopular.info\/wp-content\/uploads\/2020\/11\/Maria-Fumaca-1-e1604495108626.jpg\" \/>\n\t<meta property=\"og:image:width\" content=\"800\" \/>\n\t<meta property=\"og:image:height\" content=\"400\" \/>\n\t<meta property=\"og:image:type\" content=\"image\/jpeg\" \/>\n<meta name=\"author\" content=\"Reda\u00e7\u00e3o Folha Popular\" \/>\n<meta name=\"twitter:card\" content=\"summary_large_image\" \/>\n<meta name=\"twitter:label1\" content=\"Escrito por\" \/>\n\t<meta name=\"twitter:data1\" content=\"Reda\u00e7\u00e3o Folha Popular\" \/>\n\t<meta name=\"twitter:label2\" content=\"Est. tempo de leitura\" \/>\n\t<meta name=\"twitter:data2\" content=\"2 minutos\" \/>\n<script type=\"application\/ld+json\" class=\"yoast-schema-graph\">{\"@context\":\"https:\\\/\\\/schema.org\",\"@graph\":[{\"@type\":\"Article\",\"@id\":\"https:\\\/\\\/folhapopular.info\\\/index.php\\\/2020\\\/11\\\/04\\\/fim-de-semana-tera-trem-dos-vales-entre-colinas-e-roca-sales\\\/#article\",\"isPartOf\":{\"@id\":\"https:\\\/\\\/folhapopular.info\\\/index.php\\\/2020\\\/11\\\/04\\\/fim-de-semana-tera-trem-dos-vales-entre-colinas-e-roca-sales\\\/\"},\"author\":{\"name\":\"Reda\u00e7\u00e3o Folha Popular\",\"@id\":\"https:\\\/\\\/folhapopular.info\\\/#\\\/schema\\\/person\\\/2814e8a0df7643585a9ca38bc6eb9d4b\"},\"headline\":\"Fim de semana ter\u00e1 Trem dos Vales entre Colinas e Roca Sales\",\"datePublished\":\"2020-11-04T13:09:50+00:00\",\"dateModified\":\"2020-11-04T13:11:57+00:00\",\"mainEntityOfPage\":{\"@id\":\"https:\\\/\\\/folhapopular.info\\\/index.php\\\/2020\\\/11\\\/04\\\/fim-de-semana-tera-trem-dos-vales-entre-colinas-e-roca-sales\\\/\"},\"wordCount\":355,\"commentCount\":0,\"image\":{\"@id\":\"https:\\\/\\\/folhapopular.info\\\/index.php\\\/2020\\\/11\\\/04\\\/fim-de-semana-tera-trem-dos-vales-entre-colinas-e-roca-sales\\\/#primaryimage\"},\"thumbnailUrl\":\"https:\\\/\\\/folhapopular.info\\\/wp-content\\\/uploads\\\/2020\\\/11\\\/Maria-Fumaca-1-e1604495108626.jpg\",\"keywords\":[\"Colinas\",\"Roca Sales\",\"Trem dos Vales\"],\"articleSection\":[\"Destaques\",\"Inclusive\"],\"inLanguage\":\"pt-BR\",\"potentialAction\":[{\"@type\":\"CommentAction\",\"name\":\"Comment\",\"target\":[\"https:\\\/\\\/folhapopular.info\\\/index.php\\\/2020\\\/11\\\/04\\\/fim-de-semana-tera-trem-dos-vales-entre-colinas-e-roca-sales\\\/#respond\"]}]},{\"@type\":\"WebPage\",\"@id\":\"https:\\\/\\\/folhapopular.info\\\/index.php\\\/2020\\\/11\\\/04\\\/fim-de-semana-tera-trem-dos-vales-entre-colinas-e-roca-sales\\\/\",\"url\":\"https:\\\/\\\/folhapopular.info\\\/index.php\\\/2020\\\/11\\\/04\\\/fim-de-semana-tera-trem-dos-vales-entre-colinas-e-roca-sales\\\/\",\"name\":\"Fim de semana ter\u00e1 Trem dos Vales entre Colinas e Roca Sales - Folha Popular\",\"isPartOf\":{\"@id\":\"https:\\\/\\\/folhapopular.info\\\/#website\"},\"primaryImageOfPage\":{\"@id\":\"https:\\\/\\\/folhapopular.info\\\/index.php\\\/2020\\\/11\\\/04\\\/fim-de-semana-tera-trem-dos-vales-entre-colinas-e-roca-sales\\\/#primaryimage\"},\"image\":{\"@id\":\"https:\\\/\\\/folhapopular.info\\\/index.php\\\/2020\\\/11\\\/04\\\/fim-de-semana-tera-trem-dos-vales-entre-colinas-e-roca-sales\\\/#primaryimage\"},\"thumbnailUrl\":\"https:\\\/\\\/folhapopular.info\\\/wp-content\\\/uploads\\\/2020\\\/11\\\/Maria-Fumaca-1-e1604495108626.jpg\",\"datePublished\":\"2020-11-04T13:09:50+00:00\",\"dateModified\":\"2020-11-04T13:11:57+00:00\",\"author\":{\"@id\":\"https:\\\/\\\/folhapopular.info\\\/#\\\/schema\\\/person\\\/2814e8a0df7643585a9ca38bc6eb9d4b\"},\"breadcrumb\":{\"@id\":\"https:\\\/\\\/folhapopular.info\\\/index.php\\\/2020\\\/11\\\/04\\\/fim-de-semana-tera-trem-dos-vales-entre-colinas-e-roca-sales\\\/#breadcrumb\"},\"inLanguage\":\"pt-BR\",\"potentialAction\":[{\"@type\":\"ReadAction\",\"target\":[\"https:\\\/\\\/folhapopular.info\\\/index.php\\\/2020\\\/11\\\/04\\\/fim-de-semana-tera-trem-dos-vales-entre-colinas-e-roca-sales\\\/\"]}]},{\"@type\":\"ImageObject\",\"inLanguage\":\"pt-BR\",\"@id\":\"https:\\\/\\\/folhapopular.info\\\/index.php\\\/2020\\\/11\\\/04\\\/fim-de-semana-tera-trem-dos-vales-entre-colinas-e-roca-sales\\\/#primaryimage\",\"url\":\"https:\\\/\\\/folhapopular.info\\\/wp-content\\\/uploads\\\/2020\\\/11\\\/Maria-Fumaca-1-e1604495108626.jpg\",\"contentUrl\":\"https:\\\/\\\/folhapopular.info\\\/wp-content\\\/uploads\\\/2020\\\/11\\\/Maria-Fumaca-1-e1604495108626.jpg\",\"width\":800,\"height\":400,\"caption\":\"Passeio ser\u00e1 feito de Maria Fuma\u00e7a, pelos trilhos da ferrovia tronco principal Sul, num percurso que dura cerca de uma hora \\\/ Cr\u00e9dito da foto: Divulga\u00e7\u00e3o ABPF\"},{\"@type\":\"BreadcrumbList\",\"@id\":\"https:\\\/\\\/folhapopular.info\\\/index.php\\\/2020\\\/11\\\/04\\\/fim-de-semana-tera-trem-dos-vales-entre-colinas-e-roca-sales\\\/#breadcrumb\",\"itemListElement\":[{\"@type\":\"ListItem\",\"position\":1,\"name\":\"In\u00edcio\",\"item\":\"https:\\\/\\\/folhapopular.info\\\/\"},{\"@type\":\"ListItem\",\"position\":2,\"name\":\"Fim de semana ter\u00e1 Trem dos Vales entre Colinas e Roca Sales\"}]},{\"@type\":\"WebSite\",\"@id\":\"https:\\\/\\\/folhapopular.info\\\/#website\",\"url\":\"https:\\\/\\\/folhapopular.info\\\/\",\"name\":\"Folha Popular\",\"description\":\"Onde voc\u00ea tem vez e voz\",\"potentialAction\":[{\"@type\":\"SearchAction\",\"target\":{\"@type\":\"EntryPoint\",\"urlTemplate\":\"https:\\\/\\\/folhapopular.info\\\/?s={search_term_string}\"},\"query-input\":{\"@type\":\"PropertyValueSpecification\",\"valueRequired\":true,\"valueName\":\"search_term_string\"}}],\"inLanguage\":\"pt-BR\"},{\"@type\":\"Person\",\"@id\":\"https:\\\/\\\/folhapopular.info\\\/#\\\/schema\\\/person\\\/2814e8a0df7643585a9ca38bc6eb9d4b\",\"name\":\"Reda\u00e7\u00e3o Folha Popular\",\"image\":{\"@type\":\"ImageObject\",\"inLanguage\":\"pt-BR\",\"@id\":\"https:\\\/\\\/folhapopular.info\\\/wp-content\\\/uploads\\\/2026\\\/04\\\/Folha-1.webp\",\"url\":\"https:\\\/\\\/folhapopular.info\\\/wp-content\\\/uploads\\\/2026\\\/04\\\/Folha-1.webp\",\"contentUrl\":\"https:\\\/\\\/folhapopular.info\\\/wp-content\\\/uploads\\\/2026\\\/04\\\/Folha-1.webp\",\"caption\":\"Reda\u00e7\u00e3o Folha Popular\"},\"url\":\"https:\\\/\\\/folhapopular.info\\\/index.php\\\/author\\\/redacao\\\/\"}]}<\/script>\n<!-- \/ Yoast SEO plugin. -->","yoast_head_json":{"title":"Fim de semana ter\u00e1 Trem dos Vales entre Colinas e Roca Sales - Folha Popular","robots":{"index":"index","follow":"follow","max-snippet":"max-snippet:-1","max-image-preview":"max-image-preview:large","max-video-preview":"max-video-preview:-1"},"canonical":"https:\/\/folhapopular.info\/index.php\/2020\/11\/04\/fim-de-semana-tera-trem-dos-vales-entre-colinas-e-roca-sales\/","og_locale":"pt_BR","og_type":"article","og_title":"Fim de semana ter\u00e1 Trem dos Vales entre Colinas e Roca Sales - Folha Popular","og_description":"Depois do sucesso dos passeios do Trem dos Vales pela Ferrovia do Trigo, entre Mu\u00e7um e Guapor\u00e9, neste final de semana o trem far\u00e1 um novo trajeto. No s\u00e1bado (07.11) e domingo (08.11), as viagens ser\u00e3o entre Colinas e Roca Sales. Ainda h\u00e1 ingressos \u00e0 venda no site: https:\/\/loja.abpfsul.com.br\/. O passeio tem 17 quil\u00f4metros e [&hellip;]","og_url":"https:\/\/folhapopular.info\/index.php\/2020\/11\/04\/fim-de-semana-tera-trem-dos-vales-entre-colinas-e-roca-sales\/","og_site_name":"Folha Popular","article_published_time":"2020-11-04T13:09:50+00:00","article_modified_time":"2020-11-04T13:11:57+00:00","og_image":[{"width":800,"height":400,"url":"https:\/\/folhapopular.info\/wp-content\/uploads\/2020\/11\/Maria-Fumaca-1-e1604495108626.jpg","type":"image\/jpeg"}],"author":"Reda\u00e7\u00e3o Folha Popular","twitter_card":"summary_large_image","twitter_misc":{"Escrito por":"Reda\u00e7\u00e3o Folha Popular","Est. tempo de leitura":"2 minutos"},"schema":{"@context":"https:\/\/schema.org","@graph":[{"@type":"Article","@id":"https:\/\/folhapopular.info\/index.php\/2020\/11\/04\/fim-de-semana-tera-trem-dos-vales-entre-colinas-e-roca-sales\/#article","isPartOf":{"@id":"https:\/\/folhapopular.info\/index.php\/2020\/11\/04\/fim-de-semana-tera-trem-dos-vales-entre-colinas-e-roca-sales\/"},"author":{"name":"Reda\u00e7\u00e3o Folha Popular","@id":"https:\/\/folhapopular.info\/#\/schema\/person\/2814e8a0df7643585a9ca38bc6eb9d4b"},"headline":"Fim de semana ter\u00e1 Trem dos Vales entre Colinas e Roca Sales","datePublished":"2020-11-04T13:09:50+00:00","dateModified":"2020-11-04T13:11:57+00:00","mainEntityOfPage":{"@id":"https:\/\/folhapopular.info\/index.php\/2020\/11\/04\/fim-de-semana-tera-trem-dos-vales-entre-colinas-e-roca-sales\/"},"wordCount":355,"commentCount":0,"image":{"@id":"https:\/\/folhapopular.info\/index.php\/2020\/11\/04\/fim-de-semana-tera-trem-dos-vales-entre-colinas-e-roca-sales\/#primaryimage"},"thumbnailUrl":"https:\/\/folhapopular.info\/wp-content\/uploads\/2020\/11\/Maria-Fumaca-1-e1604495108626.jpg","keywords":["Colinas","Roca Sales","Trem dos Vales"],"articleSection":["Destaques","Inclusive"],"inLanguage":"pt-BR","potentialAction":[{"@type":"CommentAction","name":"Comment","target":["https:\/\/folhapopular.info\/index.php\/2020\/11\/04\/fim-de-semana-tera-trem-dos-vales-entre-colinas-e-roca-sales\/#respond"]}]},{"@type":"WebPage","@id":"https:\/\/folhapopular.info\/index.php\/2020\/11\/04\/fim-de-semana-tera-trem-dos-vales-entre-colinas-e-roca-sales\/","url":"https:\/\/folhapopular.info\/index.php\/2020\/11\/04\/fim-de-semana-tera-trem-dos-vales-entre-colinas-e-roca-sales\/","name":"Fim de semana ter\u00e1 Trem dos Vales entre Colinas e Roca Sales - Folha Popular","isPartOf":{"@id":"https:\/\/folhapopular.info\/#website"},"primaryImageOfPage":{"@id":"https:\/\/folhapopular.info\/index.php\/2020\/11\/04\/fim-de-semana-tera-trem-dos-vales-entre-colinas-e-roca-sales\/#primaryimage"},"image":{"@id":"https:\/\/folhapopular.info\/index.php\/2020\/11\/04\/fim-de-semana-tera-trem-dos-vales-entre-colinas-e-roca-sales\/#primaryimage"},"thumbnailUrl":"https:\/\/folhapopular.info\/wp-content\/uploads\/2020\/11\/Maria-Fumaca-1-e1604495108626.jpg","datePublished":"2020-11-04T13:09:50+00:00","dateModified":"2020-11-04T13:11:57+00:00","author":{"@id":"https:\/\/folhapopular.info\/#\/schema\/person\/2814e8a0df7643585a9ca38bc6eb9d4b"},"breadcrumb":{"@id":"https:\/\/folhapopular.info\/index.php\/2020\/11\/04\/fim-de-semana-tera-trem-dos-vales-entre-colinas-e-roca-sales\/#breadcrumb"},"inLanguage":"pt-BR","potentialAction":[{"@type":"ReadAction","target":["https:\/\/folhapopular.info\/index.php\/2020\/11\/04\/fim-de-semana-tera-trem-dos-vales-entre-colinas-e-roca-sales\/"]}]},{"@type":"ImageObject","inLanguage":"pt-BR","@id":"https:\/\/folhapopular.info\/index.php\/2020\/11\/04\/fim-de-semana-tera-trem-dos-vales-entre-colinas-e-roca-sales\/#primaryimage","url":"https:\/\/folhapopular.info\/wp-content\/uploads\/2020\/11\/Maria-Fumaca-1-e1604495108626.jpg","contentUrl":"https:\/\/folhapopular.info\/wp-content\/uploads\/2020\/11\/Maria-Fumaca-1-e1604495108626.jpg","width":800,"height":400,"caption":"Passeio ser\u00e1 feito de Maria Fuma\u00e7a, pelos trilhos da ferrovia tronco principal Sul, num percurso que dura cerca de uma hora \/ Cr\u00e9dito da foto: Divulga\u00e7\u00e3o ABPF"},{"@type":"BreadcrumbList","@id":"https:\/\/folhapopular.info\/index.php\/2020\/11\/04\/fim-de-semana-tera-trem-dos-vales-entre-colinas-e-roca-sales\/#breadcrumb","itemListElement":[{"@type":"ListItem","position":1,"name":"In\u00edcio","item":"https:\/\/folhapopular.info\/"},{"@type":"ListItem","position":2,"name":"Fim de semana ter\u00e1 Trem dos Vales entre Colinas e Roca Sales"}]},{"@type":"WebSite","@id":"https:\/\/folhapopular.info\/#website","url":"https:\/\/folhapopular.info\/","name":"Folha Popular","description":"Onde voc\u00ea tem vez e voz","potentialAction":[{"@type":"SearchAction","target":{"@type":"EntryPoint","urlTemplate":"https:\/\/folhapopular.info\/?s={search_term_string}"},"query-input":{"@type":"PropertyValueSpecification","valueRequired":true,"valueName":"search_term_string"}}],"inLanguage":"pt-BR"},{"@type":"Person","@id":"https:\/\/folhapopular.info\/#\/schema\/person\/2814e8a0df7643585a9ca38bc6eb9d4b","name":"Reda\u00e7\u00e3o Folha Popular","image":{"@type":"ImageObject","inLanguage":"pt-BR","@id":"https:\/\/folhapopular.info\/wp-content\/uploads\/2026\/04\/Folha-1.webp","url":"https:\/\/folhapopular.info\/wp-content\/uploads\/2026\/04\/Folha-1.webp","contentUrl":"https:\/\/folhapopular.info\/wp-content\/uploads\/2026\/04\/Folha-1.webp","caption":"Reda\u00e7\u00e3o Folha Popular"},"url":"https:\/\/folhapopular.info\/index.php\/author\/redacao\/"}]}},"jetpack_featured_media_url":"https:\/\/folhapopular.info\/wp-content\/uploads\/2020\/11\/Maria-Fumaca-1-e1604495108626.jpg","jetpack_sharing_enabled":true,"amp_enabled":true,"_links":{"self":[{"href":"https:\/\/folhapopular.info\/index.php\/wp-json\/wp\/v2\/posts\/75223","targetHints":{"allow":["GET"]}}],"collection":[{"href":"https:\/\/folhapopular.info\/index.php\/wp-json\/wp\/v2\/posts"}],"about":[{"href":"https:\/\/folhapopular.info\/index.php\/wp-json\/wp\/v2\/types\/post"}],"author":[{"embeddable":true,"href":"https:\/\/folhapopular.info\/index.php\/wp-json\/wp\/v2\/users\/8"}],"replies":[{"embeddable":true,"href":"https:\/\/folhapopular.info\/index.php\/wp-json\/wp\/v2\/comments?post=75223"}],"version-history":[{"count":0,"href":"https:\/\/folhapopular.info\/index.php\/wp-json\/wp\/v2\/posts\/75223\/revisions"}],"wp:featuredmedia":[{"embeddable":true,"href":"https:\/\/folhapopular.info\/index.php\/wp-json\/wp\/v2\/media\/75224"}],"wp:attachment":[{"href":"https:\/\/folhapopular.info\/index.php\/wp-json\/wp\/v2\/media?parent=75223"}],"wp:term":[{"taxonomy":"category","embeddable":true,"href":"https:\/\/folhapopular.info\/index.php\/wp-json\/wp\/v2\/categories?post=75223"},{"taxonomy":"post_tag","embeddable":true,"href":"https:\/\/folhapopular.info\/index.php\/wp-json\/wp\/v2\/tags?post=75223"}],"curies":[{"name":"wp","href":"https:\/\/api.w.org\/{rel}","templated":true}]}}