{"id":75251,"date":"2020-11-05T14:35:46","date_gmt":"2020-11-05T17:35:46","guid":{"rendered":"https:\/\/folhapopular.info\/?p=75251"},"modified":"2020-11-05T14:35:49","modified_gmt":"2020-11-05T17:35:49","slug":"cooperativa-responsavel-pela-triagem-no-aterro-sanitario-comemora-21-anos","status":"publish","type":"post","link":"https:\/\/folhapopular.info\/index.php\/2020\/11\/05\/cooperativa-responsavel-pela-triagem-no-aterro-sanitario-comemora-21-anos\/","title":{"rendered":"Cooperativa respons\u00e1vel pela triagem no aterro sanit\u00e1rio comemora 21 anos"},"content":{"rendered":"\n<p>Teut\u00f4nia \u00e9 conhecida como a Terra do Cooperativismo. Dentre as v\u00e1rias organiza\u00e7\u00f5es associativas, est\u00e1 a Cooperativa Regional de Catadores dos Vales do Taquari e Rio Pardo (CRC), tamb\u00e9m conhecida como Cootralto, que tem a sua matriz no munic\u00edpio e, no m\u00eas de novembro, completa 21 anos de atividades e gera\u00e7\u00e3o de renda para os seus 43 associados. A cooperativa \u00e9 respons\u00e1vel pela triagem dos res\u00edduos no aterro sanit\u00e1rio de Teut\u00f4nia, onde atuam 19 associados, e tamb\u00e9m em munic\u00edpios da regi\u00e3o.<\/p>\n\n\n\n<p>A cooperativa foi fundada em novembro de 1999 em Lajeado, sob lideran\u00e7a e presid\u00eancia de Arlindo dos Santos. Em 2014, a CRC assume a presta\u00e7\u00e3o dos servi\u00e7os de recebimento, limpeza, sele\u00e7\u00e3o, separa\u00e7\u00e3o e destina\u00e7\u00e3o final de res\u00edduos domiciliares de Teut\u00f4nia, junto ao Aterro Sanit\u00e1rio Municipal, na estrada geral da Linha Wink, sendo tamb\u00e9m respons\u00e1vel pela conserva\u00e7\u00e3o geral do local. Com isso, a cooperativa tamb\u00e9m transfere sua matriz para o munic\u00edpio, na Rua Friedholdo Heilmann, 1933, Bairro Teut\u00f4nia, local onde passa receber, para destina\u00e7\u00e3o correta, m\u00f3veis, eletrodom\u00e9sticos, garrafas de vidro n\u00e3o retorn\u00e1veis, entre outros.<\/p>\n\n\n\n<figure class=\"wp-block-image size-large is-resized\"><img loading=\"lazy\" decoding=\"async\" src=\"https:\/\/folhapopular.info\/wp-content\/uploads\/2020\/11\/Atual-presidente-Francisco-dos-Santos-com-seu-pai-e-fundador-da-cooperativa-Arlindo-dos-Santos-1024x683.jpg\" alt=\"\" class=\"wp-image-75253\" width=\"1024\" height=\"683\" srcset=\"https:\/\/folhapopular.info\/wp-content\/uploads\/2020\/11\/Atual-presidente-Francisco-dos-Santos-com-seu-pai-e-fundador-da-cooperativa-Arlindo-dos-Santos-1024x683.jpg 1024w, https:\/\/folhapopular.info\/wp-content\/uploads\/2020\/11\/Atual-presidente-Francisco-dos-Santos-com-seu-pai-e-fundador-da-cooperativa-Arlindo-dos-Santos-300x200.jpg 300w, https:\/\/folhapopular.info\/wp-content\/uploads\/2020\/11\/Atual-presidente-Francisco-dos-Santos-com-seu-pai-e-fundador-da-cooperativa-Arlindo-dos-Santos-768x512.jpg 768w, https:\/\/folhapopular.info\/wp-content\/uploads\/2020\/11\/Atual-presidente-Francisco-dos-Santos-com-seu-pai-e-fundador-da-cooperativa-Arlindo-dos-Santos-1536x1024.jpg 1536w, https:\/\/folhapopular.info\/wp-content\/uploads\/2020\/11\/Atual-presidente-Francisco-dos-Santos-com-seu-pai-e-fundador-da-cooperativa-Arlindo-dos-Santos-2048x1365.jpg 2048w, https:\/\/folhapopular.info\/wp-content\/uploads\/2020\/11\/Atual-presidente-Francisco-dos-Santos-com-seu-pai-e-fundador-da-cooperativa-Arlindo-dos-Santos-696x464.jpg 696w, https:\/\/folhapopular.info\/wp-content\/uploads\/2020\/11\/Atual-presidente-Francisco-dos-Santos-com-seu-pai-e-fundador-da-cooperativa-Arlindo-dos-Santos-1068x712.jpg 1068w, https:\/\/folhapopular.info\/wp-content\/uploads\/2020\/11\/Atual-presidente-Francisco-dos-Santos-com-seu-pai-e-fundador-da-cooperativa-Arlindo-dos-Santos-1920x1280.jpg 1920w, https:\/\/folhapopular.info\/wp-content\/uploads\/2020\/11\/Atual-presidente-Francisco-dos-Santos-com-seu-pai-e-fundador-da-cooperativa-Arlindo-dos-Santos-630x420.jpg 630w\" sizes=\"auto, (max-width: 1024px) 100vw, 1024px\" \/><figcaption>Atual presidente, Francisco dos Santos (e) com seu pai e fundador da cooperativa, Arlindo dos Santos \/ Cr\u00e9dito da foto: \u00c9dson Lu\u00eds Schaeffer \/ Divulga\u00e7\u00e3o<\/figcaption><\/figure>\n\n\n\n<p>Al\u00e9m de Teut\u00f4nia, a CRC tamb\u00e9m atua em Lajeado, Fazenda Vilanova, Bom Retiro do Sul, Charqueadas e Ven\u00e2ncio Aires. No total, s\u00e3o 43 associados (sendo 19 trabalhadores associados no aterro sanit\u00e1rio de Teut\u00f4nia), al\u00e9m de quatro t\u00e9cnicos terceirizados, sendo eles: Laura Sbaraini de Freitas (qu\u00edmica industrial), Priscila Cavalleri (gestora ambiental), Carlos Warken (engenheiro civil) e Let\u00edcia Bert\u00e9 (assessoria jur\u00eddica). Atualmente, o presidente \u00e9 Francisco Leopoldo dos Santos.<\/p>\n\n\n\n<p>O aterro sanit\u00e1rio de Teut\u00f4nia, recebe aproximadamente de 15 a 17 toneladas de res\u00edduos diariamente. Deste montante, 60% s\u00e3o rejeitos e v\u00e3o para a vala. Os outros 40% s\u00e3o recicl\u00e1veis, dos quais a cooperativa consegue recuperar em torno de 97% e destinar \u00e0 reciclagem e log\u00edstica reversa. As sacolas pl\u00e1sticas de supermercado passaram a ser comercializadas, pois est\u00e3o sendo transformadas em \u00f3leo. Com isso, o percentual de recupera\u00e7\u00e3o dos materiais recicl\u00e1veis passou de 90% para 97%.<\/p>\n\n\n\n<p>E \u00e9 com esse material destinado \u00e0 reciclagem que os associados da CRC prov\u00e9m sua renda mensal. A associada Edin\u00e9ia Rosa Ign\u00e1cio, por exemplo, conseguiu comprar um terreno e construir sua casa pr\u00f3pria com a sua renda mensal oriunda do trabalho na cooperativa, saindo, assim, do aluguel. Tamb\u00e9m apostam no trabalho executado pela cooperativa os associados Araci Wahlbrink e Leori Scherer, que est\u00e3o junto \u00e0 entidade desde o in\u00edcio.<\/p>\n\n\n\n<p>Cada associado da cooperativa exerce uma parte do processo da triagem do res\u00edduos, junto ao pavilh\u00e3o constru\u00eddo no aterro sanit\u00e1rio para tal finalidade. Por meio de duas esteiras, cada um \u00e9 respons\u00e1vel pela retirada de um ou dois tipos de materiais. O que n\u00e3o \u00e9 poss\u00edvel recuperar, \u00e9 destinado \u00e0 vala ou encaminhado para o destino correto.<\/p>\n\n\n\n<figure class=\"wp-block-image size-large is-resized\"><img loading=\"lazy\" decoding=\"async\" src=\"https:\/\/folhapopular.info\/wp-content\/uploads\/2020\/11\/Cooperativa-e-responsavel-pela-triagem-dos-residuos-no-aterro-sanitario-de-Teutonia-1-1024x683.jpg\" alt=\"\" class=\"wp-image-75254\" width=\"1024\" height=\"683\" srcset=\"https:\/\/folhapopular.info\/wp-content\/uploads\/2020\/11\/Cooperativa-e-responsavel-pela-triagem-dos-residuos-no-aterro-sanitario-de-Teutonia-1-1024x683.jpg 1024w, https:\/\/folhapopular.info\/wp-content\/uploads\/2020\/11\/Cooperativa-e-responsavel-pela-triagem-dos-residuos-no-aterro-sanitario-de-Teutonia-1-300x200.jpg 300w, https:\/\/folhapopular.info\/wp-content\/uploads\/2020\/11\/Cooperativa-e-responsavel-pela-triagem-dos-residuos-no-aterro-sanitario-de-Teutonia-1-768x512.jpg 768w, https:\/\/folhapopular.info\/wp-content\/uploads\/2020\/11\/Cooperativa-e-responsavel-pela-triagem-dos-residuos-no-aterro-sanitario-de-Teutonia-1-1536x1024.jpg 1536w, https:\/\/folhapopular.info\/wp-content\/uploads\/2020\/11\/Cooperativa-e-responsavel-pela-triagem-dos-residuos-no-aterro-sanitario-de-Teutonia-1-2048x1365.jpg 2048w, https:\/\/folhapopular.info\/wp-content\/uploads\/2020\/11\/Cooperativa-e-responsavel-pela-triagem-dos-residuos-no-aterro-sanitario-de-Teutonia-1-696x464.jpg 696w, https:\/\/folhapopular.info\/wp-content\/uploads\/2020\/11\/Cooperativa-e-responsavel-pela-triagem-dos-residuos-no-aterro-sanitario-de-Teutonia-1-1068x712.jpg 1068w, https:\/\/folhapopular.info\/wp-content\/uploads\/2020\/11\/Cooperativa-e-responsavel-pela-triagem-dos-residuos-no-aterro-sanitario-de-Teutonia-1-1920x1280.jpg 1920w, https:\/\/folhapopular.info\/wp-content\/uploads\/2020\/11\/Cooperativa-e-responsavel-pela-triagem-dos-residuos-no-aterro-sanitario-de-Teutonia-1-630x420.jpg 630w\" sizes=\"auto, (max-width: 1024px) 100vw, 1024px\" \/><figcaption><strong><strong>\u00a0<\/strong><\/strong>Cooperativa \u00e9 respons\u00e1vel pela triagem dos res\u00edduos no aterro sanit\u00e1rio de Teut\u00f4nia \/ Cr\u00e9dito da foto: \u00c9dson Lu\u00eds Schaeffer \/ Divulga\u00e7\u00e3o<\/figcaption><\/figure>\n\n\n\n<p>Para a seguran\u00e7a dos trabalhadores, \u00e9 suma import\u00e2ncia a pr\u00e9-separa\u00e7\u00e3o dos tipos de materiais em casa, antes do descarte, especialmente de vidros. A sugest\u00e3o \u00e9 que os vidros sejam dispostas em embalagens de papel\u00e3o, presas com fita adesiva e tenham a identifica\u00e7\u00e3o \u201cvidro\u201d. Isso garante &nbsp;a seguran\u00e7a n\u00e3o somente no processo de triagem, mas, tamb\u00e9m, dos garis.<\/p>\n\n\n\n<p>Somente no m\u00eas de outubro, a CRC em Teut\u00f4nia retirou 90.166,45 quilos de res\u00edduos, em sua maioria, 81.666,45 quilos, destinados \u00e0 reciclagem (gera\u00e7\u00e3o de renda), al\u00e9m de 7.425 unidadesde materiais, tamb\u00e9m destinados \u00e0 reciclagem. Os 8.500 de materiais retirados sem valor comercial &#8211; roupas, cal\u00e7ados, madeiras, vegetais\/p\u00e3es, entre outros &#8211; foram encaminhados para o destino correto ou \u00e0 log\u00edstica reversa. A seguir, as quantidades de materiais retirados em agosto.<\/p>\n\n\n\n<p>Recentemente, tiveram in\u00edcio as obras de amplia\u00e7\u00e3o do pavilh\u00e3o de triagem no aterro sanit\u00e1rio. O investimento inicial da Secretaria de Agricultura de Meio Ambiente \u00e9 de R$ 59.059,11. A parte ampliada abrigar\u00e1 cont\u00eaineres para o transporte de res\u00edduos.<\/p>\n\n\n\n<p><strong>MATERIAIS RECICLADOS RETIRADOS &#8211; 01\/10 a 30\/10 &#8211; TEUT\u00d4NIA<\/strong><strong><\/strong><\/p>\n\n\n\n<p>&#8211; Alum\u00ednio lata: 1.133,90 kg;<\/p>\n\n\n\n<p>&#8211; Fio de cobre: 52 kg;<\/p>\n\n\n\n<p>&#8211; Fio com capa: 86 kg;<\/p>\n\n\n\n<p>&#8211; Metal: 21,70 kg;<\/p>\n\n\n\n<p>&#8211; Tubos spray: 84,35 kg;<\/p>\n\n\n\n<p>&#8211; Alum\u00ednio grosso: 300,5 kg;<\/p>\n\n\n\n<p>&#8211; Pl\u00e1stico PEAD color: 2.540 kg;<\/p>\n\n\n\n<p>&#8211; PET branco\/transparente: 4.200 kg;<\/p>\n\n\n\n<p>&#8211; PET verde: 860 kg;<\/p>\n\n\n\n<p>&#8211; Pl\u00e1stico mole branco: 1.340 kg;<\/p>\n\n\n\n<p>&#8211; Pl\u00e1stico mole color: 6.240 kg;<\/p>\n\n\n\n<p>&#8211; Balde\/bacia: 2.680 kg;<\/p>\n\n\n\n<p>&#8211; Papel branco: 2.797 kg;<\/p>\n\n\n\n<p>&#8211; Papel color: 10.028 kg;<\/p>\n\n\n\n<p>&#8211; Tetra pak: 6.940 kg;<\/p>\n\n\n\n<p>&#8211; Leitoso: 1.890 kg;<\/p>\n\n\n\n<p>&#8211; Jornal: 1.260 kg;<\/p>\n\n\n\n<p>&#8211; Cimento (embalagem): 2.080 kg;<\/p>\n\n\n\n<p>&#8211; Papel\u00e3o: 13.989 kg;<\/p>\n\n\n\n<p>&#8211; Resina: 700 kg;<\/p>\n\n\n\n<p>&#8211; R\u00e1fia: 960 kg;<\/p>\n\n\n\n<p>&#8211; Inox: 67 kg;<\/p>\n\n\n\n<p>&#8211; Vidro quebrado: 11.760 kg;<\/p>\n\n\n\n<p>&#8211; Sucatas de ferro: 8.150 kg;<\/p>\n\n\n\n<p>&#8211; PVC: 299 kg;<\/p>\n\n\n\n<p>&#8211; Potes de margarina: 1.060 kg;<\/p>\n\n\n\n<p>&#8211; Fita pl\u00e1stica: 148 kg;<\/p>\n\n\n\n<p>&#8211; Garrafas 1,5 litro verde: 340 unidades;<\/p>\n\n\n\n<p>&#8211; Garrafas 1,5 litro branco: 467 unidades;<\/p>\n\n\n\n<p>&#8211; Garrafas whisky\/conhaque: 201 unidades;<\/p>\n\n\n\n<p>&#8211; Garrafas cerveja 300 ml: 68 unidades;<\/p>\n\n\n\n<p>&#8211; Garraf\u00e3o 2 litros: 15 unidades;<\/p>\n\n\n\n<p>&#8211; Garrafas de cacha\u00e7a: 1.015 unidades;<\/p>\n\n\n\n<p>&#8211; Vidros de caf\u00e9 grande e pequeno: 1.360 unidades;<\/p>\n\n\n\n<p>&#8211; Vidros de conservas: 1.780 unidades;<\/p>\n\n\n\n<p>&#8211; Garraf\u00f5es: 8 unidades;<\/p>\n\n\n\n<p>&#8211; Garrafas diversas: 1.726 unidades;<\/p>\n\n\n\n<p>&#8211; Garrafas de espumante: 445 unidades;<\/p>\n\n\n\n<p>&#8211; Materiais sem valor comercial\/venda para destina\u00e7\u00e3o correta: 8.500 quilos;<\/p>\n\n\n\n<p><strong>&#8211; Total: 90.166,45 kg e 7.425 unidades<\/strong>.<\/p>\n","protected":false},"excerpt":{"rendered":"<p>Teut\u00f4nia \u00e9 conhecida como a Terra do Cooperativismo. Dentre as v\u00e1rias organiza\u00e7\u00f5es associativas, est\u00e1 a Cooperativa Regional de Catadores dos Vales do Taquari e Rio Pardo (CRC), tamb\u00e9m conhecida como Cootralto, que tem a sua matriz no munic\u00edpio e, no m\u00eas de novembro, completa 21 anos de atividades e gera\u00e7\u00e3o de renda para os seus [&hellip;]<\/p>\n","protected":false},"author":8,"featured_media":75252,"comment_status":"open","ping_status":"open","sticky":false,"template":"","format":"standard","meta":{"pmpro_default_level":"","_jetpack_memberships_contains_paid_content":false,"footnotes":""},"categories":[2,3],"tags":[433,26],"class_list":{"0":"post-75251","1":"post","2":"type-post","3":"status-publish","4":"format-standard","5":"has-post-thumbnail","7":"category-featured","8":"category-geral","9":"tag-aterro-sanitario","10":"tag-teutonia","11":"pmpro-has-access"},"yoast_head":"<!-- This site is optimized with the Yoast SEO plugin v27.5 - https:\/\/yoast.com\/product\/yoast-seo-wordpress\/ -->\n<title>Cooperativa respons\u00e1vel pela triagem no aterro sanit\u00e1rio comemora 21 anos - Folha Popular<\/title>\n<meta name=\"robots\" content=\"index, follow, max-snippet:-1, max-image-preview:large, max-video-preview:-1\" \/>\n<link rel=\"canonical\" href=\"https:\/\/folhapopular.info\/index.php\/2020\/11\/05\/cooperativa-responsavel-pela-triagem-no-aterro-sanitario-comemora-21-anos\/\" \/>\n<meta property=\"og:locale\" content=\"pt_BR\" \/>\n<meta property=\"og:type\" content=\"article\" \/>\n<meta property=\"og:title\" content=\"Cooperativa respons\u00e1vel pela triagem no aterro sanit\u00e1rio comemora 21 anos - Folha Popular\" \/>\n<meta property=\"og:description\" content=\"Teut\u00f4nia \u00e9 conhecida como a Terra do Cooperativismo. Dentre as v\u00e1rias organiza\u00e7\u00f5es associativas, est\u00e1 a Cooperativa Regional de Catadores dos Vales do Taquari e Rio Pardo (CRC), tamb\u00e9m conhecida como Cootralto, que tem a sua matriz no munic\u00edpio e, no m\u00eas de novembro, completa 21 anos de atividades e gera\u00e7\u00e3o de renda para os seus [&hellip;]\" \/>\n<meta property=\"og:url\" content=\"https:\/\/folhapopular.info\/index.php\/2020\/11\/05\/cooperativa-responsavel-pela-triagem-no-aterro-sanitario-comemora-21-anos\/\" \/>\n<meta property=\"og:site_name\" content=\"Folha Popular\" \/>\n<meta property=\"article:published_time\" content=\"2020-11-05T17:35:46+00:00\" \/>\n<meta property=\"article:modified_time\" content=\"2020-11-05T17:35:49+00:00\" \/>\n<meta property=\"og:image\" content=\"https:\/\/folhapopular.info\/wp-content\/uploads\/2020\/11\/Pavilhao-de-triagem-esta-sendo-ampliado-scaled-e1604597509724.jpg\" \/>\n\t<meta property=\"og:image:width\" content=\"800\" \/>\n\t<meta property=\"og:image:height\" content=\"527\" \/>\n\t<meta property=\"og:image:type\" content=\"image\/jpeg\" \/>\n<meta name=\"author\" content=\"Reda\u00e7\u00e3o Folha Popular\" \/>\n<meta name=\"twitter:card\" content=\"summary_large_image\" \/>\n<meta name=\"twitter:label1\" content=\"Escrito por\" \/>\n\t<meta name=\"twitter:data1\" content=\"Reda\u00e7\u00e3o Folha Popular\" \/>\n\t<meta name=\"twitter:label2\" content=\"Est. tempo de leitura\" \/>\n\t<meta name=\"twitter:data2\" content=\"5 minutos\" \/>\n<script type=\"application\/ld+json\" class=\"yoast-schema-graph\">{\"@context\":\"https:\\\/\\\/schema.org\",\"@graph\":[{\"@type\":\"Article\",\"@id\":\"https:\\\/\\\/folhapopular.info\\\/index.php\\\/2020\\\/11\\\/05\\\/cooperativa-responsavel-pela-triagem-no-aterro-sanitario-comemora-21-anos\\\/#article\",\"isPartOf\":{\"@id\":\"https:\\\/\\\/folhapopular.info\\\/index.php\\\/2020\\\/11\\\/05\\\/cooperativa-responsavel-pela-triagem-no-aterro-sanitario-comemora-21-anos\\\/\"},\"author\":{\"name\":\"Reda\u00e7\u00e3o Folha Popular\",\"@id\":\"https:\\\/\\\/folhapopular.info\\\/#\\\/schema\\\/person\\\/2814e8a0df7643585a9ca38bc6eb9d4b\"},\"headline\":\"Cooperativa respons\u00e1vel pela triagem no aterro sanit\u00e1rio comemora 21 anos\",\"datePublished\":\"2020-11-05T17:35:46+00:00\",\"dateModified\":\"2020-11-05T17:35:49+00:00\",\"mainEntityOfPage\":{\"@id\":\"https:\\\/\\\/folhapopular.info\\\/index.php\\\/2020\\\/11\\\/05\\\/cooperativa-responsavel-pela-triagem-no-aterro-sanitario-comemora-21-anos\\\/\"},\"wordCount\":928,\"commentCount\":0,\"image\":{\"@id\":\"https:\\\/\\\/folhapopular.info\\\/index.php\\\/2020\\\/11\\\/05\\\/cooperativa-responsavel-pela-triagem-no-aterro-sanitario-comemora-21-anos\\\/#primaryimage\"},\"thumbnailUrl\":\"https:\\\/\\\/folhapopular.info\\\/wp-content\\\/uploads\\\/2020\\\/11\\\/Pavilhao-de-triagem-esta-sendo-ampliado-scaled-e1604597509724.jpg\",\"keywords\":[\"Aterro Sanit\u00e1rio\",\"Teut\u00f4nia\"],\"articleSection\":[\"Destaques\",\"Geral\"],\"inLanguage\":\"pt-BR\",\"potentialAction\":[{\"@type\":\"CommentAction\",\"name\":\"Comment\",\"target\":[\"https:\\\/\\\/folhapopular.info\\\/index.php\\\/2020\\\/11\\\/05\\\/cooperativa-responsavel-pela-triagem-no-aterro-sanitario-comemora-21-anos\\\/#respond\"]}]},{\"@type\":\"WebPage\",\"@id\":\"https:\\\/\\\/folhapopular.info\\\/index.php\\\/2020\\\/11\\\/05\\\/cooperativa-responsavel-pela-triagem-no-aterro-sanitario-comemora-21-anos\\\/\",\"url\":\"https:\\\/\\\/folhapopular.info\\\/index.php\\\/2020\\\/11\\\/05\\\/cooperativa-responsavel-pela-triagem-no-aterro-sanitario-comemora-21-anos\\\/\",\"name\":\"Cooperativa respons\u00e1vel pela triagem no aterro sanit\u00e1rio comemora 21 anos - Folha Popular\",\"isPartOf\":{\"@id\":\"https:\\\/\\\/folhapopular.info\\\/#website\"},\"primaryImageOfPage\":{\"@id\":\"https:\\\/\\\/folhapopular.info\\\/index.php\\\/2020\\\/11\\\/05\\\/cooperativa-responsavel-pela-triagem-no-aterro-sanitario-comemora-21-anos\\\/#primaryimage\"},\"image\":{\"@id\":\"https:\\\/\\\/folhapopular.info\\\/index.php\\\/2020\\\/11\\\/05\\\/cooperativa-responsavel-pela-triagem-no-aterro-sanitario-comemora-21-anos\\\/#primaryimage\"},\"thumbnailUrl\":\"https:\\\/\\\/folhapopular.info\\\/wp-content\\\/uploads\\\/2020\\\/11\\\/Pavilhao-de-triagem-esta-sendo-ampliado-scaled-e1604597509724.jpg\",\"datePublished\":\"2020-11-05T17:35:46+00:00\",\"dateModified\":\"2020-11-05T17:35:49+00:00\",\"author\":{\"@id\":\"https:\\\/\\\/folhapopular.info\\\/#\\\/schema\\\/person\\\/2814e8a0df7643585a9ca38bc6eb9d4b\"},\"breadcrumb\":{\"@id\":\"https:\\\/\\\/folhapopular.info\\\/index.php\\\/2020\\\/11\\\/05\\\/cooperativa-responsavel-pela-triagem-no-aterro-sanitario-comemora-21-anos\\\/#breadcrumb\"},\"inLanguage\":\"pt-BR\",\"potentialAction\":[{\"@type\":\"ReadAction\",\"target\":[\"https:\\\/\\\/folhapopular.info\\\/index.php\\\/2020\\\/11\\\/05\\\/cooperativa-responsavel-pela-triagem-no-aterro-sanitario-comemora-21-anos\\\/\"]}]},{\"@type\":\"ImageObject\",\"inLanguage\":\"pt-BR\",\"@id\":\"https:\\\/\\\/folhapopular.info\\\/index.php\\\/2020\\\/11\\\/05\\\/cooperativa-responsavel-pela-triagem-no-aterro-sanitario-comemora-21-anos\\\/#primaryimage\",\"url\":\"https:\\\/\\\/folhapopular.info\\\/wp-content\\\/uploads\\\/2020\\\/11\\\/Pavilhao-de-triagem-esta-sendo-ampliado-scaled-e1604597509724.jpg\",\"contentUrl\":\"https:\\\/\\\/folhapopular.info\\\/wp-content\\\/uploads\\\/2020\\\/11\\\/Pavilhao-de-triagem-esta-sendo-ampliado-scaled-e1604597509724.jpg\",\"width\":800,\"height\":527,\"caption\":\"Pavilh\u00e3o de triagem est\u00e1 sendo ampliado \\\/ Cr\u00e9dito da foto: \u00c9dson Lu\u00eds Schaeffer \\\/ Divulga\u00e7\u00e3o\"},{\"@type\":\"BreadcrumbList\",\"@id\":\"https:\\\/\\\/folhapopular.info\\\/index.php\\\/2020\\\/11\\\/05\\\/cooperativa-responsavel-pela-triagem-no-aterro-sanitario-comemora-21-anos\\\/#breadcrumb\",\"itemListElement\":[{\"@type\":\"ListItem\",\"position\":1,\"name\":\"In\u00edcio\",\"item\":\"https:\\\/\\\/folhapopular.info\\\/\"},{\"@type\":\"ListItem\",\"position\":2,\"name\":\"Cooperativa respons\u00e1vel pela triagem no aterro sanit\u00e1rio comemora 21 anos\"}]},{\"@type\":\"WebSite\",\"@id\":\"https:\\\/\\\/folhapopular.info\\\/#website\",\"url\":\"https:\\\/\\\/folhapopular.info\\\/\",\"name\":\"Folha Popular\",\"description\":\"Onde voc\u00ea tem vez e voz\",\"potentialAction\":[{\"@type\":\"SearchAction\",\"target\":{\"@type\":\"EntryPoint\",\"urlTemplate\":\"https:\\\/\\\/folhapopular.info\\\/?s={search_term_string}\"},\"query-input\":{\"@type\":\"PropertyValueSpecification\",\"valueRequired\":true,\"valueName\":\"search_term_string\"}}],\"inLanguage\":\"pt-BR\"},{\"@type\":\"Person\",\"@id\":\"https:\\\/\\\/folhapopular.info\\\/#\\\/schema\\\/person\\\/2814e8a0df7643585a9ca38bc6eb9d4b\",\"name\":\"Reda\u00e7\u00e3o Folha Popular\",\"image\":{\"@type\":\"ImageObject\",\"inLanguage\":\"pt-BR\",\"@id\":\"https:\\\/\\\/folhapopular.info\\\/wp-content\\\/uploads\\\/2026\\\/04\\\/Folha-1.webp\",\"url\":\"https:\\\/\\\/folhapopular.info\\\/wp-content\\\/uploads\\\/2026\\\/04\\\/Folha-1.webp\",\"contentUrl\":\"https:\\\/\\\/folhapopular.info\\\/wp-content\\\/uploads\\\/2026\\\/04\\\/Folha-1.webp\",\"caption\":\"Reda\u00e7\u00e3o Folha Popular\"},\"url\":\"https:\\\/\\\/folhapopular.info\\\/index.php\\\/author\\\/redacao\\\/\"}]}<\/script>\n<!-- \/ Yoast SEO plugin. -->","yoast_head_json":{"title":"Cooperativa respons\u00e1vel pela triagem no aterro sanit\u00e1rio comemora 21 anos - Folha Popular","robots":{"index":"index","follow":"follow","max-snippet":"max-snippet:-1","max-image-preview":"max-image-preview:large","max-video-preview":"max-video-preview:-1"},"canonical":"https:\/\/folhapopular.info\/index.php\/2020\/11\/05\/cooperativa-responsavel-pela-triagem-no-aterro-sanitario-comemora-21-anos\/","og_locale":"pt_BR","og_type":"article","og_title":"Cooperativa respons\u00e1vel pela triagem no aterro sanit\u00e1rio comemora 21 anos - Folha Popular","og_description":"Teut\u00f4nia \u00e9 conhecida como a Terra do Cooperativismo. Dentre as v\u00e1rias organiza\u00e7\u00f5es associativas, est\u00e1 a Cooperativa Regional de Catadores dos Vales do Taquari e Rio Pardo (CRC), tamb\u00e9m conhecida como Cootralto, que tem a sua matriz no munic\u00edpio e, no m\u00eas de novembro, completa 21 anos de atividades e gera\u00e7\u00e3o de renda para os seus [&hellip;]","og_url":"https:\/\/folhapopular.info\/index.php\/2020\/11\/05\/cooperativa-responsavel-pela-triagem-no-aterro-sanitario-comemora-21-anos\/","og_site_name":"Folha Popular","article_published_time":"2020-11-05T17:35:46+00:00","article_modified_time":"2020-11-05T17:35:49+00:00","og_image":[{"width":800,"height":527,"url":"https:\/\/folhapopular.info\/wp-content\/uploads\/2020\/11\/Pavilhao-de-triagem-esta-sendo-ampliado-scaled-e1604597509724.jpg","type":"image\/jpeg"}],"author":"Reda\u00e7\u00e3o Folha Popular","twitter_card":"summary_large_image","twitter_misc":{"Escrito por":"Reda\u00e7\u00e3o Folha Popular","Est. tempo de leitura":"5 minutos"},"schema":{"@context":"https:\/\/schema.org","@graph":[{"@type":"Article","@id":"https:\/\/folhapopular.info\/index.php\/2020\/11\/05\/cooperativa-responsavel-pela-triagem-no-aterro-sanitario-comemora-21-anos\/#article","isPartOf":{"@id":"https:\/\/folhapopular.info\/index.php\/2020\/11\/05\/cooperativa-responsavel-pela-triagem-no-aterro-sanitario-comemora-21-anos\/"},"author":{"name":"Reda\u00e7\u00e3o Folha Popular","@id":"https:\/\/folhapopular.info\/#\/schema\/person\/2814e8a0df7643585a9ca38bc6eb9d4b"},"headline":"Cooperativa respons\u00e1vel pela triagem no aterro sanit\u00e1rio comemora 21 anos","datePublished":"2020-11-05T17:35:46+00:00","dateModified":"2020-11-05T17:35:49+00:00","mainEntityOfPage":{"@id":"https:\/\/folhapopular.info\/index.php\/2020\/11\/05\/cooperativa-responsavel-pela-triagem-no-aterro-sanitario-comemora-21-anos\/"},"wordCount":928,"commentCount":0,"image":{"@id":"https:\/\/folhapopular.info\/index.php\/2020\/11\/05\/cooperativa-responsavel-pela-triagem-no-aterro-sanitario-comemora-21-anos\/#primaryimage"},"thumbnailUrl":"https:\/\/folhapopular.info\/wp-content\/uploads\/2020\/11\/Pavilhao-de-triagem-esta-sendo-ampliado-scaled-e1604597509724.jpg","keywords":["Aterro Sanit\u00e1rio","Teut\u00f4nia"],"articleSection":["Destaques","Geral"],"inLanguage":"pt-BR","potentialAction":[{"@type":"CommentAction","name":"Comment","target":["https:\/\/folhapopular.info\/index.php\/2020\/11\/05\/cooperativa-responsavel-pela-triagem-no-aterro-sanitario-comemora-21-anos\/#respond"]}]},{"@type":"WebPage","@id":"https:\/\/folhapopular.info\/index.php\/2020\/11\/05\/cooperativa-responsavel-pela-triagem-no-aterro-sanitario-comemora-21-anos\/","url":"https:\/\/folhapopular.info\/index.php\/2020\/11\/05\/cooperativa-responsavel-pela-triagem-no-aterro-sanitario-comemora-21-anos\/","name":"Cooperativa respons\u00e1vel pela triagem no aterro sanit\u00e1rio comemora 21 anos - Folha Popular","isPartOf":{"@id":"https:\/\/folhapopular.info\/#website"},"primaryImageOfPage":{"@id":"https:\/\/folhapopular.info\/index.php\/2020\/11\/05\/cooperativa-responsavel-pela-triagem-no-aterro-sanitario-comemora-21-anos\/#primaryimage"},"image":{"@id":"https:\/\/folhapopular.info\/index.php\/2020\/11\/05\/cooperativa-responsavel-pela-triagem-no-aterro-sanitario-comemora-21-anos\/#primaryimage"},"thumbnailUrl":"https:\/\/folhapopular.info\/wp-content\/uploads\/2020\/11\/Pavilhao-de-triagem-esta-sendo-ampliado-scaled-e1604597509724.jpg","datePublished":"2020-11-05T17:35:46+00:00","dateModified":"2020-11-05T17:35:49+00:00","author":{"@id":"https:\/\/folhapopular.info\/#\/schema\/person\/2814e8a0df7643585a9ca38bc6eb9d4b"},"breadcrumb":{"@id":"https:\/\/folhapopular.info\/index.php\/2020\/11\/05\/cooperativa-responsavel-pela-triagem-no-aterro-sanitario-comemora-21-anos\/#breadcrumb"},"inLanguage":"pt-BR","potentialAction":[{"@type":"ReadAction","target":["https:\/\/folhapopular.info\/index.php\/2020\/11\/05\/cooperativa-responsavel-pela-triagem-no-aterro-sanitario-comemora-21-anos\/"]}]},{"@type":"ImageObject","inLanguage":"pt-BR","@id":"https:\/\/folhapopular.info\/index.php\/2020\/11\/05\/cooperativa-responsavel-pela-triagem-no-aterro-sanitario-comemora-21-anos\/#primaryimage","url":"https:\/\/folhapopular.info\/wp-content\/uploads\/2020\/11\/Pavilhao-de-triagem-esta-sendo-ampliado-scaled-e1604597509724.jpg","contentUrl":"https:\/\/folhapopular.info\/wp-content\/uploads\/2020\/11\/Pavilhao-de-triagem-esta-sendo-ampliado-scaled-e1604597509724.jpg","width":800,"height":527,"caption":"Pavilh\u00e3o de triagem est\u00e1 sendo ampliado \/ Cr\u00e9dito da foto: \u00c9dson Lu\u00eds Schaeffer \/ Divulga\u00e7\u00e3o"},{"@type":"BreadcrumbList","@id":"https:\/\/folhapopular.info\/index.php\/2020\/11\/05\/cooperativa-responsavel-pela-triagem-no-aterro-sanitario-comemora-21-anos\/#breadcrumb","itemListElement":[{"@type":"ListItem","position":1,"name":"In\u00edcio","item":"https:\/\/folhapopular.info\/"},{"@type":"ListItem","position":2,"name":"Cooperativa respons\u00e1vel pela triagem no aterro sanit\u00e1rio comemora 21 anos"}]},{"@type":"WebSite","@id":"https:\/\/folhapopular.info\/#website","url":"https:\/\/folhapopular.info\/","name":"Folha Popular","description":"Onde voc\u00ea tem vez e voz","potentialAction":[{"@type":"SearchAction","target":{"@type":"EntryPoint","urlTemplate":"https:\/\/folhapopular.info\/?s={search_term_string}"},"query-input":{"@type":"PropertyValueSpecification","valueRequired":true,"valueName":"search_term_string"}}],"inLanguage":"pt-BR"},{"@type":"Person","@id":"https:\/\/folhapopular.info\/#\/schema\/person\/2814e8a0df7643585a9ca38bc6eb9d4b","name":"Reda\u00e7\u00e3o Folha Popular","image":{"@type":"ImageObject","inLanguage":"pt-BR","@id":"https:\/\/folhapopular.info\/wp-content\/uploads\/2026\/04\/Folha-1.webp","url":"https:\/\/folhapopular.info\/wp-content\/uploads\/2026\/04\/Folha-1.webp","contentUrl":"https:\/\/folhapopular.info\/wp-content\/uploads\/2026\/04\/Folha-1.webp","caption":"Reda\u00e7\u00e3o Folha Popular"},"url":"https:\/\/folhapopular.info\/index.php\/author\/redacao\/"}]}},"jetpack_featured_media_url":"https:\/\/folhapopular.info\/wp-content\/uploads\/2020\/11\/Pavilhao-de-triagem-esta-sendo-ampliado-scaled-e1604597509724.jpg","jetpack_sharing_enabled":true,"amp_enabled":true,"_links":{"self":[{"href":"https:\/\/folhapopular.info\/index.php\/wp-json\/wp\/v2\/posts\/75251","targetHints":{"allow":["GET"]}}],"collection":[{"href":"https:\/\/folhapopular.info\/index.php\/wp-json\/wp\/v2\/posts"}],"about":[{"href":"https:\/\/folhapopular.info\/index.php\/wp-json\/wp\/v2\/types\/post"}],"author":[{"embeddable":true,"href":"https:\/\/folhapopular.info\/index.php\/wp-json\/wp\/v2\/users\/8"}],"replies":[{"embeddable":true,"href":"https:\/\/folhapopular.info\/index.php\/wp-json\/wp\/v2\/comments?post=75251"}],"version-history":[{"count":0,"href":"https:\/\/folhapopular.info\/index.php\/wp-json\/wp\/v2\/posts\/75251\/revisions"}],"wp:featuredmedia":[{"embeddable":true,"href":"https:\/\/folhapopular.info\/index.php\/wp-json\/wp\/v2\/media\/75252"}],"wp:attachment":[{"href":"https:\/\/folhapopular.info\/index.php\/wp-json\/wp\/v2\/media?parent=75251"}],"wp:term":[{"taxonomy":"category","embeddable":true,"href":"https:\/\/folhapopular.info\/index.php\/wp-json\/wp\/v2\/categories?post=75251"},{"taxonomy":"post_tag","embeddable":true,"href":"https:\/\/folhapopular.info\/index.php\/wp-json\/wp\/v2\/tags?post=75251"}],"curies":[{"name":"wp","href":"https:\/\/api.w.org\/{rel}","templated":true}]}}