{"id":76347,"date":"2020-12-01T09:53:58","date_gmt":"2020-12-01T12:53:58","guid":{"rendered":"https:\/\/folhapopular.info\/?p=76347"},"modified":"2020-12-01T09:54:05","modified_gmt":"2020-12-01T12:54:05","slug":"suspensao-da-cogestao-e-de-festas-de-fim-de-ano-governador-anuncia-medidas-emergenciais-para-frear-covid-19-no-rs","status":"publish","type":"post","link":"https:\/\/folhapopular.info\/index.php\/2020\/12\/01\/suspensao-da-cogestao-e-de-festas-de-fim-de-ano-governador-anuncia-medidas-emergenciais-para-frear-covid-19-no-rs\/","title":{"rendered":"Suspens\u00e3o da cogest\u00e3o e de festas de fim de ano: governador anuncia medidas emergenciais para frear Covid-19 no RS"},"content":{"rendered":"\n<p>Diante do aumento do n\u00famero de casos de Covid-19 em todas as regi\u00f5es do Rio Grande do Sul e devido \u00e0 proximidade das festas de fim do ano, o governo do Estado anunciou, nesta segunda-feira (30\/11), mudan\u00e7as no modelo do Distanciamento Controlado para enfrentamento \u00e0 pandemia. Um decreto ser\u00e1 publicado com as atualiza\u00e7\u00f5es.<\/p>\n\n\n\n<p>Entre as a\u00e7\u00f5es, est\u00e3o a suspens\u00e3o tempor\u00e1ria do sistema de cogest\u00e3o, altera\u00e7\u00f5es em protocolos de bandeira vermelha (risco epidemiol\u00f3gico alto), suspens\u00e3o de eventos e festas de fim de ano, inclusive condom\u00ednios, incentivo \u00e0 restri\u00e7\u00e3o de reuni\u00f5es privadas e familiares, com limite de at\u00e9 10 pessoas, al\u00e9m do refor\u00e7o na campanha de comunica\u00e7\u00e3o para conscientizar a popula\u00e7\u00e3o e amplia\u00e7\u00e3o da fiscaliza\u00e7\u00e3o dos protocolos. (<em>Veja detalhes das mudan\u00e7as ao final do texto.<\/em>)<\/p>\n\n\n\n<p>Antes de fazer o an\u00fancio em transmiss\u00e3o ao vivo pelas redes sociais, o governador Eduardo Leite reuniu-se com o Gabinete de Crise, pela manh\u00e3 e, por videoconfer\u00eancia, \u00e0 tarde, com a diretoria da Federa\u00e7\u00e3o das Associa\u00e7\u00f5es de Munic\u00edpios do Rio Grande do Sul (Famurs) e representantes das 27 associa\u00e7\u00f5es regionais. Repetindo, assim, o di\u00e1logo com a entidade, como foi feito quando o sistema de cogest\u00e3o foi implementado, de forma colaborativa, no in\u00edcio de agosto.<\/p>\n\n\n\n<p>\u201cEste chamado se d\u00e1 em fun\u00e7\u00e3o deste quadro que est\u00e1 se desenhando de uma segunda onda, repique da primeira onda ou primeira onda que n\u00e3o terminou, como queiram chamar. Reconhecemos que h\u00e1 de fato aumento de interna\u00e7\u00f5es, de casos, isso \u00e9 ineg\u00e1vel, e isso pressiona o nosso sistema hospitalar. Precisamos alinhar as a\u00e7\u00f5es entre prefeituras e governo do Estado, para que n\u00e3o tenhamos nenhum problema de dissolu\u00e7\u00e3o de continuidade no processo de enfrentamento da pandemia\u201d, afirmou Leite aos prefeitos.<\/p>\n\n\n\n<p>Segundo o governador, n\u00e3o h\u00e1 uma causa determinante e \u00fanica para a inflex\u00e3o no n\u00famero de interna\u00e7\u00f5es, levando em conta que, ap\u00f3s oito meses da pandemia, as pessoas podem estar cansadas das restri\u00e7\u00f5es, o fato de os dias estarem mais longos e quentes, a chegada de fim de ano, que \u00e9 um per\u00edodo de mais encontros, at\u00e9 mesmo a perspectiva da vacina pode ter feito com que as pessoas relaxassem o cumprimento de medidas de prote\u00e7\u00e3o.<\/p>\n\n\n\n<figure class=\"wp-block-image size-large\"><img loading=\"lazy\" decoding=\"async\" width=\"800\" height=\"450\" src=\"https:\/\/folhapopular.info\/wp-content\/uploads\/2020\/12\/unnamed-13.jpg\" alt=\"\" class=\"wp-image-76348\" srcset=\"https:\/\/folhapopular.info\/wp-content\/uploads\/2020\/12\/unnamed-13.jpg 800w, https:\/\/folhapopular.info\/wp-content\/uploads\/2020\/12\/unnamed-13-300x169.jpg 300w, https:\/\/folhapopular.info\/wp-content\/uploads\/2020\/12\/unnamed-13-768x432.jpg 768w, https:\/\/folhapopular.info\/wp-content\/uploads\/2020\/12\/unnamed-13-696x392.jpg 696w, https:\/\/folhapopular.info\/wp-content\/uploads\/2020\/12\/unnamed-13-747x420.jpg 747w\" sizes=\"auto, (max-width: 800px) 100vw, 800px\" \/><\/figure>\n\n\n\n<p>\u201cPor isso, precisamos refor\u00e7ar a necessidade de cuidados e fazer isso com o m\u00ednimo de impacto sobre a economia, esse \u00e9 o foco do Estado, por isso nos reunimos com a Famurs e deliberamos pontos importantes para reduzir a circula\u00e7\u00e3o de pessoas e conter a propaga\u00e7\u00e3o de coronav\u00edrus no RS. Agora, o que queremos \u00e9 que as pessoas se encontrem menos, em festas e confraterniza\u00e7\u00f5es, ou mesmo em parques e locais p\u00fablicos, onde tendem a se cuidar menos. N\u00e3o \u00e9 hora de aglomera\u00e7\u00f5es. Reduzir contatos \u00e9 muito importante nesse momento, porque quebramos o ciclo de cont\u00e1gio\u201d, completou.<\/p>\n\n\n\n<p>O governo projeta que esse aumento das restri\u00e7\u00f5es dure duas semanas, mas, se for necess\u00e1rio, n\u00e3o descarta prorrogar o prazo ou alterar os protocolos.<\/p>\n\n\n\n<p><strong>Decis\u00f5es tomadas com base em outros pa\u00edses<\/strong><\/p>\n\n\n\n<p>A gest\u00e3o compartilhada do Distanciamento Controlado permitia que associa\u00e7\u00f5es regionais adotassem protocolos mais brandos \u00e0 bandeira na qual as regi\u00f5es haviam sido classificadas, mas no m\u00ednimo iguais \u00e0 bandeira anterior.&nbsp;No entanto, o Gabinete de Crise entendeu que, neste momento de piora no quadro de propaga\u00e7\u00e3o e atendimento \u00e0 Covid-19 no RS, seria importante haver uma gest\u00e3o \u00fanica em rela\u00e7\u00e3o \u00e0s medidas.<\/p>\n\n\n\n<p>\u201cA iniciativa de suspender a congest\u00e3o foi muito bem recebida pelos prefeitos para que haja uma regra \u00fanica em todo o Estado, isso facilita a comunica\u00e7\u00e3o, a fiscaliza\u00e7\u00e3o e o cumprimento das regras, \u00e9 o que a gente espera\u201d, afirmou a coordenadora do Comit\u00ea de Dados, Leany Lemos.<\/p>\n\n\n\n<p>\u201cTamb\u00e9m \u00e9 muito importante lembrar que esses procedimentos que est\u00e3o sendo propostos pelo Estado foram tomados com base no que outros pa\u00edses est\u00e3o fazendo. N\u00e3o h\u00e1 uma quarentena ou um modelo de lockdown \u00fanico no mundo, mas esses procedimentos tempor\u00e1rios, seja com restri\u00e7\u00e3o de hor\u00e1rios e fechamento de atividades, s\u00e3o adotados para que haja uma revers\u00e3o desse quadro em algumas semanas. S\u00e3o medidas que foram adotadas em outros pa\u00edses e Estados e que o RS tamb\u00e9m adotar\u00e1 a partir de agora\u201d, acrescentou Leany.<\/p>\n\n\n\n<p>Com a suspens\u00e3o tempor\u00e1ria da cogest\u00e3o, o governo modifica alguns dos protocolos para bandeira vermelha com o objetivo de reduzir o contato social entre a popula\u00e7\u00e3o ga\u00facha. No entanto, n\u00e3o haver\u00e1 limita\u00e7\u00e3o de hor\u00e1rio de circula\u00e7\u00e3o nas ruas, nem proibi\u00e7\u00e3o de atividades presenciais da educa\u00e7\u00e3o, considerando todos os protocolos j\u00e1 definidos.<\/p>\n\n\n\n<figure class=\"wp-block-image size-large is-resized\"><img loading=\"lazy\" decoding=\"async\" src=\"https:\/\/folhapopular.info\/wp-content\/uploads\/2020\/12\/unnamed-14.jpg\" alt=\"\" class=\"wp-image-76349\" width=\"608\" height=\"405\" srcset=\"https:\/\/folhapopular.info\/wp-content\/uploads\/2020\/12\/unnamed-14.jpg 608w, https:\/\/folhapopular.info\/wp-content\/uploads\/2020\/12\/unnamed-14-300x200.jpg 300w\" sizes=\"auto, (max-width: 608px) 100vw, 608px\" \/><figcaption>Prefeitos apresentaram sugest\u00f5es durante reuni\u00e3o \/ Cr\u00e9dito da foto: Itamar Aguiar \/ Pal\u00e1cio Piratini<\/figcaption><\/figure>\n\n\n\n<p>Al\u00e9m disso, as mudan\u00e7as v\u00eam acompanhadas de duas medidas por parte do governo: apoio da Brigada Militar nas fiscaliza\u00e7\u00f5es dos munic\u00edpios, especialmente em festas e confraterniza\u00e7\u00f5es, e cria\u00e7\u00e3o de canais espec\u00edficos para den\u00fancia (telefone 150 e&nbsp;<a href=\"https:\/\/snw11.maxx.mobi\/link.php?M=623999&amp;N=2565&amp;L=2431&amp;F=H\" target=\"_blank\" rel=\"noreferrer noopener\">formul\u00e1rio eletr\u00f4nico Vigil\u00e2ncia do Cidad\u00e3o<\/a>), assim como refor\u00e7o das campanhas de comunica\u00e7\u00e3o com a popula\u00e7\u00e3o, imprensa e prefeituras.<\/p>\n\n\n\n<p>A secret\u00e1ria da Sa\u00fade, Arita Bergmann, lembrou que o Estado mais que dobrou a capacidade de leitos de UTI desde o in\u00edcio da pandemia, mas que muitos foram desativados pelos pr\u00f3prios hospitais quando a curva de casos havia ca\u00eddo. Agora, o governo est\u00e1 conversando com as institui\u00e7\u00f5es para reativar os leitos e muitos j\u00e1 est\u00e3o novamente dispon\u00edveis, al\u00e9m de repassar equipamentos para os hospitais e munic\u00edpios.<\/p>\n\n\n\n<p>\u201cO Estado est\u00e1 fazendo essa for\u00e7a-tarefa para que tenhamos a retaguarda necess\u00e1ria, mas gostaria de fazer um apelo \u00e0 popula\u00e7\u00e3o em geral. N\u00e3o basta ter leitos cl\u00ednicos e de UTI. As pessoas tamb\u00e9m ter\u00e3o de ajudar para evitar acelera\u00e7\u00e3o da transmiss\u00e3o e de novos casos. O autocuidado, o uso de m\u00e1scaras, a higieniza\u00e7\u00e3o das m\u00e3os e distanciamento f\u00edsico s\u00e3o atitudes que a popula\u00e7\u00e3o tamb\u00e9m tem responsabilidade\u201d, alertou Arita.<\/p>\n\n\n\n<p><strong><a href=\"https:\/\/snw11.maxx.mobi\/link.php?M=623999&amp;N=2565&amp;L=2430&amp;F=H\" target=\"_blank\" rel=\"noreferrer noopener\">\u2022 Clique aqui e veja a apresenta\u00e7\u00e3o sobre as mudan\u00e7as feitas pelo governo.<\/a><\/strong><\/p>\n\n\n\n<p><strong>VEJA AS MEDIDAS EMERGENCIAIS<\/strong><\/p>\n\n\n\n<p><strong>REFOR\u00c7O DA CAMPANHA DE COMUNICA\u00c7\u00c3O<\/strong><br>\u2022 Te cuida para termos um Natal Seguro: n\u00e3o \u00e9 hora de festa e aglomera\u00e7\u00e3o, mesmo em fam\u00edlia<br>\u2022 Refor\u00e7ar comunica\u00e7\u00e3o com imprensa e prefeituras sobre protocolos e fiscaliza\u00e7\u00e3o<\/p>\n\n\n\n<p><strong>APOIO DO GOVERNO DO ESTADO NA FISCALIZA\u00c7\u00c3O DOS PROTOCOLOS<\/strong><br>\u2022 Apoio da Brigada Militar \u00e0 fiscaliza\u00e7\u00e3o<br>\u2022 Cria\u00e7\u00e3o de canais espec\u00edficos para den\u00fancia (telefone 150 e&nbsp;<a href=\"https:\/\/snw11.maxx.mobi\/link.php?M=623999&amp;N=2565&amp;L=2431&amp;F=H\" target=\"_blank\" rel=\"noreferrer noopener\">formul\u00e1rio eletr\u00f4nico Vigil\u00e2ncia do Cidad\u00e3o<\/a>)<\/p>\n\n\n\n<p><strong>SUSPENS\u00c3O DOS EVENTOS E FESTAS DE FIM DE ANO<\/strong><br>\u2022 Suspens\u00e3o de festas e eventos de fim de ano, de prefeituras ou de estabelecimentos privados, inclusive em condom\u00ednios<br>\u2022 Suspens\u00e3o do patroc\u00ednio por empresas p\u00fablicas ou apoio de \u00f3rg\u00e3os p\u00fablicos<\/p>\n\n\n\n<p><strong>INCENTIVO \u00c0 RESTRI\u00c7\u00c3O DE REUNI\u00d5ES PRIVADAS E FAMILIARES<\/strong><br>\u2022 Limite m\u00e1ximo de at\u00e9 10 pessoas, exclu\u00eddas as crian\u00e7as de at\u00e9 14 anos.<br>\u2022 Refor\u00e7o em campanha de comunica\u00e7\u00e3o para conscientiza\u00e7\u00e3o sobre isso<\/p>\n\n\n\n<p><strong>MUDAN\u00c7AS NO DISTANCIAMENTO CONTROLADO<\/strong><br>\u2022 Suspens\u00e3o tempor\u00e1ria da cogest\u00e3o, com ado\u00e7\u00e3o de fato da bandeira vermelha;<br>\u2022 Mudan\u00e7as na bandeira vermelha, com com\u00e9rcio e restaurantes com hor\u00e1rio limite, mas sem restri\u00e7\u00e3o de dias;<br>\u2022 Inclus\u00e3o de restri\u00e7\u00f5es em condom\u00ednios;<br>\u2022 Inclus\u00e3o da veda\u00e7\u00e3o \u00e0 perman\u00eancia em locais p\u00fablicos sem controle de acesso (ruas, praias e pra\u00e7as, por exemplo).<\/p>\n\n\n\n<p><br><strong>Novas regras para bandeira vermelha:<\/strong><\/p>\n\n\n\n<p>\u2022 Permiss\u00e3o de com\u00e9rcio, sem restri\u00e7\u00e3o de dias, mas com restri\u00e7\u00e3o de hor\u00e1rio (at\u00e9 20h);<br>\u2022 Permiss\u00e3o de restaurantes, lancherias e bares, sem restri\u00e7\u00e3o de dias, mas com restri\u00e7\u00e3o de hor\u00e1rio (at\u00e9 22h), clientes somente sentados, com distanciamento de dois metros entre mesas para grupos de at\u00e9 seis pessoas, sem m\u00fasica ao vivo ou ambiente que prejudique a comunica\u00e7\u00e3o;<br>\u2022 Permiss\u00e3o de funcionamento de atividades em locais abertos, com controle de acesso, vedado alimenta\u00e7\u00e3o e bebidas (shows, espet\u00e1culos, drive-in, parques de aventura, zool\u00f3gicos etc.);<br>\u2022 Vedado o funcionamento de atividades em locais fechados (teatros, cinemas, casas de shows, etc.);<br>\u2022 Vedada a perman\u00eancia em locais abertos sem controle de p\u00fablico (ruas, praias, parques, pra\u00e7as, etc.), permitida apenas circula\u00e7\u00e3o ou pr\u00e1tica de exerc\u00edcios f\u00edsicos;<br>\u2022 Vedados eventos sociais (casamentos, festas, formaturas, anivers\u00e1rios etc.);<br>\u2022 Veda\u00e7\u00e3o do uso de \u00e1reas comuns em condom\u00ednios e clubes (brinquedos, sal\u00f5es de festas, piscinas, churrasqueiras compartilhadas, quadras etc.);<br>\u2022 Refor\u00e7o aos protocolos gerais, em especial: m\u00e1scara, distanciamento, \u00e1lcool gel e ventila\u00e7\u00e3o natural cruzada (janelas e portas abertas);<br>\u2022 Manuten\u00e7\u00e3o das atividades de ensino no modelo h\u00edbrido, respeitando aos protocolos nas atividades presenciais;<br>\u2022 Demais medidas segmentadas sem altera\u00e7\u00e3o.<\/p>\n","protected":false},"excerpt":{"rendered":"<p>Diante do aumento do n\u00famero de casos de Covid-19 em todas as regi\u00f5es do Rio Grande do Sul e devido \u00e0 proximidade das festas de fim do ano, o governo do Estado anunciou, nesta segunda-feira (30\/11), mudan\u00e7as no modelo do Distanciamento Controlado para enfrentamento \u00e0 pandemia. Um decreto ser\u00e1 publicado com as atualiza\u00e7\u00f5es. Entre as [&hellip;]<\/p>\n","protected":false},"author":8,"featured_media":76350,"comment_status":"open","ping_status":"open","sticky":false,"template":"","format":"standard","meta":{"pmpro_default_level":"","_jetpack_memberships_contains_paid_content":false,"footnotes":""},"categories":[2,3],"tags":[5707,6305,1794],"class_list":{"0":"post-76347","1":"post","2":"type-post","3":"status-publish","4":"format-standard","5":"has-post-thumbnail","7":"category-featured","8":"category-geral","9":"tag-covid-19","10":"tag-medidas-emergenciais","11":"tag-rio-grande-do-sul","12":"pmpro-has-access"},"yoast_head":"<!-- This site is optimized with the Yoast SEO plugin v27.5 - https:\/\/yoast.com\/product\/yoast-seo-wordpress\/ -->\n<title>Suspens\u00e3o da cogest\u00e3o e de festas de fim de ano: governador anuncia medidas emergenciais para frear Covid-19 no RS - Folha Popular<\/title>\n<meta name=\"robots\" content=\"index, follow, max-snippet:-1, max-image-preview:large, max-video-preview:-1\" \/>\n<link rel=\"canonical\" href=\"https:\/\/folhapopular.info\/index.php\/2020\/12\/01\/suspensao-da-cogestao-e-de-festas-de-fim-de-ano-governador-anuncia-medidas-emergenciais-para-frear-covid-19-no-rs\/\" \/>\n<meta property=\"og:locale\" content=\"pt_BR\" \/>\n<meta property=\"og:type\" content=\"article\" \/>\n<meta property=\"og:title\" content=\"Suspens\u00e3o da cogest\u00e3o e de festas de fim de ano: governador anuncia medidas emergenciais para frear Covid-19 no RS - Folha Popular\" \/>\n<meta property=\"og:description\" content=\"Diante do aumento do n\u00famero de casos de Covid-19 em todas as regi\u00f5es do Rio Grande do Sul e devido \u00e0 proximidade das festas de fim do ano, o governo do Estado anunciou, nesta segunda-feira (30\/11), mudan\u00e7as no modelo do Distanciamento Controlado para enfrentamento \u00e0 pandemia. Um decreto ser\u00e1 publicado com as atualiza\u00e7\u00f5es. Entre as [&hellip;]\" \/>\n<meta property=\"og:url\" content=\"https:\/\/folhapopular.info\/index.php\/2020\/12\/01\/suspensao-da-cogestao-e-de-festas-de-fim-de-ano-governador-anuncia-medidas-emergenciais-para-frear-covid-19-no-rs\/\" \/>\n<meta property=\"og:site_name\" content=\"Folha Popular\" \/>\n<meta property=\"article:published_time\" content=\"2020-12-01T12:53:58+00:00\" \/>\n<meta property=\"article:modified_time\" content=\"2020-12-01T12:54:05+00:00\" \/>\n<meta property=\"og:image\" content=\"https:\/\/folhapopular.info\/wp-content\/uploads\/2020\/12\/unnamed-12.jpg\" \/>\n\t<meta property=\"og:image:width\" content=\"800\" \/>\n\t<meta property=\"og:image:height\" content=\"450\" \/>\n\t<meta property=\"og:image:type\" content=\"image\/jpeg\" \/>\n<meta name=\"author\" content=\"Reda\u00e7\u00e3o Folha Popular\" \/>\n<meta name=\"twitter:card\" content=\"summary_large_image\" \/>\n<meta name=\"twitter:label1\" content=\"Escrito por\" \/>\n\t<meta name=\"twitter:data1\" content=\"Reda\u00e7\u00e3o Folha Popular\" \/>\n\t<meta name=\"twitter:label2\" content=\"Est. tempo de leitura\" \/>\n\t<meta name=\"twitter:data2\" content=\"8 minutos\" \/>\n<script type=\"application\/ld+json\" class=\"yoast-schema-graph\">{\"@context\":\"https:\\\/\\\/schema.org\",\"@graph\":[{\"@type\":\"Article\",\"@id\":\"https:\\\/\\\/folhapopular.info\\\/index.php\\\/2020\\\/12\\\/01\\\/suspensao-da-cogestao-e-de-festas-de-fim-de-ano-governador-anuncia-medidas-emergenciais-para-frear-covid-19-no-rs\\\/#article\",\"isPartOf\":{\"@id\":\"https:\\\/\\\/folhapopular.info\\\/index.php\\\/2020\\\/12\\\/01\\\/suspensao-da-cogestao-e-de-festas-de-fim-de-ano-governador-anuncia-medidas-emergenciais-para-frear-covid-19-no-rs\\\/\"},\"author\":{\"name\":\"Reda\u00e7\u00e3o Folha Popular\",\"@id\":\"https:\\\/\\\/folhapopular.info\\\/#\\\/schema\\\/person\\\/2814e8a0df7643585a9ca38bc6eb9d4b\"},\"headline\":\"Suspens\u00e3o da cogest\u00e3o e de festas de fim de ano: governador anuncia medidas emergenciais para frear Covid-19 no RS\",\"datePublished\":\"2020-12-01T12:53:58+00:00\",\"dateModified\":\"2020-12-01T12:54:05+00:00\",\"mainEntityOfPage\":{\"@id\":\"https:\\\/\\\/folhapopular.info\\\/index.php\\\/2020\\\/12\\\/01\\\/suspensao-da-cogestao-e-de-festas-de-fim-de-ano-governador-anuncia-medidas-emergenciais-para-frear-covid-19-no-rs\\\/\"},\"wordCount\":1533,\"commentCount\":0,\"image\":{\"@id\":\"https:\\\/\\\/folhapopular.info\\\/index.php\\\/2020\\\/12\\\/01\\\/suspensao-da-cogestao-e-de-festas-de-fim-de-ano-governador-anuncia-medidas-emergenciais-para-frear-covid-19-no-rs\\\/#primaryimage\"},\"thumbnailUrl\":\"https:\\\/\\\/folhapopular.info\\\/wp-content\\\/uploads\\\/2020\\\/12\\\/unnamed-12.jpg\",\"keywords\":[\"Covid-19\",\"Medidas emergenciais\",\"Rio Grande do Sul\"],\"articleSection\":[\"Destaques\",\"Geral\"],\"inLanguage\":\"pt-BR\",\"potentialAction\":[{\"@type\":\"CommentAction\",\"name\":\"Comment\",\"target\":[\"https:\\\/\\\/folhapopular.info\\\/index.php\\\/2020\\\/12\\\/01\\\/suspensao-da-cogestao-e-de-festas-de-fim-de-ano-governador-anuncia-medidas-emergenciais-para-frear-covid-19-no-rs\\\/#respond\"]}]},{\"@type\":\"WebPage\",\"@id\":\"https:\\\/\\\/folhapopular.info\\\/index.php\\\/2020\\\/12\\\/01\\\/suspensao-da-cogestao-e-de-festas-de-fim-de-ano-governador-anuncia-medidas-emergenciais-para-frear-covid-19-no-rs\\\/\",\"url\":\"https:\\\/\\\/folhapopular.info\\\/index.php\\\/2020\\\/12\\\/01\\\/suspensao-da-cogestao-e-de-festas-de-fim-de-ano-governador-anuncia-medidas-emergenciais-para-frear-covid-19-no-rs\\\/\",\"name\":\"Suspens\u00e3o da cogest\u00e3o e de festas de fim de ano: governador anuncia medidas emergenciais para frear Covid-19 no RS - Folha Popular\",\"isPartOf\":{\"@id\":\"https:\\\/\\\/folhapopular.info\\\/#website\"},\"primaryImageOfPage\":{\"@id\":\"https:\\\/\\\/folhapopular.info\\\/index.php\\\/2020\\\/12\\\/01\\\/suspensao-da-cogestao-e-de-festas-de-fim-de-ano-governador-anuncia-medidas-emergenciais-para-frear-covid-19-no-rs\\\/#primaryimage\"},\"image\":{\"@id\":\"https:\\\/\\\/folhapopular.info\\\/index.php\\\/2020\\\/12\\\/01\\\/suspensao-da-cogestao-e-de-festas-de-fim-de-ano-governador-anuncia-medidas-emergenciais-para-frear-covid-19-no-rs\\\/#primaryimage\"},\"thumbnailUrl\":\"https:\\\/\\\/folhapopular.info\\\/wp-content\\\/uploads\\\/2020\\\/12\\\/unnamed-12.jpg\",\"datePublished\":\"2020-12-01T12:53:58+00:00\",\"dateModified\":\"2020-12-01T12:54:05+00:00\",\"author\":{\"@id\":\"https:\\\/\\\/folhapopular.info\\\/#\\\/schema\\\/person\\\/2814e8a0df7643585a9ca38bc6eb9d4b\"},\"breadcrumb\":{\"@id\":\"https:\\\/\\\/folhapopular.info\\\/index.php\\\/2020\\\/12\\\/01\\\/suspensao-da-cogestao-e-de-festas-de-fim-de-ano-governador-anuncia-medidas-emergenciais-para-frear-covid-19-no-rs\\\/#breadcrumb\"},\"inLanguage\":\"pt-BR\",\"potentialAction\":[{\"@type\":\"ReadAction\",\"target\":[\"https:\\\/\\\/folhapopular.info\\\/index.php\\\/2020\\\/12\\\/01\\\/suspensao-da-cogestao-e-de-festas-de-fim-de-ano-governador-anuncia-medidas-emergenciais-para-frear-covid-19-no-rs\\\/\"]}]},{\"@type\":\"ImageObject\",\"inLanguage\":\"pt-BR\",\"@id\":\"https:\\\/\\\/folhapopular.info\\\/index.php\\\/2020\\\/12\\\/01\\\/suspensao-da-cogestao-e-de-festas-de-fim-de-ano-governador-anuncia-medidas-emergenciais-para-frear-covid-19-no-rs\\\/#primaryimage\",\"url\":\"https:\\\/\\\/folhapopular.info\\\/wp-content\\\/uploads\\\/2020\\\/12\\\/unnamed-12.jpg\",\"contentUrl\":\"https:\\\/\\\/folhapopular.info\\\/wp-content\\\/uploads\\\/2020\\\/12\\\/unnamed-12.jpg\",\"width\":800,\"height\":450,\"caption\":\"Governador Leite e integrantes do governo em reuni\u00e3o por videoconfer\u00eancia com prefeitos e diretoria da Famurs \\\/ Cr\u00e9dito da foto: Itamar Aguiar \\\/ Pal\u00e1cio Piratini\"},{\"@type\":\"BreadcrumbList\",\"@id\":\"https:\\\/\\\/folhapopular.info\\\/index.php\\\/2020\\\/12\\\/01\\\/suspensao-da-cogestao-e-de-festas-de-fim-de-ano-governador-anuncia-medidas-emergenciais-para-frear-covid-19-no-rs\\\/#breadcrumb\",\"itemListElement\":[{\"@type\":\"ListItem\",\"position\":1,\"name\":\"In\u00edcio\",\"item\":\"https:\\\/\\\/folhapopular.info\\\/\"},{\"@type\":\"ListItem\",\"position\":2,\"name\":\"Suspens\u00e3o da cogest\u00e3o e de festas de fim de ano: governador anuncia medidas emergenciais para frear Covid-19 no RS\"}]},{\"@type\":\"WebSite\",\"@id\":\"https:\\\/\\\/folhapopular.info\\\/#website\",\"url\":\"https:\\\/\\\/folhapopular.info\\\/\",\"name\":\"Folha Popular\",\"description\":\"Onde voc\u00ea tem vez e voz\",\"potentialAction\":[{\"@type\":\"SearchAction\",\"target\":{\"@type\":\"EntryPoint\",\"urlTemplate\":\"https:\\\/\\\/folhapopular.info\\\/?s={search_term_string}\"},\"query-input\":{\"@type\":\"PropertyValueSpecification\",\"valueRequired\":true,\"valueName\":\"search_term_string\"}}],\"inLanguage\":\"pt-BR\"},{\"@type\":\"Person\",\"@id\":\"https:\\\/\\\/folhapopular.info\\\/#\\\/schema\\\/person\\\/2814e8a0df7643585a9ca38bc6eb9d4b\",\"name\":\"Reda\u00e7\u00e3o Folha Popular\",\"image\":{\"@type\":\"ImageObject\",\"inLanguage\":\"pt-BR\",\"@id\":\"https:\\\/\\\/folhapopular.info\\\/wp-content\\\/uploads\\\/2026\\\/04\\\/Folha-1.webp\",\"url\":\"https:\\\/\\\/folhapopular.info\\\/wp-content\\\/uploads\\\/2026\\\/04\\\/Folha-1.webp\",\"contentUrl\":\"https:\\\/\\\/folhapopular.info\\\/wp-content\\\/uploads\\\/2026\\\/04\\\/Folha-1.webp\",\"caption\":\"Reda\u00e7\u00e3o Folha Popular\"},\"url\":\"https:\\\/\\\/folhapopular.info\\\/index.php\\\/author\\\/redacao\\\/\"}]}<\/script>\n<!-- \/ Yoast SEO plugin. -->","yoast_head_json":{"title":"Suspens\u00e3o da cogest\u00e3o e de festas de fim de ano: governador anuncia medidas emergenciais para frear Covid-19 no RS - Folha Popular","robots":{"index":"index","follow":"follow","max-snippet":"max-snippet:-1","max-image-preview":"max-image-preview:large","max-video-preview":"max-video-preview:-1"},"canonical":"https:\/\/folhapopular.info\/index.php\/2020\/12\/01\/suspensao-da-cogestao-e-de-festas-de-fim-de-ano-governador-anuncia-medidas-emergenciais-para-frear-covid-19-no-rs\/","og_locale":"pt_BR","og_type":"article","og_title":"Suspens\u00e3o da cogest\u00e3o e de festas de fim de ano: governador anuncia medidas emergenciais para frear Covid-19 no RS - Folha Popular","og_description":"Diante do aumento do n\u00famero de casos de Covid-19 em todas as regi\u00f5es do Rio Grande do Sul e devido \u00e0 proximidade das festas de fim do ano, o governo do Estado anunciou, nesta segunda-feira (30\/11), mudan\u00e7as no modelo do Distanciamento Controlado para enfrentamento \u00e0 pandemia. Um decreto ser\u00e1 publicado com as atualiza\u00e7\u00f5es. Entre as [&hellip;]","og_url":"https:\/\/folhapopular.info\/index.php\/2020\/12\/01\/suspensao-da-cogestao-e-de-festas-de-fim-de-ano-governador-anuncia-medidas-emergenciais-para-frear-covid-19-no-rs\/","og_site_name":"Folha Popular","article_published_time":"2020-12-01T12:53:58+00:00","article_modified_time":"2020-12-01T12:54:05+00:00","og_image":[{"width":800,"height":450,"url":"https:\/\/folhapopular.info\/wp-content\/uploads\/2020\/12\/unnamed-12.jpg","type":"image\/jpeg"}],"author":"Reda\u00e7\u00e3o Folha Popular","twitter_card":"summary_large_image","twitter_misc":{"Escrito por":"Reda\u00e7\u00e3o Folha Popular","Est. tempo de leitura":"8 minutos"},"schema":{"@context":"https:\/\/schema.org","@graph":[{"@type":"Article","@id":"https:\/\/folhapopular.info\/index.php\/2020\/12\/01\/suspensao-da-cogestao-e-de-festas-de-fim-de-ano-governador-anuncia-medidas-emergenciais-para-frear-covid-19-no-rs\/#article","isPartOf":{"@id":"https:\/\/folhapopular.info\/index.php\/2020\/12\/01\/suspensao-da-cogestao-e-de-festas-de-fim-de-ano-governador-anuncia-medidas-emergenciais-para-frear-covid-19-no-rs\/"},"author":{"name":"Reda\u00e7\u00e3o Folha Popular","@id":"https:\/\/folhapopular.info\/#\/schema\/person\/2814e8a0df7643585a9ca38bc6eb9d4b"},"headline":"Suspens\u00e3o da cogest\u00e3o e de festas de fim de ano: governador anuncia medidas emergenciais para frear Covid-19 no RS","datePublished":"2020-12-01T12:53:58+00:00","dateModified":"2020-12-01T12:54:05+00:00","mainEntityOfPage":{"@id":"https:\/\/folhapopular.info\/index.php\/2020\/12\/01\/suspensao-da-cogestao-e-de-festas-de-fim-de-ano-governador-anuncia-medidas-emergenciais-para-frear-covid-19-no-rs\/"},"wordCount":1533,"commentCount":0,"image":{"@id":"https:\/\/folhapopular.info\/index.php\/2020\/12\/01\/suspensao-da-cogestao-e-de-festas-de-fim-de-ano-governador-anuncia-medidas-emergenciais-para-frear-covid-19-no-rs\/#primaryimage"},"thumbnailUrl":"https:\/\/folhapopular.info\/wp-content\/uploads\/2020\/12\/unnamed-12.jpg","keywords":["Covid-19","Medidas emergenciais","Rio Grande do Sul"],"articleSection":["Destaques","Geral"],"inLanguage":"pt-BR","potentialAction":[{"@type":"CommentAction","name":"Comment","target":["https:\/\/folhapopular.info\/index.php\/2020\/12\/01\/suspensao-da-cogestao-e-de-festas-de-fim-de-ano-governador-anuncia-medidas-emergenciais-para-frear-covid-19-no-rs\/#respond"]}]},{"@type":"WebPage","@id":"https:\/\/folhapopular.info\/index.php\/2020\/12\/01\/suspensao-da-cogestao-e-de-festas-de-fim-de-ano-governador-anuncia-medidas-emergenciais-para-frear-covid-19-no-rs\/","url":"https:\/\/folhapopular.info\/index.php\/2020\/12\/01\/suspensao-da-cogestao-e-de-festas-de-fim-de-ano-governador-anuncia-medidas-emergenciais-para-frear-covid-19-no-rs\/","name":"Suspens\u00e3o da cogest\u00e3o e de festas de fim de ano: governador anuncia medidas emergenciais para frear Covid-19 no RS - Folha Popular","isPartOf":{"@id":"https:\/\/folhapopular.info\/#website"},"primaryImageOfPage":{"@id":"https:\/\/folhapopular.info\/index.php\/2020\/12\/01\/suspensao-da-cogestao-e-de-festas-de-fim-de-ano-governador-anuncia-medidas-emergenciais-para-frear-covid-19-no-rs\/#primaryimage"},"image":{"@id":"https:\/\/folhapopular.info\/index.php\/2020\/12\/01\/suspensao-da-cogestao-e-de-festas-de-fim-de-ano-governador-anuncia-medidas-emergenciais-para-frear-covid-19-no-rs\/#primaryimage"},"thumbnailUrl":"https:\/\/folhapopular.info\/wp-content\/uploads\/2020\/12\/unnamed-12.jpg","datePublished":"2020-12-01T12:53:58+00:00","dateModified":"2020-12-01T12:54:05+00:00","author":{"@id":"https:\/\/folhapopular.info\/#\/schema\/person\/2814e8a0df7643585a9ca38bc6eb9d4b"},"breadcrumb":{"@id":"https:\/\/folhapopular.info\/index.php\/2020\/12\/01\/suspensao-da-cogestao-e-de-festas-de-fim-de-ano-governador-anuncia-medidas-emergenciais-para-frear-covid-19-no-rs\/#breadcrumb"},"inLanguage":"pt-BR","potentialAction":[{"@type":"ReadAction","target":["https:\/\/folhapopular.info\/index.php\/2020\/12\/01\/suspensao-da-cogestao-e-de-festas-de-fim-de-ano-governador-anuncia-medidas-emergenciais-para-frear-covid-19-no-rs\/"]}]},{"@type":"ImageObject","inLanguage":"pt-BR","@id":"https:\/\/folhapopular.info\/index.php\/2020\/12\/01\/suspensao-da-cogestao-e-de-festas-de-fim-de-ano-governador-anuncia-medidas-emergenciais-para-frear-covid-19-no-rs\/#primaryimage","url":"https:\/\/folhapopular.info\/wp-content\/uploads\/2020\/12\/unnamed-12.jpg","contentUrl":"https:\/\/folhapopular.info\/wp-content\/uploads\/2020\/12\/unnamed-12.jpg","width":800,"height":450,"caption":"Governador Leite e integrantes do governo em reuni\u00e3o por videoconfer\u00eancia com prefeitos e diretoria da Famurs \/ Cr\u00e9dito da foto: Itamar Aguiar \/ Pal\u00e1cio Piratini"},{"@type":"BreadcrumbList","@id":"https:\/\/folhapopular.info\/index.php\/2020\/12\/01\/suspensao-da-cogestao-e-de-festas-de-fim-de-ano-governador-anuncia-medidas-emergenciais-para-frear-covid-19-no-rs\/#breadcrumb","itemListElement":[{"@type":"ListItem","position":1,"name":"In\u00edcio","item":"https:\/\/folhapopular.info\/"},{"@type":"ListItem","position":2,"name":"Suspens\u00e3o da cogest\u00e3o e de festas de fim de ano: governador anuncia medidas emergenciais para frear Covid-19 no RS"}]},{"@type":"WebSite","@id":"https:\/\/folhapopular.info\/#website","url":"https:\/\/folhapopular.info\/","name":"Folha Popular","description":"Onde voc\u00ea tem vez e voz","potentialAction":[{"@type":"SearchAction","target":{"@type":"EntryPoint","urlTemplate":"https:\/\/folhapopular.info\/?s={search_term_string}"},"query-input":{"@type":"PropertyValueSpecification","valueRequired":true,"valueName":"search_term_string"}}],"inLanguage":"pt-BR"},{"@type":"Person","@id":"https:\/\/folhapopular.info\/#\/schema\/person\/2814e8a0df7643585a9ca38bc6eb9d4b","name":"Reda\u00e7\u00e3o Folha Popular","image":{"@type":"ImageObject","inLanguage":"pt-BR","@id":"https:\/\/folhapopular.info\/wp-content\/uploads\/2026\/04\/Folha-1.webp","url":"https:\/\/folhapopular.info\/wp-content\/uploads\/2026\/04\/Folha-1.webp","contentUrl":"https:\/\/folhapopular.info\/wp-content\/uploads\/2026\/04\/Folha-1.webp","caption":"Reda\u00e7\u00e3o Folha Popular"},"url":"https:\/\/folhapopular.info\/index.php\/author\/redacao\/"}]}},"jetpack_featured_media_url":"https:\/\/folhapopular.info\/wp-content\/uploads\/2020\/12\/unnamed-12.jpg","jetpack_sharing_enabled":true,"amp_enabled":true,"_links":{"self":[{"href":"https:\/\/folhapopular.info\/index.php\/wp-json\/wp\/v2\/posts\/76347","targetHints":{"allow":["GET"]}}],"collection":[{"href":"https:\/\/folhapopular.info\/index.php\/wp-json\/wp\/v2\/posts"}],"about":[{"href":"https:\/\/folhapopular.info\/index.php\/wp-json\/wp\/v2\/types\/post"}],"author":[{"embeddable":true,"href":"https:\/\/folhapopular.info\/index.php\/wp-json\/wp\/v2\/users\/8"}],"replies":[{"embeddable":true,"href":"https:\/\/folhapopular.info\/index.php\/wp-json\/wp\/v2\/comments?post=76347"}],"version-history":[{"count":0,"href":"https:\/\/folhapopular.info\/index.php\/wp-json\/wp\/v2\/posts\/76347\/revisions"}],"wp:featuredmedia":[{"embeddable":true,"href":"https:\/\/folhapopular.info\/index.php\/wp-json\/wp\/v2\/media\/76350"}],"wp:attachment":[{"href":"https:\/\/folhapopular.info\/index.php\/wp-json\/wp\/v2\/media?parent=76347"}],"wp:term":[{"taxonomy":"category","embeddable":true,"href":"https:\/\/folhapopular.info\/index.php\/wp-json\/wp\/v2\/categories?post=76347"},{"taxonomy":"post_tag","embeddable":true,"href":"https:\/\/folhapopular.info\/index.php\/wp-json\/wp\/v2\/tags?post=76347"}],"curies":[{"name":"wp","href":"https:\/\/api.w.org\/{rel}","templated":true}]}}