{"id":76383,"date":"2020-12-02T10:20:40","date_gmt":"2020-12-02T13:20:40","guid":{"rendered":"https:\/\/folhapopular.info\/?p=76383"},"modified":"2020-12-02T10:20:43","modified_gmt":"2020-12-02T13:20:43","slug":"apesar-da-bandeira-vermelha-no-vale-teutonia-pode-adotar-protocolos-da-bandeira-laranja","status":"publish","type":"post","link":"https:\/\/folhapopular.info\/index.php\/2020\/12\/02\/apesar-da-bandeira-vermelha-no-vale-teutonia-pode-adotar-protocolos-da-bandeira-laranja\/","title":{"rendered":"Apesar da Bandeira Vermelha no Vale, Teut\u00f4nia pode adotar protocolos da Bandeira Laranja"},"content":{"rendered":"\n<p>O Vale do Taquari foi enquadrado na Bandeira Vermelha pelo modelo de distanciamento controlado. No entanto, como Teut\u00f4nia n\u00e3o registrou \u00f3bitos interna\u00e7\u00f5es e \u00f3bitos associados a Covid-19 14 dias antes at\u00e9 a data da defini\u00e7\u00e3o das bandeiras, o munic\u00edpio se enquadra na regra 0-0, permitindo adotar os protocolos da Bandeira Laranja. No entanto, \u00e9 fundamental seguir os 3Ms contra Covid-19: M\u00e1scara, M\u00e3os higienizadas e Manter distanciamento, para frear a propaga\u00e7\u00e3o do novo coronav\u00edrus.<\/p>\n\n\n\n<p>Diante disso, o Munic\u00edpio de Teut\u00f4nia editou e publicou na ter\u00e7a-feira, dia 1\u00ba de dezembro, o Decreto 2.882\/2020, que substitui a Bandeira Vermelha fixada pelo Estado do Rio Grande do Sul para a Regi\u00e3o de Lajeado, nos termos do Decreto Estadual n\u00ba 55.610, de 30 de novembro de 2020. As medidas ter\u00e3o vig\u00eancia da zero hora do dia 1\u00ba de dezembro \u00e0s 24 horas do dia 7 de dezembro.<\/p>\n\n\n\n<p>Com o agravemento do cen\u00e1rio do coronav\u00edrus no Rio Grande do Sul, o Governo do Estado imp\u00f4s a suspens\u00e3o da cogest\u00e3o e medidas mais restrititivas nas regi\u00f5es com bandeira vermelha. Teut\u00f4nia, por ora, n\u00e3o precisar\u00e1 adotar estes protocolos mais restritivos nesta semana, em virtude da regra 0-0. os protocolos podem ser conferidos em&nbsp;<a href=\"http:\/\/www.distanciamentocontrolado.rs.gov.br\/\" target=\"_blank\" rel=\"noreferrer noopener\">www.distanciamentocontrolado.rs.gov.br<\/a>.<\/p>\n\n\n\n<p>O Estado ainda decretou a suspens\u00e3o ou restri\u00e7\u00f5es \u00e0 realiza\u00e7\u00e3o de eventos. Tendo em vista a programa\u00e7\u00e3o Um Sonho de Natal de Teut\u00f4nia, a comiss\u00e3o organizadora deve se reunir at\u00e9 esta quinta-feira, dia 3 de dezembro, para definir se ela segue no modelo h\u00edbrido (presencial e online), por ser em local aberto, ou se ser\u00e1 totalmente online, mantendo as atra\u00e7\u00f5es previstas.<\/p>\n\n\n\n<p>O prefeito de Teut\u00f4nia, Jonatan Br\u00f6nstrup, refor\u00e7a que \u00e9 preciso seguir todos os cuidados para frear a propaga\u00e7\u00e3o no novo coronav\u00edrus. \u201cSabemos que todos desejam voltar \u00e0 normalidade o quanto antes. Mas, para isso ser poss\u00edvel, n\u00e3o podemos relaxar nos cuidados. Se todos fizerem a sua parte, vamos preservar vidas e, assim, se encaminhar para retomada da normalidade\u201d, afirma.<\/p>\n\n\n\n<p>O Comit\u00ea Municipal de Aten\u00e7\u00e3o e Enfrentamento ao novo Coronav\u00edrus lan\u00e7ou recentemente a campanha dos 3Ms contra Covid-19, ou seja tr\u00eas cuidados essenciais que devem estar presentes no dia a dia para diminuir as chances de cont\u00e1gio do novo coronav\u00edrus. Os 3Ms consistem em M\u00e1scara, M\u00e3os higienizadas e Manter distanciamento.<\/p>\n","protected":false},"excerpt":{"rendered":"<p>O Vale do Taquari foi enquadrado na Bandeira Vermelha pelo modelo de distanciamento controlado. No entanto, como Teut\u00f4nia n\u00e3o registrou \u00f3bitos interna\u00e7\u00f5es e \u00f3bitos associados a Covid-19 14 dias antes at\u00e9 a data da defini\u00e7\u00e3o das bandeiras, o munic\u00edpio se enquadra na regra 0-0, permitindo adotar os protocolos da Bandeira Laranja. No entanto, \u00e9 fundamental [&hellip;]<\/p>\n","protected":false},"author":8,"featured_media":76384,"comment_status":"open","ping_status":"open","sticky":false,"template":"","format":"standard","meta":{"pmpro_default_level":"","_jetpack_memberships_contains_paid_content":false,"footnotes":""},"categories":[2,3],"tags":[6161,5707,26],"class_list":{"0":"post-76383","1":"post","2":"type-post","3":"status-publish","4":"format-standard","5":"has-post-thumbnail","7":"category-featured","8":"category-geral","9":"tag-bandeira-laranja","10":"tag-covid-19","11":"tag-teutonia","12":"pmpro-has-access"},"yoast_head":"<!-- This site is optimized with the Yoast SEO plugin v27.5 - https:\/\/yoast.com\/product\/yoast-seo-wordpress\/ -->\n<title>Apesar da Bandeira Vermelha no Vale, Teut\u00f4nia pode adotar protocolos da Bandeira Laranja - Folha Popular<\/title>\n<meta name=\"robots\" content=\"index, follow, max-snippet:-1, max-image-preview:large, max-video-preview:-1\" \/>\n<link rel=\"canonical\" href=\"https:\/\/folhapopular.info\/index.php\/2020\/12\/02\/apesar-da-bandeira-vermelha-no-vale-teutonia-pode-adotar-protocolos-da-bandeira-laranja\/\" \/>\n<meta property=\"og:locale\" content=\"pt_BR\" \/>\n<meta property=\"og:type\" content=\"article\" \/>\n<meta property=\"og:title\" content=\"Apesar da Bandeira Vermelha no Vale, Teut\u00f4nia pode adotar protocolos da Bandeira Laranja - Folha Popular\" \/>\n<meta property=\"og:description\" content=\"O Vale do Taquari foi enquadrado na Bandeira Vermelha pelo modelo de distanciamento controlado. No entanto, como Teut\u00f4nia n\u00e3o registrou \u00f3bitos interna\u00e7\u00f5es e \u00f3bitos associados a Covid-19 14 dias antes at\u00e9 a data da defini\u00e7\u00e3o das bandeiras, o munic\u00edpio se enquadra na regra 0-0, permitindo adotar os protocolos da Bandeira Laranja. No entanto, \u00e9 fundamental [&hellip;]\" \/>\n<meta property=\"og:url\" content=\"https:\/\/folhapopular.info\/index.php\/2020\/12\/02\/apesar-da-bandeira-vermelha-no-vale-teutonia-pode-adotar-protocolos-da-bandeira-laranja\/\" \/>\n<meta property=\"og:site_name\" content=\"Folha Popular\" \/>\n<meta property=\"article:published_time\" content=\"2020-12-02T13:20:40+00:00\" \/>\n<meta property=\"article:modified_time\" content=\"2020-12-02T13:20:43+00:00\" \/>\n<meta property=\"og:image\" content=\"https:\/\/folhapopular.info\/wp-content\/uploads\/2020\/12\/Mascara-faz-parte-dos-3Ms-contra-Covid-19-scaled-e1606915060467.jpg\" \/>\n\t<meta property=\"og:image:width\" content=\"800\" \/>\n\t<meta property=\"og:image:height\" content=\"533\" \/>\n\t<meta property=\"og:image:type\" content=\"image\/jpeg\" \/>\n<meta name=\"author\" content=\"Reda\u00e7\u00e3o Folha Popular\" \/>\n<meta name=\"twitter:card\" content=\"summary_large_image\" \/>\n<meta name=\"twitter:label1\" content=\"Escrito por\" \/>\n\t<meta name=\"twitter:data1\" content=\"Reda\u00e7\u00e3o Folha Popular\" \/>\n\t<meta name=\"twitter:label2\" content=\"Est. tempo de leitura\" \/>\n\t<meta name=\"twitter:data2\" content=\"2 minutos\" \/>\n<script type=\"application\/ld+json\" class=\"yoast-schema-graph\">{\"@context\":\"https:\\\/\\\/schema.org\",\"@graph\":[{\"@type\":\"Article\",\"@id\":\"https:\\\/\\\/folhapopular.info\\\/index.php\\\/2020\\\/12\\\/02\\\/apesar-da-bandeira-vermelha-no-vale-teutonia-pode-adotar-protocolos-da-bandeira-laranja\\\/#article\",\"isPartOf\":{\"@id\":\"https:\\\/\\\/folhapopular.info\\\/index.php\\\/2020\\\/12\\\/02\\\/apesar-da-bandeira-vermelha-no-vale-teutonia-pode-adotar-protocolos-da-bandeira-laranja\\\/\"},\"author\":{\"name\":\"Reda\u00e7\u00e3o Folha Popular\",\"@id\":\"https:\\\/\\\/folhapopular.info\\\/#\\\/schema\\\/person\\\/2814e8a0df7643585a9ca38bc6eb9d4b\"},\"headline\":\"Apesar da Bandeira Vermelha no Vale, Teut\u00f4nia pode adotar protocolos da Bandeira Laranja\",\"datePublished\":\"2020-12-02T13:20:40+00:00\",\"dateModified\":\"2020-12-02T13:20:43+00:00\",\"mainEntityOfPage\":{\"@id\":\"https:\\\/\\\/folhapopular.info\\\/index.php\\\/2020\\\/12\\\/02\\\/apesar-da-bandeira-vermelha-no-vale-teutonia-pode-adotar-protocolos-da-bandeira-laranja\\\/\"},\"wordCount\":417,\"commentCount\":0,\"image\":{\"@id\":\"https:\\\/\\\/folhapopular.info\\\/index.php\\\/2020\\\/12\\\/02\\\/apesar-da-bandeira-vermelha-no-vale-teutonia-pode-adotar-protocolos-da-bandeira-laranja\\\/#primaryimage\"},\"thumbnailUrl\":\"https:\\\/\\\/folhapopular.info\\\/wp-content\\\/uploads\\\/2020\\\/12\\\/Mascara-faz-parte-dos-3Ms-contra-Covid-19-scaled-e1606915060467.jpg\",\"keywords\":[\"Bandeira Laranja\",\"Covid-19\",\"Teut\u00f4nia\"],\"articleSection\":[\"Destaques\",\"Geral\"],\"inLanguage\":\"pt-BR\",\"potentialAction\":[{\"@type\":\"CommentAction\",\"name\":\"Comment\",\"target\":[\"https:\\\/\\\/folhapopular.info\\\/index.php\\\/2020\\\/12\\\/02\\\/apesar-da-bandeira-vermelha-no-vale-teutonia-pode-adotar-protocolos-da-bandeira-laranja\\\/#respond\"]}]},{\"@type\":\"WebPage\",\"@id\":\"https:\\\/\\\/folhapopular.info\\\/index.php\\\/2020\\\/12\\\/02\\\/apesar-da-bandeira-vermelha-no-vale-teutonia-pode-adotar-protocolos-da-bandeira-laranja\\\/\",\"url\":\"https:\\\/\\\/folhapopular.info\\\/index.php\\\/2020\\\/12\\\/02\\\/apesar-da-bandeira-vermelha-no-vale-teutonia-pode-adotar-protocolos-da-bandeira-laranja\\\/\",\"name\":\"Apesar da Bandeira Vermelha no Vale, Teut\u00f4nia pode adotar protocolos da Bandeira Laranja - Folha Popular\",\"isPartOf\":{\"@id\":\"https:\\\/\\\/folhapopular.info\\\/#website\"},\"primaryImageOfPage\":{\"@id\":\"https:\\\/\\\/folhapopular.info\\\/index.php\\\/2020\\\/12\\\/02\\\/apesar-da-bandeira-vermelha-no-vale-teutonia-pode-adotar-protocolos-da-bandeira-laranja\\\/#primaryimage\"},\"image\":{\"@id\":\"https:\\\/\\\/folhapopular.info\\\/index.php\\\/2020\\\/12\\\/02\\\/apesar-da-bandeira-vermelha-no-vale-teutonia-pode-adotar-protocolos-da-bandeira-laranja\\\/#primaryimage\"},\"thumbnailUrl\":\"https:\\\/\\\/folhapopular.info\\\/wp-content\\\/uploads\\\/2020\\\/12\\\/Mascara-faz-parte-dos-3Ms-contra-Covid-19-scaled-e1606915060467.jpg\",\"datePublished\":\"2020-12-02T13:20:40+00:00\",\"dateModified\":\"2020-12-02T13:20:43+00:00\",\"author\":{\"@id\":\"https:\\\/\\\/folhapopular.info\\\/#\\\/schema\\\/person\\\/2814e8a0df7643585a9ca38bc6eb9d4b\"},\"breadcrumb\":{\"@id\":\"https:\\\/\\\/folhapopular.info\\\/index.php\\\/2020\\\/12\\\/02\\\/apesar-da-bandeira-vermelha-no-vale-teutonia-pode-adotar-protocolos-da-bandeira-laranja\\\/#breadcrumb\"},\"inLanguage\":\"pt-BR\",\"potentialAction\":[{\"@type\":\"ReadAction\",\"target\":[\"https:\\\/\\\/folhapopular.info\\\/index.php\\\/2020\\\/12\\\/02\\\/apesar-da-bandeira-vermelha-no-vale-teutonia-pode-adotar-protocolos-da-bandeira-laranja\\\/\"]}]},{\"@type\":\"ImageObject\",\"inLanguage\":\"pt-BR\",\"@id\":\"https:\\\/\\\/folhapopular.info\\\/index.php\\\/2020\\\/12\\\/02\\\/apesar-da-bandeira-vermelha-no-vale-teutonia-pode-adotar-protocolos-da-bandeira-laranja\\\/#primaryimage\",\"url\":\"https:\\\/\\\/folhapopular.info\\\/wp-content\\\/uploads\\\/2020\\\/12\\\/Mascara-faz-parte-dos-3Ms-contra-Covid-19-scaled-e1606915060467.jpg\",\"contentUrl\":\"https:\\\/\\\/folhapopular.info\\\/wp-content\\\/uploads\\\/2020\\\/12\\\/Mascara-faz-parte-dos-3Ms-contra-Covid-19-scaled-e1606915060467.jpg\",\"width\":800,\"height\":533,\"caption\":\"Cr\u00e9dito da foto: \u00c9dson Lu\u00eds Schaeffer \\\/ Arquivo \\\/ Divulga\u00e7\u00e3o\"},{\"@type\":\"BreadcrumbList\",\"@id\":\"https:\\\/\\\/folhapopular.info\\\/index.php\\\/2020\\\/12\\\/02\\\/apesar-da-bandeira-vermelha-no-vale-teutonia-pode-adotar-protocolos-da-bandeira-laranja\\\/#breadcrumb\",\"itemListElement\":[{\"@type\":\"ListItem\",\"position\":1,\"name\":\"In\u00edcio\",\"item\":\"https:\\\/\\\/folhapopular.info\\\/\"},{\"@type\":\"ListItem\",\"position\":2,\"name\":\"Apesar da Bandeira Vermelha no Vale, Teut\u00f4nia pode adotar protocolos da Bandeira Laranja\"}]},{\"@type\":\"WebSite\",\"@id\":\"https:\\\/\\\/folhapopular.info\\\/#website\",\"url\":\"https:\\\/\\\/folhapopular.info\\\/\",\"name\":\"Folha Popular\",\"description\":\"Onde voc\u00ea tem vez e voz\",\"potentialAction\":[{\"@type\":\"SearchAction\",\"target\":{\"@type\":\"EntryPoint\",\"urlTemplate\":\"https:\\\/\\\/folhapopular.info\\\/?s={search_term_string}\"},\"query-input\":{\"@type\":\"PropertyValueSpecification\",\"valueRequired\":true,\"valueName\":\"search_term_string\"}}],\"inLanguage\":\"pt-BR\"},{\"@type\":\"Person\",\"@id\":\"https:\\\/\\\/folhapopular.info\\\/#\\\/schema\\\/person\\\/2814e8a0df7643585a9ca38bc6eb9d4b\",\"name\":\"Reda\u00e7\u00e3o Folha Popular\",\"image\":{\"@type\":\"ImageObject\",\"inLanguage\":\"pt-BR\",\"@id\":\"https:\\\/\\\/folhapopular.info\\\/wp-content\\\/uploads\\\/2026\\\/04\\\/Folha-1.webp\",\"url\":\"https:\\\/\\\/folhapopular.info\\\/wp-content\\\/uploads\\\/2026\\\/04\\\/Folha-1.webp\",\"contentUrl\":\"https:\\\/\\\/folhapopular.info\\\/wp-content\\\/uploads\\\/2026\\\/04\\\/Folha-1.webp\",\"caption\":\"Reda\u00e7\u00e3o Folha Popular\"},\"url\":\"https:\\\/\\\/folhapopular.info\\\/index.php\\\/author\\\/redacao\\\/\"}]}<\/script>\n<!-- \/ Yoast SEO plugin. -->","yoast_head_json":{"title":"Apesar da Bandeira Vermelha no Vale, Teut\u00f4nia pode adotar protocolos da Bandeira Laranja - Folha Popular","robots":{"index":"index","follow":"follow","max-snippet":"max-snippet:-1","max-image-preview":"max-image-preview:large","max-video-preview":"max-video-preview:-1"},"canonical":"https:\/\/folhapopular.info\/index.php\/2020\/12\/02\/apesar-da-bandeira-vermelha-no-vale-teutonia-pode-adotar-protocolos-da-bandeira-laranja\/","og_locale":"pt_BR","og_type":"article","og_title":"Apesar da Bandeira Vermelha no Vale, Teut\u00f4nia pode adotar protocolos da Bandeira Laranja - Folha Popular","og_description":"O Vale do Taquari foi enquadrado na Bandeira Vermelha pelo modelo de distanciamento controlado. No entanto, como Teut\u00f4nia n\u00e3o registrou \u00f3bitos interna\u00e7\u00f5es e \u00f3bitos associados a Covid-19 14 dias antes at\u00e9 a data da defini\u00e7\u00e3o das bandeiras, o munic\u00edpio se enquadra na regra 0-0, permitindo adotar os protocolos da Bandeira Laranja. No entanto, \u00e9 fundamental [&hellip;]","og_url":"https:\/\/folhapopular.info\/index.php\/2020\/12\/02\/apesar-da-bandeira-vermelha-no-vale-teutonia-pode-adotar-protocolos-da-bandeira-laranja\/","og_site_name":"Folha Popular","article_published_time":"2020-12-02T13:20:40+00:00","article_modified_time":"2020-12-02T13:20:43+00:00","og_image":[{"width":800,"height":533,"url":"https:\/\/folhapopular.info\/wp-content\/uploads\/2020\/12\/Mascara-faz-parte-dos-3Ms-contra-Covid-19-scaled-e1606915060467.jpg","type":"image\/jpeg"}],"author":"Reda\u00e7\u00e3o Folha Popular","twitter_card":"summary_large_image","twitter_misc":{"Escrito por":"Reda\u00e7\u00e3o Folha Popular","Est. tempo de leitura":"2 minutos"},"schema":{"@context":"https:\/\/schema.org","@graph":[{"@type":"Article","@id":"https:\/\/folhapopular.info\/index.php\/2020\/12\/02\/apesar-da-bandeira-vermelha-no-vale-teutonia-pode-adotar-protocolos-da-bandeira-laranja\/#article","isPartOf":{"@id":"https:\/\/folhapopular.info\/index.php\/2020\/12\/02\/apesar-da-bandeira-vermelha-no-vale-teutonia-pode-adotar-protocolos-da-bandeira-laranja\/"},"author":{"name":"Reda\u00e7\u00e3o Folha Popular","@id":"https:\/\/folhapopular.info\/#\/schema\/person\/2814e8a0df7643585a9ca38bc6eb9d4b"},"headline":"Apesar da Bandeira Vermelha no Vale, Teut\u00f4nia pode adotar protocolos da Bandeira Laranja","datePublished":"2020-12-02T13:20:40+00:00","dateModified":"2020-12-02T13:20:43+00:00","mainEntityOfPage":{"@id":"https:\/\/folhapopular.info\/index.php\/2020\/12\/02\/apesar-da-bandeira-vermelha-no-vale-teutonia-pode-adotar-protocolos-da-bandeira-laranja\/"},"wordCount":417,"commentCount":0,"image":{"@id":"https:\/\/folhapopular.info\/index.php\/2020\/12\/02\/apesar-da-bandeira-vermelha-no-vale-teutonia-pode-adotar-protocolos-da-bandeira-laranja\/#primaryimage"},"thumbnailUrl":"https:\/\/folhapopular.info\/wp-content\/uploads\/2020\/12\/Mascara-faz-parte-dos-3Ms-contra-Covid-19-scaled-e1606915060467.jpg","keywords":["Bandeira Laranja","Covid-19","Teut\u00f4nia"],"articleSection":["Destaques","Geral"],"inLanguage":"pt-BR","potentialAction":[{"@type":"CommentAction","name":"Comment","target":["https:\/\/folhapopular.info\/index.php\/2020\/12\/02\/apesar-da-bandeira-vermelha-no-vale-teutonia-pode-adotar-protocolos-da-bandeira-laranja\/#respond"]}]},{"@type":"WebPage","@id":"https:\/\/folhapopular.info\/index.php\/2020\/12\/02\/apesar-da-bandeira-vermelha-no-vale-teutonia-pode-adotar-protocolos-da-bandeira-laranja\/","url":"https:\/\/folhapopular.info\/index.php\/2020\/12\/02\/apesar-da-bandeira-vermelha-no-vale-teutonia-pode-adotar-protocolos-da-bandeira-laranja\/","name":"Apesar da Bandeira Vermelha no Vale, Teut\u00f4nia pode adotar protocolos da Bandeira Laranja - Folha Popular","isPartOf":{"@id":"https:\/\/folhapopular.info\/#website"},"primaryImageOfPage":{"@id":"https:\/\/folhapopular.info\/index.php\/2020\/12\/02\/apesar-da-bandeira-vermelha-no-vale-teutonia-pode-adotar-protocolos-da-bandeira-laranja\/#primaryimage"},"image":{"@id":"https:\/\/folhapopular.info\/index.php\/2020\/12\/02\/apesar-da-bandeira-vermelha-no-vale-teutonia-pode-adotar-protocolos-da-bandeira-laranja\/#primaryimage"},"thumbnailUrl":"https:\/\/folhapopular.info\/wp-content\/uploads\/2020\/12\/Mascara-faz-parte-dos-3Ms-contra-Covid-19-scaled-e1606915060467.jpg","datePublished":"2020-12-02T13:20:40+00:00","dateModified":"2020-12-02T13:20:43+00:00","author":{"@id":"https:\/\/folhapopular.info\/#\/schema\/person\/2814e8a0df7643585a9ca38bc6eb9d4b"},"breadcrumb":{"@id":"https:\/\/folhapopular.info\/index.php\/2020\/12\/02\/apesar-da-bandeira-vermelha-no-vale-teutonia-pode-adotar-protocolos-da-bandeira-laranja\/#breadcrumb"},"inLanguage":"pt-BR","potentialAction":[{"@type":"ReadAction","target":["https:\/\/folhapopular.info\/index.php\/2020\/12\/02\/apesar-da-bandeira-vermelha-no-vale-teutonia-pode-adotar-protocolos-da-bandeira-laranja\/"]}]},{"@type":"ImageObject","inLanguage":"pt-BR","@id":"https:\/\/folhapopular.info\/index.php\/2020\/12\/02\/apesar-da-bandeira-vermelha-no-vale-teutonia-pode-adotar-protocolos-da-bandeira-laranja\/#primaryimage","url":"https:\/\/folhapopular.info\/wp-content\/uploads\/2020\/12\/Mascara-faz-parte-dos-3Ms-contra-Covid-19-scaled-e1606915060467.jpg","contentUrl":"https:\/\/folhapopular.info\/wp-content\/uploads\/2020\/12\/Mascara-faz-parte-dos-3Ms-contra-Covid-19-scaled-e1606915060467.jpg","width":800,"height":533,"caption":"Cr\u00e9dito da foto: \u00c9dson Lu\u00eds Schaeffer \/ Arquivo \/ Divulga\u00e7\u00e3o"},{"@type":"BreadcrumbList","@id":"https:\/\/folhapopular.info\/index.php\/2020\/12\/02\/apesar-da-bandeira-vermelha-no-vale-teutonia-pode-adotar-protocolos-da-bandeira-laranja\/#breadcrumb","itemListElement":[{"@type":"ListItem","position":1,"name":"In\u00edcio","item":"https:\/\/folhapopular.info\/"},{"@type":"ListItem","position":2,"name":"Apesar da Bandeira Vermelha no Vale, Teut\u00f4nia pode adotar protocolos da Bandeira Laranja"}]},{"@type":"WebSite","@id":"https:\/\/folhapopular.info\/#website","url":"https:\/\/folhapopular.info\/","name":"Folha Popular","description":"Onde voc\u00ea tem vez e voz","potentialAction":[{"@type":"SearchAction","target":{"@type":"EntryPoint","urlTemplate":"https:\/\/folhapopular.info\/?s={search_term_string}"},"query-input":{"@type":"PropertyValueSpecification","valueRequired":true,"valueName":"search_term_string"}}],"inLanguage":"pt-BR"},{"@type":"Person","@id":"https:\/\/folhapopular.info\/#\/schema\/person\/2814e8a0df7643585a9ca38bc6eb9d4b","name":"Reda\u00e7\u00e3o Folha Popular","image":{"@type":"ImageObject","inLanguage":"pt-BR","@id":"https:\/\/folhapopular.info\/wp-content\/uploads\/2026\/04\/Folha-1.webp","url":"https:\/\/folhapopular.info\/wp-content\/uploads\/2026\/04\/Folha-1.webp","contentUrl":"https:\/\/folhapopular.info\/wp-content\/uploads\/2026\/04\/Folha-1.webp","caption":"Reda\u00e7\u00e3o Folha Popular"},"url":"https:\/\/folhapopular.info\/index.php\/author\/redacao\/"}]}},"jetpack_featured_media_url":"https:\/\/folhapopular.info\/wp-content\/uploads\/2020\/12\/Mascara-faz-parte-dos-3Ms-contra-Covid-19-scaled-e1606915060467.jpg","jetpack_sharing_enabled":true,"amp_enabled":true,"_links":{"self":[{"href":"https:\/\/folhapopular.info\/index.php\/wp-json\/wp\/v2\/posts\/76383","targetHints":{"allow":["GET"]}}],"collection":[{"href":"https:\/\/folhapopular.info\/index.php\/wp-json\/wp\/v2\/posts"}],"about":[{"href":"https:\/\/folhapopular.info\/index.php\/wp-json\/wp\/v2\/types\/post"}],"author":[{"embeddable":true,"href":"https:\/\/folhapopular.info\/index.php\/wp-json\/wp\/v2\/users\/8"}],"replies":[{"embeddable":true,"href":"https:\/\/folhapopular.info\/index.php\/wp-json\/wp\/v2\/comments?post=76383"}],"version-history":[{"count":0,"href":"https:\/\/folhapopular.info\/index.php\/wp-json\/wp\/v2\/posts\/76383\/revisions"}],"wp:featuredmedia":[{"embeddable":true,"href":"https:\/\/folhapopular.info\/index.php\/wp-json\/wp\/v2\/media\/76384"}],"wp:attachment":[{"href":"https:\/\/folhapopular.info\/index.php\/wp-json\/wp\/v2\/media?parent=76383"}],"wp:term":[{"taxonomy":"category","embeddable":true,"href":"https:\/\/folhapopular.info\/index.php\/wp-json\/wp\/v2\/categories?post=76383"},{"taxonomy":"post_tag","embeddable":true,"href":"https:\/\/folhapopular.info\/index.php\/wp-json\/wp\/v2\/tags?post=76383"}],"curies":[{"name":"wp","href":"https:\/\/api.w.org\/{rel}","templated":true}]}}