{"id":76652,"date":"2020-12-10T14:08:33","date_gmt":"2020-12-10T17:08:33","guid":{"rendered":"https:\/\/folhapopular.info\/?p=76652"},"modified":"2020-12-10T14:08:35","modified_gmt":"2020-12-10T17:08:35","slug":"feminicidios-tem-queda-de-55-no-estado","status":"publish","type":"post","link":"https:\/\/folhapopular.info\/index.php\/2020\/12\/10\/feminicidios-tem-queda-de-55-no-estado\/","title":{"rendered":"Feminic\u00eddios t\u00eam queda de 55% no Estado"},"content":{"rendered":"\n<p>Pelo s\u00e9timo m\u00eas consecutivo, o Rio Grande do Sul teve menos mulheres assassinadas por motivos de g\u00eanero do que em igual per\u00edodo do ano passado. O n\u00famero de feminic\u00eddios em novembro passou de 11, em 2019, para cinco \u2013 queda de 55% e o menor total para o intervalo desde 2013, quando houve duas v\u00edtimas. \u00c9 o que mostram os indicadores criminais divulgados nesta quarta-feira (9\/12) pela Secretaria da Seguran\u00e7a P\u00fablica (SSP).<\/p>\n\n\n\n<p>O resultado aprofunda a retra\u00e7\u00e3o acumulada deste que \u00e9 o mais grave crime de viol\u00eancia contra a mulher. Em 2019, foram 90 feminic\u00eddios nos 11 meses a partir de janeiro. Neste ano, a soma reduziu para 72, baixa de 20%, para o menor total no per\u00edodo desde 2014, que teve 67 assassinatos motivados pelo g\u00eanero das v\u00edtimas.<\/p>\n\n\n\n<figure class=\"wp-block-image size-large\"><img loading=\"lazy\" decoding=\"async\" width=\"800\" height=\"353\" src=\"https:\/\/folhapopular.info\/wp-content\/uploads\/2020\/12\/unnamed-28.jpg\" alt=\"\" class=\"wp-image-76658\" srcset=\"https:\/\/folhapopular.info\/wp-content\/uploads\/2020\/12\/unnamed-28.jpg 800w, https:\/\/folhapopular.info\/wp-content\/uploads\/2020\/12\/unnamed-28-300x132.jpg 300w, https:\/\/folhapopular.info\/wp-content\/uploads\/2020\/12\/unnamed-28-768x339.jpg 768w, https:\/\/folhapopular.info\/wp-content\/uploads\/2020\/12\/unnamed-28-696x307.jpg 696w\" sizes=\"auto, (max-width: 800px) 100vw, 800px\" \/><\/figure>\n\n\n\n<figure class=\"wp-block-image size-large\"><img loading=\"lazy\" decoding=\"async\" width=\"800\" height=\"380\" src=\"https:\/\/folhapopular.info\/wp-content\/uploads\/2020\/12\/unnamed-29.jpg\" alt=\"\" class=\"wp-image-76659\" srcset=\"https:\/\/folhapopular.info\/wp-content\/uploads\/2020\/12\/unnamed-29.jpg 800w, https:\/\/folhapopular.info\/wp-content\/uploads\/2020\/12\/unnamed-29-300x143.jpg 300w, https:\/\/folhapopular.info\/wp-content\/uploads\/2020\/12\/unnamed-29-768x365.jpg 768w, https:\/\/folhapopular.info\/wp-content\/uploads\/2020\/12\/unnamed-29-696x331.jpg 696w\" sizes=\"auto, (max-width: 800px) 100vw, 800px\" \/><\/figure>\n\n\n\n<p>A sequ\u00eancia de redu\u00e7\u00f5es reflete a s\u00e9rie de a\u00e7\u00f5es adotadas ao longo do ano pelos \u00f3rg\u00e3os vinculados \u00e0 SSP, al\u00e9m da mobiliza\u00e7\u00e3o integrada de todas as institui\u00e7\u00f5es que comp\u00f5em a rede de prote\u00e7\u00e3o e fazem parte do\u00a0<a href=\"https:\/\/snw11.maxx.mobi\/link.php?M=623999&amp;N=2647&amp;L=2537&amp;F=H\" target=\"_blank\" rel=\"noreferrer noopener\">Comit\u00ea Interinstitucional de Enfrentamento \u00e0 Viol\u00eancia Contra a Mulher<\/a>. O colegiado re\u00fane os esfor\u00e7os dos tr\u00eas Poderes, nove secretarias de Estado e mais 15 institui\u00e7\u00f5es do poder p\u00fablico e da sociedade civil no planejamento e execu\u00e7\u00e3o de pol\u00edticas voltadas ao respeito e \u00e0 igualdade para as ga\u00fachas.<\/p>\n\n\n\n<figure class=\"wp-block-image size-large is-resized\"><img loading=\"lazy\" decoding=\"async\" src=\"https:\/\/folhapopular.info\/wp-content\/uploads\/2020\/12\/unnamed-27.jpg\" alt=\"\" class=\"wp-image-76656\" width=\"608\" height=\"608\" srcset=\"https:\/\/folhapopular.info\/wp-content\/uploads\/2020\/12\/unnamed-27.jpg 608w, https:\/\/folhapopular.info\/wp-content\/uploads\/2020\/12\/unnamed-27-300x300.jpg 300w, https:\/\/folhapopular.info\/wp-content\/uploads\/2020\/12\/unnamed-27-150x150.jpg 150w, https:\/\/folhapopular.info\/wp-content\/uploads\/2020\/12\/unnamed-27-420x420.jpg 420w\" sizes=\"auto, (max-width: 608px) 100vw, 608px\" \/><figcaption>A marca \u201cEm frente, Mulher\u201d tem perfis no Facebook e no Instagram: @emfrentemulher \/ Cr\u00e9dito da foto: Reprodu\u00e7\u00e3o<\/figcaption><\/figure>\n\n\n\n<p>No \u00faltimo dia 25, na abertura dos 16 Dias de Ativismo pelo Fim da Viol\u00eancia Contra Mulher, o Comit\u00ea deu in\u00edcio a um&nbsp;<a href=\"https:\/\/snw11.maxx.mobi\/link.php?M=623999&amp;N=2647&amp;L=2535&amp;F=H\" target=\"_blank\" rel=\"noreferrer noopener\">mutir\u00e3o de acolhimento itinerante<\/a>. O evento, que est\u00e1 passando por 16 munic\u00edpios do grupo de 23 cidades priorizadas pelo RS Seguro, um a cada dia, leva informa\u00e7\u00f5es sobre a rede de prote\u00e7\u00e3o e canais de den\u00fancia, al\u00e9m da oferta de atendimentos e servi\u00e7os gratuitos.<\/p>\n\n\n\n<p>Tamb\u00e9m dentro das atividades dos 16 Dias de Ativismo, que se estendem at\u00e9 esta quinta-feira (10\/12), Dia Internacional dos Direitos Humanos, o Comit\u00ea Interinstitucional lan\u00e7ou na \u00faltima sexta-feira (4\/12) o nome da campanha integrada de comunica\u00e7\u00e3o para divulgar as a\u00e7\u00f5es do colegiado.\u00a0<a href=\"https:\/\/snw11.maxx.mobi\/link.php?M=623999&amp;N=2647&amp;L=2536&amp;F=H\" target=\"_blank\" rel=\"noreferrer noopener\">A marca \u201cEm frente, Mulher\u201d<\/a>, que se desdobra em perfis no\u00a0<a href=\"https:\/\/snw11.maxx.mobi\/link.php?M=623999&amp;N=2647&amp;L=2513&amp;F=H\" target=\"_blank\" rel=\"noreferrer noopener\">Facebook<\/a>\u00a0e no\u00a0<a href=\"https:\/\/snw11.maxx.mobi\/link.php?M=623999&amp;N=2647&amp;L=2512&amp;F=H\" target=\"_blank\" rel=\"noreferrer noopener\">Instagram<\/a>\u00a0(@emfrentemulher), foi apresentada em live que teve como palestrante principal a ativista Maria da Penha, que d\u00e1 nome \u00e0 principal legisla\u00e7\u00e3o de prote\u00e7\u00e3o ao p\u00fablico feminino no pa\u00eds.<\/p>\n\n\n\n<figure class=\"wp-block-image size-large is-resized\"><img loading=\"lazy\" decoding=\"async\" src=\"https:\/\/folhapopular.info\/wp-content\/uploads\/2020\/12\/unnamed-26.jpg\" alt=\"\" class=\"wp-image-76657\" width=\"608\" height=\"369\" srcset=\"https:\/\/folhapopular.info\/wp-content\/uploads\/2020\/12\/unnamed-26.jpg 608w, https:\/\/folhapopular.info\/wp-content\/uploads\/2020\/12\/unnamed-26-300x182.jpg 300w\" sizes=\"auto, (max-width: 608px) 100vw, 608px\" \/><figcaption>Amplia\u00e7\u00e3o das Patrulhas Maria da Penha<\/figcaption><\/figure>\n\n\n\n<p>Ao longo de 2020, conforme a Divis\u00e3o de Prote\u00e7\u00e3o e Atendimento \u00e0 Mulher (Dipam) da Pol\u00edcia Civil, as 23 Delegacias Especializadas no Atendimento \u00e0 Mulher (DEAMs) do Estado j\u00e1 remeteram cerca de 34 mil procedimentos de viol\u00eancia dom\u00e9stica ao Poder Judici\u00e1rio e efetuaram mais de 500 pris\u00f5es de agressores. Pelas Patrulhas Maria da Penha da Brigada Militar, al\u00e9m da amplia\u00e7\u00e3o em 135% no n\u00famero de munic\u00edpios atendidos \u2013 de 46, no in\u00edcio de 2019, para os atuais 108 \u2013, foram realizadas at\u00e9 o final do m\u00eas passado 39.654 visitas a mulheres amparadas por medidas protetivas de urg\u00eancia (MPUs), resultando em 144 pris\u00f5es de agressores por descumprimento da ordem se manterem afastados.<\/p>\n\n\n\n<p>Al\u00e9m dos feminic\u00eddios, os outros quatro indicadores de viol\u00eancia contra a mulher monitorados pela SSP apresentaram queda em novembro, na compara\u00e7\u00e3o com o mesmo m\u00eas do ano passado. As redu\u00e7\u00f5es foram de 9,5% nas amea\u00e7as, de 11,9% nas les\u00f5es corporais, de 1,3% nos estupros, e de 28,2% nas tentativas de feminic\u00eddio.<\/p>\n\n\n\n<p>Na compara\u00e7\u00e3o das somas de ocorr\u00eancias entre janeiro e novembro deste ano com o anterior, houve retra\u00e7\u00f5es de 11,8% entre as amea\u00e7as, de 9,5% nas les\u00f5es corporais e de 3,1% nas tentativas de feminic\u00eddio. Nos estupros, apesar da queda no 11\u00ba m\u00eas, o acumulado ainda mant\u00e9m alta de 6,3%.<\/p>\n\n\n\n<figure class=\"wp-block-image size-large\"><img loading=\"lazy\" decoding=\"async\" width=\"800\" height=\"438\" src=\"https:\/\/folhapopular.info\/wp-content\/uploads\/2020\/12\/unnamed-24.jpg\" alt=\"\" class=\"wp-image-76654\" srcset=\"https:\/\/folhapopular.info\/wp-content\/uploads\/2020\/12\/unnamed-24.jpg 800w, https:\/\/folhapopular.info\/wp-content\/uploads\/2020\/12\/unnamed-24-300x164.jpg 300w, https:\/\/folhapopular.info\/wp-content\/uploads\/2020\/12\/unnamed-24-768x420.jpg 768w, https:\/\/folhapopular.info\/wp-content\/uploads\/2020\/12\/unnamed-24-696x381.jpg 696w, https:\/\/folhapopular.info\/wp-content\/uploads\/2020\/12\/unnamed-24-767x420.jpg 767w\" sizes=\"auto, (max-width: 800px) 100vw, 800px\" \/><\/figure>\n\n\n\n<figure class=\"wp-block-image size-large\"><img loading=\"lazy\" decoding=\"async\" width=\"800\" height=\"413\" src=\"https:\/\/folhapopular.info\/wp-content\/uploads\/2020\/12\/unnamed-25.jpg\" alt=\"\" class=\"wp-image-76655\" srcset=\"https:\/\/folhapopular.info\/wp-content\/uploads\/2020\/12\/unnamed-25.jpg 800w, https:\/\/folhapopular.info\/wp-content\/uploads\/2020\/12\/unnamed-25-300x155.jpg 300w, https:\/\/folhapopular.info\/wp-content\/uploads\/2020\/12\/unnamed-25-768x396.jpg 768w, https:\/\/folhapopular.info\/wp-content\/uploads\/2020\/12\/unnamed-25-696x359.jpg 696w\" sizes=\"auto, (max-width: 800px) 100vw, 800px\" \/><\/figure>\n\n\n\n<p>As autoridades refor\u00e7am a import\u00e2ncia da conscientiza\u00e7\u00e3o da sociedade em denunciar suspeitas e casos de abuso. O repasse de informa\u00e7\u00f5es pode salvar vidas, na medida em que possibilita a ado\u00e7\u00e3o de medidas preventivas antes que o ciclo de viol\u00eancia se encerre com a morte das v\u00edtimas. Sem sair de casa, \u00e9 poss\u00edvel registrar ocorr\u00eancia por meio da Delegacia Online e encaminhar den\u00fancias pelo Den\u00fancia Digital 181, no site da SSP, e pelo WhatsApp da Pol\u00edcia Civil (51 \u2013 98444.0606). Para emerg\u00eancias, n\u00e3o hesite em ligar para o 190 da Brigada Militar.<\/p>\n\n\n\n<p><strong>Homic\u00eddios no RS voltam a cair em novembro, com retra\u00e7\u00e3o de 12,6%<\/strong><\/p>\n\n\n\n<p>Depois de um m\u00eas fora da curva, com alta provocada pelo acirramento pontual de conflito entre grupos criminosos na Regi\u00e3o Serra, o Rio Grande do Sul voltou a registrar queda nos homic\u00eddios em novembro. Foram 118 v\u00edtimas frente 135 no mesmo m\u00eas do ano passado, redu\u00e7\u00e3o de 12,6% para o menor total no per\u00edodo desde 2006, quando houve 109 assassinatos.<\/p>\n\n\n\n<p>A retomada da tend\u00eancia de queda observada desde o in\u00edcio de 2019 e ao longo de todo este ano reflete a r\u00e1pida resposta das for\u00e7as de seguran\u00e7a com foco territorial, possibilitada pelo planejamento do Programa RS Seguro com o monitoramento mensal realizado pela Gest\u00e3o de Estat\u00edstica em Seguran\u00e7a (GESeg). Ainda na primeira quinzena de outubro, a partir da identifica\u00e7\u00e3o de movimento incomum na curva de ocorr\u00eancias em Caxias do Sul pela GESeg, foram intensificadas as a\u00e7\u00f5es de policiamento e levantamentos de intelig\u00eancia para mapear os envolvidos nas mortes violentas. No dia 14 daquele m\u00eas, houve tiroteio durante a intercepta\u00e7\u00e3o de um conflito entre grupos rivais pelo 4\u00ba Batalh\u00e3o de Pol\u00edcia de Choque (4\u00ba BP Choque) e seis criminosos acabaram mortos. Em 31 de outubro, um bando escondido em uma localidade rural tamb\u00e9m reagiu \u00e0 abordagem do 4\u00ba BP Choque e quatro criminosos morreram.<\/p>\n\n\n\n<p>A partir de 4 de novembro, a Serra recebeu incremento de pelot\u00e3o de choque com 60 policiais militares para intensificar o patrulhamento na regi\u00e3o, especialmente em Caxias do Sul. Tamb\u00e9m integraram o refor\u00e7o um delegado e uma equipe de investigadores do Departamento de Homic\u00eddios e Prote\u00e7\u00e3o \u00e0 Pessoa (DHPP) da Capital, que foram \u00e0 regi\u00e3o com dedica\u00e7\u00e3o exclusiva para agilizar a elucida\u00e7\u00e3o dos assassinatos. A partir dessas a\u00e7\u00f5es, Caxias do Sul encerrou novembro em estabilidade, com quatro homic\u00eddios, mesmo n\u00famero de 2019.<\/p>\n\n\n\n<p>Controlado o cen\u00e1rio pontual da Serra e mantida a tend\u00eancia no quadro geral, o resultado de queda nos homic\u00eddios no RS em novembro contribuiu para ampliar a redu\u00e7\u00e3o na compara\u00e7\u00e3o de acumulados. No ano passado, foram 1.637 v\u00edtimas de assassinato nos 11 meses a partir de janeiro. Neste ano, essa soma caiu 4,3%, para 1.566 \u2013 \u00e9 o menor total para o per\u00edodo desde 2007, quando houve 1.519.<\/p>\n\n\n\n<p>O RS Seguro permanece como principal fator da curva descendente de homic\u00eddios. Sete dos 23 munic\u00edpios priorizados pelo programa encerraram novembro com zero assassinatos: Bento Gon\u00e7alves, Cap\u00e3o da Canoa, Esteio, Gua\u00edba, Novo Hamburgo, Passo Fundo e Rio Grande.\u00a0Entre as 10 maiores queda no acumulado, todas ocorreram em cidades que integram o grupo.<\/p>\n\n\n\n<figure class=\"wp-block-image size-large\"><img loading=\"lazy\" decoding=\"async\" width=\"800\" height=\"316\" src=\"https:\/\/folhapopular.info\/wp-content\/uploads\/2020\/12\/unnamed-23.jpg\" alt=\"\" class=\"wp-image-76653\" srcset=\"https:\/\/folhapopular.info\/wp-content\/uploads\/2020\/12\/unnamed-23.jpg 800w, https:\/\/folhapopular.info\/wp-content\/uploads\/2020\/12\/unnamed-23-300x119.jpg 300w, https:\/\/folhapopular.info\/wp-content\/uploads\/2020\/12\/unnamed-23-768x303.jpg 768w, https:\/\/folhapopular.info\/wp-content\/uploads\/2020\/12\/unnamed-23-696x275.jpg 696w\" sizes=\"auto, (max-width: 800px) 100vw, 800px\" \/><\/figure>\n\n\n\n<p>Porto Alegre lidera o ranking com 42 mortes a menos, numa queda acumulada de 14,9% para o menor total em toda a s\u00e9rie de contabiliza\u00e7\u00e3o individual do munic\u00edpio, a partir de 2010. No m\u00eas, o n\u00famero atual tamb\u00e9m \u00e9 o menor desde o in\u00edcio da contagem. Foram 18 v\u00edtimas, 10% menos que as 20 registradas em novembro do ano passado.<\/p>\n\n\n\n<p>Outro fator que contribuiu para a redu\u00e7\u00e3o dos homic\u00eddios em novembro foi a realiza\u00e7\u00e3o, no dia 9 daquele m\u00eas, da Opera\u00e7\u00e3o Imp\u00e9rio da Lei II, que transferiu nove l\u00edderes de organiza\u00e7\u00f5es criminosas para penitenci\u00e1rias federais fora do RS. Al\u00e9m do efeito imediato de desestabiliza\u00e7\u00e3o no comando das quadrilhas, a a\u00e7\u00e3o tem o efeito pedag\u00f3gico ao assegurar que as for\u00e7as de seguran\u00e7a mant\u00eam monitoramento constante e seguir\u00e3o atuando para neutralizar o poder de influ\u00eancia dessas lideran\u00e7as. Em mar\u00e7o, a primeira edi\u00e7\u00e3o da Imp\u00e9rio da Lei j\u00e1 havia removido para cadeias federais 18 criminosos de alta periculosidade. E o Estado j\u00e1 aguarda autoriza\u00e7\u00e3o da Justi\u00e7a para novas remo\u00e7\u00f5es.&nbsp;<\/p>\n\n\n\n<p><strong>Latroc\u00ednios t\u00eam queda de 37,5% em novembro<\/strong><\/p>\n\n\n\n<p>Ainda nos crimes contra a vida, o RS tamb\u00e9m encerrou novembro com queda nos latroc\u00ednios. Foram oito casos em 2019 e cinco neste ano, uma retra\u00e7\u00e3o de 37,5% para o menor total no m\u00eas desde 2011, quando houve quatro registros.<\/p>\n\n\n\n<p>Em rela\u00e7\u00e3o ao acumulado desde janeiro, o Estado soma 61 roubos com morte, dois casos a mais que no mesmo per\u00edodo do ano passado, mas ainda o segundo menor total de 2009, quando houve 57 latroc\u00ednios nos 11 meses.&nbsp;<\/p>\n\n\n\n<p>Redu\u00e7\u00e3o nos roubos de ve\u00edculo bate recorde pelo terceiro m\u00eas consecutivo<\/p>\n\n\n\n<p>Os crimes contra o patrim\u00f4nio em geral tiveram queda em novembro. O destaque foi o roubo de ve\u00edculos, que pelo terceiro m\u00eas consecutivo bateu o recorde de menor total de ocorr\u00eancias em um m\u00eas desde que a contabiliza\u00e7\u00e3o deste tipo de delito teve in\u00edcio no Estado, em 2002.<\/p>\n\n\n\n<p>Em setembro, pela primeira vez, o n\u00famero n\u00e3o ultrapassou a marca de 500 casos. Em outubro, o total foi ainda menor: 483. Agora, a redu\u00e7\u00e3o rompeu a marca das 400 ocorr\u00eancias, com 370 roubos de ve\u00edculo em novembro, uma queda de 55,5% em rela\u00e7\u00e3o aos 832 registros no mesmo m\u00eas do ano passado. A marca in\u00e9dita coloca em evid\u00eancia o trabalho das for\u00e7as de seguran\u00e7a, independentemente do contexto da pandemia, pois foi alcan\u00e7ada no momento em que o tr\u00e2nsito nas cidades j\u00e1 havia retornado ao n\u00edvel de antes da chegada da Covid-19.<\/p>\n\n\n\n<p>No acumulado, com a baixa expressiva de novembro, a retra\u00e7\u00e3o nos roubos de ve\u00edculo no Estado foi ampliada. Em 2019, houve 10.297 ocorr\u00eancias nos 11 meses a partir de janeiro. Neste ano, a soma caiu 28,3%, para 7.385 casos \u2013 o menor total para o per\u00edodo em toda a s\u00e9rie hist\u00f3rica.<\/p>\n\n\n\n<p>As diminui\u00e7\u00f5es alcan\u00e7adas est\u00e3o diretamente ligadas ao foco territorial empregado pelo RS Seguro, para combater os crimes nos munic\u00edpios em que mais ocorrem. O roubo de ve\u00edculos, ao lado dos crimes violentos letais intencionais (CVLI) e do roubo a pedestre, comp\u00f5e o grupo de indicadores fixos monitorados pela GESeg nos 23 munic\u00edpios priorizados pelo programa.<\/p>\n\n\n\n<p>RS tem apenas uma ocorr\u00eancia envolvendo banco em novembro<\/p>\n\n\n\n<p>Outro destaque entre os crimes contra o patrim\u00f4nio foi a redu\u00e7\u00e3o nos casos envolvendo institui\u00e7\u00f5es banc\u00e1rias no RS. Durante os 30 dias de novembro, em todos os 497 munic\u00edpios do Rio Grande do Sul, foi registrada apenas uma ocorr\u00eancia \u2013 o furto de um ar-condicionado de uma ag\u00eancia banc\u00e1ria em Canoas, no dia 2. Com isso, o total de ataques a banco (soma de furtos e roubos) no Estado caiu 50% na compara\u00e7\u00e3o com o mesmo m\u00eas de 2019, quando houve dois casos. Mais uma vez, o total atual \u00e9 o menor da s\u00e9rie hist\u00f3rica para o intervalo, com dados dispon\u00edveis a partir de 2012.<\/p>\n\n\n\n<p>Na soma de 11 meses a partir de janeiro, a redu\u00e7\u00e3o chega a 56,9%. Foram 102 ataques a banco em 2019 contra 44 neste ano, tamb\u00e9m a menor soma para o per\u00edodo desde o in\u00edcio da contabiliza\u00e7\u00e3o.<\/p>\n\n\n\n<p>A Opera\u00e7\u00e3o Angico da Brigada Militar \u00e9 umas das estrat\u00e9gias que t\u00eam permitido antecipar o movimento de quadrilhas especializadas em ataques a banco, frustrando planos dos criminosos com t\u00e1ticas de pronta-resposta e cerco policial. A metodologia da Angico est\u00e1 focada em tr\u00eas pilares:&nbsp; fiscaliza\u00e7\u00e3o ativa para evitar desvios, furtos e roubos de explosivos; mobiliza\u00e7\u00f5es focadas em pris\u00f5es de assaltantes e utiliza\u00e7\u00e3o de efetivo especializado com suporte da intelig\u00eancia.<\/p>\n\n\n\n<p>Al\u00e9m disso, a Delegacia de Roubos do Departamento Estadual de Investiga\u00e7\u00f5es Criminais (Deic) da Pol\u00edcia Civil mant\u00e9m apura\u00e7\u00f5es permanentes para identifica\u00e7\u00e3o de grupos especializados em delitos contra estabelecimentos banc\u00e1rios, e tem ampliado cada vez mais a troca de informa\u00e7\u00f5es de intelig\u00eancia com a Brigada Militar e outras for\u00e7as de seguran\u00e7a.<\/p>\n\n\n\n<p>Um exemplo da a\u00e7\u00e3o integrada se deu na colabora\u00e7\u00e3o de institui\u00e7\u00f5es ga\u00fachas com a Seguran\u00e7a P\u00fablica de Santa Catarina, ap\u00f3s o assalto a uma unidade regional do Banco do Brasil no munic\u00edpio de Crici\u00fama. Desde o primeiro momento, houve contato ininterrupto entre os \u00f3rg\u00e3os dos dois Estados para articula\u00e7\u00e3o nas buscas e, dois dias depois, equipes da BM, da PC ga\u00facha e da Pol\u00edcia Rodovi\u00e1ria Federal (PRF) atuante no RS conseguiram prender oito suspeitos de envolvimento no roubo.<\/p>\n\n\n\n<p>As tabelas completas est\u00e3o dispon\u00edveis na\u00a0<a href=\"https:\/\/snw11.maxx.mobi\/link.php?M=623999&amp;N=2647&amp;L=351&amp;F=H\" target=\"_blank\" rel=\"noreferrer noopener\">p\u00e1gina de estat\u00edsticas no site da SSP (clique aqui)<\/a>. Para facilitar as compara\u00e7\u00f5es pelos cidad\u00e3os e pela imprensa, a partir deste m\u00eas tanto a tabela de 2020 quanto a de 2019 ser\u00e3o atualizadas todos os meses. A medida \u00e9 um esfor\u00e7o de trabalho do Observat\u00f3rio Estadual da Seguran\u00e7a P\u00fablica em ampliar a transpar\u00eancia ativa dos dados.<\/p>\n","protected":false},"excerpt":{"rendered":"<p>Pelo s\u00e9timo m\u00eas consecutivo, o Rio Grande do Sul teve menos mulheres assassinadas por motivos de g\u00eanero do que em igual per\u00edodo do ano passado. O n\u00famero de feminic\u00eddios em novembro passou de 11, em 2019, para cinco \u2013 queda de 55% e o menor total para o intervalo desde 2013, quando houve duas v\u00edtimas. [&hellip;]<\/p>\n","protected":false},"author":8,"featured_media":76660,"comment_status":"open","ping_status":"open","sticky":false,"template":"","format":"standard","meta":{"pmpro_default_level":"","_jetpack_memberships_contains_paid_content":false,"footnotes":""},"categories":[2,3],"tags":[1988,1794],"class_list":{"0":"post-76652","1":"post","2":"type-post","3":"status-publish","4":"format-standard","5":"has-post-thumbnail","7":"category-featured","8":"category-geral","9":"tag-feminicidio","10":"tag-rio-grande-do-sul","11":"pmpro-has-access"},"yoast_head":"<!-- This site is optimized with the Yoast SEO plugin v27.5 - https:\/\/yoast.com\/product\/yoast-seo-wordpress\/ -->\n<title>Feminic\u00eddios t\u00eam queda de 55% no Estado - Folha Popular<\/title>\n<meta name=\"robots\" content=\"index, follow, max-snippet:-1, max-image-preview:large, max-video-preview:-1\" \/>\n<link rel=\"canonical\" href=\"https:\/\/folhapopular.info\/index.php\/2020\/12\/10\/feminicidios-tem-queda-de-55-no-estado\/\" \/>\n<meta property=\"og:locale\" content=\"pt_BR\" \/>\n<meta property=\"og:type\" content=\"article\" \/>\n<meta property=\"og:title\" content=\"Feminic\u00eddios t\u00eam queda de 55% no Estado - Folha Popular\" \/>\n<meta property=\"og:description\" content=\"Pelo s\u00e9timo m\u00eas consecutivo, o Rio Grande do Sul teve menos mulheres assassinadas por motivos de g\u00eanero do que em igual per\u00edodo do ano passado. O n\u00famero de feminic\u00eddios em novembro passou de 11, em 2019, para cinco \u2013 queda de 55% e o menor total para o intervalo desde 2013, quando houve duas v\u00edtimas. [&hellip;]\" \/>\n<meta property=\"og:url\" content=\"https:\/\/folhapopular.info\/index.php\/2020\/12\/10\/feminicidios-tem-queda-de-55-no-estado\/\" \/>\n<meta property=\"og:site_name\" content=\"Folha Popular\" \/>\n<meta property=\"article:published_time\" content=\"2020-12-10T17:08:33+00:00\" \/>\n<meta property=\"article:modified_time\" content=\"2020-12-10T17:08:35+00:00\" \/>\n<meta property=\"og:image\" content=\"https:\/\/folhapopular.info\/wp-content\/uploads\/2020\/12\/unnamed-22.jpg\" \/>\n\t<meta property=\"og:image:width\" content=\"800\" \/>\n\t<meta property=\"og:image:height\" content=\"533\" \/>\n\t<meta property=\"og:image:type\" content=\"image\/jpeg\" \/>\n<meta name=\"author\" content=\"Reda\u00e7\u00e3o Folha Popular\" \/>\n<meta name=\"twitter:card\" content=\"summary_large_image\" \/>\n<meta name=\"twitter:label1\" content=\"Escrito por\" \/>\n\t<meta name=\"twitter:data1\" content=\"Reda\u00e7\u00e3o Folha Popular\" \/>\n\t<meta name=\"twitter:label2\" content=\"Est. tempo de leitura\" \/>\n\t<meta name=\"twitter:data2\" content=\"11 minutos\" \/>\n<script type=\"application\/ld+json\" class=\"yoast-schema-graph\">{\"@context\":\"https:\\\/\\\/schema.org\",\"@graph\":[{\"@type\":\"Article\",\"@id\":\"https:\\\/\\\/folhapopular.info\\\/index.php\\\/2020\\\/12\\\/10\\\/feminicidios-tem-queda-de-55-no-estado\\\/#article\",\"isPartOf\":{\"@id\":\"https:\\\/\\\/folhapopular.info\\\/index.php\\\/2020\\\/12\\\/10\\\/feminicidios-tem-queda-de-55-no-estado\\\/\"},\"author\":{\"name\":\"Reda\u00e7\u00e3o Folha Popular\",\"@id\":\"https:\\\/\\\/folhapopular.info\\\/#\\\/schema\\\/person\\\/2814e8a0df7643585a9ca38bc6eb9d4b\"},\"headline\":\"Feminic\u00eddios t\u00eam queda de 55% no Estado\",\"datePublished\":\"2020-12-10T17:08:33+00:00\",\"dateModified\":\"2020-12-10T17:08:35+00:00\",\"mainEntityOfPage\":{\"@id\":\"https:\\\/\\\/folhapopular.info\\\/index.php\\\/2020\\\/12\\\/10\\\/feminicidios-tem-queda-de-55-no-estado\\\/\"},\"wordCount\":2202,\"commentCount\":0,\"image\":{\"@id\":\"https:\\\/\\\/folhapopular.info\\\/index.php\\\/2020\\\/12\\\/10\\\/feminicidios-tem-queda-de-55-no-estado\\\/#primaryimage\"},\"thumbnailUrl\":\"https:\\\/\\\/folhapopular.info\\\/wp-content\\\/uploads\\\/2020\\\/12\\\/unnamed-22.jpg\",\"keywords\":[\"Feminic\u00eddio\",\"Rio Grande do Sul\"],\"articleSection\":[\"Destaques\",\"Geral\"],\"inLanguage\":\"pt-BR\",\"potentialAction\":[{\"@type\":\"CommentAction\",\"name\":\"Comment\",\"target\":[\"https:\\\/\\\/folhapopular.info\\\/index.php\\\/2020\\\/12\\\/10\\\/feminicidios-tem-queda-de-55-no-estado\\\/#respond\"]}]},{\"@type\":\"WebPage\",\"@id\":\"https:\\\/\\\/folhapopular.info\\\/index.php\\\/2020\\\/12\\\/10\\\/feminicidios-tem-queda-de-55-no-estado\\\/\",\"url\":\"https:\\\/\\\/folhapopular.info\\\/index.php\\\/2020\\\/12\\\/10\\\/feminicidios-tem-queda-de-55-no-estado\\\/\",\"name\":\"Feminic\u00eddios t\u00eam queda de 55% no Estado - Folha Popular\",\"isPartOf\":{\"@id\":\"https:\\\/\\\/folhapopular.info\\\/#website\"},\"primaryImageOfPage\":{\"@id\":\"https:\\\/\\\/folhapopular.info\\\/index.php\\\/2020\\\/12\\\/10\\\/feminicidios-tem-queda-de-55-no-estado\\\/#primaryimage\"},\"image\":{\"@id\":\"https:\\\/\\\/folhapopular.info\\\/index.php\\\/2020\\\/12\\\/10\\\/feminicidios-tem-queda-de-55-no-estado\\\/#primaryimage\"},\"thumbnailUrl\":\"https:\\\/\\\/folhapopular.info\\\/wp-content\\\/uploads\\\/2020\\\/12\\\/unnamed-22.jpg\",\"datePublished\":\"2020-12-10T17:08:33+00:00\",\"dateModified\":\"2020-12-10T17:08:35+00:00\",\"author\":{\"@id\":\"https:\\\/\\\/folhapopular.info\\\/#\\\/schema\\\/person\\\/2814e8a0df7643585a9ca38bc6eb9d4b\"},\"breadcrumb\":{\"@id\":\"https:\\\/\\\/folhapopular.info\\\/index.php\\\/2020\\\/12\\\/10\\\/feminicidios-tem-queda-de-55-no-estado\\\/#breadcrumb\"},\"inLanguage\":\"pt-BR\",\"potentialAction\":[{\"@type\":\"ReadAction\",\"target\":[\"https:\\\/\\\/folhapopular.info\\\/index.php\\\/2020\\\/12\\\/10\\\/feminicidios-tem-queda-de-55-no-estado\\\/\"]}]},{\"@type\":\"ImageObject\",\"inLanguage\":\"pt-BR\",\"@id\":\"https:\\\/\\\/folhapopular.info\\\/index.php\\\/2020\\\/12\\\/10\\\/feminicidios-tem-queda-de-55-no-estado\\\/#primaryimage\",\"url\":\"https:\\\/\\\/folhapopular.info\\\/wp-content\\\/uploads\\\/2020\\\/12\\\/unnamed-22.jpg\",\"contentUrl\":\"https:\\\/\\\/folhapopular.info\\\/wp-content\\\/uploads\\\/2020\\\/12\\\/unnamed-22.jpg\",\"width\":800,\"height\":533,\"caption\":\"Mutir\u00e3o itinerante de acolhimento teve in\u00edcio por Porto Alegre, no \u00faltimo dia 25, com oferta de atendimento e servi\u00e7os gratuitos \\\/ Cr\u00e9dito da foto: Itamar Aguiar \\\/ Pal\u00e1cio Piratini\"},{\"@type\":\"BreadcrumbList\",\"@id\":\"https:\\\/\\\/folhapopular.info\\\/index.php\\\/2020\\\/12\\\/10\\\/feminicidios-tem-queda-de-55-no-estado\\\/#breadcrumb\",\"itemListElement\":[{\"@type\":\"ListItem\",\"position\":1,\"name\":\"In\u00edcio\",\"item\":\"https:\\\/\\\/folhapopular.info\\\/\"},{\"@type\":\"ListItem\",\"position\":2,\"name\":\"Feminic\u00eddios t\u00eam queda de 55% no Estado\"}]},{\"@type\":\"WebSite\",\"@id\":\"https:\\\/\\\/folhapopular.info\\\/#website\",\"url\":\"https:\\\/\\\/folhapopular.info\\\/\",\"name\":\"Folha Popular\",\"description\":\"Onde voc\u00ea tem vez e voz\",\"potentialAction\":[{\"@type\":\"SearchAction\",\"target\":{\"@type\":\"EntryPoint\",\"urlTemplate\":\"https:\\\/\\\/folhapopular.info\\\/?s={search_term_string}\"},\"query-input\":{\"@type\":\"PropertyValueSpecification\",\"valueRequired\":true,\"valueName\":\"search_term_string\"}}],\"inLanguage\":\"pt-BR\"},{\"@type\":\"Person\",\"@id\":\"https:\\\/\\\/folhapopular.info\\\/#\\\/schema\\\/person\\\/2814e8a0df7643585a9ca38bc6eb9d4b\",\"name\":\"Reda\u00e7\u00e3o Folha Popular\",\"image\":{\"@type\":\"ImageObject\",\"inLanguage\":\"pt-BR\",\"@id\":\"https:\\\/\\\/folhapopular.info\\\/wp-content\\\/uploads\\\/2026\\\/04\\\/Folha-1.webp\",\"url\":\"https:\\\/\\\/folhapopular.info\\\/wp-content\\\/uploads\\\/2026\\\/04\\\/Folha-1.webp\",\"contentUrl\":\"https:\\\/\\\/folhapopular.info\\\/wp-content\\\/uploads\\\/2026\\\/04\\\/Folha-1.webp\",\"caption\":\"Reda\u00e7\u00e3o Folha Popular\"},\"url\":\"https:\\\/\\\/folhapopular.info\\\/index.php\\\/author\\\/redacao\\\/\"}]}<\/script>\n<!-- \/ Yoast SEO plugin. -->","yoast_head_json":{"title":"Feminic\u00eddios t\u00eam queda de 55% no Estado - Folha Popular","robots":{"index":"index","follow":"follow","max-snippet":"max-snippet:-1","max-image-preview":"max-image-preview:large","max-video-preview":"max-video-preview:-1"},"canonical":"https:\/\/folhapopular.info\/index.php\/2020\/12\/10\/feminicidios-tem-queda-de-55-no-estado\/","og_locale":"pt_BR","og_type":"article","og_title":"Feminic\u00eddios t\u00eam queda de 55% no Estado - Folha Popular","og_description":"Pelo s\u00e9timo m\u00eas consecutivo, o Rio Grande do Sul teve menos mulheres assassinadas por motivos de g\u00eanero do que em igual per\u00edodo do ano passado. O n\u00famero de feminic\u00eddios em novembro passou de 11, em 2019, para cinco \u2013 queda de 55% e o menor total para o intervalo desde 2013, quando houve duas v\u00edtimas. [&hellip;]","og_url":"https:\/\/folhapopular.info\/index.php\/2020\/12\/10\/feminicidios-tem-queda-de-55-no-estado\/","og_site_name":"Folha Popular","article_published_time":"2020-12-10T17:08:33+00:00","article_modified_time":"2020-12-10T17:08:35+00:00","og_image":[{"width":800,"height":533,"url":"https:\/\/folhapopular.info\/wp-content\/uploads\/2020\/12\/unnamed-22.jpg","type":"image\/jpeg"}],"author":"Reda\u00e7\u00e3o Folha Popular","twitter_card":"summary_large_image","twitter_misc":{"Escrito por":"Reda\u00e7\u00e3o Folha Popular","Est. tempo de leitura":"11 minutos"},"schema":{"@context":"https:\/\/schema.org","@graph":[{"@type":"Article","@id":"https:\/\/folhapopular.info\/index.php\/2020\/12\/10\/feminicidios-tem-queda-de-55-no-estado\/#article","isPartOf":{"@id":"https:\/\/folhapopular.info\/index.php\/2020\/12\/10\/feminicidios-tem-queda-de-55-no-estado\/"},"author":{"name":"Reda\u00e7\u00e3o Folha Popular","@id":"https:\/\/folhapopular.info\/#\/schema\/person\/2814e8a0df7643585a9ca38bc6eb9d4b"},"headline":"Feminic\u00eddios t\u00eam queda de 55% no Estado","datePublished":"2020-12-10T17:08:33+00:00","dateModified":"2020-12-10T17:08:35+00:00","mainEntityOfPage":{"@id":"https:\/\/folhapopular.info\/index.php\/2020\/12\/10\/feminicidios-tem-queda-de-55-no-estado\/"},"wordCount":2202,"commentCount":0,"image":{"@id":"https:\/\/folhapopular.info\/index.php\/2020\/12\/10\/feminicidios-tem-queda-de-55-no-estado\/#primaryimage"},"thumbnailUrl":"https:\/\/folhapopular.info\/wp-content\/uploads\/2020\/12\/unnamed-22.jpg","keywords":["Feminic\u00eddio","Rio Grande do Sul"],"articleSection":["Destaques","Geral"],"inLanguage":"pt-BR","potentialAction":[{"@type":"CommentAction","name":"Comment","target":["https:\/\/folhapopular.info\/index.php\/2020\/12\/10\/feminicidios-tem-queda-de-55-no-estado\/#respond"]}]},{"@type":"WebPage","@id":"https:\/\/folhapopular.info\/index.php\/2020\/12\/10\/feminicidios-tem-queda-de-55-no-estado\/","url":"https:\/\/folhapopular.info\/index.php\/2020\/12\/10\/feminicidios-tem-queda-de-55-no-estado\/","name":"Feminic\u00eddios t\u00eam queda de 55% no Estado - Folha Popular","isPartOf":{"@id":"https:\/\/folhapopular.info\/#website"},"primaryImageOfPage":{"@id":"https:\/\/folhapopular.info\/index.php\/2020\/12\/10\/feminicidios-tem-queda-de-55-no-estado\/#primaryimage"},"image":{"@id":"https:\/\/folhapopular.info\/index.php\/2020\/12\/10\/feminicidios-tem-queda-de-55-no-estado\/#primaryimage"},"thumbnailUrl":"https:\/\/folhapopular.info\/wp-content\/uploads\/2020\/12\/unnamed-22.jpg","datePublished":"2020-12-10T17:08:33+00:00","dateModified":"2020-12-10T17:08:35+00:00","author":{"@id":"https:\/\/folhapopular.info\/#\/schema\/person\/2814e8a0df7643585a9ca38bc6eb9d4b"},"breadcrumb":{"@id":"https:\/\/folhapopular.info\/index.php\/2020\/12\/10\/feminicidios-tem-queda-de-55-no-estado\/#breadcrumb"},"inLanguage":"pt-BR","potentialAction":[{"@type":"ReadAction","target":["https:\/\/folhapopular.info\/index.php\/2020\/12\/10\/feminicidios-tem-queda-de-55-no-estado\/"]}]},{"@type":"ImageObject","inLanguage":"pt-BR","@id":"https:\/\/folhapopular.info\/index.php\/2020\/12\/10\/feminicidios-tem-queda-de-55-no-estado\/#primaryimage","url":"https:\/\/folhapopular.info\/wp-content\/uploads\/2020\/12\/unnamed-22.jpg","contentUrl":"https:\/\/folhapopular.info\/wp-content\/uploads\/2020\/12\/unnamed-22.jpg","width":800,"height":533,"caption":"Mutir\u00e3o itinerante de acolhimento teve in\u00edcio por Porto Alegre, no \u00faltimo dia 25, com oferta de atendimento e servi\u00e7os gratuitos \/ Cr\u00e9dito da foto: Itamar Aguiar \/ Pal\u00e1cio Piratini"},{"@type":"BreadcrumbList","@id":"https:\/\/folhapopular.info\/index.php\/2020\/12\/10\/feminicidios-tem-queda-de-55-no-estado\/#breadcrumb","itemListElement":[{"@type":"ListItem","position":1,"name":"In\u00edcio","item":"https:\/\/folhapopular.info\/"},{"@type":"ListItem","position":2,"name":"Feminic\u00eddios t\u00eam queda de 55% no Estado"}]},{"@type":"WebSite","@id":"https:\/\/folhapopular.info\/#website","url":"https:\/\/folhapopular.info\/","name":"Folha Popular","description":"Onde voc\u00ea tem vez e voz","potentialAction":[{"@type":"SearchAction","target":{"@type":"EntryPoint","urlTemplate":"https:\/\/folhapopular.info\/?s={search_term_string}"},"query-input":{"@type":"PropertyValueSpecification","valueRequired":true,"valueName":"search_term_string"}}],"inLanguage":"pt-BR"},{"@type":"Person","@id":"https:\/\/folhapopular.info\/#\/schema\/person\/2814e8a0df7643585a9ca38bc6eb9d4b","name":"Reda\u00e7\u00e3o Folha Popular","image":{"@type":"ImageObject","inLanguage":"pt-BR","@id":"https:\/\/folhapopular.info\/wp-content\/uploads\/2026\/04\/Folha-1.webp","url":"https:\/\/folhapopular.info\/wp-content\/uploads\/2026\/04\/Folha-1.webp","contentUrl":"https:\/\/folhapopular.info\/wp-content\/uploads\/2026\/04\/Folha-1.webp","caption":"Reda\u00e7\u00e3o Folha Popular"},"url":"https:\/\/folhapopular.info\/index.php\/author\/redacao\/"}]}},"jetpack_featured_media_url":"https:\/\/folhapopular.info\/wp-content\/uploads\/2020\/12\/unnamed-22.jpg","jetpack_sharing_enabled":true,"amp_enabled":true,"_links":{"self":[{"href":"https:\/\/folhapopular.info\/index.php\/wp-json\/wp\/v2\/posts\/76652","targetHints":{"allow":["GET"]}}],"collection":[{"href":"https:\/\/folhapopular.info\/index.php\/wp-json\/wp\/v2\/posts"}],"about":[{"href":"https:\/\/folhapopular.info\/index.php\/wp-json\/wp\/v2\/types\/post"}],"author":[{"embeddable":true,"href":"https:\/\/folhapopular.info\/index.php\/wp-json\/wp\/v2\/users\/8"}],"replies":[{"embeddable":true,"href":"https:\/\/folhapopular.info\/index.php\/wp-json\/wp\/v2\/comments?post=76652"}],"version-history":[{"count":0,"href":"https:\/\/folhapopular.info\/index.php\/wp-json\/wp\/v2\/posts\/76652\/revisions"}],"wp:featuredmedia":[{"embeddable":true,"href":"https:\/\/folhapopular.info\/index.php\/wp-json\/wp\/v2\/media\/76660"}],"wp:attachment":[{"href":"https:\/\/folhapopular.info\/index.php\/wp-json\/wp\/v2\/media?parent=76652"}],"wp:term":[{"taxonomy":"category","embeddable":true,"href":"https:\/\/folhapopular.info\/index.php\/wp-json\/wp\/v2\/categories?post=76652"},{"taxonomy":"post_tag","embeddable":true,"href":"https:\/\/folhapopular.info\/index.php\/wp-json\/wp\/v2\/tags?post=76652"}],"curies":[{"name":"wp","href":"https:\/\/api.w.org\/{rel}","templated":true}]}}