{"id":76928,"date":"2020-12-16T10:23:18","date_gmt":"2020-12-16T13:23:18","guid":{"rendered":"https:\/\/folhapopular.info\/?p=76928"},"modified":"2020-12-16T10:23:21","modified_gmt":"2020-12-16T13:23:21","slug":"corais-municipais-de-teutonia-lancam-cd-na-quinta-feira-17-12","status":"publish","type":"post","link":"https:\/\/folhapopular.info\/index.php\/2020\/12\/16\/corais-municipais-de-teutonia-lancam-cd-na-quinta-feira-17-12\/","title":{"rendered":"Corais municipais de Teut\u00f4nia lan\u00e7am CD na quinta-feira (17\/12)"},"content":{"rendered":"\n<p>Teut\u00f4nia \u00e9 a Capital Nacional do Canto Coral. S\u00e3o mais de 50 corais em atividade no munic\u00edpio, sendo uma heran\u00e7a da coloniza\u00e7\u00e3o alem\u00e3, iniciada em 1858. As hist\u00f3rias centen\u00e1rias de muitos destes grupos convergem com o surgimento e o desenvolvimento das comunidades. Como forma de refor\u00e7ar esta identidade, Teut\u00f4nia conta com tr\u00eas corais municipais, que celebram este legado em um CD que ser\u00e1 lan\u00e7ado nesta quinta-feira, dia 17 de dezembro, por meio de live nas redes sociais.<\/p>\n\n\n\n<p>A transmiss\u00e3o oficial ocorre \u00e0s 20h e ser\u00e1 feita pelo Facebook da Associa\u00e7\u00e3o dos Coros de Teut\u00f4nia (<a href=\"http:\/\/www.facebook.com\/acoteteutonia\/\" target=\"_blank\" rel=\"noreferrer noopener\">www.facebook.com\/acoteteutonia\/<\/a>), tendo como canal secund\u00e1rio o Youtube da R\u00e1dio Popular FM. O lan\u00e7amento do CD integra a programa\u00e7\u00e3o Um Sonho de Natal e contar\u00e1 com pronunciamentos de autoridades e dos maestros Martin Altevogt (regente do Coral Municipal e do Coral Municipal Anos Dourados) e Marlon Gausmann (regente do Coral Municipal Infantojuvenil), que apresentar\u00e3o mais detalhes e falar\u00e3o dos desafios da pandemia dentro do canto coral, bem como v\u00eddeos de apresenta\u00e7\u00e3o dos tr\u00eas coros.<\/p>\n\n\n\n<p>O disco contar\u00e1 com 12 faixas do Coral Municipal (coral adulto), Coral Municipal Anos Dourados (cantores da Melhor Idade) e Coral Municipal Infantojuvenil. No repert\u00f3rio, estar\u00e3o m\u00fasicas ga\u00fachas e popular. Em torno de 1 mil CDs foram produzidos inicialmente. A pr\u00e9-produ\u00e7\u00e3o, grava\u00e7\u00e3o, edi\u00e7\u00e3o, mixagem e masteriza\u00e7\u00e3o do CD, bem como a produ\u00e7\u00e3o de foto e arte da capa e a duplica\u00e7\u00e3o do disco em 1 mil c\u00f3pias, foram feitos pela empresa G. de Souza Educa\u00e7\u00e3o Musical, de Roca Sales. O investimento do Munic\u00edpio foi de R$ 17.500,00.<\/p>\n\n\n\n<p>Devido \u00e0 pandemia do Covi-19, os corais n\u00e3o puderam se encontrar para gravar em grupo para fazer a capta\u00e7\u00e3o de \u00e1udio para o CD. Assim, a grava\u00e7\u00e3o foi feita individualmente, ou seja, cada coralista, mediante agendamento, gravou a sua voz. Desta forma, cada voz precisou ser editada, para ent\u00e3o realizar &nbsp;a sincroniza\u00e7\u00e3o para dar a sonoridade do canto coral.<\/p>\n\n\n\n<p>O CD celebra um per\u00edodo de conquistas para o Movimento Canto Coral de Teut\u00f4nia, com destaque para as leis de cria\u00e7\u00e3o dos tr\u00eas coros municipais e o t\u00edtulo de Capital Nacional de Canto Coral, auferido ao munic\u00edpio por meio da Lei Federal n\u00ba 13.563\/2017. O projeto para tornar Teut\u00f4nia a Capital Nacional do Canto Coral tramitou no Congresso Nacional por cerca de sete anos, sendo sancionado pelo ent\u00e3o presidente Michel Temer no dia 21 de dezembro de 2017.<\/p>\n\n\n\n<p>Durante a pandemia, os tr\u00eas corais municipais se reinventaram. Os ensaios foram mantidos, mas de forma virtual, sendo que ao longo do per\u00edodo sem os encontros presenciais foram produzidos v\u00e1rios mosaicos culturais que viralizaram nas redes sociais.<\/p>\n","protected":false},"excerpt":{"rendered":"<p>Teut\u00f4nia \u00e9 a Capital Nacional do Canto Coral. S\u00e3o mais de 50 corais em atividade no munic\u00edpio, sendo uma heran\u00e7a da coloniza\u00e7\u00e3o alem\u00e3, iniciada em 1858. As hist\u00f3rias centen\u00e1rias de muitos destes grupos convergem com o surgimento e o desenvolvimento das comunidades. Como forma de refor\u00e7ar esta identidade, Teut\u00f4nia conta com tr\u00eas corais municipais, que [&hellip;]<\/p>\n","protected":false},"author":8,"featured_media":76929,"comment_status":"open","ping_status":"open","sticky":false,"template":"","format":"standard","meta":{"pmpro_default_level":"","_jetpack_memberships_contains_paid_content":false,"footnotes":""},"categories":[2,3],"tags":[552,26],"class_list":{"0":"post-76928","1":"post","2":"type-post","3":"status-publish","4":"format-standard","5":"has-post-thumbnail","7":"category-featured","8":"category-geral","9":"tag-corais","10":"tag-teutonia","11":"pmpro-has-access"},"yoast_head":"<!-- This site is optimized with the Yoast SEO plugin v27.5 - https:\/\/yoast.com\/product\/yoast-seo-wordpress\/ -->\n<title>Corais municipais de Teut\u00f4nia lan\u00e7am CD na quinta-feira (17\/12) - Folha Popular<\/title>\n<meta name=\"robots\" content=\"index, follow, max-snippet:-1, max-image-preview:large, max-video-preview:-1\" \/>\n<link rel=\"canonical\" href=\"https:\/\/folhapopular.info\/index.php\/2020\/12\/16\/corais-municipais-de-teutonia-lancam-cd-na-quinta-feira-17-12\/\" \/>\n<meta property=\"og:locale\" content=\"pt_BR\" \/>\n<meta property=\"og:type\" content=\"article\" \/>\n<meta property=\"og:title\" content=\"Corais municipais de Teut\u00f4nia lan\u00e7am CD na quinta-feira (17\/12) - Folha Popular\" \/>\n<meta property=\"og:description\" content=\"Teut\u00f4nia \u00e9 a Capital Nacional do Canto Coral. S\u00e3o mais de 50 corais em atividade no munic\u00edpio, sendo uma heran\u00e7a da coloniza\u00e7\u00e3o alem\u00e3, iniciada em 1858. As hist\u00f3rias centen\u00e1rias de muitos destes grupos convergem com o surgimento e o desenvolvimento das comunidades. Como forma de refor\u00e7ar esta identidade, Teut\u00f4nia conta com tr\u00eas corais municipais, que [&hellip;]\" \/>\n<meta property=\"og:url\" content=\"https:\/\/folhapopular.info\/index.php\/2020\/12\/16\/corais-municipais-de-teutonia-lancam-cd-na-quinta-feira-17-12\/\" \/>\n<meta property=\"og:site_name\" content=\"Folha Popular\" \/>\n<meta property=\"article:published_time\" content=\"2020-12-16T13:23:18+00:00\" \/>\n<meta property=\"article:modified_time\" content=\"2020-12-16T13:23:21+00:00\" \/>\n<meta property=\"og:image\" content=\"https:\/\/folhapopular.info\/wp-content\/uploads\/2020\/12\/Coral-Municipal-Anos-Dourados-scaled-e1608124920689.jpg\" \/>\n\t<meta property=\"og:image:width\" content=\"800\" \/>\n\t<meta property=\"og:image:height\" content=\"533\" \/>\n\t<meta property=\"og:image:type\" content=\"image\/jpeg\" \/>\n<meta name=\"author\" content=\"Reda\u00e7\u00e3o Folha Popular\" \/>\n<meta name=\"twitter:card\" content=\"summary_large_image\" \/>\n<meta name=\"twitter:label1\" content=\"Escrito por\" \/>\n\t<meta name=\"twitter:data1\" content=\"Reda\u00e7\u00e3o Folha Popular\" \/>\n\t<meta name=\"twitter:label2\" content=\"Est. tempo de leitura\" \/>\n\t<meta name=\"twitter:data2\" content=\"2 minutos\" \/>\n<script type=\"application\/ld+json\" class=\"yoast-schema-graph\">{\"@context\":\"https:\\\/\\\/schema.org\",\"@graph\":[{\"@type\":\"Article\",\"@id\":\"https:\\\/\\\/folhapopular.info\\\/index.php\\\/2020\\\/12\\\/16\\\/corais-municipais-de-teutonia-lancam-cd-na-quinta-feira-17-12\\\/#article\",\"isPartOf\":{\"@id\":\"https:\\\/\\\/folhapopular.info\\\/index.php\\\/2020\\\/12\\\/16\\\/corais-municipais-de-teutonia-lancam-cd-na-quinta-feira-17-12\\\/\"},\"author\":{\"name\":\"Reda\u00e7\u00e3o Folha Popular\",\"@id\":\"https:\\\/\\\/folhapopular.info\\\/#\\\/schema\\\/person\\\/2814e8a0df7643585a9ca38bc6eb9d4b\"},\"headline\":\"Corais municipais de Teut\u00f4nia lan\u00e7am CD na quinta-feira (17\\\/12)\",\"datePublished\":\"2020-12-16T13:23:18+00:00\",\"dateModified\":\"2020-12-16T13:23:21+00:00\",\"mainEntityOfPage\":{\"@id\":\"https:\\\/\\\/folhapopular.info\\\/index.php\\\/2020\\\/12\\\/16\\\/corais-municipais-de-teutonia-lancam-cd-na-quinta-feira-17-12\\\/\"},\"wordCount\":483,\"commentCount\":0,\"image\":{\"@id\":\"https:\\\/\\\/folhapopular.info\\\/index.php\\\/2020\\\/12\\\/16\\\/corais-municipais-de-teutonia-lancam-cd-na-quinta-feira-17-12\\\/#primaryimage\"},\"thumbnailUrl\":\"https:\\\/\\\/folhapopular.info\\\/wp-content\\\/uploads\\\/2020\\\/12\\\/Coral-Municipal-Anos-Dourados-scaled-e1608124920689.jpg\",\"keywords\":[\"Corais\",\"Teut\u00f4nia\"],\"articleSection\":[\"Destaques\",\"Geral\"],\"inLanguage\":\"pt-BR\",\"potentialAction\":[{\"@type\":\"CommentAction\",\"name\":\"Comment\",\"target\":[\"https:\\\/\\\/folhapopular.info\\\/index.php\\\/2020\\\/12\\\/16\\\/corais-municipais-de-teutonia-lancam-cd-na-quinta-feira-17-12\\\/#respond\"]}]},{\"@type\":\"WebPage\",\"@id\":\"https:\\\/\\\/folhapopular.info\\\/index.php\\\/2020\\\/12\\\/16\\\/corais-municipais-de-teutonia-lancam-cd-na-quinta-feira-17-12\\\/\",\"url\":\"https:\\\/\\\/folhapopular.info\\\/index.php\\\/2020\\\/12\\\/16\\\/corais-municipais-de-teutonia-lancam-cd-na-quinta-feira-17-12\\\/\",\"name\":\"Corais municipais de Teut\u00f4nia lan\u00e7am CD na quinta-feira (17\\\/12) - Folha Popular\",\"isPartOf\":{\"@id\":\"https:\\\/\\\/folhapopular.info\\\/#website\"},\"primaryImageOfPage\":{\"@id\":\"https:\\\/\\\/folhapopular.info\\\/index.php\\\/2020\\\/12\\\/16\\\/corais-municipais-de-teutonia-lancam-cd-na-quinta-feira-17-12\\\/#primaryimage\"},\"image\":{\"@id\":\"https:\\\/\\\/folhapopular.info\\\/index.php\\\/2020\\\/12\\\/16\\\/corais-municipais-de-teutonia-lancam-cd-na-quinta-feira-17-12\\\/#primaryimage\"},\"thumbnailUrl\":\"https:\\\/\\\/folhapopular.info\\\/wp-content\\\/uploads\\\/2020\\\/12\\\/Coral-Municipal-Anos-Dourados-scaled-e1608124920689.jpg\",\"datePublished\":\"2020-12-16T13:23:18+00:00\",\"dateModified\":\"2020-12-16T13:23:21+00:00\",\"author\":{\"@id\":\"https:\\\/\\\/folhapopular.info\\\/#\\\/schema\\\/person\\\/2814e8a0df7643585a9ca38bc6eb9d4b\"},\"breadcrumb\":{\"@id\":\"https:\\\/\\\/folhapopular.info\\\/index.php\\\/2020\\\/12\\\/16\\\/corais-municipais-de-teutonia-lancam-cd-na-quinta-feira-17-12\\\/#breadcrumb\"},\"inLanguage\":\"pt-BR\",\"potentialAction\":[{\"@type\":\"ReadAction\",\"target\":[\"https:\\\/\\\/folhapopular.info\\\/index.php\\\/2020\\\/12\\\/16\\\/corais-municipais-de-teutonia-lancam-cd-na-quinta-feira-17-12\\\/\"]}]},{\"@type\":\"ImageObject\",\"inLanguage\":\"pt-BR\",\"@id\":\"https:\\\/\\\/folhapopular.info\\\/index.php\\\/2020\\\/12\\\/16\\\/corais-municipais-de-teutonia-lancam-cd-na-quinta-feira-17-12\\\/#primaryimage\",\"url\":\"https:\\\/\\\/folhapopular.info\\\/wp-content\\\/uploads\\\/2020\\\/12\\\/Coral-Municipal-Anos-Dourados-scaled-e1608124920689.jpg\",\"contentUrl\":\"https:\\\/\\\/folhapopular.info\\\/wp-content\\\/uploads\\\/2020\\\/12\\\/Coral-Municipal-Anos-Dourados-scaled-e1608124920689.jpg\",\"width\":800,\"height\":533,\"caption\":\"Coral Municipal Anos Dourados \\\/ Cr\u00e9dito da foto: \u00c9dson Lu\u00eds Schaeffer \\\/ Arquivo\\\/ Divulga\u00e7\u00e3o\"},{\"@type\":\"BreadcrumbList\",\"@id\":\"https:\\\/\\\/folhapopular.info\\\/index.php\\\/2020\\\/12\\\/16\\\/corais-municipais-de-teutonia-lancam-cd-na-quinta-feira-17-12\\\/#breadcrumb\",\"itemListElement\":[{\"@type\":\"ListItem\",\"position\":1,\"name\":\"In\u00edcio\",\"item\":\"https:\\\/\\\/folhapopular.info\\\/\"},{\"@type\":\"ListItem\",\"position\":2,\"name\":\"Corais municipais de Teut\u00f4nia lan\u00e7am CD na quinta-feira (17\\\/12)\"}]},{\"@type\":\"WebSite\",\"@id\":\"https:\\\/\\\/folhapopular.info\\\/#website\",\"url\":\"https:\\\/\\\/folhapopular.info\\\/\",\"name\":\"Folha Popular\",\"description\":\"Onde voc\u00ea tem vez e voz\",\"potentialAction\":[{\"@type\":\"SearchAction\",\"target\":{\"@type\":\"EntryPoint\",\"urlTemplate\":\"https:\\\/\\\/folhapopular.info\\\/?s={search_term_string}\"},\"query-input\":{\"@type\":\"PropertyValueSpecification\",\"valueRequired\":true,\"valueName\":\"search_term_string\"}}],\"inLanguage\":\"pt-BR\"},{\"@type\":\"Person\",\"@id\":\"https:\\\/\\\/folhapopular.info\\\/#\\\/schema\\\/person\\\/2814e8a0df7643585a9ca38bc6eb9d4b\",\"name\":\"Reda\u00e7\u00e3o Folha Popular\",\"image\":{\"@type\":\"ImageObject\",\"inLanguage\":\"pt-BR\",\"@id\":\"https:\\\/\\\/folhapopular.info\\\/wp-content\\\/uploads\\\/2026\\\/04\\\/Folha-1.webp\",\"url\":\"https:\\\/\\\/folhapopular.info\\\/wp-content\\\/uploads\\\/2026\\\/04\\\/Folha-1.webp\",\"contentUrl\":\"https:\\\/\\\/folhapopular.info\\\/wp-content\\\/uploads\\\/2026\\\/04\\\/Folha-1.webp\",\"caption\":\"Reda\u00e7\u00e3o Folha Popular\"},\"url\":\"https:\\\/\\\/folhapopular.info\\\/index.php\\\/author\\\/redacao\\\/\"}]}<\/script>\n<!-- \/ Yoast SEO plugin. -->","yoast_head_json":{"title":"Corais municipais de Teut\u00f4nia lan\u00e7am CD na quinta-feira (17\/12) - Folha Popular","robots":{"index":"index","follow":"follow","max-snippet":"max-snippet:-1","max-image-preview":"max-image-preview:large","max-video-preview":"max-video-preview:-1"},"canonical":"https:\/\/folhapopular.info\/index.php\/2020\/12\/16\/corais-municipais-de-teutonia-lancam-cd-na-quinta-feira-17-12\/","og_locale":"pt_BR","og_type":"article","og_title":"Corais municipais de Teut\u00f4nia lan\u00e7am CD na quinta-feira (17\/12) - Folha Popular","og_description":"Teut\u00f4nia \u00e9 a Capital Nacional do Canto Coral. S\u00e3o mais de 50 corais em atividade no munic\u00edpio, sendo uma heran\u00e7a da coloniza\u00e7\u00e3o alem\u00e3, iniciada em 1858. As hist\u00f3rias centen\u00e1rias de muitos destes grupos convergem com o surgimento e o desenvolvimento das comunidades. Como forma de refor\u00e7ar esta identidade, Teut\u00f4nia conta com tr\u00eas corais municipais, que [&hellip;]","og_url":"https:\/\/folhapopular.info\/index.php\/2020\/12\/16\/corais-municipais-de-teutonia-lancam-cd-na-quinta-feira-17-12\/","og_site_name":"Folha Popular","article_published_time":"2020-12-16T13:23:18+00:00","article_modified_time":"2020-12-16T13:23:21+00:00","og_image":[{"width":800,"height":533,"url":"https:\/\/folhapopular.info\/wp-content\/uploads\/2020\/12\/Coral-Municipal-Anos-Dourados-scaled-e1608124920689.jpg","type":"image\/jpeg"}],"author":"Reda\u00e7\u00e3o Folha Popular","twitter_card":"summary_large_image","twitter_misc":{"Escrito por":"Reda\u00e7\u00e3o Folha Popular","Est. tempo de leitura":"2 minutos"},"schema":{"@context":"https:\/\/schema.org","@graph":[{"@type":"Article","@id":"https:\/\/folhapopular.info\/index.php\/2020\/12\/16\/corais-municipais-de-teutonia-lancam-cd-na-quinta-feira-17-12\/#article","isPartOf":{"@id":"https:\/\/folhapopular.info\/index.php\/2020\/12\/16\/corais-municipais-de-teutonia-lancam-cd-na-quinta-feira-17-12\/"},"author":{"name":"Reda\u00e7\u00e3o Folha Popular","@id":"https:\/\/folhapopular.info\/#\/schema\/person\/2814e8a0df7643585a9ca38bc6eb9d4b"},"headline":"Corais municipais de Teut\u00f4nia lan\u00e7am CD na quinta-feira (17\/12)","datePublished":"2020-12-16T13:23:18+00:00","dateModified":"2020-12-16T13:23:21+00:00","mainEntityOfPage":{"@id":"https:\/\/folhapopular.info\/index.php\/2020\/12\/16\/corais-municipais-de-teutonia-lancam-cd-na-quinta-feira-17-12\/"},"wordCount":483,"commentCount":0,"image":{"@id":"https:\/\/folhapopular.info\/index.php\/2020\/12\/16\/corais-municipais-de-teutonia-lancam-cd-na-quinta-feira-17-12\/#primaryimage"},"thumbnailUrl":"https:\/\/folhapopular.info\/wp-content\/uploads\/2020\/12\/Coral-Municipal-Anos-Dourados-scaled-e1608124920689.jpg","keywords":["Corais","Teut\u00f4nia"],"articleSection":["Destaques","Geral"],"inLanguage":"pt-BR","potentialAction":[{"@type":"CommentAction","name":"Comment","target":["https:\/\/folhapopular.info\/index.php\/2020\/12\/16\/corais-municipais-de-teutonia-lancam-cd-na-quinta-feira-17-12\/#respond"]}]},{"@type":"WebPage","@id":"https:\/\/folhapopular.info\/index.php\/2020\/12\/16\/corais-municipais-de-teutonia-lancam-cd-na-quinta-feira-17-12\/","url":"https:\/\/folhapopular.info\/index.php\/2020\/12\/16\/corais-municipais-de-teutonia-lancam-cd-na-quinta-feira-17-12\/","name":"Corais municipais de Teut\u00f4nia lan\u00e7am CD na quinta-feira (17\/12) - Folha Popular","isPartOf":{"@id":"https:\/\/folhapopular.info\/#website"},"primaryImageOfPage":{"@id":"https:\/\/folhapopular.info\/index.php\/2020\/12\/16\/corais-municipais-de-teutonia-lancam-cd-na-quinta-feira-17-12\/#primaryimage"},"image":{"@id":"https:\/\/folhapopular.info\/index.php\/2020\/12\/16\/corais-municipais-de-teutonia-lancam-cd-na-quinta-feira-17-12\/#primaryimage"},"thumbnailUrl":"https:\/\/folhapopular.info\/wp-content\/uploads\/2020\/12\/Coral-Municipal-Anos-Dourados-scaled-e1608124920689.jpg","datePublished":"2020-12-16T13:23:18+00:00","dateModified":"2020-12-16T13:23:21+00:00","author":{"@id":"https:\/\/folhapopular.info\/#\/schema\/person\/2814e8a0df7643585a9ca38bc6eb9d4b"},"breadcrumb":{"@id":"https:\/\/folhapopular.info\/index.php\/2020\/12\/16\/corais-municipais-de-teutonia-lancam-cd-na-quinta-feira-17-12\/#breadcrumb"},"inLanguage":"pt-BR","potentialAction":[{"@type":"ReadAction","target":["https:\/\/folhapopular.info\/index.php\/2020\/12\/16\/corais-municipais-de-teutonia-lancam-cd-na-quinta-feira-17-12\/"]}]},{"@type":"ImageObject","inLanguage":"pt-BR","@id":"https:\/\/folhapopular.info\/index.php\/2020\/12\/16\/corais-municipais-de-teutonia-lancam-cd-na-quinta-feira-17-12\/#primaryimage","url":"https:\/\/folhapopular.info\/wp-content\/uploads\/2020\/12\/Coral-Municipal-Anos-Dourados-scaled-e1608124920689.jpg","contentUrl":"https:\/\/folhapopular.info\/wp-content\/uploads\/2020\/12\/Coral-Municipal-Anos-Dourados-scaled-e1608124920689.jpg","width":800,"height":533,"caption":"Coral Municipal Anos Dourados \/ Cr\u00e9dito da foto: \u00c9dson Lu\u00eds Schaeffer \/ Arquivo\/ Divulga\u00e7\u00e3o"},{"@type":"BreadcrumbList","@id":"https:\/\/folhapopular.info\/index.php\/2020\/12\/16\/corais-municipais-de-teutonia-lancam-cd-na-quinta-feira-17-12\/#breadcrumb","itemListElement":[{"@type":"ListItem","position":1,"name":"In\u00edcio","item":"https:\/\/folhapopular.info\/"},{"@type":"ListItem","position":2,"name":"Corais municipais de Teut\u00f4nia lan\u00e7am CD na quinta-feira (17\/12)"}]},{"@type":"WebSite","@id":"https:\/\/folhapopular.info\/#website","url":"https:\/\/folhapopular.info\/","name":"Folha Popular","description":"Onde voc\u00ea tem vez e voz","potentialAction":[{"@type":"SearchAction","target":{"@type":"EntryPoint","urlTemplate":"https:\/\/folhapopular.info\/?s={search_term_string}"},"query-input":{"@type":"PropertyValueSpecification","valueRequired":true,"valueName":"search_term_string"}}],"inLanguage":"pt-BR"},{"@type":"Person","@id":"https:\/\/folhapopular.info\/#\/schema\/person\/2814e8a0df7643585a9ca38bc6eb9d4b","name":"Reda\u00e7\u00e3o Folha Popular","image":{"@type":"ImageObject","inLanguage":"pt-BR","@id":"https:\/\/folhapopular.info\/wp-content\/uploads\/2026\/04\/Folha-1.webp","url":"https:\/\/folhapopular.info\/wp-content\/uploads\/2026\/04\/Folha-1.webp","contentUrl":"https:\/\/folhapopular.info\/wp-content\/uploads\/2026\/04\/Folha-1.webp","caption":"Reda\u00e7\u00e3o Folha Popular"},"url":"https:\/\/folhapopular.info\/index.php\/author\/redacao\/"}]}},"jetpack_featured_media_url":"https:\/\/folhapopular.info\/wp-content\/uploads\/2020\/12\/Coral-Municipal-Anos-Dourados-scaled-e1608124920689.jpg","jetpack_sharing_enabled":true,"amp_enabled":true,"_links":{"self":[{"href":"https:\/\/folhapopular.info\/index.php\/wp-json\/wp\/v2\/posts\/76928","targetHints":{"allow":["GET"]}}],"collection":[{"href":"https:\/\/folhapopular.info\/index.php\/wp-json\/wp\/v2\/posts"}],"about":[{"href":"https:\/\/folhapopular.info\/index.php\/wp-json\/wp\/v2\/types\/post"}],"author":[{"embeddable":true,"href":"https:\/\/folhapopular.info\/index.php\/wp-json\/wp\/v2\/users\/8"}],"replies":[{"embeddable":true,"href":"https:\/\/folhapopular.info\/index.php\/wp-json\/wp\/v2\/comments?post=76928"}],"version-history":[{"count":0,"href":"https:\/\/folhapopular.info\/index.php\/wp-json\/wp\/v2\/posts\/76928\/revisions"}],"wp:featuredmedia":[{"embeddable":true,"href":"https:\/\/folhapopular.info\/index.php\/wp-json\/wp\/v2\/media\/76929"}],"wp:attachment":[{"href":"https:\/\/folhapopular.info\/index.php\/wp-json\/wp\/v2\/media?parent=76928"}],"wp:term":[{"taxonomy":"category","embeddable":true,"href":"https:\/\/folhapopular.info\/index.php\/wp-json\/wp\/v2\/categories?post=76928"},{"taxonomy":"post_tag","embeddable":true,"href":"https:\/\/folhapopular.info\/index.php\/wp-json\/wp\/v2\/tags?post=76928"}],"curies":[{"name":"wp","href":"https:\/\/api.w.org\/{rel}","templated":true}]}}