{"id":76992,"date":"2020-12-17T15:00:33","date_gmt":"2020-12-17T18:00:33","guid":{"rendered":"https:\/\/folhapopular.info\/?p=76992"},"modified":"2020-12-17T15:00:34","modified_gmt":"2020-12-17T18:00:34","slug":"embalagens-de-presente-sustentaveis-e-tema-de-video-lancado-pela-secretaria-do-meio-ambiente-de-lajeado","status":"publish","type":"post","link":"https:\/\/folhapopular.info\/index.php\/2020\/12\/17\/embalagens-de-presente-sustentaveis-e-tema-de-video-lancado-pela-secretaria-do-meio-ambiente-de-lajeado\/","title":{"rendered":"Embalagens de presente sustent\u00e1veis \u00e9 tema de v\u00eddeo lan\u00e7ado pela Secretaria do Meio Ambiente de Lajeado"},"content":{"rendered":"\n<p>Com o objetivo de reduzir o uso de pl\u00e1stico nas embalagens de presente neste final de ano, a Prefeitura de Lajeado, por meio da Secretaria do Meio Ambiente (Sema) e do Centro de Educa\u00e7\u00e3o Ambiental, produziram um v\u00eddeo com dicas de embalagens sustent\u00e1veis para os presentes. O v\u00eddeo est\u00e1 dispon\u00edvel no Facebook e no Instagram da Sema e no canal do YouTube da Prefeitura de Lajeado. Clique neste link <a href=\"https:\/\/youtu.be\/5dFGHpXssZk\" target=\"_blank\" rel=\"noreferrer noopener\">https:\/\/youtu.be\/5dFGHpXssZk<\/a> para ver. <\/p>\n\n\n\n<p>Segundo a bi\u00f3loga e coordenadora do Centro, Edith Ester Zago de Mello, o v\u00eddeo foi criado como uma maneira de informar a popula\u00e7\u00e3o mesmo em tempos de pandemia.<\/p>\n\n\n\n<p>&#8211; Normalmente nesta \u00e9poca do ano n\u00f3s realizamos oficinas presenciais, mas desta vez nos adaptamos ao modelo virtual para falar deste assunto &#8211; contou Edith.&nbsp;<\/p>\n\n\n\n<p>As op\u00e7\u00f5es de embalagens biodegrad\u00e1veis incluem o uso de folhas de bananeira, len\u00e7os de tecido, rolo de papel higi\u00eanico, jornal e sacolas de pano. Todos os presentes foram embalados seguindo t\u00e9cnicas de dobradura e sem a utiliza\u00e7\u00e3o de materiais n\u00e3o sustent\u00e1veis.<\/p>\n\n\n\n<p>No v\u00eddeo, al\u00e9m de dicas, a bi\u00f3loga explicou os malef\u00edcios do uso constante de pl\u00e1stico, que gera polui\u00e7\u00e3o dos rios e mares e provoca preju\u00edzos \u00e0 sa\u00fade.<\/p>\n\n\n\n<p>&#8211; Podemos dizer que vivemos uma crise pl\u00e1stica, e por isso \u00e9 importante reduzir o consumo destes materiais. O v\u00eddeo busca estimular essa redu\u00e7\u00e3o. \u00c9 apenas uma das coisas que podemos fazer, mas pensar sobre isso \u00e9 o pontap\u00e9 inicial para fazermos as mudan\u00e7as no nosso dia-a-dia &#8211; falou a bi\u00f3loga.<\/p>\n\n\n\n<p><\/p>\n","protected":false},"excerpt":{"rendered":"<p>Com o objetivo de reduzir o uso de pl\u00e1stico nas embalagens de presente neste final de ano, a Prefeitura de Lajeado, por meio da Secretaria do Meio Ambiente (Sema) e do Centro de Educa\u00e7\u00e3o Ambiental, produziram um v\u00eddeo com dicas de embalagens sustent\u00e1veis para os presentes. O v\u00eddeo est\u00e1 dispon\u00edvel no Facebook e no Instagram [&hellip;]<\/p>\n","protected":false},"author":8,"featured_media":76993,"comment_status":"open","ping_status":"open","sticky":false,"template":"","format":"standard","meta":{"pmpro_default_level":"","_jetpack_memberships_contains_paid_content":false,"footnotes":""},"categories":[2,3],"tags":[27,3700],"class_list":{"0":"post-76992","1":"post","2":"type-post","3":"status-publish","4":"format-standard","5":"has-post-thumbnail","7":"category-featured","8":"category-geral","9":"tag-lajeado","10":"tag-secretaria-do-meio-ambiente","11":"pmpro-has-access"},"yoast_head":"<!-- This site is optimized with the Yoast SEO plugin v27.5 - https:\/\/yoast.com\/product\/yoast-seo-wordpress\/ -->\n<title>Embalagens de presente sustent\u00e1veis \u00e9 tema de v\u00eddeo lan\u00e7ado pela Secretaria do Meio Ambiente de Lajeado - Folha Popular<\/title>\n<meta name=\"robots\" content=\"index, follow, max-snippet:-1, max-image-preview:large, max-video-preview:-1\" \/>\n<link rel=\"canonical\" href=\"https:\/\/folhapopular.info\/index.php\/2020\/12\/17\/embalagens-de-presente-sustentaveis-e-tema-de-video-lancado-pela-secretaria-do-meio-ambiente-de-lajeado\/\" \/>\n<meta property=\"og:locale\" content=\"pt_BR\" \/>\n<meta property=\"og:type\" content=\"article\" \/>\n<meta property=\"og:title\" content=\"Embalagens de presente sustent\u00e1veis \u00e9 tema de v\u00eddeo lan\u00e7ado pela Secretaria do Meio Ambiente de Lajeado - Folha Popular\" \/>\n<meta property=\"og:description\" content=\"Com o objetivo de reduzir o uso de pl\u00e1stico nas embalagens de presente neste final de ano, a Prefeitura de Lajeado, por meio da Secretaria do Meio Ambiente (Sema) e do Centro de Educa\u00e7\u00e3o Ambiental, produziram um v\u00eddeo com dicas de embalagens sustent\u00e1veis para os presentes. O v\u00eddeo est\u00e1 dispon\u00edvel no Facebook e no Instagram [&hellip;]\" \/>\n<meta property=\"og:url\" content=\"https:\/\/folhapopular.info\/index.php\/2020\/12\/17\/embalagens-de-presente-sustentaveis-e-tema-de-video-lancado-pela-secretaria-do-meio-ambiente-de-lajeado\/\" \/>\n<meta property=\"og:site_name\" content=\"Folha Popular\" \/>\n<meta property=\"article:published_time\" content=\"2020-12-17T18:00:33+00:00\" \/>\n<meta property=\"article:modified_time\" content=\"2020-12-17T18:00:34+00:00\" \/>\n<meta property=\"og:image\" content=\"https:\/\/folhapopular.info\/wp-content\/uploads\/2020\/12\/Video-Sema-2-e1608227933440.jpeg\" \/>\n\t<meta property=\"og:image:width\" content=\"450\" \/>\n\t<meta property=\"og:image:height\" content=\"800\" \/>\n\t<meta property=\"og:image:type\" content=\"image\/jpeg\" \/>\n<meta name=\"author\" content=\"Reda\u00e7\u00e3o Folha Popular\" \/>\n<meta name=\"twitter:card\" content=\"summary_large_image\" \/>\n<meta name=\"twitter:label1\" content=\"Escrito por\" \/>\n\t<meta name=\"twitter:data1\" content=\"Reda\u00e7\u00e3o Folha Popular\" \/>\n\t<meta name=\"twitter:label2\" content=\"Est. tempo de leitura\" \/>\n\t<meta name=\"twitter:data2\" content=\"1 minuto\" \/>\n<script type=\"application\/ld+json\" class=\"yoast-schema-graph\">{\"@context\":\"https:\\\/\\\/schema.org\",\"@graph\":[{\"@type\":\"Article\",\"@id\":\"https:\\\/\\\/folhapopular.info\\\/index.php\\\/2020\\\/12\\\/17\\\/embalagens-de-presente-sustentaveis-e-tema-de-video-lancado-pela-secretaria-do-meio-ambiente-de-lajeado\\\/#article\",\"isPartOf\":{\"@id\":\"https:\\\/\\\/folhapopular.info\\\/index.php\\\/2020\\\/12\\\/17\\\/embalagens-de-presente-sustentaveis-e-tema-de-video-lancado-pela-secretaria-do-meio-ambiente-de-lajeado\\\/\"},\"author\":{\"name\":\"Reda\u00e7\u00e3o Folha Popular\",\"@id\":\"https:\\\/\\\/folhapopular.info\\\/#\\\/schema\\\/person\\\/2814e8a0df7643585a9ca38bc6eb9d4b\"},\"headline\":\"Embalagens de presente sustent\u00e1veis \u00e9 tema de v\u00eddeo lan\u00e7ado pela Secretaria do Meio Ambiente de Lajeado\",\"datePublished\":\"2020-12-17T18:00:33+00:00\",\"dateModified\":\"2020-12-17T18:00:34+00:00\",\"mainEntityOfPage\":{\"@id\":\"https:\\\/\\\/folhapopular.info\\\/index.php\\\/2020\\\/12\\\/17\\\/embalagens-de-presente-sustentaveis-e-tema-de-video-lancado-pela-secretaria-do-meio-ambiente-de-lajeado\\\/\"},\"wordCount\":293,\"commentCount\":0,\"image\":{\"@id\":\"https:\\\/\\\/folhapopular.info\\\/index.php\\\/2020\\\/12\\\/17\\\/embalagens-de-presente-sustentaveis-e-tema-de-video-lancado-pela-secretaria-do-meio-ambiente-de-lajeado\\\/#primaryimage\"},\"thumbnailUrl\":\"https:\\\/\\\/folhapopular.info\\\/wp-content\\\/uploads\\\/2020\\\/12\\\/Video-Sema-2-e1608227933440.jpeg\",\"keywords\":[\"Lajeado\",\"Secretaria do Meio Ambiente\"],\"articleSection\":[\"Destaques\",\"Geral\"],\"inLanguage\":\"pt-BR\",\"potentialAction\":[{\"@type\":\"CommentAction\",\"name\":\"Comment\",\"target\":[\"https:\\\/\\\/folhapopular.info\\\/index.php\\\/2020\\\/12\\\/17\\\/embalagens-de-presente-sustentaveis-e-tema-de-video-lancado-pela-secretaria-do-meio-ambiente-de-lajeado\\\/#respond\"]}]},{\"@type\":\"WebPage\",\"@id\":\"https:\\\/\\\/folhapopular.info\\\/index.php\\\/2020\\\/12\\\/17\\\/embalagens-de-presente-sustentaveis-e-tema-de-video-lancado-pela-secretaria-do-meio-ambiente-de-lajeado\\\/\",\"url\":\"https:\\\/\\\/folhapopular.info\\\/index.php\\\/2020\\\/12\\\/17\\\/embalagens-de-presente-sustentaveis-e-tema-de-video-lancado-pela-secretaria-do-meio-ambiente-de-lajeado\\\/\",\"name\":\"Embalagens de presente sustent\u00e1veis \u00e9 tema de v\u00eddeo lan\u00e7ado pela Secretaria do Meio Ambiente de Lajeado - Folha Popular\",\"isPartOf\":{\"@id\":\"https:\\\/\\\/folhapopular.info\\\/#website\"},\"primaryImageOfPage\":{\"@id\":\"https:\\\/\\\/folhapopular.info\\\/index.php\\\/2020\\\/12\\\/17\\\/embalagens-de-presente-sustentaveis-e-tema-de-video-lancado-pela-secretaria-do-meio-ambiente-de-lajeado\\\/#primaryimage\"},\"image\":{\"@id\":\"https:\\\/\\\/folhapopular.info\\\/index.php\\\/2020\\\/12\\\/17\\\/embalagens-de-presente-sustentaveis-e-tema-de-video-lancado-pela-secretaria-do-meio-ambiente-de-lajeado\\\/#primaryimage\"},\"thumbnailUrl\":\"https:\\\/\\\/folhapopular.info\\\/wp-content\\\/uploads\\\/2020\\\/12\\\/Video-Sema-2-e1608227933440.jpeg\",\"datePublished\":\"2020-12-17T18:00:33+00:00\",\"dateModified\":\"2020-12-17T18:00:34+00:00\",\"author\":{\"@id\":\"https:\\\/\\\/folhapopular.info\\\/#\\\/schema\\\/person\\\/2814e8a0df7643585a9ca38bc6eb9d4b\"},\"breadcrumb\":{\"@id\":\"https:\\\/\\\/folhapopular.info\\\/index.php\\\/2020\\\/12\\\/17\\\/embalagens-de-presente-sustentaveis-e-tema-de-video-lancado-pela-secretaria-do-meio-ambiente-de-lajeado\\\/#breadcrumb\"},\"inLanguage\":\"pt-BR\",\"potentialAction\":[{\"@type\":\"ReadAction\",\"target\":[\"https:\\\/\\\/folhapopular.info\\\/index.php\\\/2020\\\/12\\\/17\\\/embalagens-de-presente-sustentaveis-e-tema-de-video-lancado-pela-secretaria-do-meio-ambiente-de-lajeado\\\/\"]}]},{\"@type\":\"ImageObject\",\"inLanguage\":\"pt-BR\",\"@id\":\"https:\\\/\\\/folhapopular.info\\\/index.php\\\/2020\\\/12\\\/17\\\/embalagens-de-presente-sustentaveis-e-tema-de-video-lancado-pela-secretaria-do-meio-ambiente-de-lajeado\\\/#primaryimage\",\"url\":\"https:\\\/\\\/folhapopular.info\\\/wp-content\\\/uploads\\\/2020\\\/12\\\/Video-Sema-2-e1608227933440.jpeg\",\"contentUrl\":\"https:\\\/\\\/folhapopular.info\\\/wp-content\\\/uploads\\\/2020\\\/12\\\/Video-Sema-2-e1608227933440.jpeg\",\"width\":450,\"height\":800},{\"@type\":\"BreadcrumbList\",\"@id\":\"https:\\\/\\\/folhapopular.info\\\/index.php\\\/2020\\\/12\\\/17\\\/embalagens-de-presente-sustentaveis-e-tema-de-video-lancado-pela-secretaria-do-meio-ambiente-de-lajeado\\\/#breadcrumb\",\"itemListElement\":[{\"@type\":\"ListItem\",\"position\":1,\"name\":\"In\u00edcio\",\"item\":\"https:\\\/\\\/folhapopular.info\\\/\"},{\"@type\":\"ListItem\",\"position\":2,\"name\":\"Embalagens de presente sustent\u00e1veis \u00e9 tema de v\u00eddeo lan\u00e7ado pela Secretaria do Meio Ambiente de Lajeado\"}]},{\"@type\":\"WebSite\",\"@id\":\"https:\\\/\\\/folhapopular.info\\\/#website\",\"url\":\"https:\\\/\\\/folhapopular.info\\\/\",\"name\":\"Folha Popular\",\"description\":\"Onde voc\u00ea tem vez e voz\",\"potentialAction\":[{\"@type\":\"SearchAction\",\"target\":{\"@type\":\"EntryPoint\",\"urlTemplate\":\"https:\\\/\\\/folhapopular.info\\\/?s={search_term_string}\"},\"query-input\":{\"@type\":\"PropertyValueSpecification\",\"valueRequired\":true,\"valueName\":\"search_term_string\"}}],\"inLanguage\":\"pt-BR\"},{\"@type\":\"Person\",\"@id\":\"https:\\\/\\\/folhapopular.info\\\/#\\\/schema\\\/person\\\/2814e8a0df7643585a9ca38bc6eb9d4b\",\"name\":\"Reda\u00e7\u00e3o Folha Popular\",\"image\":{\"@type\":\"ImageObject\",\"inLanguage\":\"pt-BR\",\"@id\":\"https:\\\/\\\/folhapopular.info\\\/wp-content\\\/uploads\\\/2026\\\/04\\\/Folha-1.webp\",\"url\":\"https:\\\/\\\/folhapopular.info\\\/wp-content\\\/uploads\\\/2026\\\/04\\\/Folha-1.webp\",\"contentUrl\":\"https:\\\/\\\/folhapopular.info\\\/wp-content\\\/uploads\\\/2026\\\/04\\\/Folha-1.webp\",\"caption\":\"Reda\u00e7\u00e3o Folha Popular\"},\"url\":\"https:\\\/\\\/folhapopular.info\\\/index.php\\\/author\\\/redacao\\\/\"}]}<\/script>\n<!-- \/ Yoast SEO plugin. -->","yoast_head_json":{"title":"Embalagens de presente sustent\u00e1veis \u00e9 tema de v\u00eddeo lan\u00e7ado pela Secretaria do Meio Ambiente de Lajeado - Folha Popular","robots":{"index":"index","follow":"follow","max-snippet":"max-snippet:-1","max-image-preview":"max-image-preview:large","max-video-preview":"max-video-preview:-1"},"canonical":"https:\/\/folhapopular.info\/index.php\/2020\/12\/17\/embalagens-de-presente-sustentaveis-e-tema-de-video-lancado-pela-secretaria-do-meio-ambiente-de-lajeado\/","og_locale":"pt_BR","og_type":"article","og_title":"Embalagens de presente sustent\u00e1veis \u00e9 tema de v\u00eddeo lan\u00e7ado pela Secretaria do Meio Ambiente de Lajeado - Folha Popular","og_description":"Com o objetivo de reduzir o uso de pl\u00e1stico nas embalagens de presente neste final de ano, a Prefeitura de Lajeado, por meio da Secretaria do Meio Ambiente (Sema) e do Centro de Educa\u00e7\u00e3o Ambiental, produziram um v\u00eddeo com dicas de embalagens sustent\u00e1veis para os presentes. O v\u00eddeo est\u00e1 dispon\u00edvel no Facebook e no Instagram [&hellip;]","og_url":"https:\/\/folhapopular.info\/index.php\/2020\/12\/17\/embalagens-de-presente-sustentaveis-e-tema-de-video-lancado-pela-secretaria-do-meio-ambiente-de-lajeado\/","og_site_name":"Folha Popular","article_published_time":"2020-12-17T18:00:33+00:00","article_modified_time":"2020-12-17T18:00:34+00:00","og_image":[{"width":450,"height":800,"url":"https:\/\/folhapopular.info\/wp-content\/uploads\/2020\/12\/Video-Sema-2-e1608227933440.jpeg","type":"image\/jpeg"}],"author":"Reda\u00e7\u00e3o Folha Popular","twitter_card":"summary_large_image","twitter_misc":{"Escrito por":"Reda\u00e7\u00e3o Folha Popular","Est. tempo de leitura":"1 minuto"},"schema":{"@context":"https:\/\/schema.org","@graph":[{"@type":"Article","@id":"https:\/\/folhapopular.info\/index.php\/2020\/12\/17\/embalagens-de-presente-sustentaveis-e-tema-de-video-lancado-pela-secretaria-do-meio-ambiente-de-lajeado\/#article","isPartOf":{"@id":"https:\/\/folhapopular.info\/index.php\/2020\/12\/17\/embalagens-de-presente-sustentaveis-e-tema-de-video-lancado-pela-secretaria-do-meio-ambiente-de-lajeado\/"},"author":{"name":"Reda\u00e7\u00e3o Folha Popular","@id":"https:\/\/folhapopular.info\/#\/schema\/person\/2814e8a0df7643585a9ca38bc6eb9d4b"},"headline":"Embalagens de presente sustent\u00e1veis \u00e9 tema de v\u00eddeo lan\u00e7ado pela Secretaria do Meio Ambiente de Lajeado","datePublished":"2020-12-17T18:00:33+00:00","dateModified":"2020-12-17T18:00:34+00:00","mainEntityOfPage":{"@id":"https:\/\/folhapopular.info\/index.php\/2020\/12\/17\/embalagens-de-presente-sustentaveis-e-tema-de-video-lancado-pela-secretaria-do-meio-ambiente-de-lajeado\/"},"wordCount":293,"commentCount":0,"image":{"@id":"https:\/\/folhapopular.info\/index.php\/2020\/12\/17\/embalagens-de-presente-sustentaveis-e-tema-de-video-lancado-pela-secretaria-do-meio-ambiente-de-lajeado\/#primaryimage"},"thumbnailUrl":"https:\/\/folhapopular.info\/wp-content\/uploads\/2020\/12\/Video-Sema-2-e1608227933440.jpeg","keywords":["Lajeado","Secretaria do Meio Ambiente"],"articleSection":["Destaques","Geral"],"inLanguage":"pt-BR","potentialAction":[{"@type":"CommentAction","name":"Comment","target":["https:\/\/folhapopular.info\/index.php\/2020\/12\/17\/embalagens-de-presente-sustentaveis-e-tema-de-video-lancado-pela-secretaria-do-meio-ambiente-de-lajeado\/#respond"]}]},{"@type":"WebPage","@id":"https:\/\/folhapopular.info\/index.php\/2020\/12\/17\/embalagens-de-presente-sustentaveis-e-tema-de-video-lancado-pela-secretaria-do-meio-ambiente-de-lajeado\/","url":"https:\/\/folhapopular.info\/index.php\/2020\/12\/17\/embalagens-de-presente-sustentaveis-e-tema-de-video-lancado-pela-secretaria-do-meio-ambiente-de-lajeado\/","name":"Embalagens de presente sustent\u00e1veis \u00e9 tema de v\u00eddeo lan\u00e7ado pela Secretaria do Meio Ambiente de Lajeado - Folha Popular","isPartOf":{"@id":"https:\/\/folhapopular.info\/#website"},"primaryImageOfPage":{"@id":"https:\/\/folhapopular.info\/index.php\/2020\/12\/17\/embalagens-de-presente-sustentaveis-e-tema-de-video-lancado-pela-secretaria-do-meio-ambiente-de-lajeado\/#primaryimage"},"image":{"@id":"https:\/\/folhapopular.info\/index.php\/2020\/12\/17\/embalagens-de-presente-sustentaveis-e-tema-de-video-lancado-pela-secretaria-do-meio-ambiente-de-lajeado\/#primaryimage"},"thumbnailUrl":"https:\/\/folhapopular.info\/wp-content\/uploads\/2020\/12\/Video-Sema-2-e1608227933440.jpeg","datePublished":"2020-12-17T18:00:33+00:00","dateModified":"2020-12-17T18:00:34+00:00","author":{"@id":"https:\/\/folhapopular.info\/#\/schema\/person\/2814e8a0df7643585a9ca38bc6eb9d4b"},"breadcrumb":{"@id":"https:\/\/folhapopular.info\/index.php\/2020\/12\/17\/embalagens-de-presente-sustentaveis-e-tema-de-video-lancado-pela-secretaria-do-meio-ambiente-de-lajeado\/#breadcrumb"},"inLanguage":"pt-BR","potentialAction":[{"@type":"ReadAction","target":["https:\/\/folhapopular.info\/index.php\/2020\/12\/17\/embalagens-de-presente-sustentaveis-e-tema-de-video-lancado-pela-secretaria-do-meio-ambiente-de-lajeado\/"]}]},{"@type":"ImageObject","inLanguage":"pt-BR","@id":"https:\/\/folhapopular.info\/index.php\/2020\/12\/17\/embalagens-de-presente-sustentaveis-e-tema-de-video-lancado-pela-secretaria-do-meio-ambiente-de-lajeado\/#primaryimage","url":"https:\/\/folhapopular.info\/wp-content\/uploads\/2020\/12\/Video-Sema-2-e1608227933440.jpeg","contentUrl":"https:\/\/folhapopular.info\/wp-content\/uploads\/2020\/12\/Video-Sema-2-e1608227933440.jpeg","width":450,"height":800},{"@type":"BreadcrumbList","@id":"https:\/\/folhapopular.info\/index.php\/2020\/12\/17\/embalagens-de-presente-sustentaveis-e-tema-de-video-lancado-pela-secretaria-do-meio-ambiente-de-lajeado\/#breadcrumb","itemListElement":[{"@type":"ListItem","position":1,"name":"In\u00edcio","item":"https:\/\/folhapopular.info\/"},{"@type":"ListItem","position":2,"name":"Embalagens de presente sustent\u00e1veis \u00e9 tema de v\u00eddeo lan\u00e7ado pela Secretaria do Meio Ambiente de Lajeado"}]},{"@type":"WebSite","@id":"https:\/\/folhapopular.info\/#website","url":"https:\/\/folhapopular.info\/","name":"Folha Popular","description":"Onde voc\u00ea tem vez e voz","potentialAction":[{"@type":"SearchAction","target":{"@type":"EntryPoint","urlTemplate":"https:\/\/folhapopular.info\/?s={search_term_string}"},"query-input":{"@type":"PropertyValueSpecification","valueRequired":true,"valueName":"search_term_string"}}],"inLanguage":"pt-BR"},{"@type":"Person","@id":"https:\/\/folhapopular.info\/#\/schema\/person\/2814e8a0df7643585a9ca38bc6eb9d4b","name":"Reda\u00e7\u00e3o Folha Popular","image":{"@type":"ImageObject","inLanguage":"pt-BR","@id":"https:\/\/folhapopular.info\/wp-content\/uploads\/2026\/04\/Folha-1.webp","url":"https:\/\/folhapopular.info\/wp-content\/uploads\/2026\/04\/Folha-1.webp","contentUrl":"https:\/\/folhapopular.info\/wp-content\/uploads\/2026\/04\/Folha-1.webp","caption":"Reda\u00e7\u00e3o Folha Popular"},"url":"https:\/\/folhapopular.info\/index.php\/author\/redacao\/"}]}},"jetpack_featured_media_url":"https:\/\/folhapopular.info\/wp-content\/uploads\/2020\/12\/Video-Sema-2-e1608227933440.jpeg","jetpack_sharing_enabled":true,"amp_enabled":true,"_links":{"self":[{"href":"https:\/\/folhapopular.info\/index.php\/wp-json\/wp\/v2\/posts\/76992","targetHints":{"allow":["GET"]}}],"collection":[{"href":"https:\/\/folhapopular.info\/index.php\/wp-json\/wp\/v2\/posts"}],"about":[{"href":"https:\/\/folhapopular.info\/index.php\/wp-json\/wp\/v2\/types\/post"}],"author":[{"embeddable":true,"href":"https:\/\/folhapopular.info\/index.php\/wp-json\/wp\/v2\/users\/8"}],"replies":[{"embeddable":true,"href":"https:\/\/folhapopular.info\/index.php\/wp-json\/wp\/v2\/comments?post=76992"}],"version-history":[{"count":0,"href":"https:\/\/folhapopular.info\/index.php\/wp-json\/wp\/v2\/posts\/76992\/revisions"}],"wp:featuredmedia":[{"embeddable":true,"href":"https:\/\/folhapopular.info\/index.php\/wp-json\/wp\/v2\/media\/76993"}],"wp:attachment":[{"href":"https:\/\/folhapopular.info\/index.php\/wp-json\/wp\/v2\/media?parent=76992"}],"wp:term":[{"taxonomy":"category","embeddable":true,"href":"https:\/\/folhapopular.info\/index.php\/wp-json\/wp\/v2\/categories?post=76992"},{"taxonomy":"post_tag","embeddable":true,"href":"https:\/\/folhapopular.info\/index.php\/wp-json\/wp\/v2\/tags?post=76992"}],"curies":[{"name":"wp","href":"https:\/\/api.w.org\/{rel}","templated":true}]}}