{"id":77071,"date":"2020-12-19T07:59:00","date_gmt":"2020-12-19T10:59:00","guid":{"rendered":"https:\/\/folhapopular.info\/?p=77071"},"modified":"2020-12-19T07:59:03","modified_gmt":"2020-12-19T10:59:03","slug":"capital-nacional-do-canto-coral-corais-municipais-de-teutonia-lancam-cd","status":"publish","type":"post","link":"https:\/\/folhapopular.info\/index.php\/2020\/12\/19\/capital-nacional-do-canto-coral-corais-municipais-de-teutonia-lancam-cd\/","title":{"rendered":"Capital Nacional do Canto Coral: Corais municipais de Teut\u00f4nia lan\u00e7am CD"},"content":{"rendered":"\n<p>Teut\u00f4nia \u00e9 a Capital Nacional do Canto Coral e como forma de refor\u00e7ar esta identidade, os tr\u00eas corais municipais celebram este legado em um CD lan\u00e7ado na noite desta quinta-feia, dia 17 de dezembro, em transmiss\u00e3o online. Trata-se de um disco com 12 faixas, que evidencia e homenageia a heran\u00e7a da coloniza\u00e7\u00e3o alem\u00e3, iniciada em 1858, e que \u00e9 mantida por mais de 50 corais ainda em atividade no munic\u00edpio.<\/p>\n\n\n\n<p>O lan\u00e7amento foi feito por meio de live no Facebook da Associa\u00e7\u00e3o dos Coros de Teut\u00f4nia (<a href=\"http:\/\/www.facebook.com\/acoteteutonia\/\" target=\"_blank\" rel=\"noreferrer noopener\">www.facebook.com\/acoteteutonia\/<\/a>), integrando a programa\u00e7\u00e3o Um Sonho de Natal. Na transmiss\u00e3o de um pouco mais de 20 minutos, \u00e9 poss\u00edvel conferir uma palhinha do disco, bem como conhecer um pouco melhor o Coral Municipal (coral adulto), Coral Municipal Anos Dourados (com integrantes da Melhor Idade) e o Coral Municipal Infantojuvenil.<\/p>\n\n\n\n<p>O prefeito, Jonatan Br\u00f6nstrup, enalteceu que o CD do Movimento Coral Teut\u00f4nia resgata a ess\u00eancia cultural do munic\u00edpio. \u201cO canto coral em Teut\u00f4nia \u00e9 um legado que jamais pode ser apagado. \u00c9 algo que precisa ser refor\u00e7ado e estimulado \u00e0s futuras gera\u00e7\u00f5es. \u00c9 preciso, sim, respeitar as tradi\u00e7\u00f5es centen\u00e1rias, mas tamb\u00e9m \u00e9 preciso trazer a inova\u00e7\u00e3o. E por isso, institu\u00edmos em lei a cria\u00e7\u00e3o dos tr\u00eas coros, que evidenciam ainda mais a nossa tradi\u00e7\u00e3o. Do mais novo ao idoso, s\u00e3o vozes que cantam e encantam, trazem leveza, aquecem o cora\u00e7\u00e3o e nos fazem cantar junto\u201d, sublinhou.<\/p>\n\n\n\n<p>O regente do Coral Municipal Infantojuvenil, maestro Marlon Gausmann, lembrou que o projeto do coro jovem iniciou em 2018, com a sele\u00e7\u00e3o de vozes nas escolas de Teut\u00f4nia. \u201cHoje, com muito orgulho, estamos participando e eternizando este belo trabalho com quatro can\u00e7\u00f5es no CD que estamos lan\u00e7ando\u201d, colocou.<\/p>\n\n\n\n<p>O regente dos corais Municipal e Anos Dourados, maestro Martin Altevogt, colocou que foi desafiador produzir o CD em \u00e9poca de pandemia. \u201cMontar algo assim demanda tempo e h\u00e1 muito trabalho para os cantores quanto para os m\u00fasicos que est\u00e3o nos bastidores, para sincronizar as vozes, como se todos estivessem cantando ao mesmo tempo. Portanto, parab\u00e9ns a todos que se dedicam para manter o canto coral vivo, mesmo durante o momento de distanciamento social\u201d, frisou, acrescentando que o Coral Municipal foi fundado em 1983 e o Coral Anos Dourados em 2009.<\/p>\n\n\n\n<p>A presidente da Associa\u00e7\u00e3o de Coros de Teut\u00f4nia, Rosita Schneider, enalteceu que o CD reflete a dedica\u00e7\u00e3o e a valoriza\u00e7\u00e3o que a arte do canto coral no munic\u00edpio. \u201cComo representante de todos os coralistas de Teut\u00f4nia, fico muito feliz em vez que a arte prevalece, mesmo em tempos t\u00e3o dif\u00edceis, produzindo material de alta qualidade. Os grupos que participam deste CD mostram que cantar n\u00e3o tem idade, que sempre vale a pena incentivar esta arte, desde cedo\u201d, afirmou.<\/p>\n\n\n\n<p>O disco conta com 12 faixas, sendo seis do Coral Municipal, duas do Coral Municipal Anos Dourados e quatro do Coral Municipal Infantojuvenil. No repert\u00f3rio, est\u00e3o m\u00fasicas nacionais e internacionais, conforme segue:<br>1. Disparada, entoada pelo Coral Municipal. M\u00fasica de Geraldo Vandr\u00e9 e Th\u00e9o Barros, com arranjo de Marcos Leite e Regina Lucatto;<\/p>\n\n\n\n<p>2. A Minha Vida, entoada pelo Coral Anos Dourados. M\u00fasica de Jo\u00e3o Lopes e arranjo de Martin Altevogt;<\/p>\n\n\n\n<p>3. Can\u00e7\u00e3o da Meia-noite, entoada pelo Coral Infantojuvenil. M\u00fasica de Os Alm\u00f4ndegas e arranjo de Martin Altevogt;<\/p>\n\n\n\n<p>4. Can\u00e7\u00e3o do Amigo, entoada entoada pelo Coral Municipal. M\u00fasica de Rui Biriva, Elton Saldanha e Vaine Darde, com arranjo de Gerson de Souza;<\/p>\n\n\n\n<p>5. O Caderno, entoada pelo Coral Infantojuvenil. M\u00fasica de Toquinho e Matinho, com adapta\u00e7\u00e3o de Marlon Gausmann;<\/p>\n\n\n\n<p>6. Paci\u00eancia, entoada pelo Coral Municipal. M\u00fasica de Lenine, com arranjo de Fernando Magalh\u00e3es;<\/p>\n\n\n\n<p>7. Marmor, Stein un Eisen Bricht, entoada pelo Coral Anos Dourados. M\u00fasica de Drafi Deutscher, com adapta\u00e7\u00e3o de Michel Guckert;<\/p>\n\n\n\n<p>8. Meu Abrigo, entoada pelo Coral Infantojuvenil. M\u00fasica de Gabriela e Rodrigo Melim, com arranjo de Marlon Gausmann;<\/p>\n\n\n\n<p>9. Avsenik Medley, entoada pelo Coral Municipal. M\u00fasica de Slavko Avsenik, com arranjo de Perpetuum Jazzile;<\/p>\n\n\n\n<p>10. Stand by me, entoada pelo Coral Infantojuvenil. M\u00fasica de Ben E. King, com arranjo de Marlon Gausmann;<\/p>\n\n\n\n<p>11. Merceditas, entoada pelo Coral Municipal. M\u00fasica de Ram\u00f3n Sixto Rios e arranjo de Martin Altevogt;<\/p>\n\n\n\n<p>12. A Paz, entoada pelo Coral Municipal. Vers\u00e3o do grupo Roupa Nova.<\/p>\n\n\n\n<p>Em torno de 1 mil CDs foram produzidos inicialmente. A pr\u00e9-produ\u00e7\u00e3o, grava\u00e7\u00e3o, edi\u00e7\u00e3o, mixagem e masteriza\u00e7\u00e3o do CD, bem como a produ\u00e7\u00e3o de foto e arte da capa e a duplica\u00e7\u00e3o do disco em 1 mil c\u00f3pias, foram feitos pela empresa G. de Souza Educa\u00e7\u00e3o Musical, de Roca Sales. O investimento do Munic\u00edpio foi de R$ 17.500,00.<\/p>\n\n\n\n<p>Quem tiver interesse no CD, poder\u00e1 contatar os regentes ou a Secretaria de Juventude, Cultura, Esporte e Lazer. Em breve, as faixas do tamb\u00e9m ser\u00e3o disponibilizadas, inclusive para download, no site da Prefeitura, na aba Turismo.<\/p>\n\n\n\n<p>Devido \u00e0 pandemia do Covi-19, os corais n\u00e3o puderam se encontrar para gravar em grupo para fazer a capta\u00e7\u00e3o de \u00e1udio para o CD. Assim, a grava\u00e7\u00e3o foi feita individualmente, ou seja, cada coralista, mediante agendamento, gravou a sua voz. Desta forma, cada voz precisou ser editada, para ent\u00e3o realizar &nbsp;a sincroniza\u00e7\u00e3o para dar a sonoridade do canto coral.<\/p>\n\n\n\n<p>O CD celebra um per\u00edodo de conquistas para o Movimento Canto Coral de Teut\u00f4nia, com destaque para as leis de cria\u00e7\u00e3o dos tr\u00eas coros municipais e o t\u00edtulo de Capital Nacional de Canto Coral, auferido ao munic\u00edpio por meio da Lei Federal n\u00ba 13.563\/2017. O projeto para tornar Teut\u00f4nia a Capital Nacional do Canto Coral tramitou no Congresso Nacional por cerca de sete anos, sendo sancionado pelo ent\u00e3o presidente Michel Temer no dia 21 de dezembro de 2017.<\/p>\n\n\n\n<figure class=\"wp-block-image size-large is-resized\"><img loading=\"lazy\" decoding=\"async\" src=\"https:\/\/folhapopular.info\/wp-content\/uploads\/2020\/12\/Lancamento-do-CD-ocorreu-de-forma-virtual-1024x683.jpg\" alt=\"\" class=\"wp-image-77072\" width=\"1024\" height=\"683\" srcset=\"https:\/\/folhapopular.info\/wp-content\/uploads\/2020\/12\/Lancamento-do-CD-ocorreu-de-forma-virtual-1024x683.jpg 1024w, https:\/\/folhapopular.info\/wp-content\/uploads\/2020\/12\/Lancamento-do-CD-ocorreu-de-forma-virtual-300x200.jpg 300w, https:\/\/folhapopular.info\/wp-content\/uploads\/2020\/12\/Lancamento-do-CD-ocorreu-de-forma-virtual-768x512.jpg 768w, https:\/\/folhapopular.info\/wp-content\/uploads\/2020\/12\/Lancamento-do-CD-ocorreu-de-forma-virtual-1536x1024.jpg 1536w, https:\/\/folhapopular.info\/wp-content\/uploads\/2020\/12\/Lancamento-do-CD-ocorreu-de-forma-virtual-2048x1365.jpg 2048w, https:\/\/folhapopular.info\/wp-content\/uploads\/2020\/12\/Lancamento-do-CD-ocorreu-de-forma-virtual-696x464.jpg 696w, https:\/\/folhapopular.info\/wp-content\/uploads\/2020\/12\/Lancamento-do-CD-ocorreu-de-forma-virtual-1068x712.jpg 1068w, https:\/\/folhapopular.info\/wp-content\/uploads\/2020\/12\/Lancamento-do-CD-ocorreu-de-forma-virtual-1920x1280.jpg 1920w, https:\/\/folhapopular.info\/wp-content\/uploads\/2020\/12\/Lancamento-do-CD-ocorreu-de-forma-virtual-630x420.jpg 630w\" sizes=\"auto, (max-width: 1024px) 100vw, 1024px\" \/><figcaption>Lan\u00e7amento do CD ocorreu de forma virtual \/ Cr\u00e9dito da foto: \u00c9dson Lu\u00eds Schaeffer \/ Divulga\u00e7\u00e3o<\/figcaption><\/figure>\n","protected":false},"excerpt":{"rendered":"<p>Teut\u00f4nia \u00e9 a Capital Nacional do Canto Coral e como forma de refor\u00e7ar esta identidade, os tr\u00eas corais municipais celebram este legado em um CD lan\u00e7ado na noite desta quinta-feia, dia 17 de dezembro, em transmiss\u00e3o online. Trata-se de um disco com 12 faixas, que evidencia e homenageia a heran\u00e7a da coloniza\u00e7\u00e3o alem\u00e3, iniciada em [&hellip;]<\/p>\n","protected":false},"author":8,"featured_media":77073,"comment_status":"open","ping_status":"open","sticky":false,"template":"","format":"standard","meta":{"pmpro_default_level":"","_jetpack_memberships_contains_paid_content":false,"footnotes":""},"categories":[2,6],"tags":[6192,552,26],"class_list":{"0":"post-77071","1":"post","2":"type-post","3":"status-publish","4":"format-standard","5":"has-post-thumbnail","7":"category-featured","8":"category-inclusive","9":"tag-cd","10":"tag-corais","11":"tag-teutonia","12":"pmpro-has-access"},"yoast_head":"<!-- This site is optimized with the Yoast SEO plugin v27.5 - https:\/\/yoast.com\/product\/yoast-seo-wordpress\/ -->\n<title>Capital Nacional do Canto Coral: Corais municipais de Teut\u00f4nia lan\u00e7am CD - Folha Popular<\/title>\n<meta name=\"robots\" content=\"index, follow, max-snippet:-1, max-image-preview:large, max-video-preview:-1\" \/>\n<link rel=\"canonical\" href=\"https:\/\/folhapopular.info\/index.php\/2020\/12\/19\/capital-nacional-do-canto-coral-corais-municipais-de-teutonia-lancam-cd\/\" \/>\n<meta property=\"og:locale\" content=\"pt_BR\" \/>\n<meta property=\"og:type\" content=\"article\" \/>\n<meta property=\"og:title\" content=\"Capital Nacional do Canto Coral: Corais municipais de Teut\u00f4nia lan\u00e7am CD - Folha Popular\" \/>\n<meta property=\"og:description\" content=\"Teut\u00f4nia \u00e9 a Capital Nacional do Canto Coral e como forma de refor\u00e7ar esta identidade, os tr\u00eas corais municipais celebram este legado em um CD lan\u00e7ado na noite desta quinta-feia, dia 17 de dezembro, em transmiss\u00e3o online. Trata-se de um disco com 12 faixas, que evidencia e homenageia a heran\u00e7a da coloniza\u00e7\u00e3o alem\u00e3, iniciada em [&hellip;]\" \/>\n<meta property=\"og:url\" content=\"https:\/\/folhapopular.info\/index.php\/2020\/12\/19\/capital-nacional-do-canto-coral-corais-municipais-de-teutonia-lancam-cd\/\" \/>\n<meta property=\"og:site_name\" content=\"Folha Popular\" \/>\n<meta property=\"article:published_time\" content=\"2020-12-19T10:59:00+00:00\" \/>\n<meta property=\"article:modified_time\" content=\"2020-12-19T10:59:03+00:00\" \/>\n<meta property=\"og:image\" content=\"https:\/\/folhapopular.info\/wp-content\/uploads\/2020\/12\/CD-tem-12-faixas-com-cancoes-entoadas-pelos-tres-corais-municipais-de-Teutonia-1-scaled-e1608375384452.jpg\" \/>\n\t<meta property=\"og:image:width\" content=\"800\" \/>\n\t<meta property=\"og:image:height\" content=\"533\" \/>\n\t<meta property=\"og:image:type\" content=\"image\/jpeg\" \/>\n<meta name=\"author\" content=\"Reda\u00e7\u00e3o Folha Popular\" \/>\n<meta name=\"twitter:card\" content=\"summary_large_image\" \/>\n<meta name=\"twitter:label1\" content=\"Escrito por\" \/>\n\t<meta name=\"twitter:data1\" content=\"Reda\u00e7\u00e3o Folha Popular\" \/>\n\t<meta name=\"twitter:label2\" content=\"Est. tempo de leitura\" \/>\n\t<meta name=\"twitter:data2\" content=\"5 minutos\" \/>\n<script type=\"application\/ld+json\" class=\"yoast-schema-graph\">{\"@context\":\"https:\\\/\\\/schema.org\",\"@graph\":[{\"@type\":\"Article\",\"@id\":\"https:\\\/\\\/folhapopular.info\\\/index.php\\\/2020\\\/12\\\/19\\\/capital-nacional-do-canto-coral-corais-municipais-de-teutonia-lancam-cd\\\/#article\",\"isPartOf\":{\"@id\":\"https:\\\/\\\/folhapopular.info\\\/index.php\\\/2020\\\/12\\\/19\\\/capital-nacional-do-canto-coral-corais-municipais-de-teutonia-lancam-cd\\\/\"},\"author\":{\"name\":\"Reda\u00e7\u00e3o Folha Popular\",\"@id\":\"https:\\\/\\\/folhapopular.info\\\/#\\\/schema\\\/person\\\/2814e8a0df7643585a9ca38bc6eb9d4b\"},\"headline\":\"Capital Nacional do Canto Coral: Corais municipais de Teut\u00f4nia lan\u00e7am CD\",\"datePublished\":\"2020-12-19T10:59:00+00:00\",\"dateModified\":\"2020-12-19T10:59:03+00:00\",\"mainEntityOfPage\":{\"@id\":\"https:\\\/\\\/folhapopular.info\\\/index.php\\\/2020\\\/12\\\/19\\\/capital-nacional-do-canto-coral-corais-municipais-de-teutonia-lancam-cd\\\/\"},\"wordCount\":1018,\"commentCount\":0,\"image\":{\"@id\":\"https:\\\/\\\/folhapopular.info\\\/index.php\\\/2020\\\/12\\\/19\\\/capital-nacional-do-canto-coral-corais-municipais-de-teutonia-lancam-cd\\\/#primaryimage\"},\"thumbnailUrl\":\"https:\\\/\\\/folhapopular.info\\\/wp-content\\\/uploads\\\/2020\\\/12\\\/CD-tem-12-faixas-com-cancoes-entoadas-pelos-tres-corais-municipais-de-Teutonia-1-scaled-e1608375384452.jpg\",\"keywords\":[\"CD\",\"Corais\",\"Teut\u00f4nia\"],\"articleSection\":[\"Destaques\",\"Inclusive\"],\"inLanguage\":\"pt-BR\",\"potentialAction\":[{\"@type\":\"CommentAction\",\"name\":\"Comment\",\"target\":[\"https:\\\/\\\/folhapopular.info\\\/index.php\\\/2020\\\/12\\\/19\\\/capital-nacional-do-canto-coral-corais-municipais-de-teutonia-lancam-cd\\\/#respond\"]}]},{\"@type\":\"WebPage\",\"@id\":\"https:\\\/\\\/folhapopular.info\\\/index.php\\\/2020\\\/12\\\/19\\\/capital-nacional-do-canto-coral-corais-municipais-de-teutonia-lancam-cd\\\/\",\"url\":\"https:\\\/\\\/folhapopular.info\\\/index.php\\\/2020\\\/12\\\/19\\\/capital-nacional-do-canto-coral-corais-municipais-de-teutonia-lancam-cd\\\/\",\"name\":\"Capital Nacional do Canto Coral: Corais municipais de Teut\u00f4nia lan\u00e7am CD - Folha Popular\",\"isPartOf\":{\"@id\":\"https:\\\/\\\/folhapopular.info\\\/#website\"},\"primaryImageOfPage\":{\"@id\":\"https:\\\/\\\/folhapopular.info\\\/index.php\\\/2020\\\/12\\\/19\\\/capital-nacional-do-canto-coral-corais-municipais-de-teutonia-lancam-cd\\\/#primaryimage\"},\"image\":{\"@id\":\"https:\\\/\\\/folhapopular.info\\\/index.php\\\/2020\\\/12\\\/19\\\/capital-nacional-do-canto-coral-corais-municipais-de-teutonia-lancam-cd\\\/#primaryimage\"},\"thumbnailUrl\":\"https:\\\/\\\/folhapopular.info\\\/wp-content\\\/uploads\\\/2020\\\/12\\\/CD-tem-12-faixas-com-cancoes-entoadas-pelos-tres-corais-municipais-de-Teutonia-1-scaled-e1608375384452.jpg\",\"datePublished\":\"2020-12-19T10:59:00+00:00\",\"dateModified\":\"2020-12-19T10:59:03+00:00\",\"author\":{\"@id\":\"https:\\\/\\\/folhapopular.info\\\/#\\\/schema\\\/person\\\/2814e8a0df7643585a9ca38bc6eb9d4b\"},\"breadcrumb\":{\"@id\":\"https:\\\/\\\/folhapopular.info\\\/index.php\\\/2020\\\/12\\\/19\\\/capital-nacional-do-canto-coral-corais-municipais-de-teutonia-lancam-cd\\\/#breadcrumb\"},\"inLanguage\":\"pt-BR\",\"potentialAction\":[{\"@type\":\"ReadAction\",\"target\":[\"https:\\\/\\\/folhapopular.info\\\/index.php\\\/2020\\\/12\\\/19\\\/capital-nacional-do-canto-coral-corais-municipais-de-teutonia-lancam-cd\\\/\"]}]},{\"@type\":\"ImageObject\",\"inLanguage\":\"pt-BR\",\"@id\":\"https:\\\/\\\/folhapopular.info\\\/index.php\\\/2020\\\/12\\\/19\\\/capital-nacional-do-canto-coral-corais-municipais-de-teutonia-lancam-cd\\\/#primaryimage\",\"url\":\"https:\\\/\\\/folhapopular.info\\\/wp-content\\\/uploads\\\/2020\\\/12\\\/CD-tem-12-faixas-com-cancoes-entoadas-pelos-tres-corais-municipais-de-Teutonia-1-scaled-e1608375384452.jpg\",\"contentUrl\":\"https:\\\/\\\/folhapopular.info\\\/wp-content\\\/uploads\\\/2020\\\/12\\\/CD-tem-12-faixas-com-cancoes-entoadas-pelos-tres-corais-municipais-de-Teutonia-1-scaled-e1608375384452.jpg\",\"width\":800,\"height\":533,\"caption\":\"CD tem 12 faixas, com can\u00e7\u00f5es entoadas pelos tr\u00eas corais municipais de Teut\u00f4nia \\\/ Cr\u00e9dito da foto: \u00c9dson Lu\u00eds Schaeffer \\\/ Divulga\u00e7\u00e3o\"},{\"@type\":\"BreadcrumbList\",\"@id\":\"https:\\\/\\\/folhapopular.info\\\/index.php\\\/2020\\\/12\\\/19\\\/capital-nacional-do-canto-coral-corais-municipais-de-teutonia-lancam-cd\\\/#breadcrumb\",\"itemListElement\":[{\"@type\":\"ListItem\",\"position\":1,\"name\":\"In\u00edcio\",\"item\":\"https:\\\/\\\/folhapopular.info\\\/\"},{\"@type\":\"ListItem\",\"position\":2,\"name\":\"Capital Nacional do Canto Coral: Corais municipais de Teut\u00f4nia lan\u00e7am CD\"}]},{\"@type\":\"WebSite\",\"@id\":\"https:\\\/\\\/folhapopular.info\\\/#website\",\"url\":\"https:\\\/\\\/folhapopular.info\\\/\",\"name\":\"Folha Popular\",\"description\":\"Onde voc\u00ea tem vez e voz\",\"potentialAction\":[{\"@type\":\"SearchAction\",\"target\":{\"@type\":\"EntryPoint\",\"urlTemplate\":\"https:\\\/\\\/folhapopular.info\\\/?s={search_term_string}\"},\"query-input\":{\"@type\":\"PropertyValueSpecification\",\"valueRequired\":true,\"valueName\":\"search_term_string\"}}],\"inLanguage\":\"pt-BR\"},{\"@type\":\"Person\",\"@id\":\"https:\\\/\\\/folhapopular.info\\\/#\\\/schema\\\/person\\\/2814e8a0df7643585a9ca38bc6eb9d4b\",\"name\":\"Reda\u00e7\u00e3o Folha Popular\",\"image\":{\"@type\":\"ImageObject\",\"inLanguage\":\"pt-BR\",\"@id\":\"https:\\\/\\\/folhapopular.info\\\/wp-content\\\/uploads\\\/2026\\\/04\\\/Folha-1.webp\",\"url\":\"https:\\\/\\\/folhapopular.info\\\/wp-content\\\/uploads\\\/2026\\\/04\\\/Folha-1.webp\",\"contentUrl\":\"https:\\\/\\\/folhapopular.info\\\/wp-content\\\/uploads\\\/2026\\\/04\\\/Folha-1.webp\",\"caption\":\"Reda\u00e7\u00e3o Folha Popular\"},\"url\":\"https:\\\/\\\/folhapopular.info\\\/index.php\\\/author\\\/redacao\\\/\"}]}<\/script>\n<!-- \/ Yoast SEO plugin. -->","yoast_head_json":{"title":"Capital Nacional do Canto Coral: Corais municipais de Teut\u00f4nia lan\u00e7am CD - Folha Popular","robots":{"index":"index","follow":"follow","max-snippet":"max-snippet:-1","max-image-preview":"max-image-preview:large","max-video-preview":"max-video-preview:-1"},"canonical":"https:\/\/folhapopular.info\/index.php\/2020\/12\/19\/capital-nacional-do-canto-coral-corais-municipais-de-teutonia-lancam-cd\/","og_locale":"pt_BR","og_type":"article","og_title":"Capital Nacional do Canto Coral: Corais municipais de Teut\u00f4nia lan\u00e7am CD - Folha Popular","og_description":"Teut\u00f4nia \u00e9 a Capital Nacional do Canto Coral e como forma de refor\u00e7ar esta identidade, os tr\u00eas corais municipais celebram este legado em um CD lan\u00e7ado na noite desta quinta-feia, dia 17 de dezembro, em transmiss\u00e3o online. Trata-se de um disco com 12 faixas, que evidencia e homenageia a heran\u00e7a da coloniza\u00e7\u00e3o alem\u00e3, iniciada em [&hellip;]","og_url":"https:\/\/folhapopular.info\/index.php\/2020\/12\/19\/capital-nacional-do-canto-coral-corais-municipais-de-teutonia-lancam-cd\/","og_site_name":"Folha Popular","article_published_time":"2020-12-19T10:59:00+00:00","article_modified_time":"2020-12-19T10:59:03+00:00","og_image":[{"width":800,"height":533,"url":"https:\/\/folhapopular.info\/wp-content\/uploads\/2020\/12\/CD-tem-12-faixas-com-cancoes-entoadas-pelos-tres-corais-municipais-de-Teutonia-1-scaled-e1608375384452.jpg","type":"image\/jpeg"}],"author":"Reda\u00e7\u00e3o Folha Popular","twitter_card":"summary_large_image","twitter_misc":{"Escrito por":"Reda\u00e7\u00e3o Folha Popular","Est. tempo de leitura":"5 minutos"},"schema":{"@context":"https:\/\/schema.org","@graph":[{"@type":"Article","@id":"https:\/\/folhapopular.info\/index.php\/2020\/12\/19\/capital-nacional-do-canto-coral-corais-municipais-de-teutonia-lancam-cd\/#article","isPartOf":{"@id":"https:\/\/folhapopular.info\/index.php\/2020\/12\/19\/capital-nacional-do-canto-coral-corais-municipais-de-teutonia-lancam-cd\/"},"author":{"name":"Reda\u00e7\u00e3o Folha Popular","@id":"https:\/\/folhapopular.info\/#\/schema\/person\/2814e8a0df7643585a9ca38bc6eb9d4b"},"headline":"Capital Nacional do Canto Coral: Corais municipais de Teut\u00f4nia lan\u00e7am CD","datePublished":"2020-12-19T10:59:00+00:00","dateModified":"2020-12-19T10:59:03+00:00","mainEntityOfPage":{"@id":"https:\/\/folhapopular.info\/index.php\/2020\/12\/19\/capital-nacional-do-canto-coral-corais-municipais-de-teutonia-lancam-cd\/"},"wordCount":1018,"commentCount":0,"image":{"@id":"https:\/\/folhapopular.info\/index.php\/2020\/12\/19\/capital-nacional-do-canto-coral-corais-municipais-de-teutonia-lancam-cd\/#primaryimage"},"thumbnailUrl":"https:\/\/folhapopular.info\/wp-content\/uploads\/2020\/12\/CD-tem-12-faixas-com-cancoes-entoadas-pelos-tres-corais-municipais-de-Teutonia-1-scaled-e1608375384452.jpg","keywords":["CD","Corais","Teut\u00f4nia"],"articleSection":["Destaques","Inclusive"],"inLanguage":"pt-BR","potentialAction":[{"@type":"CommentAction","name":"Comment","target":["https:\/\/folhapopular.info\/index.php\/2020\/12\/19\/capital-nacional-do-canto-coral-corais-municipais-de-teutonia-lancam-cd\/#respond"]}]},{"@type":"WebPage","@id":"https:\/\/folhapopular.info\/index.php\/2020\/12\/19\/capital-nacional-do-canto-coral-corais-municipais-de-teutonia-lancam-cd\/","url":"https:\/\/folhapopular.info\/index.php\/2020\/12\/19\/capital-nacional-do-canto-coral-corais-municipais-de-teutonia-lancam-cd\/","name":"Capital Nacional do Canto Coral: Corais municipais de Teut\u00f4nia lan\u00e7am CD - Folha Popular","isPartOf":{"@id":"https:\/\/folhapopular.info\/#website"},"primaryImageOfPage":{"@id":"https:\/\/folhapopular.info\/index.php\/2020\/12\/19\/capital-nacional-do-canto-coral-corais-municipais-de-teutonia-lancam-cd\/#primaryimage"},"image":{"@id":"https:\/\/folhapopular.info\/index.php\/2020\/12\/19\/capital-nacional-do-canto-coral-corais-municipais-de-teutonia-lancam-cd\/#primaryimage"},"thumbnailUrl":"https:\/\/folhapopular.info\/wp-content\/uploads\/2020\/12\/CD-tem-12-faixas-com-cancoes-entoadas-pelos-tres-corais-municipais-de-Teutonia-1-scaled-e1608375384452.jpg","datePublished":"2020-12-19T10:59:00+00:00","dateModified":"2020-12-19T10:59:03+00:00","author":{"@id":"https:\/\/folhapopular.info\/#\/schema\/person\/2814e8a0df7643585a9ca38bc6eb9d4b"},"breadcrumb":{"@id":"https:\/\/folhapopular.info\/index.php\/2020\/12\/19\/capital-nacional-do-canto-coral-corais-municipais-de-teutonia-lancam-cd\/#breadcrumb"},"inLanguage":"pt-BR","potentialAction":[{"@type":"ReadAction","target":["https:\/\/folhapopular.info\/index.php\/2020\/12\/19\/capital-nacional-do-canto-coral-corais-municipais-de-teutonia-lancam-cd\/"]}]},{"@type":"ImageObject","inLanguage":"pt-BR","@id":"https:\/\/folhapopular.info\/index.php\/2020\/12\/19\/capital-nacional-do-canto-coral-corais-municipais-de-teutonia-lancam-cd\/#primaryimage","url":"https:\/\/folhapopular.info\/wp-content\/uploads\/2020\/12\/CD-tem-12-faixas-com-cancoes-entoadas-pelos-tres-corais-municipais-de-Teutonia-1-scaled-e1608375384452.jpg","contentUrl":"https:\/\/folhapopular.info\/wp-content\/uploads\/2020\/12\/CD-tem-12-faixas-com-cancoes-entoadas-pelos-tres-corais-municipais-de-Teutonia-1-scaled-e1608375384452.jpg","width":800,"height":533,"caption":"CD tem 12 faixas, com can\u00e7\u00f5es entoadas pelos tr\u00eas corais municipais de Teut\u00f4nia \/ Cr\u00e9dito da foto: \u00c9dson Lu\u00eds Schaeffer \/ Divulga\u00e7\u00e3o"},{"@type":"BreadcrumbList","@id":"https:\/\/folhapopular.info\/index.php\/2020\/12\/19\/capital-nacional-do-canto-coral-corais-municipais-de-teutonia-lancam-cd\/#breadcrumb","itemListElement":[{"@type":"ListItem","position":1,"name":"In\u00edcio","item":"https:\/\/folhapopular.info\/"},{"@type":"ListItem","position":2,"name":"Capital Nacional do Canto Coral: Corais municipais de Teut\u00f4nia lan\u00e7am CD"}]},{"@type":"WebSite","@id":"https:\/\/folhapopular.info\/#website","url":"https:\/\/folhapopular.info\/","name":"Folha Popular","description":"Onde voc\u00ea tem vez e voz","potentialAction":[{"@type":"SearchAction","target":{"@type":"EntryPoint","urlTemplate":"https:\/\/folhapopular.info\/?s={search_term_string}"},"query-input":{"@type":"PropertyValueSpecification","valueRequired":true,"valueName":"search_term_string"}}],"inLanguage":"pt-BR"},{"@type":"Person","@id":"https:\/\/folhapopular.info\/#\/schema\/person\/2814e8a0df7643585a9ca38bc6eb9d4b","name":"Reda\u00e7\u00e3o Folha Popular","image":{"@type":"ImageObject","inLanguage":"pt-BR","@id":"https:\/\/folhapopular.info\/wp-content\/uploads\/2026\/04\/Folha-1.webp","url":"https:\/\/folhapopular.info\/wp-content\/uploads\/2026\/04\/Folha-1.webp","contentUrl":"https:\/\/folhapopular.info\/wp-content\/uploads\/2026\/04\/Folha-1.webp","caption":"Reda\u00e7\u00e3o Folha Popular"},"url":"https:\/\/folhapopular.info\/index.php\/author\/redacao\/"}]}},"jetpack_featured_media_url":"https:\/\/folhapopular.info\/wp-content\/uploads\/2020\/12\/CD-tem-12-faixas-com-cancoes-entoadas-pelos-tres-corais-municipais-de-Teutonia-1-scaled-e1608375384452.jpg","jetpack_sharing_enabled":true,"amp_enabled":true,"_links":{"self":[{"href":"https:\/\/folhapopular.info\/index.php\/wp-json\/wp\/v2\/posts\/77071","targetHints":{"allow":["GET"]}}],"collection":[{"href":"https:\/\/folhapopular.info\/index.php\/wp-json\/wp\/v2\/posts"}],"about":[{"href":"https:\/\/folhapopular.info\/index.php\/wp-json\/wp\/v2\/types\/post"}],"author":[{"embeddable":true,"href":"https:\/\/folhapopular.info\/index.php\/wp-json\/wp\/v2\/users\/8"}],"replies":[{"embeddable":true,"href":"https:\/\/folhapopular.info\/index.php\/wp-json\/wp\/v2\/comments?post=77071"}],"version-history":[{"count":0,"href":"https:\/\/folhapopular.info\/index.php\/wp-json\/wp\/v2\/posts\/77071\/revisions"}],"wp:featuredmedia":[{"embeddable":true,"href":"https:\/\/folhapopular.info\/index.php\/wp-json\/wp\/v2\/media\/77073"}],"wp:attachment":[{"href":"https:\/\/folhapopular.info\/index.php\/wp-json\/wp\/v2\/media?parent=77071"}],"wp:term":[{"taxonomy":"category","embeddable":true,"href":"https:\/\/folhapopular.info\/index.php\/wp-json\/wp\/v2\/categories?post=77071"},{"taxonomy":"post_tag","embeddable":true,"href":"https:\/\/folhapopular.info\/index.php\/wp-json\/wp\/v2\/tags?post=77071"}],"curies":[{"name":"wp","href":"https:\/\/api.w.org\/{rel}","templated":true}]}}