{"id":77385,"date":"2020-12-30T19:00:00","date_gmt":"2020-12-30T22:00:00","guid":{"rendered":"https:\/\/folhapopular.info\/?p=77385"},"modified":"2020-12-31T07:55:35","modified_gmt":"2020-12-31T10:55:35","slug":"sequestro-um-campeao-literalmente-coroado","status":"publish","type":"post","link":"https:\/\/folhapopular.info\/index.php\/2020\/12\/30\/sequestro-um-campeao-literalmente-coroado\/","title":{"rendered":"Sequestro: Um campe\u00e3o literalmente coroado"},"content":{"rendered":"<p>Desde que o Hist\u00f3rias de Campe\u00e3o come\u00e7ou, j\u00e1 contamos a trajet\u00f3ria de mais de 30 atletas do futebol amador da regi\u00e3o. E todo mundo sabe que apelido diferente \u00e9 o que n\u00e3o falta nesse mundo da bola. Cl\u00eanio Saldanha que o diga. N\u00e3o ligou o nome \u00e0 pessoa? Bom, estamos falando do Sequestro, figura conhecida&#8230; <\/p>\n<div class=\"pmpro\">\n<div class=\"pmpro_card pmpro_content_message\">\n<div class=\"pmpro_card_content\">Este conte\u00fado \u00e9 apenas para associados Grupo Popular &#8211; Conte\u00fado Total Anual e Grupo Popular &#8211; Conte\u00fado Total Mensal. <br \/><a href=\"https:\/\/folhapopular.info\/wp-login.php?action=register\">Cadastre-se<\/a><\/div>\n<div class=\"pmpro_card_actions pmpro_font-medium\">J\u00e1 se associou? <a href=\"https:\/\/folhapopular.info\/wp-login.php?redirect_to=https%3A%2F%2Ffolhapopular.info%2Findex.php%2F2020%2F12%2F30%2Fsequestro-um-campeao-literalmente-coroado%2F\">Acesse aqui<\/a><\/div>\n<\/div>\n<\/div>\n","protected":false},"excerpt":{"rendered":"<p>Desde que o Hist\u00f3rias de Campe\u00e3o come\u00e7ou, j\u00e1 contamos a trajet\u00f3ria de mais de 30 atletas do futebol amador da regi\u00e3o. E todo mundo sabe que apelido diferente \u00e9 o que n\u00e3o falta nesse mundo da bola. Cl\u00eanio Saldanha que o diga. N\u00e3o ligou o nome \u00e0 pessoa? Bom, estamos falando do Sequestro, figura conhecida... <\/p>\n<div class=\"pmpro\"><div class=\"pmpro_card pmpro_content_message\"><div class=\"pmpro_card_content\">Este conte\u00fado \u00e9 apenas para associados Grupo Popular - Conte\u00fado Total Anual e Grupo Popular - Conte\u00fado Total Mensal. <br \/><a href=\"https:\/\/folhapopular.info\/wp-login.php?action=register\">Cadastre-se<\/a><\/div><div class=\"pmpro_card_actions pmpro_font-medium\">J\u00e1 se associou? <a href=\"https:\/\/folhapopular.info\/wp-login.php?redirect_to=https%3A%2F%2Ffolhapopular.info%2Findex.php%2F2020%2F12%2F30%2Fsequestro-um-campeao-literalmente-coroado%2F\">Acesse aqui<\/a><\/div><\/div><\/div>","protected":false},"author":8,"featured_media":77386,"comment_status":"open","ping_status":"open","sticky":false,"template":"","format":"standard","meta":{"pmpro_default_level":"","_jetpack_memberships_contains_paid_content":false,"footnotes":""},"categories":[5990,2,5],"tags":[137,6136],"class_list":{"0":"post-77385","1":"post","2":"type-post","3":"status-publish","4":"format-standard","5":"has-post-thumbnail","7":"category-conteudo-exclusivo","8":"category-featured","9":"category-esportes","10":"tag-esporte","11":"tag-historias-de-campeao","12":"pmpro-level-required","13":"pmpro-level-2","14":"pmpro-level-4","15":"pmpro-level-5","16":"pmpro-no-access"},"yoast_head":"<!-- This site is optimized with the Yoast SEO plugin v27.5 - https:\/\/yoast.com\/product\/yoast-seo-wordpress\/ -->\n<title>Sequestro: Um campe\u00e3o literalmente coroado - Folha Popular<\/title>\n<meta name=\"robots\" content=\"index, follow, max-snippet:-1, max-image-preview:large, max-video-preview:-1\" \/>\n<link rel=\"canonical\" href=\"https:\/\/folhapopular.info\/index.php\/2020\/12\/30\/sequestro-um-campeao-literalmente-coroado\/\" \/>\n<meta property=\"og:locale\" content=\"pt_BR\" \/>\n<meta property=\"og:type\" content=\"article\" \/>\n<meta property=\"og:title\" content=\"Sequestro: Um campe\u00e3o literalmente coroado - Folha Popular\" \/>\n<meta property=\"og:description\" content=\"Desde que o Hist\u00f3rias de Campe\u00e3o come\u00e7ou, j\u00e1 contamos a trajet\u00f3ria de mais de 30 atletas do futebol amador da regi\u00e3o. E todo mundo sabe que apelido diferente \u00e9 o que n\u00e3o falta nesse mundo da bola. Cl\u00eanio Saldanha que o diga. N\u00e3o ligou o nome \u00e0 pessoa? Bom, estamos falando do Sequestro, figura conhecida [&hellip;]\" \/>\n<meta property=\"og:url\" content=\"https:\/\/folhapopular.info\/index.php\/2020\/12\/30\/sequestro-um-campeao-literalmente-coroado\/\" \/>\n<meta property=\"og:site_name\" content=\"Folha Popular\" \/>\n<meta property=\"article:published_time\" content=\"2020-12-30T22:00:00+00:00\" \/>\n<meta property=\"article:modified_time\" content=\"2020-12-31T10:55:35+00:00\" \/>\n<meta property=\"og:image\" content=\"https:\/\/folhapopular.info\/wp-content\/uploads\/2020\/12\/Em-2004-como-capitao-do-Canabarrense-Sequestro-levanta-o-trofeu-de-campeao-municipal_Arquivo-FP-scaled-e1609181118965.jpg\" \/>\n\t<meta property=\"og:image:width\" content=\"600\" \/>\n\t<meta property=\"og:image:height\" content=\"800\" \/>\n\t<meta property=\"og:image:type\" content=\"image\/jpeg\" \/>\n<meta name=\"author\" content=\"Reda\u00e7\u00e3o Folha Popular\" \/>\n<meta name=\"twitter:card\" content=\"summary_large_image\" \/>\n<meta name=\"twitter:label1\" content=\"Escrito por\" \/>\n\t<meta name=\"twitter:data1\" content=\"Reda\u00e7\u00e3o Folha Popular\" \/>\n\t<meta name=\"twitter:label2\" content=\"Est. tempo de leitura\" \/>\n\t<meta name=\"twitter:data2\" content=\"7 minutos\" \/>\n<script type=\"application\/ld+json\" class=\"yoast-schema-graph\">{\"@context\":\"https:\\\/\\\/schema.org\",\"@graph\":[{\"@type\":\"Article\",\"@id\":\"https:\\\/\\\/folhapopular.info\\\/index.php\\\/2020\\\/12\\\/30\\\/sequestro-um-campeao-literalmente-coroado\\\/#article\",\"isPartOf\":{\"@id\":\"https:\\\/\\\/folhapopular.info\\\/index.php\\\/2020\\\/12\\\/30\\\/sequestro-um-campeao-literalmente-coroado\\\/\"},\"author\":{\"name\":\"Reda\u00e7\u00e3o Folha Popular\",\"@id\":\"https:\\\/\\\/folhapopular.info\\\/#\\\/schema\\\/person\\\/2814e8a0df7643585a9ca38bc6eb9d4b\"},\"headline\":\"Sequestro: Um campe\u00e3o literalmente coroado\",\"datePublished\":\"2020-12-30T22:00:00+00:00\",\"dateModified\":\"2020-12-31T10:55:35+00:00\",\"mainEntityOfPage\":{\"@id\":\"https:\\\/\\\/folhapopular.info\\\/index.php\\\/2020\\\/12\\\/30\\\/sequestro-um-campeao-literalmente-coroado\\\/\"},\"wordCount\":1313,\"commentCount\":0,\"image\":{\"@id\":\"https:\\\/\\\/folhapopular.info\\\/index.php\\\/2020\\\/12\\\/30\\\/sequestro-um-campeao-literalmente-coroado\\\/#primaryimage\"},\"thumbnailUrl\":\"https:\\\/\\\/folhapopular.info\\\/wp-content\\\/uploads\\\/2020\\\/12\\\/Em-2004-como-capitao-do-Canabarrense-Sequestro-levanta-o-trofeu-de-campeao-municipal_Arquivo-FP-scaled-e1609181118965.jpg\",\"keywords\":[\"Esporte\",\"Hist\u00f3rias de campe\u00e3o\"],\"articleSection\":[\"Conte\u00fado Exclusivo\",\"Destaques\",\"Esportes\"],\"inLanguage\":\"pt-BR\",\"potentialAction\":[{\"@type\":\"CommentAction\",\"name\":\"Comment\",\"target\":[\"https:\\\/\\\/folhapopular.info\\\/index.php\\\/2020\\\/12\\\/30\\\/sequestro-um-campeao-literalmente-coroado\\\/#respond\"]}]},{\"@type\":\"WebPage\",\"@id\":\"https:\\\/\\\/folhapopular.info\\\/index.php\\\/2020\\\/12\\\/30\\\/sequestro-um-campeao-literalmente-coroado\\\/\",\"url\":\"https:\\\/\\\/folhapopular.info\\\/index.php\\\/2020\\\/12\\\/30\\\/sequestro-um-campeao-literalmente-coroado\\\/\",\"name\":\"Sequestro: Um campe\u00e3o literalmente coroado - Folha Popular\",\"isPartOf\":{\"@id\":\"https:\\\/\\\/folhapopular.info\\\/#website\"},\"primaryImageOfPage\":{\"@id\":\"https:\\\/\\\/folhapopular.info\\\/index.php\\\/2020\\\/12\\\/30\\\/sequestro-um-campeao-literalmente-coroado\\\/#primaryimage\"},\"image\":{\"@id\":\"https:\\\/\\\/folhapopular.info\\\/index.php\\\/2020\\\/12\\\/30\\\/sequestro-um-campeao-literalmente-coroado\\\/#primaryimage\"},\"thumbnailUrl\":\"https:\\\/\\\/folhapopular.info\\\/wp-content\\\/uploads\\\/2020\\\/12\\\/Em-2004-como-capitao-do-Canabarrense-Sequestro-levanta-o-trofeu-de-campeao-municipal_Arquivo-FP-scaled-e1609181118965.jpg\",\"datePublished\":\"2020-12-30T22:00:00+00:00\",\"dateModified\":\"2020-12-31T10:55:35+00:00\",\"author\":{\"@id\":\"https:\\\/\\\/folhapopular.info\\\/#\\\/schema\\\/person\\\/2814e8a0df7643585a9ca38bc6eb9d4b\"},\"breadcrumb\":{\"@id\":\"https:\\\/\\\/folhapopular.info\\\/index.php\\\/2020\\\/12\\\/30\\\/sequestro-um-campeao-literalmente-coroado\\\/#breadcrumb\"},\"inLanguage\":\"pt-BR\",\"potentialAction\":[{\"@type\":\"ReadAction\",\"target\":[\"https:\\\/\\\/folhapopular.info\\\/index.php\\\/2020\\\/12\\\/30\\\/sequestro-um-campeao-literalmente-coroado\\\/\"]}]},{\"@type\":\"ImageObject\",\"inLanguage\":\"pt-BR\",\"@id\":\"https:\\\/\\\/folhapopular.info\\\/index.php\\\/2020\\\/12\\\/30\\\/sequestro-um-campeao-literalmente-coroado\\\/#primaryimage\",\"url\":\"https:\\\/\\\/folhapopular.info\\\/wp-content\\\/uploads\\\/2020\\\/12\\\/Em-2004-como-capitao-do-Canabarrense-Sequestro-levanta-o-trofeu-de-campeao-municipal_Arquivo-FP-scaled-e1609181118965.jpg\",\"contentUrl\":\"https:\\\/\\\/folhapopular.info\\\/wp-content\\\/uploads\\\/2020\\\/12\\\/Em-2004-como-capitao-do-Canabarrense-Sequestro-levanta-o-trofeu-de-campeao-municipal_Arquivo-FP-scaled-e1609181118965.jpg\",\"width\":600,\"height\":800,\"caption\":\"Em 2004, como capit\u00e3o do Canabarrense, Sequestro levanta o trof\u00e9u de campe\u00e3o municipal \\\/ Cr\u00e9dito da foto: Arquivo FP\"},{\"@type\":\"BreadcrumbList\",\"@id\":\"https:\\\/\\\/folhapopular.info\\\/index.php\\\/2020\\\/12\\\/30\\\/sequestro-um-campeao-literalmente-coroado\\\/#breadcrumb\",\"itemListElement\":[{\"@type\":\"ListItem\",\"position\":1,\"name\":\"In\u00edcio\",\"item\":\"https:\\\/\\\/folhapopular.info\\\/\"},{\"@type\":\"ListItem\",\"position\":2,\"name\":\"Sequestro: Um campe\u00e3o literalmente coroado\"}]},{\"@type\":\"WebSite\",\"@id\":\"https:\\\/\\\/folhapopular.info\\\/#website\",\"url\":\"https:\\\/\\\/folhapopular.info\\\/\",\"name\":\"Folha Popular\",\"description\":\"Onde voc\u00ea tem vez e voz\",\"potentialAction\":[{\"@type\":\"SearchAction\",\"target\":{\"@type\":\"EntryPoint\",\"urlTemplate\":\"https:\\\/\\\/folhapopular.info\\\/?s={search_term_string}\"},\"query-input\":{\"@type\":\"PropertyValueSpecification\",\"valueRequired\":true,\"valueName\":\"search_term_string\"}}],\"inLanguage\":\"pt-BR\"},{\"@type\":\"Person\",\"@id\":\"https:\\\/\\\/folhapopular.info\\\/#\\\/schema\\\/person\\\/2814e8a0df7643585a9ca38bc6eb9d4b\",\"name\":\"Reda\u00e7\u00e3o Folha Popular\",\"image\":{\"@type\":\"ImageObject\",\"inLanguage\":\"pt-BR\",\"@id\":\"https:\\\/\\\/folhapopular.info\\\/wp-content\\\/uploads\\\/2026\\\/04\\\/Folha-1.webp\",\"url\":\"https:\\\/\\\/folhapopular.info\\\/wp-content\\\/uploads\\\/2026\\\/04\\\/Folha-1.webp\",\"contentUrl\":\"https:\\\/\\\/folhapopular.info\\\/wp-content\\\/uploads\\\/2026\\\/04\\\/Folha-1.webp\",\"caption\":\"Reda\u00e7\u00e3o Folha Popular\"},\"url\":\"https:\\\/\\\/folhapopular.info\\\/index.php\\\/author\\\/redacao\\\/\"}]}<\/script>\n<!-- \/ Yoast SEO plugin. -->","yoast_head_json":{"title":"Sequestro: Um campe\u00e3o literalmente coroado - Folha Popular","robots":{"index":"index","follow":"follow","max-snippet":"max-snippet:-1","max-image-preview":"max-image-preview:large","max-video-preview":"max-video-preview:-1"},"canonical":"https:\/\/folhapopular.info\/index.php\/2020\/12\/30\/sequestro-um-campeao-literalmente-coroado\/","og_locale":"pt_BR","og_type":"article","og_title":"Sequestro: Um campe\u00e3o literalmente coroado - Folha Popular","og_description":"Desde que o Hist\u00f3rias de Campe\u00e3o come\u00e7ou, j\u00e1 contamos a trajet\u00f3ria de mais de 30 atletas do futebol amador da regi\u00e3o. E todo mundo sabe que apelido diferente \u00e9 o que n\u00e3o falta nesse mundo da bola. Cl\u00eanio Saldanha que o diga. N\u00e3o ligou o nome \u00e0 pessoa? Bom, estamos falando do Sequestro, figura conhecida [&hellip;]","og_url":"https:\/\/folhapopular.info\/index.php\/2020\/12\/30\/sequestro-um-campeao-literalmente-coroado\/","og_site_name":"Folha Popular","article_published_time":"2020-12-30T22:00:00+00:00","article_modified_time":"2020-12-31T10:55:35+00:00","og_image":[{"width":600,"height":800,"url":"https:\/\/folhapopular.info\/wp-content\/uploads\/2020\/12\/Em-2004-como-capitao-do-Canabarrense-Sequestro-levanta-o-trofeu-de-campeao-municipal_Arquivo-FP-scaled-e1609181118965.jpg","type":"image\/jpeg"}],"author":"Reda\u00e7\u00e3o Folha Popular","twitter_card":"summary_large_image","twitter_misc":{"Escrito por":"Reda\u00e7\u00e3o Folha Popular","Est. tempo de leitura":"7 minutos"},"schema":{"@context":"https:\/\/schema.org","@graph":[{"@type":"Article","@id":"https:\/\/folhapopular.info\/index.php\/2020\/12\/30\/sequestro-um-campeao-literalmente-coroado\/#article","isPartOf":{"@id":"https:\/\/folhapopular.info\/index.php\/2020\/12\/30\/sequestro-um-campeao-literalmente-coroado\/"},"author":{"name":"Reda\u00e7\u00e3o Folha Popular","@id":"https:\/\/folhapopular.info\/#\/schema\/person\/2814e8a0df7643585a9ca38bc6eb9d4b"},"headline":"Sequestro: Um campe\u00e3o literalmente coroado","datePublished":"2020-12-30T22:00:00+00:00","dateModified":"2020-12-31T10:55:35+00:00","mainEntityOfPage":{"@id":"https:\/\/folhapopular.info\/index.php\/2020\/12\/30\/sequestro-um-campeao-literalmente-coroado\/"},"wordCount":1313,"commentCount":0,"image":{"@id":"https:\/\/folhapopular.info\/index.php\/2020\/12\/30\/sequestro-um-campeao-literalmente-coroado\/#primaryimage"},"thumbnailUrl":"https:\/\/folhapopular.info\/wp-content\/uploads\/2020\/12\/Em-2004-como-capitao-do-Canabarrense-Sequestro-levanta-o-trofeu-de-campeao-municipal_Arquivo-FP-scaled-e1609181118965.jpg","keywords":["Esporte","Hist\u00f3rias de campe\u00e3o"],"articleSection":["Conte\u00fado Exclusivo","Destaques","Esportes"],"inLanguage":"pt-BR","potentialAction":[{"@type":"CommentAction","name":"Comment","target":["https:\/\/folhapopular.info\/index.php\/2020\/12\/30\/sequestro-um-campeao-literalmente-coroado\/#respond"]}]},{"@type":"WebPage","@id":"https:\/\/folhapopular.info\/index.php\/2020\/12\/30\/sequestro-um-campeao-literalmente-coroado\/","url":"https:\/\/folhapopular.info\/index.php\/2020\/12\/30\/sequestro-um-campeao-literalmente-coroado\/","name":"Sequestro: Um campe\u00e3o literalmente coroado - Folha Popular","isPartOf":{"@id":"https:\/\/folhapopular.info\/#website"},"primaryImageOfPage":{"@id":"https:\/\/folhapopular.info\/index.php\/2020\/12\/30\/sequestro-um-campeao-literalmente-coroado\/#primaryimage"},"image":{"@id":"https:\/\/folhapopular.info\/index.php\/2020\/12\/30\/sequestro-um-campeao-literalmente-coroado\/#primaryimage"},"thumbnailUrl":"https:\/\/folhapopular.info\/wp-content\/uploads\/2020\/12\/Em-2004-como-capitao-do-Canabarrense-Sequestro-levanta-o-trofeu-de-campeao-municipal_Arquivo-FP-scaled-e1609181118965.jpg","datePublished":"2020-12-30T22:00:00+00:00","dateModified":"2020-12-31T10:55:35+00:00","author":{"@id":"https:\/\/folhapopular.info\/#\/schema\/person\/2814e8a0df7643585a9ca38bc6eb9d4b"},"breadcrumb":{"@id":"https:\/\/folhapopular.info\/index.php\/2020\/12\/30\/sequestro-um-campeao-literalmente-coroado\/#breadcrumb"},"inLanguage":"pt-BR","potentialAction":[{"@type":"ReadAction","target":["https:\/\/folhapopular.info\/index.php\/2020\/12\/30\/sequestro-um-campeao-literalmente-coroado\/"]}]},{"@type":"ImageObject","inLanguage":"pt-BR","@id":"https:\/\/folhapopular.info\/index.php\/2020\/12\/30\/sequestro-um-campeao-literalmente-coroado\/#primaryimage","url":"https:\/\/folhapopular.info\/wp-content\/uploads\/2020\/12\/Em-2004-como-capitao-do-Canabarrense-Sequestro-levanta-o-trofeu-de-campeao-municipal_Arquivo-FP-scaled-e1609181118965.jpg","contentUrl":"https:\/\/folhapopular.info\/wp-content\/uploads\/2020\/12\/Em-2004-como-capitao-do-Canabarrense-Sequestro-levanta-o-trofeu-de-campeao-municipal_Arquivo-FP-scaled-e1609181118965.jpg","width":600,"height":800,"caption":"Em 2004, como capit\u00e3o do Canabarrense, Sequestro levanta o trof\u00e9u de campe\u00e3o municipal \/ Cr\u00e9dito da foto: Arquivo FP"},{"@type":"BreadcrumbList","@id":"https:\/\/folhapopular.info\/index.php\/2020\/12\/30\/sequestro-um-campeao-literalmente-coroado\/#breadcrumb","itemListElement":[{"@type":"ListItem","position":1,"name":"In\u00edcio","item":"https:\/\/folhapopular.info\/"},{"@type":"ListItem","position":2,"name":"Sequestro: Um campe\u00e3o literalmente coroado"}]},{"@type":"WebSite","@id":"https:\/\/folhapopular.info\/#website","url":"https:\/\/folhapopular.info\/","name":"Folha Popular","description":"Onde voc\u00ea tem vez e voz","potentialAction":[{"@type":"SearchAction","target":{"@type":"EntryPoint","urlTemplate":"https:\/\/folhapopular.info\/?s={search_term_string}"},"query-input":{"@type":"PropertyValueSpecification","valueRequired":true,"valueName":"search_term_string"}}],"inLanguage":"pt-BR"},{"@type":"Person","@id":"https:\/\/folhapopular.info\/#\/schema\/person\/2814e8a0df7643585a9ca38bc6eb9d4b","name":"Reda\u00e7\u00e3o Folha Popular","image":{"@type":"ImageObject","inLanguage":"pt-BR","@id":"https:\/\/folhapopular.info\/wp-content\/uploads\/2026\/04\/Folha-1.webp","url":"https:\/\/folhapopular.info\/wp-content\/uploads\/2026\/04\/Folha-1.webp","contentUrl":"https:\/\/folhapopular.info\/wp-content\/uploads\/2026\/04\/Folha-1.webp","caption":"Reda\u00e7\u00e3o Folha Popular"},"url":"https:\/\/folhapopular.info\/index.php\/author\/redacao\/"}]}},"jetpack_featured_media_url":"https:\/\/folhapopular.info\/wp-content\/uploads\/2020\/12\/Em-2004-como-capitao-do-Canabarrense-Sequestro-levanta-o-trofeu-de-campeao-municipal_Arquivo-FP-scaled-e1609181118965.jpg","jetpack_sharing_enabled":true,"amp_enabled":true,"_links":{"self":[{"href":"https:\/\/folhapopular.info\/index.php\/wp-json\/wp\/v2\/posts\/77385","targetHints":{"allow":["GET"]}}],"collection":[{"href":"https:\/\/folhapopular.info\/index.php\/wp-json\/wp\/v2\/posts"}],"about":[{"href":"https:\/\/folhapopular.info\/index.php\/wp-json\/wp\/v2\/types\/post"}],"author":[{"embeddable":true,"href":"https:\/\/folhapopular.info\/index.php\/wp-json\/wp\/v2\/users\/8"}],"replies":[{"embeddable":true,"href":"https:\/\/folhapopular.info\/index.php\/wp-json\/wp\/v2\/comments?post=77385"}],"version-history":[{"count":0,"href":"https:\/\/folhapopular.info\/index.php\/wp-json\/wp\/v2\/posts\/77385\/revisions"}],"wp:featuredmedia":[{"embeddable":true,"href":"https:\/\/folhapopular.info\/index.php\/wp-json\/wp\/v2\/media\/77386"}],"wp:attachment":[{"href":"https:\/\/folhapopular.info\/index.php\/wp-json\/wp\/v2\/media?parent=77385"}],"wp:term":[{"taxonomy":"category","embeddable":true,"href":"https:\/\/folhapopular.info\/index.php\/wp-json\/wp\/v2\/categories?post=77385"},{"taxonomy":"post_tag","embeddable":true,"href":"https:\/\/folhapopular.info\/index.php\/wp-json\/wp\/v2\/tags?post=77385"}],"curies":[{"name":"wp","href":"https:\/\/api.w.org\/{rel}","templated":true}]}}