{"id":78493,"date":"2021-01-26T16:35:49","date_gmt":"2021-01-26T19:35:49","guid":{"rendered":"https:\/\/folhapopular.info\/?p=78493"},"modified":"2021-01-26T16:35:52","modified_gmt":"2021-01-26T19:35:52","slug":"rs-e-o-primeiro-estado-a-assinar-o-pacto-nacional-de-implementacao-da-politica-da-pessoa-idosa","status":"publish","type":"post","link":"https:\/\/folhapopular.info\/index.php\/2021\/01\/26\/rs-e-o-primeiro-estado-a-assinar-o-pacto-nacional-de-implementacao-da-politica-da-pessoa-idosa\/","title":{"rendered":"RS \u00e9 o primeiro Estado a assinar o Pacto Nacional de Implementa\u00e7\u00e3o da Pol\u00edtica da Pessoa Idosa"},"content":{"rendered":"\n<p>O Rio Grande do Sul se tornou, nesta ter\u00e7a-feira (26\/1), o primeiro Estado a assinar o Pacto Nacional de Implementa\u00e7\u00e3o da Pol\u00edtica da Pessoa Idosa. Em cerim\u00f4nia no Pal\u00e1cio Piratini, assinaram o termo de coopera\u00e7\u00e3o o governador em exerc\u00edcio, deputado Ernani Polo, o secret\u00e1rio nacional de Promo\u00e7\u00e3o e Defesa dos Direitos da Pessoa Idosa, Antonio Costa, e o secret\u00e1rio estadual de Justi\u00e7a, Cidadania e Direitos Humanos, Mauro Hauschild.<\/p>\n\n\n\n<p>\u201cTemos uma popula\u00e7\u00e3o idosa crescente em todo o pa\u00eds, e o Rio Grande do Sul \u00e9 um dos Estados em que esse fen\u00f4meno est\u00e1 mais acelerado. Isso traz grandes desafios para a gest\u00e3o p\u00fablica e precisamos ampliar o quanto antes as pol\u00edticas para amparar e desenvolver nossa popula\u00e7\u00e3o idosa\u201d, destacou Polo, que se reuniu, em dezembro, com Hauschild e outras lideran\u00e7as ga\u00fachas, no Solar dos C\u00e2mara, na capital, a fim de iniciar as articula\u00e7\u00f5es para assinatura do pacto.<\/p>\n\n\n\n<p>De acordo com Hauschild, o Rio Grande do Sul \u00e9 um dos Estados mais desenvolvido em termos de pol\u00edticas e desenvolvimento de a\u00e7\u00f5es para pessoas idosas, al\u00e9m de ter uma forte mobiliza\u00e7\u00e3o da sociedade civil nesse sentido.<\/p>\n\n\n\n<p>\u201cCaber\u00e1 ao nosso governo, junto com a Famurs [Federa\u00e7\u00e3o das Associa\u00e7\u00f5es de Munic\u00edpios do Rio Grande do Sul], o papel de mobilizar os munic\u00edpios a criarem conselhos e fundos municipais do Idoso para que possam captar recursos e fortalecer as a\u00e7\u00f5es p\u00fablicas em suas cidades, de forma a garantir mais qualidade de vida e tranquilidade para viverem no Rio Grande do Sul\u201d, afirmou Hauschild.<\/p>\n\n\n\n<p>Conforme Costa, o governo federal encaminhar\u00e1 recursos para que os gestores e conselheiros municipais sejam capacitados para estruturar conselhos e fundos locais. Por meio desses organismos, as prefeituras poder\u00e3o arrecadar recursos e implementar as a\u00e7\u00f5es.<\/p>\n\n\n\n<p>\u201cO primeiro passo foi dado pelo Estado, e n\u00f3s temos que aplaudir pelo trabalho que vem sendo feito aqui. Agora, temos como meta que todos os munic\u00edpios ga\u00fachos tenham um conselho de direitos da pessoa idosa e seus respectivos fundos municipais\u201d, projetou Costa.<\/p>\n\n\n\n<p>\u201c\u00c9 um pacto muito importante, porque as pol\u00edticas p\u00fablicas para a popula\u00e7\u00e3o idosa s\u00e3o urgentes, n\u00e3o podem mais esperar. Agora que est\u00e1 assinado, precisamos nos unir para implementar e tirar do papel\u201d, refor\u00e7ou a presidente do Conselho Estadual da Pessoa Idosa, Iride Cristofoli Caberlon.<\/p>\n\n\n\n<p>Tamb\u00e9m participaram da cerim\u00f4nia o secret\u00e1rio-chefe da Casa Civil, Otomar Vivian; o deputado federal Ossesio Silva; o deputado estadual Lu\u00eds Augusto Lara; o diretor do Departamento de Direitos Humanos e Cidadania, Ot\u00e1vio Pedeli; e o coordenador do Instituto Amigos do F\u00f3rum Social Mundial de Porto Alegre e do Grupo Executivo de Acompanhamento de Debate (Gead) Envelhecimento da Assembleia Legislativa, L\u00e9lio Luzardi Falc\u00e3o; entre outras lideran\u00e7as.<\/p>\n","protected":false},"excerpt":{"rendered":"<p>O Rio Grande do Sul se tornou, nesta ter\u00e7a-feira (26\/1), o primeiro Estado a assinar o Pacto Nacional de Implementa\u00e7\u00e3o da Pol\u00edtica da Pessoa Idosa. Em cerim\u00f4nia no Pal\u00e1cio Piratini, assinaram o termo de coopera\u00e7\u00e3o o governador em exerc\u00edcio, deputado Ernani Polo, o secret\u00e1rio nacional de Promo\u00e7\u00e3o e Defesa dos Direitos da Pessoa Idosa, Antonio [&hellip;]<\/p>\n","protected":false},"author":8,"featured_media":78494,"comment_status":"open","ping_status":"open","sticky":false,"template":"","format":"standard","meta":{"pmpro_default_level":"","_jetpack_memberships_contains_paid_content":false,"footnotes":""},"categories":[2,3],"tags":[6379,1794],"class_list":{"0":"post-78493","1":"post","2":"type-post","3":"status-publish","4":"format-standard","5":"has-post-thumbnail","7":"category-featured","8":"category-geral","9":"tag-politica-da-pessoa-idosa","10":"tag-rio-grande-do-sul","11":"pmpro-has-access"},"yoast_head":"<!-- This site is optimized with the Yoast SEO plugin v27.5 - https:\/\/yoast.com\/product\/yoast-seo-wordpress\/ -->\n<title>RS \u00e9 o primeiro Estado a assinar o Pacto Nacional de Implementa\u00e7\u00e3o da Pol\u00edtica da Pessoa Idosa - Folha Popular<\/title>\n<meta name=\"robots\" content=\"index, follow, max-snippet:-1, max-image-preview:large, max-video-preview:-1\" \/>\n<link rel=\"canonical\" href=\"https:\/\/folhapopular.info\/index.php\/2021\/01\/26\/rs-e-o-primeiro-estado-a-assinar-o-pacto-nacional-de-implementacao-da-politica-da-pessoa-idosa\/\" \/>\n<meta property=\"og:locale\" content=\"pt_BR\" \/>\n<meta property=\"og:type\" content=\"article\" \/>\n<meta property=\"og:title\" content=\"RS \u00e9 o primeiro Estado a assinar o Pacto Nacional de Implementa\u00e7\u00e3o da Pol\u00edtica da Pessoa Idosa - Folha Popular\" \/>\n<meta property=\"og:description\" content=\"O Rio Grande do Sul se tornou, nesta ter\u00e7a-feira (26\/1), o primeiro Estado a assinar o Pacto Nacional de Implementa\u00e7\u00e3o da Pol\u00edtica da Pessoa Idosa. Em cerim\u00f4nia no Pal\u00e1cio Piratini, assinaram o termo de coopera\u00e7\u00e3o o governador em exerc\u00edcio, deputado Ernani Polo, o secret\u00e1rio nacional de Promo\u00e7\u00e3o e Defesa dos Direitos da Pessoa Idosa, Antonio [&hellip;]\" \/>\n<meta property=\"og:url\" content=\"https:\/\/folhapopular.info\/index.php\/2021\/01\/26\/rs-e-o-primeiro-estado-a-assinar-o-pacto-nacional-de-implementacao-da-politica-da-pessoa-idosa\/\" \/>\n<meta property=\"og:site_name\" content=\"Folha Popular\" \/>\n<meta property=\"article:published_time\" content=\"2021-01-26T19:35:49+00:00\" \/>\n<meta property=\"article:modified_time\" content=\"2021-01-26T19:35:52+00:00\" \/>\n<meta property=\"og:image\" content=\"https:\/\/folhapopular.info\/wp-content\/uploads\/2021\/01\/unnamed-74.jpg\" \/>\n\t<meta property=\"og:image:width\" content=\"800\" \/>\n\t<meta property=\"og:image:height\" content=\"533\" \/>\n\t<meta property=\"og:image:type\" content=\"image\/jpeg\" \/>\n<meta name=\"author\" content=\"Reda\u00e7\u00e3o Folha Popular\" \/>\n<meta name=\"twitter:card\" content=\"summary_large_image\" \/>\n<meta name=\"twitter:label1\" content=\"Escrito por\" \/>\n\t<meta name=\"twitter:data1\" content=\"Reda\u00e7\u00e3o Folha Popular\" \/>\n\t<meta name=\"twitter:label2\" content=\"Est. tempo de leitura\" \/>\n\t<meta name=\"twitter:data2\" content=\"2 minutos\" \/>\n<script type=\"application\/ld+json\" class=\"yoast-schema-graph\">{\"@context\":\"https:\\\/\\\/schema.org\",\"@graph\":[{\"@type\":\"Article\",\"@id\":\"https:\\\/\\\/folhapopular.info\\\/index.php\\\/2021\\\/01\\\/26\\\/rs-e-o-primeiro-estado-a-assinar-o-pacto-nacional-de-implementacao-da-politica-da-pessoa-idosa\\\/#article\",\"isPartOf\":{\"@id\":\"https:\\\/\\\/folhapopular.info\\\/index.php\\\/2021\\\/01\\\/26\\\/rs-e-o-primeiro-estado-a-assinar-o-pacto-nacional-de-implementacao-da-politica-da-pessoa-idosa\\\/\"},\"author\":{\"name\":\"Reda\u00e7\u00e3o Folha Popular\",\"@id\":\"https:\\\/\\\/folhapopular.info\\\/#\\\/schema\\\/person\\\/2814e8a0df7643585a9ca38bc6eb9d4b\"},\"headline\":\"RS \u00e9 o primeiro Estado a assinar o Pacto Nacional de Implementa\u00e7\u00e3o da Pol\u00edtica da Pessoa Idosa\",\"datePublished\":\"2021-01-26T19:35:49+00:00\",\"dateModified\":\"2021-01-26T19:35:52+00:00\",\"mainEntityOfPage\":{\"@id\":\"https:\\\/\\\/folhapopular.info\\\/index.php\\\/2021\\\/01\\\/26\\\/rs-e-o-primeiro-estado-a-assinar-o-pacto-nacional-de-implementacao-da-politica-da-pessoa-idosa\\\/\"},\"wordCount\":500,\"commentCount\":0,\"image\":{\"@id\":\"https:\\\/\\\/folhapopular.info\\\/index.php\\\/2021\\\/01\\\/26\\\/rs-e-o-primeiro-estado-a-assinar-o-pacto-nacional-de-implementacao-da-politica-da-pessoa-idosa\\\/#primaryimage\"},\"thumbnailUrl\":\"https:\\\/\\\/folhapopular.info\\\/wp-content\\\/uploads\\\/2021\\\/01\\\/unnamed-74.jpg\",\"keywords\":[\"Pol\u00edtica da Pessoa Idosa\",\"Rio Grande do Sul\"],\"articleSection\":[\"Destaques\",\"Geral\"],\"inLanguage\":\"pt-BR\",\"potentialAction\":[{\"@type\":\"CommentAction\",\"name\":\"Comment\",\"target\":[\"https:\\\/\\\/folhapopular.info\\\/index.php\\\/2021\\\/01\\\/26\\\/rs-e-o-primeiro-estado-a-assinar-o-pacto-nacional-de-implementacao-da-politica-da-pessoa-idosa\\\/#respond\"]}]},{\"@type\":\"WebPage\",\"@id\":\"https:\\\/\\\/folhapopular.info\\\/index.php\\\/2021\\\/01\\\/26\\\/rs-e-o-primeiro-estado-a-assinar-o-pacto-nacional-de-implementacao-da-politica-da-pessoa-idosa\\\/\",\"url\":\"https:\\\/\\\/folhapopular.info\\\/index.php\\\/2021\\\/01\\\/26\\\/rs-e-o-primeiro-estado-a-assinar-o-pacto-nacional-de-implementacao-da-politica-da-pessoa-idosa\\\/\",\"name\":\"RS \u00e9 o primeiro Estado a assinar o Pacto Nacional de Implementa\u00e7\u00e3o da Pol\u00edtica da Pessoa Idosa - Folha Popular\",\"isPartOf\":{\"@id\":\"https:\\\/\\\/folhapopular.info\\\/#website\"},\"primaryImageOfPage\":{\"@id\":\"https:\\\/\\\/folhapopular.info\\\/index.php\\\/2021\\\/01\\\/26\\\/rs-e-o-primeiro-estado-a-assinar-o-pacto-nacional-de-implementacao-da-politica-da-pessoa-idosa\\\/#primaryimage\"},\"image\":{\"@id\":\"https:\\\/\\\/folhapopular.info\\\/index.php\\\/2021\\\/01\\\/26\\\/rs-e-o-primeiro-estado-a-assinar-o-pacto-nacional-de-implementacao-da-politica-da-pessoa-idosa\\\/#primaryimage\"},\"thumbnailUrl\":\"https:\\\/\\\/folhapopular.info\\\/wp-content\\\/uploads\\\/2021\\\/01\\\/unnamed-74.jpg\",\"datePublished\":\"2021-01-26T19:35:49+00:00\",\"dateModified\":\"2021-01-26T19:35:52+00:00\",\"author\":{\"@id\":\"https:\\\/\\\/folhapopular.info\\\/#\\\/schema\\\/person\\\/2814e8a0df7643585a9ca38bc6eb9d4b\"},\"breadcrumb\":{\"@id\":\"https:\\\/\\\/folhapopular.info\\\/index.php\\\/2021\\\/01\\\/26\\\/rs-e-o-primeiro-estado-a-assinar-o-pacto-nacional-de-implementacao-da-politica-da-pessoa-idosa\\\/#breadcrumb\"},\"inLanguage\":\"pt-BR\",\"potentialAction\":[{\"@type\":\"ReadAction\",\"target\":[\"https:\\\/\\\/folhapopular.info\\\/index.php\\\/2021\\\/01\\\/26\\\/rs-e-o-primeiro-estado-a-assinar-o-pacto-nacional-de-implementacao-da-politica-da-pessoa-idosa\\\/\"]}]},{\"@type\":\"ImageObject\",\"inLanguage\":\"pt-BR\",\"@id\":\"https:\\\/\\\/folhapopular.info\\\/index.php\\\/2021\\\/01\\\/26\\\/rs-e-o-primeiro-estado-a-assinar-o-pacto-nacional-de-implementacao-da-politica-da-pessoa-idosa\\\/#primaryimage\",\"url\":\"https:\\\/\\\/folhapopular.info\\\/wp-content\\\/uploads\\\/2021\\\/01\\\/unnamed-74.jpg\",\"contentUrl\":\"https:\\\/\\\/folhapopular.info\\\/wp-content\\\/uploads\\\/2021\\\/01\\\/unnamed-74.jpg\",\"width\":800,\"height\":533,\"caption\":\"O pacto, assinado no Pal\u00e1cio Piratini, beneficiar\u00e1 a crescente popula\u00e7\u00e3o idosa do Rio Grande do Sul \\\/ Cr\u00e9dito da foto: Itamar Aguiar \\\/ Pal\u00e1cio Piratini\"},{\"@type\":\"BreadcrumbList\",\"@id\":\"https:\\\/\\\/folhapopular.info\\\/index.php\\\/2021\\\/01\\\/26\\\/rs-e-o-primeiro-estado-a-assinar-o-pacto-nacional-de-implementacao-da-politica-da-pessoa-idosa\\\/#breadcrumb\",\"itemListElement\":[{\"@type\":\"ListItem\",\"position\":1,\"name\":\"In\u00edcio\",\"item\":\"https:\\\/\\\/folhapopular.info\\\/\"},{\"@type\":\"ListItem\",\"position\":2,\"name\":\"RS \u00e9 o primeiro Estado a assinar o Pacto Nacional de Implementa\u00e7\u00e3o da Pol\u00edtica da Pessoa Idosa\"}]},{\"@type\":\"WebSite\",\"@id\":\"https:\\\/\\\/folhapopular.info\\\/#website\",\"url\":\"https:\\\/\\\/folhapopular.info\\\/\",\"name\":\"Folha Popular\",\"description\":\"Onde voc\u00ea tem vez e voz\",\"potentialAction\":[{\"@type\":\"SearchAction\",\"target\":{\"@type\":\"EntryPoint\",\"urlTemplate\":\"https:\\\/\\\/folhapopular.info\\\/?s={search_term_string}\"},\"query-input\":{\"@type\":\"PropertyValueSpecification\",\"valueRequired\":true,\"valueName\":\"search_term_string\"}}],\"inLanguage\":\"pt-BR\"},{\"@type\":\"Person\",\"@id\":\"https:\\\/\\\/folhapopular.info\\\/#\\\/schema\\\/person\\\/2814e8a0df7643585a9ca38bc6eb9d4b\",\"name\":\"Reda\u00e7\u00e3o Folha Popular\",\"image\":{\"@type\":\"ImageObject\",\"inLanguage\":\"pt-BR\",\"@id\":\"https:\\\/\\\/folhapopular.info\\\/wp-content\\\/uploads\\\/2026\\\/04\\\/Folha-1.webp\",\"url\":\"https:\\\/\\\/folhapopular.info\\\/wp-content\\\/uploads\\\/2026\\\/04\\\/Folha-1.webp\",\"contentUrl\":\"https:\\\/\\\/folhapopular.info\\\/wp-content\\\/uploads\\\/2026\\\/04\\\/Folha-1.webp\",\"caption\":\"Reda\u00e7\u00e3o Folha Popular\"},\"url\":\"https:\\\/\\\/folhapopular.info\\\/index.php\\\/author\\\/redacao\\\/\"}]}<\/script>\n<!-- \/ Yoast SEO plugin. -->","yoast_head_json":{"title":"RS \u00e9 o primeiro Estado a assinar o Pacto Nacional de Implementa\u00e7\u00e3o da Pol\u00edtica da Pessoa Idosa - Folha Popular","robots":{"index":"index","follow":"follow","max-snippet":"max-snippet:-1","max-image-preview":"max-image-preview:large","max-video-preview":"max-video-preview:-1"},"canonical":"https:\/\/folhapopular.info\/index.php\/2021\/01\/26\/rs-e-o-primeiro-estado-a-assinar-o-pacto-nacional-de-implementacao-da-politica-da-pessoa-idosa\/","og_locale":"pt_BR","og_type":"article","og_title":"RS \u00e9 o primeiro Estado a assinar o Pacto Nacional de Implementa\u00e7\u00e3o da Pol\u00edtica da Pessoa Idosa - Folha Popular","og_description":"O Rio Grande do Sul se tornou, nesta ter\u00e7a-feira (26\/1), o primeiro Estado a assinar o Pacto Nacional de Implementa\u00e7\u00e3o da Pol\u00edtica da Pessoa Idosa. Em cerim\u00f4nia no Pal\u00e1cio Piratini, assinaram o termo de coopera\u00e7\u00e3o o governador em exerc\u00edcio, deputado Ernani Polo, o secret\u00e1rio nacional de Promo\u00e7\u00e3o e Defesa dos Direitos da Pessoa Idosa, Antonio [&hellip;]","og_url":"https:\/\/folhapopular.info\/index.php\/2021\/01\/26\/rs-e-o-primeiro-estado-a-assinar-o-pacto-nacional-de-implementacao-da-politica-da-pessoa-idosa\/","og_site_name":"Folha Popular","article_published_time":"2021-01-26T19:35:49+00:00","article_modified_time":"2021-01-26T19:35:52+00:00","og_image":[{"width":800,"height":533,"url":"https:\/\/folhapopular.info\/wp-content\/uploads\/2021\/01\/unnamed-74.jpg","type":"image\/jpeg"}],"author":"Reda\u00e7\u00e3o Folha Popular","twitter_card":"summary_large_image","twitter_misc":{"Escrito por":"Reda\u00e7\u00e3o Folha Popular","Est. tempo de leitura":"2 minutos"},"schema":{"@context":"https:\/\/schema.org","@graph":[{"@type":"Article","@id":"https:\/\/folhapopular.info\/index.php\/2021\/01\/26\/rs-e-o-primeiro-estado-a-assinar-o-pacto-nacional-de-implementacao-da-politica-da-pessoa-idosa\/#article","isPartOf":{"@id":"https:\/\/folhapopular.info\/index.php\/2021\/01\/26\/rs-e-o-primeiro-estado-a-assinar-o-pacto-nacional-de-implementacao-da-politica-da-pessoa-idosa\/"},"author":{"name":"Reda\u00e7\u00e3o Folha Popular","@id":"https:\/\/folhapopular.info\/#\/schema\/person\/2814e8a0df7643585a9ca38bc6eb9d4b"},"headline":"RS \u00e9 o primeiro Estado a assinar o Pacto Nacional de Implementa\u00e7\u00e3o da Pol\u00edtica da Pessoa Idosa","datePublished":"2021-01-26T19:35:49+00:00","dateModified":"2021-01-26T19:35:52+00:00","mainEntityOfPage":{"@id":"https:\/\/folhapopular.info\/index.php\/2021\/01\/26\/rs-e-o-primeiro-estado-a-assinar-o-pacto-nacional-de-implementacao-da-politica-da-pessoa-idosa\/"},"wordCount":500,"commentCount":0,"image":{"@id":"https:\/\/folhapopular.info\/index.php\/2021\/01\/26\/rs-e-o-primeiro-estado-a-assinar-o-pacto-nacional-de-implementacao-da-politica-da-pessoa-idosa\/#primaryimage"},"thumbnailUrl":"https:\/\/folhapopular.info\/wp-content\/uploads\/2021\/01\/unnamed-74.jpg","keywords":["Pol\u00edtica da Pessoa Idosa","Rio Grande do Sul"],"articleSection":["Destaques","Geral"],"inLanguage":"pt-BR","potentialAction":[{"@type":"CommentAction","name":"Comment","target":["https:\/\/folhapopular.info\/index.php\/2021\/01\/26\/rs-e-o-primeiro-estado-a-assinar-o-pacto-nacional-de-implementacao-da-politica-da-pessoa-idosa\/#respond"]}]},{"@type":"WebPage","@id":"https:\/\/folhapopular.info\/index.php\/2021\/01\/26\/rs-e-o-primeiro-estado-a-assinar-o-pacto-nacional-de-implementacao-da-politica-da-pessoa-idosa\/","url":"https:\/\/folhapopular.info\/index.php\/2021\/01\/26\/rs-e-o-primeiro-estado-a-assinar-o-pacto-nacional-de-implementacao-da-politica-da-pessoa-idosa\/","name":"RS \u00e9 o primeiro Estado a assinar o Pacto Nacional de Implementa\u00e7\u00e3o da Pol\u00edtica da Pessoa Idosa - Folha Popular","isPartOf":{"@id":"https:\/\/folhapopular.info\/#website"},"primaryImageOfPage":{"@id":"https:\/\/folhapopular.info\/index.php\/2021\/01\/26\/rs-e-o-primeiro-estado-a-assinar-o-pacto-nacional-de-implementacao-da-politica-da-pessoa-idosa\/#primaryimage"},"image":{"@id":"https:\/\/folhapopular.info\/index.php\/2021\/01\/26\/rs-e-o-primeiro-estado-a-assinar-o-pacto-nacional-de-implementacao-da-politica-da-pessoa-idosa\/#primaryimage"},"thumbnailUrl":"https:\/\/folhapopular.info\/wp-content\/uploads\/2021\/01\/unnamed-74.jpg","datePublished":"2021-01-26T19:35:49+00:00","dateModified":"2021-01-26T19:35:52+00:00","author":{"@id":"https:\/\/folhapopular.info\/#\/schema\/person\/2814e8a0df7643585a9ca38bc6eb9d4b"},"breadcrumb":{"@id":"https:\/\/folhapopular.info\/index.php\/2021\/01\/26\/rs-e-o-primeiro-estado-a-assinar-o-pacto-nacional-de-implementacao-da-politica-da-pessoa-idosa\/#breadcrumb"},"inLanguage":"pt-BR","potentialAction":[{"@type":"ReadAction","target":["https:\/\/folhapopular.info\/index.php\/2021\/01\/26\/rs-e-o-primeiro-estado-a-assinar-o-pacto-nacional-de-implementacao-da-politica-da-pessoa-idosa\/"]}]},{"@type":"ImageObject","inLanguage":"pt-BR","@id":"https:\/\/folhapopular.info\/index.php\/2021\/01\/26\/rs-e-o-primeiro-estado-a-assinar-o-pacto-nacional-de-implementacao-da-politica-da-pessoa-idosa\/#primaryimage","url":"https:\/\/folhapopular.info\/wp-content\/uploads\/2021\/01\/unnamed-74.jpg","contentUrl":"https:\/\/folhapopular.info\/wp-content\/uploads\/2021\/01\/unnamed-74.jpg","width":800,"height":533,"caption":"O pacto, assinado no Pal\u00e1cio Piratini, beneficiar\u00e1 a crescente popula\u00e7\u00e3o idosa do Rio Grande do Sul \/ Cr\u00e9dito da foto: Itamar Aguiar \/ Pal\u00e1cio Piratini"},{"@type":"BreadcrumbList","@id":"https:\/\/folhapopular.info\/index.php\/2021\/01\/26\/rs-e-o-primeiro-estado-a-assinar-o-pacto-nacional-de-implementacao-da-politica-da-pessoa-idosa\/#breadcrumb","itemListElement":[{"@type":"ListItem","position":1,"name":"In\u00edcio","item":"https:\/\/folhapopular.info\/"},{"@type":"ListItem","position":2,"name":"RS \u00e9 o primeiro Estado a assinar o Pacto Nacional de Implementa\u00e7\u00e3o da Pol\u00edtica da Pessoa Idosa"}]},{"@type":"WebSite","@id":"https:\/\/folhapopular.info\/#website","url":"https:\/\/folhapopular.info\/","name":"Folha Popular","description":"Onde voc\u00ea tem vez e voz","potentialAction":[{"@type":"SearchAction","target":{"@type":"EntryPoint","urlTemplate":"https:\/\/folhapopular.info\/?s={search_term_string}"},"query-input":{"@type":"PropertyValueSpecification","valueRequired":true,"valueName":"search_term_string"}}],"inLanguage":"pt-BR"},{"@type":"Person","@id":"https:\/\/folhapopular.info\/#\/schema\/person\/2814e8a0df7643585a9ca38bc6eb9d4b","name":"Reda\u00e7\u00e3o Folha Popular","image":{"@type":"ImageObject","inLanguage":"pt-BR","@id":"https:\/\/folhapopular.info\/wp-content\/uploads\/2026\/04\/Folha-1.webp","url":"https:\/\/folhapopular.info\/wp-content\/uploads\/2026\/04\/Folha-1.webp","contentUrl":"https:\/\/folhapopular.info\/wp-content\/uploads\/2026\/04\/Folha-1.webp","caption":"Reda\u00e7\u00e3o Folha Popular"},"url":"https:\/\/folhapopular.info\/index.php\/author\/redacao\/"}]}},"jetpack_featured_media_url":"https:\/\/folhapopular.info\/wp-content\/uploads\/2021\/01\/unnamed-74.jpg","jetpack_sharing_enabled":true,"amp_enabled":true,"_links":{"self":[{"href":"https:\/\/folhapopular.info\/index.php\/wp-json\/wp\/v2\/posts\/78493","targetHints":{"allow":["GET"]}}],"collection":[{"href":"https:\/\/folhapopular.info\/index.php\/wp-json\/wp\/v2\/posts"}],"about":[{"href":"https:\/\/folhapopular.info\/index.php\/wp-json\/wp\/v2\/types\/post"}],"author":[{"embeddable":true,"href":"https:\/\/folhapopular.info\/index.php\/wp-json\/wp\/v2\/users\/8"}],"replies":[{"embeddable":true,"href":"https:\/\/folhapopular.info\/index.php\/wp-json\/wp\/v2\/comments?post=78493"}],"version-history":[{"count":0,"href":"https:\/\/folhapopular.info\/index.php\/wp-json\/wp\/v2\/posts\/78493\/revisions"}],"wp:featuredmedia":[{"embeddable":true,"href":"https:\/\/folhapopular.info\/index.php\/wp-json\/wp\/v2\/media\/78494"}],"wp:attachment":[{"href":"https:\/\/folhapopular.info\/index.php\/wp-json\/wp\/v2\/media?parent=78493"}],"wp:term":[{"taxonomy":"category","embeddable":true,"href":"https:\/\/folhapopular.info\/index.php\/wp-json\/wp\/v2\/categories?post=78493"},{"taxonomy":"post_tag","embeddable":true,"href":"https:\/\/folhapopular.info\/index.php\/wp-json\/wp\/v2\/tags?post=78493"}],"curies":[{"name":"wp","href":"https:\/\/api.w.org\/{rel}","templated":true}]}}