{"id":78528,"date":"2021-01-28T15:56:29","date_gmt":"2021-01-28T18:56:29","guid":{"rendered":"https:\/\/folhapopular.info\/?p=78528"},"modified":"2021-01-28T15:56:34","modified_gmt":"2021-01-28T18:56:34","slug":"prefeitura-de-lajeado-busca-melhorias-no-projeto-de-duplicacao-da-br-386","status":"publish","type":"post","link":"https:\/\/folhapopular.info\/index.php\/2021\/01\/28\/prefeitura-de-lajeado-busca-melhorias-no-projeto-de-duplicacao-da-br-386\/","title":{"rendered":"Prefeitura de Lajeado busca melhorias no projeto de duplica\u00e7\u00e3o da BR-386"},"content":{"rendered":"\n<p>A Prefeitura de Lajeado est\u00e1 solicitando melhorias no projeto de duplica\u00e7\u00e3o da BR-386. Em reuni\u00e3o virtual realizada na tarde desta quarta-feira, o prefeito Marcelo Caumo, o secret\u00e1rio municipal do Planejamento e Urbanismo Giancarlo Bervian e o engenheiro Isidoro Fornari apresentaram os pedidos de ajuste no projeto \u00e0 Ag\u00eancia Nacional de Transportes Terrestres (ANTT), em Bras\u00edlia, que \u00e9 respons\u00e1vel pela concess\u00e3o do trecho \u00e0 iniciativa privada. O objetivo da conversa foi requisitar melhorias, como a inclus\u00e3o de m\u00e3o dupla sobre duas travessias da BR-386 que no projeto est\u00e3o propostas como m\u00e3o simples.<\/p>\n\n\n\n<p><br>&#8211; Esta \u00e9 uma obra que impactar\u00e1 nossa cidade por d\u00e9cadas e precisamos garantir que a duplica\u00e7\u00e3o atenda da melhor forma \u00e0s necessidades da nossa comunidade. Mas s\u00e3o pequenos os ajustes solicitados diante do tamanho da obra &#8211; disse o prefeito Marcelo Caumo.<\/p>\n\n\n\n<p><br>As travessias em que foi solicitada a m\u00e3o dupla s\u00e3o as que ficam na altura do bairro Montanha (pr\u00f3ximo ao Guincho Sans\u00e3o) e no acesso ao bairro Olarias (na altura da Florestal Alimentos). A ANTT disse que solicitar\u00e1 informa\u00e7\u00f5es sobre o projeto \u00e0 CCR, que \u00e9 a concession\u00e1ria do trecho e respons\u00e1vel pelas obras de duplica\u00e7\u00e3o. Ap\u00f3s receber os dados t\u00e9cnicos, informar\u00e1 a Prefeitura sobre os pr\u00f3ximos passos.<\/p>\n","protected":false},"excerpt":{"rendered":"<p>A Prefeitura de Lajeado est\u00e1 solicitando melhorias no projeto de duplica\u00e7\u00e3o da BR-386. Em reuni\u00e3o virtual realizada na tarde desta quarta-feira, o prefeito Marcelo Caumo, o secret\u00e1rio municipal do Planejamento e Urbanismo Giancarlo Bervian e o engenheiro Isidoro Fornari apresentaram os pedidos de ajuste no projeto \u00e0 Ag\u00eancia Nacional de Transportes Terrestres (ANTT), em Bras\u00edlia, [&hellip;]<\/p>\n","protected":false},"author":8,"featured_media":78529,"comment_status":"open","ping_status":"open","sticky":false,"template":"","format":"standard","meta":{"pmpro_default_level":"","_jetpack_memberships_contains_paid_content":false,"footnotes":""},"categories":[2,3],"tags":[91,5083],"class_list":{"0":"post-78528","1":"post","2":"type-post","3":"status-publish","4":"format-standard","5":"has-post-thumbnail","7":"category-featured","8":"category-geral","9":"tag-br-386","10":"tag-prefeitura-de-lajeado","11":"pmpro-has-access"},"yoast_head":"<!-- This site is optimized with the Yoast SEO plugin v27.5 - https:\/\/yoast.com\/product\/yoast-seo-wordpress\/ -->\n<title>Prefeitura de Lajeado busca melhorias no projeto de duplica\u00e7\u00e3o da BR-386 - Folha Popular<\/title>\n<meta name=\"robots\" content=\"index, follow, max-snippet:-1, max-image-preview:large, max-video-preview:-1\" \/>\n<link rel=\"canonical\" href=\"https:\/\/folhapopular.info\/index.php\/2021\/01\/28\/prefeitura-de-lajeado-busca-melhorias-no-projeto-de-duplicacao-da-br-386\/\" \/>\n<meta property=\"og:locale\" content=\"pt_BR\" \/>\n<meta property=\"og:type\" content=\"article\" \/>\n<meta property=\"og:title\" content=\"Prefeitura de Lajeado busca melhorias no projeto de duplica\u00e7\u00e3o da BR-386 - Folha Popular\" \/>\n<meta property=\"og:description\" content=\"A Prefeitura de Lajeado est\u00e1 solicitando melhorias no projeto de duplica\u00e7\u00e3o da BR-386. Em reuni\u00e3o virtual realizada na tarde desta quarta-feira, o prefeito Marcelo Caumo, o secret\u00e1rio municipal do Planejamento e Urbanismo Giancarlo Bervian e o engenheiro Isidoro Fornari apresentaram os pedidos de ajuste no projeto \u00e0 Ag\u00eancia Nacional de Transportes Terrestres (ANTT), em Bras\u00edlia, [&hellip;]\" \/>\n<meta property=\"og:url\" content=\"https:\/\/folhapopular.info\/index.php\/2021\/01\/28\/prefeitura-de-lajeado-busca-melhorias-no-projeto-de-duplicacao-da-br-386\/\" \/>\n<meta property=\"og:site_name\" content=\"Folha Popular\" \/>\n<meta property=\"article:published_time\" content=\"2021-01-28T18:56:29+00:00\" \/>\n<meta property=\"article:modified_time\" content=\"2021-01-28T18:56:34+00:00\" \/>\n<meta property=\"og:image\" content=\"https:\/\/folhapopular.info\/wp-content\/uploads\/2021\/01\/Foto-Giovani-Marasca-scaled-e1611860157234.jpg\" \/>\n\t<meta property=\"og:image:width\" content=\"800\" \/>\n\t<meta property=\"og:image:height\" content=\"533\" \/>\n\t<meta property=\"og:image:type\" content=\"image\/jpeg\" \/>\n<meta name=\"author\" content=\"Reda\u00e7\u00e3o Folha Popular\" \/>\n<meta name=\"twitter:card\" content=\"summary_large_image\" \/>\n<meta name=\"twitter:label1\" content=\"Escrito por\" \/>\n\t<meta name=\"twitter:data1\" content=\"Reda\u00e7\u00e3o Folha Popular\" \/>\n\t<meta name=\"twitter:label2\" content=\"Est. tempo de leitura\" \/>\n\t<meta name=\"twitter:data2\" content=\"1 minuto\" \/>\n<script type=\"application\/ld+json\" class=\"yoast-schema-graph\">{\"@context\":\"https:\\\/\\\/schema.org\",\"@graph\":[{\"@type\":\"Article\",\"@id\":\"https:\\\/\\\/folhapopular.info\\\/index.php\\\/2021\\\/01\\\/28\\\/prefeitura-de-lajeado-busca-melhorias-no-projeto-de-duplicacao-da-br-386\\\/#article\",\"isPartOf\":{\"@id\":\"https:\\\/\\\/folhapopular.info\\\/index.php\\\/2021\\\/01\\\/28\\\/prefeitura-de-lajeado-busca-melhorias-no-projeto-de-duplicacao-da-br-386\\\/\"},\"author\":{\"name\":\"Reda\u00e7\u00e3o Folha Popular\",\"@id\":\"https:\\\/\\\/folhapopular.info\\\/#\\\/schema\\\/person\\\/2814e8a0df7643585a9ca38bc6eb9d4b\"},\"headline\":\"Prefeitura de Lajeado busca melhorias no projeto de duplica\u00e7\u00e3o da BR-386\",\"datePublished\":\"2021-01-28T18:56:29+00:00\",\"dateModified\":\"2021-01-28T18:56:34+00:00\",\"mainEntityOfPage\":{\"@id\":\"https:\\\/\\\/folhapopular.info\\\/index.php\\\/2021\\\/01\\\/28\\\/prefeitura-de-lajeado-busca-melhorias-no-projeto-de-duplicacao-da-br-386\\\/\"},\"wordCount\":233,\"commentCount\":0,\"image\":{\"@id\":\"https:\\\/\\\/folhapopular.info\\\/index.php\\\/2021\\\/01\\\/28\\\/prefeitura-de-lajeado-busca-melhorias-no-projeto-de-duplicacao-da-br-386\\\/#primaryimage\"},\"thumbnailUrl\":\"https:\\\/\\\/folhapopular.info\\\/wp-content\\\/uploads\\\/2021\\\/01\\\/Foto-Giovani-Marasca-scaled-e1611860157234.jpg\",\"keywords\":[\"BR-386\",\"Prefeitura de Lajeado\"],\"articleSection\":[\"Destaques\",\"Geral\"],\"inLanguage\":\"pt-BR\",\"potentialAction\":[{\"@type\":\"CommentAction\",\"name\":\"Comment\",\"target\":[\"https:\\\/\\\/folhapopular.info\\\/index.php\\\/2021\\\/01\\\/28\\\/prefeitura-de-lajeado-busca-melhorias-no-projeto-de-duplicacao-da-br-386\\\/#respond\"]}]},{\"@type\":\"WebPage\",\"@id\":\"https:\\\/\\\/folhapopular.info\\\/index.php\\\/2021\\\/01\\\/28\\\/prefeitura-de-lajeado-busca-melhorias-no-projeto-de-duplicacao-da-br-386\\\/\",\"url\":\"https:\\\/\\\/folhapopular.info\\\/index.php\\\/2021\\\/01\\\/28\\\/prefeitura-de-lajeado-busca-melhorias-no-projeto-de-duplicacao-da-br-386\\\/\",\"name\":\"Prefeitura de Lajeado busca melhorias no projeto de duplica\u00e7\u00e3o da BR-386 - Folha Popular\",\"isPartOf\":{\"@id\":\"https:\\\/\\\/folhapopular.info\\\/#website\"},\"primaryImageOfPage\":{\"@id\":\"https:\\\/\\\/folhapopular.info\\\/index.php\\\/2021\\\/01\\\/28\\\/prefeitura-de-lajeado-busca-melhorias-no-projeto-de-duplicacao-da-br-386\\\/#primaryimage\"},\"image\":{\"@id\":\"https:\\\/\\\/folhapopular.info\\\/index.php\\\/2021\\\/01\\\/28\\\/prefeitura-de-lajeado-busca-melhorias-no-projeto-de-duplicacao-da-br-386\\\/#primaryimage\"},\"thumbnailUrl\":\"https:\\\/\\\/folhapopular.info\\\/wp-content\\\/uploads\\\/2021\\\/01\\\/Foto-Giovani-Marasca-scaled-e1611860157234.jpg\",\"datePublished\":\"2021-01-28T18:56:29+00:00\",\"dateModified\":\"2021-01-28T18:56:34+00:00\",\"author\":{\"@id\":\"https:\\\/\\\/folhapopular.info\\\/#\\\/schema\\\/person\\\/2814e8a0df7643585a9ca38bc6eb9d4b\"},\"breadcrumb\":{\"@id\":\"https:\\\/\\\/folhapopular.info\\\/index.php\\\/2021\\\/01\\\/28\\\/prefeitura-de-lajeado-busca-melhorias-no-projeto-de-duplicacao-da-br-386\\\/#breadcrumb\"},\"inLanguage\":\"pt-BR\",\"potentialAction\":[{\"@type\":\"ReadAction\",\"target\":[\"https:\\\/\\\/folhapopular.info\\\/index.php\\\/2021\\\/01\\\/28\\\/prefeitura-de-lajeado-busca-melhorias-no-projeto-de-duplicacao-da-br-386\\\/\"]}]},{\"@type\":\"ImageObject\",\"inLanguage\":\"pt-BR\",\"@id\":\"https:\\\/\\\/folhapopular.info\\\/index.php\\\/2021\\\/01\\\/28\\\/prefeitura-de-lajeado-busca-melhorias-no-projeto-de-duplicacao-da-br-386\\\/#primaryimage\",\"url\":\"https:\\\/\\\/folhapopular.info\\\/wp-content\\\/uploads\\\/2021\\\/01\\\/Foto-Giovani-Marasca-scaled-e1611860157234.jpg\",\"contentUrl\":\"https:\\\/\\\/folhapopular.info\\\/wp-content\\\/uploads\\\/2021\\\/01\\\/Foto-Giovani-Marasca-scaled-e1611860157234.jpg\",\"width\":800,\"height\":533},{\"@type\":\"BreadcrumbList\",\"@id\":\"https:\\\/\\\/folhapopular.info\\\/index.php\\\/2021\\\/01\\\/28\\\/prefeitura-de-lajeado-busca-melhorias-no-projeto-de-duplicacao-da-br-386\\\/#breadcrumb\",\"itemListElement\":[{\"@type\":\"ListItem\",\"position\":1,\"name\":\"In\u00edcio\",\"item\":\"https:\\\/\\\/folhapopular.info\\\/\"},{\"@type\":\"ListItem\",\"position\":2,\"name\":\"Prefeitura de Lajeado busca melhorias no projeto de duplica\u00e7\u00e3o da BR-386\"}]},{\"@type\":\"WebSite\",\"@id\":\"https:\\\/\\\/folhapopular.info\\\/#website\",\"url\":\"https:\\\/\\\/folhapopular.info\\\/\",\"name\":\"Folha Popular\",\"description\":\"Onde voc\u00ea tem vez e voz\",\"potentialAction\":[{\"@type\":\"SearchAction\",\"target\":{\"@type\":\"EntryPoint\",\"urlTemplate\":\"https:\\\/\\\/folhapopular.info\\\/?s={search_term_string}\"},\"query-input\":{\"@type\":\"PropertyValueSpecification\",\"valueRequired\":true,\"valueName\":\"search_term_string\"}}],\"inLanguage\":\"pt-BR\"},{\"@type\":\"Person\",\"@id\":\"https:\\\/\\\/folhapopular.info\\\/#\\\/schema\\\/person\\\/2814e8a0df7643585a9ca38bc6eb9d4b\",\"name\":\"Reda\u00e7\u00e3o Folha Popular\",\"image\":{\"@type\":\"ImageObject\",\"inLanguage\":\"pt-BR\",\"@id\":\"https:\\\/\\\/folhapopular.info\\\/wp-content\\\/uploads\\\/2026\\\/04\\\/Folha-1.webp\",\"url\":\"https:\\\/\\\/folhapopular.info\\\/wp-content\\\/uploads\\\/2026\\\/04\\\/Folha-1.webp\",\"contentUrl\":\"https:\\\/\\\/folhapopular.info\\\/wp-content\\\/uploads\\\/2026\\\/04\\\/Folha-1.webp\",\"caption\":\"Reda\u00e7\u00e3o Folha Popular\"},\"url\":\"https:\\\/\\\/folhapopular.info\\\/index.php\\\/author\\\/redacao\\\/\"}]}<\/script>\n<!-- \/ Yoast SEO plugin. -->","yoast_head_json":{"title":"Prefeitura de Lajeado busca melhorias no projeto de duplica\u00e7\u00e3o da BR-386 - Folha Popular","robots":{"index":"index","follow":"follow","max-snippet":"max-snippet:-1","max-image-preview":"max-image-preview:large","max-video-preview":"max-video-preview:-1"},"canonical":"https:\/\/folhapopular.info\/index.php\/2021\/01\/28\/prefeitura-de-lajeado-busca-melhorias-no-projeto-de-duplicacao-da-br-386\/","og_locale":"pt_BR","og_type":"article","og_title":"Prefeitura de Lajeado busca melhorias no projeto de duplica\u00e7\u00e3o da BR-386 - Folha Popular","og_description":"A Prefeitura de Lajeado est\u00e1 solicitando melhorias no projeto de duplica\u00e7\u00e3o da BR-386. Em reuni\u00e3o virtual realizada na tarde desta quarta-feira, o prefeito Marcelo Caumo, o secret\u00e1rio municipal do Planejamento e Urbanismo Giancarlo Bervian e o engenheiro Isidoro Fornari apresentaram os pedidos de ajuste no projeto \u00e0 Ag\u00eancia Nacional de Transportes Terrestres (ANTT), em Bras\u00edlia, [&hellip;]","og_url":"https:\/\/folhapopular.info\/index.php\/2021\/01\/28\/prefeitura-de-lajeado-busca-melhorias-no-projeto-de-duplicacao-da-br-386\/","og_site_name":"Folha Popular","article_published_time":"2021-01-28T18:56:29+00:00","article_modified_time":"2021-01-28T18:56:34+00:00","og_image":[{"width":800,"height":533,"url":"https:\/\/folhapopular.info\/wp-content\/uploads\/2021\/01\/Foto-Giovani-Marasca-scaled-e1611860157234.jpg","type":"image\/jpeg"}],"author":"Reda\u00e7\u00e3o Folha Popular","twitter_card":"summary_large_image","twitter_misc":{"Escrito por":"Reda\u00e7\u00e3o Folha Popular","Est. tempo de leitura":"1 minuto"},"schema":{"@context":"https:\/\/schema.org","@graph":[{"@type":"Article","@id":"https:\/\/folhapopular.info\/index.php\/2021\/01\/28\/prefeitura-de-lajeado-busca-melhorias-no-projeto-de-duplicacao-da-br-386\/#article","isPartOf":{"@id":"https:\/\/folhapopular.info\/index.php\/2021\/01\/28\/prefeitura-de-lajeado-busca-melhorias-no-projeto-de-duplicacao-da-br-386\/"},"author":{"name":"Reda\u00e7\u00e3o Folha Popular","@id":"https:\/\/folhapopular.info\/#\/schema\/person\/2814e8a0df7643585a9ca38bc6eb9d4b"},"headline":"Prefeitura de Lajeado busca melhorias no projeto de duplica\u00e7\u00e3o da BR-386","datePublished":"2021-01-28T18:56:29+00:00","dateModified":"2021-01-28T18:56:34+00:00","mainEntityOfPage":{"@id":"https:\/\/folhapopular.info\/index.php\/2021\/01\/28\/prefeitura-de-lajeado-busca-melhorias-no-projeto-de-duplicacao-da-br-386\/"},"wordCount":233,"commentCount":0,"image":{"@id":"https:\/\/folhapopular.info\/index.php\/2021\/01\/28\/prefeitura-de-lajeado-busca-melhorias-no-projeto-de-duplicacao-da-br-386\/#primaryimage"},"thumbnailUrl":"https:\/\/folhapopular.info\/wp-content\/uploads\/2021\/01\/Foto-Giovani-Marasca-scaled-e1611860157234.jpg","keywords":["BR-386","Prefeitura de Lajeado"],"articleSection":["Destaques","Geral"],"inLanguage":"pt-BR","potentialAction":[{"@type":"CommentAction","name":"Comment","target":["https:\/\/folhapopular.info\/index.php\/2021\/01\/28\/prefeitura-de-lajeado-busca-melhorias-no-projeto-de-duplicacao-da-br-386\/#respond"]}]},{"@type":"WebPage","@id":"https:\/\/folhapopular.info\/index.php\/2021\/01\/28\/prefeitura-de-lajeado-busca-melhorias-no-projeto-de-duplicacao-da-br-386\/","url":"https:\/\/folhapopular.info\/index.php\/2021\/01\/28\/prefeitura-de-lajeado-busca-melhorias-no-projeto-de-duplicacao-da-br-386\/","name":"Prefeitura de Lajeado busca melhorias no projeto de duplica\u00e7\u00e3o da BR-386 - Folha Popular","isPartOf":{"@id":"https:\/\/folhapopular.info\/#website"},"primaryImageOfPage":{"@id":"https:\/\/folhapopular.info\/index.php\/2021\/01\/28\/prefeitura-de-lajeado-busca-melhorias-no-projeto-de-duplicacao-da-br-386\/#primaryimage"},"image":{"@id":"https:\/\/folhapopular.info\/index.php\/2021\/01\/28\/prefeitura-de-lajeado-busca-melhorias-no-projeto-de-duplicacao-da-br-386\/#primaryimage"},"thumbnailUrl":"https:\/\/folhapopular.info\/wp-content\/uploads\/2021\/01\/Foto-Giovani-Marasca-scaled-e1611860157234.jpg","datePublished":"2021-01-28T18:56:29+00:00","dateModified":"2021-01-28T18:56:34+00:00","author":{"@id":"https:\/\/folhapopular.info\/#\/schema\/person\/2814e8a0df7643585a9ca38bc6eb9d4b"},"breadcrumb":{"@id":"https:\/\/folhapopular.info\/index.php\/2021\/01\/28\/prefeitura-de-lajeado-busca-melhorias-no-projeto-de-duplicacao-da-br-386\/#breadcrumb"},"inLanguage":"pt-BR","potentialAction":[{"@type":"ReadAction","target":["https:\/\/folhapopular.info\/index.php\/2021\/01\/28\/prefeitura-de-lajeado-busca-melhorias-no-projeto-de-duplicacao-da-br-386\/"]}]},{"@type":"ImageObject","inLanguage":"pt-BR","@id":"https:\/\/folhapopular.info\/index.php\/2021\/01\/28\/prefeitura-de-lajeado-busca-melhorias-no-projeto-de-duplicacao-da-br-386\/#primaryimage","url":"https:\/\/folhapopular.info\/wp-content\/uploads\/2021\/01\/Foto-Giovani-Marasca-scaled-e1611860157234.jpg","contentUrl":"https:\/\/folhapopular.info\/wp-content\/uploads\/2021\/01\/Foto-Giovani-Marasca-scaled-e1611860157234.jpg","width":800,"height":533},{"@type":"BreadcrumbList","@id":"https:\/\/folhapopular.info\/index.php\/2021\/01\/28\/prefeitura-de-lajeado-busca-melhorias-no-projeto-de-duplicacao-da-br-386\/#breadcrumb","itemListElement":[{"@type":"ListItem","position":1,"name":"In\u00edcio","item":"https:\/\/folhapopular.info\/"},{"@type":"ListItem","position":2,"name":"Prefeitura de Lajeado busca melhorias no projeto de duplica\u00e7\u00e3o da BR-386"}]},{"@type":"WebSite","@id":"https:\/\/folhapopular.info\/#website","url":"https:\/\/folhapopular.info\/","name":"Folha Popular","description":"Onde voc\u00ea tem vez e voz","potentialAction":[{"@type":"SearchAction","target":{"@type":"EntryPoint","urlTemplate":"https:\/\/folhapopular.info\/?s={search_term_string}"},"query-input":{"@type":"PropertyValueSpecification","valueRequired":true,"valueName":"search_term_string"}}],"inLanguage":"pt-BR"},{"@type":"Person","@id":"https:\/\/folhapopular.info\/#\/schema\/person\/2814e8a0df7643585a9ca38bc6eb9d4b","name":"Reda\u00e7\u00e3o Folha Popular","image":{"@type":"ImageObject","inLanguage":"pt-BR","@id":"https:\/\/folhapopular.info\/wp-content\/uploads\/2026\/04\/Folha-1.webp","url":"https:\/\/folhapopular.info\/wp-content\/uploads\/2026\/04\/Folha-1.webp","contentUrl":"https:\/\/folhapopular.info\/wp-content\/uploads\/2026\/04\/Folha-1.webp","caption":"Reda\u00e7\u00e3o Folha Popular"},"url":"https:\/\/folhapopular.info\/index.php\/author\/redacao\/"}]}},"jetpack_featured_media_url":"https:\/\/folhapopular.info\/wp-content\/uploads\/2021\/01\/Foto-Giovani-Marasca-scaled-e1611860157234.jpg","jetpack_sharing_enabled":true,"amp_enabled":true,"_links":{"self":[{"href":"https:\/\/folhapopular.info\/index.php\/wp-json\/wp\/v2\/posts\/78528","targetHints":{"allow":["GET"]}}],"collection":[{"href":"https:\/\/folhapopular.info\/index.php\/wp-json\/wp\/v2\/posts"}],"about":[{"href":"https:\/\/folhapopular.info\/index.php\/wp-json\/wp\/v2\/types\/post"}],"author":[{"embeddable":true,"href":"https:\/\/folhapopular.info\/index.php\/wp-json\/wp\/v2\/users\/8"}],"replies":[{"embeddable":true,"href":"https:\/\/folhapopular.info\/index.php\/wp-json\/wp\/v2\/comments?post=78528"}],"version-history":[{"count":0,"href":"https:\/\/folhapopular.info\/index.php\/wp-json\/wp\/v2\/posts\/78528\/revisions"}],"wp:featuredmedia":[{"embeddable":true,"href":"https:\/\/folhapopular.info\/index.php\/wp-json\/wp\/v2\/media\/78529"}],"wp:attachment":[{"href":"https:\/\/folhapopular.info\/index.php\/wp-json\/wp\/v2\/media?parent=78528"}],"wp:term":[{"taxonomy":"category","embeddable":true,"href":"https:\/\/folhapopular.info\/index.php\/wp-json\/wp\/v2\/categories?post=78528"},{"taxonomy":"post_tag","embeddable":true,"href":"https:\/\/folhapopular.info\/index.php\/wp-json\/wp\/v2\/tags?post=78528"}],"curies":[{"name":"wp","href":"https:\/\/api.w.org\/{rel}","templated":true}]}}