{"id":78748,"date":"2021-02-01T16:50:26","date_gmt":"2021-02-01T19:50:26","guid":{"rendered":"https:\/\/folhapopular.info\/?p=78748"},"modified":"2021-02-01T16:50:30","modified_gmt":"2021-02-01T19:50:30","slug":"divulgados-os-gabaritos-das-provas-do-concurso-publico-para-a-prefeitura-de-lajeado","status":"publish","type":"post","link":"https:\/\/folhapopular.info\/index.php\/2021\/02\/01\/divulgados-os-gabaritos-das-provas-do-concurso-publico-para-a-prefeitura-de-lajeado\/","title":{"rendered":"Divulgados os gabaritos das provas do concurso p\u00fablico para a Prefeitura de Lajeado"},"content":{"rendered":"\n<p>Nesta segunda-feira, 1\u00ba\/02, foram divulgados os gabaritos das provas do concurso p\u00fablico para a Prefeitura de Lajeado. No&nbsp;domingo, 31\/01, os inscritos realizaram as provas escritas do concurso n\u00ba 01\/2020. Os cargos disputados foram para Contador, Engenheiro Civil, Monitor de Creche, Psic\u00f3logo, Professor Anos Finais &#8211; Artes, Professor Anos Finais &#8211; Educa\u00e7\u00e3o F\u00edsica e Professor Anos Finais &#8211; Geografia.&nbsp;<\/p>\n\n\n\n<p>As provas, que ocorreram na Univates em dois turnos, foram realizadas seguindo todas as medidas de precau\u00e7\u00e3o necess\u00e1rias, como aferi\u00e7\u00e3o de temperatura dos candidatos, capacidade reduzida de ocupa\u00e7\u00e3o das salas e manuten\u00e7\u00e3o do distanciamento entre os candidatos.&nbsp;<\/p>\n\n\n\n<p>Segunda a Secret\u00e1ria da Administra\u00e7\u00e3o, Elisangela Hoss de Souza, a realiza\u00e7\u00e3o da prova ocorreu dentro da normalidade, houve um caso de atraso de candidato, que n\u00e3o pode prestar a prova, e tamb\u00e9m foram registradas absten\u00e7\u00f5es.<\/p>\n\n\n\n<p>&#8211; No geral, tudo ocorreu muito bem. Os candidatos aderiram aos protocolos de seguran\u00e7a e distanciamento e a prova transcorreu de forma tranquila e segura &#8211; disse Elisangela.<\/p>\n\n\n\n<p>Inscrita para o cargo de monitora de creche, Kellin Luiza Kraemer realizou a prova na manh\u00e3 do domingo.<\/p>\n\n\n\n<p>&#8211; Eu estava ansiosa, pois \u00e9 uma prova que n\u00e3o acontece com muita frequ\u00eancia e que pode fazer parte do meu futuro. De uma maneira geral, achei a prova complexa, mas espero me sair bem &#8211; contou Kellin.&nbsp;<\/p>\n\n\n\n<p>As inscri\u00e7\u00f5es para o concurso foram encerradas no primeiro semestre de 2020, mas as provas, inicialmente agendadas para mar\u00e7o de 2020, foram suspensas em raz\u00e3o da pandemia do novo coronav\u00edrus. Novas datas haviam sido agendadas para a realiza\u00e7\u00e3o das provas, mas em fun\u00e7\u00e3o da pandemia tiveram de ser transferidas e posteriormente suspensas. A nova data para a realiza\u00e7\u00e3o das provas do concurso havia sido definida e publicada no Di\u00e1rio Oficial Municipal do dia 14\/01\/2021.&nbsp;<a href=\"http:\/\/www.lajeado.rs.gov.br\/?template=abreAnexos&amp;arquivo=MTRfMDFfMjFfZWRp5%2BNvXzEyMTcucGRm&amp;nomeArquivo=14\/01\/21_edi%E7%E3o_1217%20-%20Edital%20de%20Concurso%20N%BA%20011-01\/2021&amp;categoriaDownload=1\" target=\"_blank\" rel=\"noreferrer noopener\"><strong>Clique aqui para conferir.&nbsp;<\/strong><\/a><\/p>\n\n\n\n<p>Para conferir os gabaritos preliminares,&nbsp;<a href=\"http:\/\/www.lajeado.rs.gov.br\/?template=abreAnexos&amp;arquivo=MDFfMDJfMjFfZWRp5%2BNvXzEyMjlHQUJBUklUTyBQUkVMSU1JTkFSLnBkZg%3D%3D&amp;nomeArquivo=01\/02\/21_edi%E7%E3o_1229%20-%20Gabarito%20Preliminar%20do%20Concurso%20P%FAblico%20n%BA%2001\/2020&amp;categoriaDownload=1\" target=\"_blank\" rel=\"noreferrer noopener\"><strong>clique aqui.<\/strong><\/a><\/p>\n\n\n\n<p><strong>Pr\u00f3ximos passos:<\/strong><\/p>\n\n\n\n<p>&#8211; 02\/02 a 04\/02 &#8211; Interposi\u00e7\u00e3o de recursos aos gabaritos preliminares<\/p>\n\n\n\n<p>&#8211; 09\/02, ap\u00f3s 15h &#8211; Divulga\u00e7\u00e3o da decis\u00e3o sobre os recursos<\/p>\n\n\n\n<p>&#8211; 12\/02, ap\u00f3s 12h &#8211; Publica\u00e7\u00e3o do resultado das provas escritas<\/p>\n","protected":false},"excerpt":{"rendered":"<p>Nesta segunda-feira, 1\u00ba\/02, foram divulgados os gabaritos das provas do concurso p\u00fablico para a Prefeitura de Lajeado. No&nbsp;domingo, 31\/01, os inscritos realizaram as provas escritas do concurso n\u00ba 01\/2020. Os cargos disputados foram para Contador, Engenheiro Civil, Monitor de Creche, Psic\u00f3logo, Professor Anos Finais &#8211; Artes, Professor Anos Finais &#8211; Educa\u00e7\u00e3o F\u00edsica e Professor Anos [&hellip;]<\/p>\n","protected":false},"author":8,"featured_media":78749,"comment_status":"open","ping_status":"open","sticky":false,"template":"","format":"standard","meta":{"pmpro_default_level":"","_jetpack_memberships_contains_paid_content":false,"footnotes":""},"categories":[2,3],"tags":[747,5083],"class_list":{"0":"post-78748","1":"post","2":"type-post","3":"status-publish","4":"format-standard","5":"has-post-thumbnail","7":"category-featured","8":"category-geral","9":"tag-concurso-publico","10":"tag-prefeitura-de-lajeado","11":"pmpro-has-access"},"yoast_head":"<!-- This site is optimized with the Yoast SEO plugin v27.5 - https:\/\/yoast.com\/product\/yoast-seo-wordpress\/ -->\n<title>Divulgados os gabaritos das provas do concurso p\u00fablico para a Prefeitura de Lajeado - Folha Popular<\/title>\n<meta name=\"robots\" content=\"index, follow, max-snippet:-1, max-image-preview:large, max-video-preview:-1\" \/>\n<link rel=\"canonical\" href=\"https:\/\/folhapopular.info\/index.php\/2021\/02\/01\/divulgados-os-gabaritos-das-provas-do-concurso-publico-para-a-prefeitura-de-lajeado\/\" \/>\n<meta property=\"og:locale\" content=\"pt_BR\" \/>\n<meta property=\"og:type\" content=\"article\" \/>\n<meta property=\"og:title\" content=\"Divulgados os gabaritos das provas do concurso p\u00fablico para a Prefeitura de Lajeado - Folha Popular\" \/>\n<meta property=\"og:description\" content=\"Nesta segunda-feira, 1\u00ba\/02, foram divulgados os gabaritos das provas do concurso p\u00fablico para a Prefeitura de Lajeado. No&nbsp;domingo, 31\/01, os inscritos realizaram as provas escritas do concurso n\u00ba 01\/2020. Os cargos disputados foram para Contador, Engenheiro Civil, Monitor de Creche, Psic\u00f3logo, Professor Anos Finais &#8211; Artes, Professor Anos Finais &#8211; Educa\u00e7\u00e3o F\u00edsica e Professor Anos [&hellip;]\" \/>\n<meta property=\"og:url\" content=\"https:\/\/folhapopular.info\/index.php\/2021\/02\/01\/divulgados-os-gabaritos-das-provas-do-concurso-publico-para-a-prefeitura-de-lajeado\/\" \/>\n<meta property=\"og:site_name\" content=\"Folha Popular\" \/>\n<meta property=\"article:published_time\" content=\"2021-02-01T19:50:26+00:00\" \/>\n<meta property=\"article:modified_time\" content=\"2021-02-01T19:50:30+00:00\" \/>\n<meta property=\"og:image\" content=\"https:\/\/folhapopular.info\/wp-content\/uploads\/2021\/02\/prova-do-concurso-publico-2-e1612208993181.jpeg\" \/>\n\t<meta property=\"og:image:width\" content=\"800\" \/>\n\t<meta property=\"og:image:height\" content=\"600\" \/>\n\t<meta property=\"og:image:type\" content=\"image\/jpeg\" \/>\n<meta name=\"author\" content=\"Reda\u00e7\u00e3o Folha Popular\" \/>\n<meta name=\"twitter:card\" content=\"summary_large_image\" \/>\n<meta name=\"twitter:label1\" content=\"Escrito por\" \/>\n\t<meta name=\"twitter:data1\" content=\"Reda\u00e7\u00e3o Folha Popular\" \/>\n\t<meta name=\"twitter:label2\" content=\"Est. tempo de leitura\" \/>\n\t<meta name=\"twitter:data2\" content=\"2 minutos\" \/>\n<script type=\"application\/ld+json\" class=\"yoast-schema-graph\">{\"@context\":\"https:\\\/\\\/schema.org\",\"@graph\":[{\"@type\":\"Article\",\"@id\":\"https:\\\/\\\/folhapopular.info\\\/index.php\\\/2021\\\/02\\\/01\\\/divulgados-os-gabaritos-das-provas-do-concurso-publico-para-a-prefeitura-de-lajeado\\\/#article\",\"isPartOf\":{\"@id\":\"https:\\\/\\\/folhapopular.info\\\/index.php\\\/2021\\\/02\\\/01\\\/divulgados-os-gabaritos-das-provas-do-concurso-publico-para-a-prefeitura-de-lajeado\\\/\"},\"author\":{\"name\":\"Reda\u00e7\u00e3o Folha Popular\",\"@id\":\"https:\\\/\\\/folhapopular.info\\\/#\\\/schema\\\/person\\\/2814e8a0df7643585a9ca38bc6eb9d4b\"},\"headline\":\"Divulgados os gabaritos das provas do concurso p\u00fablico para a Prefeitura de Lajeado\",\"datePublished\":\"2021-02-01T19:50:26+00:00\",\"dateModified\":\"2021-02-01T19:50:30+00:00\",\"mainEntityOfPage\":{\"@id\":\"https:\\\/\\\/folhapopular.info\\\/index.php\\\/2021\\\/02\\\/01\\\/divulgados-os-gabaritos-das-provas-do-concurso-publico-para-a-prefeitura-de-lajeado\\\/\"},\"wordCount\":378,\"commentCount\":0,\"image\":{\"@id\":\"https:\\\/\\\/folhapopular.info\\\/index.php\\\/2021\\\/02\\\/01\\\/divulgados-os-gabaritos-das-provas-do-concurso-publico-para-a-prefeitura-de-lajeado\\\/#primaryimage\"},\"thumbnailUrl\":\"https:\\\/\\\/folhapopular.info\\\/wp-content\\\/uploads\\\/2021\\\/02\\\/prova-do-concurso-publico-2-e1612208993181.jpeg\",\"keywords\":[\"Concurso P\u00fablico\",\"Prefeitura de Lajeado\"],\"articleSection\":[\"Destaques\",\"Geral\"],\"inLanguage\":\"pt-BR\",\"potentialAction\":[{\"@type\":\"CommentAction\",\"name\":\"Comment\",\"target\":[\"https:\\\/\\\/folhapopular.info\\\/index.php\\\/2021\\\/02\\\/01\\\/divulgados-os-gabaritos-das-provas-do-concurso-publico-para-a-prefeitura-de-lajeado\\\/#respond\"]}]},{\"@type\":\"WebPage\",\"@id\":\"https:\\\/\\\/folhapopular.info\\\/index.php\\\/2021\\\/02\\\/01\\\/divulgados-os-gabaritos-das-provas-do-concurso-publico-para-a-prefeitura-de-lajeado\\\/\",\"url\":\"https:\\\/\\\/folhapopular.info\\\/index.php\\\/2021\\\/02\\\/01\\\/divulgados-os-gabaritos-das-provas-do-concurso-publico-para-a-prefeitura-de-lajeado\\\/\",\"name\":\"Divulgados os gabaritos das provas do concurso p\u00fablico para a Prefeitura de Lajeado - Folha Popular\",\"isPartOf\":{\"@id\":\"https:\\\/\\\/folhapopular.info\\\/#website\"},\"primaryImageOfPage\":{\"@id\":\"https:\\\/\\\/folhapopular.info\\\/index.php\\\/2021\\\/02\\\/01\\\/divulgados-os-gabaritos-das-provas-do-concurso-publico-para-a-prefeitura-de-lajeado\\\/#primaryimage\"},\"image\":{\"@id\":\"https:\\\/\\\/folhapopular.info\\\/index.php\\\/2021\\\/02\\\/01\\\/divulgados-os-gabaritos-das-provas-do-concurso-publico-para-a-prefeitura-de-lajeado\\\/#primaryimage\"},\"thumbnailUrl\":\"https:\\\/\\\/folhapopular.info\\\/wp-content\\\/uploads\\\/2021\\\/02\\\/prova-do-concurso-publico-2-e1612208993181.jpeg\",\"datePublished\":\"2021-02-01T19:50:26+00:00\",\"dateModified\":\"2021-02-01T19:50:30+00:00\",\"author\":{\"@id\":\"https:\\\/\\\/folhapopular.info\\\/#\\\/schema\\\/person\\\/2814e8a0df7643585a9ca38bc6eb9d4b\"},\"breadcrumb\":{\"@id\":\"https:\\\/\\\/folhapopular.info\\\/index.php\\\/2021\\\/02\\\/01\\\/divulgados-os-gabaritos-das-provas-do-concurso-publico-para-a-prefeitura-de-lajeado\\\/#breadcrumb\"},\"inLanguage\":\"pt-BR\",\"potentialAction\":[{\"@type\":\"ReadAction\",\"target\":[\"https:\\\/\\\/folhapopular.info\\\/index.php\\\/2021\\\/02\\\/01\\\/divulgados-os-gabaritos-das-provas-do-concurso-publico-para-a-prefeitura-de-lajeado\\\/\"]}]},{\"@type\":\"ImageObject\",\"inLanguage\":\"pt-BR\",\"@id\":\"https:\\\/\\\/folhapopular.info\\\/index.php\\\/2021\\\/02\\\/01\\\/divulgados-os-gabaritos-das-provas-do-concurso-publico-para-a-prefeitura-de-lajeado\\\/#primaryimage\",\"url\":\"https:\\\/\\\/folhapopular.info\\\/wp-content\\\/uploads\\\/2021\\\/02\\\/prova-do-concurso-publico-2-e1612208993181.jpeg\",\"contentUrl\":\"https:\\\/\\\/folhapopular.info\\\/wp-content\\\/uploads\\\/2021\\\/02\\\/prova-do-concurso-publico-2-e1612208993181.jpeg\",\"width\":800,\"height\":600,\"caption\":\"Cr\u00e9dito da foto: Divulga\u00e7\u00e3o\"},{\"@type\":\"BreadcrumbList\",\"@id\":\"https:\\\/\\\/folhapopular.info\\\/index.php\\\/2021\\\/02\\\/01\\\/divulgados-os-gabaritos-das-provas-do-concurso-publico-para-a-prefeitura-de-lajeado\\\/#breadcrumb\",\"itemListElement\":[{\"@type\":\"ListItem\",\"position\":1,\"name\":\"In\u00edcio\",\"item\":\"https:\\\/\\\/folhapopular.info\\\/\"},{\"@type\":\"ListItem\",\"position\":2,\"name\":\"Divulgados os gabaritos das provas do concurso p\u00fablico para a Prefeitura de Lajeado\"}]},{\"@type\":\"WebSite\",\"@id\":\"https:\\\/\\\/folhapopular.info\\\/#website\",\"url\":\"https:\\\/\\\/folhapopular.info\\\/\",\"name\":\"Folha Popular\",\"description\":\"Onde voc\u00ea tem vez e voz\",\"potentialAction\":[{\"@type\":\"SearchAction\",\"target\":{\"@type\":\"EntryPoint\",\"urlTemplate\":\"https:\\\/\\\/folhapopular.info\\\/?s={search_term_string}\"},\"query-input\":{\"@type\":\"PropertyValueSpecification\",\"valueRequired\":true,\"valueName\":\"search_term_string\"}}],\"inLanguage\":\"pt-BR\"},{\"@type\":\"Person\",\"@id\":\"https:\\\/\\\/folhapopular.info\\\/#\\\/schema\\\/person\\\/2814e8a0df7643585a9ca38bc6eb9d4b\",\"name\":\"Reda\u00e7\u00e3o Folha Popular\",\"image\":{\"@type\":\"ImageObject\",\"inLanguage\":\"pt-BR\",\"@id\":\"https:\\\/\\\/folhapopular.info\\\/wp-content\\\/uploads\\\/2026\\\/04\\\/Folha-1.webp\",\"url\":\"https:\\\/\\\/folhapopular.info\\\/wp-content\\\/uploads\\\/2026\\\/04\\\/Folha-1.webp\",\"contentUrl\":\"https:\\\/\\\/folhapopular.info\\\/wp-content\\\/uploads\\\/2026\\\/04\\\/Folha-1.webp\",\"caption\":\"Reda\u00e7\u00e3o Folha Popular\"},\"url\":\"https:\\\/\\\/folhapopular.info\\\/index.php\\\/author\\\/redacao\\\/\"}]}<\/script>\n<!-- \/ Yoast SEO plugin. -->","yoast_head_json":{"title":"Divulgados os gabaritos das provas do concurso p\u00fablico para a Prefeitura de Lajeado - Folha Popular","robots":{"index":"index","follow":"follow","max-snippet":"max-snippet:-1","max-image-preview":"max-image-preview:large","max-video-preview":"max-video-preview:-1"},"canonical":"https:\/\/folhapopular.info\/index.php\/2021\/02\/01\/divulgados-os-gabaritos-das-provas-do-concurso-publico-para-a-prefeitura-de-lajeado\/","og_locale":"pt_BR","og_type":"article","og_title":"Divulgados os gabaritos das provas do concurso p\u00fablico para a Prefeitura de Lajeado - Folha Popular","og_description":"Nesta segunda-feira, 1\u00ba\/02, foram divulgados os gabaritos das provas do concurso p\u00fablico para a Prefeitura de Lajeado. No&nbsp;domingo, 31\/01, os inscritos realizaram as provas escritas do concurso n\u00ba 01\/2020. Os cargos disputados foram para Contador, Engenheiro Civil, Monitor de Creche, Psic\u00f3logo, Professor Anos Finais &#8211; Artes, Professor Anos Finais &#8211; Educa\u00e7\u00e3o F\u00edsica e Professor Anos [&hellip;]","og_url":"https:\/\/folhapopular.info\/index.php\/2021\/02\/01\/divulgados-os-gabaritos-das-provas-do-concurso-publico-para-a-prefeitura-de-lajeado\/","og_site_name":"Folha Popular","article_published_time":"2021-02-01T19:50:26+00:00","article_modified_time":"2021-02-01T19:50:30+00:00","og_image":[{"width":800,"height":600,"url":"https:\/\/folhapopular.info\/wp-content\/uploads\/2021\/02\/prova-do-concurso-publico-2-e1612208993181.jpeg","type":"image\/jpeg"}],"author":"Reda\u00e7\u00e3o Folha Popular","twitter_card":"summary_large_image","twitter_misc":{"Escrito por":"Reda\u00e7\u00e3o Folha Popular","Est. tempo de leitura":"2 minutos"},"schema":{"@context":"https:\/\/schema.org","@graph":[{"@type":"Article","@id":"https:\/\/folhapopular.info\/index.php\/2021\/02\/01\/divulgados-os-gabaritos-das-provas-do-concurso-publico-para-a-prefeitura-de-lajeado\/#article","isPartOf":{"@id":"https:\/\/folhapopular.info\/index.php\/2021\/02\/01\/divulgados-os-gabaritos-das-provas-do-concurso-publico-para-a-prefeitura-de-lajeado\/"},"author":{"name":"Reda\u00e7\u00e3o Folha Popular","@id":"https:\/\/folhapopular.info\/#\/schema\/person\/2814e8a0df7643585a9ca38bc6eb9d4b"},"headline":"Divulgados os gabaritos das provas do concurso p\u00fablico para a Prefeitura de Lajeado","datePublished":"2021-02-01T19:50:26+00:00","dateModified":"2021-02-01T19:50:30+00:00","mainEntityOfPage":{"@id":"https:\/\/folhapopular.info\/index.php\/2021\/02\/01\/divulgados-os-gabaritos-das-provas-do-concurso-publico-para-a-prefeitura-de-lajeado\/"},"wordCount":378,"commentCount":0,"image":{"@id":"https:\/\/folhapopular.info\/index.php\/2021\/02\/01\/divulgados-os-gabaritos-das-provas-do-concurso-publico-para-a-prefeitura-de-lajeado\/#primaryimage"},"thumbnailUrl":"https:\/\/folhapopular.info\/wp-content\/uploads\/2021\/02\/prova-do-concurso-publico-2-e1612208993181.jpeg","keywords":["Concurso P\u00fablico","Prefeitura de Lajeado"],"articleSection":["Destaques","Geral"],"inLanguage":"pt-BR","potentialAction":[{"@type":"CommentAction","name":"Comment","target":["https:\/\/folhapopular.info\/index.php\/2021\/02\/01\/divulgados-os-gabaritos-das-provas-do-concurso-publico-para-a-prefeitura-de-lajeado\/#respond"]}]},{"@type":"WebPage","@id":"https:\/\/folhapopular.info\/index.php\/2021\/02\/01\/divulgados-os-gabaritos-das-provas-do-concurso-publico-para-a-prefeitura-de-lajeado\/","url":"https:\/\/folhapopular.info\/index.php\/2021\/02\/01\/divulgados-os-gabaritos-das-provas-do-concurso-publico-para-a-prefeitura-de-lajeado\/","name":"Divulgados os gabaritos das provas do concurso p\u00fablico para a Prefeitura de Lajeado - Folha Popular","isPartOf":{"@id":"https:\/\/folhapopular.info\/#website"},"primaryImageOfPage":{"@id":"https:\/\/folhapopular.info\/index.php\/2021\/02\/01\/divulgados-os-gabaritos-das-provas-do-concurso-publico-para-a-prefeitura-de-lajeado\/#primaryimage"},"image":{"@id":"https:\/\/folhapopular.info\/index.php\/2021\/02\/01\/divulgados-os-gabaritos-das-provas-do-concurso-publico-para-a-prefeitura-de-lajeado\/#primaryimage"},"thumbnailUrl":"https:\/\/folhapopular.info\/wp-content\/uploads\/2021\/02\/prova-do-concurso-publico-2-e1612208993181.jpeg","datePublished":"2021-02-01T19:50:26+00:00","dateModified":"2021-02-01T19:50:30+00:00","author":{"@id":"https:\/\/folhapopular.info\/#\/schema\/person\/2814e8a0df7643585a9ca38bc6eb9d4b"},"breadcrumb":{"@id":"https:\/\/folhapopular.info\/index.php\/2021\/02\/01\/divulgados-os-gabaritos-das-provas-do-concurso-publico-para-a-prefeitura-de-lajeado\/#breadcrumb"},"inLanguage":"pt-BR","potentialAction":[{"@type":"ReadAction","target":["https:\/\/folhapopular.info\/index.php\/2021\/02\/01\/divulgados-os-gabaritos-das-provas-do-concurso-publico-para-a-prefeitura-de-lajeado\/"]}]},{"@type":"ImageObject","inLanguage":"pt-BR","@id":"https:\/\/folhapopular.info\/index.php\/2021\/02\/01\/divulgados-os-gabaritos-das-provas-do-concurso-publico-para-a-prefeitura-de-lajeado\/#primaryimage","url":"https:\/\/folhapopular.info\/wp-content\/uploads\/2021\/02\/prova-do-concurso-publico-2-e1612208993181.jpeg","contentUrl":"https:\/\/folhapopular.info\/wp-content\/uploads\/2021\/02\/prova-do-concurso-publico-2-e1612208993181.jpeg","width":800,"height":600,"caption":"Cr\u00e9dito da foto: Divulga\u00e7\u00e3o"},{"@type":"BreadcrumbList","@id":"https:\/\/folhapopular.info\/index.php\/2021\/02\/01\/divulgados-os-gabaritos-das-provas-do-concurso-publico-para-a-prefeitura-de-lajeado\/#breadcrumb","itemListElement":[{"@type":"ListItem","position":1,"name":"In\u00edcio","item":"https:\/\/folhapopular.info\/"},{"@type":"ListItem","position":2,"name":"Divulgados os gabaritos das provas do concurso p\u00fablico para a Prefeitura de Lajeado"}]},{"@type":"WebSite","@id":"https:\/\/folhapopular.info\/#website","url":"https:\/\/folhapopular.info\/","name":"Folha Popular","description":"Onde voc\u00ea tem vez e voz","potentialAction":[{"@type":"SearchAction","target":{"@type":"EntryPoint","urlTemplate":"https:\/\/folhapopular.info\/?s={search_term_string}"},"query-input":{"@type":"PropertyValueSpecification","valueRequired":true,"valueName":"search_term_string"}}],"inLanguage":"pt-BR"},{"@type":"Person","@id":"https:\/\/folhapopular.info\/#\/schema\/person\/2814e8a0df7643585a9ca38bc6eb9d4b","name":"Reda\u00e7\u00e3o Folha Popular","image":{"@type":"ImageObject","inLanguage":"pt-BR","@id":"https:\/\/folhapopular.info\/wp-content\/uploads\/2026\/04\/Folha-1.webp","url":"https:\/\/folhapopular.info\/wp-content\/uploads\/2026\/04\/Folha-1.webp","contentUrl":"https:\/\/folhapopular.info\/wp-content\/uploads\/2026\/04\/Folha-1.webp","caption":"Reda\u00e7\u00e3o Folha Popular"},"url":"https:\/\/folhapopular.info\/index.php\/author\/redacao\/"}]}},"jetpack_featured_media_url":"https:\/\/folhapopular.info\/wp-content\/uploads\/2021\/02\/prova-do-concurso-publico-2-e1612208993181.jpeg","jetpack_sharing_enabled":true,"amp_enabled":true,"_links":{"self":[{"href":"https:\/\/folhapopular.info\/index.php\/wp-json\/wp\/v2\/posts\/78748","targetHints":{"allow":["GET"]}}],"collection":[{"href":"https:\/\/folhapopular.info\/index.php\/wp-json\/wp\/v2\/posts"}],"about":[{"href":"https:\/\/folhapopular.info\/index.php\/wp-json\/wp\/v2\/types\/post"}],"author":[{"embeddable":true,"href":"https:\/\/folhapopular.info\/index.php\/wp-json\/wp\/v2\/users\/8"}],"replies":[{"embeddable":true,"href":"https:\/\/folhapopular.info\/index.php\/wp-json\/wp\/v2\/comments?post=78748"}],"version-history":[{"count":0,"href":"https:\/\/folhapopular.info\/index.php\/wp-json\/wp\/v2\/posts\/78748\/revisions"}],"wp:featuredmedia":[{"embeddable":true,"href":"https:\/\/folhapopular.info\/index.php\/wp-json\/wp\/v2\/media\/78749"}],"wp:attachment":[{"href":"https:\/\/folhapopular.info\/index.php\/wp-json\/wp\/v2\/media?parent=78748"}],"wp:term":[{"taxonomy":"category","embeddable":true,"href":"https:\/\/folhapopular.info\/index.php\/wp-json\/wp\/v2\/categories?post=78748"},{"taxonomy":"post_tag","embeddable":true,"href":"https:\/\/folhapopular.info\/index.php\/wp-json\/wp\/v2\/tags?post=78748"}],"curies":[{"name":"wp","href":"https:\/\/api.w.org\/{rel}","templated":true}]}}