{"id":79067,"date":"2021-02-09T14:22:21","date_gmt":"2021-02-09T17:22:21","guid":{"rendered":"https:\/\/folhapopular.info\/?p=79067"},"modified":"2021-02-09T14:22:23","modified_gmt":"2021-02-09T17:22:23","slug":"idosos-acima-de-85-anos-passam-a-ser-vacinados-no-municipio-de-poco-das-antas","status":"publish","type":"post","link":"https:\/\/folhapopular.info\/index.php\/2021\/02\/09\/idosos-acima-de-85-anos-passam-a-ser-vacinados-no-municipio-de-poco-das-antas\/","title":{"rendered":"Idosos acima de 85 anos passam a ser vacinados no Munic\u00edpio de Po\u00e7o das Antas"},"content":{"rendered":"\n<p>O Munic\u00edpio de Po\u00e7o das Antas recebeu no final da tarde de ontem, segunda-feira, dia 8 de fevereiro, mais 60 doses da vacina contra a Covid-19. <\/p>\n\n\n\n<p>A nova remessa permite que a imuniza\u00e7\u00e3o seja estendida a pessoas acima de 85 anos: a primeira faixa et\u00e1ria de idosos contemplada nesta nova etapa de vacina\u00e7\u00e3o. Alguns profissionais de sa\u00fade ainda est\u00e3o inclusos nessa fase e tamb\u00e9m receber\u00e3o a vacina.<br><\/p>\n\n\n\n<p>Para tanto, a imuniza\u00e7\u00e3o ser\u00e1 concentrada na Unidade B\u00e1sica de Sa\u00fade (UBS) nos dias 10 e 11 de fevereiro\u00a0(quarta e quinta-feira), das 8h \u00e0s 11h na parte da manh\u00e3, e das 13h \u00e0s 16h no per\u00edodo da tarde, ocorrendo por ordem de chegada at\u00e9 acabarem as doses dispon\u00edveis. <\/p>\n\n\n\n<p>No momento da vacina \u00e9 necess\u00e1rio portar documento pessoal, cart\u00e3o SUS e Carteirinha de Vacina\u00e7\u00e3o. Os idosos acima de 85 anos que se encontram acamados podem solicitar agendamento para receberem a vacina atrav\u00e9s do telefone (51) 3773-1133.<\/p>\n\n\n\n<p>A ordem de vacina\u00e7\u00e3o segue um regramento criterioso do Governo do Estado, sendo ampliada para novos grupos na medida em que mais doses s\u00e3o entregues ao Munic\u00edpio. Pede-se cautela, paci\u00eancia e aten\u00e7\u00e3o de todos, pois novas atualiza\u00e7\u00e3o ser\u00e3o informadas conforme houver a disponibilidade de doses. <\/p>\n\n\n\n<p>No momento da vacina \u00e9 indispens\u00e1vel o uso de m\u00e1scara, h\u00e1bito que deve ser mantido em qualquer ocasi\u00e3o, assim como a frequente higiene das m\u00e3os e o distanciamento social. D\u00favidas e informa\u00e7\u00f5es podem ser esclarecidas pelo (51) 3773-1133.<\/p>\n\n\n\n<figure class=\"wp-block-image size-large\"><img loading=\"lazy\" decoding=\"async\" width=\"1024\" height=\"1024\" src=\"https:\/\/folhapopular.info\/wp-content\/uploads\/2021\/02\/1-Idosos-acima-de-85-anos-passam-a-ser-vacinados-no-Municipio-1024x1024.png\" alt=\"\" class=\"wp-image-79068\" srcset=\"https:\/\/folhapopular.info\/wp-content\/uploads\/2021\/02\/1-Idosos-acima-de-85-anos-passam-a-ser-vacinados-no-Municipio-1024x1024.png 1024w, https:\/\/folhapopular.info\/wp-content\/uploads\/2021\/02\/1-Idosos-acima-de-85-anos-passam-a-ser-vacinados-no-Municipio-300x300.png 300w, https:\/\/folhapopular.info\/wp-content\/uploads\/2021\/02\/1-Idosos-acima-de-85-anos-passam-a-ser-vacinados-no-Municipio-150x150.png 150w, https:\/\/folhapopular.info\/wp-content\/uploads\/2021\/02\/1-Idosos-acima-de-85-anos-passam-a-ser-vacinados-no-Municipio-768x768.png 768w, https:\/\/folhapopular.info\/wp-content\/uploads\/2021\/02\/1-Idosos-acima-de-85-anos-passam-a-ser-vacinados-no-Municipio-696x696.png 696w, https:\/\/folhapopular.info\/wp-content\/uploads\/2021\/02\/1-Idosos-acima-de-85-anos-passam-a-ser-vacinados-no-Municipio-1068x1068.png 1068w, https:\/\/folhapopular.info\/wp-content\/uploads\/2021\/02\/1-Idosos-acima-de-85-anos-passam-a-ser-vacinados-no-Municipio-420x420.png 420w, https:\/\/folhapopular.info\/wp-content\/uploads\/2021\/02\/1-Idosos-acima-de-85-anos-passam-a-ser-vacinados-no-Municipio.png 1080w\" sizes=\"auto, (max-width: 1024px) 100vw, 1024px\" \/><figcaption>Vacina\u00e7\u00e3o ocorrer\u00e1 por ordem de chegada at\u00e9 acabarem as doses dispon\u00edveis \/ Cr\u00e9dito da arte: <em>Jenifer Kunzler Beckenbach \/ ASCOM<\/em><\/figcaption><\/figure>\n\n\n\n<p><\/p>\n","protected":false},"excerpt":{"rendered":"<p>O Munic\u00edpio de Po\u00e7o das Antas recebeu no final da tarde de ontem, segunda-feira, dia 8 de fevereiro, mais 60 doses da vacina contra a Covid-19. A nova remessa permite que a imuniza\u00e7\u00e3o seja estendida a pessoas acima de 85 anos: a primeira faixa et\u00e1ria de idosos contemplada nesta nova etapa de vacina\u00e7\u00e3o. Alguns profissionais [&hellip;]<\/p>\n","protected":false},"author":8,"featured_media":79069,"comment_status":"open","ping_status":"open","sticky":false,"template":"","format":"standard","meta":{"pmpro_default_level":"","_jetpack_memberships_contains_paid_content":false,"footnotes":""},"categories":[5756],"tags":[599,40,87],"class_list":{"0":"post-79067","1":"post","2":"type-post","3":"status-publish","4":"format-standard","5":"has-post-thumbnail","7":"category-coronavirus","8":"tag-idosos","9":"tag-poco-das-antas","10":"tag-vacinacao","11":"pmpro-has-access"},"yoast_head":"<!-- This site is optimized with the Yoast SEO plugin v27.5 - https:\/\/yoast.com\/product\/yoast-seo-wordpress\/ -->\n<title>Idosos acima de 85 anos passam a ser vacinados no Munic\u00edpio de Po\u00e7o das Antas - Folha Popular<\/title>\n<meta name=\"robots\" content=\"index, follow, max-snippet:-1, max-image-preview:large, max-video-preview:-1\" \/>\n<link rel=\"canonical\" href=\"https:\/\/folhapopular.info\/index.php\/2021\/02\/09\/idosos-acima-de-85-anos-passam-a-ser-vacinados-no-municipio-de-poco-das-antas\/\" \/>\n<meta property=\"og:locale\" content=\"pt_BR\" \/>\n<meta property=\"og:type\" content=\"article\" \/>\n<meta property=\"og:title\" content=\"Idosos acima de 85 anos passam a ser vacinados no Munic\u00edpio de Po\u00e7o das Antas - Folha Popular\" \/>\n<meta property=\"og:description\" content=\"O Munic\u00edpio de Po\u00e7o das Antas recebeu no final da tarde de ontem, segunda-feira, dia 8 de fevereiro, mais 60 doses da vacina contra a Covid-19. A nova remessa permite que a imuniza\u00e7\u00e3o seja estendida a pessoas acima de 85 anos: a primeira faixa et\u00e1ria de idosos contemplada nesta nova etapa de vacina\u00e7\u00e3o. Alguns profissionais [&hellip;]\" \/>\n<meta property=\"og:url\" content=\"https:\/\/folhapopular.info\/index.php\/2021\/02\/09\/idosos-acima-de-85-anos-passam-a-ser-vacinados-no-municipio-de-poco-das-antas\/\" \/>\n<meta property=\"og:site_name\" content=\"Folha Popular\" \/>\n<meta property=\"article:published_time\" content=\"2021-02-09T17:22:21+00:00\" \/>\n<meta property=\"article:modified_time\" content=\"2021-02-09T17:22:23+00:00\" \/>\n<meta property=\"og:image\" content=\"https:\/\/folhapopular.info\/wp-content\/uploads\/2021\/02\/pexels-pixabay-33786-scaled-e1612891305477.jpg\" \/>\n\t<meta property=\"og:image:width\" content=\"800\" \/>\n\t<meta property=\"og:image:height\" content=\"533\" \/>\n\t<meta property=\"og:image:type\" content=\"image\/jpeg\" \/>\n<meta name=\"author\" content=\"Reda\u00e7\u00e3o Folha Popular\" \/>\n<meta name=\"twitter:card\" content=\"summary_large_image\" \/>\n<meta name=\"twitter:label1\" content=\"Escrito por\" \/>\n\t<meta name=\"twitter:data1\" content=\"Reda\u00e7\u00e3o Folha Popular\" \/>\n\t<meta name=\"twitter:label2\" content=\"Est. tempo de leitura\" \/>\n\t<meta name=\"twitter:data2\" content=\"2 minutos\" \/>\n<script type=\"application\/ld+json\" class=\"yoast-schema-graph\">{\"@context\":\"https:\\\/\\\/schema.org\",\"@graph\":[{\"@type\":\"Article\",\"@id\":\"https:\\\/\\\/folhapopular.info\\\/index.php\\\/2021\\\/02\\\/09\\\/idosos-acima-de-85-anos-passam-a-ser-vacinados-no-municipio-de-poco-das-antas\\\/#article\",\"isPartOf\":{\"@id\":\"https:\\\/\\\/folhapopular.info\\\/index.php\\\/2021\\\/02\\\/09\\\/idosos-acima-de-85-anos-passam-a-ser-vacinados-no-municipio-de-poco-das-antas\\\/\"},\"author\":{\"name\":\"Reda\u00e7\u00e3o Folha Popular\",\"@id\":\"https:\\\/\\\/folhapopular.info\\\/#\\\/schema\\\/person\\\/2814e8a0df7643585a9ca38bc6eb9d4b\"},\"headline\":\"Idosos acima de 85 anos passam a ser vacinados no Munic\u00edpio de Po\u00e7o das Antas\",\"datePublished\":\"2021-02-09T17:22:21+00:00\",\"dateModified\":\"2021-02-09T17:22:23+00:00\",\"mainEntityOfPage\":{\"@id\":\"https:\\\/\\\/folhapopular.info\\\/index.php\\\/2021\\\/02\\\/09\\\/idosos-acima-de-85-anos-passam-a-ser-vacinados-no-municipio-de-poco-das-antas\\\/\"},\"wordCount\":295,\"commentCount\":0,\"image\":{\"@id\":\"https:\\\/\\\/folhapopular.info\\\/index.php\\\/2021\\\/02\\\/09\\\/idosos-acima-de-85-anos-passam-a-ser-vacinados-no-municipio-de-poco-das-antas\\\/#primaryimage\"},\"thumbnailUrl\":\"https:\\\/\\\/folhapopular.info\\\/wp-content\\\/uploads\\\/2021\\\/02\\\/pexels-pixabay-33786-scaled-e1612891305477.jpg\",\"keywords\":[\"Idosos\",\"Po\u00e7o das Antas\",\"Vacina\u00e7\u00e3o\"],\"articleSection\":[\"Coronav\u00edrus\"],\"inLanguage\":\"pt-BR\",\"potentialAction\":[{\"@type\":\"CommentAction\",\"name\":\"Comment\",\"target\":[\"https:\\\/\\\/folhapopular.info\\\/index.php\\\/2021\\\/02\\\/09\\\/idosos-acima-de-85-anos-passam-a-ser-vacinados-no-municipio-de-poco-das-antas\\\/#respond\"]}]},{\"@type\":\"WebPage\",\"@id\":\"https:\\\/\\\/folhapopular.info\\\/index.php\\\/2021\\\/02\\\/09\\\/idosos-acima-de-85-anos-passam-a-ser-vacinados-no-municipio-de-poco-das-antas\\\/\",\"url\":\"https:\\\/\\\/folhapopular.info\\\/index.php\\\/2021\\\/02\\\/09\\\/idosos-acima-de-85-anos-passam-a-ser-vacinados-no-municipio-de-poco-das-antas\\\/\",\"name\":\"Idosos acima de 85 anos passam a ser vacinados no Munic\u00edpio de Po\u00e7o das Antas - Folha Popular\",\"isPartOf\":{\"@id\":\"https:\\\/\\\/folhapopular.info\\\/#website\"},\"primaryImageOfPage\":{\"@id\":\"https:\\\/\\\/folhapopular.info\\\/index.php\\\/2021\\\/02\\\/09\\\/idosos-acima-de-85-anos-passam-a-ser-vacinados-no-municipio-de-poco-das-antas\\\/#primaryimage\"},\"image\":{\"@id\":\"https:\\\/\\\/folhapopular.info\\\/index.php\\\/2021\\\/02\\\/09\\\/idosos-acima-de-85-anos-passam-a-ser-vacinados-no-municipio-de-poco-das-antas\\\/#primaryimage\"},\"thumbnailUrl\":\"https:\\\/\\\/folhapopular.info\\\/wp-content\\\/uploads\\\/2021\\\/02\\\/pexels-pixabay-33786-scaled-e1612891305477.jpg\",\"datePublished\":\"2021-02-09T17:22:21+00:00\",\"dateModified\":\"2021-02-09T17:22:23+00:00\",\"author\":{\"@id\":\"https:\\\/\\\/folhapopular.info\\\/#\\\/schema\\\/person\\\/2814e8a0df7643585a9ca38bc6eb9d4b\"},\"breadcrumb\":{\"@id\":\"https:\\\/\\\/folhapopular.info\\\/index.php\\\/2021\\\/02\\\/09\\\/idosos-acima-de-85-anos-passam-a-ser-vacinados-no-municipio-de-poco-das-antas\\\/#breadcrumb\"},\"inLanguage\":\"pt-BR\",\"potentialAction\":[{\"@type\":\"ReadAction\",\"target\":[\"https:\\\/\\\/folhapopular.info\\\/index.php\\\/2021\\\/02\\\/09\\\/idosos-acima-de-85-anos-passam-a-ser-vacinados-no-municipio-de-poco-das-antas\\\/\"]}]},{\"@type\":\"ImageObject\",\"inLanguage\":\"pt-BR\",\"@id\":\"https:\\\/\\\/folhapopular.info\\\/index.php\\\/2021\\\/02\\\/09\\\/idosos-acima-de-85-anos-passam-a-ser-vacinados-no-municipio-de-poco-das-antas\\\/#primaryimage\",\"url\":\"https:\\\/\\\/folhapopular.info\\\/wp-content\\\/uploads\\\/2021\\\/02\\\/pexels-pixabay-33786-scaled-e1612891305477.jpg\",\"contentUrl\":\"https:\\\/\\\/folhapopular.info\\\/wp-content\\\/uploads\\\/2021\\\/02\\\/pexels-pixabay-33786-scaled-e1612891305477.jpg\",\"width\":800,\"height\":533,\"caption\":\"Cr\u00e9dito da foto: Pixabay\"},{\"@type\":\"BreadcrumbList\",\"@id\":\"https:\\\/\\\/folhapopular.info\\\/index.php\\\/2021\\\/02\\\/09\\\/idosos-acima-de-85-anos-passam-a-ser-vacinados-no-municipio-de-poco-das-antas\\\/#breadcrumb\",\"itemListElement\":[{\"@type\":\"ListItem\",\"position\":1,\"name\":\"In\u00edcio\",\"item\":\"https:\\\/\\\/folhapopular.info\\\/\"},{\"@type\":\"ListItem\",\"position\":2,\"name\":\"Idosos acima de 85 anos passam a ser vacinados no Munic\u00edpio de Po\u00e7o das Antas\"}]},{\"@type\":\"WebSite\",\"@id\":\"https:\\\/\\\/folhapopular.info\\\/#website\",\"url\":\"https:\\\/\\\/folhapopular.info\\\/\",\"name\":\"Folha Popular\",\"description\":\"Onde voc\u00ea tem vez e voz\",\"potentialAction\":[{\"@type\":\"SearchAction\",\"target\":{\"@type\":\"EntryPoint\",\"urlTemplate\":\"https:\\\/\\\/folhapopular.info\\\/?s={search_term_string}\"},\"query-input\":{\"@type\":\"PropertyValueSpecification\",\"valueRequired\":true,\"valueName\":\"search_term_string\"}}],\"inLanguage\":\"pt-BR\"},{\"@type\":\"Person\",\"@id\":\"https:\\\/\\\/folhapopular.info\\\/#\\\/schema\\\/person\\\/2814e8a0df7643585a9ca38bc6eb9d4b\",\"name\":\"Reda\u00e7\u00e3o Folha Popular\",\"image\":{\"@type\":\"ImageObject\",\"inLanguage\":\"pt-BR\",\"@id\":\"https:\\\/\\\/folhapopular.info\\\/wp-content\\\/uploads\\\/2026\\\/04\\\/Folha-1.webp\",\"url\":\"https:\\\/\\\/folhapopular.info\\\/wp-content\\\/uploads\\\/2026\\\/04\\\/Folha-1.webp\",\"contentUrl\":\"https:\\\/\\\/folhapopular.info\\\/wp-content\\\/uploads\\\/2026\\\/04\\\/Folha-1.webp\",\"caption\":\"Reda\u00e7\u00e3o Folha Popular\"},\"url\":\"https:\\\/\\\/folhapopular.info\\\/index.php\\\/author\\\/redacao\\\/\"}]}<\/script>\n<!-- \/ Yoast SEO plugin. -->","yoast_head_json":{"title":"Idosos acima de 85 anos passam a ser vacinados no Munic\u00edpio de Po\u00e7o das Antas - Folha Popular","robots":{"index":"index","follow":"follow","max-snippet":"max-snippet:-1","max-image-preview":"max-image-preview:large","max-video-preview":"max-video-preview:-1"},"canonical":"https:\/\/folhapopular.info\/index.php\/2021\/02\/09\/idosos-acima-de-85-anos-passam-a-ser-vacinados-no-municipio-de-poco-das-antas\/","og_locale":"pt_BR","og_type":"article","og_title":"Idosos acima de 85 anos passam a ser vacinados no Munic\u00edpio de Po\u00e7o das Antas - Folha Popular","og_description":"O Munic\u00edpio de Po\u00e7o das Antas recebeu no final da tarde de ontem, segunda-feira, dia 8 de fevereiro, mais 60 doses da vacina contra a Covid-19. A nova remessa permite que a imuniza\u00e7\u00e3o seja estendida a pessoas acima de 85 anos: a primeira faixa et\u00e1ria de idosos contemplada nesta nova etapa de vacina\u00e7\u00e3o. Alguns profissionais [&hellip;]","og_url":"https:\/\/folhapopular.info\/index.php\/2021\/02\/09\/idosos-acima-de-85-anos-passam-a-ser-vacinados-no-municipio-de-poco-das-antas\/","og_site_name":"Folha Popular","article_published_time":"2021-02-09T17:22:21+00:00","article_modified_time":"2021-02-09T17:22:23+00:00","og_image":[{"width":800,"height":533,"url":"https:\/\/folhapopular.info\/wp-content\/uploads\/2021\/02\/pexels-pixabay-33786-scaled-e1612891305477.jpg","type":"image\/jpeg"}],"author":"Reda\u00e7\u00e3o Folha Popular","twitter_card":"summary_large_image","twitter_misc":{"Escrito por":"Reda\u00e7\u00e3o Folha Popular","Est. tempo de leitura":"2 minutos"},"schema":{"@context":"https:\/\/schema.org","@graph":[{"@type":"Article","@id":"https:\/\/folhapopular.info\/index.php\/2021\/02\/09\/idosos-acima-de-85-anos-passam-a-ser-vacinados-no-municipio-de-poco-das-antas\/#article","isPartOf":{"@id":"https:\/\/folhapopular.info\/index.php\/2021\/02\/09\/idosos-acima-de-85-anos-passam-a-ser-vacinados-no-municipio-de-poco-das-antas\/"},"author":{"name":"Reda\u00e7\u00e3o Folha Popular","@id":"https:\/\/folhapopular.info\/#\/schema\/person\/2814e8a0df7643585a9ca38bc6eb9d4b"},"headline":"Idosos acima de 85 anos passam a ser vacinados no Munic\u00edpio de Po\u00e7o das Antas","datePublished":"2021-02-09T17:22:21+00:00","dateModified":"2021-02-09T17:22:23+00:00","mainEntityOfPage":{"@id":"https:\/\/folhapopular.info\/index.php\/2021\/02\/09\/idosos-acima-de-85-anos-passam-a-ser-vacinados-no-municipio-de-poco-das-antas\/"},"wordCount":295,"commentCount":0,"image":{"@id":"https:\/\/folhapopular.info\/index.php\/2021\/02\/09\/idosos-acima-de-85-anos-passam-a-ser-vacinados-no-municipio-de-poco-das-antas\/#primaryimage"},"thumbnailUrl":"https:\/\/folhapopular.info\/wp-content\/uploads\/2021\/02\/pexels-pixabay-33786-scaled-e1612891305477.jpg","keywords":["Idosos","Po\u00e7o das Antas","Vacina\u00e7\u00e3o"],"articleSection":["Coronav\u00edrus"],"inLanguage":"pt-BR","potentialAction":[{"@type":"CommentAction","name":"Comment","target":["https:\/\/folhapopular.info\/index.php\/2021\/02\/09\/idosos-acima-de-85-anos-passam-a-ser-vacinados-no-municipio-de-poco-das-antas\/#respond"]}]},{"@type":"WebPage","@id":"https:\/\/folhapopular.info\/index.php\/2021\/02\/09\/idosos-acima-de-85-anos-passam-a-ser-vacinados-no-municipio-de-poco-das-antas\/","url":"https:\/\/folhapopular.info\/index.php\/2021\/02\/09\/idosos-acima-de-85-anos-passam-a-ser-vacinados-no-municipio-de-poco-das-antas\/","name":"Idosos acima de 85 anos passam a ser vacinados no Munic\u00edpio de Po\u00e7o das Antas - Folha Popular","isPartOf":{"@id":"https:\/\/folhapopular.info\/#website"},"primaryImageOfPage":{"@id":"https:\/\/folhapopular.info\/index.php\/2021\/02\/09\/idosos-acima-de-85-anos-passam-a-ser-vacinados-no-municipio-de-poco-das-antas\/#primaryimage"},"image":{"@id":"https:\/\/folhapopular.info\/index.php\/2021\/02\/09\/idosos-acima-de-85-anos-passam-a-ser-vacinados-no-municipio-de-poco-das-antas\/#primaryimage"},"thumbnailUrl":"https:\/\/folhapopular.info\/wp-content\/uploads\/2021\/02\/pexels-pixabay-33786-scaled-e1612891305477.jpg","datePublished":"2021-02-09T17:22:21+00:00","dateModified":"2021-02-09T17:22:23+00:00","author":{"@id":"https:\/\/folhapopular.info\/#\/schema\/person\/2814e8a0df7643585a9ca38bc6eb9d4b"},"breadcrumb":{"@id":"https:\/\/folhapopular.info\/index.php\/2021\/02\/09\/idosos-acima-de-85-anos-passam-a-ser-vacinados-no-municipio-de-poco-das-antas\/#breadcrumb"},"inLanguage":"pt-BR","potentialAction":[{"@type":"ReadAction","target":["https:\/\/folhapopular.info\/index.php\/2021\/02\/09\/idosos-acima-de-85-anos-passam-a-ser-vacinados-no-municipio-de-poco-das-antas\/"]}]},{"@type":"ImageObject","inLanguage":"pt-BR","@id":"https:\/\/folhapopular.info\/index.php\/2021\/02\/09\/idosos-acima-de-85-anos-passam-a-ser-vacinados-no-municipio-de-poco-das-antas\/#primaryimage","url":"https:\/\/folhapopular.info\/wp-content\/uploads\/2021\/02\/pexels-pixabay-33786-scaled-e1612891305477.jpg","contentUrl":"https:\/\/folhapopular.info\/wp-content\/uploads\/2021\/02\/pexels-pixabay-33786-scaled-e1612891305477.jpg","width":800,"height":533,"caption":"Cr\u00e9dito da foto: Pixabay"},{"@type":"BreadcrumbList","@id":"https:\/\/folhapopular.info\/index.php\/2021\/02\/09\/idosos-acima-de-85-anos-passam-a-ser-vacinados-no-municipio-de-poco-das-antas\/#breadcrumb","itemListElement":[{"@type":"ListItem","position":1,"name":"In\u00edcio","item":"https:\/\/folhapopular.info\/"},{"@type":"ListItem","position":2,"name":"Idosos acima de 85 anos passam a ser vacinados no Munic\u00edpio de Po\u00e7o das Antas"}]},{"@type":"WebSite","@id":"https:\/\/folhapopular.info\/#website","url":"https:\/\/folhapopular.info\/","name":"Folha Popular","description":"Onde voc\u00ea tem vez e voz","potentialAction":[{"@type":"SearchAction","target":{"@type":"EntryPoint","urlTemplate":"https:\/\/folhapopular.info\/?s={search_term_string}"},"query-input":{"@type":"PropertyValueSpecification","valueRequired":true,"valueName":"search_term_string"}}],"inLanguage":"pt-BR"},{"@type":"Person","@id":"https:\/\/folhapopular.info\/#\/schema\/person\/2814e8a0df7643585a9ca38bc6eb9d4b","name":"Reda\u00e7\u00e3o Folha Popular","image":{"@type":"ImageObject","inLanguage":"pt-BR","@id":"https:\/\/folhapopular.info\/wp-content\/uploads\/2026\/04\/Folha-1.webp","url":"https:\/\/folhapopular.info\/wp-content\/uploads\/2026\/04\/Folha-1.webp","contentUrl":"https:\/\/folhapopular.info\/wp-content\/uploads\/2026\/04\/Folha-1.webp","caption":"Reda\u00e7\u00e3o Folha Popular"},"url":"https:\/\/folhapopular.info\/index.php\/author\/redacao\/"}]}},"jetpack_featured_media_url":"https:\/\/folhapopular.info\/wp-content\/uploads\/2021\/02\/pexels-pixabay-33786-scaled-e1612891305477.jpg","jetpack_sharing_enabled":true,"amp_enabled":true,"_links":{"self":[{"href":"https:\/\/folhapopular.info\/index.php\/wp-json\/wp\/v2\/posts\/79067","targetHints":{"allow":["GET"]}}],"collection":[{"href":"https:\/\/folhapopular.info\/index.php\/wp-json\/wp\/v2\/posts"}],"about":[{"href":"https:\/\/folhapopular.info\/index.php\/wp-json\/wp\/v2\/types\/post"}],"author":[{"embeddable":true,"href":"https:\/\/folhapopular.info\/index.php\/wp-json\/wp\/v2\/users\/8"}],"replies":[{"embeddable":true,"href":"https:\/\/folhapopular.info\/index.php\/wp-json\/wp\/v2\/comments?post=79067"}],"version-history":[{"count":0,"href":"https:\/\/folhapopular.info\/index.php\/wp-json\/wp\/v2\/posts\/79067\/revisions"}],"wp:featuredmedia":[{"embeddable":true,"href":"https:\/\/folhapopular.info\/index.php\/wp-json\/wp\/v2\/media\/79069"}],"wp:attachment":[{"href":"https:\/\/folhapopular.info\/index.php\/wp-json\/wp\/v2\/media?parent=79067"}],"wp:term":[{"taxonomy":"category","embeddable":true,"href":"https:\/\/folhapopular.info\/index.php\/wp-json\/wp\/v2\/categories?post=79067"},{"taxonomy":"post_tag","embeddable":true,"href":"https:\/\/folhapopular.info\/index.php\/wp-json\/wp\/v2\/tags?post=79067"}],"curies":[{"name":"wp","href":"https:\/\/api.w.org\/{rel}","templated":true}]}}