{"id":79114,"date":"2021-02-10T17:41:38","date_gmt":"2021-02-10T20:41:38","guid":{"rendered":"https:\/\/folhapopular.info\/?p=79114"},"modified":"2021-02-10T17:43:10","modified_gmt":"2021-02-10T20:43:10","slug":"centro-administrativo-de-bom-retiro-do-sul-recebe-exposicao-da-escola-de-samba-inhandava","status":"publish","type":"post","link":"https:\/\/folhapopular.info\/index.php\/2021\/02\/10\/centro-administrativo-de-bom-retiro-do-sul-recebe-exposicao-da-escola-de-samba-inhandava\/","title":{"rendered":"Centro Administrativo de Bom Retiro do Sul recebe exposi\u00e7\u00e3o da Escola de Samba Inhandava"},"content":{"rendered":"\n<p>\u00c9 carnaval, mas de um modo diferente. Em tempos de pandemia, com suspens\u00e3o de eventos e festividades, onde a sociedade est\u00e1 incumbida em preservar a sa\u00fade, o carnaval \u00e9 lembrado em Bom Retiro do Sul com uma exposi\u00e7\u00e3o da Escola de Samba Inhandava.<\/p>\n\n\n\n<figure class=\"wp-block-gallery columns-2 is-cropped wp-block-gallery-1 is-layout-flex wp-block-gallery-is-layout-flex\"><ul class=\"blocks-gallery-grid\"><li class=\"blocks-gallery-item\"><figure><img loading=\"lazy\" decoding=\"async\" width=\"1024\" height=\"689\" src=\"https:\/\/folhapopular.info\/wp-content\/uploads\/2021\/02\/Exposicao-Inhandava-no-Centro-Administrativo-3_Easy-Resize.com_-1024x689.jpg\" alt=\"\" data-id=\"79116\" data-link=\"https:\/\/folhapopular.info\/?attachment_id=79116\" class=\"wp-image-79116\" srcset=\"https:\/\/folhapopular.info\/wp-content\/uploads\/2021\/02\/Exposicao-Inhandava-no-Centro-Administrativo-3_Easy-Resize.com_-1024x689.jpg 1024w, https:\/\/folhapopular.info\/wp-content\/uploads\/2021\/02\/Exposicao-Inhandava-no-Centro-Administrativo-3_Easy-Resize.com_-300x202.jpg 300w, https:\/\/folhapopular.info\/wp-content\/uploads\/2021\/02\/Exposicao-Inhandava-no-Centro-Administrativo-3_Easy-Resize.com_-768x517.jpg 768w, https:\/\/folhapopular.info\/wp-content\/uploads\/2021\/02\/Exposicao-Inhandava-no-Centro-Administrativo-3_Easy-Resize.com_-696x468.jpg 696w, https:\/\/folhapopular.info\/wp-content\/uploads\/2021\/02\/Exposicao-Inhandava-no-Centro-Administrativo-3_Easy-Resize.com_-1068x718.jpg 1068w, https:\/\/folhapopular.info\/wp-content\/uploads\/2021\/02\/Exposicao-Inhandava-no-Centro-Administrativo-3_Easy-Resize.com_-624x420.jpg 624w, https:\/\/folhapopular.info\/wp-content\/uploads\/2021\/02\/Exposicao-Inhandava-no-Centro-Administrativo-3_Easy-Resize.com_.jpg 1280w\" sizes=\"auto, (max-width: 1024px) 100vw, 1024px\" \/><\/figure><\/li><li class=\"blocks-gallery-item\"><figure><img loading=\"lazy\" decoding=\"async\" width=\"1024\" height=\"758\" src=\"https:\/\/folhapopular.info\/wp-content\/uploads\/2021\/02\/Exposicao-Inhandava-no-Centro-Administrativo-2_Easy-Resize.com_-1024x758.jpg\" alt=\"\" data-id=\"79117\" data-full-url=\"https:\/\/folhapopular.info\/wp-content\/uploads\/2021\/02\/Exposicao-Inhandava-no-Centro-Administrativo-2_Easy-Resize.com_.jpg\" data-link=\"https:\/\/folhapopular.info\/?attachment_id=79117\" class=\"wp-image-79117\" srcset=\"https:\/\/folhapopular.info\/wp-content\/uploads\/2021\/02\/Exposicao-Inhandava-no-Centro-Administrativo-2_Easy-Resize.com_-1024x758.jpg 1024w, https:\/\/folhapopular.info\/wp-content\/uploads\/2021\/02\/Exposicao-Inhandava-no-Centro-Administrativo-2_Easy-Resize.com_-300x222.jpg 300w, https:\/\/folhapopular.info\/wp-content\/uploads\/2021\/02\/Exposicao-Inhandava-no-Centro-Administrativo-2_Easy-Resize.com_-768x568.jpg 768w, https:\/\/folhapopular.info\/wp-content\/uploads\/2021\/02\/Exposicao-Inhandava-no-Centro-Administrativo-2_Easy-Resize.com_-696x515.jpg 696w, https:\/\/folhapopular.info\/wp-content\/uploads\/2021\/02\/Exposicao-Inhandava-no-Centro-Administrativo-2_Easy-Resize.com_-1068x790.jpg 1068w, https:\/\/folhapopular.info\/wp-content\/uploads\/2021\/02\/Exposicao-Inhandava-no-Centro-Administrativo-2_Easy-Resize.com_-568x420.jpg 568w, https:\/\/folhapopular.info\/wp-content\/uploads\/2021\/02\/Exposicao-Inhandava-no-Centro-Administrativo-2_Easy-Resize.com_-80x60.jpg 80w, https:\/\/folhapopular.info\/wp-content\/uploads\/2021\/02\/Exposicao-Inhandava-no-Centro-Administrativo-2_Easy-Resize.com_.jpg 1280w\" sizes=\"auto, (max-width: 1024px) 100vw, 1024px\" \/><\/figure><\/li><\/ul><figcaption class=\"blocks-gallery-caption\">Cr\u00e9dito das fotos: Fernando Dias \/ Divulga\u00e7\u00e3o<\/figcaption><\/figure>\n\n\n\n<p>Prestes h\u00e1 completar 38 anos, a mem\u00f3ria cultural da Inhandava e tamb\u00e9m do munic\u00edpio est\u00e1 simbolizada com muita alegria e saudosismo de quem fez e faz parte desta tradicional escola de samba, numa encantadora exposi\u00e7\u00e3o no Centro Administrativo. Quem ama o carnaval pode reviver momentos incr\u00edveis.<\/p>\n\n\n\n<p>A exposi\u00e7\u00e3o \u00e9 organizada pela SERBC Escola de Samba Inhandava, em parceria com o munic\u00edpio, atrav\u00e9s da Coordenadora de Cultura, Lene Petry. A partir da sexta-feira, 12, a exposi\u00e7\u00e3o percorrer\u00e1 o com\u00e9rcio do munic\u00edpio, enfeitando vitrines e espa\u00e7os interiores, onde o p\u00fablico e os foli\u00f5es poder\u00e3o reviver momentos de muita alegria e divers\u00e3o.<\/p>\n\n\n\n<figure class=\"wp-block-gallery columns-2 is-cropped wp-block-gallery-2 is-layout-flex wp-block-gallery-is-layout-flex\"><ul class=\"blocks-gallery-grid\"><li class=\"blocks-gallery-item\"><figure><img loading=\"lazy\" decoding=\"async\" width=\"1024\" height=\"742\" src=\"https:\/\/folhapopular.info\/wp-content\/uploads\/2021\/02\/Exposicao-Inhandava-no-Centro-Administrativo-1_Easy-Resize.com_-1024x742.jpg\" alt=\"\" data-id=\"79118\" data-link=\"https:\/\/folhapopular.info\/?attachment_id=79118\" class=\"wp-image-79118\" srcset=\"https:\/\/folhapopular.info\/wp-content\/uploads\/2021\/02\/Exposicao-Inhandava-no-Centro-Administrativo-1_Easy-Resize.com_-1024x742.jpg 1024w, https:\/\/folhapopular.info\/wp-content\/uploads\/2021\/02\/Exposicao-Inhandava-no-Centro-Administrativo-1_Easy-Resize.com_-300x218.jpg 300w, https:\/\/folhapopular.info\/wp-content\/uploads\/2021\/02\/Exposicao-Inhandava-no-Centro-Administrativo-1_Easy-Resize.com_-768x557.jpg 768w, https:\/\/folhapopular.info\/wp-content\/uploads\/2021\/02\/Exposicao-Inhandava-no-Centro-Administrativo-1_Easy-Resize.com_-696x505.jpg 696w, https:\/\/folhapopular.info\/wp-content\/uploads\/2021\/02\/Exposicao-Inhandava-no-Centro-Administrativo-1_Easy-Resize.com_-1068x774.jpg 1068w, https:\/\/folhapopular.info\/wp-content\/uploads\/2021\/02\/Exposicao-Inhandava-no-Centro-Administrativo-1_Easy-Resize.com_-579x420.jpg 579w, https:\/\/folhapopular.info\/wp-content\/uploads\/2021\/02\/Exposicao-Inhandava-no-Centro-Administrativo-1_Easy-Resize.com_-324x235.jpg 324w, https:\/\/folhapopular.info\/wp-content\/uploads\/2021\/02\/Exposicao-Inhandava-no-Centro-Administrativo-1_Easy-Resize.com_.jpg 1280w\" sizes=\"auto, (max-width: 1024px) 100vw, 1024px\" \/><\/figure><\/li><li class=\"blocks-gallery-item\"><figure><img loading=\"lazy\" decoding=\"async\" width=\"1024\" height=\"717\" src=\"https:\/\/folhapopular.info\/wp-content\/uploads\/2021\/02\/Exposicao-Inhandava-no-Centro-Administrativo-4_Easy-Resize.com_-1024x717.jpg\" alt=\"\" data-id=\"79119\" data-full-url=\"https:\/\/folhapopular.info\/wp-content\/uploads\/2021\/02\/Exposicao-Inhandava-no-Centro-Administrativo-4_Easy-Resize.com_.jpg\" data-link=\"https:\/\/folhapopular.info\/?attachment_id=79119\" class=\"wp-image-79119\" srcset=\"https:\/\/folhapopular.info\/wp-content\/uploads\/2021\/02\/Exposicao-Inhandava-no-Centro-Administrativo-4_Easy-Resize.com_-1024x717.jpg 1024w, https:\/\/folhapopular.info\/wp-content\/uploads\/2021\/02\/Exposicao-Inhandava-no-Centro-Administrativo-4_Easy-Resize.com_-300x210.jpg 300w, https:\/\/folhapopular.info\/wp-content\/uploads\/2021\/02\/Exposicao-Inhandava-no-Centro-Administrativo-4_Easy-Resize.com_-768x538.jpg 768w, https:\/\/folhapopular.info\/wp-content\/uploads\/2021\/02\/Exposicao-Inhandava-no-Centro-Administrativo-4_Easy-Resize.com_-696x487.jpg 696w, https:\/\/folhapopular.info\/wp-content\/uploads\/2021\/02\/Exposicao-Inhandava-no-Centro-Administrativo-4_Easy-Resize.com_-1068x748.jpg 1068w, https:\/\/folhapopular.info\/wp-content\/uploads\/2021\/02\/Exposicao-Inhandava-no-Centro-Administrativo-4_Easy-Resize.com_-600x420.jpg 600w, https:\/\/folhapopular.info\/wp-content\/uploads\/2021\/02\/Exposicao-Inhandava-no-Centro-Administrativo-4_Easy-Resize.com_-100x70.jpg 100w, https:\/\/folhapopular.info\/wp-content\/uploads\/2021\/02\/Exposicao-Inhandava-no-Centro-Administrativo-4_Easy-Resize.com_.jpg 1280w\" sizes=\"auto, (max-width: 1024px) 100vw, 1024px\" \/><\/figure><\/li><\/ul><figcaption class=\"blocks-gallery-caption\">Cr\u00e9dito das fotos: Fernando Dias \/ Divulga\u00e7\u00e3o<\/figcaption><\/figure>\n","protected":false},"excerpt":{"rendered":"<p>\u00c9 carnaval, mas de um modo diferente. Em tempos de pandemia, com suspens\u00e3o de eventos e festividades, onde a sociedade est\u00e1 incumbida em preservar a sa\u00fade, o carnaval \u00e9 lembrado em Bom Retiro do Sul com uma exposi\u00e7\u00e3o da Escola de Samba Inhandava. Prestes h\u00e1 completar 38 anos, a mem\u00f3ria cultural da Inhandava e tamb\u00e9m [&hellip;]<\/p>\n","protected":false},"author":8,"featured_media":79115,"comment_status":"open","ping_status":"open","sticky":false,"template":"","format":"standard","meta":{"pmpro_default_level":"","_jetpack_memberships_contains_paid_content":false,"footnotes":""},"categories":[2,6],"tags":[146,6403],"class_list":{"0":"post-79114","1":"post","2":"type-post","3":"status-publish","4":"format-standard","5":"has-post-thumbnail","7":"category-featured","8":"category-inclusive","9":"tag-bom-retiro-do-sul","10":"tag-escola-de-samba","11":"pmpro-has-access"},"yoast_head":"<!-- This site is optimized with the Yoast SEO plugin v27.5 - https:\/\/yoast.com\/product\/yoast-seo-wordpress\/ -->\n<title>Centro Administrativo de Bom Retiro do Sul recebe exposi\u00e7\u00e3o da Escola de Samba Inhandava - Folha Popular<\/title>\n<meta name=\"robots\" content=\"index, follow, max-snippet:-1, max-image-preview:large, max-video-preview:-1\" \/>\n<link rel=\"canonical\" href=\"https:\/\/folhapopular.info\/index.php\/2021\/02\/10\/centro-administrativo-de-bom-retiro-do-sul-recebe-exposicao-da-escola-de-samba-inhandava\/\" \/>\n<meta property=\"og:locale\" content=\"pt_BR\" \/>\n<meta property=\"og:type\" content=\"article\" \/>\n<meta property=\"og:title\" content=\"Centro Administrativo de Bom Retiro do Sul recebe exposi\u00e7\u00e3o da Escola de Samba Inhandava - Folha Popular\" \/>\n<meta property=\"og:description\" content=\"\u00c9 carnaval, mas de um modo diferente. Em tempos de pandemia, com suspens\u00e3o de eventos e festividades, onde a sociedade est\u00e1 incumbida em preservar a sa\u00fade, o carnaval \u00e9 lembrado em Bom Retiro do Sul com uma exposi\u00e7\u00e3o da Escola de Samba Inhandava. Prestes h\u00e1 completar 38 anos, a mem\u00f3ria cultural da Inhandava e tamb\u00e9m [&hellip;]\" \/>\n<meta property=\"og:url\" content=\"https:\/\/folhapopular.info\/index.php\/2021\/02\/10\/centro-administrativo-de-bom-retiro-do-sul-recebe-exposicao-da-escola-de-samba-inhandava\/\" \/>\n<meta property=\"og:site_name\" content=\"Folha Popular\" \/>\n<meta property=\"article:published_time\" content=\"2021-02-10T20:41:38+00:00\" \/>\n<meta property=\"article:modified_time\" content=\"2021-02-10T20:43:10+00:00\" \/>\n<meta property=\"og:image\" content=\"https:\/\/folhapopular.info\/wp-content\/uploads\/2021\/02\/Lene-Petry-participa-da-organizacao-da-exposicao_Easy-Resize.com_-e1612989488924.jpg\" \/>\n\t<meta property=\"og:image:width\" content=\"800\" \/>\n\t<meta property=\"og:image:height\" content=\"616\" \/>\n\t<meta property=\"og:image:type\" content=\"image\/jpeg\" \/>\n<meta name=\"author\" content=\"Reda\u00e7\u00e3o Folha Popular\" \/>\n<meta name=\"twitter:card\" content=\"summary_large_image\" \/>\n<meta name=\"twitter:label1\" content=\"Escrito por\" \/>\n\t<meta name=\"twitter:data1\" content=\"Reda\u00e7\u00e3o Folha Popular\" \/>\n\t<meta name=\"twitter:label2\" content=\"Est. tempo de leitura\" \/>\n\t<meta name=\"twitter:data2\" content=\"2 minutos\" \/>\n<script type=\"application\/ld+json\" class=\"yoast-schema-graph\">{\"@context\":\"https:\\\/\\\/schema.org\",\"@graph\":[{\"@type\":\"Article\",\"@id\":\"https:\\\/\\\/folhapopular.info\\\/index.php\\\/2021\\\/02\\\/10\\\/centro-administrativo-de-bom-retiro-do-sul-recebe-exposicao-da-escola-de-samba-inhandava\\\/#article\",\"isPartOf\":{\"@id\":\"https:\\\/\\\/folhapopular.info\\\/index.php\\\/2021\\\/02\\\/10\\\/centro-administrativo-de-bom-retiro-do-sul-recebe-exposicao-da-escola-de-samba-inhandava\\\/\"},\"author\":{\"name\":\"Reda\u00e7\u00e3o Folha Popular\",\"@id\":\"https:\\\/\\\/folhapopular.info\\\/#\\\/schema\\\/person\\\/2814e8a0df7643585a9ca38bc6eb9d4b\"},\"headline\":\"Centro Administrativo de Bom Retiro do Sul recebe exposi\u00e7\u00e3o da Escola de Samba Inhandava\",\"datePublished\":\"2021-02-10T20:41:38+00:00\",\"dateModified\":\"2021-02-10T20:43:10+00:00\",\"mainEntityOfPage\":{\"@id\":\"https:\\\/\\\/folhapopular.info\\\/index.php\\\/2021\\\/02\\\/10\\\/centro-administrativo-de-bom-retiro-do-sul-recebe-exposicao-da-escola-de-samba-inhandava\\\/\"},\"wordCount\":187,\"commentCount\":0,\"image\":{\"@id\":\"https:\\\/\\\/folhapopular.info\\\/index.php\\\/2021\\\/02\\\/10\\\/centro-administrativo-de-bom-retiro-do-sul-recebe-exposicao-da-escola-de-samba-inhandava\\\/#primaryimage\"},\"thumbnailUrl\":\"https:\\\/\\\/folhapopular.info\\\/wp-content\\\/uploads\\\/2021\\\/02\\\/Lene-Petry-participa-da-organizacao-da-exposicao_Easy-Resize.com_-e1612989488924.jpg\",\"keywords\":[\"Bom Retiro do Sul\",\"Escola de Samba\"],\"articleSection\":[\"Destaques\",\"Inclusive\"],\"inLanguage\":\"pt-BR\",\"potentialAction\":[{\"@type\":\"CommentAction\",\"name\":\"Comment\",\"target\":[\"https:\\\/\\\/folhapopular.info\\\/index.php\\\/2021\\\/02\\\/10\\\/centro-administrativo-de-bom-retiro-do-sul-recebe-exposicao-da-escola-de-samba-inhandava\\\/#respond\"]}]},{\"@type\":\"WebPage\",\"@id\":\"https:\\\/\\\/folhapopular.info\\\/index.php\\\/2021\\\/02\\\/10\\\/centro-administrativo-de-bom-retiro-do-sul-recebe-exposicao-da-escola-de-samba-inhandava\\\/\",\"url\":\"https:\\\/\\\/folhapopular.info\\\/index.php\\\/2021\\\/02\\\/10\\\/centro-administrativo-de-bom-retiro-do-sul-recebe-exposicao-da-escola-de-samba-inhandava\\\/\",\"name\":\"Centro Administrativo de Bom Retiro do Sul recebe exposi\u00e7\u00e3o da Escola de Samba Inhandava - Folha Popular\",\"isPartOf\":{\"@id\":\"https:\\\/\\\/folhapopular.info\\\/#website\"},\"primaryImageOfPage\":{\"@id\":\"https:\\\/\\\/folhapopular.info\\\/index.php\\\/2021\\\/02\\\/10\\\/centro-administrativo-de-bom-retiro-do-sul-recebe-exposicao-da-escola-de-samba-inhandava\\\/#primaryimage\"},\"image\":{\"@id\":\"https:\\\/\\\/folhapopular.info\\\/index.php\\\/2021\\\/02\\\/10\\\/centro-administrativo-de-bom-retiro-do-sul-recebe-exposicao-da-escola-de-samba-inhandava\\\/#primaryimage\"},\"thumbnailUrl\":\"https:\\\/\\\/folhapopular.info\\\/wp-content\\\/uploads\\\/2021\\\/02\\\/Lene-Petry-participa-da-organizacao-da-exposicao_Easy-Resize.com_-e1612989488924.jpg\",\"datePublished\":\"2021-02-10T20:41:38+00:00\",\"dateModified\":\"2021-02-10T20:43:10+00:00\",\"author\":{\"@id\":\"https:\\\/\\\/folhapopular.info\\\/#\\\/schema\\\/person\\\/2814e8a0df7643585a9ca38bc6eb9d4b\"},\"breadcrumb\":{\"@id\":\"https:\\\/\\\/folhapopular.info\\\/index.php\\\/2021\\\/02\\\/10\\\/centro-administrativo-de-bom-retiro-do-sul-recebe-exposicao-da-escola-de-samba-inhandava\\\/#breadcrumb\"},\"inLanguage\":\"pt-BR\",\"potentialAction\":[{\"@type\":\"ReadAction\",\"target\":[\"https:\\\/\\\/folhapopular.info\\\/index.php\\\/2021\\\/02\\\/10\\\/centro-administrativo-de-bom-retiro-do-sul-recebe-exposicao-da-escola-de-samba-inhandava\\\/\"]}]},{\"@type\":\"ImageObject\",\"inLanguage\":\"pt-BR\",\"@id\":\"https:\\\/\\\/folhapopular.info\\\/index.php\\\/2021\\\/02\\\/10\\\/centro-administrativo-de-bom-retiro-do-sul-recebe-exposicao-da-escola-de-samba-inhandava\\\/#primaryimage\",\"url\":\"https:\\\/\\\/folhapopular.info\\\/wp-content\\\/uploads\\\/2021\\\/02\\\/Lene-Petry-participa-da-organizacao-da-exposicao_Easy-Resize.com_-e1612989488924.jpg\",\"contentUrl\":\"https:\\\/\\\/folhapopular.info\\\/wp-content\\\/uploads\\\/2021\\\/02\\\/Lene-Petry-participa-da-organizacao-da-exposicao_Easy-Resize.com_-e1612989488924.jpg\",\"width\":800,\"height\":616,\"caption\":\"Lene Petry participa da organiza\u00e7\u00e3o da exposi\u00e7\u00e3o \\\/ Cr\u00e9dito da foto: Fernando Dias \\\/ Divulga\u00e7\u00e3o\"},{\"@type\":\"BreadcrumbList\",\"@id\":\"https:\\\/\\\/folhapopular.info\\\/index.php\\\/2021\\\/02\\\/10\\\/centro-administrativo-de-bom-retiro-do-sul-recebe-exposicao-da-escola-de-samba-inhandava\\\/#breadcrumb\",\"itemListElement\":[{\"@type\":\"ListItem\",\"position\":1,\"name\":\"In\u00edcio\",\"item\":\"https:\\\/\\\/folhapopular.info\\\/\"},{\"@type\":\"ListItem\",\"position\":2,\"name\":\"Centro Administrativo de Bom Retiro do Sul recebe exposi\u00e7\u00e3o da Escola de Samba Inhandava\"}]},{\"@type\":\"WebSite\",\"@id\":\"https:\\\/\\\/folhapopular.info\\\/#website\",\"url\":\"https:\\\/\\\/folhapopular.info\\\/\",\"name\":\"Folha Popular\",\"description\":\"Onde voc\u00ea tem vez e voz\",\"potentialAction\":[{\"@type\":\"SearchAction\",\"target\":{\"@type\":\"EntryPoint\",\"urlTemplate\":\"https:\\\/\\\/folhapopular.info\\\/?s={search_term_string}\"},\"query-input\":{\"@type\":\"PropertyValueSpecification\",\"valueRequired\":true,\"valueName\":\"search_term_string\"}}],\"inLanguage\":\"pt-BR\"},{\"@type\":\"Person\",\"@id\":\"https:\\\/\\\/folhapopular.info\\\/#\\\/schema\\\/person\\\/2814e8a0df7643585a9ca38bc6eb9d4b\",\"name\":\"Reda\u00e7\u00e3o Folha Popular\",\"image\":{\"@type\":\"ImageObject\",\"inLanguage\":\"pt-BR\",\"@id\":\"https:\\\/\\\/folhapopular.info\\\/wp-content\\\/uploads\\\/2026\\\/04\\\/Folha-1.webp\",\"url\":\"https:\\\/\\\/folhapopular.info\\\/wp-content\\\/uploads\\\/2026\\\/04\\\/Folha-1.webp\",\"contentUrl\":\"https:\\\/\\\/folhapopular.info\\\/wp-content\\\/uploads\\\/2026\\\/04\\\/Folha-1.webp\",\"caption\":\"Reda\u00e7\u00e3o Folha Popular\"},\"url\":\"https:\\\/\\\/folhapopular.info\\\/index.php\\\/author\\\/redacao\\\/\"}]}<\/script>\n<!-- \/ Yoast SEO plugin. -->","yoast_head_json":{"title":"Centro Administrativo de Bom Retiro do Sul recebe exposi\u00e7\u00e3o da Escola de Samba Inhandava - Folha Popular","robots":{"index":"index","follow":"follow","max-snippet":"max-snippet:-1","max-image-preview":"max-image-preview:large","max-video-preview":"max-video-preview:-1"},"canonical":"https:\/\/folhapopular.info\/index.php\/2021\/02\/10\/centro-administrativo-de-bom-retiro-do-sul-recebe-exposicao-da-escola-de-samba-inhandava\/","og_locale":"pt_BR","og_type":"article","og_title":"Centro Administrativo de Bom Retiro do Sul recebe exposi\u00e7\u00e3o da Escola de Samba Inhandava - Folha Popular","og_description":"\u00c9 carnaval, mas de um modo diferente. Em tempos de pandemia, com suspens\u00e3o de eventos e festividades, onde a sociedade est\u00e1 incumbida em preservar a sa\u00fade, o carnaval \u00e9 lembrado em Bom Retiro do Sul com uma exposi\u00e7\u00e3o da Escola de Samba Inhandava. Prestes h\u00e1 completar 38 anos, a mem\u00f3ria cultural da Inhandava e tamb\u00e9m [&hellip;]","og_url":"https:\/\/folhapopular.info\/index.php\/2021\/02\/10\/centro-administrativo-de-bom-retiro-do-sul-recebe-exposicao-da-escola-de-samba-inhandava\/","og_site_name":"Folha Popular","article_published_time":"2021-02-10T20:41:38+00:00","article_modified_time":"2021-02-10T20:43:10+00:00","og_image":[{"width":800,"height":616,"url":"https:\/\/folhapopular.info\/wp-content\/uploads\/2021\/02\/Lene-Petry-participa-da-organizacao-da-exposicao_Easy-Resize.com_-e1612989488924.jpg","type":"image\/jpeg"}],"author":"Reda\u00e7\u00e3o Folha Popular","twitter_card":"summary_large_image","twitter_misc":{"Escrito por":"Reda\u00e7\u00e3o Folha Popular","Est. tempo de leitura":"2 minutos"},"schema":{"@context":"https:\/\/schema.org","@graph":[{"@type":"Article","@id":"https:\/\/folhapopular.info\/index.php\/2021\/02\/10\/centro-administrativo-de-bom-retiro-do-sul-recebe-exposicao-da-escola-de-samba-inhandava\/#article","isPartOf":{"@id":"https:\/\/folhapopular.info\/index.php\/2021\/02\/10\/centro-administrativo-de-bom-retiro-do-sul-recebe-exposicao-da-escola-de-samba-inhandava\/"},"author":{"name":"Reda\u00e7\u00e3o Folha Popular","@id":"https:\/\/folhapopular.info\/#\/schema\/person\/2814e8a0df7643585a9ca38bc6eb9d4b"},"headline":"Centro Administrativo de Bom Retiro do Sul recebe exposi\u00e7\u00e3o da Escola de Samba Inhandava","datePublished":"2021-02-10T20:41:38+00:00","dateModified":"2021-02-10T20:43:10+00:00","mainEntityOfPage":{"@id":"https:\/\/folhapopular.info\/index.php\/2021\/02\/10\/centro-administrativo-de-bom-retiro-do-sul-recebe-exposicao-da-escola-de-samba-inhandava\/"},"wordCount":187,"commentCount":0,"image":{"@id":"https:\/\/folhapopular.info\/index.php\/2021\/02\/10\/centro-administrativo-de-bom-retiro-do-sul-recebe-exposicao-da-escola-de-samba-inhandava\/#primaryimage"},"thumbnailUrl":"https:\/\/folhapopular.info\/wp-content\/uploads\/2021\/02\/Lene-Petry-participa-da-organizacao-da-exposicao_Easy-Resize.com_-e1612989488924.jpg","keywords":["Bom Retiro do Sul","Escola de Samba"],"articleSection":["Destaques","Inclusive"],"inLanguage":"pt-BR","potentialAction":[{"@type":"CommentAction","name":"Comment","target":["https:\/\/folhapopular.info\/index.php\/2021\/02\/10\/centro-administrativo-de-bom-retiro-do-sul-recebe-exposicao-da-escola-de-samba-inhandava\/#respond"]}]},{"@type":"WebPage","@id":"https:\/\/folhapopular.info\/index.php\/2021\/02\/10\/centro-administrativo-de-bom-retiro-do-sul-recebe-exposicao-da-escola-de-samba-inhandava\/","url":"https:\/\/folhapopular.info\/index.php\/2021\/02\/10\/centro-administrativo-de-bom-retiro-do-sul-recebe-exposicao-da-escola-de-samba-inhandava\/","name":"Centro Administrativo de Bom Retiro do Sul recebe exposi\u00e7\u00e3o da Escola de Samba Inhandava - Folha Popular","isPartOf":{"@id":"https:\/\/folhapopular.info\/#website"},"primaryImageOfPage":{"@id":"https:\/\/folhapopular.info\/index.php\/2021\/02\/10\/centro-administrativo-de-bom-retiro-do-sul-recebe-exposicao-da-escola-de-samba-inhandava\/#primaryimage"},"image":{"@id":"https:\/\/folhapopular.info\/index.php\/2021\/02\/10\/centro-administrativo-de-bom-retiro-do-sul-recebe-exposicao-da-escola-de-samba-inhandava\/#primaryimage"},"thumbnailUrl":"https:\/\/folhapopular.info\/wp-content\/uploads\/2021\/02\/Lene-Petry-participa-da-organizacao-da-exposicao_Easy-Resize.com_-e1612989488924.jpg","datePublished":"2021-02-10T20:41:38+00:00","dateModified":"2021-02-10T20:43:10+00:00","author":{"@id":"https:\/\/folhapopular.info\/#\/schema\/person\/2814e8a0df7643585a9ca38bc6eb9d4b"},"breadcrumb":{"@id":"https:\/\/folhapopular.info\/index.php\/2021\/02\/10\/centro-administrativo-de-bom-retiro-do-sul-recebe-exposicao-da-escola-de-samba-inhandava\/#breadcrumb"},"inLanguage":"pt-BR","potentialAction":[{"@type":"ReadAction","target":["https:\/\/folhapopular.info\/index.php\/2021\/02\/10\/centro-administrativo-de-bom-retiro-do-sul-recebe-exposicao-da-escola-de-samba-inhandava\/"]}]},{"@type":"ImageObject","inLanguage":"pt-BR","@id":"https:\/\/folhapopular.info\/index.php\/2021\/02\/10\/centro-administrativo-de-bom-retiro-do-sul-recebe-exposicao-da-escola-de-samba-inhandava\/#primaryimage","url":"https:\/\/folhapopular.info\/wp-content\/uploads\/2021\/02\/Lene-Petry-participa-da-organizacao-da-exposicao_Easy-Resize.com_-e1612989488924.jpg","contentUrl":"https:\/\/folhapopular.info\/wp-content\/uploads\/2021\/02\/Lene-Petry-participa-da-organizacao-da-exposicao_Easy-Resize.com_-e1612989488924.jpg","width":800,"height":616,"caption":"Lene Petry participa da organiza\u00e7\u00e3o da exposi\u00e7\u00e3o \/ Cr\u00e9dito da foto: Fernando Dias \/ Divulga\u00e7\u00e3o"},{"@type":"BreadcrumbList","@id":"https:\/\/folhapopular.info\/index.php\/2021\/02\/10\/centro-administrativo-de-bom-retiro-do-sul-recebe-exposicao-da-escola-de-samba-inhandava\/#breadcrumb","itemListElement":[{"@type":"ListItem","position":1,"name":"In\u00edcio","item":"https:\/\/folhapopular.info\/"},{"@type":"ListItem","position":2,"name":"Centro Administrativo de Bom Retiro do Sul recebe exposi\u00e7\u00e3o da Escola de Samba Inhandava"}]},{"@type":"WebSite","@id":"https:\/\/folhapopular.info\/#website","url":"https:\/\/folhapopular.info\/","name":"Folha Popular","description":"Onde voc\u00ea tem vez e voz","potentialAction":[{"@type":"SearchAction","target":{"@type":"EntryPoint","urlTemplate":"https:\/\/folhapopular.info\/?s={search_term_string}"},"query-input":{"@type":"PropertyValueSpecification","valueRequired":true,"valueName":"search_term_string"}}],"inLanguage":"pt-BR"},{"@type":"Person","@id":"https:\/\/folhapopular.info\/#\/schema\/person\/2814e8a0df7643585a9ca38bc6eb9d4b","name":"Reda\u00e7\u00e3o Folha Popular","image":{"@type":"ImageObject","inLanguage":"pt-BR","@id":"https:\/\/folhapopular.info\/wp-content\/uploads\/2026\/04\/Folha-1.webp","url":"https:\/\/folhapopular.info\/wp-content\/uploads\/2026\/04\/Folha-1.webp","contentUrl":"https:\/\/folhapopular.info\/wp-content\/uploads\/2026\/04\/Folha-1.webp","caption":"Reda\u00e7\u00e3o Folha Popular"},"url":"https:\/\/folhapopular.info\/index.php\/author\/redacao\/"}]}},"jetpack_featured_media_url":"https:\/\/folhapopular.info\/wp-content\/uploads\/2021\/02\/Lene-Petry-participa-da-organizacao-da-exposicao_Easy-Resize.com_-e1612989488924.jpg","jetpack_sharing_enabled":true,"amp_enabled":true,"_links":{"self":[{"href":"https:\/\/folhapopular.info\/index.php\/wp-json\/wp\/v2\/posts\/79114","targetHints":{"allow":["GET"]}}],"collection":[{"href":"https:\/\/folhapopular.info\/index.php\/wp-json\/wp\/v2\/posts"}],"about":[{"href":"https:\/\/folhapopular.info\/index.php\/wp-json\/wp\/v2\/types\/post"}],"author":[{"embeddable":true,"href":"https:\/\/folhapopular.info\/index.php\/wp-json\/wp\/v2\/users\/8"}],"replies":[{"embeddable":true,"href":"https:\/\/folhapopular.info\/index.php\/wp-json\/wp\/v2\/comments?post=79114"}],"version-history":[{"count":0,"href":"https:\/\/folhapopular.info\/index.php\/wp-json\/wp\/v2\/posts\/79114\/revisions"}],"wp:featuredmedia":[{"embeddable":true,"href":"https:\/\/folhapopular.info\/index.php\/wp-json\/wp\/v2\/media\/79115"}],"wp:attachment":[{"href":"https:\/\/folhapopular.info\/index.php\/wp-json\/wp\/v2\/media?parent=79114"}],"wp:term":[{"taxonomy":"category","embeddable":true,"href":"https:\/\/folhapopular.info\/index.php\/wp-json\/wp\/v2\/categories?post=79114"},{"taxonomy":"post_tag","embeddable":true,"href":"https:\/\/folhapopular.info\/index.php\/wp-json\/wp\/v2\/tags?post=79114"}],"curies":[{"name":"wp","href":"https:\/\/api.w.org\/{rel}","templated":true}]}}