{"id":79355,"date":"2021-02-19T16:35:35","date_gmt":"2021-02-19T19:35:35","guid":{"rendered":"https:\/\/folhapopular.info\/?p=79355"},"modified":"2021-02-19T16:35:39","modified_gmt":"2021-02-19T19:35:39","slug":"quase-400-mil-doses-de-vacinas-contra-a-covid-19-foram-aplicadas-em-um-mes-no-rs","status":"publish","type":"post","link":"https:\/\/folhapopular.info\/index.php\/2021\/02\/19\/quase-400-mil-doses-de-vacinas-contra-a-covid-19-foram-aplicadas-em-um-mes-no-rs\/","title":{"rendered":"Quase 400 mil doses de vacinas contra a Covid-19 foram aplicadas em um m\u00eas no RS"},"content":{"rendered":"\n<p>O Rio Grande do Sul completa um m\u00eas de vacina\u00e7\u00e3o contra a Covid-19 com a aplica\u00e7\u00e3o de 400 mil doses. Cerca de 380 mil pessoas receberam a primeira dose, das quais 14 mil j\u00e1 fizeram a segunda, completando o esquema vacinal. Neste momento, a estrat\u00e9gia tem como p\u00fablicos priorit\u00e1rios trabalhadores da sa\u00fade e idosos com mais de 85 anos. A amplia\u00e7\u00e3o desses grupos deve ocorrer conforme a chegada ao Estado de mais doses.<\/p>\n\n\n\n<p>J\u00e1 foram recebidas pelo Estado 704,4 mil doses de vacinas, sendo 588,4 mil da CoronaVac e 116 mil produzidas pela Oxford\/AstraZeneca. O Minist\u00e9rio da Sa\u00fade planeja distribuir aos Estados um lote com mais 4,8 milh\u00f5es de doses da CoronaVac na pr\u00f3xima ter\u00e7a-feira (23\/2), e a estimativa inicial \u00e9 que o RS receba cerca de 300 mil doses.<\/p>\n\n\n\n<p>Se confirmar o envio, a SES ir\u00e1 repassar imediatamente as doses aos munic\u00edpios para dar continuidade \u00e0 imuniza\u00e7\u00e3o da popula\u00e7\u00e3o ga\u00facha, especialmente do grupo priorit\u00e1rio dos idosos, os mais afetados pela doen\u00e7a. Parte do lote servir\u00e1 para a aplica\u00e7\u00e3o da segunda dose. Os quantitativos para cada p\u00fablico est\u00e3o sendo definidos.<\/p>\n\n\n\n<p>Diversos munic\u00edpios brasileiros est\u00e3o enfrentando falta de doses. Isso \u00e9 determinado pela velocidade do munic\u00edpio na aplica\u00e7\u00e3o das doses dos grupos priorit\u00e1rios. A SES n\u00e3o disp\u00f5e de reserva de vacinas na Central Estadual de Armazenamento e Distribui\u00e7\u00e3o de Imunobiol\u00f3gicos (Ceadi). Todas as vacinas recebidas j\u00e1 foram distribu\u00eddas aos munic\u00edpios. \u00c9 preciso aguardar, portanto, nova remessa.<\/p>\n\n\n\n<p>A partir de mar\u00e7o, o governo federal projeta um aumento significativo da distribui\u00e7\u00e3o: 46 milh\u00f5es de doses devem ser enviadas para os Estados. O crescimento no n\u00famero se deve ao in\u00edcio da produ\u00e7\u00e3o pelo Instituto Butantan (CoronaVac), que deve viabilizar 18 milh\u00f5es de doses em mar\u00e7o, e da Fiocruz (Oxford\/AstraZeneca), que deve ter condi\u00e7\u00f5es de distribuir 12 milh\u00f5es de doses.<\/p>\n\n\n\n<p>&nbsp;<strong>A vacina\u00e7\u00e3o no RS at\u00e9 18\/2\/21<\/strong>&nbsp;(informa\u00e7\u00f5es enviadas pelos munic\u00edpios)&nbsp;<\/p>\n\n\n\n<ul class=\"wp-block-list\"><li>1\u00aa dose: 380.694<\/li><li>2\u00aa dose: 14.097<\/li><li>Total de doses aplicadas: 394.791<\/li><\/ul>\n\n\n\n<p><strong>Trabalhadores da sa\u00fade<br><\/strong>1\u00aa dose: 243.810 (67,5% do p\u00fablico estimado)<br>2\u00aa dose: 10.753 (3% do p\u00fablico estimado)<\/p>\n\n\n\n<p><strong>Pessoas com mais de 60 anos institucionalizadas<br><\/strong>1\u00aa dose: 30.203<br>2\u00aa dose: 2.358<\/p>\n\n\n\n<p><strong>Povos ind\u00edgenas<br><\/strong>1\u00aa dose: 8.630<br>2\u00aa dose: 847<\/p>\n\n\n\n<p><strong>Pessoas com defici\u00eancia institucionalizadas<br><\/strong>1\u00aa dose: 1.889<br>2\u00aa dose: 94<\/p>\n\n\n\n<p><strong>Pessoas com 80 anos ou mais:&nbsp;<\/strong>86.508 (1\u00aa dose)<\/p>\n\n\n\n<p><strong>Pessoas com 75 a 79 anos:&nbsp;<\/strong>1.086 (1\u00aa dose)<\/p>\n\n\n\n<p><strong>Pessoas com 70 a 74 anos:&nbsp;<\/strong>484 (1\u00aa dose)<\/p>\n\n\n\n<p><strong>Pessoas com 65 a 79 anos:&nbsp;<\/strong>351 (1\u00aa dose)<\/p>\n\n\n\n<p><strong>Pessoas com 60 a 64 anos:&nbsp;<\/strong>360 (1\u00aa dose)<\/p>\n\n\n\n<p>Acompanhe a atualiza\u00e7\u00e3o di\u00e1ria de vacinas recebidas, distribu\u00eddas e aplicadas no RS em&nbsp;<a href=\"https:\/\/snw11.maxx.mobi\/link.php?M=623999&amp;N=3016&amp;L=2851&amp;F=H\" target=\"_blank\" rel=\"noreferrer noopener\">vacina.saude.rs.gov.br<\/a><\/p>\n\n\n\n<p><br><strong>Esquema vacinal<\/strong><\/p>\n\n\n\n<p>&nbsp;O esquema vacinal completo com duas doses \u00e9 necess\u00e1rio para obter a resposta imune esperada para a preven\u00e7\u00e3o da Covid-19.<\/p>\n\n\n\n<p>A segunda dose da vacina da CoronaVac deve ser aplicada de duas a quatro semanas depois da primeira. Para a marca Oxford\/AstraZeneca, a prescri\u00e7\u00e3o \u00e9 de 12 semanas de intervalo.<\/p>\n","protected":false},"excerpt":{"rendered":"<p>O Rio Grande do Sul completa um m\u00eas de vacina\u00e7\u00e3o contra a Covid-19 com a aplica\u00e7\u00e3o de 400 mil doses. Cerca de 380 mil pessoas receberam a primeira dose, das quais 14 mil j\u00e1 fizeram a segunda, completando o esquema vacinal. Neste momento, a estrat\u00e9gia tem como p\u00fablicos priorit\u00e1rios trabalhadores da sa\u00fade e idosos com [&hellip;]<\/p>\n","protected":false},"author":8,"featured_media":79356,"comment_status":"open","ping_status":"open","sticky":false,"template":"","format":"standard","meta":{"pmpro_default_level":"","_jetpack_memberships_contains_paid_content":false,"footnotes":""},"categories":[5756],"tags":[5707,1794,87],"class_list":{"0":"post-79355","1":"post","2":"type-post","3":"status-publish","4":"format-standard","5":"has-post-thumbnail","7":"category-coronavirus","8":"tag-covid-19","9":"tag-rio-grande-do-sul","10":"tag-vacinacao","11":"pmpro-has-access"},"yoast_head":"<!-- This site is optimized with the Yoast SEO plugin v27.5 - https:\/\/yoast.com\/product\/yoast-seo-wordpress\/ -->\n<title>Quase 400 mil doses de vacinas contra a Covid-19 foram aplicadas em um m\u00eas no RS - Folha Popular<\/title>\n<meta name=\"robots\" content=\"index, follow, max-snippet:-1, max-image-preview:large, max-video-preview:-1\" \/>\n<link rel=\"canonical\" href=\"https:\/\/folhapopular.info\/index.php\/2021\/02\/19\/quase-400-mil-doses-de-vacinas-contra-a-covid-19-foram-aplicadas-em-um-mes-no-rs\/\" \/>\n<meta property=\"og:locale\" content=\"pt_BR\" \/>\n<meta property=\"og:type\" content=\"article\" \/>\n<meta property=\"og:title\" content=\"Quase 400 mil doses de vacinas contra a Covid-19 foram aplicadas em um m\u00eas no RS - Folha Popular\" \/>\n<meta property=\"og:description\" content=\"O Rio Grande do Sul completa um m\u00eas de vacina\u00e7\u00e3o contra a Covid-19 com a aplica\u00e7\u00e3o de 400 mil doses. Cerca de 380 mil pessoas receberam a primeira dose, das quais 14 mil j\u00e1 fizeram a segunda, completando o esquema vacinal. Neste momento, a estrat\u00e9gia tem como p\u00fablicos priorit\u00e1rios trabalhadores da sa\u00fade e idosos com [&hellip;]\" \/>\n<meta property=\"og:url\" content=\"https:\/\/folhapopular.info\/index.php\/2021\/02\/19\/quase-400-mil-doses-de-vacinas-contra-a-covid-19-foram-aplicadas-em-um-mes-no-rs\/\" \/>\n<meta property=\"og:site_name\" content=\"Folha Popular\" \/>\n<meta property=\"article:published_time\" content=\"2021-02-19T19:35:35+00:00\" \/>\n<meta property=\"article:modified_time\" content=\"2021-02-19T19:35:39+00:00\" \/>\n<meta property=\"og:image\" content=\"https:\/\/folhapopular.info\/wp-content\/uploads\/2021\/02\/unnamed-80.jpg\" \/>\n\t<meta property=\"og:image:width\" content=\"800\" \/>\n\t<meta property=\"og:image:height\" content=\"450\" \/>\n\t<meta property=\"og:image:type\" content=\"image\/jpeg\" \/>\n<meta name=\"author\" content=\"Reda\u00e7\u00e3o Folha Popular\" \/>\n<meta name=\"twitter:card\" content=\"summary_large_image\" \/>\n<meta name=\"twitter:label1\" content=\"Escrito por\" \/>\n\t<meta name=\"twitter:data1\" content=\"Reda\u00e7\u00e3o Folha Popular\" \/>\n\t<meta name=\"twitter:label2\" content=\"Est. tempo de leitura\" \/>\n\t<meta name=\"twitter:data2\" content=\"3 minutos\" \/>\n<script type=\"application\/ld+json\" class=\"yoast-schema-graph\">{\"@context\":\"https:\\\/\\\/schema.org\",\"@graph\":[{\"@type\":\"Article\",\"@id\":\"https:\\\/\\\/folhapopular.info\\\/index.php\\\/2021\\\/02\\\/19\\\/quase-400-mil-doses-de-vacinas-contra-a-covid-19-foram-aplicadas-em-um-mes-no-rs\\\/#article\",\"isPartOf\":{\"@id\":\"https:\\\/\\\/folhapopular.info\\\/index.php\\\/2021\\\/02\\\/19\\\/quase-400-mil-doses-de-vacinas-contra-a-covid-19-foram-aplicadas-em-um-mes-no-rs\\\/\"},\"author\":{\"name\":\"Reda\u00e7\u00e3o Folha Popular\",\"@id\":\"https:\\\/\\\/folhapopular.info\\\/#\\\/schema\\\/person\\\/2814e8a0df7643585a9ca38bc6eb9d4b\"},\"headline\":\"Quase 400 mil doses de vacinas contra a Covid-19 foram aplicadas em um m\u00eas no RS\",\"datePublished\":\"2021-02-19T19:35:35+00:00\",\"dateModified\":\"2021-02-19T19:35:39+00:00\",\"mainEntityOfPage\":{\"@id\":\"https:\\\/\\\/folhapopular.info\\\/index.php\\\/2021\\\/02\\\/19\\\/quase-400-mil-doses-de-vacinas-contra-a-covid-19-foram-aplicadas-em-um-mes-no-rs\\\/\"},\"wordCount\":501,\"commentCount\":0,\"image\":{\"@id\":\"https:\\\/\\\/folhapopular.info\\\/index.php\\\/2021\\\/02\\\/19\\\/quase-400-mil-doses-de-vacinas-contra-a-covid-19-foram-aplicadas-em-um-mes-no-rs\\\/#primaryimage\"},\"thumbnailUrl\":\"https:\\\/\\\/folhapopular.info\\\/wp-content\\\/uploads\\\/2021\\\/02\\\/unnamed-80.jpg\",\"keywords\":[\"Covid-19\",\"Rio Grande do Sul\",\"Vacina\u00e7\u00e3o\"],\"articleSection\":[\"Coronav\u00edrus\"],\"inLanguage\":\"pt-BR\",\"potentialAction\":[{\"@type\":\"CommentAction\",\"name\":\"Comment\",\"target\":[\"https:\\\/\\\/folhapopular.info\\\/index.php\\\/2021\\\/02\\\/19\\\/quase-400-mil-doses-de-vacinas-contra-a-covid-19-foram-aplicadas-em-um-mes-no-rs\\\/#respond\"]}]},{\"@type\":\"WebPage\",\"@id\":\"https:\\\/\\\/folhapopular.info\\\/index.php\\\/2021\\\/02\\\/19\\\/quase-400-mil-doses-de-vacinas-contra-a-covid-19-foram-aplicadas-em-um-mes-no-rs\\\/\",\"url\":\"https:\\\/\\\/folhapopular.info\\\/index.php\\\/2021\\\/02\\\/19\\\/quase-400-mil-doses-de-vacinas-contra-a-covid-19-foram-aplicadas-em-um-mes-no-rs\\\/\",\"name\":\"Quase 400 mil doses de vacinas contra a Covid-19 foram aplicadas em um m\u00eas no RS - Folha Popular\",\"isPartOf\":{\"@id\":\"https:\\\/\\\/folhapopular.info\\\/#website\"},\"primaryImageOfPage\":{\"@id\":\"https:\\\/\\\/folhapopular.info\\\/index.php\\\/2021\\\/02\\\/19\\\/quase-400-mil-doses-de-vacinas-contra-a-covid-19-foram-aplicadas-em-um-mes-no-rs\\\/#primaryimage\"},\"image\":{\"@id\":\"https:\\\/\\\/folhapopular.info\\\/index.php\\\/2021\\\/02\\\/19\\\/quase-400-mil-doses-de-vacinas-contra-a-covid-19-foram-aplicadas-em-um-mes-no-rs\\\/#primaryimage\"},\"thumbnailUrl\":\"https:\\\/\\\/folhapopular.info\\\/wp-content\\\/uploads\\\/2021\\\/02\\\/unnamed-80.jpg\",\"datePublished\":\"2021-02-19T19:35:35+00:00\",\"dateModified\":\"2021-02-19T19:35:39+00:00\",\"author\":{\"@id\":\"https:\\\/\\\/folhapopular.info\\\/#\\\/schema\\\/person\\\/2814e8a0df7643585a9ca38bc6eb9d4b\"},\"breadcrumb\":{\"@id\":\"https:\\\/\\\/folhapopular.info\\\/index.php\\\/2021\\\/02\\\/19\\\/quase-400-mil-doses-de-vacinas-contra-a-covid-19-foram-aplicadas-em-um-mes-no-rs\\\/#breadcrumb\"},\"inLanguage\":\"pt-BR\",\"potentialAction\":[{\"@type\":\"ReadAction\",\"target\":[\"https:\\\/\\\/folhapopular.info\\\/index.php\\\/2021\\\/02\\\/19\\\/quase-400-mil-doses-de-vacinas-contra-a-covid-19-foram-aplicadas-em-um-mes-no-rs\\\/\"]}]},{\"@type\":\"ImageObject\",\"inLanguage\":\"pt-BR\",\"@id\":\"https:\\\/\\\/folhapopular.info\\\/index.php\\\/2021\\\/02\\\/19\\\/quase-400-mil-doses-de-vacinas-contra-a-covid-19-foram-aplicadas-em-um-mes-no-rs\\\/#primaryimage\",\"url\":\"https:\\\/\\\/folhapopular.info\\\/wp-content\\\/uploads\\\/2021\\\/02\\\/unnamed-80.jpg\",\"contentUrl\":\"https:\\\/\\\/folhapopular.info\\\/wp-content\\\/uploads\\\/2021\\\/02\\\/unnamed-80.jpg\",\"width\":800,\"height\":450,\"caption\":\"Moradora de residencial geri\u00e1trico, Eloina, de 99 anos, uma das primeiras vacinadas, j\u00e1 recebeu a segunda dose \\\/ Cr\u00e9dito da foto: Felipe Dalla Valle \\\/ Pal\u00e1cio Piratini \\\/ Arquivo\"},{\"@type\":\"BreadcrumbList\",\"@id\":\"https:\\\/\\\/folhapopular.info\\\/index.php\\\/2021\\\/02\\\/19\\\/quase-400-mil-doses-de-vacinas-contra-a-covid-19-foram-aplicadas-em-um-mes-no-rs\\\/#breadcrumb\",\"itemListElement\":[{\"@type\":\"ListItem\",\"position\":1,\"name\":\"In\u00edcio\",\"item\":\"https:\\\/\\\/folhapopular.info\\\/\"},{\"@type\":\"ListItem\",\"position\":2,\"name\":\"Quase 400 mil doses de vacinas contra a Covid-19 foram aplicadas em um m\u00eas no RS\"}]},{\"@type\":\"WebSite\",\"@id\":\"https:\\\/\\\/folhapopular.info\\\/#website\",\"url\":\"https:\\\/\\\/folhapopular.info\\\/\",\"name\":\"Folha Popular\",\"description\":\"Onde voc\u00ea tem vez e voz\",\"potentialAction\":[{\"@type\":\"SearchAction\",\"target\":{\"@type\":\"EntryPoint\",\"urlTemplate\":\"https:\\\/\\\/folhapopular.info\\\/?s={search_term_string}\"},\"query-input\":{\"@type\":\"PropertyValueSpecification\",\"valueRequired\":true,\"valueName\":\"search_term_string\"}}],\"inLanguage\":\"pt-BR\"},{\"@type\":\"Person\",\"@id\":\"https:\\\/\\\/folhapopular.info\\\/#\\\/schema\\\/person\\\/2814e8a0df7643585a9ca38bc6eb9d4b\",\"name\":\"Reda\u00e7\u00e3o Folha Popular\",\"image\":{\"@type\":\"ImageObject\",\"inLanguage\":\"pt-BR\",\"@id\":\"https:\\\/\\\/folhapopular.info\\\/wp-content\\\/uploads\\\/2026\\\/04\\\/Folha-1.webp\",\"url\":\"https:\\\/\\\/folhapopular.info\\\/wp-content\\\/uploads\\\/2026\\\/04\\\/Folha-1.webp\",\"contentUrl\":\"https:\\\/\\\/folhapopular.info\\\/wp-content\\\/uploads\\\/2026\\\/04\\\/Folha-1.webp\",\"caption\":\"Reda\u00e7\u00e3o Folha Popular\"},\"url\":\"https:\\\/\\\/folhapopular.info\\\/index.php\\\/author\\\/redacao\\\/\"}]}<\/script>\n<!-- \/ Yoast SEO plugin. -->","yoast_head_json":{"title":"Quase 400 mil doses de vacinas contra a Covid-19 foram aplicadas em um m\u00eas no RS - Folha Popular","robots":{"index":"index","follow":"follow","max-snippet":"max-snippet:-1","max-image-preview":"max-image-preview:large","max-video-preview":"max-video-preview:-1"},"canonical":"https:\/\/folhapopular.info\/index.php\/2021\/02\/19\/quase-400-mil-doses-de-vacinas-contra-a-covid-19-foram-aplicadas-em-um-mes-no-rs\/","og_locale":"pt_BR","og_type":"article","og_title":"Quase 400 mil doses de vacinas contra a Covid-19 foram aplicadas em um m\u00eas no RS - Folha Popular","og_description":"O Rio Grande do Sul completa um m\u00eas de vacina\u00e7\u00e3o contra a Covid-19 com a aplica\u00e7\u00e3o de 400 mil doses. Cerca de 380 mil pessoas receberam a primeira dose, das quais 14 mil j\u00e1 fizeram a segunda, completando o esquema vacinal. Neste momento, a estrat\u00e9gia tem como p\u00fablicos priorit\u00e1rios trabalhadores da sa\u00fade e idosos com [&hellip;]","og_url":"https:\/\/folhapopular.info\/index.php\/2021\/02\/19\/quase-400-mil-doses-de-vacinas-contra-a-covid-19-foram-aplicadas-em-um-mes-no-rs\/","og_site_name":"Folha Popular","article_published_time":"2021-02-19T19:35:35+00:00","article_modified_time":"2021-02-19T19:35:39+00:00","og_image":[{"width":800,"height":450,"url":"https:\/\/folhapopular.info\/wp-content\/uploads\/2021\/02\/unnamed-80.jpg","type":"image\/jpeg"}],"author":"Reda\u00e7\u00e3o Folha Popular","twitter_card":"summary_large_image","twitter_misc":{"Escrito por":"Reda\u00e7\u00e3o Folha Popular","Est. tempo de leitura":"3 minutos"},"schema":{"@context":"https:\/\/schema.org","@graph":[{"@type":"Article","@id":"https:\/\/folhapopular.info\/index.php\/2021\/02\/19\/quase-400-mil-doses-de-vacinas-contra-a-covid-19-foram-aplicadas-em-um-mes-no-rs\/#article","isPartOf":{"@id":"https:\/\/folhapopular.info\/index.php\/2021\/02\/19\/quase-400-mil-doses-de-vacinas-contra-a-covid-19-foram-aplicadas-em-um-mes-no-rs\/"},"author":{"name":"Reda\u00e7\u00e3o Folha Popular","@id":"https:\/\/folhapopular.info\/#\/schema\/person\/2814e8a0df7643585a9ca38bc6eb9d4b"},"headline":"Quase 400 mil doses de vacinas contra a Covid-19 foram aplicadas em um m\u00eas no RS","datePublished":"2021-02-19T19:35:35+00:00","dateModified":"2021-02-19T19:35:39+00:00","mainEntityOfPage":{"@id":"https:\/\/folhapopular.info\/index.php\/2021\/02\/19\/quase-400-mil-doses-de-vacinas-contra-a-covid-19-foram-aplicadas-em-um-mes-no-rs\/"},"wordCount":501,"commentCount":0,"image":{"@id":"https:\/\/folhapopular.info\/index.php\/2021\/02\/19\/quase-400-mil-doses-de-vacinas-contra-a-covid-19-foram-aplicadas-em-um-mes-no-rs\/#primaryimage"},"thumbnailUrl":"https:\/\/folhapopular.info\/wp-content\/uploads\/2021\/02\/unnamed-80.jpg","keywords":["Covid-19","Rio Grande do Sul","Vacina\u00e7\u00e3o"],"articleSection":["Coronav\u00edrus"],"inLanguage":"pt-BR","potentialAction":[{"@type":"CommentAction","name":"Comment","target":["https:\/\/folhapopular.info\/index.php\/2021\/02\/19\/quase-400-mil-doses-de-vacinas-contra-a-covid-19-foram-aplicadas-em-um-mes-no-rs\/#respond"]}]},{"@type":"WebPage","@id":"https:\/\/folhapopular.info\/index.php\/2021\/02\/19\/quase-400-mil-doses-de-vacinas-contra-a-covid-19-foram-aplicadas-em-um-mes-no-rs\/","url":"https:\/\/folhapopular.info\/index.php\/2021\/02\/19\/quase-400-mil-doses-de-vacinas-contra-a-covid-19-foram-aplicadas-em-um-mes-no-rs\/","name":"Quase 400 mil doses de vacinas contra a Covid-19 foram aplicadas em um m\u00eas no RS - Folha Popular","isPartOf":{"@id":"https:\/\/folhapopular.info\/#website"},"primaryImageOfPage":{"@id":"https:\/\/folhapopular.info\/index.php\/2021\/02\/19\/quase-400-mil-doses-de-vacinas-contra-a-covid-19-foram-aplicadas-em-um-mes-no-rs\/#primaryimage"},"image":{"@id":"https:\/\/folhapopular.info\/index.php\/2021\/02\/19\/quase-400-mil-doses-de-vacinas-contra-a-covid-19-foram-aplicadas-em-um-mes-no-rs\/#primaryimage"},"thumbnailUrl":"https:\/\/folhapopular.info\/wp-content\/uploads\/2021\/02\/unnamed-80.jpg","datePublished":"2021-02-19T19:35:35+00:00","dateModified":"2021-02-19T19:35:39+00:00","author":{"@id":"https:\/\/folhapopular.info\/#\/schema\/person\/2814e8a0df7643585a9ca38bc6eb9d4b"},"breadcrumb":{"@id":"https:\/\/folhapopular.info\/index.php\/2021\/02\/19\/quase-400-mil-doses-de-vacinas-contra-a-covid-19-foram-aplicadas-em-um-mes-no-rs\/#breadcrumb"},"inLanguage":"pt-BR","potentialAction":[{"@type":"ReadAction","target":["https:\/\/folhapopular.info\/index.php\/2021\/02\/19\/quase-400-mil-doses-de-vacinas-contra-a-covid-19-foram-aplicadas-em-um-mes-no-rs\/"]}]},{"@type":"ImageObject","inLanguage":"pt-BR","@id":"https:\/\/folhapopular.info\/index.php\/2021\/02\/19\/quase-400-mil-doses-de-vacinas-contra-a-covid-19-foram-aplicadas-em-um-mes-no-rs\/#primaryimage","url":"https:\/\/folhapopular.info\/wp-content\/uploads\/2021\/02\/unnamed-80.jpg","contentUrl":"https:\/\/folhapopular.info\/wp-content\/uploads\/2021\/02\/unnamed-80.jpg","width":800,"height":450,"caption":"Moradora de residencial geri\u00e1trico, Eloina, de 99 anos, uma das primeiras vacinadas, j\u00e1 recebeu a segunda dose \/ Cr\u00e9dito da foto: Felipe Dalla Valle \/ Pal\u00e1cio Piratini \/ Arquivo"},{"@type":"BreadcrumbList","@id":"https:\/\/folhapopular.info\/index.php\/2021\/02\/19\/quase-400-mil-doses-de-vacinas-contra-a-covid-19-foram-aplicadas-em-um-mes-no-rs\/#breadcrumb","itemListElement":[{"@type":"ListItem","position":1,"name":"In\u00edcio","item":"https:\/\/folhapopular.info\/"},{"@type":"ListItem","position":2,"name":"Quase 400 mil doses de vacinas contra a Covid-19 foram aplicadas em um m\u00eas no RS"}]},{"@type":"WebSite","@id":"https:\/\/folhapopular.info\/#website","url":"https:\/\/folhapopular.info\/","name":"Folha Popular","description":"Onde voc\u00ea tem vez e voz","potentialAction":[{"@type":"SearchAction","target":{"@type":"EntryPoint","urlTemplate":"https:\/\/folhapopular.info\/?s={search_term_string}"},"query-input":{"@type":"PropertyValueSpecification","valueRequired":true,"valueName":"search_term_string"}}],"inLanguage":"pt-BR"},{"@type":"Person","@id":"https:\/\/folhapopular.info\/#\/schema\/person\/2814e8a0df7643585a9ca38bc6eb9d4b","name":"Reda\u00e7\u00e3o Folha Popular","image":{"@type":"ImageObject","inLanguage":"pt-BR","@id":"https:\/\/folhapopular.info\/wp-content\/uploads\/2026\/04\/Folha-1.webp","url":"https:\/\/folhapopular.info\/wp-content\/uploads\/2026\/04\/Folha-1.webp","contentUrl":"https:\/\/folhapopular.info\/wp-content\/uploads\/2026\/04\/Folha-1.webp","caption":"Reda\u00e7\u00e3o Folha Popular"},"url":"https:\/\/folhapopular.info\/index.php\/author\/redacao\/"}]}},"jetpack_featured_media_url":"https:\/\/folhapopular.info\/wp-content\/uploads\/2021\/02\/unnamed-80.jpg","jetpack_sharing_enabled":true,"amp_enabled":true,"_links":{"self":[{"href":"https:\/\/folhapopular.info\/index.php\/wp-json\/wp\/v2\/posts\/79355","targetHints":{"allow":["GET"]}}],"collection":[{"href":"https:\/\/folhapopular.info\/index.php\/wp-json\/wp\/v2\/posts"}],"about":[{"href":"https:\/\/folhapopular.info\/index.php\/wp-json\/wp\/v2\/types\/post"}],"author":[{"embeddable":true,"href":"https:\/\/folhapopular.info\/index.php\/wp-json\/wp\/v2\/users\/8"}],"replies":[{"embeddable":true,"href":"https:\/\/folhapopular.info\/index.php\/wp-json\/wp\/v2\/comments?post=79355"}],"version-history":[{"count":0,"href":"https:\/\/folhapopular.info\/index.php\/wp-json\/wp\/v2\/posts\/79355\/revisions"}],"wp:featuredmedia":[{"embeddable":true,"href":"https:\/\/folhapopular.info\/index.php\/wp-json\/wp\/v2\/media\/79356"}],"wp:attachment":[{"href":"https:\/\/folhapopular.info\/index.php\/wp-json\/wp\/v2\/media?parent=79355"}],"wp:term":[{"taxonomy":"category","embeddable":true,"href":"https:\/\/folhapopular.info\/index.php\/wp-json\/wp\/v2\/categories?post=79355"},{"taxonomy":"post_tag","embeddable":true,"href":"https:\/\/folhapopular.info\/index.php\/wp-json\/wp\/v2\/tags?post=79355"}],"curies":[{"name":"wp","href":"https:\/\/api.w.org\/{rel}","templated":true}]}}