{"id":79557,"date":"2021-02-24T09:06:52","date_gmt":"2021-02-24T12:06:52","guid":{"rendered":"https:\/\/folhapopular.info\/?p=79557"},"modified":"2021-02-24T09:06:56","modified_gmt":"2021-02-24T12:06:56","slug":"mais-de-66-mil-pessoas-comemoraram-o-65o-aniversario-da-certel","status":"publish","type":"post","link":"https:\/\/folhapopular.info\/index.php\/2021\/02\/24\/mais-de-66-mil-pessoas-comemoraram-o-65o-aniversario-da-certel\/","title":{"rendered":"Mais de 66 mil pessoas comemoraram o 65\u00ba anivers\u00e1rio da Certel"},"content":{"rendered":"\n<p>Os 65 anos da Certel foram comemorados de uma maneira muito especial e carinhosa no dia 19 de fevereiro. Em aten\u00e7\u00e3o \u00e0s normas protocolares preventivas \u00e0 Covid-19, o anivers\u00e1rio foi festejado com quatro lives, tr\u00eas das quais mais art\u00edsticas e culturais e que se estenderam at\u00e9 o domingo, 21, alcan\u00e7ando um total de 66.849 visualiza\u00e7\u00f5es.<\/p>\n\n\n\n<p><strong><em>Usina solar<\/em><\/strong><\/p>\n\n\n\n<p>Sempre muito atenta \u00e0s necessidades da regi\u00e3o, a Certel investe substancialmente para que seus associados contem com um abastecimento energ\u00e9tico confi\u00e1vel e resolutivo. O primeiro ato comemorativo foi a inaugura\u00e7\u00e3o da Usina Solar de S\u00e3o Pedro da Serra, instalada junto \u00e0 subesta\u00e7\u00e3o instalada naquele munic\u00edpio. <\/p>\n\n\n\n<p>Acompanhada pela prefeita, Isabel Corete Joner Cornelius, o presidente da Certel, Erineo Jos\u00e9 Hennemann, salientou que esta \u00e9 a segunda usina solar da cooperativa, com pot\u00eancia de 380 killowat-pico, com capacidade de atender 720 pessoas, num investimento de R$ 1,5 milh\u00e3o financiados pelo Sicredi.<\/p>\n\n\n\n<figure class=\"wp-block-gallery columns-2 is-cropped wp-block-gallery-1 is-layout-flex wp-block-gallery-is-layout-flex\"><ul class=\"blocks-gallery-grid\"><li class=\"blocks-gallery-item\"><figure><img loading=\"lazy\" decoding=\"async\" width=\"1024\" height=\"678\" src=\"https:\/\/folhapopular.info\/wp-content\/uploads\/2021\/02\/06-1024x678.jpg\" alt=\"\" data-id=\"79558\" data-link=\"https:\/\/folhapopular.info\/?attachment_id=79558\" class=\"wp-image-79558\" srcset=\"https:\/\/folhapopular.info\/wp-content\/uploads\/2021\/02\/06-1024x678.jpg 1024w, https:\/\/folhapopular.info\/wp-content\/uploads\/2021\/02\/06-300x199.jpg 300w, https:\/\/folhapopular.info\/wp-content\/uploads\/2021\/02\/06-768x509.jpg 768w, https:\/\/folhapopular.info\/wp-content\/uploads\/2021\/02\/06-1536x1017.jpg 1536w, https:\/\/folhapopular.info\/wp-content\/uploads\/2021\/02\/06-2048x1356.jpg 2048w, https:\/\/folhapopular.info\/wp-content\/uploads\/2021\/02\/06-696x461.jpg 696w, https:\/\/folhapopular.info\/wp-content\/uploads\/2021\/02\/06-1068x707.jpg 1068w, https:\/\/folhapopular.info\/wp-content\/uploads\/2021\/02\/06-1920x1272.jpg 1920w, https:\/\/folhapopular.info\/wp-content\/uploads\/2021\/02\/06-634x420.jpg 634w\" sizes=\"auto, (max-width: 1024px) 100vw, 1024px\" \/><figcaption class=\"blocks-gallery-item__caption\">Novo caminh\u00e3o de linha viva tem tecnologia norte-americana<\/figcaption><\/figure><\/li><li class=\"blocks-gallery-item\"><figure><img loading=\"lazy\" decoding=\"async\" width=\"1024\" height=\"768\" src=\"https:\/\/folhapopular.info\/wp-content\/uploads\/2021\/02\/02-1024x768.jpg\" alt=\"\" data-id=\"79560\" data-full-url=\"https:\/\/folhapopular.info\/wp-content\/uploads\/2021\/02\/02-scaled.jpg\" data-link=\"https:\/\/folhapopular.info\/?attachment_id=79560\" class=\"wp-image-79560\" srcset=\"https:\/\/folhapopular.info\/wp-content\/uploads\/2021\/02\/02-1024x768.jpg 1024w, https:\/\/folhapopular.info\/wp-content\/uploads\/2021\/02\/02-300x225.jpg 300w, https:\/\/folhapopular.info\/wp-content\/uploads\/2021\/02\/02-768x576.jpg 768w, https:\/\/folhapopular.info\/wp-content\/uploads\/2021\/02\/02-1536x1152.jpg 1536w, https:\/\/folhapopular.info\/wp-content\/uploads\/2021\/02\/02-2048x1536.jpg 2048w, https:\/\/folhapopular.info\/wp-content\/uploads\/2021\/02\/02-696x522.jpg 696w, https:\/\/folhapopular.info\/wp-content\/uploads\/2021\/02\/02-1068x801.jpg 1068w, https:\/\/folhapopular.info\/wp-content\/uploads\/2021\/02\/02-1920x1440.jpg 1920w, https:\/\/folhapopular.info\/wp-content\/uploads\/2021\/02\/02-560x420.jpg 560w, https:\/\/folhapopular.info\/wp-content\/uploads\/2021\/02\/02-80x60.jpg 80w, https:\/\/folhapopular.info\/wp-content\/uploads\/2021\/02\/02-265x198.jpg 265w\" sizes=\"auto, (max-width: 1024px) 100vw, 1024px\" \/><figcaption class=\"blocks-gallery-item__caption\">Usina Solar de S\u00e3o Pedro da Serra<\/figcaption><\/figure><\/li><\/ul><figcaption class=\"blocks-gallery-caption\">Cr\u00e9dito da foto: Divulga\u00e7\u00e3o \/ Certel<\/figcaption><\/figure>\n\n\n\n<p><strong><em>Transmiss\u00e3o<\/em><\/strong><\/p>\n\n\n\n<p>Outro importante investimento que marca os 65 anos \u00e9 a nova linha de transmiss\u00e3o, com cabeamento duplo, que interliga as subesta\u00e7\u00f5es da cooperativa de Lajeado e Teut\u00f4nia com a nova subesta\u00e7\u00e3o instalada em Cost\u00e3o, Estrela, e que abastece o Vale do Taquari com energia el\u00e9trica oriunda das Subesta\u00e7\u00f5es da CEEE de Garibaldi e Lajeado. <\/p>\n\n\n\n<p>Juntamente com o prefeito de Lajeado, Marcelo Caumo, Hennemann enalteceu que a linha representa um marco hist\u00f3rico para o cooperativismo, com infraestrutura capaz de dar \u00e0 regi\u00e3o uma autonomia energ\u00e9tica para os pr\u00f3ximos 25 anos, configurando-se como um novo \u201cpulm\u00e3o energ\u00e9tico\u201d.<\/p>\n\n\n\n<figure class=\"wp-block-gallery columns-2 is-cropped wp-block-gallery-2 is-layout-flex wp-block-gallery-is-layout-flex\"><ul class=\"blocks-gallery-grid\"><li class=\"blocks-gallery-item\"><figure><img loading=\"lazy\" decoding=\"async\" width=\"972\" height=\"574\" src=\"https:\/\/folhapopular.info\/wp-content\/uploads\/2021\/02\/03.jpg\" alt=\"\" data-id=\"79561\" data-link=\"https:\/\/folhapopular.info\/?attachment_id=79561\" class=\"wp-image-79561\" srcset=\"https:\/\/folhapopular.info\/wp-content\/uploads\/2021\/02\/03.jpg 972w, https:\/\/folhapopular.info\/wp-content\/uploads\/2021\/02\/03-300x177.jpg 300w, https:\/\/folhapopular.info\/wp-content\/uploads\/2021\/02\/03-768x454.jpg 768w, https:\/\/folhapopular.info\/wp-content\/uploads\/2021\/02\/03-696x411.jpg 696w, https:\/\/folhapopular.info\/wp-content\/uploads\/2021\/02\/03-711x420.jpg 711w\" sizes=\"auto, (max-width: 972px) 100vw, 972px\" \/><figcaption class=\"blocks-gallery-item__caption\">\u00a0Presidente e prefeita Isabel inauguraram a usina \/ Cr\u00e9dito da foto: Divulga\u00e7\u00e3o \/ Tipo M\u00eddia<\/figcaption><\/figure><\/li><li class=\"blocks-gallery-item\"><figure><img loading=\"lazy\" decoding=\"async\" width=\"1024\" height=\"678\" src=\"https:\/\/folhapopular.info\/wp-content\/uploads\/2021\/02\/05-1024x678.jpg\" alt=\"\" data-id=\"79562\" data-full-url=\"https:\/\/folhapopular.info\/wp-content\/uploads\/2021\/02\/05-scaled.jpg\" data-link=\"https:\/\/folhapopular.info\/?attachment_id=79562\" class=\"wp-image-79562\" srcset=\"https:\/\/folhapopular.info\/wp-content\/uploads\/2021\/02\/05-1024x678.jpg 1024w, https:\/\/folhapopular.info\/wp-content\/uploads\/2021\/02\/05-300x199.jpg 300w, https:\/\/folhapopular.info\/wp-content\/uploads\/2021\/02\/05-768x509.jpg 768w, https:\/\/folhapopular.info\/wp-content\/uploads\/2021\/02\/05-1536x1017.jpg 1536w, https:\/\/folhapopular.info\/wp-content\/uploads\/2021\/02\/05-2048x1356.jpg 2048w, https:\/\/folhapopular.info\/wp-content\/uploads\/2021\/02\/05-696x461.jpg 696w, https:\/\/folhapopular.info\/wp-content\/uploads\/2021\/02\/05-1068x707.jpg 1068w, https:\/\/folhapopular.info\/wp-content\/uploads\/2021\/02\/05-1920x1272.jpg 1920w, https:\/\/folhapopular.info\/wp-content\/uploads\/2021\/02\/05-634x420.jpg 634w\" sizes=\"auto, (max-width: 1024px) 100vw, 1024px\" \/><figcaption class=\"blocks-gallery-item__caption\">Presidente e prefeito Celso Forneck na inaugura\u00e7\u00e3o do cabeamento subterr\u00e2neo \/ Cr\u00e9dito da foto: Divulga\u00e7\u00e3o \/ Certel <\/figcaption><\/figure><\/li><\/ul><\/figure>\n\n\n\n<p><strong><em>Cabeamento subterr\u00e2neo<\/em><\/strong><\/p>\n\n\n\n<p>Tamb\u00e9m ocorreu a inaugura\u00e7\u00e3o do cabeamento el\u00e9trico subterr\u00e2neo da rua em frente \u00e0 sede administrativa da Certel, em Teut\u00f4nia. O local conta com um ponto de abastecimento de energia solar para autom\u00f3veis, sendo que a cooperativa j\u00e1 possui o seu primeiro carro 100% el\u00e9trico, adquirido no final de novembro. <\/p>\n\n\n\n<p>Na companhia do prefeito de Teut\u00f4nia, Celso Alo\u00edsio Forneck, o presidente enfocou que esta \u00e9 mais uma demonstra\u00e7\u00e3o do quanto a Certel se dedica para manter-se alinhada \u00e0s novas tecnologias do setor, sendo que o ponto de abastecimento estar\u00e1 dispon\u00edvel gratuitamente tamb\u00e9m para toda a comunidade.<\/p>\n\n\n\n<p><strong><em>Agilidade<\/em><\/strong><\/p>\n\n\n\n<p>Para que seus associados sintam-se tranquilos quanto \u00e0 energia el\u00e9trica que os atende, a Certel investe em meios que garantem a agilidade de seus profissionais. <\/p>\n\n\n\n<p>Tamb\u00e9m marcando o 65\u00ba anivers\u00e1rio, a cooperativa adquiriu dois novos caminh\u00f5es de grande porte e robustez. Um deles conta com estruturas importadas do Texas, Estados Unidos, com tecnologia in\u00e9dita no Pa\u00eds para atua\u00e7\u00e3o em rede energizada.<\/p>\n\n\n\n<p><strong><em>Testes e\u00f3licos<\/em><\/strong><\/p>\n\n\n\n<p>Gerar a pr\u00f3pria energia \u00e9 mais uma alternativa para assegurar a qualidade do fornecimento aos associados. E a gera\u00e7\u00e3o e\u00f3lica, atrav\u00e9s da for\u00e7a dos ventos, vem sendo amplamente estudada pela cooperativa. <\/p>\n\n\n\n<p>Tanto que est\u00e1 sendo iniciada a medi\u00e7\u00e3o da velocidade do vento na regi\u00e3o, visando a futura instala\u00e7\u00e3o de uma usina e\u00f3lica. No anivers\u00e1rio, foi assinado o contrato com a empresa EPI \u2013 Energia, Projetos e Investimentos, que far\u00e1 esta medi\u00e7\u00e3o.<\/p>\n\n\n\n<figure class=\"wp-block-gallery columns-2 is-cropped wp-block-gallery-3 is-layout-flex wp-block-gallery-is-layout-flex\"><ul class=\"blocks-gallery-grid\"><li class=\"blocks-gallery-item\"><figure><img loading=\"lazy\" decoding=\"async\" width=\"1024\" height=\"419\" src=\"https:\/\/folhapopular.info\/wp-content\/uploads\/2021\/02\/07-1-1024x419.jpg\" alt=\"\" data-id=\"79565\" data-link=\"https:\/\/folhapopular.info\/?attachment_id=79565\" class=\"wp-image-79565\" srcset=\"https:\/\/folhapopular.info\/wp-content\/uploads\/2021\/02\/07-1-1024x419.jpg 1024w, https:\/\/folhapopular.info\/wp-content\/uploads\/2021\/02\/07-1-300x123.jpg 300w, https:\/\/folhapopular.info\/wp-content\/uploads\/2021\/02\/07-1-768x314.jpg 768w, https:\/\/folhapopular.info\/wp-content\/uploads\/2021\/02\/07-1-696x285.jpg 696w, https:\/\/folhapopular.info\/wp-content\/uploads\/2021\/02\/07-1-1068x437.jpg 1068w, https:\/\/folhapopular.info\/wp-content\/uploads\/2021\/02\/07-1-1027x420.jpg 1027w, https:\/\/folhapopular.info\/wp-content\/uploads\/2021\/02\/07-1.jpg 1252w\" sizes=\"auto, (max-width: 1024px) 100vw, 1024px\" \/><figcaption class=\"blocks-gallery-item__caption\">Firmada parceria com a EPI \u2013 Energia, Projetos e Investimentos<\/figcaption><\/figure><\/li><li class=\"blocks-gallery-item\"><figure><img loading=\"lazy\" decoding=\"async\" width=\"986\" height=\"575\" src=\"https:\/\/folhapopular.info\/wp-content\/uploads\/2021\/02\/04.jpg\" alt=\"\" data-id=\"79566\" data-full-url=\"https:\/\/folhapopular.info\/wp-content\/uploads\/2021\/02\/04.jpg\" data-link=\"https:\/\/folhapopular.info\/?attachment_id=79566\" class=\"wp-image-79566\" srcset=\"https:\/\/folhapopular.info\/wp-content\/uploads\/2021\/02\/04.jpg 986w, https:\/\/folhapopular.info\/wp-content\/uploads\/2021\/02\/04-300x175.jpg 300w, https:\/\/folhapopular.info\/wp-content\/uploads\/2021\/02\/04-768x448.jpg 768w, https:\/\/folhapopular.info\/wp-content\/uploads\/2021\/02\/04-696x406.jpg 696w, https:\/\/folhapopular.info\/wp-content\/uploads\/2021\/02\/04-720x420.jpg 720w\" sizes=\"auto, (max-width: 986px) 100vw, 986px\" \/><figcaption class=\"blocks-gallery-item__caption\">Hennemann e prefeito Marcelo Caumo na linha de transmiss\u00e3o em Lajeado<\/figcaption><\/figure><\/li><\/ul><figcaption class=\"blocks-gallery-caption\">Cr\u00e9dito das fotos: Divulga\u00e7\u00e3o \/ Tipo M\u00eddia<\/figcaption><\/figure>\n\n\n\n<p><strong><em>Agradecimento<\/em><\/strong><\/p>\n\n\n\n<p>Para Hennemann, a comemora\u00e7\u00e3o foi muito especial por refletir o esfor\u00e7o de diferentes gera\u00e7\u00f5es que j\u00e1 contribu\u00edram com a cooperativa. \u201cCom certeza, estamos seguindo um ideal, uma imagina\u00e7\u00e3o e um sonho que foram criados l\u00e1, em 1956, por 174 fundadores da Vila de Teut\u00f4nia que almejavam uma vida melhor. Hoje, somos mais de 74 mil associados e atuamos em 48 munic\u00edpios que contam com essa nobre vis\u00e3o. Um agradecimento especial aos nossos colaboradores e a todo o quadro social, que s\u00e3o verdadeiros parceiros do desenvolvimento da Certel\u201d, relatou.<\/p>\n\n\n\n<p><strong><em>Homenagens<\/em><\/strong><\/p>\n\n\n\n<p>Entre as diversas lideran\u00e7as regionais, estaduais e nacionais que participaram da live transmitindo seus cumprimentos pelo anivers\u00e1rio, tamb\u00e9m estiveram os presidentes dos STR\u2019s de Teut\u00f4nia, Westf\u00e1lia e Bar\u00e3o, Liane Brackmann e Jo\u00e3o Carlos Haas; o presidente do Siticalte, Roberto M\u00fcller; o presidente do STR de Lajeado e vice-presidente da Certel, Lauro Baum; o presidente da CIC Teut\u00f4nia, Airton Roque Kist; o diretor do Col\u00e9gio Teut\u00f4nia, Jonas R\u00fcckert; o presidente da Cooperativa Languiru, Dirceu Bayer; o presidente da Acil, Cristian Rota Bergesch; o neto do primeiro presidente Reinoldo Aschebrock e secret\u00e1rio da Certel, Rainer B\u00fcneker; o presidente da CIC Vale do Taquari, Ivandro Carlos Rosa; o presidente do STR de Cruzeiro do Sul e da Associa\u00e7\u00e3o de STR\u2019s do Vale do Taquari, Marcos Hinrichsen; o presidente da Certaja e vice-presidente da Fecoergs, Renato Martins; o presidente do Sistema Ocergs-Sescoop\/RS, Verg\u00edlio Frederico Perius; o presidente da OCB, M\u00e1rcio Lopes de Freitas; o presidente da Coprel e da Infracoop, J\u00e2nio Vital Stefanello; o deputado estadual e presidente da Frente Parlamentar da Agropecu\u00e1ria Ga\u00facha, Edson Brum; o deputado estadual e presidente da Frencoop-RS, Elton Weber; o deputado federal, Jer\u00f4nimo Goergen; o deputado federal e integrante da Frencoop Nacional, Heitor Schuch; o deputado federal e ex-secret\u00e1rio estadual de Minas e Energia, Lucas Redecker; o deputado estadual, Ernani Polo; os senadores do Rio Grande do Sul, Luis Carlos Heinze e Lasier Martins; o secret\u00e1rio de Estado do Meio Ambiente e Infraestrutura, Paulo Pereira; a presidente da Fepam, Marjorie Kauffmann; o diretor-geral da Aneel, Andr\u00e9 Pepitone da N\u00f3brega; o governador do Estado, Eduardo Leite; o ministro da Secretaria-Geral da Presid\u00eancia da Rep\u00fablica, Onyx Lorenzoni; e o presidente da Rep\u00fablica, Jair Messias Bolsonaro.<\/p>\n\n\n\n<p><strong><em>Premiados<\/em><\/strong><\/p>\n\n\n\n<p>Entre os espectadores sorteados com vales-presentes das Lojas Certel, estiveram Lori Andschau, de Travesseiro; Aluanny Botello da Silva, de Teut\u00f4nia; Lurdes Klein, de Boa Vista, Teut\u00f4nia; Luiza Rambo, de Santa Clara do Sul; Let\u00edcia Birck Schneider, de Teut\u00f4nia; Elaine Sell, de Santa Clara do Sul; Cecilia Nadir Werner, de Bar\u00e3o; Evanir da Costa Prado, de Paverama; Cristiane Doertzbacher Scheibe, de Forquetinha; e Gabriel Carlotto, de Carlos Barbosa.<\/p>\n\n\n\n<figure class=\"wp-block-gallery columns-2 is-cropped wp-block-gallery-4 is-layout-flex wp-block-gallery-is-layout-flex\"><ul class=\"blocks-gallery-grid\"><li class=\"blocks-gallery-item\"><figure><img loading=\"lazy\" decoding=\"async\" width=\"822\" height=\"1024\" src=\"https:\/\/folhapopular.info\/wp-content\/uploads\/2021\/02\/08-822x1024.jpg\" alt=\"\" data-id=\"79563\" data-link=\"https:\/\/folhapopular.info\/?attachment_id=79563\" class=\"wp-image-79563\" srcset=\"https:\/\/folhapopular.info\/wp-content\/uploads\/2021\/02\/08-822x1024.jpg 822w, https:\/\/folhapopular.info\/wp-content\/uploads\/2021\/02\/08-241x300.jpg 241w, https:\/\/folhapopular.info\/wp-content\/uploads\/2021\/02\/08-768x956.jpg 768w, https:\/\/folhapopular.info\/wp-content\/uploads\/2021\/02\/08-696x867.jpg 696w, https:\/\/folhapopular.info\/wp-content\/uploads\/2021\/02\/08-337x420.jpg 337w, https:\/\/folhapopular.info\/wp-content\/uploads\/2021\/02\/08.jpg 1028w\" sizes=\"auto, (max-width: 822px) 100vw, 822px\" \/><figcaption class=\"blocks-gallery-item__caption\">Luiza Rambo, de Santa Clara do Sul, j\u00e1 recebeu sua premia\u00e7\u00e3o<\/figcaption><\/figure><\/li><li class=\"blocks-gallery-item\"><figure><img loading=\"lazy\" decoding=\"async\" width=\"768\" height=\"1024\" src=\"https:\/\/folhapopular.info\/wp-content\/uploads\/2021\/02\/09-768x1024.jpg\" alt=\"\" data-id=\"79564\" data-full-url=\"https:\/\/folhapopular.info\/wp-content\/uploads\/2021\/02\/09.jpg\" data-link=\"https:\/\/folhapopular.info\/?attachment_id=79564\" class=\"wp-image-79564\" srcset=\"https:\/\/folhapopular.info\/wp-content\/uploads\/2021\/02\/09-768x1024.jpg 768w, https:\/\/folhapopular.info\/wp-content\/uploads\/2021\/02\/09-225x300.jpg 225w, https:\/\/folhapopular.info\/wp-content\/uploads\/2021\/02\/09-696x928.jpg 696w, https:\/\/folhapopular.info\/wp-content\/uploads\/2021\/02\/09-315x420.jpg 315w, https:\/\/folhapopular.info\/wp-content\/uploads\/2021\/02\/09.jpg 960w\" sizes=\"auto, (max-width: 768px) 100vw, 768px\" \/><figcaption class=\"blocks-gallery-item__caption\">Aluanny Botello da Silva, de Teut\u00f4nia, tamb\u00e9m j\u00e1 foi contemplada<\/figcaption><\/figure><\/li><\/ul><figcaption class=\"blocks-gallery-caption\">Cr\u00e9dito das fotos: Divulga\u00e7\u00e3o \/ Certel <\/figcaption><\/figure>\n\n\n\n<p><strong><em>Acesso<\/em><\/strong><\/p>\n\n\n\n<p>Para conferir novamente a live do 65\u00ba anivers\u00e1rio, basta acessar o Facebook ou o Youtube da Certel.<\/p>\n\n\n\n<p><\/p>\n","protected":false},"excerpt":{"rendered":"<p>Os 65 anos da Certel foram comemorados de uma maneira muito especial e carinhosa no dia 19 de fevereiro. Em aten\u00e7\u00e3o \u00e0s normas protocolares preventivas \u00e0 Covid-19, o anivers\u00e1rio foi festejado com quatro lives, tr\u00eas das quais mais art\u00edsticas e culturais e que se estenderam at\u00e9 o domingo, 21, alcan\u00e7ando um total de 66.849 visualiza\u00e7\u00f5es. [&hellip;]<\/p>\n","protected":false},"author":8,"featured_media":79559,"comment_status":"open","ping_status":"open","sticky":false,"template":"","format":"standard","meta":{"pmpro_default_level":"","_jetpack_memberships_contains_paid_content":false,"footnotes":""},"categories":[2,3],"tags":[5524,291,642],"class_list":{"0":"post-79557","1":"post","2":"type-post","3":"status-publish","4":"format-standard","5":"has-post-thumbnail","7":"category-featured","8":"category-geral","9":"tag-aniversario-2","10":"tag-certel","11":"tag-certel-energia","12":"pmpro-has-access"},"yoast_head":"<!-- This site is optimized with the Yoast SEO plugin v27.5 - https:\/\/yoast.com\/product\/yoast-seo-wordpress\/ -->\n<title>Mais de 66 mil pessoas comemoraram o 65\u00ba anivers\u00e1rio da Certel - Folha Popular<\/title>\n<meta name=\"robots\" content=\"index, follow, max-snippet:-1, max-image-preview:large, max-video-preview:-1\" \/>\n<link rel=\"canonical\" href=\"https:\/\/folhapopular.info\/index.php\/2021\/02\/24\/mais-de-66-mil-pessoas-comemoraram-o-65o-aniversario-da-certel\/\" \/>\n<meta property=\"og:locale\" content=\"pt_BR\" \/>\n<meta property=\"og:type\" content=\"article\" \/>\n<meta property=\"og:title\" content=\"Mais de 66 mil pessoas comemoraram o 65\u00ba anivers\u00e1rio da Certel - Folha Popular\" \/>\n<meta property=\"og:description\" content=\"Os 65 anos da Certel foram comemorados de uma maneira muito especial e carinhosa no dia 19 de fevereiro. Em aten\u00e7\u00e3o \u00e0s normas protocolares preventivas \u00e0 Covid-19, o anivers\u00e1rio foi festejado com quatro lives, tr\u00eas das quais mais art\u00edsticas e culturais e que se estenderam at\u00e9 o domingo, 21, alcan\u00e7ando um total de 66.849 visualiza\u00e7\u00f5es. [&hellip;]\" \/>\n<meta property=\"og:url\" content=\"https:\/\/folhapopular.info\/index.php\/2021\/02\/24\/mais-de-66-mil-pessoas-comemoraram-o-65o-aniversario-da-certel\/\" \/>\n<meta property=\"og:site_name\" content=\"Folha Popular\" \/>\n<meta property=\"article:published_time\" content=\"2021-02-24T12:06:52+00:00\" \/>\n<meta property=\"article:modified_time\" content=\"2021-02-24T12:06:56+00:00\" \/>\n<meta property=\"og:image\" content=\"https:\/\/folhapopular.info\/wp-content\/uploads\/2021\/02\/01-scaled-e1614167034776.jpg\" \/>\n\t<meta property=\"og:image:width\" content=\"800\" \/>\n\t<meta property=\"og:image:height\" content=\"530\" \/>\n\t<meta property=\"og:image:type\" content=\"image\/jpeg\" \/>\n<meta name=\"author\" content=\"Reda\u00e7\u00e3o Folha Popular\" \/>\n<meta name=\"twitter:card\" content=\"summary_large_image\" \/>\n<meta name=\"twitter:label1\" content=\"Escrito por\" \/>\n\t<meta name=\"twitter:data1\" content=\"Reda\u00e7\u00e3o Folha Popular\" \/>\n\t<meta name=\"twitter:label2\" content=\"Est. tempo de leitura\" \/>\n\t<meta name=\"twitter:data2\" content=\"7 minutos\" \/>\n<script type=\"application\/ld+json\" class=\"yoast-schema-graph\">{\"@context\":\"https:\\\/\\\/schema.org\",\"@graph\":[{\"@type\":\"Article\",\"@id\":\"https:\\\/\\\/folhapopular.info\\\/index.php\\\/2021\\\/02\\\/24\\\/mais-de-66-mil-pessoas-comemoraram-o-65o-aniversario-da-certel\\\/#article\",\"isPartOf\":{\"@id\":\"https:\\\/\\\/folhapopular.info\\\/index.php\\\/2021\\\/02\\\/24\\\/mais-de-66-mil-pessoas-comemoraram-o-65o-aniversario-da-certel\\\/\"},\"author\":{\"name\":\"Reda\u00e7\u00e3o Folha Popular\",\"@id\":\"https:\\\/\\\/folhapopular.info\\\/#\\\/schema\\\/person\\\/2814e8a0df7643585a9ca38bc6eb9d4b\"},\"headline\":\"Mais de 66 mil pessoas comemoraram o 65\u00ba anivers\u00e1rio da Certel\",\"datePublished\":\"2021-02-24T12:06:52+00:00\",\"dateModified\":\"2021-02-24T12:06:56+00:00\",\"mainEntityOfPage\":{\"@id\":\"https:\\\/\\\/folhapopular.info\\\/index.php\\\/2021\\\/02\\\/24\\\/mais-de-66-mil-pessoas-comemoraram-o-65o-aniversario-da-certel\\\/\"},\"wordCount\":1135,\"commentCount\":0,\"image\":{\"@id\":\"https:\\\/\\\/folhapopular.info\\\/index.php\\\/2021\\\/02\\\/24\\\/mais-de-66-mil-pessoas-comemoraram-o-65o-aniversario-da-certel\\\/#primaryimage\"},\"thumbnailUrl\":\"https:\\\/\\\/folhapopular.info\\\/wp-content\\\/uploads\\\/2021\\\/02\\\/01-scaled-e1614167034776.jpg\",\"keywords\":[\"Anivers\u00e1rio\",\"Certel\",\"Certel Energia\"],\"articleSection\":[\"Destaques\",\"Geral\"],\"inLanguage\":\"pt-BR\",\"potentialAction\":[{\"@type\":\"CommentAction\",\"name\":\"Comment\",\"target\":[\"https:\\\/\\\/folhapopular.info\\\/index.php\\\/2021\\\/02\\\/24\\\/mais-de-66-mil-pessoas-comemoraram-o-65o-aniversario-da-certel\\\/#respond\"]}]},{\"@type\":\"WebPage\",\"@id\":\"https:\\\/\\\/folhapopular.info\\\/index.php\\\/2021\\\/02\\\/24\\\/mais-de-66-mil-pessoas-comemoraram-o-65o-aniversario-da-certel\\\/\",\"url\":\"https:\\\/\\\/folhapopular.info\\\/index.php\\\/2021\\\/02\\\/24\\\/mais-de-66-mil-pessoas-comemoraram-o-65o-aniversario-da-certel\\\/\",\"name\":\"Mais de 66 mil pessoas comemoraram o 65\u00ba anivers\u00e1rio da Certel - Folha Popular\",\"isPartOf\":{\"@id\":\"https:\\\/\\\/folhapopular.info\\\/#website\"},\"primaryImageOfPage\":{\"@id\":\"https:\\\/\\\/folhapopular.info\\\/index.php\\\/2021\\\/02\\\/24\\\/mais-de-66-mil-pessoas-comemoraram-o-65o-aniversario-da-certel\\\/#primaryimage\"},\"image\":{\"@id\":\"https:\\\/\\\/folhapopular.info\\\/index.php\\\/2021\\\/02\\\/24\\\/mais-de-66-mil-pessoas-comemoraram-o-65o-aniversario-da-certel\\\/#primaryimage\"},\"thumbnailUrl\":\"https:\\\/\\\/folhapopular.info\\\/wp-content\\\/uploads\\\/2021\\\/02\\\/01-scaled-e1614167034776.jpg\",\"datePublished\":\"2021-02-24T12:06:52+00:00\",\"dateModified\":\"2021-02-24T12:06:56+00:00\",\"author\":{\"@id\":\"https:\\\/\\\/folhapopular.info\\\/#\\\/schema\\\/person\\\/2814e8a0df7643585a9ca38bc6eb9d4b\"},\"breadcrumb\":{\"@id\":\"https:\\\/\\\/folhapopular.info\\\/index.php\\\/2021\\\/02\\\/24\\\/mais-de-66-mil-pessoas-comemoraram-o-65o-aniversario-da-certel\\\/#breadcrumb\"},\"inLanguage\":\"pt-BR\",\"potentialAction\":[{\"@type\":\"ReadAction\",\"target\":[\"https:\\\/\\\/folhapopular.info\\\/index.php\\\/2021\\\/02\\\/24\\\/mais-de-66-mil-pessoas-comemoraram-o-65o-aniversario-da-certel\\\/\"]}]},{\"@type\":\"ImageObject\",\"inLanguage\":\"pt-BR\",\"@id\":\"https:\\\/\\\/folhapopular.info\\\/index.php\\\/2021\\\/02\\\/24\\\/mais-de-66-mil-pessoas-comemoraram-o-65o-aniversario-da-certel\\\/#primaryimage\",\"url\":\"https:\\\/\\\/folhapopular.info\\\/wp-content\\\/uploads\\\/2021\\\/02\\\/01-scaled-e1614167034776.jpg\",\"contentUrl\":\"https:\\\/\\\/folhapopular.info\\\/wp-content\\\/uploads\\\/2021\\\/02\\\/01-scaled-e1614167034776.jpg\",\"width\":800,\"height\":530,\"caption\":\"Hennemann agradeceu pela parceria dos associados e colaboradores \\\/ Cr\u00e9dito da foto: Divulga\u00e7\u00e3o \\\/ Certel\"},{\"@type\":\"BreadcrumbList\",\"@id\":\"https:\\\/\\\/folhapopular.info\\\/index.php\\\/2021\\\/02\\\/24\\\/mais-de-66-mil-pessoas-comemoraram-o-65o-aniversario-da-certel\\\/#breadcrumb\",\"itemListElement\":[{\"@type\":\"ListItem\",\"position\":1,\"name\":\"In\u00edcio\",\"item\":\"https:\\\/\\\/folhapopular.info\\\/\"},{\"@type\":\"ListItem\",\"position\":2,\"name\":\"Mais de 66 mil pessoas comemoraram o 65\u00ba anivers\u00e1rio da Certel\"}]},{\"@type\":\"WebSite\",\"@id\":\"https:\\\/\\\/folhapopular.info\\\/#website\",\"url\":\"https:\\\/\\\/folhapopular.info\\\/\",\"name\":\"Folha Popular\",\"description\":\"Onde voc\u00ea tem vez e voz\",\"potentialAction\":[{\"@type\":\"SearchAction\",\"target\":{\"@type\":\"EntryPoint\",\"urlTemplate\":\"https:\\\/\\\/folhapopular.info\\\/?s={search_term_string}\"},\"query-input\":{\"@type\":\"PropertyValueSpecification\",\"valueRequired\":true,\"valueName\":\"search_term_string\"}}],\"inLanguage\":\"pt-BR\"},{\"@type\":\"Person\",\"@id\":\"https:\\\/\\\/folhapopular.info\\\/#\\\/schema\\\/person\\\/2814e8a0df7643585a9ca38bc6eb9d4b\",\"name\":\"Reda\u00e7\u00e3o Folha Popular\",\"image\":{\"@type\":\"ImageObject\",\"inLanguage\":\"pt-BR\",\"@id\":\"https:\\\/\\\/folhapopular.info\\\/wp-content\\\/uploads\\\/2026\\\/04\\\/Folha-1.webp\",\"url\":\"https:\\\/\\\/folhapopular.info\\\/wp-content\\\/uploads\\\/2026\\\/04\\\/Folha-1.webp\",\"contentUrl\":\"https:\\\/\\\/folhapopular.info\\\/wp-content\\\/uploads\\\/2026\\\/04\\\/Folha-1.webp\",\"caption\":\"Reda\u00e7\u00e3o Folha Popular\"},\"url\":\"https:\\\/\\\/folhapopular.info\\\/index.php\\\/author\\\/redacao\\\/\"}]}<\/script>\n<!-- \/ Yoast SEO plugin. -->","yoast_head_json":{"title":"Mais de 66 mil pessoas comemoraram o 65\u00ba anivers\u00e1rio da Certel - Folha Popular","robots":{"index":"index","follow":"follow","max-snippet":"max-snippet:-1","max-image-preview":"max-image-preview:large","max-video-preview":"max-video-preview:-1"},"canonical":"https:\/\/folhapopular.info\/index.php\/2021\/02\/24\/mais-de-66-mil-pessoas-comemoraram-o-65o-aniversario-da-certel\/","og_locale":"pt_BR","og_type":"article","og_title":"Mais de 66 mil pessoas comemoraram o 65\u00ba anivers\u00e1rio da Certel - Folha Popular","og_description":"Os 65 anos da Certel foram comemorados de uma maneira muito especial e carinhosa no dia 19 de fevereiro. Em aten\u00e7\u00e3o \u00e0s normas protocolares preventivas \u00e0 Covid-19, o anivers\u00e1rio foi festejado com quatro lives, tr\u00eas das quais mais art\u00edsticas e culturais e que se estenderam at\u00e9 o domingo, 21, alcan\u00e7ando um total de 66.849 visualiza\u00e7\u00f5es. [&hellip;]","og_url":"https:\/\/folhapopular.info\/index.php\/2021\/02\/24\/mais-de-66-mil-pessoas-comemoraram-o-65o-aniversario-da-certel\/","og_site_name":"Folha Popular","article_published_time":"2021-02-24T12:06:52+00:00","article_modified_time":"2021-02-24T12:06:56+00:00","og_image":[{"width":800,"height":530,"url":"https:\/\/folhapopular.info\/wp-content\/uploads\/2021\/02\/01-scaled-e1614167034776.jpg","type":"image\/jpeg"}],"author":"Reda\u00e7\u00e3o Folha Popular","twitter_card":"summary_large_image","twitter_misc":{"Escrito por":"Reda\u00e7\u00e3o Folha Popular","Est. tempo de leitura":"7 minutos"},"schema":{"@context":"https:\/\/schema.org","@graph":[{"@type":"Article","@id":"https:\/\/folhapopular.info\/index.php\/2021\/02\/24\/mais-de-66-mil-pessoas-comemoraram-o-65o-aniversario-da-certel\/#article","isPartOf":{"@id":"https:\/\/folhapopular.info\/index.php\/2021\/02\/24\/mais-de-66-mil-pessoas-comemoraram-o-65o-aniversario-da-certel\/"},"author":{"name":"Reda\u00e7\u00e3o Folha Popular","@id":"https:\/\/folhapopular.info\/#\/schema\/person\/2814e8a0df7643585a9ca38bc6eb9d4b"},"headline":"Mais de 66 mil pessoas comemoraram o 65\u00ba anivers\u00e1rio da Certel","datePublished":"2021-02-24T12:06:52+00:00","dateModified":"2021-02-24T12:06:56+00:00","mainEntityOfPage":{"@id":"https:\/\/folhapopular.info\/index.php\/2021\/02\/24\/mais-de-66-mil-pessoas-comemoraram-o-65o-aniversario-da-certel\/"},"wordCount":1135,"commentCount":0,"image":{"@id":"https:\/\/folhapopular.info\/index.php\/2021\/02\/24\/mais-de-66-mil-pessoas-comemoraram-o-65o-aniversario-da-certel\/#primaryimage"},"thumbnailUrl":"https:\/\/folhapopular.info\/wp-content\/uploads\/2021\/02\/01-scaled-e1614167034776.jpg","keywords":["Anivers\u00e1rio","Certel","Certel Energia"],"articleSection":["Destaques","Geral"],"inLanguage":"pt-BR","potentialAction":[{"@type":"CommentAction","name":"Comment","target":["https:\/\/folhapopular.info\/index.php\/2021\/02\/24\/mais-de-66-mil-pessoas-comemoraram-o-65o-aniversario-da-certel\/#respond"]}]},{"@type":"WebPage","@id":"https:\/\/folhapopular.info\/index.php\/2021\/02\/24\/mais-de-66-mil-pessoas-comemoraram-o-65o-aniversario-da-certel\/","url":"https:\/\/folhapopular.info\/index.php\/2021\/02\/24\/mais-de-66-mil-pessoas-comemoraram-o-65o-aniversario-da-certel\/","name":"Mais de 66 mil pessoas comemoraram o 65\u00ba anivers\u00e1rio da Certel - Folha Popular","isPartOf":{"@id":"https:\/\/folhapopular.info\/#website"},"primaryImageOfPage":{"@id":"https:\/\/folhapopular.info\/index.php\/2021\/02\/24\/mais-de-66-mil-pessoas-comemoraram-o-65o-aniversario-da-certel\/#primaryimage"},"image":{"@id":"https:\/\/folhapopular.info\/index.php\/2021\/02\/24\/mais-de-66-mil-pessoas-comemoraram-o-65o-aniversario-da-certel\/#primaryimage"},"thumbnailUrl":"https:\/\/folhapopular.info\/wp-content\/uploads\/2021\/02\/01-scaled-e1614167034776.jpg","datePublished":"2021-02-24T12:06:52+00:00","dateModified":"2021-02-24T12:06:56+00:00","author":{"@id":"https:\/\/folhapopular.info\/#\/schema\/person\/2814e8a0df7643585a9ca38bc6eb9d4b"},"breadcrumb":{"@id":"https:\/\/folhapopular.info\/index.php\/2021\/02\/24\/mais-de-66-mil-pessoas-comemoraram-o-65o-aniversario-da-certel\/#breadcrumb"},"inLanguage":"pt-BR","potentialAction":[{"@type":"ReadAction","target":["https:\/\/folhapopular.info\/index.php\/2021\/02\/24\/mais-de-66-mil-pessoas-comemoraram-o-65o-aniversario-da-certel\/"]}]},{"@type":"ImageObject","inLanguage":"pt-BR","@id":"https:\/\/folhapopular.info\/index.php\/2021\/02\/24\/mais-de-66-mil-pessoas-comemoraram-o-65o-aniversario-da-certel\/#primaryimage","url":"https:\/\/folhapopular.info\/wp-content\/uploads\/2021\/02\/01-scaled-e1614167034776.jpg","contentUrl":"https:\/\/folhapopular.info\/wp-content\/uploads\/2021\/02\/01-scaled-e1614167034776.jpg","width":800,"height":530,"caption":"Hennemann agradeceu pela parceria dos associados e colaboradores \/ Cr\u00e9dito da foto: Divulga\u00e7\u00e3o \/ Certel"},{"@type":"BreadcrumbList","@id":"https:\/\/folhapopular.info\/index.php\/2021\/02\/24\/mais-de-66-mil-pessoas-comemoraram-o-65o-aniversario-da-certel\/#breadcrumb","itemListElement":[{"@type":"ListItem","position":1,"name":"In\u00edcio","item":"https:\/\/folhapopular.info\/"},{"@type":"ListItem","position":2,"name":"Mais de 66 mil pessoas comemoraram o 65\u00ba anivers\u00e1rio da Certel"}]},{"@type":"WebSite","@id":"https:\/\/folhapopular.info\/#website","url":"https:\/\/folhapopular.info\/","name":"Folha Popular","description":"Onde voc\u00ea tem vez e voz","potentialAction":[{"@type":"SearchAction","target":{"@type":"EntryPoint","urlTemplate":"https:\/\/folhapopular.info\/?s={search_term_string}"},"query-input":{"@type":"PropertyValueSpecification","valueRequired":true,"valueName":"search_term_string"}}],"inLanguage":"pt-BR"},{"@type":"Person","@id":"https:\/\/folhapopular.info\/#\/schema\/person\/2814e8a0df7643585a9ca38bc6eb9d4b","name":"Reda\u00e7\u00e3o Folha Popular","image":{"@type":"ImageObject","inLanguage":"pt-BR","@id":"https:\/\/folhapopular.info\/wp-content\/uploads\/2026\/04\/Folha-1.webp","url":"https:\/\/folhapopular.info\/wp-content\/uploads\/2026\/04\/Folha-1.webp","contentUrl":"https:\/\/folhapopular.info\/wp-content\/uploads\/2026\/04\/Folha-1.webp","caption":"Reda\u00e7\u00e3o Folha Popular"},"url":"https:\/\/folhapopular.info\/index.php\/author\/redacao\/"}]}},"jetpack_featured_media_url":"https:\/\/folhapopular.info\/wp-content\/uploads\/2021\/02\/01-scaled-e1614167034776.jpg","jetpack_sharing_enabled":true,"amp_enabled":true,"_links":{"self":[{"href":"https:\/\/folhapopular.info\/index.php\/wp-json\/wp\/v2\/posts\/79557","targetHints":{"allow":["GET"]}}],"collection":[{"href":"https:\/\/folhapopular.info\/index.php\/wp-json\/wp\/v2\/posts"}],"about":[{"href":"https:\/\/folhapopular.info\/index.php\/wp-json\/wp\/v2\/types\/post"}],"author":[{"embeddable":true,"href":"https:\/\/folhapopular.info\/index.php\/wp-json\/wp\/v2\/users\/8"}],"replies":[{"embeddable":true,"href":"https:\/\/folhapopular.info\/index.php\/wp-json\/wp\/v2\/comments?post=79557"}],"version-history":[{"count":0,"href":"https:\/\/folhapopular.info\/index.php\/wp-json\/wp\/v2\/posts\/79557\/revisions"}],"wp:featuredmedia":[{"embeddable":true,"href":"https:\/\/folhapopular.info\/index.php\/wp-json\/wp\/v2\/media\/79559"}],"wp:attachment":[{"href":"https:\/\/folhapopular.info\/index.php\/wp-json\/wp\/v2\/media?parent=79557"}],"wp:term":[{"taxonomy":"category","embeddable":true,"href":"https:\/\/folhapopular.info\/index.php\/wp-json\/wp\/v2\/categories?post=79557"},{"taxonomy":"post_tag","embeddable":true,"href":"https:\/\/folhapopular.info\/index.php\/wp-json\/wp\/v2\/tags?post=79557"}],"curies":[{"name":"wp","href":"https:\/\/api.w.org\/{rel}","templated":true}]}}