{"id":79831,"date":"2021-02-27T07:47:00","date_gmt":"2021-02-27T10:47:00","guid":{"rendered":"https:\/\/folhapopular.info\/?p=79831"},"modified":"2021-02-27T08:27:08","modified_gmt":"2021-02-27T11:27:08","slug":"governo-anuncia-alteracoes-em-horarios-de-jogos-de-futebol-no-rs","status":"publish","type":"post","link":"https:\/\/folhapopular.info\/index.php\/2021\/02\/27\/governo-anuncia-alteracoes-em-horarios-de-jogos-de-futebol-no-rs\/","title":{"rendered":"Governo anuncia altera\u00e7\u00f5es em hor\u00e1rios de jogos de futebol no RS"},"content":{"rendered":"\n<p>Devido ao agravamento do quadro da pandemia no Rio Grande do Sul, o governo do Estado, a partir de di\u00e1logo com a Confedera\u00e7\u00e3o Brasileira de Futebol (CBF) e Federa\u00e7\u00e3o Ga\u00facha de Futebol (FGF), decidiu que jogos da Copa do Brasil e do Campeonato Ga\u00facho marcados para o per\u00edodo entre os dias 27 de fevereiro e 1\u00ba de mar\u00e7o n\u00e3o poder\u00e3o ser realizados antes das 20h.<\/p>\n\n\n\n<p>A medida visa conter poss\u00edveis aglomera\u00e7\u00f5es durante partidas jogadas \u00e0 tarde no territ\u00f3rio ga\u00facho e atende ao regramento do modelo de Distanciamento Controlado, que classifica todas as regi\u00f5es do Estado em bandeira preta, ou seja, com alt\u00edssimo risco de cont\u00e1gio pelo coronav\u00edrus. No caso da final da Copa do Brasil entre Gr\u00eamio e Palmeiras, o governo recebeu a confirma\u00e7\u00e3o da CBF de que o jogo ser\u00e1 disputado \u00e0s 21h de domingo (28\/2), na Arena do Gr\u00eamio.<\/p>\n\n\n\n<p>O governo avalia que a realiza\u00e7\u00e3o de jogos \u00e0 tarde aumenta a possibilidade de aglomera\u00e7\u00f5es. A partir das 20h, entra em vigor a suspens\u00e3o tempor\u00e1ria de atividades, o que amplia a restri\u00e7\u00e3o de circula\u00e7\u00e3o de pessoas. Por isso, o pedido foi feito para que as partidas ocorram ap\u00f3s esse hor\u00e1rio.<\/p>\n\n\n\n<p>\u201cTenho ressaltado que o problema nunca \u00e9 o jogo em si, porque a CBF e a FGF conseguiram, de maneira muito competente, que os campeonatos fossem disputados com os devidos cuidados sanit\u00e1rios. O problema \u00e9 a possibilidade de jogos \u00e0 tarde gerarem aglomera\u00e7\u00f5es, com pessoas se reunindo para assistir \u00e0s partidas e podendo provocar a dissemina\u00e7\u00e3o do v\u00edrus. Agradecemos a compreens\u00e3o da confedera\u00e7\u00e3o e da federa\u00e7\u00e3o em rela\u00e7\u00e3o a esse momento e refor\u00e7amos que as pessoas n\u00e3o se aglomerem para torcer\u201d, afirmou o governador.<\/p>\n","protected":false},"excerpt":{"rendered":"<p>Devido ao agravamento do quadro da pandemia no Rio Grande do Sul, o governo do Estado, a partir de di\u00e1logo com a Confedera\u00e7\u00e3o Brasileira de Futebol (CBF) e Federa\u00e7\u00e3o Ga\u00facha de Futebol (FGF), decidiu que jogos da Copa do Brasil e do Campeonato Ga\u00facho marcados para o per\u00edodo entre os dias 27 de fevereiro e [&hellip;]<\/p>\n","protected":false},"author":8,"featured_media":79834,"comment_status":"open","ping_status":"open","sticky":false,"template":"","format":"standard","meta":{"pmpro_default_level":"","_jetpack_memberships_contains_paid_content":false,"footnotes":""},"categories":[2,5],"tags":[498,1219,1794],"class_list":{"0":"post-79831","1":"post","2":"type-post","3":"status-publish","4":"format-standard","5":"has-post-thumbnail","7":"category-featured","8":"category-esportes","9":"tag-futebol","10":"tag-horarios","11":"tag-rio-grande-do-sul","12":"pmpro-has-access"},"yoast_head":"<!-- This site is optimized with the Yoast SEO plugin v27.5 - https:\/\/yoast.com\/product\/yoast-seo-wordpress\/ -->\n<title>Governo anuncia altera\u00e7\u00f5es em hor\u00e1rios de jogos de futebol no RS - Folha Popular<\/title>\n<meta name=\"robots\" content=\"index, follow, max-snippet:-1, max-image-preview:large, max-video-preview:-1\" \/>\n<link rel=\"canonical\" href=\"https:\/\/folhapopular.info\/index.php\/2021\/02\/27\/governo-anuncia-alteracoes-em-horarios-de-jogos-de-futebol-no-rs\/\" \/>\n<meta property=\"og:locale\" content=\"pt_BR\" \/>\n<meta property=\"og:type\" content=\"article\" \/>\n<meta property=\"og:title\" content=\"Governo anuncia altera\u00e7\u00f5es em hor\u00e1rios de jogos de futebol no RS - Folha Popular\" \/>\n<meta property=\"og:description\" content=\"Devido ao agravamento do quadro da pandemia no Rio Grande do Sul, o governo do Estado, a partir de di\u00e1logo com a Confedera\u00e7\u00e3o Brasileira de Futebol (CBF) e Federa\u00e7\u00e3o Ga\u00facha de Futebol (FGF), decidiu que jogos da Copa do Brasil e do Campeonato Ga\u00facho marcados para o per\u00edodo entre os dias 27 de fevereiro e [&hellip;]\" \/>\n<meta property=\"og:url\" content=\"https:\/\/folhapopular.info\/index.php\/2021\/02\/27\/governo-anuncia-alteracoes-em-horarios-de-jogos-de-futebol-no-rs\/\" \/>\n<meta property=\"og:site_name\" content=\"Folha Popular\" \/>\n<meta property=\"article:published_time\" content=\"2021-02-27T10:47:00+00:00\" \/>\n<meta property=\"article:modified_time\" content=\"2021-02-27T11:27:08+00:00\" \/>\n<meta property=\"og:image\" content=\"https:\/\/folhapopular.info\/wp-content\/uploads\/2021\/02\/pexels-pixabay-274506-scaled-e1614425171283.jpg\" \/>\n\t<meta property=\"og:image:width\" content=\"800\" \/>\n\t<meta property=\"og:image:height\" content=\"533\" \/>\n\t<meta property=\"og:image:type\" content=\"image\/jpeg\" \/>\n<meta name=\"author\" content=\"Reda\u00e7\u00e3o Folha Popular\" \/>\n<meta name=\"twitter:card\" content=\"summary_large_image\" \/>\n<meta name=\"twitter:label1\" content=\"Escrito por\" \/>\n\t<meta name=\"twitter:data1\" content=\"Reda\u00e7\u00e3o Folha Popular\" \/>\n\t<meta name=\"twitter:label2\" content=\"Est. tempo de leitura\" \/>\n\t<meta name=\"twitter:data2\" content=\"2 minutos\" \/>\n<script type=\"application\/ld+json\" class=\"yoast-schema-graph\">{\"@context\":\"https:\\\/\\\/schema.org\",\"@graph\":[{\"@type\":\"Article\",\"@id\":\"https:\\\/\\\/folhapopular.info\\\/index.php\\\/2021\\\/02\\\/27\\\/governo-anuncia-alteracoes-em-horarios-de-jogos-de-futebol-no-rs\\\/#article\",\"isPartOf\":{\"@id\":\"https:\\\/\\\/folhapopular.info\\\/index.php\\\/2021\\\/02\\\/27\\\/governo-anuncia-alteracoes-em-horarios-de-jogos-de-futebol-no-rs\\\/\"},\"author\":{\"name\":\"Reda\u00e7\u00e3o Folha Popular\",\"@id\":\"https:\\\/\\\/folhapopular.info\\\/#\\\/schema\\\/person\\\/2814e8a0df7643585a9ca38bc6eb9d4b\"},\"headline\":\"Governo anuncia altera\u00e7\u00f5es em hor\u00e1rios de jogos de futebol no RS\",\"datePublished\":\"2021-02-27T10:47:00+00:00\",\"dateModified\":\"2021-02-27T11:27:08+00:00\",\"mainEntityOfPage\":{\"@id\":\"https:\\\/\\\/folhapopular.info\\\/index.php\\\/2021\\\/02\\\/27\\\/governo-anuncia-alteracoes-em-horarios-de-jogos-de-futebol-no-rs\\\/\"},\"wordCount\":318,\"commentCount\":0,\"image\":{\"@id\":\"https:\\\/\\\/folhapopular.info\\\/index.php\\\/2021\\\/02\\\/27\\\/governo-anuncia-alteracoes-em-horarios-de-jogos-de-futebol-no-rs\\\/#primaryimage\"},\"thumbnailUrl\":\"https:\\\/\\\/folhapopular.info\\\/wp-content\\\/uploads\\\/2021\\\/02\\\/pexels-pixabay-274506-scaled-e1614425171283.jpg\",\"keywords\":[\"Futebol\",\"Hor\u00e1rios\",\"Rio Grande do Sul\"],\"articleSection\":[\"Destaques\",\"Esportes\"],\"inLanguage\":\"pt-BR\",\"potentialAction\":[{\"@type\":\"CommentAction\",\"name\":\"Comment\",\"target\":[\"https:\\\/\\\/folhapopular.info\\\/index.php\\\/2021\\\/02\\\/27\\\/governo-anuncia-alteracoes-em-horarios-de-jogos-de-futebol-no-rs\\\/#respond\"]}]},{\"@type\":\"WebPage\",\"@id\":\"https:\\\/\\\/folhapopular.info\\\/index.php\\\/2021\\\/02\\\/27\\\/governo-anuncia-alteracoes-em-horarios-de-jogos-de-futebol-no-rs\\\/\",\"url\":\"https:\\\/\\\/folhapopular.info\\\/index.php\\\/2021\\\/02\\\/27\\\/governo-anuncia-alteracoes-em-horarios-de-jogos-de-futebol-no-rs\\\/\",\"name\":\"Governo anuncia altera\u00e7\u00f5es em hor\u00e1rios de jogos de futebol no RS - Folha Popular\",\"isPartOf\":{\"@id\":\"https:\\\/\\\/folhapopular.info\\\/#website\"},\"primaryImageOfPage\":{\"@id\":\"https:\\\/\\\/folhapopular.info\\\/index.php\\\/2021\\\/02\\\/27\\\/governo-anuncia-alteracoes-em-horarios-de-jogos-de-futebol-no-rs\\\/#primaryimage\"},\"image\":{\"@id\":\"https:\\\/\\\/folhapopular.info\\\/index.php\\\/2021\\\/02\\\/27\\\/governo-anuncia-alteracoes-em-horarios-de-jogos-de-futebol-no-rs\\\/#primaryimage\"},\"thumbnailUrl\":\"https:\\\/\\\/folhapopular.info\\\/wp-content\\\/uploads\\\/2021\\\/02\\\/pexels-pixabay-274506-scaled-e1614425171283.jpg\",\"datePublished\":\"2021-02-27T10:47:00+00:00\",\"dateModified\":\"2021-02-27T11:27:08+00:00\",\"author\":{\"@id\":\"https:\\\/\\\/folhapopular.info\\\/#\\\/schema\\\/person\\\/2814e8a0df7643585a9ca38bc6eb9d4b\"},\"breadcrumb\":{\"@id\":\"https:\\\/\\\/folhapopular.info\\\/index.php\\\/2021\\\/02\\\/27\\\/governo-anuncia-alteracoes-em-horarios-de-jogos-de-futebol-no-rs\\\/#breadcrumb\"},\"inLanguage\":\"pt-BR\",\"potentialAction\":[{\"@type\":\"ReadAction\",\"target\":[\"https:\\\/\\\/folhapopular.info\\\/index.php\\\/2021\\\/02\\\/27\\\/governo-anuncia-alteracoes-em-horarios-de-jogos-de-futebol-no-rs\\\/\"]}]},{\"@type\":\"ImageObject\",\"inLanguage\":\"pt-BR\",\"@id\":\"https:\\\/\\\/folhapopular.info\\\/index.php\\\/2021\\\/02\\\/27\\\/governo-anuncia-alteracoes-em-horarios-de-jogos-de-futebol-no-rs\\\/#primaryimage\",\"url\":\"https:\\\/\\\/folhapopular.info\\\/wp-content\\\/uploads\\\/2021\\\/02\\\/pexels-pixabay-274506-scaled-e1614425171283.jpg\",\"contentUrl\":\"https:\\\/\\\/folhapopular.info\\\/wp-content\\\/uploads\\\/2021\\\/02\\\/pexels-pixabay-274506-scaled-e1614425171283.jpg\",\"width\":800,\"height\":533,\"caption\":\"Cr\u00e9dito da foto: Pixabay\"},{\"@type\":\"BreadcrumbList\",\"@id\":\"https:\\\/\\\/folhapopular.info\\\/index.php\\\/2021\\\/02\\\/27\\\/governo-anuncia-alteracoes-em-horarios-de-jogos-de-futebol-no-rs\\\/#breadcrumb\",\"itemListElement\":[{\"@type\":\"ListItem\",\"position\":1,\"name\":\"In\u00edcio\",\"item\":\"https:\\\/\\\/folhapopular.info\\\/\"},{\"@type\":\"ListItem\",\"position\":2,\"name\":\"Governo anuncia altera\u00e7\u00f5es em hor\u00e1rios de jogos de futebol no RS\"}]},{\"@type\":\"WebSite\",\"@id\":\"https:\\\/\\\/folhapopular.info\\\/#website\",\"url\":\"https:\\\/\\\/folhapopular.info\\\/\",\"name\":\"Folha Popular\",\"description\":\"Onde voc\u00ea tem vez e voz\",\"potentialAction\":[{\"@type\":\"SearchAction\",\"target\":{\"@type\":\"EntryPoint\",\"urlTemplate\":\"https:\\\/\\\/folhapopular.info\\\/?s={search_term_string}\"},\"query-input\":{\"@type\":\"PropertyValueSpecification\",\"valueRequired\":true,\"valueName\":\"search_term_string\"}}],\"inLanguage\":\"pt-BR\"},{\"@type\":\"Person\",\"@id\":\"https:\\\/\\\/folhapopular.info\\\/#\\\/schema\\\/person\\\/2814e8a0df7643585a9ca38bc6eb9d4b\",\"name\":\"Reda\u00e7\u00e3o Folha Popular\",\"image\":{\"@type\":\"ImageObject\",\"inLanguage\":\"pt-BR\",\"@id\":\"https:\\\/\\\/folhapopular.info\\\/wp-content\\\/uploads\\\/2026\\\/04\\\/Folha-1.webp\",\"url\":\"https:\\\/\\\/folhapopular.info\\\/wp-content\\\/uploads\\\/2026\\\/04\\\/Folha-1.webp\",\"contentUrl\":\"https:\\\/\\\/folhapopular.info\\\/wp-content\\\/uploads\\\/2026\\\/04\\\/Folha-1.webp\",\"caption\":\"Reda\u00e7\u00e3o Folha Popular\"},\"url\":\"https:\\\/\\\/folhapopular.info\\\/index.php\\\/author\\\/redacao\\\/\"}]}<\/script>\n<!-- \/ Yoast SEO plugin. -->","yoast_head_json":{"title":"Governo anuncia altera\u00e7\u00f5es em hor\u00e1rios de jogos de futebol no RS - Folha Popular","robots":{"index":"index","follow":"follow","max-snippet":"max-snippet:-1","max-image-preview":"max-image-preview:large","max-video-preview":"max-video-preview:-1"},"canonical":"https:\/\/folhapopular.info\/index.php\/2021\/02\/27\/governo-anuncia-alteracoes-em-horarios-de-jogos-de-futebol-no-rs\/","og_locale":"pt_BR","og_type":"article","og_title":"Governo anuncia altera\u00e7\u00f5es em hor\u00e1rios de jogos de futebol no RS - Folha Popular","og_description":"Devido ao agravamento do quadro da pandemia no Rio Grande do Sul, o governo do Estado, a partir de di\u00e1logo com a Confedera\u00e7\u00e3o Brasileira de Futebol (CBF) e Federa\u00e7\u00e3o Ga\u00facha de Futebol (FGF), decidiu que jogos da Copa do Brasil e do Campeonato Ga\u00facho marcados para o per\u00edodo entre os dias 27 de fevereiro e [&hellip;]","og_url":"https:\/\/folhapopular.info\/index.php\/2021\/02\/27\/governo-anuncia-alteracoes-em-horarios-de-jogos-de-futebol-no-rs\/","og_site_name":"Folha Popular","article_published_time":"2021-02-27T10:47:00+00:00","article_modified_time":"2021-02-27T11:27:08+00:00","og_image":[{"width":800,"height":533,"url":"https:\/\/folhapopular.info\/wp-content\/uploads\/2021\/02\/pexels-pixabay-274506-scaled-e1614425171283.jpg","type":"image\/jpeg"}],"author":"Reda\u00e7\u00e3o Folha Popular","twitter_card":"summary_large_image","twitter_misc":{"Escrito por":"Reda\u00e7\u00e3o Folha Popular","Est. tempo de leitura":"2 minutos"},"schema":{"@context":"https:\/\/schema.org","@graph":[{"@type":"Article","@id":"https:\/\/folhapopular.info\/index.php\/2021\/02\/27\/governo-anuncia-alteracoes-em-horarios-de-jogos-de-futebol-no-rs\/#article","isPartOf":{"@id":"https:\/\/folhapopular.info\/index.php\/2021\/02\/27\/governo-anuncia-alteracoes-em-horarios-de-jogos-de-futebol-no-rs\/"},"author":{"name":"Reda\u00e7\u00e3o Folha Popular","@id":"https:\/\/folhapopular.info\/#\/schema\/person\/2814e8a0df7643585a9ca38bc6eb9d4b"},"headline":"Governo anuncia altera\u00e7\u00f5es em hor\u00e1rios de jogos de futebol no RS","datePublished":"2021-02-27T10:47:00+00:00","dateModified":"2021-02-27T11:27:08+00:00","mainEntityOfPage":{"@id":"https:\/\/folhapopular.info\/index.php\/2021\/02\/27\/governo-anuncia-alteracoes-em-horarios-de-jogos-de-futebol-no-rs\/"},"wordCount":318,"commentCount":0,"image":{"@id":"https:\/\/folhapopular.info\/index.php\/2021\/02\/27\/governo-anuncia-alteracoes-em-horarios-de-jogos-de-futebol-no-rs\/#primaryimage"},"thumbnailUrl":"https:\/\/folhapopular.info\/wp-content\/uploads\/2021\/02\/pexels-pixabay-274506-scaled-e1614425171283.jpg","keywords":["Futebol","Hor\u00e1rios","Rio Grande do Sul"],"articleSection":["Destaques","Esportes"],"inLanguage":"pt-BR","potentialAction":[{"@type":"CommentAction","name":"Comment","target":["https:\/\/folhapopular.info\/index.php\/2021\/02\/27\/governo-anuncia-alteracoes-em-horarios-de-jogos-de-futebol-no-rs\/#respond"]}]},{"@type":"WebPage","@id":"https:\/\/folhapopular.info\/index.php\/2021\/02\/27\/governo-anuncia-alteracoes-em-horarios-de-jogos-de-futebol-no-rs\/","url":"https:\/\/folhapopular.info\/index.php\/2021\/02\/27\/governo-anuncia-alteracoes-em-horarios-de-jogos-de-futebol-no-rs\/","name":"Governo anuncia altera\u00e7\u00f5es em hor\u00e1rios de jogos de futebol no RS - Folha Popular","isPartOf":{"@id":"https:\/\/folhapopular.info\/#website"},"primaryImageOfPage":{"@id":"https:\/\/folhapopular.info\/index.php\/2021\/02\/27\/governo-anuncia-alteracoes-em-horarios-de-jogos-de-futebol-no-rs\/#primaryimage"},"image":{"@id":"https:\/\/folhapopular.info\/index.php\/2021\/02\/27\/governo-anuncia-alteracoes-em-horarios-de-jogos-de-futebol-no-rs\/#primaryimage"},"thumbnailUrl":"https:\/\/folhapopular.info\/wp-content\/uploads\/2021\/02\/pexels-pixabay-274506-scaled-e1614425171283.jpg","datePublished":"2021-02-27T10:47:00+00:00","dateModified":"2021-02-27T11:27:08+00:00","author":{"@id":"https:\/\/folhapopular.info\/#\/schema\/person\/2814e8a0df7643585a9ca38bc6eb9d4b"},"breadcrumb":{"@id":"https:\/\/folhapopular.info\/index.php\/2021\/02\/27\/governo-anuncia-alteracoes-em-horarios-de-jogos-de-futebol-no-rs\/#breadcrumb"},"inLanguage":"pt-BR","potentialAction":[{"@type":"ReadAction","target":["https:\/\/folhapopular.info\/index.php\/2021\/02\/27\/governo-anuncia-alteracoes-em-horarios-de-jogos-de-futebol-no-rs\/"]}]},{"@type":"ImageObject","inLanguage":"pt-BR","@id":"https:\/\/folhapopular.info\/index.php\/2021\/02\/27\/governo-anuncia-alteracoes-em-horarios-de-jogos-de-futebol-no-rs\/#primaryimage","url":"https:\/\/folhapopular.info\/wp-content\/uploads\/2021\/02\/pexels-pixabay-274506-scaled-e1614425171283.jpg","contentUrl":"https:\/\/folhapopular.info\/wp-content\/uploads\/2021\/02\/pexels-pixabay-274506-scaled-e1614425171283.jpg","width":800,"height":533,"caption":"Cr\u00e9dito da foto: Pixabay"},{"@type":"BreadcrumbList","@id":"https:\/\/folhapopular.info\/index.php\/2021\/02\/27\/governo-anuncia-alteracoes-em-horarios-de-jogos-de-futebol-no-rs\/#breadcrumb","itemListElement":[{"@type":"ListItem","position":1,"name":"In\u00edcio","item":"https:\/\/folhapopular.info\/"},{"@type":"ListItem","position":2,"name":"Governo anuncia altera\u00e7\u00f5es em hor\u00e1rios de jogos de futebol no RS"}]},{"@type":"WebSite","@id":"https:\/\/folhapopular.info\/#website","url":"https:\/\/folhapopular.info\/","name":"Folha Popular","description":"Onde voc\u00ea tem vez e voz","potentialAction":[{"@type":"SearchAction","target":{"@type":"EntryPoint","urlTemplate":"https:\/\/folhapopular.info\/?s={search_term_string}"},"query-input":{"@type":"PropertyValueSpecification","valueRequired":true,"valueName":"search_term_string"}}],"inLanguage":"pt-BR"},{"@type":"Person","@id":"https:\/\/folhapopular.info\/#\/schema\/person\/2814e8a0df7643585a9ca38bc6eb9d4b","name":"Reda\u00e7\u00e3o Folha Popular","image":{"@type":"ImageObject","inLanguage":"pt-BR","@id":"https:\/\/folhapopular.info\/wp-content\/uploads\/2026\/04\/Folha-1.webp","url":"https:\/\/folhapopular.info\/wp-content\/uploads\/2026\/04\/Folha-1.webp","contentUrl":"https:\/\/folhapopular.info\/wp-content\/uploads\/2026\/04\/Folha-1.webp","caption":"Reda\u00e7\u00e3o Folha Popular"},"url":"https:\/\/folhapopular.info\/index.php\/author\/redacao\/"}]}},"jetpack_featured_media_url":"https:\/\/folhapopular.info\/wp-content\/uploads\/2021\/02\/pexels-pixabay-274506-scaled-e1614425171283.jpg","jetpack_sharing_enabled":true,"amp_enabled":true,"_links":{"self":[{"href":"https:\/\/folhapopular.info\/index.php\/wp-json\/wp\/v2\/posts\/79831","targetHints":{"allow":["GET"]}}],"collection":[{"href":"https:\/\/folhapopular.info\/index.php\/wp-json\/wp\/v2\/posts"}],"about":[{"href":"https:\/\/folhapopular.info\/index.php\/wp-json\/wp\/v2\/types\/post"}],"author":[{"embeddable":true,"href":"https:\/\/folhapopular.info\/index.php\/wp-json\/wp\/v2\/users\/8"}],"replies":[{"embeddable":true,"href":"https:\/\/folhapopular.info\/index.php\/wp-json\/wp\/v2\/comments?post=79831"}],"version-history":[{"count":0,"href":"https:\/\/folhapopular.info\/index.php\/wp-json\/wp\/v2\/posts\/79831\/revisions"}],"wp:featuredmedia":[{"embeddable":true,"href":"https:\/\/folhapopular.info\/index.php\/wp-json\/wp\/v2\/media\/79834"}],"wp:attachment":[{"href":"https:\/\/folhapopular.info\/index.php\/wp-json\/wp\/v2\/media?parent=79831"}],"wp:term":[{"taxonomy":"category","embeddable":true,"href":"https:\/\/folhapopular.info\/index.php\/wp-json\/wp\/v2\/categories?post=79831"},{"taxonomy":"post_tag","embeddable":true,"href":"https:\/\/folhapopular.info\/index.php\/wp-json\/wp\/v2\/tags?post=79831"}],"curies":[{"name":"wp","href":"https:\/\/api.w.org\/{rel}","templated":true}]}}