{"id":79840,"date":"2021-02-27T10:01:35","date_gmt":"2021-02-27T13:01:35","guid":{"rendered":"https:\/\/folhapopular.info\/?p=79840"},"modified":"2021-02-27T10:11:58","modified_gmt":"2021-02-27T13:11:58","slug":"municipios-iniciam-vacinacao-de-idosos-de-81-a-84-anos","status":"publish","type":"post","link":"https:\/\/folhapopular.info\/index.php\/2021\/02\/27\/municipios-iniciam-vacinacao-de-idosos-de-81-a-84-anos\/","title":{"rendered":"Munic\u00edpios iniciam vacina\u00e7\u00e3o de idosos de 81 a 84 anos"},"content":{"rendered":"\n<p><strong>Teut\u00f4nia<\/strong><br>A Secretaria Municipal de Sa\u00fade informa que o munic\u00edpio recebeu 320 doses da vacina contra a Covid-19, e iniciar\u00e1 a vacina\u00e7\u00e3o nos idosos com faixa et\u00e1ria de 81 a 84 anos. Os idosos ou familiares podem entrar em contato com a Unidade B\u00e1sica de Sa\u00fade de refer\u00eancia do seu bairro, a partir de segunda-feira, dia 1\u00ba de mar\u00e7o, e agendar a vacina\u00e7\u00e3o com os profissionais da sa\u00fade.<br>Para os casos em que os idosos s\u00e3o acamados, os familiares podem informar a situa\u00e7\u00e3o \u00e0 unidade de sa\u00fade mais pr\u00f3xima, para que a vacina possa ser administrada em domic\u00edlio. Para receber a vacina, \u00e9 necess\u00e1rio apresentar a seguinte documenta\u00e7\u00e3o: CPF, Cart\u00e3o SUS e carteira de vacina\u00e7\u00e3o. Pacientes com diagn\u00f3stico oncol\u00f3gico, transplantados ou imunodeprimidos poder\u00e3o fazer a vacina somente com prescri\u00e7\u00e3o m\u00e9dica (com receita).<\/p>\n\n\n\n<p><strong>Lajeado<\/strong> <br>A divis\u00e3o das idades por dia ser\u00e1 uma forma de organizar a vacina\u00e7\u00e3o e aprimorar o atendimento, evitando aglomera\u00e7\u00f5es. Na segunda e na ter\u00e7a-feira, idosos com 83 ou 84 anos completados em 2021 poder\u00e3o ir at\u00e9 os locais para serem vacinados. J\u00e1 na quarta e quinta-feira, ser\u00e1 a vez dos idosos com 81 e 82 anos completados em 2021 buscarem a imuniza\u00e7\u00e3o. A vacina\u00e7\u00e3o dessa nova faixa et\u00e1ria ser\u00e1 dividida por idades e ocorrer\u00e1 no Posto de Sa\u00fade do bairro Montanha e na Junta Militar do Munic\u00edpio. <br>Essa nova etapa ser\u00e1 poss\u00edvel porque Lajeado recebeu 1.390 novas doses de vacina, provenientes do Governo do Estado. Desse montante, 870 doses ser\u00e3o disponibilizadas para a aplica\u00e7\u00e3o da primeira dose neste grupo de idosos. As 520 doses restantes ser\u00e3o direcionadas para aplica\u00e7\u00e3o da segunda dose em quem j\u00e1 tomou a primeira dose.<\/p>\n\n\n\n<p><strong>Estrela<\/strong><br>Nesta semana, a Secretaria Municipal de Sa\u00fade vacinou pouco mais de 30 idosos acima dos 83 anos. A programa\u00e7\u00e3o se repetir\u00e1 neste s\u00e1bado (27), entre as 8h e 13h, mas desta vez tendo como p\u00fablico-alvo pessoas acima dos 80 anos, quando se calcula um p\u00fablico bem superior, pois trata-se de um grupo priorit\u00e1rio ainda in\u00e9dito.<br>A Rua General Os\u00f3rio estar\u00e1 mais uma vez em m\u00e3o \u00fanica, com a entrada ocorrendo pela Rua Senador Lauro Muller. N\u00e3o \u00e9 preciso descer do carro. Solicita-se o cart\u00e3o SUS ou documento com foto dos postulantes \u00e0 vacina. A \u00fanica mudan\u00e7a \u00e9 que desta vez n\u00e3o ser\u00e1 realizada a vacina\u00e7\u00e3o dentro da unidade de sa\u00fade, com o objetivo de se evitar a circula\u00e7\u00e3o de pessoas. Quem tiver alguma situa\u00e7\u00e3o especial pode fazer contato pelos telefones 3981-1098 (Centro de Triagem Covid) e 3981-1136 (Vigil\u00e2ncia em Sa\u00fade).<\/p>\n\n\n\n<p><strong>Marques de Souza<\/strong><br>A Secretaria Municipal da Sa\u00fade ir\u00e1 vacinar na pr\u00f3xima semana idosos entre 81 e 84 anos de idade. Na \u00faltima sexta-feira, dia 26, o munic\u00edpio recebeu 80 doses da vacina.<br>At\u00e9 o momento, a Secretaria vacinou os profissionais da sa\u00fade que trabalham na linha de frente, idosos com mais de 85 anos e acamados acima dos 60 anos, bem como seus cuidadores. A Secretaria informa que esta nova etapa de vacina\u00e7\u00e3o tamb\u00e9m ser\u00e1 \u00e0 domic\u00edlio, n\u00e3o sendo necess\u00e1rio ir at\u00e9 o posto de sa\u00fade. Em caso de d\u00favidas, os mun\u00edcipes podem entrar em contato com a Secretaria da Sa\u00fade atrav\u00e9s do telefone (51) 3705 1051.<\/p>\n\n\n\n<p><\/p>\n","protected":false},"excerpt":{"rendered":"<p>Teut\u00f4niaA Secretaria Municipal de Sa\u00fade informa que o munic\u00edpio recebeu 320 doses da vacina contra a Covid-19, e iniciar\u00e1 a vacina\u00e7\u00e3o nos idosos com faixa et\u00e1ria de 81 a 84 anos. Os idosos ou familiares podem entrar em contato com a Unidade B\u00e1sica de Sa\u00fade de refer\u00eancia do seu bairro, a partir de segunda-feira, dia [&hellip;]<\/p>\n","protected":false},"author":8,"featured_media":79841,"comment_status":"open","ping_status":"open","sticky":false,"template":"","format":"standard","meta":{"pmpro_default_level":"","_jetpack_memberships_contains_paid_content":false,"footnotes":""},"categories":[2,3],"tags":[599,5373,87],"class_list":{"0":"post-79840","1":"post","2":"type-post","3":"status-publish","4":"format-standard","5":"has-post-thumbnail","7":"category-featured","8":"category-geral","9":"tag-idosos","10":"tag-municipios","11":"tag-vacinacao","12":"pmpro-has-access"},"yoast_head":"<!-- This site is optimized with the Yoast SEO plugin v27.5 - https:\/\/yoast.com\/product\/yoast-seo-wordpress\/ -->\n<title>Munic\u00edpios iniciam vacina\u00e7\u00e3o de idosos de 81 a 84 anos - Folha Popular<\/title>\n<meta name=\"robots\" content=\"index, follow, max-snippet:-1, max-image-preview:large, max-video-preview:-1\" \/>\n<link rel=\"canonical\" href=\"https:\/\/folhapopular.info\/index.php\/2021\/02\/27\/municipios-iniciam-vacinacao-de-idosos-de-81-a-84-anos\/\" \/>\n<meta property=\"og:locale\" content=\"pt_BR\" \/>\n<meta property=\"og:type\" content=\"article\" \/>\n<meta property=\"og:title\" content=\"Munic\u00edpios iniciam vacina\u00e7\u00e3o de idosos de 81 a 84 anos - Folha Popular\" \/>\n<meta property=\"og:description\" content=\"Teut\u00f4niaA Secretaria Municipal de Sa\u00fade informa que o munic\u00edpio recebeu 320 doses da vacina contra a Covid-19, e iniciar\u00e1 a vacina\u00e7\u00e3o nos idosos com faixa et\u00e1ria de 81 a 84 anos. Os idosos ou familiares podem entrar em contato com a Unidade B\u00e1sica de Sa\u00fade de refer\u00eancia do seu bairro, a partir de segunda-feira, dia [&hellip;]\" \/>\n<meta property=\"og:url\" content=\"https:\/\/folhapopular.info\/index.php\/2021\/02\/27\/municipios-iniciam-vacinacao-de-idosos-de-81-a-84-anos\/\" \/>\n<meta property=\"og:site_name\" content=\"Folha Popular\" \/>\n<meta property=\"article:published_time\" content=\"2021-02-27T13:01:35+00:00\" \/>\n<meta property=\"article:modified_time\" content=\"2021-02-27T13:11:58+00:00\" \/>\n<meta property=\"og:image\" content=\"https:\/\/folhapopular.info\/wp-content\/uploads\/2021\/02\/Proximo-grupo-prioritario-a-ser-vacinado-serao-os-idosos-de-81-a-84-anos-e1614430683887.jpg\" \/>\n\t<meta property=\"og:image:width\" content=\"800\" \/>\n\t<meta property=\"og:image:height\" content=\"533\" \/>\n\t<meta property=\"og:image:type\" content=\"image\/jpeg\" \/>\n<meta name=\"author\" content=\"Reda\u00e7\u00e3o Folha Popular\" \/>\n<meta name=\"twitter:card\" content=\"summary_large_image\" \/>\n<meta name=\"twitter:label1\" content=\"Escrito por\" \/>\n\t<meta name=\"twitter:data1\" content=\"Reda\u00e7\u00e3o Folha Popular\" \/>\n\t<meta name=\"twitter:label2\" content=\"Est. tempo de leitura\" \/>\n\t<meta name=\"twitter:data2\" content=\"3 minutos\" \/>\n<script type=\"application\/ld+json\" class=\"yoast-schema-graph\">{\"@context\":\"https:\\\/\\\/schema.org\",\"@graph\":[{\"@type\":\"Article\",\"@id\":\"https:\\\/\\\/folhapopular.info\\\/index.php\\\/2021\\\/02\\\/27\\\/municipios-iniciam-vacinacao-de-idosos-de-81-a-84-anos\\\/#article\",\"isPartOf\":{\"@id\":\"https:\\\/\\\/folhapopular.info\\\/index.php\\\/2021\\\/02\\\/27\\\/municipios-iniciam-vacinacao-de-idosos-de-81-a-84-anos\\\/\"},\"author\":{\"name\":\"Reda\u00e7\u00e3o Folha Popular\",\"@id\":\"https:\\\/\\\/folhapopular.info\\\/#\\\/schema\\\/person\\\/2814e8a0df7643585a9ca38bc6eb9d4b\"},\"headline\":\"Munic\u00edpios iniciam vacina\u00e7\u00e3o de idosos de 81 a 84 anos\",\"datePublished\":\"2021-02-27T13:01:35+00:00\",\"dateModified\":\"2021-02-27T13:11:58+00:00\",\"mainEntityOfPage\":{\"@id\":\"https:\\\/\\\/folhapopular.info\\\/index.php\\\/2021\\\/02\\\/27\\\/municipios-iniciam-vacinacao-de-idosos-de-81-a-84-anos\\\/\"},\"wordCount\":572,\"commentCount\":0,\"image\":{\"@id\":\"https:\\\/\\\/folhapopular.info\\\/index.php\\\/2021\\\/02\\\/27\\\/municipios-iniciam-vacinacao-de-idosos-de-81-a-84-anos\\\/#primaryimage\"},\"thumbnailUrl\":\"https:\\\/\\\/folhapopular.info\\\/wp-content\\\/uploads\\\/2021\\\/02\\\/Proximo-grupo-prioritario-a-ser-vacinado-serao-os-idosos-de-81-a-84-anos-e1614430683887.jpg\",\"keywords\":[\"Idosos\",\"munic\u00edpios\",\"Vacina\u00e7\u00e3o\"],\"articleSection\":[\"Destaques\",\"Geral\"],\"inLanguage\":\"pt-BR\",\"potentialAction\":[{\"@type\":\"CommentAction\",\"name\":\"Comment\",\"target\":[\"https:\\\/\\\/folhapopular.info\\\/index.php\\\/2021\\\/02\\\/27\\\/municipios-iniciam-vacinacao-de-idosos-de-81-a-84-anos\\\/#respond\"]}]},{\"@type\":\"WebPage\",\"@id\":\"https:\\\/\\\/folhapopular.info\\\/index.php\\\/2021\\\/02\\\/27\\\/municipios-iniciam-vacinacao-de-idosos-de-81-a-84-anos\\\/\",\"url\":\"https:\\\/\\\/folhapopular.info\\\/index.php\\\/2021\\\/02\\\/27\\\/municipios-iniciam-vacinacao-de-idosos-de-81-a-84-anos\\\/\",\"name\":\"Munic\u00edpios iniciam vacina\u00e7\u00e3o de idosos de 81 a 84 anos - Folha Popular\",\"isPartOf\":{\"@id\":\"https:\\\/\\\/folhapopular.info\\\/#website\"},\"primaryImageOfPage\":{\"@id\":\"https:\\\/\\\/folhapopular.info\\\/index.php\\\/2021\\\/02\\\/27\\\/municipios-iniciam-vacinacao-de-idosos-de-81-a-84-anos\\\/#primaryimage\"},\"image\":{\"@id\":\"https:\\\/\\\/folhapopular.info\\\/index.php\\\/2021\\\/02\\\/27\\\/municipios-iniciam-vacinacao-de-idosos-de-81-a-84-anos\\\/#primaryimage\"},\"thumbnailUrl\":\"https:\\\/\\\/folhapopular.info\\\/wp-content\\\/uploads\\\/2021\\\/02\\\/Proximo-grupo-prioritario-a-ser-vacinado-serao-os-idosos-de-81-a-84-anos-e1614430683887.jpg\",\"datePublished\":\"2021-02-27T13:01:35+00:00\",\"dateModified\":\"2021-02-27T13:11:58+00:00\",\"author\":{\"@id\":\"https:\\\/\\\/folhapopular.info\\\/#\\\/schema\\\/person\\\/2814e8a0df7643585a9ca38bc6eb9d4b\"},\"breadcrumb\":{\"@id\":\"https:\\\/\\\/folhapopular.info\\\/index.php\\\/2021\\\/02\\\/27\\\/municipios-iniciam-vacinacao-de-idosos-de-81-a-84-anos\\\/#breadcrumb\"},\"inLanguage\":\"pt-BR\",\"potentialAction\":[{\"@type\":\"ReadAction\",\"target\":[\"https:\\\/\\\/folhapopular.info\\\/index.php\\\/2021\\\/02\\\/27\\\/municipios-iniciam-vacinacao-de-idosos-de-81-a-84-anos\\\/\"]}]},{\"@type\":\"ImageObject\",\"inLanguage\":\"pt-BR\",\"@id\":\"https:\\\/\\\/folhapopular.info\\\/index.php\\\/2021\\\/02\\\/27\\\/municipios-iniciam-vacinacao-de-idosos-de-81-a-84-anos\\\/#primaryimage\",\"url\":\"https:\\\/\\\/folhapopular.info\\\/wp-content\\\/uploads\\\/2021\\\/02\\\/Proximo-grupo-prioritario-a-ser-vacinado-serao-os-idosos-de-81-a-84-anos-e1614430683887.jpg\",\"contentUrl\":\"https:\\\/\\\/folhapopular.info\\\/wp-content\\\/uploads\\\/2021\\\/02\\\/Proximo-grupo-prioritario-a-ser-vacinado-serao-os-idosos-de-81-a-84-anos-e1614430683887.jpg\",\"width\":800,\"height\":533,\"caption\":\"Cr\u00e9ditos da foto: AI \\\/ Divulga\u00e7\u00e3o\"},{\"@type\":\"BreadcrumbList\",\"@id\":\"https:\\\/\\\/folhapopular.info\\\/index.php\\\/2021\\\/02\\\/27\\\/municipios-iniciam-vacinacao-de-idosos-de-81-a-84-anos\\\/#breadcrumb\",\"itemListElement\":[{\"@type\":\"ListItem\",\"position\":1,\"name\":\"In\u00edcio\",\"item\":\"https:\\\/\\\/folhapopular.info\\\/\"},{\"@type\":\"ListItem\",\"position\":2,\"name\":\"Munic\u00edpios iniciam vacina\u00e7\u00e3o de idosos de 81 a 84 anos\"}]},{\"@type\":\"WebSite\",\"@id\":\"https:\\\/\\\/folhapopular.info\\\/#website\",\"url\":\"https:\\\/\\\/folhapopular.info\\\/\",\"name\":\"Folha Popular\",\"description\":\"Onde voc\u00ea tem vez e voz\",\"potentialAction\":[{\"@type\":\"SearchAction\",\"target\":{\"@type\":\"EntryPoint\",\"urlTemplate\":\"https:\\\/\\\/folhapopular.info\\\/?s={search_term_string}\"},\"query-input\":{\"@type\":\"PropertyValueSpecification\",\"valueRequired\":true,\"valueName\":\"search_term_string\"}}],\"inLanguage\":\"pt-BR\"},{\"@type\":\"Person\",\"@id\":\"https:\\\/\\\/folhapopular.info\\\/#\\\/schema\\\/person\\\/2814e8a0df7643585a9ca38bc6eb9d4b\",\"name\":\"Reda\u00e7\u00e3o Folha Popular\",\"image\":{\"@type\":\"ImageObject\",\"inLanguage\":\"pt-BR\",\"@id\":\"https:\\\/\\\/folhapopular.info\\\/wp-content\\\/uploads\\\/2026\\\/04\\\/Folha-1.webp\",\"url\":\"https:\\\/\\\/folhapopular.info\\\/wp-content\\\/uploads\\\/2026\\\/04\\\/Folha-1.webp\",\"contentUrl\":\"https:\\\/\\\/folhapopular.info\\\/wp-content\\\/uploads\\\/2026\\\/04\\\/Folha-1.webp\",\"caption\":\"Reda\u00e7\u00e3o Folha Popular\"},\"url\":\"https:\\\/\\\/folhapopular.info\\\/index.php\\\/author\\\/redacao\\\/\"}]}<\/script>\n<!-- \/ Yoast SEO plugin. -->","yoast_head_json":{"title":"Munic\u00edpios iniciam vacina\u00e7\u00e3o de idosos de 81 a 84 anos - Folha Popular","robots":{"index":"index","follow":"follow","max-snippet":"max-snippet:-1","max-image-preview":"max-image-preview:large","max-video-preview":"max-video-preview:-1"},"canonical":"https:\/\/folhapopular.info\/index.php\/2021\/02\/27\/municipios-iniciam-vacinacao-de-idosos-de-81-a-84-anos\/","og_locale":"pt_BR","og_type":"article","og_title":"Munic\u00edpios iniciam vacina\u00e7\u00e3o de idosos de 81 a 84 anos - Folha Popular","og_description":"Teut\u00f4niaA Secretaria Municipal de Sa\u00fade informa que o munic\u00edpio recebeu 320 doses da vacina contra a Covid-19, e iniciar\u00e1 a vacina\u00e7\u00e3o nos idosos com faixa et\u00e1ria de 81 a 84 anos. Os idosos ou familiares podem entrar em contato com a Unidade B\u00e1sica de Sa\u00fade de refer\u00eancia do seu bairro, a partir de segunda-feira, dia [&hellip;]","og_url":"https:\/\/folhapopular.info\/index.php\/2021\/02\/27\/municipios-iniciam-vacinacao-de-idosos-de-81-a-84-anos\/","og_site_name":"Folha Popular","article_published_time":"2021-02-27T13:01:35+00:00","article_modified_time":"2021-02-27T13:11:58+00:00","og_image":[{"width":800,"height":533,"url":"https:\/\/folhapopular.info\/wp-content\/uploads\/2021\/02\/Proximo-grupo-prioritario-a-ser-vacinado-serao-os-idosos-de-81-a-84-anos-e1614430683887.jpg","type":"image\/jpeg"}],"author":"Reda\u00e7\u00e3o Folha Popular","twitter_card":"summary_large_image","twitter_misc":{"Escrito por":"Reda\u00e7\u00e3o Folha Popular","Est. tempo de leitura":"3 minutos"},"schema":{"@context":"https:\/\/schema.org","@graph":[{"@type":"Article","@id":"https:\/\/folhapopular.info\/index.php\/2021\/02\/27\/municipios-iniciam-vacinacao-de-idosos-de-81-a-84-anos\/#article","isPartOf":{"@id":"https:\/\/folhapopular.info\/index.php\/2021\/02\/27\/municipios-iniciam-vacinacao-de-idosos-de-81-a-84-anos\/"},"author":{"name":"Reda\u00e7\u00e3o Folha Popular","@id":"https:\/\/folhapopular.info\/#\/schema\/person\/2814e8a0df7643585a9ca38bc6eb9d4b"},"headline":"Munic\u00edpios iniciam vacina\u00e7\u00e3o de idosos de 81 a 84 anos","datePublished":"2021-02-27T13:01:35+00:00","dateModified":"2021-02-27T13:11:58+00:00","mainEntityOfPage":{"@id":"https:\/\/folhapopular.info\/index.php\/2021\/02\/27\/municipios-iniciam-vacinacao-de-idosos-de-81-a-84-anos\/"},"wordCount":572,"commentCount":0,"image":{"@id":"https:\/\/folhapopular.info\/index.php\/2021\/02\/27\/municipios-iniciam-vacinacao-de-idosos-de-81-a-84-anos\/#primaryimage"},"thumbnailUrl":"https:\/\/folhapopular.info\/wp-content\/uploads\/2021\/02\/Proximo-grupo-prioritario-a-ser-vacinado-serao-os-idosos-de-81-a-84-anos-e1614430683887.jpg","keywords":["Idosos","munic\u00edpios","Vacina\u00e7\u00e3o"],"articleSection":["Destaques","Geral"],"inLanguage":"pt-BR","potentialAction":[{"@type":"CommentAction","name":"Comment","target":["https:\/\/folhapopular.info\/index.php\/2021\/02\/27\/municipios-iniciam-vacinacao-de-idosos-de-81-a-84-anos\/#respond"]}]},{"@type":"WebPage","@id":"https:\/\/folhapopular.info\/index.php\/2021\/02\/27\/municipios-iniciam-vacinacao-de-idosos-de-81-a-84-anos\/","url":"https:\/\/folhapopular.info\/index.php\/2021\/02\/27\/municipios-iniciam-vacinacao-de-idosos-de-81-a-84-anos\/","name":"Munic\u00edpios iniciam vacina\u00e7\u00e3o de idosos de 81 a 84 anos - Folha Popular","isPartOf":{"@id":"https:\/\/folhapopular.info\/#website"},"primaryImageOfPage":{"@id":"https:\/\/folhapopular.info\/index.php\/2021\/02\/27\/municipios-iniciam-vacinacao-de-idosos-de-81-a-84-anos\/#primaryimage"},"image":{"@id":"https:\/\/folhapopular.info\/index.php\/2021\/02\/27\/municipios-iniciam-vacinacao-de-idosos-de-81-a-84-anos\/#primaryimage"},"thumbnailUrl":"https:\/\/folhapopular.info\/wp-content\/uploads\/2021\/02\/Proximo-grupo-prioritario-a-ser-vacinado-serao-os-idosos-de-81-a-84-anos-e1614430683887.jpg","datePublished":"2021-02-27T13:01:35+00:00","dateModified":"2021-02-27T13:11:58+00:00","author":{"@id":"https:\/\/folhapopular.info\/#\/schema\/person\/2814e8a0df7643585a9ca38bc6eb9d4b"},"breadcrumb":{"@id":"https:\/\/folhapopular.info\/index.php\/2021\/02\/27\/municipios-iniciam-vacinacao-de-idosos-de-81-a-84-anos\/#breadcrumb"},"inLanguage":"pt-BR","potentialAction":[{"@type":"ReadAction","target":["https:\/\/folhapopular.info\/index.php\/2021\/02\/27\/municipios-iniciam-vacinacao-de-idosos-de-81-a-84-anos\/"]}]},{"@type":"ImageObject","inLanguage":"pt-BR","@id":"https:\/\/folhapopular.info\/index.php\/2021\/02\/27\/municipios-iniciam-vacinacao-de-idosos-de-81-a-84-anos\/#primaryimage","url":"https:\/\/folhapopular.info\/wp-content\/uploads\/2021\/02\/Proximo-grupo-prioritario-a-ser-vacinado-serao-os-idosos-de-81-a-84-anos-e1614430683887.jpg","contentUrl":"https:\/\/folhapopular.info\/wp-content\/uploads\/2021\/02\/Proximo-grupo-prioritario-a-ser-vacinado-serao-os-idosos-de-81-a-84-anos-e1614430683887.jpg","width":800,"height":533,"caption":"Cr\u00e9ditos da foto: AI \/ Divulga\u00e7\u00e3o"},{"@type":"BreadcrumbList","@id":"https:\/\/folhapopular.info\/index.php\/2021\/02\/27\/municipios-iniciam-vacinacao-de-idosos-de-81-a-84-anos\/#breadcrumb","itemListElement":[{"@type":"ListItem","position":1,"name":"In\u00edcio","item":"https:\/\/folhapopular.info\/"},{"@type":"ListItem","position":2,"name":"Munic\u00edpios iniciam vacina\u00e7\u00e3o de idosos de 81 a 84 anos"}]},{"@type":"WebSite","@id":"https:\/\/folhapopular.info\/#website","url":"https:\/\/folhapopular.info\/","name":"Folha Popular","description":"Onde voc\u00ea tem vez e voz","potentialAction":[{"@type":"SearchAction","target":{"@type":"EntryPoint","urlTemplate":"https:\/\/folhapopular.info\/?s={search_term_string}"},"query-input":{"@type":"PropertyValueSpecification","valueRequired":true,"valueName":"search_term_string"}}],"inLanguage":"pt-BR"},{"@type":"Person","@id":"https:\/\/folhapopular.info\/#\/schema\/person\/2814e8a0df7643585a9ca38bc6eb9d4b","name":"Reda\u00e7\u00e3o Folha Popular","image":{"@type":"ImageObject","inLanguage":"pt-BR","@id":"https:\/\/folhapopular.info\/wp-content\/uploads\/2026\/04\/Folha-1.webp","url":"https:\/\/folhapopular.info\/wp-content\/uploads\/2026\/04\/Folha-1.webp","contentUrl":"https:\/\/folhapopular.info\/wp-content\/uploads\/2026\/04\/Folha-1.webp","caption":"Reda\u00e7\u00e3o Folha Popular"},"url":"https:\/\/folhapopular.info\/index.php\/author\/redacao\/"}]}},"jetpack_featured_media_url":"https:\/\/folhapopular.info\/wp-content\/uploads\/2021\/02\/Proximo-grupo-prioritario-a-ser-vacinado-serao-os-idosos-de-81-a-84-anos-e1614430683887.jpg","jetpack_sharing_enabled":true,"amp_enabled":true,"_links":{"self":[{"href":"https:\/\/folhapopular.info\/index.php\/wp-json\/wp\/v2\/posts\/79840","targetHints":{"allow":["GET"]}}],"collection":[{"href":"https:\/\/folhapopular.info\/index.php\/wp-json\/wp\/v2\/posts"}],"about":[{"href":"https:\/\/folhapopular.info\/index.php\/wp-json\/wp\/v2\/types\/post"}],"author":[{"embeddable":true,"href":"https:\/\/folhapopular.info\/index.php\/wp-json\/wp\/v2\/users\/8"}],"replies":[{"embeddable":true,"href":"https:\/\/folhapopular.info\/index.php\/wp-json\/wp\/v2\/comments?post=79840"}],"version-history":[{"count":0,"href":"https:\/\/folhapopular.info\/index.php\/wp-json\/wp\/v2\/posts\/79840\/revisions"}],"wp:featuredmedia":[{"embeddable":true,"href":"https:\/\/folhapopular.info\/index.php\/wp-json\/wp\/v2\/media\/79841"}],"wp:attachment":[{"href":"https:\/\/folhapopular.info\/index.php\/wp-json\/wp\/v2\/media?parent=79840"}],"wp:term":[{"taxonomy":"category","embeddable":true,"href":"https:\/\/folhapopular.info\/index.php\/wp-json\/wp\/v2\/categories?post=79840"},{"taxonomy":"post_tag","embeddable":true,"href":"https:\/\/folhapopular.info\/index.php\/wp-json\/wp\/v2\/tags?post=79840"}],"curies":[{"name":"wp","href":"https:\/\/api.w.org\/{rel}","templated":true}]}}