{"id":79918,"date":"2021-03-01T09:00:00","date_gmt":"2021-03-01T12:00:00","guid":{"rendered":"https:\/\/folhapopular.info\/?p=79918"},"modified":"2021-02-28T16:28:12","modified_gmt":"2021-02-28T19:28:12","slug":"oscar-trapp-conta-historias-de-campeao-nesta-segunda-feira","status":"publish","type":"post","link":"https:\/\/folhapopular.info\/index.php\/2021\/03\/01\/oscar-trapp-conta-historias-de-campeao-nesta-segunda-feira\/","title":{"rendered":"Oscar Trapp conta Hist\u00f3rias de Campe\u00e3o nesta segunda-feira"},"content":{"rendered":"\n<p>O meio-campista Oscar Trapp, de Imigrante, \u00e9 o convidado do programa Bola na Trave, da <strong><a href=\"https:\/\/popular.fm.br\/\">R\u00e1dio Popular FM<\/a><\/strong>, nesta segunda-feira (1\u00ba\/3). A partir das 13h, contar\u00e1 suas Hist\u00f3rias de Campe\u00e3o.<\/p>\n\n\n\n<p>O quadro foi sucesso durante quatro meses &#8211; junho a setembro &#8211; de 2020, com mais de 70 desportistas da regi\u00e3o relembrando bons momentos no futebol e no futsal.<\/p>\n\n\n\n<div class=\"wp-block-image\"><figure class=\"alignleft size-large is-resized\"><img decoding=\"async\" src=\"https:\/\/folhapopular.info\/wp-content\/uploads\/2021\/02\/Nene-do-Ouro-Verde-o-craque-Lojas-Casarao-Verde-722x1024.jpg\" alt=\"\" class=\"wp-image-79621\" width=\"-477\" height=\"-676\"\/><figcaption>Nene, do Ouro Verde, foi o craque do jogo da decis\u00e3o de 2014 \/ Cr\u00e9dito: Arquivo FP<\/figcaption><\/figure><\/div>\n\n\n\n<p>Em 2021, o Hist\u00f3rias de Campe\u00e3o retornou na <strong><a href=\"https:\/\/popular.fm.br\/index.php\/2021\/02\/25\/ouca-bola-na-trave-25-02-2021\/\">quinta-feira (25\/2), com o lateral esquerdo Anderson Diedrich &#8220;Nene&#8221;<\/a><\/strong>. Relembrou a conquista com o Ouro Verde, do Bairro Alesgut, em 2014. Fez gol na final e acabou eleito o craque do jogo.<\/p>\n\n\n\n<p>Na <strong><a href=\"https:\/\/popular.fm.br\/index.php\/2021\/02\/26\/ouca-bola-na-trave-26-02-2021\/\">sexta-feira (26\/2) foi a vez de Lisandro Louren\u00e7o &#8220;Marrom&#8221;<\/a><\/strong>. Deu \u00eanfase ao t\u00edtulo do Regional Certel Aslivata de 2009, com o Ga\u00facho de Teut\u00f4nia. Tamb\u00e9m relembrou as conquistas dos regionais de 2011, com o Rui Barbosa de Arroio do Meio, e de 2018, com o 7 de Setembro de Capit\u00e3o.<\/p>\n\n\n\n<figure class=\"wp-block-image size-large\"><img loading=\"lazy\" decoding=\"async\" width=\"1024\" height=\"681\" src=\"https:\/\/folhapopular.info\/wp-content\/uploads\/2021\/03\/Lisandro-Lourenco-Marrom_Arquivo-FP-1-1024x681.jpg\" alt=\"\" class=\"wp-image-79922\"\/><figcaption>Lisandro Louren\u00e7o &#8220;Marrom&#8221; participou da conquista do 7 de Setembro de Capit\u00e3o \/ Cr\u00e9dito: Cr\u00e9dito: Arquivo FP<\/figcaption><\/figure>\n","protected":false},"excerpt":{"rendered":"<p>O meio-campista Oscar Trapp, de Imigrante, \u00e9 o convidado do programa Bola na Trave, da R\u00e1dio Popular FM, nesta segunda-feira (1\u00ba\/3). A partir das 13h, contar\u00e1 suas Hist\u00f3rias de Campe\u00e3o. O quadro foi sucesso durante quatro meses &#8211; junho a setembro &#8211; de 2020, com mais de 70 desportistas da regi\u00e3o relembrando bons momentos no [&hellip;]<\/p>\n","protected":false},"author":7,"featured_media":79924,"comment_status":"open","ping_status":"open","sticky":false,"template":"","format":"standard","meta":{"pmpro_default_level":"","_jetpack_memberships_contains_paid_content":false,"footnotes":""},"categories":[5,240],"tags":[6136],"class_list":{"0":"post-79918","1":"post","2":"type-post","3":"status-publish","4":"format-standard","5":"has-post-thumbnail","7":"category-esportes","8":"category-futebol-amador","9":"tag-historias-de-campeao","10":"pmpro-has-access"},"yoast_head":"<!-- This site is optimized with the Yoast SEO plugin v27.5 - https:\/\/yoast.com\/product\/yoast-seo-wordpress\/ -->\n<title>Oscar Trapp conta Hist\u00f3rias de Campe\u00e3o nesta segunda-feira - Folha Popular<\/title>\n<meta name=\"robots\" content=\"index, follow, max-snippet:-1, max-image-preview:large, max-video-preview:-1\" \/>\n<link rel=\"canonical\" href=\"https:\/\/folhapopular.info\/index.php\/2021\/03\/01\/oscar-trapp-conta-historias-de-campeao-nesta-segunda-feira\/\" \/>\n<meta property=\"og:locale\" content=\"pt_BR\" \/>\n<meta property=\"og:type\" content=\"article\" \/>\n<meta property=\"og:title\" content=\"Oscar Trapp conta Hist\u00f3rias de Campe\u00e3o nesta segunda-feira - Folha Popular\" \/>\n<meta property=\"og:description\" content=\"O meio-campista Oscar Trapp, de Imigrante, \u00e9 o convidado do programa Bola na Trave, da R\u00e1dio Popular FM, nesta segunda-feira (1\u00ba\/3). A partir das 13h, contar\u00e1 suas Hist\u00f3rias de Campe\u00e3o. O quadro foi sucesso durante quatro meses &#8211; junho a setembro &#8211; de 2020, com mais de 70 desportistas da regi\u00e3o relembrando bons momentos no [&hellip;]\" \/>\n<meta property=\"og:url\" content=\"https:\/\/folhapopular.info\/index.php\/2021\/03\/01\/oscar-trapp-conta-historias-de-campeao-nesta-segunda-feira\/\" \/>\n<meta property=\"og:site_name\" content=\"Folha Popular\" \/>\n<meta property=\"article:published_time\" content=\"2021-03-01T12:00:00+00:00\" \/>\n<meta property=\"og:image\" content=\"https:\/\/folhapopular.info\/wp-content\/uploads\/2021\/03\/Oscar-Trapp-d_Arquivo-FP-Copia-scaled-e1614540462310.jpg\" \/>\n\t<meta property=\"og:image:width\" content=\"1000\" \/>\n\t<meta property=\"og:image:height\" content=\"664\" \/>\n\t<meta property=\"og:image:type\" content=\"image\/jpeg\" \/>\n<meta name=\"author\" content=\"Lucas Leandro Brune\" \/>\n<meta name=\"twitter:card\" content=\"summary_large_image\" \/>\n<meta name=\"twitter:label1\" content=\"Escrito por\" \/>\n\t<meta name=\"twitter:data1\" content=\"Lucas Leandro Brune\" \/>\n\t<meta name=\"twitter:label2\" content=\"Est. tempo de leitura\" \/>\n\t<meta name=\"twitter:data2\" content=\"2 minutos\" \/>\n<script type=\"application\/ld+json\" class=\"yoast-schema-graph\">{\"@context\":\"https:\\\/\\\/schema.org\",\"@graph\":[{\"@type\":\"Article\",\"@id\":\"https:\\\/\\\/folhapopular.info\\\/index.php\\\/2021\\\/03\\\/01\\\/oscar-trapp-conta-historias-de-campeao-nesta-segunda-feira\\\/#article\",\"isPartOf\":{\"@id\":\"https:\\\/\\\/folhapopular.info\\\/index.php\\\/2021\\\/03\\\/01\\\/oscar-trapp-conta-historias-de-campeao-nesta-segunda-feira\\\/\"},\"author\":{\"name\":\"Lucas Leandro Brune\",\"@id\":\"https:\\\/\\\/folhapopular.info\\\/#\\\/schema\\\/person\\\/533a15f60cd49e81ab3a90b4ca33cb36\"},\"headline\":\"Oscar Trapp conta Hist\u00f3rias de Campe\u00e3o nesta segunda-feira\",\"datePublished\":\"2021-03-01T12:00:00+00:00\",\"mainEntityOfPage\":{\"@id\":\"https:\\\/\\\/folhapopular.info\\\/index.php\\\/2021\\\/03\\\/01\\\/oscar-trapp-conta-historias-de-campeao-nesta-segunda-feira\\\/\"},\"wordCount\":196,\"commentCount\":0,\"image\":{\"@id\":\"https:\\\/\\\/folhapopular.info\\\/index.php\\\/2021\\\/03\\\/01\\\/oscar-trapp-conta-historias-de-campeao-nesta-segunda-feira\\\/#primaryimage\"},\"thumbnailUrl\":\"https:\\\/\\\/folhapopular.info\\\/wp-content\\\/uploads\\\/2021\\\/03\\\/Oscar-Trapp-d_Arquivo-FP-Copia-scaled-e1614540462310.jpg\",\"keywords\":[\"Hist\u00f3rias de campe\u00e3o\"],\"articleSection\":[\"Esportes\",\"Futebol Amador\"],\"inLanguage\":\"pt-BR\",\"potentialAction\":[{\"@type\":\"CommentAction\",\"name\":\"Comment\",\"target\":[\"https:\\\/\\\/folhapopular.info\\\/index.php\\\/2021\\\/03\\\/01\\\/oscar-trapp-conta-historias-de-campeao-nesta-segunda-feira\\\/#respond\"]}]},{\"@type\":\"WebPage\",\"@id\":\"https:\\\/\\\/folhapopular.info\\\/index.php\\\/2021\\\/03\\\/01\\\/oscar-trapp-conta-historias-de-campeao-nesta-segunda-feira\\\/\",\"url\":\"https:\\\/\\\/folhapopular.info\\\/index.php\\\/2021\\\/03\\\/01\\\/oscar-trapp-conta-historias-de-campeao-nesta-segunda-feira\\\/\",\"name\":\"Oscar Trapp conta Hist\u00f3rias de Campe\u00e3o nesta segunda-feira - Folha Popular\",\"isPartOf\":{\"@id\":\"https:\\\/\\\/folhapopular.info\\\/#website\"},\"primaryImageOfPage\":{\"@id\":\"https:\\\/\\\/folhapopular.info\\\/index.php\\\/2021\\\/03\\\/01\\\/oscar-trapp-conta-historias-de-campeao-nesta-segunda-feira\\\/#primaryimage\"},\"image\":{\"@id\":\"https:\\\/\\\/folhapopular.info\\\/index.php\\\/2021\\\/03\\\/01\\\/oscar-trapp-conta-historias-de-campeao-nesta-segunda-feira\\\/#primaryimage\"},\"thumbnailUrl\":\"https:\\\/\\\/folhapopular.info\\\/wp-content\\\/uploads\\\/2021\\\/03\\\/Oscar-Trapp-d_Arquivo-FP-Copia-scaled-e1614540462310.jpg\",\"datePublished\":\"2021-03-01T12:00:00+00:00\",\"author\":{\"@id\":\"https:\\\/\\\/folhapopular.info\\\/#\\\/schema\\\/person\\\/533a15f60cd49e81ab3a90b4ca33cb36\"},\"breadcrumb\":{\"@id\":\"https:\\\/\\\/folhapopular.info\\\/index.php\\\/2021\\\/03\\\/01\\\/oscar-trapp-conta-historias-de-campeao-nesta-segunda-feira\\\/#breadcrumb\"},\"inLanguage\":\"pt-BR\",\"potentialAction\":[{\"@type\":\"ReadAction\",\"target\":[\"https:\\\/\\\/folhapopular.info\\\/index.php\\\/2021\\\/03\\\/01\\\/oscar-trapp-conta-historias-de-campeao-nesta-segunda-feira\\\/\"]}]},{\"@type\":\"ImageObject\",\"inLanguage\":\"pt-BR\",\"@id\":\"https:\\\/\\\/folhapopular.info\\\/index.php\\\/2021\\\/03\\\/01\\\/oscar-trapp-conta-historias-de-campeao-nesta-segunda-feira\\\/#primaryimage\",\"url\":\"https:\\\/\\\/folhapopular.info\\\/wp-content\\\/uploads\\\/2021\\\/03\\\/Oscar-Trapp-d_Arquivo-FP-Copia-scaled-e1614540462310.jpg\",\"contentUrl\":\"https:\\\/\\\/folhapopular.info\\\/wp-content\\\/uploads\\\/2021\\\/03\\\/Oscar-Trapp-d_Arquivo-FP-Copia-scaled-e1614540462310.jpg\",\"width\":1000,\"height\":664,\"caption\":\"Oscar Trapp (d) \u00e9 um dos destaques do Ecas de Imigrante \\\/ Cr\u00e9dito: Arquivo FP\"},{\"@type\":\"BreadcrumbList\",\"@id\":\"https:\\\/\\\/folhapopular.info\\\/index.php\\\/2021\\\/03\\\/01\\\/oscar-trapp-conta-historias-de-campeao-nesta-segunda-feira\\\/#breadcrumb\",\"itemListElement\":[{\"@type\":\"ListItem\",\"position\":1,\"name\":\"In\u00edcio\",\"item\":\"https:\\\/\\\/folhapopular.info\\\/\"},{\"@type\":\"ListItem\",\"position\":2,\"name\":\"Oscar Trapp conta Hist\u00f3rias de Campe\u00e3o nesta segunda-feira\"}]},{\"@type\":\"WebSite\",\"@id\":\"https:\\\/\\\/folhapopular.info\\\/#website\",\"url\":\"https:\\\/\\\/folhapopular.info\\\/\",\"name\":\"Folha Popular\",\"description\":\"Onde voc\u00ea tem vez e voz\",\"potentialAction\":[{\"@type\":\"SearchAction\",\"target\":{\"@type\":\"EntryPoint\",\"urlTemplate\":\"https:\\\/\\\/folhapopular.info\\\/?s={search_term_string}\"},\"query-input\":{\"@type\":\"PropertyValueSpecification\",\"valueRequired\":true,\"valueName\":\"search_term_string\"}}],\"inLanguage\":\"pt-BR\"},{\"@type\":\"Person\",\"@id\":\"https:\\\/\\\/folhapopular.info\\\/#\\\/schema\\\/person\\\/533a15f60cd49e81ab3a90b4ca33cb36\",\"name\":\"Lucas Leandro Brune\",\"image\":{\"@type\":\"ImageObject\",\"inLanguage\":\"pt-BR\",\"@id\":\"https:\\\/\\\/folhapopular.info\\\/wp-content\\\/uploads\\\/2026\\\/04\\\/LUCAS-1-1.webp\",\"url\":\"https:\\\/\\\/folhapopular.info\\\/wp-content\\\/uploads\\\/2026\\\/04\\\/LUCAS-1-1.webp\",\"contentUrl\":\"https:\\\/\\\/folhapopular.info\\\/wp-content\\\/uploads\\\/2026\\\/04\\\/LUCAS-1-1.webp\",\"caption\":\"Lucas Leandro Brune\"},\"description\":\"Jornalista Profissional Diplomado MTB\\\/RS 14.333\",\"url\":\"https:\\\/\\\/folhapopular.info\\\/index.php\\\/author\\\/lucas-brune\\\/\"}]}<\/script>\n<!-- \/ Yoast SEO plugin. -->","yoast_head_json":{"title":"Oscar Trapp conta Hist\u00f3rias de Campe\u00e3o nesta segunda-feira - Folha Popular","robots":{"index":"index","follow":"follow","max-snippet":"max-snippet:-1","max-image-preview":"max-image-preview:large","max-video-preview":"max-video-preview:-1"},"canonical":"https:\/\/folhapopular.info\/index.php\/2021\/03\/01\/oscar-trapp-conta-historias-de-campeao-nesta-segunda-feira\/","og_locale":"pt_BR","og_type":"article","og_title":"Oscar Trapp conta Hist\u00f3rias de Campe\u00e3o nesta segunda-feira - Folha Popular","og_description":"O meio-campista Oscar Trapp, de Imigrante, \u00e9 o convidado do programa Bola na Trave, da R\u00e1dio Popular FM, nesta segunda-feira (1\u00ba\/3). A partir das 13h, contar\u00e1 suas Hist\u00f3rias de Campe\u00e3o. O quadro foi sucesso durante quatro meses &#8211; junho a setembro &#8211; de 2020, com mais de 70 desportistas da regi\u00e3o relembrando bons momentos no [&hellip;]","og_url":"https:\/\/folhapopular.info\/index.php\/2021\/03\/01\/oscar-trapp-conta-historias-de-campeao-nesta-segunda-feira\/","og_site_name":"Folha Popular","article_published_time":"2021-03-01T12:00:00+00:00","og_image":[{"width":1000,"height":664,"url":"https:\/\/folhapopular.info\/wp-content\/uploads\/2021\/03\/Oscar-Trapp-d_Arquivo-FP-Copia-scaled-e1614540462310.jpg","type":"image\/jpeg"}],"author":"Lucas Leandro Brune","twitter_card":"summary_large_image","twitter_misc":{"Escrito por":"Lucas Leandro Brune","Est. tempo de leitura":"2 minutos"},"schema":{"@context":"https:\/\/schema.org","@graph":[{"@type":"Article","@id":"https:\/\/folhapopular.info\/index.php\/2021\/03\/01\/oscar-trapp-conta-historias-de-campeao-nesta-segunda-feira\/#article","isPartOf":{"@id":"https:\/\/folhapopular.info\/index.php\/2021\/03\/01\/oscar-trapp-conta-historias-de-campeao-nesta-segunda-feira\/"},"author":{"name":"Lucas Leandro Brune","@id":"https:\/\/folhapopular.info\/#\/schema\/person\/533a15f60cd49e81ab3a90b4ca33cb36"},"headline":"Oscar Trapp conta Hist\u00f3rias de Campe\u00e3o nesta segunda-feira","datePublished":"2021-03-01T12:00:00+00:00","mainEntityOfPage":{"@id":"https:\/\/folhapopular.info\/index.php\/2021\/03\/01\/oscar-trapp-conta-historias-de-campeao-nesta-segunda-feira\/"},"wordCount":196,"commentCount":0,"image":{"@id":"https:\/\/folhapopular.info\/index.php\/2021\/03\/01\/oscar-trapp-conta-historias-de-campeao-nesta-segunda-feira\/#primaryimage"},"thumbnailUrl":"https:\/\/folhapopular.info\/wp-content\/uploads\/2021\/03\/Oscar-Trapp-d_Arquivo-FP-Copia-scaled-e1614540462310.jpg","keywords":["Hist\u00f3rias de campe\u00e3o"],"articleSection":["Esportes","Futebol Amador"],"inLanguage":"pt-BR","potentialAction":[{"@type":"CommentAction","name":"Comment","target":["https:\/\/folhapopular.info\/index.php\/2021\/03\/01\/oscar-trapp-conta-historias-de-campeao-nesta-segunda-feira\/#respond"]}]},{"@type":"WebPage","@id":"https:\/\/folhapopular.info\/index.php\/2021\/03\/01\/oscar-trapp-conta-historias-de-campeao-nesta-segunda-feira\/","url":"https:\/\/folhapopular.info\/index.php\/2021\/03\/01\/oscar-trapp-conta-historias-de-campeao-nesta-segunda-feira\/","name":"Oscar Trapp conta Hist\u00f3rias de Campe\u00e3o nesta segunda-feira - Folha Popular","isPartOf":{"@id":"https:\/\/folhapopular.info\/#website"},"primaryImageOfPage":{"@id":"https:\/\/folhapopular.info\/index.php\/2021\/03\/01\/oscar-trapp-conta-historias-de-campeao-nesta-segunda-feira\/#primaryimage"},"image":{"@id":"https:\/\/folhapopular.info\/index.php\/2021\/03\/01\/oscar-trapp-conta-historias-de-campeao-nesta-segunda-feira\/#primaryimage"},"thumbnailUrl":"https:\/\/folhapopular.info\/wp-content\/uploads\/2021\/03\/Oscar-Trapp-d_Arquivo-FP-Copia-scaled-e1614540462310.jpg","datePublished":"2021-03-01T12:00:00+00:00","author":{"@id":"https:\/\/folhapopular.info\/#\/schema\/person\/533a15f60cd49e81ab3a90b4ca33cb36"},"breadcrumb":{"@id":"https:\/\/folhapopular.info\/index.php\/2021\/03\/01\/oscar-trapp-conta-historias-de-campeao-nesta-segunda-feira\/#breadcrumb"},"inLanguage":"pt-BR","potentialAction":[{"@type":"ReadAction","target":["https:\/\/folhapopular.info\/index.php\/2021\/03\/01\/oscar-trapp-conta-historias-de-campeao-nesta-segunda-feira\/"]}]},{"@type":"ImageObject","inLanguage":"pt-BR","@id":"https:\/\/folhapopular.info\/index.php\/2021\/03\/01\/oscar-trapp-conta-historias-de-campeao-nesta-segunda-feira\/#primaryimage","url":"https:\/\/folhapopular.info\/wp-content\/uploads\/2021\/03\/Oscar-Trapp-d_Arquivo-FP-Copia-scaled-e1614540462310.jpg","contentUrl":"https:\/\/folhapopular.info\/wp-content\/uploads\/2021\/03\/Oscar-Trapp-d_Arquivo-FP-Copia-scaled-e1614540462310.jpg","width":1000,"height":664,"caption":"Oscar Trapp (d) \u00e9 um dos destaques do Ecas de Imigrante \/ Cr\u00e9dito: Arquivo FP"},{"@type":"BreadcrumbList","@id":"https:\/\/folhapopular.info\/index.php\/2021\/03\/01\/oscar-trapp-conta-historias-de-campeao-nesta-segunda-feira\/#breadcrumb","itemListElement":[{"@type":"ListItem","position":1,"name":"In\u00edcio","item":"https:\/\/folhapopular.info\/"},{"@type":"ListItem","position":2,"name":"Oscar Trapp conta Hist\u00f3rias de Campe\u00e3o nesta segunda-feira"}]},{"@type":"WebSite","@id":"https:\/\/folhapopular.info\/#website","url":"https:\/\/folhapopular.info\/","name":"Folha Popular","description":"Onde voc\u00ea tem vez e voz","potentialAction":[{"@type":"SearchAction","target":{"@type":"EntryPoint","urlTemplate":"https:\/\/folhapopular.info\/?s={search_term_string}"},"query-input":{"@type":"PropertyValueSpecification","valueRequired":true,"valueName":"search_term_string"}}],"inLanguage":"pt-BR"},{"@type":"Person","@id":"https:\/\/folhapopular.info\/#\/schema\/person\/533a15f60cd49e81ab3a90b4ca33cb36","name":"Lucas Leandro Brune","image":{"@type":"ImageObject","inLanguage":"pt-BR","@id":"https:\/\/folhapopular.info\/wp-content\/uploads\/2026\/04\/LUCAS-1-1.webp","url":"https:\/\/folhapopular.info\/wp-content\/uploads\/2026\/04\/LUCAS-1-1.webp","contentUrl":"https:\/\/folhapopular.info\/wp-content\/uploads\/2026\/04\/LUCAS-1-1.webp","caption":"Lucas Leandro Brune"},"description":"Jornalista Profissional Diplomado MTB\/RS 14.333","url":"https:\/\/folhapopular.info\/index.php\/author\/lucas-brune\/"}]}},"jetpack_featured_media_url":"https:\/\/folhapopular.info\/wp-content\/uploads\/2021\/03\/Oscar-Trapp-d_Arquivo-FP-Copia-scaled-e1614540462310.jpg","jetpack_sharing_enabled":true,"amp_enabled":true,"_links":{"self":[{"href":"https:\/\/folhapopular.info\/index.php\/wp-json\/wp\/v2\/posts\/79918","targetHints":{"allow":["GET"]}}],"collection":[{"href":"https:\/\/folhapopular.info\/index.php\/wp-json\/wp\/v2\/posts"}],"about":[{"href":"https:\/\/folhapopular.info\/index.php\/wp-json\/wp\/v2\/types\/post"}],"author":[{"embeddable":true,"href":"https:\/\/folhapopular.info\/index.php\/wp-json\/wp\/v2\/users\/7"}],"replies":[{"embeddable":true,"href":"https:\/\/folhapopular.info\/index.php\/wp-json\/wp\/v2\/comments?post=79918"}],"version-history":[{"count":0,"href":"https:\/\/folhapopular.info\/index.php\/wp-json\/wp\/v2\/posts\/79918\/revisions"}],"wp:featuredmedia":[{"embeddable":true,"href":"https:\/\/folhapopular.info\/index.php\/wp-json\/wp\/v2\/media\/79924"}],"wp:attachment":[{"href":"https:\/\/folhapopular.info\/index.php\/wp-json\/wp\/v2\/media?parent=79918"}],"wp:term":[{"taxonomy":"category","embeddable":true,"href":"https:\/\/folhapopular.info\/index.php\/wp-json\/wp\/v2\/categories?post=79918"},{"taxonomy":"post_tag","embeddable":true,"href":"https:\/\/folhapopular.info\/index.php\/wp-json\/wp\/v2\/tags?post=79918"}],"curies":[{"name":"wp","href":"https:\/\/api.w.org\/{rel}","templated":true}]}}