{"id":80325,"date":"2021-03-04T08:04:10","date_gmt":"2021-03-04T11:04:10","guid":{"rendered":"https:\/\/folhapopular.info\/?p=80325"},"modified":"2021-03-04T08:06:16","modified_gmt":"2021-03-04T11:06:16","slug":"hospital-bruno-born-recebe-seis-novos-respiradores","status":"publish","type":"post","link":"https:\/\/folhapopular.info\/index.php\/2021\/03\/04\/hospital-bruno-born-recebe-seis-novos-respiradores\/","title":{"rendered":"Hospital Bruno Born recebe seis novos respiradores"},"content":{"rendered":"\n<p>Nesta quarta-feira, 3\/3, o Hospital Bruno Born de Lajeado, refer\u00eancia no atendimento Covid-19 no munic\u00edpio e regi\u00e3o, recebeu seis novos respiradores de \u00faltima gera\u00e7\u00e3o que foram adquiridos pela Prefeitura de Lajeado para uso no tratamento de pacientes internados na institui\u00e7\u00e3o. Os respiradores chegaram ao hospital no final da manh\u00e3 desta quarta-feira e j\u00e1 est\u00e3o sendo utilizados pelos pacientes. O objetivo \u00e9 apoiar a casa de sa\u00fade, que nas \u00faltimas semanas multiplicou seus leitos de alta complexidade para atender o n\u00famero crescente de pessoas em estado grave que buscam atendimento em decorr\u00eancia da doen\u00e7a.<\/p>\n\n\n\n<p>&#8211; Para n\u00f3s \u00e9 muito importante receber este apoio. Estes respiradores chegam neste momento cr\u00edtico que estamos passando. Os equipamentos mal chegaram na institui\u00e7\u00e3o e j\u00e1 est\u00e3o em uso nos pacientes. Gra\u00e7as a este apoio, podemos melhorar a estrutura e o atendimento \u00e0 popula\u00e7\u00e3o &#8211; disse o diretor executivo do HBB, Cristiano Dickel.<\/p>\n\n\n\n<p>Estes equipamentos se somam a outros equipamentos adquiridos pelo munic\u00edpio em fevereiro deste ano: 3 aparelhos de terapia de alto fluxo, a um custo total de R$ 106.800,00, e 10 bombas de infus\u00e3o volum\u00e9trica perist\u00e1ltica linear, a um custo total de R$ 86.000,00. J\u00e1 os seis novos respiradores custaram R$ 557.400,00. Os equipamentos foram adquiridos com recursos do superavit do munic\u00edpio, ou seja, de recursos economizados no ano de 2020 j\u00e1 tendo em vista necessidades que surgiriam em decorr\u00eancia da pandemia.<\/p>\n\n\n\n<p>Em mar\u00e7o de 2020, a Prefeitura j\u00e1 havia adquirido 7 respiradores para ventila\u00e7\u00e3o mec\u00e2nica, de modelo diferente dos adquiridos agora, que foram repassados para utiliza\u00e7\u00e3o no Hospital Bruno Born para os casos graves causados pelo coronav\u00edrus. O recurso de R$ 489.000,00 teve origem no super\u00e1vit de 2019, ou seja, em recursos economizados pelo munic\u00edpio no ano anterior.<\/p>\n","protected":false},"excerpt":{"rendered":"<p>Nesta quarta-feira, 3\/3, o Hospital Bruno Born de Lajeado, refer\u00eancia no atendimento Covid-19 no munic\u00edpio e regi\u00e3o, recebeu seis novos respiradores de \u00faltima gera\u00e7\u00e3o que foram adquiridos pela Prefeitura de Lajeado para uso no tratamento de pacientes internados na institui\u00e7\u00e3o. Os respiradores chegaram ao hospital no final da manh\u00e3 desta quarta-feira e j\u00e1 est\u00e3o sendo [&hellip;]<\/p>\n","protected":false},"author":8,"featured_media":80328,"comment_status":"open","ping_status":"open","sticky":false,"template":"","format":"standard","meta":{"pmpro_default_level":"","_jetpack_memberships_contains_paid_content":false,"footnotes":""},"categories":[2,3],"tags":[2213,27,5083,5886],"class_list":{"0":"post-80325","1":"post","2":"type-post","3":"status-publish","4":"format-standard","5":"has-post-thumbnail","7":"category-featured","8":"category-geral","9":"tag-hospital-bruno-born","10":"tag-lajeado","11":"tag-prefeitura-de-lajeado","12":"tag-respiradores","13":"pmpro-has-access"},"yoast_head":"<!-- This site is optimized with the Yoast SEO plugin v27.5 - https:\/\/yoast.com\/product\/yoast-seo-wordpress\/ -->\n<title>Hospital Bruno Born recebe seis novos respiradores - Folha Popular<\/title>\n<meta name=\"robots\" content=\"index, follow, max-snippet:-1, max-image-preview:large, max-video-preview:-1\" \/>\n<link rel=\"canonical\" href=\"https:\/\/folhapopular.info\/index.php\/2021\/03\/04\/hospital-bruno-born-recebe-seis-novos-respiradores\/\" \/>\n<meta property=\"og:locale\" content=\"pt_BR\" \/>\n<meta property=\"og:type\" content=\"article\" \/>\n<meta property=\"og:title\" content=\"Hospital Bruno Born recebe seis novos respiradores - Folha Popular\" \/>\n<meta property=\"og:description\" content=\"Nesta quarta-feira, 3\/3, o Hospital Bruno Born de Lajeado, refer\u00eancia no atendimento Covid-19 no munic\u00edpio e regi\u00e3o, recebeu seis novos respiradores de \u00faltima gera\u00e7\u00e3o que foram adquiridos pela Prefeitura de Lajeado para uso no tratamento de pacientes internados na institui\u00e7\u00e3o. Os respiradores chegaram ao hospital no final da manh\u00e3 desta quarta-feira e j\u00e1 est\u00e3o sendo [&hellip;]\" \/>\n<meta property=\"og:url\" content=\"https:\/\/folhapopular.info\/index.php\/2021\/03\/04\/hospital-bruno-born-recebe-seis-novos-respiradores\/\" \/>\n<meta property=\"og:site_name\" content=\"Folha Popular\" \/>\n<meta property=\"article:published_time\" content=\"2021-03-04T11:04:10+00:00\" \/>\n<meta property=\"article:modified_time\" content=\"2021-03-04T11:06:16+00:00\" \/>\n<meta property=\"og:image\" content=\"https:\/\/folhapopular.info\/wp-content\/uploads\/2021\/03\/Respiradores-_2_-e1614855792843.jpg\" \/>\n\t<meta property=\"og:image:width\" content=\"800\" \/>\n\t<meta property=\"og:image:height\" content=\"599\" \/>\n\t<meta property=\"og:image:type\" content=\"image\/jpeg\" \/>\n<meta name=\"author\" content=\"Reda\u00e7\u00e3o Folha Popular\" \/>\n<meta name=\"twitter:card\" content=\"summary_large_image\" \/>\n<meta name=\"twitter:label1\" content=\"Escrito por\" \/>\n\t<meta name=\"twitter:data1\" content=\"Reda\u00e7\u00e3o Folha Popular\" \/>\n\t<meta name=\"twitter:label2\" content=\"Est. tempo de leitura\" \/>\n\t<meta name=\"twitter:data2\" content=\"2 minutos\" \/>\n<script type=\"application\/ld+json\" class=\"yoast-schema-graph\">{\"@context\":\"https:\\\/\\\/schema.org\",\"@graph\":[{\"@type\":\"Article\",\"@id\":\"https:\\\/\\\/folhapopular.info\\\/index.php\\\/2021\\\/03\\\/04\\\/hospital-bruno-born-recebe-seis-novos-respiradores\\\/#article\",\"isPartOf\":{\"@id\":\"https:\\\/\\\/folhapopular.info\\\/index.php\\\/2021\\\/03\\\/04\\\/hospital-bruno-born-recebe-seis-novos-respiradores\\\/\"},\"author\":{\"name\":\"Reda\u00e7\u00e3o Folha Popular\",\"@id\":\"https:\\\/\\\/folhapopular.info\\\/#\\\/schema\\\/person\\\/2814e8a0df7643585a9ca38bc6eb9d4b\"},\"headline\":\"Hospital Bruno Born recebe seis novos respiradores\",\"datePublished\":\"2021-03-04T11:04:10+00:00\",\"dateModified\":\"2021-03-04T11:06:16+00:00\",\"mainEntityOfPage\":{\"@id\":\"https:\\\/\\\/folhapopular.info\\\/index.php\\\/2021\\\/03\\\/04\\\/hospital-bruno-born-recebe-seis-novos-respiradores\\\/\"},\"wordCount\":306,\"commentCount\":0,\"image\":{\"@id\":\"https:\\\/\\\/folhapopular.info\\\/index.php\\\/2021\\\/03\\\/04\\\/hospital-bruno-born-recebe-seis-novos-respiradores\\\/#primaryimage\"},\"thumbnailUrl\":\"https:\\\/\\\/folhapopular.info\\\/wp-content\\\/uploads\\\/2021\\\/03\\\/Respiradores-_2_-e1614855792843.jpg\",\"keywords\":[\"Hospital Bruno Born\",\"Lajeado\",\"Prefeitura de Lajeado\",\"Respiradores\"],\"articleSection\":[\"Destaques\",\"Geral\"],\"inLanguage\":\"pt-BR\",\"potentialAction\":[{\"@type\":\"CommentAction\",\"name\":\"Comment\",\"target\":[\"https:\\\/\\\/folhapopular.info\\\/index.php\\\/2021\\\/03\\\/04\\\/hospital-bruno-born-recebe-seis-novos-respiradores\\\/#respond\"]}]},{\"@type\":\"WebPage\",\"@id\":\"https:\\\/\\\/folhapopular.info\\\/index.php\\\/2021\\\/03\\\/04\\\/hospital-bruno-born-recebe-seis-novos-respiradores\\\/\",\"url\":\"https:\\\/\\\/folhapopular.info\\\/index.php\\\/2021\\\/03\\\/04\\\/hospital-bruno-born-recebe-seis-novos-respiradores\\\/\",\"name\":\"Hospital Bruno Born recebe seis novos respiradores - Folha Popular\",\"isPartOf\":{\"@id\":\"https:\\\/\\\/folhapopular.info\\\/#website\"},\"primaryImageOfPage\":{\"@id\":\"https:\\\/\\\/folhapopular.info\\\/index.php\\\/2021\\\/03\\\/04\\\/hospital-bruno-born-recebe-seis-novos-respiradores\\\/#primaryimage\"},\"image\":{\"@id\":\"https:\\\/\\\/folhapopular.info\\\/index.php\\\/2021\\\/03\\\/04\\\/hospital-bruno-born-recebe-seis-novos-respiradores\\\/#primaryimage\"},\"thumbnailUrl\":\"https:\\\/\\\/folhapopular.info\\\/wp-content\\\/uploads\\\/2021\\\/03\\\/Respiradores-_2_-e1614855792843.jpg\",\"datePublished\":\"2021-03-04T11:04:10+00:00\",\"dateModified\":\"2021-03-04T11:06:16+00:00\",\"author\":{\"@id\":\"https:\\\/\\\/folhapopular.info\\\/#\\\/schema\\\/person\\\/2814e8a0df7643585a9ca38bc6eb9d4b\"},\"breadcrumb\":{\"@id\":\"https:\\\/\\\/folhapopular.info\\\/index.php\\\/2021\\\/03\\\/04\\\/hospital-bruno-born-recebe-seis-novos-respiradores\\\/#breadcrumb\"},\"inLanguage\":\"pt-BR\",\"potentialAction\":[{\"@type\":\"ReadAction\",\"target\":[\"https:\\\/\\\/folhapopular.info\\\/index.php\\\/2021\\\/03\\\/04\\\/hospital-bruno-born-recebe-seis-novos-respiradores\\\/\"]}]},{\"@type\":\"ImageObject\",\"inLanguage\":\"pt-BR\",\"@id\":\"https:\\\/\\\/folhapopular.info\\\/index.php\\\/2021\\\/03\\\/04\\\/hospital-bruno-born-recebe-seis-novos-respiradores\\\/#primaryimage\",\"url\":\"https:\\\/\\\/folhapopular.info\\\/wp-content\\\/uploads\\\/2021\\\/03\\\/Respiradores-_2_-e1614855792843.jpg\",\"contentUrl\":\"https:\\\/\\\/folhapopular.info\\\/wp-content\\\/uploads\\\/2021\\\/03\\\/Respiradores-_2_-e1614855792843.jpg\",\"width\":800,\"height\":599,\"caption\":\"Cr\u00e9dito da foto: AI \\\/ Divulga\u00e7\u00e3o\"},{\"@type\":\"BreadcrumbList\",\"@id\":\"https:\\\/\\\/folhapopular.info\\\/index.php\\\/2021\\\/03\\\/04\\\/hospital-bruno-born-recebe-seis-novos-respiradores\\\/#breadcrumb\",\"itemListElement\":[{\"@type\":\"ListItem\",\"position\":1,\"name\":\"In\u00edcio\",\"item\":\"https:\\\/\\\/folhapopular.info\\\/\"},{\"@type\":\"ListItem\",\"position\":2,\"name\":\"Hospital Bruno Born recebe seis novos respiradores\"}]},{\"@type\":\"WebSite\",\"@id\":\"https:\\\/\\\/folhapopular.info\\\/#website\",\"url\":\"https:\\\/\\\/folhapopular.info\\\/\",\"name\":\"Folha Popular\",\"description\":\"Onde voc\u00ea tem vez e voz\",\"potentialAction\":[{\"@type\":\"SearchAction\",\"target\":{\"@type\":\"EntryPoint\",\"urlTemplate\":\"https:\\\/\\\/folhapopular.info\\\/?s={search_term_string}\"},\"query-input\":{\"@type\":\"PropertyValueSpecification\",\"valueRequired\":true,\"valueName\":\"search_term_string\"}}],\"inLanguage\":\"pt-BR\"},{\"@type\":\"Person\",\"@id\":\"https:\\\/\\\/folhapopular.info\\\/#\\\/schema\\\/person\\\/2814e8a0df7643585a9ca38bc6eb9d4b\",\"name\":\"Reda\u00e7\u00e3o Folha Popular\",\"image\":{\"@type\":\"ImageObject\",\"inLanguage\":\"pt-BR\",\"@id\":\"https:\\\/\\\/folhapopular.info\\\/wp-content\\\/uploads\\\/2026\\\/04\\\/Folha-1.webp\",\"url\":\"https:\\\/\\\/folhapopular.info\\\/wp-content\\\/uploads\\\/2026\\\/04\\\/Folha-1.webp\",\"contentUrl\":\"https:\\\/\\\/folhapopular.info\\\/wp-content\\\/uploads\\\/2026\\\/04\\\/Folha-1.webp\",\"caption\":\"Reda\u00e7\u00e3o Folha Popular\"},\"url\":\"https:\\\/\\\/folhapopular.info\\\/index.php\\\/author\\\/redacao\\\/\"}]}<\/script>\n<!-- \/ Yoast SEO plugin. -->","yoast_head_json":{"title":"Hospital Bruno Born recebe seis novos respiradores - Folha Popular","robots":{"index":"index","follow":"follow","max-snippet":"max-snippet:-1","max-image-preview":"max-image-preview:large","max-video-preview":"max-video-preview:-1"},"canonical":"https:\/\/folhapopular.info\/index.php\/2021\/03\/04\/hospital-bruno-born-recebe-seis-novos-respiradores\/","og_locale":"pt_BR","og_type":"article","og_title":"Hospital Bruno Born recebe seis novos respiradores - Folha Popular","og_description":"Nesta quarta-feira, 3\/3, o Hospital Bruno Born de Lajeado, refer\u00eancia no atendimento Covid-19 no munic\u00edpio e regi\u00e3o, recebeu seis novos respiradores de \u00faltima gera\u00e7\u00e3o que foram adquiridos pela Prefeitura de Lajeado para uso no tratamento de pacientes internados na institui\u00e7\u00e3o. Os respiradores chegaram ao hospital no final da manh\u00e3 desta quarta-feira e j\u00e1 est\u00e3o sendo [&hellip;]","og_url":"https:\/\/folhapopular.info\/index.php\/2021\/03\/04\/hospital-bruno-born-recebe-seis-novos-respiradores\/","og_site_name":"Folha Popular","article_published_time":"2021-03-04T11:04:10+00:00","article_modified_time":"2021-03-04T11:06:16+00:00","og_image":[{"width":800,"height":599,"url":"https:\/\/folhapopular.info\/wp-content\/uploads\/2021\/03\/Respiradores-_2_-e1614855792843.jpg","type":"image\/jpeg"}],"author":"Reda\u00e7\u00e3o Folha Popular","twitter_card":"summary_large_image","twitter_misc":{"Escrito por":"Reda\u00e7\u00e3o Folha Popular","Est. tempo de leitura":"2 minutos"},"schema":{"@context":"https:\/\/schema.org","@graph":[{"@type":"Article","@id":"https:\/\/folhapopular.info\/index.php\/2021\/03\/04\/hospital-bruno-born-recebe-seis-novos-respiradores\/#article","isPartOf":{"@id":"https:\/\/folhapopular.info\/index.php\/2021\/03\/04\/hospital-bruno-born-recebe-seis-novos-respiradores\/"},"author":{"name":"Reda\u00e7\u00e3o Folha Popular","@id":"https:\/\/folhapopular.info\/#\/schema\/person\/2814e8a0df7643585a9ca38bc6eb9d4b"},"headline":"Hospital Bruno Born recebe seis novos respiradores","datePublished":"2021-03-04T11:04:10+00:00","dateModified":"2021-03-04T11:06:16+00:00","mainEntityOfPage":{"@id":"https:\/\/folhapopular.info\/index.php\/2021\/03\/04\/hospital-bruno-born-recebe-seis-novos-respiradores\/"},"wordCount":306,"commentCount":0,"image":{"@id":"https:\/\/folhapopular.info\/index.php\/2021\/03\/04\/hospital-bruno-born-recebe-seis-novos-respiradores\/#primaryimage"},"thumbnailUrl":"https:\/\/folhapopular.info\/wp-content\/uploads\/2021\/03\/Respiradores-_2_-e1614855792843.jpg","keywords":["Hospital Bruno Born","Lajeado","Prefeitura de Lajeado","Respiradores"],"articleSection":["Destaques","Geral"],"inLanguage":"pt-BR","potentialAction":[{"@type":"CommentAction","name":"Comment","target":["https:\/\/folhapopular.info\/index.php\/2021\/03\/04\/hospital-bruno-born-recebe-seis-novos-respiradores\/#respond"]}]},{"@type":"WebPage","@id":"https:\/\/folhapopular.info\/index.php\/2021\/03\/04\/hospital-bruno-born-recebe-seis-novos-respiradores\/","url":"https:\/\/folhapopular.info\/index.php\/2021\/03\/04\/hospital-bruno-born-recebe-seis-novos-respiradores\/","name":"Hospital Bruno Born recebe seis novos respiradores - Folha Popular","isPartOf":{"@id":"https:\/\/folhapopular.info\/#website"},"primaryImageOfPage":{"@id":"https:\/\/folhapopular.info\/index.php\/2021\/03\/04\/hospital-bruno-born-recebe-seis-novos-respiradores\/#primaryimage"},"image":{"@id":"https:\/\/folhapopular.info\/index.php\/2021\/03\/04\/hospital-bruno-born-recebe-seis-novos-respiradores\/#primaryimage"},"thumbnailUrl":"https:\/\/folhapopular.info\/wp-content\/uploads\/2021\/03\/Respiradores-_2_-e1614855792843.jpg","datePublished":"2021-03-04T11:04:10+00:00","dateModified":"2021-03-04T11:06:16+00:00","author":{"@id":"https:\/\/folhapopular.info\/#\/schema\/person\/2814e8a0df7643585a9ca38bc6eb9d4b"},"breadcrumb":{"@id":"https:\/\/folhapopular.info\/index.php\/2021\/03\/04\/hospital-bruno-born-recebe-seis-novos-respiradores\/#breadcrumb"},"inLanguage":"pt-BR","potentialAction":[{"@type":"ReadAction","target":["https:\/\/folhapopular.info\/index.php\/2021\/03\/04\/hospital-bruno-born-recebe-seis-novos-respiradores\/"]}]},{"@type":"ImageObject","inLanguage":"pt-BR","@id":"https:\/\/folhapopular.info\/index.php\/2021\/03\/04\/hospital-bruno-born-recebe-seis-novos-respiradores\/#primaryimage","url":"https:\/\/folhapopular.info\/wp-content\/uploads\/2021\/03\/Respiradores-_2_-e1614855792843.jpg","contentUrl":"https:\/\/folhapopular.info\/wp-content\/uploads\/2021\/03\/Respiradores-_2_-e1614855792843.jpg","width":800,"height":599,"caption":"Cr\u00e9dito da foto: AI \/ Divulga\u00e7\u00e3o"},{"@type":"BreadcrumbList","@id":"https:\/\/folhapopular.info\/index.php\/2021\/03\/04\/hospital-bruno-born-recebe-seis-novos-respiradores\/#breadcrumb","itemListElement":[{"@type":"ListItem","position":1,"name":"In\u00edcio","item":"https:\/\/folhapopular.info\/"},{"@type":"ListItem","position":2,"name":"Hospital Bruno Born recebe seis novos respiradores"}]},{"@type":"WebSite","@id":"https:\/\/folhapopular.info\/#website","url":"https:\/\/folhapopular.info\/","name":"Folha Popular","description":"Onde voc\u00ea tem vez e voz","potentialAction":[{"@type":"SearchAction","target":{"@type":"EntryPoint","urlTemplate":"https:\/\/folhapopular.info\/?s={search_term_string}"},"query-input":{"@type":"PropertyValueSpecification","valueRequired":true,"valueName":"search_term_string"}}],"inLanguage":"pt-BR"},{"@type":"Person","@id":"https:\/\/folhapopular.info\/#\/schema\/person\/2814e8a0df7643585a9ca38bc6eb9d4b","name":"Reda\u00e7\u00e3o Folha Popular","image":{"@type":"ImageObject","inLanguage":"pt-BR","@id":"https:\/\/folhapopular.info\/wp-content\/uploads\/2026\/04\/Folha-1.webp","url":"https:\/\/folhapopular.info\/wp-content\/uploads\/2026\/04\/Folha-1.webp","contentUrl":"https:\/\/folhapopular.info\/wp-content\/uploads\/2026\/04\/Folha-1.webp","caption":"Reda\u00e7\u00e3o Folha Popular"},"url":"https:\/\/folhapopular.info\/index.php\/author\/redacao\/"}]}},"jetpack_featured_media_url":"https:\/\/folhapopular.info\/wp-content\/uploads\/2021\/03\/Respiradores-_2_-e1614855792843.jpg","jetpack_sharing_enabled":true,"amp_enabled":true,"_links":{"self":[{"href":"https:\/\/folhapopular.info\/index.php\/wp-json\/wp\/v2\/posts\/80325","targetHints":{"allow":["GET"]}}],"collection":[{"href":"https:\/\/folhapopular.info\/index.php\/wp-json\/wp\/v2\/posts"}],"about":[{"href":"https:\/\/folhapopular.info\/index.php\/wp-json\/wp\/v2\/types\/post"}],"author":[{"embeddable":true,"href":"https:\/\/folhapopular.info\/index.php\/wp-json\/wp\/v2\/users\/8"}],"replies":[{"embeddable":true,"href":"https:\/\/folhapopular.info\/index.php\/wp-json\/wp\/v2\/comments?post=80325"}],"version-history":[{"count":0,"href":"https:\/\/folhapopular.info\/index.php\/wp-json\/wp\/v2\/posts\/80325\/revisions"}],"wp:featuredmedia":[{"embeddable":true,"href":"https:\/\/folhapopular.info\/index.php\/wp-json\/wp\/v2\/media\/80328"}],"wp:attachment":[{"href":"https:\/\/folhapopular.info\/index.php\/wp-json\/wp\/v2\/media?parent=80325"}],"wp:term":[{"taxonomy":"category","embeddable":true,"href":"https:\/\/folhapopular.info\/index.php\/wp-json\/wp\/v2\/categories?post=80325"},{"taxonomy":"post_tag","embeddable":true,"href":"https:\/\/folhapopular.info\/index.php\/wp-json\/wp\/v2\/tags?post=80325"}],"curies":[{"name":"wp","href":"https:\/\/api.w.org\/{rel}","templated":true}]}}