{"id":80357,"date":"2021-03-04T15:53:01","date_gmt":"2021-03-04T18:53:01","guid":{"rendered":"https:\/\/folhapopular.info\/?p=80357"},"modified":"2021-03-04T15:53:06","modified_gmt":"2021-03-04T18:53:06","slug":"prefeita-de-poco-das-antas-acompanhou-obra-de-ampliacao-estrutural-do-hospital-ouro-branco","status":"publish","type":"post","link":"https:\/\/folhapopular.info\/index.php\/2021\/03\/04\/prefeita-de-poco-das-antas-acompanhou-obra-de-ampliacao-estrutural-do-hospital-ouro-branco\/","title":{"rendered":"Prefeita de Po\u00e7o das Antas acompanhou obra de amplia\u00e7\u00e3o estrutural do Hospital Ouro Branco"},"content":{"rendered":"\n<p>A prefeita de Po\u00e7o das Antas, V\u00e2nia Brackmann, acompanhou na manh\u00e3 de hoje, 4 de mar\u00e7o, as obras de organiza\u00e7\u00e3o estrutural do Hospital Ouro Branco (HOB) que ir\u00e3o ampliar a quantidade de leitos e a capacidade de atendimento aos pacientes com Covid-19 da regi\u00e3o.<\/p>\n\n\n\n<p>O Munic\u00edpio, assim como os demais atendidos pela casa de sa\u00fade, destinou recursos financeiros para a execu\u00e7\u00e3o da obra e compra de insumos, tendo em vista o crescimento acelerado do n\u00famero de casos de Covid-19 e a necessidade urgente de adotar a\u00e7\u00f5es conjuntas em car\u00e1ter emergencial.<\/p>\n\n\n\n<p>\u201cExiste uma preocupa\u00e7\u00e3o muito grande em termos o amparo necess\u00e1rio para oferecer um tratamento digno e adequado aos pacientes com Covid-19 nesse momento em que o sistema de sa\u00fade, em sua totalidade, encontra-se em estado cr\u00edtico. O Hospital Ouro Branco \u00e9 a institui\u00e7\u00e3o de refer\u00eancia nesse sentido para a nossa regi\u00e3o, e por isso, n\u00e3o mediremos esfor\u00e7os para auxiliar naquilo que for preciso\u201d, enaltece a prefeita.<\/p>\n\n\n\n<p>Na oportunidade, V\u00e2nia esteve acompanhada de representantes dos Executivos de Teut\u00f4nia e Paverama, bem como da dire\u00e7\u00e3o do hospital e do engenheiro respons\u00e1vel pela obra.<\/p>\n\n\n\n<p><strong>VACINAS CONTRA A COVID-19<\/strong><\/p>\n\n\n\n<p>Tendo em vista a possibilidade de os munic\u00edpios brasileiros adquirirem doses da vacina contra a Covid-19, a prefeita de Po\u00e7o das Antas, V\u00e2nia Brackmann, tranquiliza a popula\u00e7\u00e3o e informa que diante da disponibilidade de doses para compra, a administra\u00e7\u00e3o municipal n\u00e3o poupar\u00e1 esfor\u00e7os para adquirir o imunizante para toda a popula\u00e7\u00e3o, j\u00e1 tendo recurso espec\u00edfico reservado para tal finalidade.<\/p>\n\n\n\n<p>\u201cNo momento ainda n\u00e3o h\u00e1 doses dispon\u00edveis para a compra, mas, enquanto Munic\u00edpio, estamos alinhando os tr\u00e2mites necess\u00e1rios para tal finalidade e preparados financeiramente para essa possibilidade, pois sabemos da import\u00e2ncia da vacina\u00e7\u00e3o de todos os grupos, bem como, entendemos que a vacina \u00e9 a dose de esperan\u00e7a necess\u00e1ria para o quanto antes, vencermos essa etapa dif\u00edcil\u201d, ressalta a prefeita.<\/p>\n","protected":false},"excerpt":{"rendered":"<p>A prefeita de Po\u00e7o das Antas, V\u00e2nia Brackmann, acompanhou na manh\u00e3 de hoje, 4 de mar\u00e7o, as obras de organiza\u00e7\u00e3o estrutural do Hospital Ouro Branco (HOB) que ir\u00e3o ampliar a quantidade de leitos e a capacidade de atendimento aos pacientes com Covid-19 da regi\u00e3o. O Munic\u00edpio, assim como os demais atendidos pela casa de sa\u00fade, [&hellip;]<\/p>\n","protected":false},"author":8,"featured_media":80358,"comment_status":"open","ping_status":"open","sticky":false,"template":"","format":"standard","meta":{"pmpro_default_level":"","_jetpack_memberships_contains_paid_content":false,"footnotes":""},"categories":[2,3],"tags":[1185,40],"class_list":{"0":"post-80357","1":"post","2":"type-post","3":"status-publish","4":"format-standard","5":"has-post-thumbnail","7":"category-featured","8":"category-geral","9":"tag-hospital-ouro-branco","10":"tag-poco-das-antas","11":"pmpro-has-access"},"yoast_head":"<!-- This site is optimized with the Yoast SEO plugin v27.5 - https:\/\/yoast.com\/product\/yoast-seo-wordpress\/ -->\n<title>Prefeita de Po\u00e7o das Antas acompanhou obra de amplia\u00e7\u00e3o estrutural do Hospital Ouro Branco - Folha Popular<\/title>\n<meta name=\"robots\" content=\"index, follow, max-snippet:-1, max-image-preview:large, max-video-preview:-1\" \/>\n<link rel=\"canonical\" href=\"https:\/\/folhapopular.info\/index.php\/2021\/03\/04\/prefeita-de-poco-das-antas-acompanhou-obra-de-ampliacao-estrutural-do-hospital-ouro-branco\/\" \/>\n<meta property=\"og:locale\" content=\"pt_BR\" \/>\n<meta property=\"og:type\" content=\"article\" \/>\n<meta property=\"og:title\" content=\"Prefeita de Po\u00e7o das Antas acompanhou obra de amplia\u00e7\u00e3o estrutural do Hospital Ouro Branco - Folha Popular\" \/>\n<meta property=\"og:description\" content=\"A prefeita de Po\u00e7o das Antas, V\u00e2nia Brackmann, acompanhou na manh\u00e3 de hoje, 4 de mar\u00e7o, as obras de organiza\u00e7\u00e3o estrutural do Hospital Ouro Branco (HOB) que ir\u00e3o ampliar a quantidade de leitos e a capacidade de atendimento aos pacientes com Covid-19 da regi\u00e3o. O Munic\u00edpio, assim como os demais atendidos pela casa de sa\u00fade, [&hellip;]\" \/>\n<meta property=\"og:url\" content=\"https:\/\/folhapopular.info\/index.php\/2021\/03\/04\/prefeita-de-poco-das-antas-acompanhou-obra-de-ampliacao-estrutural-do-hospital-ouro-branco\/\" \/>\n<meta property=\"og:site_name\" content=\"Folha Popular\" \/>\n<meta property=\"article:published_time\" content=\"2021-03-04T18:53:01+00:00\" \/>\n<meta property=\"article:modified_time\" content=\"2021-03-04T18:53:06+00:00\" \/>\n<meta property=\"og:image\" content=\"https:\/\/folhapopular.info\/wp-content\/uploads\/2021\/03\/1-Prefeita-acompanha-obra-de-ampliacao-estrutural-do-HOB_divulgacao-e1614883962647.jpeg\" \/>\n\t<meta property=\"og:image:width\" content=\"800\" \/>\n\t<meta property=\"og:image:height\" content=\"600\" \/>\n\t<meta property=\"og:image:type\" content=\"image\/jpeg\" \/>\n<meta name=\"author\" content=\"Reda\u00e7\u00e3o Folha Popular\" \/>\n<meta name=\"twitter:card\" content=\"summary_large_image\" \/>\n<meta name=\"twitter:label1\" content=\"Escrito por\" \/>\n\t<meta name=\"twitter:data1\" content=\"Reda\u00e7\u00e3o Folha Popular\" \/>\n\t<meta name=\"twitter:label2\" content=\"Est. tempo de leitura\" \/>\n\t<meta name=\"twitter:data2\" content=\"2 minutos\" \/>\n<script type=\"application\/ld+json\" class=\"yoast-schema-graph\">{\"@context\":\"https:\\\/\\\/schema.org\",\"@graph\":[{\"@type\":\"Article\",\"@id\":\"https:\\\/\\\/folhapopular.info\\\/index.php\\\/2021\\\/03\\\/04\\\/prefeita-de-poco-das-antas-acompanhou-obra-de-ampliacao-estrutural-do-hospital-ouro-branco\\\/#article\",\"isPartOf\":{\"@id\":\"https:\\\/\\\/folhapopular.info\\\/index.php\\\/2021\\\/03\\\/04\\\/prefeita-de-poco-das-antas-acompanhou-obra-de-ampliacao-estrutural-do-hospital-ouro-branco\\\/\"},\"author\":{\"name\":\"Reda\u00e7\u00e3o Folha Popular\",\"@id\":\"https:\\\/\\\/folhapopular.info\\\/#\\\/schema\\\/person\\\/2814e8a0df7643585a9ca38bc6eb9d4b\"},\"headline\":\"Prefeita de Po\u00e7o das Antas acompanhou obra de amplia\u00e7\u00e3o estrutural do Hospital Ouro Branco\",\"datePublished\":\"2021-03-04T18:53:01+00:00\",\"dateModified\":\"2021-03-04T18:53:06+00:00\",\"mainEntityOfPage\":{\"@id\":\"https:\\\/\\\/folhapopular.info\\\/index.php\\\/2021\\\/03\\\/04\\\/prefeita-de-poco-das-antas-acompanhou-obra-de-ampliacao-estrutural-do-hospital-ouro-branco\\\/\"},\"wordCount\":361,\"commentCount\":0,\"image\":{\"@id\":\"https:\\\/\\\/folhapopular.info\\\/index.php\\\/2021\\\/03\\\/04\\\/prefeita-de-poco-das-antas-acompanhou-obra-de-ampliacao-estrutural-do-hospital-ouro-branco\\\/#primaryimage\"},\"thumbnailUrl\":\"https:\\\/\\\/folhapopular.info\\\/wp-content\\\/uploads\\\/2021\\\/03\\\/1-Prefeita-acompanha-obra-de-ampliacao-estrutural-do-HOB_divulgacao-e1614883962647.jpeg\",\"keywords\":[\"Hospital Ouro Branco\",\"Po\u00e7o das Antas\"],\"articleSection\":[\"Destaques\",\"Geral\"],\"inLanguage\":\"pt-BR\",\"potentialAction\":[{\"@type\":\"CommentAction\",\"name\":\"Comment\",\"target\":[\"https:\\\/\\\/folhapopular.info\\\/index.php\\\/2021\\\/03\\\/04\\\/prefeita-de-poco-das-antas-acompanhou-obra-de-ampliacao-estrutural-do-hospital-ouro-branco\\\/#respond\"]}]},{\"@type\":\"WebPage\",\"@id\":\"https:\\\/\\\/folhapopular.info\\\/index.php\\\/2021\\\/03\\\/04\\\/prefeita-de-poco-das-antas-acompanhou-obra-de-ampliacao-estrutural-do-hospital-ouro-branco\\\/\",\"url\":\"https:\\\/\\\/folhapopular.info\\\/index.php\\\/2021\\\/03\\\/04\\\/prefeita-de-poco-das-antas-acompanhou-obra-de-ampliacao-estrutural-do-hospital-ouro-branco\\\/\",\"name\":\"Prefeita de Po\u00e7o das Antas acompanhou obra de amplia\u00e7\u00e3o estrutural do Hospital Ouro Branco - Folha Popular\",\"isPartOf\":{\"@id\":\"https:\\\/\\\/folhapopular.info\\\/#website\"},\"primaryImageOfPage\":{\"@id\":\"https:\\\/\\\/folhapopular.info\\\/index.php\\\/2021\\\/03\\\/04\\\/prefeita-de-poco-das-antas-acompanhou-obra-de-ampliacao-estrutural-do-hospital-ouro-branco\\\/#primaryimage\"},\"image\":{\"@id\":\"https:\\\/\\\/folhapopular.info\\\/index.php\\\/2021\\\/03\\\/04\\\/prefeita-de-poco-das-antas-acompanhou-obra-de-ampliacao-estrutural-do-hospital-ouro-branco\\\/#primaryimage\"},\"thumbnailUrl\":\"https:\\\/\\\/folhapopular.info\\\/wp-content\\\/uploads\\\/2021\\\/03\\\/1-Prefeita-acompanha-obra-de-ampliacao-estrutural-do-HOB_divulgacao-e1614883962647.jpeg\",\"datePublished\":\"2021-03-04T18:53:01+00:00\",\"dateModified\":\"2021-03-04T18:53:06+00:00\",\"author\":{\"@id\":\"https:\\\/\\\/folhapopular.info\\\/#\\\/schema\\\/person\\\/2814e8a0df7643585a9ca38bc6eb9d4b\"},\"breadcrumb\":{\"@id\":\"https:\\\/\\\/folhapopular.info\\\/index.php\\\/2021\\\/03\\\/04\\\/prefeita-de-poco-das-antas-acompanhou-obra-de-ampliacao-estrutural-do-hospital-ouro-branco\\\/#breadcrumb\"},\"inLanguage\":\"pt-BR\",\"potentialAction\":[{\"@type\":\"ReadAction\",\"target\":[\"https:\\\/\\\/folhapopular.info\\\/index.php\\\/2021\\\/03\\\/04\\\/prefeita-de-poco-das-antas-acompanhou-obra-de-ampliacao-estrutural-do-hospital-ouro-branco\\\/\"]}]},{\"@type\":\"ImageObject\",\"inLanguage\":\"pt-BR\",\"@id\":\"https:\\\/\\\/folhapopular.info\\\/index.php\\\/2021\\\/03\\\/04\\\/prefeita-de-poco-das-antas-acompanhou-obra-de-ampliacao-estrutural-do-hospital-ouro-branco\\\/#primaryimage\",\"url\":\"https:\\\/\\\/folhapopular.info\\\/wp-content\\\/uploads\\\/2021\\\/03\\\/1-Prefeita-acompanha-obra-de-ampliacao-estrutural-do-HOB_divulgacao-e1614883962647.jpeg\",\"contentUrl\":\"https:\\\/\\\/folhapopular.info\\\/wp-content\\\/uploads\\\/2021\\\/03\\\/1-Prefeita-acompanha-obra-de-ampliacao-estrutural-do-HOB_divulgacao-e1614883962647.jpeg\",\"width\":800,\"height\":600,\"caption\":\"Munic\u00edpios atendidos pela casa de sa\u00fade est\u00e3o unindo esfor\u00e7os para ampliar a capacidade de atendimento \\\/ Cr\u00e9dito da foto: Divulga\u00e7\u00e3o\"},{\"@type\":\"BreadcrumbList\",\"@id\":\"https:\\\/\\\/folhapopular.info\\\/index.php\\\/2021\\\/03\\\/04\\\/prefeita-de-poco-das-antas-acompanhou-obra-de-ampliacao-estrutural-do-hospital-ouro-branco\\\/#breadcrumb\",\"itemListElement\":[{\"@type\":\"ListItem\",\"position\":1,\"name\":\"In\u00edcio\",\"item\":\"https:\\\/\\\/folhapopular.info\\\/\"},{\"@type\":\"ListItem\",\"position\":2,\"name\":\"Prefeita de Po\u00e7o das Antas acompanhou obra de amplia\u00e7\u00e3o estrutural do Hospital Ouro Branco\"}]},{\"@type\":\"WebSite\",\"@id\":\"https:\\\/\\\/folhapopular.info\\\/#website\",\"url\":\"https:\\\/\\\/folhapopular.info\\\/\",\"name\":\"Folha Popular\",\"description\":\"Onde voc\u00ea tem vez e voz\",\"potentialAction\":[{\"@type\":\"SearchAction\",\"target\":{\"@type\":\"EntryPoint\",\"urlTemplate\":\"https:\\\/\\\/folhapopular.info\\\/?s={search_term_string}\"},\"query-input\":{\"@type\":\"PropertyValueSpecification\",\"valueRequired\":true,\"valueName\":\"search_term_string\"}}],\"inLanguage\":\"pt-BR\"},{\"@type\":\"Person\",\"@id\":\"https:\\\/\\\/folhapopular.info\\\/#\\\/schema\\\/person\\\/2814e8a0df7643585a9ca38bc6eb9d4b\",\"name\":\"Reda\u00e7\u00e3o Folha Popular\",\"image\":{\"@type\":\"ImageObject\",\"inLanguage\":\"pt-BR\",\"@id\":\"https:\\\/\\\/folhapopular.info\\\/wp-content\\\/uploads\\\/2026\\\/04\\\/Folha-1.webp\",\"url\":\"https:\\\/\\\/folhapopular.info\\\/wp-content\\\/uploads\\\/2026\\\/04\\\/Folha-1.webp\",\"contentUrl\":\"https:\\\/\\\/folhapopular.info\\\/wp-content\\\/uploads\\\/2026\\\/04\\\/Folha-1.webp\",\"caption\":\"Reda\u00e7\u00e3o Folha Popular\"},\"url\":\"https:\\\/\\\/folhapopular.info\\\/index.php\\\/author\\\/redacao\\\/\"}]}<\/script>\n<!-- \/ Yoast SEO plugin. -->","yoast_head_json":{"title":"Prefeita de Po\u00e7o das Antas acompanhou obra de amplia\u00e7\u00e3o estrutural do Hospital Ouro Branco - Folha Popular","robots":{"index":"index","follow":"follow","max-snippet":"max-snippet:-1","max-image-preview":"max-image-preview:large","max-video-preview":"max-video-preview:-1"},"canonical":"https:\/\/folhapopular.info\/index.php\/2021\/03\/04\/prefeita-de-poco-das-antas-acompanhou-obra-de-ampliacao-estrutural-do-hospital-ouro-branco\/","og_locale":"pt_BR","og_type":"article","og_title":"Prefeita de Po\u00e7o das Antas acompanhou obra de amplia\u00e7\u00e3o estrutural do Hospital Ouro Branco - Folha Popular","og_description":"A prefeita de Po\u00e7o das Antas, V\u00e2nia Brackmann, acompanhou na manh\u00e3 de hoje, 4 de mar\u00e7o, as obras de organiza\u00e7\u00e3o estrutural do Hospital Ouro Branco (HOB) que ir\u00e3o ampliar a quantidade de leitos e a capacidade de atendimento aos pacientes com Covid-19 da regi\u00e3o. O Munic\u00edpio, assim como os demais atendidos pela casa de sa\u00fade, [&hellip;]","og_url":"https:\/\/folhapopular.info\/index.php\/2021\/03\/04\/prefeita-de-poco-das-antas-acompanhou-obra-de-ampliacao-estrutural-do-hospital-ouro-branco\/","og_site_name":"Folha Popular","article_published_time":"2021-03-04T18:53:01+00:00","article_modified_time":"2021-03-04T18:53:06+00:00","og_image":[{"width":800,"height":600,"url":"https:\/\/folhapopular.info\/wp-content\/uploads\/2021\/03\/1-Prefeita-acompanha-obra-de-ampliacao-estrutural-do-HOB_divulgacao-e1614883962647.jpeg","type":"image\/jpeg"}],"author":"Reda\u00e7\u00e3o Folha Popular","twitter_card":"summary_large_image","twitter_misc":{"Escrito por":"Reda\u00e7\u00e3o Folha Popular","Est. tempo de leitura":"2 minutos"},"schema":{"@context":"https:\/\/schema.org","@graph":[{"@type":"Article","@id":"https:\/\/folhapopular.info\/index.php\/2021\/03\/04\/prefeita-de-poco-das-antas-acompanhou-obra-de-ampliacao-estrutural-do-hospital-ouro-branco\/#article","isPartOf":{"@id":"https:\/\/folhapopular.info\/index.php\/2021\/03\/04\/prefeita-de-poco-das-antas-acompanhou-obra-de-ampliacao-estrutural-do-hospital-ouro-branco\/"},"author":{"name":"Reda\u00e7\u00e3o Folha Popular","@id":"https:\/\/folhapopular.info\/#\/schema\/person\/2814e8a0df7643585a9ca38bc6eb9d4b"},"headline":"Prefeita de Po\u00e7o das Antas acompanhou obra de amplia\u00e7\u00e3o estrutural do Hospital Ouro Branco","datePublished":"2021-03-04T18:53:01+00:00","dateModified":"2021-03-04T18:53:06+00:00","mainEntityOfPage":{"@id":"https:\/\/folhapopular.info\/index.php\/2021\/03\/04\/prefeita-de-poco-das-antas-acompanhou-obra-de-ampliacao-estrutural-do-hospital-ouro-branco\/"},"wordCount":361,"commentCount":0,"image":{"@id":"https:\/\/folhapopular.info\/index.php\/2021\/03\/04\/prefeita-de-poco-das-antas-acompanhou-obra-de-ampliacao-estrutural-do-hospital-ouro-branco\/#primaryimage"},"thumbnailUrl":"https:\/\/folhapopular.info\/wp-content\/uploads\/2021\/03\/1-Prefeita-acompanha-obra-de-ampliacao-estrutural-do-HOB_divulgacao-e1614883962647.jpeg","keywords":["Hospital Ouro Branco","Po\u00e7o das Antas"],"articleSection":["Destaques","Geral"],"inLanguage":"pt-BR","potentialAction":[{"@type":"CommentAction","name":"Comment","target":["https:\/\/folhapopular.info\/index.php\/2021\/03\/04\/prefeita-de-poco-das-antas-acompanhou-obra-de-ampliacao-estrutural-do-hospital-ouro-branco\/#respond"]}]},{"@type":"WebPage","@id":"https:\/\/folhapopular.info\/index.php\/2021\/03\/04\/prefeita-de-poco-das-antas-acompanhou-obra-de-ampliacao-estrutural-do-hospital-ouro-branco\/","url":"https:\/\/folhapopular.info\/index.php\/2021\/03\/04\/prefeita-de-poco-das-antas-acompanhou-obra-de-ampliacao-estrutural-do-hospital-ouro-branco\/","name":"Prefeita de Po\u00e7o das Antas acompanhou obra de amplia\u00e7\u00e3o estrutural do Hospital Ouro Branco - Folha Popular","isPartOf":{"@id":"https:\/\/folhapopular.info\/#website"},"primaryImageOfPage":{"@id":"https:\/\/folhapopular.info\/index.php\/2021\/03\/04\/prefeita-de-poco-das-antas-acompanhou-obra-de-ampliacao-estrutural-do-hospital-ouro-branco\/#primaryimage"},"image":{"@id":"https:\/\/folhapopular.info\/index.php\/2021\/03\/04\/prefeita-de-poco-das-antas-acompanhou-obra-de-ampliacao-estrutural-do-hospital-ouro-branco\/#primaryimage"},"thumbnailUrl":"https:\/\/folhapopular.info\/wp-content\/uploads\/2021\/03\/1-Prefeita-acompanha-obra-de-ampliacao-estrutural-do-HOB_divulgacao-e1614883962647.jpeg","datePublished":"2021-03-04T18:53:01+00:00","dateModified":"2021-03-04T18:53:06+00:00","author":{"@id":"https:\/\/folhapopular.info\/#\/schema\/person\/2814e8a0df7643585a9ca38bc6eb9d4b"},"breadcrumb":{"@id":"https:\/\/folhapopular.info\/index.php\/2021\/03\/04\/prefeita-de-poco-das-antas-acompanhou-obra-de-ampliacao-estrutural-do-hospital-ouro-branco\/#breadcrumb"},"inLanguage":"pt-BR","potentialAction":[{"@type":"ReadAction","target":["https:\/\/folhapopular.info\/index.php\/2021\/03\/04\/prefeita-de-poco-das-antas-acompanhou-obra-de-ampliacao-estrutural-do-hospital-ouro-branco\/"]}]},{"@type":"ImageObject","inLanguage":"pt-BR","@id":"https:\/\/folhapopular.info\/index.php\/2021\/03\/04\/prefeita-de-poco-das-antas-acompanhou-obra-de-ampliacao-estrutural-do-hospital-ouro-branco\/#primaryimage","url":"https:\/\/folhapopular.info\/wp-content\/uploads\/2021\/03\/1-Prefeita-acompanha-obra-de-ampliacao-estrutural-do-HOB_divulgacao-e1614883962647.jpeg","contentUrl":"https:\/\/folhapopular.info\/wp-content\/uploads\/2021\/03\/1-Prefeita-acompanha-obra-de-ampliacao-estrutural-do-HOB_divulgacao-e1614883962647.jpeg","width":800,"height":600,"caption":"Munic\u00edpios atendidos pela casa de sa\u00fade est\u00e3o unindo esfor\u00e7os para ampliar a capacidade de atendimento \/ Cr\u00e9dito da foto: Divulga\u00e7\u00e3o"},{"@type":"BreadcrumbList","@id":"https:\/\/folhapopular.info\/index.php\/2021\/03\/04\/prefeita-de-poco-das-antas-acompanhou-obra-de-ampliacao-estrutural-do-hospital-ouro-branco\/#breadcrumb","itemListElement":[{"@type":"ListItem","position":1,"name":"In\u00edcio","item":"https:\/\/folhapopular.info\/"},{"@type":"ListItem","position":2,"name":"Prefeita de Po\u00e7o das Antas acompanhou obra de amplia\u00e7\u00e3o estrutural do Hospital Ouro Branco"}]},{"@type":"WebSite","@id":"https:\/\/folhapopular.info\/#website","url":"https:\/\/folhapopular.info\/","name":"Folha Popular","description":"Onde voc\u00ea tem vez e voz","potentialAction":[{"@type":"SearchAction","target":{"@type":"EntryPoint","urlTemplate":"https:\/\/folhapopular.info\/?s={search_term_string}"},"query-input":{"@type":"PropertyValueSpecification","valueRequired":true,"valueName":"search_term_string"}}],"inLanguage":"pt-BR"},{"@type":"Person","@id":"https:\/\/folhapopular.info\/#\/schema\/person\/2814e8a0df7643585a9ca38bc6eb9d4b","name":"Reda\u00e7\u00e3o Folha Popular","image":{"@type":"ImageObject","inLanguage":"pt-BR","@id":"https:\/\/folhapopular.info\/wp-content\/uploads\/2026\/04\/Folha-1.webp","url":"https:\/\/folhapopular.info\/wp-content\/uploads\/2026\/04\/Folha-1.webp","contentUrl":"https:\/\/folhapopular.info\/wp-content\/uploads\/2026\/04\/Folha-1.webp","caption":"Reda\u00e7\u00e3o Folha Popular"},"url":"https:\/\/folhapopular.info\/index.php\/author\/redacao\/"}]}},"jetpack_featured_media_url":"https:\/\/folhapopular.info\/wp-content\/uploads\/2021\/03\/1-Prefeita-acompanha-obra-de-ampliacao-estrutural-do-HOB_divulgacao-e1614883962647.jpeg","jetpack_sharing_enabled":true,"amp_enabled":true,"_links":{"self":[{"href":"https:\/\/folhapopular.info\/index.php\/wp-json\/wp\/v2\/posts\/80357","targetHints":{"allow":["GET"]}}],"collection":[{"href":"https:\/\/folhapopular.info\/index.php\/wp-json\/wp\/v2\/posts"}],"about":[{"href":"https:\/\/folhapopular.info\/index.php\/wp-json\/wp\/v2\/types\/post"}],"author":[{"embeddable":true,"href":"https:\/\/folhapopular.info\/index.php\/wp-json\/wp\/v2\/users\/8"}],"replies":[{"embeddable":true,"href":"https:\/\/folhapopular.info\/index.php\/wp-json\/wp\/v2\/comments?post=80357"}],"version-history":[{"count":0,"href":"https:\/\/folhapopular.info\/index.php\/wp-json\/wp\/v2\/posts\/80357\/revisions"}],"wp:featuredmedia":[{"embeddable":true,"href":"https:\/\/folhapopular.info\/index.php\/wp-json\/wp\/v2\/media\/80358"}],"wp:attachment":[{"href":"https:\/\/folhapopular.info\/index.php\/wp-json\/wp\/v2\/media?parent=80357"}],"wp:term":[{"taxonomy":"category","embeddable":true,"href":"https:\/\/folhapopular.info\/index.php\/wp-json\/wp\/v2\/categories?post=80357"},{"taxonomy":"post_tag","embeddable":true,"href":"https:\/\/folhapopular.info\/index.php\/wp-json\/wp\/v2\/tags?post=80357"}],"curies":[{"name":"wp","href":"https:\/\/api.w.org\/{rel}","templated":true}]}}