{"id":80421,"date":"2021-03-05T09:00:00","date_gmt":"2021-03-05T12:00:00","guid":{"rendered":"https:\/\/folhapopular.info\/?p=80421"},"modified":"2021-03-05T23:24:03","modified_gmt":"2021-03-06T02:24:03","slug":"felipe-palm-fininho-conta-suas-historias-de-campeao-nesta-sexta","status":"publish","type":"post","link":"https:\/\/folhapopular.info\/index.php\/2021\/03\/05\/felipe-palm-fininho-conta-suas-historias-de-campeao-nesta-sexta\/","title":{"rendered":"Felipe Palm &#8220;Fininho&#8221; conta suas Hist\u00f3rias de Campe\u00e3o nesta sexta"},"content":{"rendered":"\n<p>O programa Bola na Trave da R\u00e1dio Popular FM continua com Hist\u00f3rias de Campe\u00e3o nesta sexta-feira (5\/3). A partir das 13h, o entrevistado \u00e9 o zagueiro Felipe Palm, mais conhecido por &#8220;Fininho&#8221;, de Teut\u00f4nia.<\/p>\n\n\n\n<p>O apelido ele herdou do pai. O amor pelo futebol vem do av\u00f4 e do pai. Nos anos de 2013, 2014 e 2015, Felipe conquistou o t\u00edtulo do Campeonato Municipal de Teut\u00f4nia por Esperan\u00e7a e Ouro Verde.<\/p>\n\n\n\n<p><strong>Essas e outras hist\u00f3rias, imperd\u00edvel, hoje, \u00e0s 13h, no Bola na Trave da 96,9 FM<\/strong>.<\/p>\n\n\n\n<p><strong><a href=\"https:\/\/popular.fm.br\/index.php\/2021\/03\/05\/ouca-bola-na-trave-05-03-2021\/\">Ou\u00e7a o programa completo aqui.<\/a><\/strong><\/p>\n","protected":false},"excerpt":{"rendered":"<p>O programa Bola na Trave da R\u00e1dio Popular FM continua com Hist\u00f3rias de Campe\u00e3o nesta sexta-feira (5\/3). A partir das 13h, o entrevistado \u00e9 o zagueiro Felipe Palm, mais conhecido por &#8220;Fininho&#8221;, de Teut\u00f4nia. O apelido ele herdou do pai. O amor pelo futebol vem do av\u00f4 e do pai. Nos anos de 2013, 2014 [&hellip;]<\/p>\n","protected":false},"author":7,"featured_media":80456,"comment_status":"open","ping_status":"open","sticky":false,"template":"","format":"standard","meta":{"pmpro_default_level":"","_jetpack_memberships_contains_paid_content":false,"footnotes":""},"categories":[5,240],"tags":[6432,6136],"class_list":{"0":"post-80421","1":"post","2":"type-post","3":"status-publish","4":"format-standard","5":"has-post-thumbnail","7":"category-esportes","8":"category-futebol-amador","9":"tag-bola-na-trave","10":"tag-historias-de-campeao","11":"pmpro-has-access"},"yoast_head":"<!-- This site is optimized with the Yoast SEO plugin v27.5 - https:\/\/yoast.com\/product\/yoast-seo-wordpress\/ -->\n<title>Felipe Palm &quot;Fininho&quot; conta suas Hist\u00f3rias de Campe\u00e3o nesta sexta - Folha Popular<\/title>\n<meta name=\"robots\" content=\"index, follow, max-snippet:-1, max-image-preview:large, max-video-preview:-1\" \/>\n<link rel=\"canonical\" href=\"https:\/\/folhapopular.info\/index.php\/2021\/03\/05\/felipe-palm-fininho-conta-suas-historias-de-campeao-nesta-sexta\/\" \/>\n<meta property=\"og:locale\" content=\"pt_BR\" \/>\n<meta property=\"og:type\" content=\"article\" \/>\n<meta property=\"og:title\" content=\"Felipe Palm &quot;Fininho&quot; conta suas Hist\u00f3rias de Campe\u00e3o nesta sexta - Folha Popular\" \/>\n<meta property=\"og:description\" content=\"O programa Bola na Trave da R\u00e1dio Popular FM continua com Hist\u00f3rias de Campe\u00e3o nesta sexta-feira (5\/3). A partir das 13h, o entrevistado \u00e9 o zagueiro Felipe Palm, mais conhecido por &#8220;Fininho&#8221;, de Teut\u00f4nia. O apelido ele herdou do pai. O amor pelo futebol vem do av\u00f4 e do pai. Nos anos de 2013, 2014 [&hellip;]\" \/>\n<meta property=\"og:url\" content=\"https:\/\/folhapopular.info\/index.php\/2021\/03\/05\/felipe-palm-fininho-conta-suas-historias-de-campeao-nesta-sexta\/\" \/>\n<meta property=\"og:site_name\" content=\"Folha Popular\" \/>\n<meta property=\"article:published_time\" content=\"2021-03-05T12:00:00+00:00\" \/>\n<meta property=\"article:modified_time\" content=\"2021-03-06T02:24:03+00:00\" \/>\n<meta property=\"og:image\" content=\"https:\/\/folhapopular.info\/wp-content\/uploads\/2021\/03\/Tres-geracoes-da-Familia-Palm-no-Esperanca-Fininho-com-o-pai-d-e-o-avo-e-e-a-taca-do-titulo-2015-Medio-1.jpg\" \/>\n\t<meta property=\"og:image:width\" content=\"768\" \/>\n\t<meta property=\"og:image:height\" content=\"1211\" \/>\n\t<meta property=\"og:image:type\" content=\"image\/jpeg\" \/>\n<meta name=\"author\" content=\"Lucas Leandro Brune\" \/>\n<meta name=\"twitter:card\" content=\"summary_large_image\" \/>\n<meta name=\"twitter:label1\" content=\"Escrito por\" \/>\n\t<meta name=\"twitter:data1\" content=\"Lucas Leandro Brune\" \/>\n\t<meta name=\"twitter:label2\" content=\"Est. tempo de leitura\" \/>\n\t<meta name=\"twitter:data2\" content=\"1 minuto\" \/>\n<script type=\"application\/ld+json\" class=\"yoast-schema-graph\">{\"@context\":\"https:\\\/\\\/schema.org\",\"@graph\":[{\"@type\":\"Article\",\"@id\":\"https:\\\/\\\/folhapopular.info\\\/index.php\\\/2021\\\/03\\\/05\\\/felipe-palm-fininho-conta-suas-historias-de-campeao-nesta-sexta\\\/#article\",\"isPartOf\":{\"@id\":\"https:\\\/\\\/folhapopular.info\\\/index.php\\\/2021\\\/03\\\/05\\\/felipe-palm-fininho-conta-suas-historias-de-campeao-nesta-sexta\\\/\"},\"author\":{\"name\":\"Lucas Leandro Brune\",\"@id\":\"https:\\\/\\\/folhapopular.info\\\/#\\\/schema\\\/person\\\/533a15f60cd49e81ab3a90b4ca33cb36\"},\"headline\":\"Felipe Palm &#8220;Fininho&#8221; conta suas Hist\u00f3rias de Campe\u00e3o nesta sexta\",\"datePublished\":\"2021-03-05T12:00:00+00:00\",\"dateModified\":\"2021-03-06T02:24:03+00:00\",\"mainEntityOfPage\":{\"@id\":\"https:\\\/\\\/folhapopular.info\\\/index.php\\\/2021\\\/03\\\/05\\\/felipe-palm-fininho-conta-suas-historias-de-campeao-nesta-sexta\\\/\"},\"wordCount\":107,\"commentCount\":0,\"image\":{\"@id\":\"https:\\\/\\\/folhapopular.info\\\/index.php\\\/2021\\\/03\\\/05\\\/felipe-palm-fininho-conta-suas-historias-de-campeao-nesta-sexta\\\/#primaryimage\"},\"thumbnailUrl\":\"https:\\\/\\\/folhapopular.info\\\/wp-content\\\/uploads\\\/2021\\\/03\\\/Tres-geracoes-da-Familia-Palm-no-Esperanca-Fininho-com-o-pai-d-e-o-avo-e-e-a-taca-do-titulo-2015-Medio-1.jpg\",\"keywords\":[\"Bola na Trave\",\"Hist\u00f3rias de campe\u00e3o\"],\"articleSection\":[\"Esportes\",\"Futebol Amador\"],\"inLanguage\":\"pt-BR\",\"potentialAction\":[{\"@type\":\"CommentAction\",\"name\":\"Comment\",\"target\":[\"https:\\\/\\\/folhapopular.info\\\/index.php\\\/2021\\\/03\\\/05\\\/felipe-palm-fininho-conta-suas-historias-de-campeao-nesta-sexta\\\/#respond\"]}]},{\"@type\":\"WebPage\",\"@id\":\"https:\\\/\\\/folhapopular.info\\\/index.php\\\/2021\\\/03\\\/05\\\/felipe-palm-fininho-conta-suas-historias-de-campeao-nesta-sexta\\\/\",\"url\":\"https:\\\/\\\/folhapopular.info\\\/index.php\\\/2021\\\/03\\\/05\\\/felipe-palm-fininho-conta-suas-historias-de-campeao-nesta-sexta\\\/\",\"name\":\"Felipe Palm \\\"Fininho\\\" conta suas Hist\u00f3rias de Campe\u00e3o nesta sexta - Folha Popular\",\"isPartOf\":{\"@id\":\"https:\\\/\\\/folhapopular.info\\\/#website\"},\"primaryImageOfPage\":{\"@id\":\"https:\\\/\\\/folhapopular.info\\\/index.php\\\/2021\\\/03\\\/05\\\/felipe-palm-fininho-conta-suas-historias-de-campeao-nesta-sexta\\\/#primaryimage\"},\"image\":{\"@id\":\"https:\\\/\\\/folhapopular.info\\\/index.php\\\/2021\\\/03\\\/05\\\/felipe-palm-fininho-conta-suas-historias-de-campeao-nesta-sexta\\\/#primaryimage\"},\"thumbnailUrl\":\"https:\\\/\\\/folhapopular.info\\\/wp-content\\\/uploads\\\/2021\\\/03\\\/Tres-geracoes-da-Familia-Palm-no-Esperanca-Fininho-com-o-pai-d-e-o-avo-e-e-a-taca-do-titulo-2015-Medio-1.jpg\",\"datePublished\":\"2021-03-05T12:00:00+00:00\",\"dateModified\":\"2021-03-06T02:24:03+00:00\",\"author\":{\"@id\":\"https:\\\/\\\/folhapopular.info\\\/#\\\/schema\\\/person\\\/533a15f60cd49e81ab3a90b4ca33cb36\"},\"breadcrumb\":{\"@id\":\"https:\\\/\\\/folhapopular.info\\\/index.php\\\/2021\\\/03\\\/05\\\/felipe-palm-fininho-conta-suas-historias-de-campeao-nesta-sexta\\\/#breadcrumb\"},\"inLanguage\":\"pt-BR\",\"potentialAction\":[{\"@type\":\"ReadAction\",\"target\":[\"https:\\\/\\\/folhapopular.info\\\/index.php\\\/2021\\\/03\\\/05\\\/felipe-palm-fininho-conta-suas-historias-de-campeao-nesta-sexta\\\/\"]}]},{\"@type\":\"ImageObject\",\"inLanguage\":\"pt-BR\",\"@id\":\"https:\\\/\\\/folhapopular.info\\\/index.php\\\/2021\\\/03\\\/05\\\/felipe-palm-fininho-conta-suas-historias-de-campeao-nesta-sexta\\\/#primaryimage\",\"url\":\"https:\\\/\\\/folhapopular.info\\\/wp-content\\\/uploads\\\/2021\\\/03\\\/Tres-geracoes-da-Familia-Palm-no-Esperanca-Fininho-com-o-pai-d-e-o-avo-e-e-a-taca-do-titulo-2015-Medio-1.jpg\",\"contentUrl\":\"https:\\\/\\\/folhapopular.info\\\/wp-content\\\/uploads\\\/2021\\\/03\\\/Tres-geracoes-da-Familia-Palm-no-Esperanca-Fininho-com-o-pai-d-e-o-avo-e-e-a-taca-do-titulo-2015-Medio-1.jpg\",\"width\":768,\"height\":1211,\"caption\":\"Tr\u00eas gera\u00e7\u00f5es da Fam\u00edlia Palm no Esperan\u00e7a - Fininho com o pai (d) e o av\u00f4 (e) e a ta\u00e7a do t\u00edtulo 2015 \\\/ Cr\u00e9dito: Arquivo FP\"},{\"@type\":\"BreadcrumbList\",\"@id\":\"https:\\\/\\\/folhapopular.info\\\/index.php\\\/2021\\\/03\\\/05\\\/felipe-palm-fininho-conta-suas-historias-de-campeao-nesta-sexta\\\/#breadcrumb\",\"itemListElement\":[{\"@type\":\"ListItem\",\"position\":1,\"name\":\"In\u00edcio\",\"item\":\"https:\\\/\\\/folhapopular.info\\\/\"},{\"@type\":\"ListItem\",\"position\":2,\"name\":\"Felipe Palm &#8220;Fininho&#8221; conta suas Hist\u00f3rias de Campe\u00e3o nesta sexta\"}]},{\"@type\":\"WebSite\",\"@id\":\"https:\\\/\\\/folhapopular.info\\\/#website\",\"url\":\"https:\\\/\\\/folhapopular.info\\\/\",\"name\":\"Folha Popular\",\"description\":\"Onde voc\u00ea tem vez e voz\",\"potentialAction\":[{\"@type\":\"SearchAction\",\"target\":{\"@type\":\"EntryPoint\",\"urlTemplate\":\"https:\\\/\\\/folhapopular.info\\\/?s={search_term_string}\"},\"query-input\":{\"@type\":\"PropertyValueSpecification\",\"valueRequired\":true,\"valueName\":\"search_term_string\"}}],\"inLanguage\":\"pt-BR\"},{\"@type\":\"Person\",\"@id\":\"https:\\\/\\\/folhapopular.info\\\/#\\\/schema\\\/person\\\/533a15f60cd49e81ab3a90b4ca33cb36\",\"name\":\"Lucas Leandro Brune\",\"image\":{\"@type\":\"ImageObject\",\"inLanguage\":\"pt-BR\",\"@id\":\"https:\\\/\\\/folhapopular.info\\\/wp-content\\\/uploads\\\/2026\\\/04\\\/LUCAS-1-1.webp\",\"url\":\"https:\\\/\\\/folhapopular.info\\\/wp-content\\\/uploads\\\/2026\\\/04\\\/LUCAS-1-1.webp\",\"contentUrl\":\"https:\\\/\\\/folhapopular.info\\\/wp-content\\\/uploads\\\/2026\\\/04\\\/LUCAS-1-1.webp\",\"caption\":\"Lucas Leandro Brune\"},\"description\":\"Jornalista Profissional Diplomado MTB\\\/RS 14.333\",\"url\":\"https:\\\/\\\/folhapopular.info\\\/index.php\\\/author\\\/lucas-brune\\\/\"}]}<\/script>\n<!-- \/ Yoast SEO plugin. -->","yoast_head_json":{"title":"Felipe Palm \"Fininho\" conta suas Hist\u00f3rias de Campe\u00e3o nesta sexta - Folha Popular","robots":{"index":"index","follow":"follow","max-snippet":"max-snippet:-1","max-image-preview":"max-image-preview:large","max-video-preview":"max-video-preview:-1"},"canonical":"https:\/\/folhapopular.info\/index.php\/2021\/03\/05\/felipe-palm-fininho-conta-suas-historias-de-campeao-nesta-sexta\/","og_locale":"pt_BR","og_type":"article","og_title":"Felipe Palm \"Fininho\" conta suas Hist\u00f3rias de Campe\u00e3o nesta sexta - Folha Popular","og_description":"O programa Bola na Trave da R\u00e1dio Popular FM continua com Hist\u00f3rias de Campe\u00e3o nesta sexta-feira (5\/3). A partir das 13h, o entrevistado \u00e9 o zagueiro Felipe Palm, mais conhecido por &#8220;Fininho&#8221;, de Teut\u00f4nia. O apelido ele herdou do pai. O amor pelo futebol vem do av\u00f4 e do pai. Nos anos de 2013, 2014 [&hellip;]","og_url":"https:\/\/folhapopular.info\/index.php\/2021\/03\/05\/felipe-palm-fininho-conta-suas-historias-de-campeao-nesta-sexta\/","og_site_name":"Folha Popular","article_published_time":"2021-03-05T12:00:00+00:00","article_modified_time":"2021-03-06T02:24:03+00:00","og_image":[{"width":768,"height":1211,"url":"https:\/\/folhapopular.info\/wp-content\/uploads\/2021\/03\/Tres-geracoes-da-Familia-Palm-no-Esperanca-Fininho-com-o-pai-d-e-o-avo-e-e-a-taca-do-titulo-2015-Medio-1.jpg","type":"image\/jpeg"}],"author":"Lucas Leandro Brune","twitter_card":"summary_large_image","twitter_misc":{"Escrito por":"Lucas Leandro Brune","Est. tempo de leitura":"1 minuto"},"schema":{"@context":"https:\/\/schema.org","@graph":[{"@type":"Article","@id":"https:\/\/folhapopular.info\/index.php\/2021\/03\/05\/felipe-palm-fininho-conta-suas-historias-de-campeao-nesta-sexta\/#article","isPartOf":{"@id":"https:\/\/folhapopular.info\/index.php\/2021\/03\/05\/felipe-palm-fininho-conta-suas-historias-de-campeao-nesta-sexta\/"},"author":{"name":"Lucas Leandro Brune","@id":"https:\/\/folhapopular.info\/#\/schema\/person\/533a15f60cd49e81ab3a90b4ca33cb36"},"headline":"Felipe Palm &#8220;Fininho&#8221; conta suas Hist\u00f3rias de Campe\u00e3o nesta sexta","datePublished":"2021-03-05T12:00:00+00:00","dateModified":"2021-03-06T02:24:03+00:00","mainEntityOfPage":{"@id":"https:\/\/folhapopular.info\/index.php\/2021\/03\/05\/felipe-palm-fininho-conta-suas-historias-de-campeao-nesta-sexta\/"},"wordCount":107,"commentCount":0,"image":{"@id":"https:\/\/folhapopular.info\/index.php\/2021\/03\/05\/felipe-palm-fininho-conta-suas-historias-de-campeao-nesta-sexta\/#primaryimage"},"thumbnailUrl":"https:\/\/folhapopular.info\/wp-content\/uploads\/2021\/03\/Tres-geracoes-da-Familia-Palm-no-Esperanca-Fininho-com-o-pai-d-e-o-avo-e-e-a-taca-do-titulo-2015-Medio-1.jpg","keywords":["Bola na Trave","Hist\u00f3rias de campe\u00e3o"],"articleSection":["Esportes","Futebol Amador"],"inLanguage":"pt-BR","potentialAction":[{"@type":"CommentAction","name":"Comment","target":["https:\/\/folhapopular.info\/index.php\/2021\/03\/05\/felipe-palm-fininho-conta-suas-historias-de-campeao-nesta-sexta\/#respond"]}]},{"@type":"WebPage","@id":"https:\/\/folhapopular.info\/index.php\/2021\/03\/05\/felipe-palm-fininho-conta-suas-historias-de-campeao-nesta-sexta\/","url":"https:\/\/folhapopular.info\/index.php\/2021\/03\/05\/felipe-palm-fininho-conta-suas-historias-de-campeao-nesta-sexta\/","name":"Felipe Palm \"Fininho\" conta suas Hist\u00f3rias de Campe\u00e3o nesta sexta - Folha Popular","isPartOf":{"@id":"https:\/\/folhapopular.info\/#website"},"primaryImageOfPage":{"@id":"https:\/\/folhapopular.info\/index.php\/2021\/03\/05\/felipe-palm-fininho-conta-suas-historias-de-campeao-nesta-sexta\/#primaryimage"},"image":{"@id":"https:\/\/folhapopular.info\/index.php\/2021\/03\/05\/felipe-palm-fininho-conta-suas-historias-de-campeao-nesta-sexta\/#primaryimage"},"thumbnailUrl":"https:\/\/folhapopular.info\/wp-content\/uploads\/2021\/03\/Tres-geracoes-da-Familia-Palm-no-Esperanca-Fininho-com-o-pai-d-e-o-avo-e-e-a-taca-do-titulo-2015-Medio-1.jpg","datePublished":"2021-03-05T12:00:00+00:00","dateModified":"2021-03-06T02:24:03+00:00","author":{"@id":"https:\/\/folhapopular.info\/#\/schema\/person\/533a15f60cd49e81ab3a90b4ca33cb36"},"breadcrumb":{"@id":"https:\/\/folhapopular.info\/index.php\/2021\/03\/05\/felipe-palm-fininho-conta-suas-historias-de-campeao-nesta-sexta\/#breadcrumb"},"inLanguage":"pt-BR","potentialAction":[{"@type":"ReadAction","target":["https:\/\/folhapopular.info\/index.php\/2021\/03\/05\/felipe-palm-fininho-conta-suas-historias-de-campeao-nesta-sexta\/"]}]},{"@type":"ImageObject","inLanguage":"pt-BR","@id":"https:\/\/folhapopular.info\/index.php\/2021\/03\/05\/felipe-palm-fininho-conta-suas-historias-de-campeao-nesta-sexta\/#primaryimage","url":"https:\/\/folhapopular.info\/wp-content\/uploads\/2021\/03\/Tres-geracoes-da-Familia-Palm-no-Esperanca-Fininho-com-o-pai-d-e-o-avo-e-e-a-taca-do-titulo-2015-Medio-1.jpg","contentUrl":"https:\/\/folhapopular.info\/wp-content\/uploads\/2021\/03\/Tres-geracoes-da-Familia-Palm-no-Esperanca-Fininho-com-o-pai-d-e-o-avo-e-e-a-taca-do-titulo-2015-Medio-1.jpg","width":768,"height":1211,"caption":"Tr\u00eas gera\u00e7\u00f5es da Fam\u00edlia Palm no Esperan\u00e7a - Fininho com o pai (d) e o av\u00f4 (e) e a ta\u00e7a do t\u00edtulo 2015 \/ Cr\u00e9dito: Arquivo FP"},{"@type":"BreadcrumbList","@id":"https:\/\/folhapopular.info\/index.php\/2021\/03\/05\/felipe-palm-fininho-conta-suas-historias-de-campeao-nesta-sexta\/#breadcrumb","itemListElement":[{"@type":"ListItem","position":1,"name":"In\u00edcio","item":"https:\/\/folhapopular.info\/"},{"@type":"ListItem","position":2,"name":"Felipe Palm &#8220;Fininho&#8221; conta suas Hist\u00f3rias de Campe\u00e3o nesta sexta"}]},{"@type":"WebSite","@id":"https:\/\/folhapopular.info\/#website","url":"https:\/\/folhapopular.info\/","name":"Folha Popular","description":"Onde voc\u00ea tem vez e voz","potentialAction":[{"@type":"SearchAction","target":{"@type":"EntryPoint","urlTemplate":"https:\/\/folhapopular.info\/?s={search_term_string}"},"query-input":{"@type":"PropertyValueSpecification","valueRequired":true,"valueName":"search_term_string"}}],"inLanguage":"pt-BR"},{"@type":"Person","@id":"https:\/\/folhapopular.info\/#\/schema\/person\/533a15f60cd49e81ab3a90b4ca33cb36","name":"Lucas Leandro Brune","image":{"@type":"ImageObject","inLanguage":"pt-BR","@id":"https:\/\/folhapopular.info\/wp-content\/uploads\/2026\/04\/LUCAS-1-1.webp","url":"https:\/\/folhapopular.info\/wp-content\/uploads\/2026\/04\/LUCAS-1-1.webp","contentUrl":"https:\/\/folhapopular.info\/wp-content\/uploads\/2026\/04\/LUCAS-1-1.webp","caption":"Lucas Leandro Brune"},"description":"Jornalista Profissional Diplomado MTB\/RS 14.333","url":"https:\/\/folhapopular.info\/index.php\/author\/lucas-brune\/"}]}},"jetpack_featured_media_url":"https:\/\/folhapopular.info\/wp-content\/uploads\/2021\/03\/Tres-geracoes-da-Familia-Palm-no-Esperanca-Fininho-com-o-pai-d-e-o-avo-e-e-a-taca-do-titulo-2015-Medio-1.jpg","jetpack_sharing_enabled":true,"amp_enabled":true,"_links":{"self":[{"href":"https:\/\/folhapopular.info\/index.php\/wp-json\/wp\/v2\/posts\/80421","targetHints":{"allow":["GET"]}}],"collection":[{"href":"https:\/\/folhapopular.info\/index.php\/wp-json\/wp\/v2\/posts"}],"about":[{"href":"https:\/\/folhapopular.info\/index.php\/wp-json\/wp\/v2\/types\/post"}],"author":[{"embeddable":true,"href":"https:\/\/folhapopular.info\/index.php\/wp-json\/wp\/v2\/users\/7"}],"replies":[{"embeddable":true,"href":"https:\/\/folhapopular.info\/index.php\/wp-json\/wp\/v2\/comments?post=80421"}],"version-history":[{"count":0,"href":"https:\/\/folhapopular.info\/index.php\/wp-json\/wp\/v2\/posts\/80421\/revisions"}],"wp:featuredmedia":[{"embeddable":true,"href":"https:\/\/folhapopular.info\/index.php\/wp-json\/wp\/v2\/media\/80456"}],"wp:attachment":[{"href":"https:\/\/folhapopular.info\/index.php\/wp-json\/wp\/v2\/media?parent=80421"}],"wp:term":[{"taxonomy":"category","embeddable":true,"href":"https:\/\/folhapopular.info\/index.php\/wp-json\/wp\/v2\/categories?post=80421"},{"taxonomy":"post_tag","embeddable":true,"href":"https:\/\/folhapopular.info\/index.php\/wp-json\/wp\/v2\/tags?post=80421"}],"curies":[{"name":"wp","href":"https:\/\/api.w.org\/{rel}","templated":true}]}}