{"id":80588,"date":"2021-03-09T07:04:06","date_gmt":"2021-03-09T10:04:06","guid":{"rendered":"https:\/\/folhapopular.info\/?p=80588"},"modified":"2021-03-09T07:04:12","modified_gmt":"2021-03-09T10:04:12","slug":"givanildo-conta-historias-de-campeao-hoje-no-bola-na-trave","status":"publish","type":"post","link":"https:\/\/folhapopular.info\/index.php\/2021\/03\/09\/givanildo-conta-historias-de-campeao-hoje-no-bola-na-trave\/","title":{"rendered":"Givanildo conta Hist\u00f3rias de Campe\u00e3o hoje no Bola na Trave"},"content":{"rendered":"\n<p>Nem todos os jogadores t\u00eam o privil\u00e9gio de levantar trof\u00e9us. E j\u00e1 imaginou levantar a ta\u00e7a de campe\u00e3o pelos dois clubes rivais da cidade? O volante e hoje zagueiro Givanildo Senna &#8220;Giva&#8221; tem esse feito no curr\u00edculo do futebol amador.<\/p>\n\n\n\n<p>Campe\u00e3o Regional pelo Riograndense de Daltro Filho (Imigrante) em 2006, levantou o trof\u00e9u no Est\u00e1dio Florestal, em Lajeado.<\/p>\n\n\n\n<p>Anos depois, decidiu encarar o convite feito pelo Ecas do Centro de Imigrante. Pelo Alvi-Negro levou o Tetracampeonato da Ta\u00e7a da Amizade &#8211; 2015, 2016, 2017 e 2018.<\/p>\n\n\n\n<p>Bola na Trave com Givanildo vai ao ar hoje (9\/3), a partir das 13h, <strong><a href=\"http:\/\/www.popular.fm.br\">na R\u00e1dio Popular FM<\/a><\/strong>.<\/p>\n\n\n\n<figure class=\"wp-block-gallery columns-2 is-cropped wp-block-gallery-1 is-layout-flex wp-block-gallery-is-layout-flex\"><ul class=\"blocks-gallery-grid\"><li class=\"blocks-gallery-item\"><figure><img loading=\"lazy\" decoding=\"async\" width=\"1024\" height=\"683\" src=\"https:\/\/folhapopular.info\/wp-content\/uploads\/2021\/03\/giva-1024x683.jpg\" alt=\"\" data-id=\"80587\" data-full-url=\"https:\/\/folhapopular.info\/wp-content\/uploads\/2021\/03\/giva-e1615282625864.jpg\" data-link=\"https:\/\/folhapopular.info\/giva\/\" class=\"wp-image-80587\"\/><figcaption class=\"blocks-gallery-item__caption\">Givanildo levantou o trof\u00e9u de campe\u00e3o regional pelo Riograndense em 2006 \/ Cr\u00e9dito: Arquivo FP<\/figcaption><\/figure><\/li><li class=\"blocks-gallery-item\"><figure><img loading=\"lazy\" decoding=\"async\" width=\"681\" height=\"1024\" src=\"https:\/\/folhapopular.info\/wp-content\/uploads\/2021\/03\/DSC_8907-681x1024.jpg\" alt=\"\" data-id=\"80586\" data-full-url=\"https:\/\/folhapopular.info\/wp-content\/uploads\/2021\/03\/DSC_8907-scaled-e1615282769731.jpg\" data-link=\"https:\/\/folhapopular.info\/dsc_8907\/\" class=\"wp-image-80586\"\/><figcaption class=\"blocks-gallery-item__caption\">Pelo ECAS, Giva participou do tetracampeonato da Ta\u00e7a da Amizade \/ Cr\u00e9dito: Ilocir Jos\u00e9 F\u00fchr \/ Arquivo FP<\/figcaption><\/figure><\/li><\/ul><\/figure>\n","protected":false},"excerpt":{"rendered":"<p>Nem todos os jogadores t\u00eam o privil\u00e9gio de levantar trof\u00e9us. E j\u00e1 imaginou levantar a ta\u00e7a de campe\u00e3o pelos dois clubes rivais da cidade? O volante e hoje zagueiro Givanildo Senna &#8220;Giva&#8221; tem esse feito no curr\u00edculo do futebol amador. Campe\u00e3o Regional pelo Riograndense de Daltro Filho (Imigrante) em 2006, levantou o trof\u00e9u no Est\u00e1dio [&hellip;]<\/p>\n","protected":false},"author":7,"featured_media":80590,"comment_status":"open","ping_status":"open","sticky":false,"template":"","format":"standard","meta":{"pmpro_default_level":"","_jetpack_memberships_contains_paid_content":false,"footnotes":""},"categories":[5,240],"tags":[6432,34],"class_list":{"0":"post-80588","1":"post","2":"type-post","3":"status-publish","4":"format-standard","5":"has-post-thumbnail","7":"category-esportes","8":"category-futebol-amador","9":"tag-bola-na-trave","10":"tag-imigrante","11":"pmpro-has-access"},"yoast_head":"<!-- This site is optimized with the Yoast SEO plugin v27.5 - https:\/\/yoast.com\/product\/yoast-seo-wordpress\/ -->\n<title>Givanildo conta Hist\u00f3rias de Campe\u00e3o hoje no Bola na Trave - Folha Popular<\/title>\n<meta name=\"robots\" content=\"index, follow, max-snippet:-1, max-image-preview:large, max-video-preview:-1\" \/>\n<link rel=\"canonical\" href=\"https:\/\/folhapopular.info\/index.php\/2021\/03\/09\/givanildo-conta-historias-de-campeao-hoje-no-bola-na-trave\/\" \/>\n<meta property=\"og:locale\" content=\"pt_BR\" \/>\n<meta property=\"og:type\" content=\"article\" \/>\n<meta property=\"og:title\" content=\"Givanildo conta Hist\u00f3rias de Campe\u00e3o hoje no Bola na Trave - Folha Popular\" \/>\n<meta property=\"og:description\" content=\"Nem todos os jogadores t\u00eam o privil\u00e9gio de levantar trof\u00e9us. E j\u00e1 imaginou levantar a ta\u00e7a de campe\u00e3o pelos dois clubes rivais da cidade? O volante e hoje zagueiro Givanildo Senna &#8220;Giva&#8221; tem esse feito no curr\u00edculo do futebol amador. Campe\u00e3o Regional pelo Riograndense de Daltro Filho (Imigrante) em 2006, levantou o trof\u00e9u no Est\u00e1dio [&hellip;]\" \/>\n<meta property=\"og:url\" content=\"https:\/\/folhapopular.info\/index.php\/2021\/03\/09\/givanildo-conta-historias-de-campeao-hoje-no-bola-na-trave\/\" \/>\n<meta property=\"og:site_name\" content=\"Folha Popular\" \/>\n<meta property=\"article:published_time\" content=\"2021-03-09T10:04:06+00:00\" \/>\n<meta property=\"article:modified_time\" content=\"2021-03-09T10:04:12+00:00\" \/>\n<meta property=\"og:image\" content=\"https:\/\/folhapopular.info\/wp-content\/uploads\/2021\/03\/Giva-levantou-trofeus-por-Riograndense-e-Ecas_Arquivo-FP-e1615284212268.jpg\" \/>\n\t<meta property=\"og:image:width\" content=\"1000\" \/>\n\t<meta property=\"og:image:height\" content=\"1000\" \/>\n\t<meta property=\"og:image:type\" content=\"image\/jpeg\" \/>\n<meta name=\"author\" content=\"Lucas Leandro Brune\" \/>\n<meta name=\"twitter:card\" content=\"summary_large_image\" \/>\n<meta name=\"twitter:label1\" content=\"Escrito por\" \/>\n\t<meta name=\"twitter:data1\" content=\"Lucas Leandro Brune\" \/>\n\t<meta name=\"twitter:label2\" content=\"Est. tempo de leitura\" \/>\n\t<meta name=\"twitter:data2\" content=\"1 minuto\" \/>\n<script type=\"application\/ld+json\" class=\"yoast-schema-graph\">{\"@context\":\"https:\\\/\\\/schema.org\",\"@graph\":[{\"@type\":\"Article\",\"@id\":\"https:\\\/\\\/folhapopular.info\\\/index.php\\\/2021\\\/03\\\/09\\\/givanildo-conta-historias-de-campeao-hoje-no-bola-na-trave\\\/#article\",\"isPartOf\":{\"@id\":\"https:\\\/\\\/folhapopular.info\\\/index.php\\\/2021\\\/03\\\/09\\\/givanildo-conta-historias-de-campeao-hoje-no-bola-na-trave\\\/\"},\"author\":{\"name\":\"Lucas Leandro Brune\",\"@id\":\"https:\\\/\\\/folhapopular.info\\\/#\\\/schema\\\/person\\\/533a15f60cd49e81ab3a90b4ca33cb36\"},\"headline\":\"Givanildo conta Hist\u00f3rias de Campe\u00e3o hoje no Bola na Trave\",\"datePublished\":\"2021-03-09T10:04:06+00:00\",\"dateModified\":\"2021-03-09T10:04:12+00:00\",\"mainEntityOfPage\":{\"@id\":\"https:\\\/\\\/folhapopular.info\\\/index.php\\\/2021\\\/03\\\/09\\\/givanildo-conta-historias-de-campeao-hoje-no-bola-na-trave\\\/\"},\"wordCount\":156,\"commentCount\":0,\"image\":{\"@id\":\"https:\\\/\\\/folhapopular.info\\\/index.php\\\/2021\\\/03\\\/09\\\/givanildo-conta-historias-de-campeao-hoje-no-bola-na-trave\\\/#primaryimage\"},\"thumbnailUrl\":\"https:\\\/\\\/folhapopular.info\\\/wp-content\\\/uploads\\\/2021\\\/03\\\/Giva-levantou-trofeus-por-Riograndense-e-Ecas_Arquivo-FP-e1615284212268.jpg\",\"keywords\":[\"Bola na Trave\",\"Imigrante\"],\"articleSection\":[\"Esportes\",\"Futebol Amador\"],\"inLanguage\":\"pt-BR\",\"potentialAction\":[{\"@type\":\"CommentAction\",\"name\":\"Comment\",\"target\":[\"https:\\\/\\\/folhapopular.info\\\/index.php\\\/2021\\\/03\\\/09\\\/givanildo-conta-historias-de-campeao-hoje-no-bola-na-trave\\\/#respond\"]}]},{\"@type\":\"WebPage\",\"@id\":\"https:\\\/\\\/folhapopular.info\\\/index.php\\\/2021\\\/03\\\/09\\\/givanildo-conta-historias-de-campeao-hoje-no-bola-na-trave\\\/\",\"url\":\"https:\\\/\\\/folhapopular.info\\\/index.php\\\/2021\\\/03\\\/09\\\/givanildo-conta-historias-de-campeao-hoje-no-bola-na-trave\\\/\",\"name\":\"Givanildo conta Hist\u00f3rias de Campe\u00e3o hoje no Bola na Trave - Folha Popular\",\"isPartOf\":{\"@id\":\"https:\\\/\\\/folhapopular.info\\\/#website\"},\"primaryImageOfPage\":{\"@id\":\"https:\\\/\\\/folhapopular.info\\\/index.php\\\/2021\\\/03\\\/09\\\/givanildo-conta-historias-de-campeao-hoje-no-bola-na-trave\\\/#primaryimage\"},\"image\":{\"@id\":\"https:\\\/\\\/folhapopular.info\\\/index.php\\\/2021\\\/03\\\/09\\\/givanildo-conta-historias-de-campeao-hoje-no-bola-na-trave\\\/#primaryimage\"},\"thumbnailUrl\":\"https:\\\/\\\/folhapopular.info\\\/wp-content\\\/uploads\\\/2021\\\/03\\\/Giva-levantou-trofeus-por-Riograndense-e-Ecas_Arquivo-FP-e1615284212268.jpg\",\"datePublished\":\"2021-03-09T10:04:06+00:00\",\"dateModified\":\"2021-03-09T10:04:12+00:00\",\"author\":{\"@id\":\"https:\\\/\\\/folhapopular.info\\\/#\\\/schema\\\/person\\\/533a15f60cd49e81ab3a90b4ca33cb36\"},\"breadcrumb\":{\"@id\":\"https:\\\/\\\/folhapopular.info\\\/index.php\\\/2021\\\/03\\\/09\\\/givanildo-conta-historias-de-campeao-hoje-no-bola-na-trave\\\/#breadcrumb\"},\"inLanguage\":\"pt-BR\",\"potentialAction\":[{\"@type\":\"ReadAction\",\"target\":[\"https:\\\/\\\/folhapopular.info\\\/index.php\\\/2021\\\/03\\\/09\\\/givanildo-conta-historias-de-campeao-hoje-no-bola-na-trave\\\/\"]}]},{\"@type\":\"ImageObject\",\"inLanguage\":\"pt-BR\",\"@id\":\"https:\\\/\\\/folhapopular.info\\\/index.php\\\/2021\\\/03\\\/09\\\/givanildo-conta-historias-de-campeao-hoje-no-bola-na-trave\\\/#primaryimage\",\"url\":\"https:\\\/\\\/folhapopular.info\\\/wp-content\\\/uploads\\\/2021\\\/03\\\/Giva-levantou-trofeus-por-Riograndense-e-Ecas_Arquivo-FP-e1615284212268.jpg\",\"contentUrl\":\"https:\\\/\\\/folhapopular.info\\\/wp-content\\\/uploads\\\/2021\\\/03\\\/Giva-levantou-trofeus-por-Riograndense-e-Ecas_Arquivo-FP-e1615284212268.jpg\",\"width\":1000,\"height\":1000,\"caption\":\"Giva levantou trof\u00e9us por Riograndense e Ecas \\\/ Cr\u00e9dito: Arquivo FP\"},{\"@type\":\"BreadcrumbList\",\"@id\":\"https:\\\/\\\/folhapopular.info\\\/index.php\\\/2021\\\/03\\\/09\\\/givanildo-conta-historias-de-campeao-hoje-no-bola-na-trave\\\/#breadcrumb\",\"itemListElement\":[{\"@type\":\"ListItem\",\"position\":1,\"name\":\"In\u00edcio\",\"item\":\"https:\\\/\\\/folhapopular.info\\\/\"},{\"@type\":\"ListItem\",\"position\":2,\"name\":\"Givanildo conta Hist\u00f3rias de Campe\u00e3o hoje no Bola na Trave\"}]},{\"@type\":\"WebSite\",\"@id\":\"https:\\\/\\\/folhapopular.info\\\/#website\",\"url\":\"https:\\\/\\\/folhapopular.info\\\/\",\"name\":\"Folha Popular\",\"description\":\"Onde voc\u00ea tem vez e voz\",\"potentialAction\":[{\"@type\":\"SearchAction\",\"target\":{\"@type\":\"EntryPoint\",\"urlTemplate\":\"https:\\\/\\\/folhapopular.info\\\/?s={search_term_string}\"},\"query-input\":{\"@type\":\"PropertyValueSpecification\",\"valueRequired\":true,\"valueName\":\"search_term_string\"}}],\"inLanguage\":\"pt-BR\"},{\"@type\":\"Person\",\"@id\":\"https:\\\/\\\/folhapopular.info\\\/#\\\/schema\\\/person\\\/533a15f60cd49e81ab3a90b4ca33cb36\",\"name\":\"Lucas Leandro Brune\",\"image\":{\"@type\":\"ImageObject\",\"inLanguage\":\"pt-BR\",\"@id\":\"https:\\\/\\\/folhapopular.info\\\/wp-content\\\/uploads\\\/2026\\\/04\\\/LUCAS-1-1.webp\",\"url\":\"https:\\\/\\\/folhapopular.info\\\/wp-content\\\/uploads\\\/2026\\\/04\\\/LUCAS-1-1.webp\",\"contentUrl\":\"https:\\\/\\\/folhapopular.info\\\/wp-content\\\/uploads\\\/2026\\\/04\\\/LUCAS-1-1.webp\",\"caption\":\"Lucas Leandro Brune\"},\"description\":\"Jornalista Profissional Diplomado MTB\\\/RS 14.333\",\"url\":\"https:\\\/\\\/folhapopular.info\\\/index.php\\\/author\\\/lucas-brune\\\/\"}]}<\/script>\n<!-- \/ Yoast SEO plugin. -->","yoast_head_json":{"title":"Givanildo conta Hist\u00f3rias de Campe\u00e3o hoje no Bola na Trave - Folha Popular","robots":{"index":"index","follow":"follow","max-snippet":"max-snippet:-1","max-image-preview":"max-image-preview:large","max-video-preview":"max-video-preview:-1"},"canonical":"https:\/\/folhapopular.info\/index.php\/2021\/03\/09\/givanildo-conta-historias-de-campeao-hoje-no-bola-na-trave\/","og_locale":"pt_BR","og_type":"article","og_title":"Givanildo conta Hist\u00f3rias de Campe\u00e3o hoje no Bola na Trave - Folha Popular","og_description":"Nem todos os jogadores t\u00eam o privil\u00e9gio de levantar trof\u00e9us. E j\u00e1 imaginou levantar a ta\u00e7a de campe\u00e3o pelos dois clubes rivais da cidade? O volante e hoje zagueiro Givanildo Senna &#8220;Giva&#8221; tem esse feito no curr\u00edculo do futebol amador. Campe\u00e3o Regional pelo Riograndense de Daltro Filho (Imigrante) em 2006, levantou o trof\u00e9u no Est\u00e1dio [&hellip;]","og_url":"https:\/\/folhapopular.info\/index.php\/2021\/03\/09\/givanildo-conta-historias-de-campeao-hoje-no-bola-na-trave\/","og_site_name":"Folha Popular","article_published_time":"2021-03-09T10:04:06+00:00","article_modified_time":"2021-03-09T10:04:12+00:00","og_image":[{"width":1000,"height":1000,"url":"https:\/\/folhapopular.info\/wp-content\/uploads\/2021\/03\/Giva-levantou-trofeus-por-Riograndense-e-Ecas_Arquivo-FP-e1615284212268.jpg","type":"image\/jpeg"}],"author":"Lucas Leandro Brune","twitter_card":"summary_large_image","twitter_misc":{"Escrito por":"Lucas Leandro Brune","Est. tempo de leitura":"1 minuto"},"schema":{"@context":"https:\/\/schema.org","@graph":[{"@type":"Article","@id":"https:\/\/folhapopular.info\/index.php\/2021\/03\/09\/givanildo-conta-historias-de-campeao-hoje-no-bola-na-trave\/#article","isPartOf":{"@id":"https:\/\/folhapopular.info\/index.php\/2021\/03\/09\/givanildo-conta-historias-de-campeao-hoje-no-bola-na-trave\/"},"author":{"name":"Lucas Leandro Brune","@id":"https:\/\/folhapopular.info\/#\/schema\/person\/533a15f60cd49e81ab3a90b4ca33cb36"},"headline":"Givanildo conta Hist\u00f3rias de Campe\u00e3o hoje no Bola na Trave","datePublished":"2021-03-09T10:04:06+00:00","dateModified":"2021-03-09T10:04:12+00:00","mainEntityOfPage":{"@id":"https:\/\/folhapopular.info\/index.php\/2021\/03\/09\/givanildo-conta-historias-de-campeao-hoje-no-bola-na-trave\/"},"wordCount":156,"commentCount":0,"image":{"@id":"https:\/\/folhapopular.info\/index.php\/2021\/03\/09\/givanildo-conta-historias-de-campeao-hoje-no-bola-na-trave\/#primaryimage"},"thumbnailUrl":"https:\/\/folhapopular.info\/wp-content\/uploads\/2021\/03\/Giva-levantou-trofeus-por-Riograndense-e-Ecas_Arquivo-FP-e1615284212268.jpg","keywords":["Bola na Trave","Imigrante"],"articleSection":["Esportes","Futebol Amador"],"inLanguage":"pt-BR","potentialAction":[{"@type":"CommentAction","name":"Comment","target":["https:\/\/folhapopular.info\/index.php\/2021\/03\/09\/givanildo-conta-historias-de-campeao-hoje-no-bola-na-trave\/#respond"]}]},{"@type":"WebPage","@id":"https:\/\/folhapopular.info\/index.php\/2021\/03\/09\/givanildo-conta-historias-de-campeao-hoje-no-bola-na-trave\/","url":"https:\/\/folhapopular.info\/index.php\/2021\/03\/09\/givanildo-conta-historias-de-campeao-hoje-no-bola-na-trave\/","name":"Givanildo conta Hist\u00f3rias de Campe\u00e3o hoje no Bola na Trave - Folha Popular","isPartOf":{"@id":"https:\/\/folhapopular.info\/#website"},"primaryImageOfPage":{"@id":"https:\/\/folhapopular.info\/index.php\/2021\/03\/09\/givanildo-conta-historias-de-campeao-hoje-no-bola-na-trave\/#primaryimage"},"image":{"@id":"https:\/\/folhapopular.info\/index.php\/2021\/03\/09\/givanildo-conta-historias-de-campeao-hoje-no-bola-na-trave\/#primaryimage"},"thumbnailUrl":"https:\/\/folhapopular.info\/wp-content\/uploads\/2021\/03\/Giva-levantou-trofeus-por-Riograndense-e-Ecas_Arquivo-FP-e1615284212268.jpg","datePublished":"2021-03-09T10:04:06+00:00","dateModified":"2021-03-09T10:04:12+00:00","author":{"@id":"https:\/\/folhapopular.info\/#\/schema\/person\/533a15f60cd49e81ab3a90b4ca33cb36"},"breadcrumb":{"@id":"https:\/\/folhapopular.info\/index.php\/2021\/03\/09\/givanildo-conta-historias-de-campeao-hoje-no-bola-na-trave\/#breadcrumb"},"inLanguage":"pt-BR","potentialAction":[{"@type":"ReadAction","target":["https:\/\/folhapopular.info\/index.php\/2021\/03\/09\/givanildo-conta-historias-de-campeao-hoje-no-bola-na-trave\/"]}]},{"@type":"ImageObject","inLanguage":"pt-BR","@id":"https:\/\/folhapopular.info\/index.php\/2021\/03\/09\/givanildo-conta-historias-de-campeao-hoje-no-bola-na-trave\/#primaryimage","url":"https:\/\/folhapopular.info\/wp-content\/uploads\/2021\/03\/Giva-levantou-trofeus-por-Riograndense-e-Ecas_Arquivo-FP-e1615284212268.jpg","contentUrl":"https:\/\/folhapopular.info\/wp-content\/uploads\/2021\/03\/Giva-levantou-trofeus-por-Riograndense-e-Ecas_Arquivo-FP-e1615284212268.jpg","width":1000,"height":1000,"caption":"Giva levantou trof\u00e9us por Riograndense e Ecas \/ Cr\u00e9dito: Arquivo FP"},{"@type":"BreadcrumbList","@id":"https:\/\/folhapopular.info\/index.php\/2021\/03\/09\/givanildo-conta-historias-de-campeao-hoje-no-bola-na-trave\/#breadcrumb","itemListElement":[{"@type":"ListItem","position":1,"name":"In\u00edcio","item":"https:\/\/folhapopular.info\/"},{"@type":"ListItem","position":2,"name":"Givanildo conta Hist\u00f3rias de Campe\u00e3o hoje no Bola na Trave"}]},{"@type":"WebSite","@id":"https:\/\/folhapopular.info\/#website","url":"https:\/\/folhapopular.info\/","name":"Folha Popular","description":"Onde voc\u00ea tem vez e voz","potentialAction":[{"@type":"SearchAction","target":{"@type":"EntryPoint","urlTemplate":"https:\/\/folhapopular.info\/?s={search_term_string}"},"query-input":{"@type":"PropertyValueSpecification","valueRequired":true,"valueName":"search_term_string"}}],"inLanguage":"pt-BR"},{"@type":"Person","@id":"https:\/\/folhapopular.info\/#\/schema\/person\/533a15f60cd49e81ab3a90b4ca33cb36","name":"Lucas Leandro Brune","image":{"@type":"ImageObject","inLanguage":"pt-BR","@id":"https:\/\/folhapopular.info\/wp-content\/uploads\/2026\/04\/LUCAS-1-1.webp","url":"https:\/\/folhapopular.info\/wp-content\/uploads\/2026\/04\/LUCAS-1-1.webp","contentUrl":"https:\/\/folhapopular.info\/wp-content\/uploads\/2026\/04\/LUCAS-1-1.webp","caption":"Lucas Leandro Brune"},"description":"Jornalista Profissional Diplomado MTB\/RS 14.333","url":"https:\/\/folhapopular.info\/index.php\/author\/lucas-brune\/"}]}},"jetpack_featured_media_url":"https:\/\/folhapopular.info\/wp-content\/uploads\/2021\/03\/Giva-levantou-trofeus-por-Riograndense-e-Ecas_Arquivo-FP-e1615284212268.jpg","jetpack_sharing_enabled":true,"amp_enabled":true,"_links":{"self":[{"href":"https:\/\/folhapopular.info\/index.php\/wp-json\/wp\/v2\/posts\/80588","targetHints":{"allow":["GET"]}}],"collection":[{"href":"https:\/\/folhapopular.info\/index.php\/wp-json\/wp\/v2\/posts"}],"about":[{"href":"https:\/\/folhapopular.info\/index.php\/wp-json\/wp\/v2\/types\/post"}],"author":[{"embeddable":true,"href":"https:\/\/folhapopular.info\/index.php\/wp-json\/wp\/v2\/users\/7"}],"replies":[{"embeddable":true,"href":"https:\/\/folhapopular.info\/index.php\/wp-json\/wp\/v2\/comments?post=80588"}],"version-history":[{"count":0,"href":"https:\/\/folhapopular.info\/index.php\/wp-json\/wp\/v2\/posts\/80588\/revisions"}],"wp:featuredmedia":[{"embeddable":true,"href":"https:\/\/folhapopular.info\/index.php\/wp-json\/wp\/v2\/media\/80590"}],"wp:attachment":[{"href":"https:\/\/folhapopular.info\/index.php\/wp-json\/wp\/v2\/media?parent=80588"}],"wp:term":[{"taxonomy":"category","embeddable":true,"href":"https:\/\/folhapopular.info\/index.php\/wp-json\/wp\/v2\/categories?post=80588"},{"taxonomy":"post_tag","embeddable":true,"href":"https:\/\/folhapopular.info\/index.php\/wp-json\/wp\/v2\/tags?post=80588"}],"curies":[{"name":"wp","href":"https:\/\/api.w.org\/{rel}","templated":true}]}}