{"id":80646,"date":"2021-03-09T18:05:38","date_gmt":"2021-03-09T21:05:38","guid":{"rendered":"https:\/\/folhapopular.info\/?p=80646"},"modified":"2021-03-09T18:05:43","modified_gmt":"2021-03-09T21:05:43","slug":"posto-de-saude-do-bairro-teutonia-tera-farmaceutica-em-turno-integral","status":"publish","type":"post","link":"https:\/\/folhapopular.info\/index.php\/2021\/03\/09\/posto-de-saude-do-bairro-teutonia-tera-farmaceutica-em-turno-integral\/","title":{"rendered":"Posto de Sa\u00fade do Bairro Teut\u00f4nia ter\u00e1 farmac\u00eautica em turno integral"},"content":{"rendered":"\n<p>A Administra\u00e7\u00e3o Municipal de Teut\u00f4nia, atrav\u00e9s da Secretaria de Sa\u00fade, iniciou o processo de descentraliza\u00e7\u00e3o das unidades b\u00e1sicas de sa\u00fade, a fim de ampliar os atendimentos da aten\u00e7\u00e3o b\u00e1sica para todos os postos de sa\u00fade. <\/p>\n\n\n\n<p>E dentro destas mudan\u00e7as, a Estrat\u00e9gia de Sa\u00fade da Fam\u00edlia (ESF) do Bairro Teut\u00f4nia ter\u00e1 uma farmac\u00eautica em tempo integral, a fim de possibilitar a dispensa\u00e7\u00e3o de medica\u00e7\u00e3o controlada e antibi\u00f3ticos no local. <\/p>\n\n\n\n<p>A partir desta semana, os moradores do bairro Teut\u00f4nia n\u00e3o precisar\u00e3o mais se deslocar ao Bairro Languiru para retirar suas medica\u00e7\u00f5es, pois a entrega passar\u00e1 a ser realizada na unidade do pr\u00f3prio bairro. Esta era uma reivindica\u00e7\u00e3o antiga da comunidade.<\/p>\n\n\n\n<p>Al\u00e9m disso, as farm\u00e1cias das unidades b\u00e1sicas de sa\u00fade dos Bairros Boa Vista e Alesgut contar\u00e3o com o servi\u00e7o remoto, que possibilita a dispensa\u00e7\u00e3o por agendamento. O paciente entrega a receita na farm\u00e1cia e retira em at\u00e9 24 horas na farm\u00e1cia do seu bairro.<\/p>\n","protected":false},"excerpt":{"rendered":"<p>A Administra\u00e7\u00e3o Municipal de Teut\u00f4nia, atrav\u00e9s da Secretaria de Sa\u00fade, iniciou o processo de descentraliza\u00e7\u00e3o das unidades b\u00e1sicas de sa\u00fade, a fim de ampliar os atendimentos da aten\u00e7\u00e3o b\u00e1sica para todos os postos de sa\u00fade. E dentro destas mudan\u00e7as, a Estrat\u00e9gia de Sa\u00fade da Fam\u00edlia (ESF) do Bairro Teut\u00f4nia ter\u00e1 uma farmac\u00eautica em tempo integral, [&hellip;]<\/p>\n","protected":false},"author":8,"featured_media":80669,"comment_status":"open","ping_status":"open","sticky":false,"template":"","format":"standard","meta":{"pmpro_default_level":"","_jetpack_memberships_contains_paid_content":false,"footnotes":""},"categories":[2,3],"tags":[203,26],"class_list":{"0":"post-80646","1":"post","2":"type-post","3":"status-publish","4":"format-standard","5":"has-post-thumbnail","7":"category-featured","8":"category-geral","9":"tag-posto-de-saude","10":"tag-teutonia","11":"pmpro-has-access"},"yoast_head":"<!-- This site is optimized with the Yoast SEO plugin v27.5 - https:\/\/yoast.com\/product\/yoast-seo-wordpress\/ -->\n<title>Posto de Sa\u00fade do Bairro Teut\u00f4nia ter\u00e1 farmac\u00eautica em turno integral - Folha Popular<\/title>\n<meta name=\"robots\" content=\"index, follow, max-snippet:-1, max-image-preview:large, max-video-preview:-1\" \/>\n<link rel=\"canonical\" href=\"https:\/\/folhapopular.info\/index.php\/2021\/03\/09\/posto-de-saude-do-bairro-teutonia-tera-farmaceutica-em-turno-integral\/\" \/>\n<meta property=\"og:locale\" content=\"pt_BR\" \/>\n<meta property=\"og:type\" content=\"article\" \/>\n<meta property=\"og:title\" content=\"Posto de Sa\u00fade do Bairro Teut\u00f4nia ter\u00e1 farmac\u00eautica em turno integral - Folha Popular\" \/>\n<meta property=\"og:description\" content=\"A Administra\u00e7\u00e3o Municipal de Teut\u00f4nia, atrav\u00e9s da Secretaria de Sa\u00fade, iniciou o processo de descentraliza\u00e7\u00e3o das unidades b\u00e1sicas de sa\u00fade, a fim de ampliar os atendimentos da aten\u00e7\u00e3o b\u00e1sica para todos os postos de sa\u00fade. E dentro destas mudan\u00e7as, a Estrat\u00e9gia de Sa\u00fade da Fam\u00edlia (ESF) do Bairro Teut\u00f4nia ter\u00e1 uma farmac\u00eautica em tempo integral, [&hellip;]\" \/>\n<meta property=\"og:url\" content=\"https:\/\/folhapopular.info\/index.php\/2021\/03\/09\/posto-de-saude-do-bairro-teutonia-tera-farmaceutica-em-turno-integral\/\" \/>\n<meta property=\"og:site_name\" content=\"Folha Popular\" \/>\n<meta property=\"article:published_time\" content=\"2021-03-09T21:05:38+00:00\" \/>\n<meta property=\"article:modified_time\" content=\"2021-03-09T21:05:43+00:00\" \/>\n<meta property=\"og:image\" content=\"https:\/\/folhapopular.info\/wp-content\/uploads\/2021\/03\/2021_03_09_Posto-de-Saude-do-Bairro-Teutonia-tera-farmaceutica-em-turno-integral_Easy-Resize.com_-e1615323855899.jpg\" \/>\n\t<meta property=\"og:image:width\" content=\"800\" \/>\n\t<meta property=\"og:image:height\" content=\"600\" \/>\n\t<meta property=\"og:image:type\" content=\"image\/jpeg\" \/>\n<meta name=\"author\" content=\"Reda\u00e7\u00e3o Folha Popular\" \/>\n<meta name=\"twitter:card\" content=\"summary_large_image\" \/>\n<meta name=\"twitter:label1\" content=\"Escrito por\" \/>\n\t<meta name=\"twitter:data1\" content=\"Reda\u00e7\u00e3o Folha Popular\" \/>\n\t<meta name=\"twitter:label2\" content=\"Est. tempo de leitura\" \/>\n\t<meta name=\"twitter:data2\" content=\"1 minuto\" \/>\n<script type=\"application\/ld+json\" class=\"yoast-schema-graph\">{\"@context\":\"https:\\\/\\\/schema.org\",\"@graph\":[{\"@type\":\"Article\",\"@id\":\"https:\\\/\\\/folhapopular.info\\\/index.php\\\/2021\\\/03\\\/09\\\/posto-de-saude-do-bairro-teutonia-tera-farmaceutica-em-turno-integral\\\/#article\",\"isPartOf\":{\"@id\":\"https:\\\/\\\/folhapopular.info\\\/index.php\\\/2021\\\/03\\\/09\\\/posto-de-saude-do-bairro-teutonia-tera-farmaceutica-em-turno-integral\\\/\"},\"author\":{\"name\":\"Reda\u00e7\u00e3o Folha Popular\",\"@id\":\"https:\\\/\\\/folhapopular.info\\\/#\\\/schema\\\/person\\\/2814e8a0df7643585a9ca38bc6eb9d4b\"},\"headline\":\"Posto de Sa\u00fade do Bairro Teut\u00f4nia ter\u00e1 farmac\u00eautica em turno integral\",\"datePublished\":\"2021-03-09T21:05:38+00:00\",\"dateModified\":\"2021-03-09T21:05:43+00:00\",\"mainEntityOfPage\":{\"@id\":\"https:\\\/\\\/folhapopular.info\\\/index.php\\\/2021\\\/03\\\/09\\\/posto-de-saude-do-bairro-teutonia-tera-farmaceutica-em-turno-integral\\\/\"},\"wordCount\":199,\"commentCount\":0,\"image\":{\"@id\":\"https:\\\/\\\/folhapopular.info\\\/index.php\\\/2021\\\/03\\\/09\\\/posto-de-saude-do-bairro-teutonia-tera-farmaceutica-em-turno-integral\\\/#primaryimage\"},\"thumbnailUrl\":\"https:\\\/\\\/folhapopular.info\\\/wp-content\\\/uploads\\\/2021\\\/03\\\/2021_03_09_Posto-de-Saude-do-Bairro-Teutonia-tera-farmaceutica-em-turno-integral_Easy-Resize.com_-e1615323855899.jpg\",\"keywords\":[\"Posto de Sa\u00fade\",\"Teut\u00f4nia\"],\"articleSection\":[\"Destaques\",\"Geral\"],\"inLanguage\":\"pt-BR\",\"potentialAction\":[{\"@type\":\"CommentAction\",\"name\":\"Comment\",\"target\":[\"https:\\\/\\\/folhapopular.info\\\/index.php\\\/2021\\\/03\\\/09\\\/posto-de-saude-do-bairro-teutonia-tera-farmaceutica-em-turno-integral\\\/#respond\"]}]},{\"@type\":\"WebPage\",\"@id\":\"https:\\\/\\\/folhapopular.info\\\/index.php\\\/2021\\\/03\\\/09\\\/posto-de-saude-do-bairro-teutonia-tera-farmaceutica-em-turno-integral\\\/\",\"url\":\"https:\\\/\\\/folhapopular.info\\\/index.php\\\/2021\\\/03\\\/09\\\/posto-de-saude-do-bairro-teutonia-tera-farmaceutica-em-turno-integral\\\/\",\"name\":\"Posto de Sa\u00fade do Bairro Teut\u00f4nia ter\u00e1 farmac\u00eautica em turno integral - Folha Popular\",\"isPartOf\":{\"@id\":\"https:\\\/\\\/folhapopular.info\\\/#website\"},\"primaryImageOfPage\":{\"@id\":\"https:\\\/\\\/folhapopular.info\\\/index.php\\\/2021\\\/03\\\/09\\\/posto-de-saude-do-bairro-teutonia-tera-farmaceutica-em-turno-integral\\\/#primaryimage\"},\"image\":{\"@id\":\"https:\\\/\\\/folhapopular.info\\\/index.php\\\/2021\\\/03\\\/09\\\/posto-de-saude-do-bairro-teutonia-tera-farmaceutica-em-turno-integral\\\/#primaryimage\"},\"thumbnailUrl\":\"https:\\\/\\\/folhapopular.info\\\/wp-content\\\/uploads\\\/2021\\\/03\\\/2021_03_09_Posto-de-Saude-do-Bairro-Teutonia-tera-farmaceutica-em-turno-integral_Easy-Resize.com_-e1615323855899.jpg\",\"datePublished\":\"2021-03-09T21:05:38+00:00\",\"dateModified\":\"2021-03-09T21:05:43+00:00\",\"author\":{\"@id\":\"https:\\\/\\\/folhapopular.info\\\/#\\\/schema\\\/person\\\/2814e8a0df7643585a9ca38bc6eb9d4b\"},\"breadcrumb\":{\"@id\":\"https:\\\/\\\/folhapopular.info\\\/index.php\\\/2021\\\/03\\\/09\\\/posto-de-saude-do-bairro-teutonia-tera-farmaceutica-em-turno-integral\\\/#breadcrumb\"},\"inLanguage\":\"pt-BR\",\"potentialAction\":[{\"@type\":\"ReadAction\",\"target\":[\"https:\\\/\\\/folhapopular.info\\\/index.php\\\/2021\\\/03\\\/09\\\/posto-de-saude-do-bairro-teutonia-tera-farmaceutica-em-turno-integral\\\/\"]}]},{\"@type\":\"ImageObject\",\"inLanguage\":\"pt-BR\",\"@id\":\"https:\\\/\\\/folhapopular.info\\\/index.php\\\/2021\\\/03\\\/09\\\/posto-de-saude-do-bairro-teutonia-tera-farmaceutica-em-turno-integral\\\/#primaryimage\",\"url\":\"https:\\\/\\\/folhapopular.info\\\/wp-content\\\/uploads\\\/2021\\\/03\\\/2021_03_09_Posto-de-Saude-do-Bairro-Teutonia-tera-farmaceutica-em-turno-integral_Easy-Resize.com_-e1615323855899.jpg\",\"contentUrl\":\"https:\\\/\\\/folhapopular.info\\\/wp-content\\\/uploads\\\/2021\\\/03\\\/2021_03_09_Posto-de-Saude-do-Bairro-Teutonia-tera-farmaceutica-em-turno-integral_Easy-Resize.com_-e1615323855899.jpg\",\"width\":800,\"height\":600,\"caption\":\"Cr\u00e9ditos da foto: Divulga\u00e7\u00e3o\"},{\"@type\":\"BreadcrumbList\",\"@id\":\"https:\\\/\\\/folhapopular.info\\\/index.php\\\/2021\\\/03\\\/09\\\/posto-de-saude-do-bairro-teutonia-tera-farmaceutica-em-turno-integral\\\/#breadcrumb\",\"itemListElement\":[{\"@type\":\"ListItem\",\"position\":1,\"name\":\"In\u00edcio\",\"item\":\"https:\\\/\\\/folhapopular.info\\\/\"},{\"@type\":\"ListItem\",\"position\":2,\"name\":\"Posto de Sa\u00fade do Bairro Teut\u00f4nia ter\u00e1 farmac\u00eautica em turno integral\"}]},{\"@type\":\"WebSite\",\"@id\":\"https:\\\/\\\/folhapopular.info\\\/#website\",\"url\":\"https:\\\/\\\/folhapopular.info\\\/\",\"name\":\"Folha Popular\",\"description\":\"Onde voc\u00ea tem vez e voz\",\"potentialAction\":[{\"@type\":\"SearchAction\",\"target\":{\"@type\":\"EntryPoint\",\"urlTemplate\":\"https:\\\/\\\/folhapopular.info\\\/?s={search_term_string}\"},\"query-input\":{\"@type\":\"PropertyValueSpecification\",\"valueRequired\":true,\"valueName\":\"search_term_string\"}}],\"inLanguage\":\"pt-BR\"},{\"@type\":\"Person\",\"@id\":\"https:\\\/\\\/folhapopular.info\\\/#\\\/schema\\\/person\\\/2814e8a0df7643585a9ca38bc6eb9d4b\",\"name\":\"Reda\u00e7\u00e3o Folha Popular\",\"image\":{\"@type\":\"ImageObject\",\"inLanguage\":\"pt-BR\",\"@id\":\"https:\\\/\\\/folhapopular.info\\\/wp-content\\\/uploads\\\/2026\\\/04\\\/Folha-1.webp\",\"url\":\"https:\\\/\\\/folhapopular.info\\\/wp-content\\\/uploads\\\/2026\\\/04\\\/Folha-1.webp\",\"contentUrl\":\"https:\\\/\\\/folhapopular.info\\\/wp-content\\\/uploads\\\/2026\\\/04\\\/Folha-1.webp\",\"caption\":\"Reda\u00e7\u00e3o Folha Popular\"},\"url\":\"https:\\\/\\\/folhapopular.info\\\/index.php\\\/author\\\/redacao\\\/\"}]}<\/script>\n<!-- \/ Yoast SEO plugin. -->","yoast_head_json":{"title":"Posto de Sa\u00fade do Bairro Teut\u00f4nia ter\u00e1 farmac\u00eautica em turno integral - Folha Popular","robots":{"index":"index","follow":"follow","max-snippet":"max-snippet:-1","max-image-preview":"max-image-preview:large","max-video-preview":"max-video-preview:-1"},"canonical":"https:\/\/folhapopular.info\/index.php\/2021\/03\/09\/posto-de-saude-do-bairro-teutonia-tera-farmaceutica-em-turno-integral\/","og_locale":"pt_BR","og_type":"article","og_title":"Posto de Sa\u00fade do Bairro Teut\u00f4nia ter\u00e1 farmac\u00eautica em turno integral - Folha Popular","og_description":"A Administra\u00e7\u00e3o Municipal de Teut\u00f4nia, atrav\u00e9s da Secretaria de Sa\u00fade, iniciou o processo de descentraliza\u00e7\u00e3o das unidades b\u00e1sicas de sa\u00fade, a fim de ampliar os atendimentos da aten\u00e7\u00e3o b\u00e1sica para todos os postos de sa\u00fade. E dentro destas mudan\u00e7as, a Estrat\u00e9gia de Sa\u00fade da Fam\u00edlia (ESF) do Bairro Teut\u00f4nia ter\u00e1 uma farmac\u00eautica em tempo integral, [&hellip;]","og_url":"https:\/\/folhapopular.info\/index.php\/2021\/03\/09\/posto-de-saude-do-bairro-teutonia-tera-farmaceutica-em-turno-integral\/","og_site_name":"Folha Popular","article_published_time":"2021-03-09T21:05:38+00:00","article_modified_time":"2021-03-09T21:05:43+00:00","og_image":[{"width":800,"height":600,"url":"https:\/\/folhapopular.info\/wp-content\/uploads\/2021\/03\/2021_03_09_Posto-de-Saude-do-Bairro-Teutonia-tera-farmaceutica-em-turno-integral_Easy-Resize.com_-e1615323855899.jpg","type":"image\/jpeg"}],"author":"Reda\u00e7\u00e3o Folha Popular","twitter_card":"summary_large_image","twitter_misc":{"Escrito por":"Reda\u00e7\u00e3o Folha Popular","Est. tempo de leitura":"1 minuto"},"schema":{"@context":"https:\/\/schema.org","@graph":[{"@type":"Article","@id":"https:\/\/folhapopular.info\/index.php\/2021\/03\/09\/posto-de-saude-do-bairro-teutonia-tera-farmaceutica-em-turno-integral\/#article","isPartOf":{"@id":"https:\/\/folhapopular.info\/index.php\/2021\/03\/09\/posto-de-saude-do-bairro-teutonia-tera-farmaceutica-em-turno-integral\/"},"author":{"name":"Reda\u00e7\u00e3o Folha Popular","@id":"https:\/\/folhapopular.info\/#\/schema\/person\/2814e8a0df7643585a9ca38bc6eb9d4b"},"headline":"Posto de Sa\u00fade do Bairro Teut\u00f4nia ter\u00e1 farmac\u00eautica em turno integral","datePublished":"2021-03-09T21:05:38+00:00","dateModified":"2021-03-09T21:05:43+00:00","mainEntityOfPage":{"@id":"https:\/\/folhapopular.info\/index.php\/2021\/03\/09\/posto-de-saude-do-bairro-teutonia-tera-farmaceutica-em-turno-integral\/"},"wordCount":199,"commentCount":0,"image":{"@id":"https:\/\/folhapopular.info\/index.php\/2021\/03\/09\/posto-de-saude-do-bairro-teutonia-tera-farmaceutica-em-turno-integral\/#primaryimage"},"thumbnailUrl":"https:\/\/folhapopular.info\/wp-content\/uploads\/2021\/03\/2021_03_09_Posto-de-Saude-do-Bairro-Teutonia-tera-farmaceutica-em-turno-integral_Easy-Resize.com_-e1615323855899.jpg","keywords":["Posto de Sa\u00fade","Teut\u00f4nia"],"articleSection":["Destaques","Geral"],"inLanguage":"pt-BR","potentialAction":[{"@type":"CommentAction","name":"Comment","target":["https:\/\/folhapopular.info\/index.php\/2021\/03\/09\/posto-de-saude-do-bairro-teutonia-tera-farmaceutica-em-turno-integral\/#respond"]}]},{"@type":"WebPage","@id":"https:\/\/folhapopular.info\/index.php\/2021\/03\/09\/posto-de-saude-do-bairro-teutonia-tera-farmaceutica-em-turno-integral\/","url":"https:\/\/folhapopular.info\/index.php\/2021\/03\/09\/posto-de-saude-do-bairro-teutonia-tera-farmaceutica-em-turno-integral\/","name":"Posto de Sa\u00fade do Bairro Teut\u00f4nia ter\u00e1 farmac\u00eautica em turno integral - Folha Popular","isPartOf":{"@id":"https:\/\/folhapopular.info\/#website"},"primaryImageOfPage":{"@id":"https:\/\/folhapopular.info\/index.php\/2021\/03\/09\/posto-de-saude-do-bairro-teutonia-tera-farmaceutica-em-turno-integral\/#primaryimage"},"image":{"@id":"https:\/\/folhapopular.info\/index.php\/2021\/03\/09\/posto-de-saude-do-bairro-teutonia-tera-farmaceutica-em-turno-integral\/#primaryimage"},"thumbnailUrl":"https:\/\/folhapopular.info\/wp-content\/uploads\/2021\/03\/2021_03_09_Posto-de-Saude-do-Bairro-Teutonia-tera-farmaceutica-em-turno-integral_Easy-Resize.com_-e1615323855899.jpg","datePublished":"2021-03-09T21:05:38+00:00","dateModified":"2021-03-09T21:05:43+00:00","author":{"@id":"https:\/\/folhapopular.info\/#\/schema\/person\/2814e8a0df7643585a9ca38bc6eb9d4b"},"breadcrumb":{"@id":"https:\/\/folhapopular.info\/index.php\/2021\/03\/09\/posto-de-saude-do-bairro-teutonia-tera-farmaceutica-em-turno-integral\/#breadcrumb"},"inLanguage":"pt-BR","potentialAction":[{"@type":"ReadAction","target":["https:\/\/folhapopular.info\/index.php\/2021\/03\/09\/posto-de-saude-do-bairro-teutonia-tera-farmaceutica-em-turno-integral\/"]}]},{"@type":"ImageObject","inLanguage":"pt-BR","@id":"https:\/\/folhapopular.info\/index.php\/2021\/03\/09\/posto-de-saude-do-bairro-teutonia-tera-farmaceutica-em-turno-integral\/#primaryimage","url":"https:\/\/folhapopular.info\/wp-content\/uploads\/2021\/03\/2021_03_09_Posto-de-Saude-do-Bairro-Teutonia-tera-farmaceutica-em-turno-integral_Easy-Resize.com_-e1615323855899.jpg","contentUrl":"https:\/\/folhapopular.info\/wp-content\/uploads\/2021\/03\/2021_03_09_Posto-de-Saude-do-Bairro-Teutonia-tera-farmaceutica-em-turno-integral_Easy-Resize.com_-e1615323855899.jpg","width":800,"height":600,"caption":"Cr\u00e9ditos da foto: Divulga\u00e7\u00e3o"},{"@type":"BreadcrumbList","@id":"https:\/\/folhapopular.info\/index.php\/2021\/03\/09\/posto-de-saude-do-bairro-teutonia-tera-farmaceutica-em-turno-integral\/#breadcrumb","itemListElement":[{"@type":"ListItem","position":1,"name":"In\u00edcio","item":"https:\/\/folhapopular.info\/"},{"@type":"ListItem","position":2,"name":"Posto de Sa\u00fade do Bairro Teut\u00f4nia ter\u00e1 farmac\u00eautica em turno integral"}]},{"@type":"WebSite","@id":"https:\/\/folhapopular.info\/#website","url":"https:\/\/folhapopular.info\/","name":"Folha Popular","description":"Onde voc\u00ea tem vez e voz","potentialAction":[{"@type":"SearchAction","target":{"@type":"EntryPoint","urlTemplate":"https:\/\/folhapopular.info\/?s={search_term_string}"},"query-input":{"@type":"PropertyValueSpecification","valueRequired":true,"valueName":"search_term_string"}}],"inLanguage":"pt-BR"},{"@type":"Person","@id":"https:\/\/folhapopular.info\/#\/schema\/person\/2814e8a0df7643585a9ca38bc6eb9d4b","name":"Reda\u00e7\u00e3o Folha Popular","image":{"@type":"ImageObject","inLanguage":"pt-BR","@id":"https:\/\/folhapopular.info\/wp-content\/uploads\/2026\/04\/Folha-1.webp","url":"https:\/\/folhapopular.info\/wp-content\/uploads\/2026\/04\/Folha-1.webp","contentUrl":"https:\/\/folhapopular.info\/wp-content\/uploads\/2026\/04\/Folha-1.webp","caption":"Reda\u00e7\u00e3o Folha Popular"},"url":"https:\/\/folhapopular.info\/index.php\/author\/redacao\/"}]}},"jetpack_featured_media_url":"https:\/\/folhapopular.info\/wp-content\/uploads\/2021\/03\/2021_03_09_Posto-de-Saude-do-Bairro-Teutonia-tera-farmaceutica-em-turno-integral_Easy-Resize.com_-e1615323855899.jpg","jetpack_sharing_enabled":true,"amp_enabled":true,"_links":{"self":[{"href":"https:\/\/folhapopular.info\/index.php\/wp-json\/wp\/v2\/posts\/80646","targetHints":{"allow":["GET"]}}],"collection":[{"href":"https:\/\/folhapopular.info\/index.php\/wp-json\/wp\/v2\/posts"}],"about":[{"href":"https:\/\/folhapopular.info\/index.php\/wp-json\/wp\/v2\/types\/post"}],"author":[{"embeddable":true,"href":"https:\/\/folhapopular.info\/index.php\/wp-json\/wp\/v2\/users\/8"}],"replies":[{"embeddable":true,"href":"https:\/\/folhapopular.info\/index.php\/wp-json\/wp\/v2\/comments?post=80646"}],"version-history":[{"count":0,"href":"https:\/\/folhapopular.info\/index.php\/wp-json\/wp\/v2\/posts\/80646\/revisions"}],"wp:featuredmedia":[{"embeddable":true,"href":"https:\/\/folhapopular.info\/index.php\/wp-json\/wp\/v2\/media\/80669"}],"wp:attachment":[{"href":"https:\/\/folhapopular.info\/index.php\/wp-json\/wp\/v2\/media?parent=80646"}],"wp:term":[{"taxonomy":"category","embeddable":true,"href":"https:\/\/folhapopular.info\/index.php\/wp-json\/wp\/v2\/categories?post=80646"},{"taxonomy":"post_tag","embeddable":true,"href":"https:\/\/folhapopular.info\/index.php\/wp-json\/wp\/v2\/tags?post=80646"}],"curies":[{"name":"wp","href":"https:\/\/api.w.org\/{rel}","templated":true}]}}