{"id":81605,"date":"2021-03-30T11:10:19","date_gmt":"2021-03-30T14:10:19","guid":{"rendered":"https:\/\/folhapopular.info\/?p=81605"},"modified":"2021-03-30T11:30:42","modified_gmt":"2021-03-30T14:30:42","slug":"guias-do-iptu-de-poco-das-antas-estarao-disponiveis-a-partir-de-quinta-feira","status":"publish","type":"post","link":"https:\/\/folhapopular.info\/index.php\/2021\/03\/30\/guias-do-iptu-de-poco-das-antas-estarao-disponiveis-a-partir-de-quinta-feira\/","title":{"rendered":"Guias do IPTU em Po\u00e7o das Antas estar\u00e3o dispon\u00edveis a partir de quinta-feira"},"content":{"rendered":"\n<p>A administra\u00e7\u00e3o municipal, atrav\u00e9s da Secretaria Municipal da Fazenda de Po\u00e7o das Antas, comunica que as guias para pagamento do Imposto Predial e Territorial Urbano (IPTU) 2021 estar\u00e3o dispon\u00edveis a partir de quinta-feira (1\/4). <\/p>\n\n\n\n<p>Conforme estabelecido no decreto n\u00ba 2.356, a quita\u00e7\u00e3o do imposto poder\u00e1 ser em parcela \u00fanica com 10% de desconto se paga at\u00e9 o dia 30 de abril desse ano. O pagamento tamb\u00e9m pode ser feito em tr\u00eas parcelas: a primeira com vencimento no dia 30 de abril, a segunda no dia 31 de maio e a terceira no dia 30 de junho.<\/p>\n\n\n\n<p>As guias podem ser obtidas atrav\u00e9s do site&nbsp;<a href=\"http:\/\/www.pocodasantas.rs.gov.br\/?fbclid=IwAR3k7ZMW4bO6C_e_MgKMbaOj9nxFgbe_WrtzsYyLQp2HKJhBh9RtRLJV_DE\" rel=\"noreferrer noopener\" target=\"_blank\">www.pocodasantas.rs.gov.br<\/a>, no bot\u00e3o de &#8220;Atendimento ao Cidad\u00e3o\u201d &#8211; o site tamb\u00e9m disponibiliza o passo a passo da emiss\u00e3o. Al\u00e9m disso, as guias tamb\u00e9m podem ser retiradas junto ao Setor de Tributos, no t\u00e9rreo da Prefeitura Municipal de Po\u00e7o das Antas.<\/p>\n","protected":false},"excerpt":{"rendered":"<p>A administra\u00e7\u00e3o municipal, atrav\u00e9s da Secretaria Municipal da Fazenda de Po\u00e7o das Antas, comunica que as guias para pagamento do Imposto Predial e Territorial Urbano (IPTU) 2021 estar\u00e3o dispon\u00edveis a partir de quinta-feira (1\/4). Conforme estabelecido no decreto n\u00ba 2.356, a quita\u00e7\u00e3o do imposto poder\u00e1 ser em parcela \u00fanica com 10% de desconto se paga [&hellip;]<\/p>\n","protected":false},"author":8,"featured_media":81606,"comment_status":"open","ping_status":"open","sticky":false,"template":"","format":"standard","meta":{"pmpro_default_level":"","_jetpack_memberships_contains_paid_content":false,"footnotes":""},"categories":[2,3],"tags":[98,40],"class_list":{"0":"post-81605","1":"post","2":"type-post","3":"status-publish","4":"format-standard","5":"has-post-thumbnail","7":"category-featured","8":"category-geral","9":"tag-iptu","10":"tag-poco-das-antas","11":"pmpro-has-access"},"yoast_head":"<!-- This site is optimized with the Yoast SEO plugin v27.5 - https:\/\/yoast.com\/product\/yoast-seo-wordpress\/ -->\n<title>Guias do IPTU em Po\u00e7o das Antas estar\u00e3o dispon\u00edveis a partir de quinta-feira - Folha Popular<\/title>\n<meta name=\"robots\" content=\"index, follow, max-snippet:-1, max-image-preview:large, max-video-preview:-1\" \/>\n<link rel=\"canonical\" href=\"https:\/\/folhapopular.info\/index.php\/2021\/03\/30\/guias-do-iptu-de-poco-das-antas-estarao-disponiveis-a-partir-de-quinta-feira\/\" \/>\n<meta property=\"og:locale\" content=\"pt_BR\" \/>\n<meta property=\"og:type\" content=\"article\" \/>\n<meta property=\"og:title\" content=\"Guias do IPTU em Po\u00e7o das Antas estar\u00e3o dispon\u00edveis a partir de quinta-feira - Folha Popular\" \/>\n<meta property=\"og:description\" content=\"A administra\u00e7\u00e3o municipal, atrav\u00e9s da Secretaria Municipal da Fazenda de Po\u00e7o das Antas, comunica que as guias para pagamento do Imposto Predial e Territorial Urbano (IPTU) 2021 estar\u00e3o dispon\u00edveis a partir de quinta-feira (1\/4). Conforme estabelecido no decreto n\u00ba 2.356, a quita\u00e7\u00e3o do imposto poder\u00e1 ser em parcela \u00fanica com 10% de desconto se paga [&hellip;]\" \/>\n<meta property=\"og:url\" content=\"https:\/\/folhapopular.info\/index.php\/2021\/03\/30\/guias-do-iptu-de-poco-das-antas-estarao-disponiveis-a-partir-de-quinta-feira\/\" \/>\n<meta property=\"og:site_name\" content=\"Folha Popular\" \/>\n<meta property=\"article:published_time\" content=\"2021-03-30T14:10:19+00:00\" \/>\n<meta property=\"article:modified_time\" content=\"2021-03-30T14:30:42+00:00\" \/>\n<meta property=\"og:image\" content=\"https:\/\/folhapopular.info\/wp-content\/uploads\/2021\/03\/Guias-do-IPTU-disponiveis-a-partir-do-dia-1o-de-abril_ImagensAereasRS-divulgacao_Easy-Resize.com_-e1617113381336.jpg\" \/>\n\t<meta property=\"og:image:width\" content=\"600\" \/>\n\t<meta property=\"og:image:height\" content=\"450\" \/>\n\t<meta property=\"og:image:type\" content=\"image\/jpeg\" \/>\n<meta name=\"author\" content=\"Reda\u00e7\u00e3o Folha Popular\" \/>\n<meta name=\"twitter:card\" content=\"summary_large_image\" \/>\n<meta name=\"twitter:label1\" content=\"Escrito por\" \/>\n\t<meta name=\"twitter:data1\" content=\"Reda\u00e7\u00e3o Folha Popular\" \/>\n\t<meta name=\"twitter:label2\" content=\"Est. tempo de leitura\" \/>\n\t<meta name=\"twitter:data2\" content=\"1 minuto\" \/>\n<script type=\"application\/ld+json\" class=\"yoast-schema-graph\">{\"@context\":\"https:\\\/\\\/schema.org\",\"@graph\":[{\"@type\":\"Article\",\"@id\":\"https:\\\/\\\/folhapopular.info\\\/index.php\\\/2021\\\/03\\\/30\\\/guias-do-iptu-de-poco-das-antas-estarao-disponiveis-a-partir-de-quinta-feira\\\/#article\",\"isPartOf\":{\"@id\":\"https:\\\/\\\/folhapopular.info\\\/index.php\\\/2021\\\/03\\\/30\\\/guias-do-iptu-de-poco-das-antas-estarao-disponiveis-a-partir-de-quinta-feira\\\/\"},\"author\":{\"name\":\"Reda\u00e7\u00e3o Folha Popular\",\"@id\":\"https:\\\/\\\/folhapopular.info\\\/#\\\/schema\\\/person\\\/2814e8a0df7643585a9ca38bc6eb9d4b\"},\"headline\":\"Guias do IPTU em Po\u00e7o das Antas estar\u00e3o dispon\u00edveis a partir de quinta-feira\",\"datePublished\":\"2021-03-30T14:10:19+00:00\",\"dateModified\":\"2021-03-30T14:30:42+00:00\",\"mainEntityOfPage\":{\"@id\":\"https:\\\/\\\/folhapopular.info\\\/index.php\\\/2021\\\/03\\\/30\\\/guias-do-iptu-de-poco-das-antas-estarao-disponiveis-a-partir-de-quinta-feira\\\/\"},\"wordCount\":174,\"commentCount\":0,\"image\":{\"@id\":\"https:\\\/\\\/folhapopular.info\\\/index.php\\\/2021\\\/03\\\/30\\\/guias-do-iptu-de-poco-das-antas-estarao-disponiveis-a-partir-de-quinta-feira\\\/#primaryimage\"},\"thumbnailUrl\":\"https:\\\/\\\/folhapopular.info\\\/wp-content\\\/uploads\\\/2021\\\/03\\\/Guias-do-IPTU-disponiveis-a-partir-do-dia-1o-de-abril_ImagensAereasRS-divulgacao_Easy-Resize.com_-e1617113381336.jpg\",\"keywords\":[\"IPTU\",\"Po\u00e7o das Antas\"],\"articleSection\":[\"Destaques\",\"Geral\"],\"inLanguage\":\"pt-BR\",\"potentialAction\":[{\"@type\":\"CommentAction\",\"name\":\"Comment\",\"target\":[\"https:\\\/\\\/folhapopular.info\\\/index.php\\\/2021\\\/03\\\/30\\\/guias-do-iptu-de-poco-das-antas-estarao-disponiveis-a-partir-de-quinta-feira\\\/#respond\"]}]},{\"@type\":\"WebPage\",\"@id\":\"https:\\\/\\\/folhapopular.info\\\/index.php\\\/2021\\\/03\\\/30\\\/guias-do-iptu-de-poco-das-antas-estarao-disponiveis-a-partir-de-quinta-feira\\\/\",\"url\":\"https:\\\/\\\/folhapopular.info\\\/index.php\\\/2021\\\/03\\\/30\\\/guias-do-iptu-de-poco-das-antas-estarao-disponiveis-a-partir-de-quinta-feira\\\/\",\"name\":\"Guias do IPTU em Po\u00e7o das Antas estar\u00e3o dispon\u00edveis a partir de quinta-feira - Folha Popular\",\"isPartOf\":{\"@id\":\"https:\\\/\\\/folhapopular.info\\\/#website\"},\"primaryImageOfPage\":{\"@id\":\"https:\\\/\\\/folhapopular.info\\\/index.php\\\/2021\\\/03\\\/30\\\/guias-do-iptu-de-poco-das-antas-estarao-disponiveis-a-partir-de-quinta-feira\\\/#primaryimage\"},\"image\":{\"@id\":\"https:\\\/\\\/folhapopular.info\\\/index.php\\\/2021\\\/03\\\/30\\\/guias-do-iptu-de-poco-das-antas-estarao-disponiveis-a-partir-de-quinta-feira\\\/#primaryimage\"},\"thumbnailUrl\":\"https:\\\/\\\/folhapopular.info\\\/wp-content\\\/uploads\\\/2021\\\/03\\\/Guias-do-IPTU-disponiveis-a-partir-do-dia-1o-de-abril_ImagensAereasRS-divulgacao_Easy-Resize.com_-e1617113381336.jpg\",\"datePublished\":\"2021-03-30T14:10:19+00:00\",\"dateModified\":\"2021-03-30T14:30:42+00:00\",\"author\":{\"@id\":\"https:\\\/\\\/folhapopular.info\\\/#\\\/schema\\\/person\\\/2814e8a0df7643585a9ca38bc6eb9d4b\"},\"breadcrumb\":{\"@id\":\"https:\\\/\\\/folhapopular.info\\\/index.php\\\/2021\\\/03\\\/30\\\/guias-do-iptu-de-poco-das-antas-estarao-disponiveis-a-partir-de-quinta-feira\\\/#breadcrumb\"},\"inLanguage\":\"pt-BR\",\"potentialAction\":[{\"@type\":\"ReadAction\",\"target\":[\"https:\\\/\\\/folhapopular.info\\\/index.php\\\/2021\\\/03\\\/30\\\/guias-do-iptu-de-poco-das-antas-estarao-disponiveis-a-partir-de-quinta-feira\\\/\"]}]},{\"@type\":\"ImageObject\",\"inLanguage\":\"pt-BR\",\"@id\":\"https:\\\/\\\/folhapopular.info\\\/index.php\\\/2021\\\/03\\\/30\\\/guias-do-iptu-de-poco-das-antas-estarao-disponiveis-a-partir-de-quinta-feira\\\/#primaryimage\",\"url\":\"https:\\\/\\\/folhapopular.info\\\/wp-content\\\/uploads\\\/2021\\\/03\\\/Guias-do-IPTU-disponiveis-a-partir-do-dia-1o-de-abril_ImagensAereasRS-divulgacao_Easy-Resize.com_-e1617113381336.jpg\",\"contentUrl\":\"https:\\\/\\\/folhapopular.info\\\/wp-content\\\/uploads\\\/2021\\\/03\\\/Guias-do-IPTU-disponiveis-a-partir-do-dia-1o-de-abril_ImagensAereasRS-divulgacao_Easy-Resize.com_-e1617113381336.jpg\",\"width\":600,\"height\":450,\"caption\":\"Guias do IPTU dispon\u00edveis a partir do dia 1\u00ba \\\/ Cr\u00e9dito da foto: ImagensA\u00e9reasRS \\\/ Divulga\u00e7\u00e3o\"},{\"@type\":\"BreadcrumbList\",\"@id\":\"https:\\\/\\\/folhapopular.info\\\/index.php\\\/2021\\\/03\\\/30\\\/guias-do-iptu-de-poco-das-antas-estarao-disponiveis-a-partir-de-quinta-feira\\\/#breadcrumb\",\"itemListElement\":[{\"@type\":\"ListItem\",\"position\":1,\"name\":\"In\u00edcio\",\"item\":\"https:\\\/\\\/folhapopular.info\\\/\"},{\"@type\":\"ListItem\",\"position\":2,\"name\":\"Guias do IPTU em Po\u00e7o das Antas estar\u00e3o dispon\u00edveis a partir de quinta-feira\"}]},{\"@type\":\"WebSite\",\"@id\":\"https:\\\/\\\/folhapopular.info\\\/#website\",\"url\":\"https:\\\/\\\/folhapopular.info\\\/\",\"name\":\"Folha Popular\",\"description\":\"Onde voc\u00ea tem vez e voz\",\"potentialAction\":[{\"@type\":\"SearchAction\",\"target\":{\"@type\":\"EntryPoint\",\"urlTemplate\":\"https:\\\/\\\/folhapopular.info\\\/?s={search_term_string}\"},\"query-input\":{\"@type\":\"PropertyValueSpecification\",\"valueRequired\":true,\"valueName\":\"search_term_string\"}}],\"inLanguage\":\"pt-BR\"},{\"@type\":\"Person\",\"@id\":\"https:\\\/\\\/folhapopular.info\\\/#\\\/schema\\\/person\\\/2814e8a0df7643585a9ca38bc6eb9d4b\",\"name\":\"Reda\u00e7\u00e3o Folha Popular\",\"image\":{\"@type\":\"ImageObject\",\"inLanguage\":\"pt-BR\",\"@id\":\"https:\\\/\\\/folhapopular.info\\\/wp-content\\\/uploads\\\/2026\\\/04\\\/Folha-1.webp\",\"url\":\"https:\\\/\\\/folhapopular.info\\\/wp-content\\\/uploads\\\/2026\\\/04\\\/Folha-1.webp\",\"contentUrl\":\"https:\\\/\\\/folhapopular.info\\\/wp-content\\\/uploads\\\/2026\\\/04\\\/Folha-1.webp\",\"caption\":\"Reda\u00e7\u00e3o Folha Popular\"},\"url\":\"https:\\\/\\\/folhapopular.info\\\/index.php\\\/author\\\/redacao\\\/\"}]}<\/script>\n<!-- \/ Yoast SEO plugin. -->","yoast_head_json":{"title":"Guias do IPTU em Po\u00e7o das Antas estar\u00e3o dispon\u00edveis a partir de quinta-feira - Folha Popular","robots":{"index":"index","follow":"follow","max-snippet":"max-snippet:-1","max-image-preview":"max-image-preview:large","max-video-preview":"max-video-preview:-1"},"canonical":"https:\/\/folhapopular.info\/index.php\/2021\/03\/30\/guias-do-iptu-de-poco-das-antas-estarao-disponiveis-a-partir-de-quinta-feira\/","og_locale":"pt_BR","og_type":"article","og_title":"Guias do IPTU em Po\u00e7o das Antas estar\u00e3o dispon\u00edveis a partir de quinta-feira - Folha Popular","og_description":"A administra\u00e7\u00e3o municipal, atrav\u00e9s da Secretaria Municipal da Fazenda de Po\u00e7o das Antas, comunica que as guias para pagamento do Imposto Predial e Territorial Urbano (IPTU) 2021 estar\u00e3o dispon\u00edveis a partir de quinta-feira (1\/4). Conforme estabelecido no decreto n\u00ba 2.356, a quita\u00e7\u00e3o do imposto poder\u00e1 ser em parcela \u00fanica com 10% de desconto se paga [&hellip;]","og_url":"https:\/\/folhapopular.info\/index.php\/2021\/03\/30\/guias-do-iptu-de-poco-das-antas-estarao-disponiveis-a-partir-de-quinta-feira\/","og_site_name":"Folha Popular","article_published_time":"2021-03-30T14:10:19+00:00","article_modified_time":"2021-03-30T14:30:42+00:00","og_image":[{"width":600,"height":450,"url":"https:\/\/folhapopular.info\/wp-content\/uploads\/2021\/03\/Guias-do-IPTU-disponiveis-a-partir-do-dia-1o-de-abril_ImagensAereasRS-divulgacao_Easy-Resize.com_-e1617113381336.jpg","type":"image\/jpeg"}],"author":"Reda\u00e7\u00e3o Folha Popular","twitter_card":"summary_large_image","twitter_misc":{"Escrito por":"Reda\u00e7\u00e3o Folha Popular","Est. tempo de leitura":"1 minuto"},"schema":{"@context":"https:\/\/schema.org","@graph":[{"@type":"Article","@id":"https:\/\/folhapopular.info\/index.php\/2021\/03\/30\/guias-do-iptu-de-poco-das-antas-estarao-disponiveis-a-partir-de-quinta-feira\/#article","isPartOf":{"@id":"https:\/\/folhapopular.info\/index.php\/2021\/03\/30\/guias-do-iptu-de-poco-das-antas-estarao-disponiveis-a-partir-de-quinta-feira\/"},"author":{"name":"Reda\u00e7\u00e3o Folha Popular","@id":"https:\/\/folhapopular.info\/#\/schema\/person\/2814e8a0df7643585a9ca38bc6eb9d4b"},"headline":"Guias do IPTU em Po\u00e7o das Antas estar\u00e3o dispon\u00edveis a partir de quinta-feira","datePublished":"2021-03-30T14:10:19+00:00","dateModified":"2021-03-30T14:30:42+00:00","mainEntityOfPage":{"@id":"https:\/\/folhapopular.info\/index.php\/2021\/03\/30\/guias-do-iptu-de-poco-das-antas-estarao-disponiveis-a-partir-de-quinta-feira\/"},"wordCount":174,"commentCount":0,"image":{"@id":"https:\/\/folhapopular.info\/index.php\/2021\/03\/30\/guias-do-iptu-de-poco-das-antas-estarao-disponiveis-a-partir-de-quinta-feira\/#primaryimage"},"thumbnailUrl":"https:\/\/folhapopular.info\/wp-content\/uploads\/2021\/03\/Guias-do-IPTU-disponiveis-a-partir-do-dia-1o-de-abril_ImagensAereasRS-divulgacao_Easy-Resize.com_-e1617113381336.jpg","keywords":["IPTU","Po\u00e7o das Antas"],"articleSection":["Destaques","Geral"],"inLanguage":"pt-BR","potentialAction":[{"@type":"CommentAction","name":"Comment","target":["https:\/\/folhapopular.info\/index.php\/2021\/03\/30\/guias-do-iptu-de-poco-das-antas-estarao-disponiveis-a-partir-de-quinta-feira\/#respond"]}]},{"@type":"WebPage","@id":"https:\/\/folhapopular.info\/index.php\/2021\/03\/30\/guias-do-iptu-de-poco-das-antas-estarao-disponiveis-a-partir-de-quinta-feira\/","url":"https:\/\/folhapopular.info\/index.php\/2021\/03\/30\/guias-do-iptu-de-poco-das-antas-estarao-disponiveis-a-partir-de-quinta-feira\/","name":"Guias do IPTU em Po\u00e7o das Antas estar\u00e3o dispon\u00edveis a partir de quinta-feira - Folha Popular","isPartOf":{"@id":"https:\/\/folhapopular.info\/#website"},"primaryImageOfPage":{"@id":"https:\/\/folhapopular.info\/index.php\/2021\/03\/30\/guias-do-iptu-de-poco-das-antas-estarao-disponiveis-a-partir-de-quinta-feira\/#primaryimage"},"image":{"@id":"https:\/\/folhapopular.info\/index.php\/2021\/03\/30\/guias-do-iptu-de-poco-das-antas-estarao-disponiveis-a-partir-de-quinta-feira\/#primaryimage"},"thumbnailUrl":"https:\/\/folhapopular.info\/wp-content\/uploads\/2021\/03\/Guias-do-IPTU-disponiveis-a-partir-do-dia-1o-de-abril_ImagensAereasRS-divulgacao_Easy-Resize.com_-e1617113381336.jpg","datePublished":"2021-03-30T14:10:19+00:00","dateModified":"2021-03-30T14:30:42+00:00","author":{"@id":"https:\/\/folhapopular.info\/#\/schema\/person\/2814e8a0df7643585a9ca38bc6eb9d4b"},"breadcrumb":{"@id":"https:\/\/folhapopular.info\/index.php\/2021\/03\/30\/guias-do-iptu-de-poco-das-antas-estarao-disponiveis-a-partir-de-quinta-feira\/#breadcrumb"},"inLanguage":"pt-BR","potentialAction":[{"@type":"ReadAction","target":["https:\/\/folhapopular.info\/index.php\/2021\/03\/30\/guias-do-iptu-de-poco-das-antas-estarao-disponiveis-a-partir-de-quinta-feira\/"]}]},{"@type":"ImageObject","inLanguage":"pt-BR","@id":"https:\/\/folhapopular.info\/index.php\/2021\/03\/30\/guias-do-iptu-de-poco-das-antas-estarao-disponiveis-a-partir-de-quinta-feira\/#primaryimage","url":"https:\/\/folhapopular.info\/wp-content\/uploads\/2021\/03\/Guias-do-IPTU-disponiveis-a-partir-do-dia-1o-de-abril_ImagensAereasRS-divulgacao_Easy-Resize.com_-e1617113381336.jpg","contentUrl":"https:\/\/folhapopular.info\/wp-content\/uploads\/2021\/03\/Guias-do-IPTU-disponiveis-a-partir-do-dia-1o-de-abril_ImagensAereasRS-divulgacao_Easy-Resize.com_-e1617113381336.jpg","width":600,"height":450,"caption":"Guias do IPTU dispon\u00edveis a partir do dia 1\u00ba \/ Cr\u00e9dito da foto: ImagensA\u00e9reasRS \/ Divulga\u00e7\u00e3o"},{"@type":"BreadcrumbList","@id":"https:\/\/folhapopular.info\/index.php\/2021\/03\/30\/guias-do-iptu-de-poco-das-antas-estarao-disponiveis-a-partir-de-quinta-feira\/#breadcrumb","itemListElement":[{"@type":"ListItem","position":1,"name":"In\u00edcio","item":"https:\/\/folhapopular.info\/"},{"@type":"ListItem","position":2,"name":"Guias do IPTU em Po\u00e7o das Antas estar\u00e3o dispon\u00edveis a partir de quinta-feira"}]},{"@type":"WebSite","@id":"https:\/\/folhapopular.info\/#website","url":"https:\/\/folhapopular.info\/","name":"Folha Popular","description":"Onde voc\u00ea tem vez e voz","potentialAction":[{"@type":"SearchAction","target":{"@type":"EntryPoint","urlTemplate":"https:\/\/folhapopular.info\/?s={search_term_string}"},"query-input":{"@type":"PropertyValueSpecification","valueRequired":true,"valueName":"search_term_string"}}],"inLanguage":"pt-BR"},{"@type":"Person","@id":"https:\/\/folhapopular.info\/#\/schema\/person\/2814e8a0df7643585a9ca38bc6eb9d4b","name":"Reda\u00e7\u00e3o Folha Popular","image":{"@type":"ImageObject","inLanguage":"pt-BR","@id":"https:\/\/folhapopular.info\/wp-content\/uploads\/2026\/04\/Folha-1.webp","url":"https:\/\/folhapopular.info\/wp-content\/uploads\/2026\/04\/Folha-1.webp","contentUrl":"https:\/\/folhapopular.info\/wp-content\/uploads\/2026\/04\/Folha-1.webp","caption":"Reda\u00e7\u00e3o Folha Popular"},"url":"https:\/\/folhapopular.info\/index.php\/author\/redacao\/"}]}},"jetpack_featured_media_url":"https:\/\/folhapopular.info\/wp-content\/uploads\/2021\/03\/Guias-do-IPTU-disponiveis-a-partir-do-dia-1o-de-abril_ImagensAereasRS-divulgacao_Easy-Resize.com_-e1617113381336.jpg","jetpack_sharing_enabled":true,"amp_enabled":true,"_links":{"self":[{"href":"https:\/\/folhapopular.info\/index.php\/wp-json\/wp\/v2\/posts\/81605","targetHints":{"allow":["GET"]}}],"collection":[{"href":"https:\/\/folhapopular.info\/index.php\/wp-json\/wp\/v2\/posts"}],"about":[{"href":"https:\/\/folhapopular.info\/index.php\/wp-json\/wp\/v2\/types\/post"}],"author":[{"embeddable":true,"href":"https:\/\/folhapopular.info\/index.php\/wp-json\/wp\/v2\/users\/8"}],"replies":[{"embeddable":true,"href":"https:\/\/folhapopular.info\/index.php\/wp-json\/wp\/v2\/comments?post=81605"}],"version-history":[{"count":0,"href":"https:\/\/folhapopular.info\/index.php\/wp-json\/wp\/v2\/posts\/81605\/revisions"}],"wp:featuredmedia":[{"embeddable":true,"href":"https:\/\/folhapopular.info\/index.php\/wp-json\/wp\/v2\/media\/81606"}],"wp:attachment":[{"href":"https:\/\/folhapopular.info\/index.php\/wp-json\/wp\/v2\/media?parent=81605"}],"wp:term":[{"taxonomy":"category","embeddable":true,"href":"https:\/\/folhapopular.info\/index.php\/wp-json\/wp\/v2\/categories?post=81605"},{"taxonomy":"post_tag","embeddable":true,"href":"https:\/\/folhapopular.info\/index.php\/wp-json\/wp\/v2\/tags?post=81605"}],"curies":[{"name":"wp","href":"https:\/\/api.w.org\/{rel}","templated":true}]}}