{"id":81651,"date":"2021-03-31T19:00:00","date_gmt":"2021-03-31T22:00:00","guid":{"rendered":"https:\/\/folhapopular.info\/?p=81651"},"modified":"2021-04-01T06:48:31","modified_gmt":"2021-04-01T09:48:31","slug":"fininho-titulo-para-celebrar-com-tres-geracoes","status":"publish","type":"post","link":"https:\/\/folhapopular.info\/index.php\/2021\/03\/31\/fininho-titulo-para-celebrar-com-tres-geracoes\/","title":{"rendered":"Fininho: T\u00edtulo para celebrar com tr\u00eas gera\u00e7\u00f5es"},"content":{"rendered":"<p>O futebol amador do interior do Rio Grande do Sul traz caracter\u00edstica de comunidade. As diretorias e as equipes contam, em sua maioria, com pessoas que vivem na localidade. \u00c9 por isso tamb\u00e9m que envolve la\u00e7os afetivos. S\u00e3o fam\u00edlias inteiras dedicadas a manter estas agremia\u00e7\u00f5es e suas estruturas. Por isso, muitas das hist\u00f3rias de campe\u00e3o&#8230; <\/p>\n<div class=\"pmpro\">\n<div class=\"pmpro_card pmpro_content_message\">\n<div class=\"pmpro_card_content\">Este conte\u00fado \u00e9 apenas para associados Grupo Popular &#8211; Conte\u00fado Total Anual e Grupo Popular &#8211; Conte\u00fado Total Mensal. <br \/><a href=\"https:\/\/folhapopular.info\/wp-login.php?action=register\">Cadastre-se<\/a><\/div>\n<div class=\"pmpro_card_actions pmpro_font-medium\">J\u00e1 se associou? <a href=\"https:\/\/folhapopular.info\/wp-login.php?redirect_to=https%3A%2F%2Ffolhapopular.info%2Findex.php%2F2021%2F03%2F31%2Ffininho-titulo-para-celebrar-com-tres-geracoes%2F\">Acesse aqui<\/a><\/div>\n<\/div>\n<\/div>\n","protected":false},"excerpt":{"rendered":"<p>O futebol amador do interior do Rio Grande do Sul traz caracter\u00edstica de comunidade. As diretorias e as equipes contam, em sua maioria, com pessoas que vivem na localidade. \u00c9 por isso tamb\u00e9m que envolve la\u00e7os afetivos. S\u00e3o fam\u00edlias inteiras dedicadas a manter estas agremia\u00e7\u00f5es e suas estruturas. Por isso, muitas das hist\u00f3rias de campe\u00e3o... <\/p>\n<div class=\"pmpro\"><div class=\"pmpro_card pmpro_content_message\"><div class=\"pmpro_card_content\">Este conte\u00fado \u00e9 apenas para associados Grupo Popular - Conte\u00fado Total Anual e Grupo Popular - Conte\u00fado Total Mensal. <br \/><a href=\"https:\/\/folhapopular.info\/wp-login.php?action=register\">Cadastre-se<\/a><\/div><div class=\"pmpro_card_actions pmpro_font-medium\">J\u00e1 se associou? <a href=\"https:\/\/folhapopular.info\/wp-login.php?redirect_to=https%3A%2F%2Ffolhapopular.info%2Findex.php%2F2021%2F03%2F31%2Ffininho-titulo-para-celebrar-com-tres-geracoes%2F\">Acesse aqui<\/a><\/div><\/div><\/div>","protected":false},"author":8,"featured_media":81652,"comment_status":"open","ping_status":"open","sticky":false,"template":"","format":"standard","meta":{"pmpro_default_level":"","_jetpack_memberships_contains_paid_content":false,"footnotes":""},"categories":[5990,5],"tags":[137,6517,6136,26],"class_list":{"0":"post-81651","1":"post","2":"type-post","3":"status-publish","4":"format-standard","5":"has-post-thumbnail","7":"category-conteudo-exclusivo","8":"category-esportes","9":"tag-esporte","10":"tag-fininho","11":"tag-historias-de-campeao","12":"tag-teutonia","13":"pmpro-level-required","14":"pmpro-level-2","15":"pmpro-level-4","16":"pmpro-level-5","17":"pmpro-no-access"},"yoast_head":"<!-- This site is optimized with the Yoast SEO plugin v27.5 - https:\/\/yoast.com\/product\/yoast-seo-wordpress\/ -->\n<title>Fininho: T\u00edtulo para celebrar com tr\u00eas gera\u00e7\u00f5es - Folha Popular<\/title>\n<meta name=\"robots\" content=\"index, follow, max-snippet:-1, max-image-preview:large, max-video-preview:-1\" \/>\n<link rel=\"canonical\" href=\"https:\/\/folhapopular.info\/index.php\/2021\/03\/31\/fininho-titulo-para-celebrar-com-tres-geracoes\/\" \/>\n<meta property=\"og:locale\" content=\"pt_BR\" \/>\n<meta property=\"og:type\" content=\"article\" \/>\n<meta property=\"og:title\" content=\"Fininho: T\u00edtulo para celebrar com tr\u00eas gera\u00e7\u00f5es - Folha Popular\" \/>\n<meta property=\"og:description\" content=\"O futebol amador do interior do Rio Grande do Sul traz caracter\u00edstica de comunidade. As diretorias e as equipes contam, em sua maioria, com pessoas que vivem na localidade. \u00c9 por isso tamb\u00e9m que envolve la\u00e7os afetivos. S\u00e3o fam\u00edlias inteiras dedicadas a manter estas agremia\u00e7\u00f5es e suas estruturas. Por isso, muitas das hist\u00f3rias de campe\u00e3o [&hellip;]\" \/>\n<meta property=\"og:url\" content=\"https:\/\/folhapopular.info\/index.php\/2021\/03\/31\/fininho-titulo-para-celebrar-com-tres-geracoes\/\" \/>\n<meta property=\"og:site_name\" content=\"Folha Popular\" \/>\n<meta property=\"article:published_time\" content=\"2021-03-31T22:00:00+00:00\" \/>\n<meta property=\"article:modified_time\" content=\"2021-04-01T09:48:31+00:00\" \/>\n<meta property=\"og:image\" content=\"https:\/\/folhapopular.info\/wp-content\/uploads\/2021\/03\/Tres-geracoes-da-Familia-Palm-no-Esperanca-Fininho-com-o-pai-d-e-o-avo-e-e-a-taca-do-titulo-de-2015-pelo-Esperanca_Arquivo-FP-scaled-e1617190166594.jpg\" \/>\n\t<meta property=\"og:image:width\" content=\"508\" \/>\n\t<meta property=\"og:image:height\" content=\"800\" \/>\n\t<meta property=\"og:image:type\" content=\"image\/jpeg\" \/>\n<meta name=\"author\" content=\"Reda\u00e7\u00e3o Folha Popular\" \/>\n<meta name=\"twitter:card\" content=\"summary_large_image\" \/>\n<meta name=\"twitter:label1\" content=\"Escrito por\" \/>\n\t<meta name=\"twitter:data1\" content=\"Reda\u00e7\u00e3o Folha Popular\" \/>\n\t<meta name=\"twitter:label2\" content=\"Est. tempo de leitura\" \/>\n\t<meta name=\"twitter:data2\" content=\"6 minutos\" \/>\n<script type=\"application\/ld+json\" class=\"yoast-schema-graph\">{\"@context\":\"https:\\\/\\\/schema.org\",\"@graph\":[{\"@type\":\"Article\",\"@id\":\"https:\\\/\\\/folhapopular.info\\\/index.php\\\/2021\\\/03\\\/31\\\/fininho-titulo-para-celebrar-com-tres-geracoes\\\/#article\",\"isPartOf\":{\"@id\":\"https:\\\/\\\/folhapopular.info\\\/index.php\\\/2021\\\/03\\\/31\\\/fininho-titulo-para-celebrar-com-tres-geracoes\\\/\"},\"author\":{\"name\":\"Reda\u00e7\u00e3o Folha Popular\",\"@id\":\"https:\\\/\\\/folhapopular.info\\\/#\\\/schema\\\/person\\\/2814e8a0df7643585a9ca38bc6eb9d4b\"},\"headline\":\"Fininho: T\u00edtulo para celebrar com tr\u00eas gera\u00e7\u00f5es\",\"datePublished\":\"2021-03-31T22:00:00+00:00\",\"dateModified\":\"2021-04-01T09:48:31+00:00\",\"mainEntityOfPage\":{\"@id\":\"https:\\\/\\\/folhapopular.info\\\/index.php\\\/2021\\\/03\\\/31\\\/fininho-titulo-para-celebrar-com-tres-geracoes\\\/\"},\"wordCount\":1262,\"commentCount\":0,\"image\":{\"@id\":\"https:\\\/\\\/folhapopular.info\\\/index.php\\\/2021\\\/03\\\/31\\\/fininho-titulo-para-celebrar-com-tres-geracoes\\\/#primaryimage\"},\"thumbnailUrl\":\"https:\\\/\\\/folhapopular.info\\\/wp-content\\\/uploads\\\/2021\\\/03\\\/Tres-geracoes-da-Familia-Palm-no-Esperanca-Fininho-com-o-pai-d-e-o-avo-e-e-a-taca-do-titulo-de-2015-pelo-Esperanca_Arquivo-FP-scaled-e1617190166594.jpg\",\"keywords\":[\"Esporte\",\"Fininho\",\"Hist\u00f3rias de campe\u00e3o\",\"Teut\u00f4nia\"],\"articleSection\":[\"Conte\u00fado Exclusivo\",\"Esportes\"],\"inLanguage\":\"pt-BR\",\"potentialAction\":[{\"@type\":\"CommentAction\",\"name\":\"Comment\",\"target\":[\"https:\\\/\\\/folhapopular.info\\\/index.php\\\/2021\\\/03\\\/31\\\/fininho-titulo-para-celebrar-com-tres-geracoes\\\/#respond\"]}]},{\"@type\":\"WebPage\",\"@id\":\"https:\\\/\\\/folhapopular.info\\\/index.php\\\/2021\\\/03\\\/31\\\/fininho-titulo-para-celebrar-com-tres-geracoes\\\/\",\"url\":\"https:\\\/\\\/folhapopular.info\\\/index.php\\\/2021\\\/03\\\/31\\\/fininho-titulo-para-celebrar-com-tres-geracoes\\\/\",\"name\":\"Fininho: T\u00edtulo para celebrar com tr\u00eas gera\u00e7\u00f5es - Folha Popular\",\"isPartOf\":{\"@id\":\"https:\\\/\\\/folhapopular.info\\\/#website\"},\"primaryImageOfPage\":{\"@id\":\"https:\\\/\\\/folhapopular.info\\\/index.php\\\/2021\\\/03\\\/31\\\/fininho-titulo-para-celebrar-com-tres-geracoes\\\/#primaryimage\"},\"image\":{\"@id\":\"https:\\\/\\\/folhapopular.info\\\/index.php\\\/2021\\\/03\\\/31\\\/fininho-titulo-para-celebrar-com-tres-geracoes\\\/#primaryimage\"},\"thumbnailUrl\":\"https:\\\/\\\/folhapopular.info\\\/wp-content\\\/uploads\\\/2021\\\/03\\\/Tres-geracoes-da-Familia-Palm-no-Esperanca-Fininho-com-o-pai-d-e-o-avo-e-e-a-taca-do-titulo-de-2015-pelo-Esperanca_Arquivo-FP-scaled-e1617190166594.jpg\",\"datePublished\":\"2021-03-31T22:00:00+00:00\",\"dateModified\":\"2021-04-01T09:48:31+00:00\",\"author\":{\"@id\":\"https:\\\/\\\/folhapopular.info\\\/#\\\/schema\\\/person\\\/2814e8a0df7643585a9ca38bc6eb9d4b\"},\"breadcrumb\":{\"@id\":\"https:\\\/\\\/folhapopular.info\\\/index.php\\\/2021\\\/03\\\/31\\\/fininho-titulo-para-celebrar-com-tres-geracoes\\\/#breadcrumb\"},\"inLanguage\":\"pt-BR\",\"potentialAction\":[{\"@type\":\"ReadAction\",\"target\":[\"https:\\\/\\\/folhapopular.info\\\/index.php\\\/2021\\\/03\\\/31\\\/fininho-titulo-para-celebrar-com-tres-geracoes\\\/\"]}]},{\"@type\":\"ImageObject\",\"inLanguage\":\"pt-BR\",\"@id\":\"https:\\\/\\\/folhapopular.info\\\/index.php\\\/2021\\\/03\\\/31\\\/fininho-titulo-para-celebrar-com-tres-geracoes\\\/#primaryimage\",\"url\":\"https:\\\/\\\/folhapopular.info\\\/wp-content\\\/uploads\\\/2021\\\/03\\\/Tres-geracoes-da-Familia-Palm-no-Esperanca-Fininho-com-o-pai-d-e-o-avo-e-e-a-taca-do-titulo-de-2015-pelo-Esperanca_Arquivo-FP-scaled-e1617190166594.jpg\",\"contentUrl\":\"https:\\\/\\\/folhapopular.info\\\/wp-content\\\/uploads\\\/2021\\\/03\\\/Tres-geracoes-da-Familia-Palm-no-Esperanca-Fininho-com-o-pai-d-e-o-avo-e-e-a-taca-do-titulo-de-2015-pelo-Esperanca_Arquivo-FP-scaled-e1617190166594.jpg\",\"width\":508,\"height\":800,\"caption\":\"Tr\u00eas gera\u00e7\u00f5es da Fam\u00edlia Palm no Esperan\u00e7a - Fininho com o pai (d) e o av\u00f4 (e) e a ta\u00e7a do t\u00edtulo de 2015 pelo Esperan\u00e7a \\\/ Cr\u00e9dito da foto: Arquivo FP\"},{\"@type\":\"BreadcrumbList\",\"@id\":\"https:\\\/\\\/folhapopular.info\\\/index.php\\\/2021\\\/03\\\/31\\\/fininho-titulo-para-celebrar-com-tres-geracoes\\\/#breadcrumb\",\"itemListElement\":[{\"@type\":\"ListItem\",\"position\":1,\"name\":\"In\u00edcio\",\"item\":\"https:\\\/\\\/folhapopular.info\\\/\"},{\"@type\":\"ListItem\",\"position\":2,\"name\":\"Fininho: T\u00edtulo para celebrar com tr\u00eas gera\u00e7\u00f5es\"}]},{\"@type\":\"WebSite\",\"@id\":\"https:\\\/\\\/folhapopular.info\\\/#website\",\"url\":\"https:\\\/\\\/folhapopular.info\\\/\",\"name\":\"Folha Popular\",\"description\":\"Onde voc\u00ea tem vez e voz\",\"potentialAction\":[{\"@type\":\"SearchAction\",\"target\":{\"@type\":\"EntryPoint\",\"urlTemplate\":\"https:\\\/\\\/folhapopular.info\\\/?s={search_term_string}\"},\"query-input\":{\"@type\":\"PropertyValueSpecification\",\"valueRequired\":true,\"valueName\":\"search_term_string\"}}],\"inLanguage\":\"pt-BR\"},{\"@type\":\"Person\",\"@id\":\"https:\\\/\\\/folhapopular.info\\\/#\\\/schema\\\/person\\\/2814e8a0df7643585a9ca38bc6eb9d4b\",\"name\":\"Reda\u00e7\u00e3o Folha Popular\",\"image\":{\"@type\":\"ImageObject\",\"inLanguage\":\"pt-BR\",\"@id\":\"https:\\\/\\\/folhapopular.info\\\/wp-content\\\/uploads\\\/2026\\\/04\\\/Folha-1.webp\",\"url\":\"https:\\\/\\\/folhapopular.info\\\/wp-content\\\/uploads\\\/2026\\\/04\\\/Folha-1.webp\",\"contentUrl\":\"https:\\\/\\\/folhapopular.info\\\/wp-content\\\/uploads\\\/2026\\\/04\\\/Folha-1.webp\",\"caption\":\"Reda\u00e7\u00e3o Folha Popular\"},\"url\":\"https:\\\/\\\/folhapopular.info\\\/index.php\\\/author\\\/redacao\\\/\"}]}<\/script>\n<!-- \/ Yoast SEO plugin. -->","yoast_head_json":{"title":"Fininho: T\u00edtulo para celebrar com tr\u00eas gera\u00e7\u00f5es - Folha Popular","robots":{"index":"index","follow":"follow","max-snippet":"max-snippet:-1","max-image-preview":"max-image-preview:large","max-video-preview":"max-video-preview:-1"},"canonical":"https:\/\/folhapopular.info\/index.php\/2021\/03\/31\/fininho-titulo-para-celebrar-com-tres-geracoes\/","og_locale":"pt_BR","og_type":"article","og_title":"Fininho: T\u00edtulo para celebrar com tr\u00eas gera\u00e7\u00f5es - Folha Popular","og_description":"O futebol amador do interior do Rio Grande do Sul traz caracter\u00edstica de comunidade. As diretorias e as equipes contam, em sua maioria, com pessoas que vivem na localidade. \u00c9 por isso tamb\u00e9m que envolve la\u00e7os afetivos. S\u00e3o fam\u00edlias inteiras dedicadas a manter estas agremia\u00e7\u00f5es e suas estruturas. Por isso, muitas das hist\u00f3rias de campe\u00e3o [&hellip;]","og_url":"https:\/\/folhapopular.info\/index.php\/2021\/03\/31\/fininho-titulo-para-celebrar-com-tres-geracoes\/","og_site_name":"Folha Popular","article_published_time":"2021-03-31T22:00:00+00:00","article_modified_time":"2021-04-01T09:48:31+00:00","og_image":[{"width":508,"height":800,"url":"https:\/\/folhapopular.info\/wp-content\/uploads\/2021\/03\/Tres-geracoes-da-Familia-Palm-no-Esperanca-Fininho-com-o-pai-d-e-o-avo-e-e-a-taca-do-titulo-de-2015-pelo-Esperanca_Arquivo-FP-scaled-e1617190166594.jpg","type":"image\/jpeg"}],"author":"Reda\u00e7\u00e3o Folha Popular","twitter_card":"summary_large_image","twitter_misc":{"Escrito por":"Reda\u00e7\u00e3o Folha Popular","Est. tempo de leitura":"6 minutos"},"schema":{"@context":"https:\/\/schema.org","@graph":[{"@type":"Article","@id":"https:\/\/folhapopular.info\/index.php\/2021\/03\/31\/fininho-titulo-para-celebrar-com-tres-geracoes\/#article","isPartOf":{"@id":"https:\/\/folhapopular.info\/index.php\/2021\/03\/31\/fininho-titulo-para-celebrar-com-tres-geracoes\/"},"author":{"name":"Reda\u00e7\u00e3o Folha Popular","@id":"https:\/\/folhapopular.info\/#\/schema\/person\/2814e8a0df7643585a9ca38bc6eb9d4b"},"headline":"Fininho: T\u00edtulo para celebrar com tr\u00eas gera\u00e7\u00f5es","datePublished":"2021-03-31T22:00:00+00:00","dateModified":"2021-04-01T09:48:31+00:00","mainEntityOfPage":{"@id":"https:\/\/folhapopular.info\/index.php\/2021\/03\/31\/fininho-titulo-para-celebrar-com-tres-geracoes\/"},"wordCount":1262,"commentCount":0,"image":{"@id":"https:\/\/folhapopular.info\/index.php\/2021\/03\/31\/fininho-titulo-para-celebrar-com-tres-geracoes\/#primaryimage"},"thumbnailUrl":"https:\/\/folhapopular.info\/wp-content\/uploads\/2021\/03\/Tres-geracoes-da-Familia-Palm-no-Esperanca-Fininho-com-o-pai-d-e-o-avo-e-e-a-taca-do-titulo-de-2015-pelo-Esperanca_Arquivo-FP-scaled-e1617190166594.jpg","keywords":["Esporte","Fininho","Hist\u00f3rias de campe\u00e3o","Teut\u00f4nia"],"articleSection":["Conte\u00fado Exclusivo","Esportes"],"inLanguage":"pt-BR","potentialAction":[{"@type":"CommentAction","name":"Comment","target":["https:\/\/folhapopular.info\/index.php\/2021\/03\/31\/fininho-titulo-para-celebrar-com-tres-geracoes\/#respond"]}]},{"@type":"WebPage","@id":"https:\/\/folhapopular.info\/index.php\/2021\/03\/31\/fininho-titulo-para-celebrar-com-tres-geracoes\/","url":"https:\/\/folhapopular.info\/index.php\/2021\/03\/31\/fininho-titulo-para-celebrar-com-tres-geracoes\/","name":"Fininho: T\u00edtulo para celebrar com tr\u00eas gera\u00e7\u00f5es - Folha Popular","isPartOf":{"@id":"https:\/\/folhapopular.info\/#website"},"primaryImageOfPage":{"@id":"https:\/\/folhapopular.info\/index.php\/2021\/03\/31\/fininho-titulo-para-celebrar-com-tres-geracoes\/#primaryimage"},"image":{"@id":"https:\/\/folhapopular.info\/index.php\/2021\/03\/31\/fininho-titulo-para-celebrar-com-tres-geracoes\/#primaryimage"},"thumbnailUrl":"https:\/\/folhapopular.info\/wp-content\/uploads\/2021\/03\/Tres-geracoes-da-Familia-Palm-no-Esperanca-Fininho-com-o-pai-d-e-o-avo-e-e-a-taca-do-titulo-de-2015-pelo-Esperanca_Arquivo-FP-scaled-e1617190166594.jpg","datePublished":"2021-03-31T22:00:00+00:00","dateModified":"2021-04-01T09:48:31+00:00","author":{"@id":"https:\/\/folhapopular.info\/#\/schema\/person\/2814e8a0df7643585a9ca38bc6eb9d4b"},"breadcrumb":{"@id":"https:\/\/folhapopular.info\/index.php\/2021\/03\/31\/fininho-titulo-para-celebrar-com-tres-geracoes\/#breadcrumb"},"inLanguage":"pt-BR","potentialAction":[{"@type":"ReadAction","target":["https:\/\/folhapopular.info\/index.php\/2021\/03\/31\/fininho-titulo-para-celebrar-com-tres-geracoes\/"]}]},{"@type":"ImageObject","inLanguage":"pt-BR","@id":"https:\/\/folhapopular.info\/index.php\/2021\/03\/31\/fininho-titulo-para-celebrar-com-tres-geracoes\/#primaryimage","url":"https:\/\/folhapopular.info\/wp-content\/uploads\/2021\/03\/Tres-geracoes-da-Familia-Palm-no-Esperanca-Fininho-com-o-pai-d-e-o-avo-e-e-a-taca-do-titulo-de-2015-pelo-Esperanca_Arquivo-FP-scaled-e1617190166594.jpg","contentUrl":"https:\/\/folhapopular.info\/wp-content\/uploads\/2021\/03\/Tres-geracoes-da-Familia-Palm-no-Esperanca-Fininho-com-o-pai-d-e-o-avo-e-e-a-taca-do-titulo-de-2015-pelo-Esperanca_Arquivo-FP-scaled-e1617190166594.jpg","width":508,"height":800,"caption":"Tr\u00eas gera\u00e7\u00f5es da Fam\u00edlia Palm no Esperan\u00e7a - Fininho com o pai (d) e o av\u00f4 (e) e a ta\u00e7a do t\u00edtulo de 2015 pelo Esperan\u00e7a \/ Cr\u00e9dito da foto: Arquivo FP"},{"@type":"BreadcrumbList","@id":"https:\/\/folhapopular.info\/index.php\/2021\/03\/31\/fininho-titulo-para-celebrar-com-tres-geracoes\/#breadcrumb","itemListElement":[{"@type":"ListItem","position":1,"name":"In\u00edcio","item":"https:\/\/folhapopular.info\/"},{"@type":"ListItem","position":2,"name":"Fininho: T\u00edtulo para celebrar com tr\u00eas gera\u00e7\u00f5es"}]},{"@type":"WebSite","@id":"https:\/\/folhapopular.info\/#website","url":"https:\/\/folhapopular.info\/","name":"Folha Popular","description":"Onde voc\u00ea tem vez e voz","potentialAction":[{"@type":"SearchAction","target":{"@type":"EntryPoint","urlTemplate":"https:\/\/folhapopular.info\/?s={search_term_string}"},"query-input":{"@type":"PropertyValueSpecification","valueRequired":true,"valueName":"search_term_string"}}],"inLanguage":"pt-BR"},{"@type":"Person","@id":"https:\/\/folhapopular.info\/#\/schema\/person\/2814e8a0df7643585a9ca38bc6eb9d4b","name":"Reda\u00e7\u00e3o Folha Popular","image":{"@type":"ImageObject","inLanguage":"pt-BR","@id":"https:\/\/folhapopular.info\/wp-content\/uploads\/2026\/04\/Folha-1.webp","url":"https:\/\/folhapopular.info\/wp-content\/uploads\/2026\/04\/Folha-1.webp","contentUrl":"https:\/\/folhapopular.info\/wp-content\/uploads\/2026\/04\/Folha-1.webp","caption":"Reda\u00e7\u00e3o Folha Popular"},"url":"https:\/\/folhapopular.info\/index.php\/author\/redacao\/"}]}},"jetpack_featured_media_url":"https:\/\/folhapopular.info\/wp-content\/uploads\/2021\/03\/Tres-geracoes-da-Familia-Palm-no-Esperanca-Fininho-com-o-pai-d-e-o-avo-e-e-a-taca-do-titulo-de-2015-pelo-Esperanca_Arquivo-FP-scaled-e1617190166594.jpg","jetpack_sharing_enabled":true,"amp_enabled":true,"_links":{"self":[{"href":"https:\/\/folhapopular.info\/index.php\/wp-json\/wp\/v2\/posts\/81651","targetHints":{"allow":["GET"]}}],"collection":[{"href":"https:\/\/folhapopular.info\/index.php\/wp-json\/wp\/v2\/posts"}],"about":[{"href":"https:\/\/folhapopular.info\/index.php\/wp-json\/wp\/v2\/types\/post"}],"author":[{"embeddable":true,"href":"https:\/\/folhapopular.info\/index.php\/wp-json\/wp\/v2\/users\/8"}],"replies":[{"embeddable":true,"href":"https:\/\/folhapopular.info\/index.php\/wp-json\/wp\/v2\/comments?post=81651"}],"version-history":[{"count":0,"href":"https:\/\/folhapopular.info\/index.php\/wp-json\/wp\/v2\/posts\/81651\/revisions"}],"wp:featuredmedia":[{"embeddable":true,"href":"https:\/\/folhapopular.info\/index.php\/wp-json\/wp\/v2\/media\/81652"}],"wp:attachment":[{"href":"https:\/\/folhapopular.info\/index.php\/wp-json\/wp\/v2\/media?parent=81651"}],"wp:term":[{"taxonomy":"category","embeddable":true,"href":"https:\/\/folhapopular.info\/index.php\/wp-json\/wp\/v2\/categories?post=81651"},{"taxonomy":"post_tag","embeddable":true,"href":"https:\/\/folhapopular.info\/index.php\/wp-json\/wp\/v2\/tags?post=81651"}],"curies":[{"name":"wp","href":"https:\/\/api.w.org\/{rel}","templated":true}]}}